{"id":131586,"date":"2022-04-11T14:20:22","date_gmt":"2022-04-11T13:20:22","guid":{"rendered":"https:\/\/radioljubuski.ba\/?p=131586"},"modified":"2022-04-11T14:20:22","modified_gmt":"2022-04-11T13:20:22","slug":"staresina-bi-li-europski-lideri-htjeli-agresiju-na-ukrajinu-proglasiti-ratom-zaracenih-strana","status":"publish","type":"post","link":"https:\/\/radioljubuski.ba\/index.php\/2022\/04\/11\/staresina-bi-li-europski-lideri-htjeli-agresiju-na-ukrajinu-proglasiti-ratom-zaracenih-strana\/","title":{"rendered":"Stare\u0161ina: Bi li europski lideri htjeli agresiju na Ukrajinu proglasiti \u2018ratom zara\u0107enih strana\u2019?"},"content":{"rendered":"\n<p>U prevladavaju\u0107oj globalnoj slici rata Ukrajina je dosad imala dvije zna\u010dajne prednosti. Prvo, vrhunskom medijskom prezentacijom ukrajinski predsjednik Volodimir Zelenski i njegov tim uspjeli su poslati jasnu poruku o ratu za slobodu koji (ukrajinski) David vodi protiv (ruskog) Golijata. I drugo, usko povezano s prvim, uspjeli su izbje\u0107i formulu \u201cdviju zara\u0107enih strana\u201d, koja je po\u010detak razvodnjavanja, brisanja granica izme\u0111u napada\u010da i napadnutih, uvod u banalizaciju uzroka rata i posljedica ruske agresije. Tako je barem dosad bilo.<\/p>\n\n\n\n<p>No bilo je pitanje trenutka kada \u0107e ekonomski pragmati\u010dnim zapadnim liderima ta slika postati neugodna. Kada \u0107e njema\u010dkog kancelara Olafa Scholza po\u010deti iritirati javne prozivke \u010dak i ni\u017eih ukrajinskih du\u017enosnika za grijehe njema\u010dke isto\u010dne politike. Jedno je kad Njema\u010dka pokajni\u010dki s najvi\u0161eg dr\u017eavnog vrha prizna svoje ruske grijehe. Ne\u0161to je sasvim drugo kad je na to podsje\u0107aju tamo neki Ukrajinci, kojima je bila namijenjena uloga tihe \u017ertve, u sklopu njema\u010dko-ruskih plinsko-naftnih aran\u017emana.<\/p>\n\n\n\n<h2 class=\"wp-block-heading\">Razvodnjavanje krivnje<\/h2>\n\n\n\n<p>Bilo je pitanje trenutka kad \u0107e jednog Emmanuela Macrona, koji je u izbornoj kampanji, po\u010deti iritirati prozivke poljskog premijera Mateusza Morawieckog zbog njegovih (Macronovih) mirovnih misija s Vladimirom Putinom, koje mogu pozitivno utjecati jedino na \u2013 Macronov izborni marketing. I na razvodnjavanje Putinove krivnje. Nadasve je neugodna spoznaja zapadnoeuropskih lidera da sna\u017enije energetske sankcije Rusiji (one na naftu) neugodno utje\u010du i na zapadnoeuropska gospodarstva, a ne samo na rusko, da ru\u0161e cijeli jedan gospodarski koncept utemeljen na ruskim energentima, koje ne\u0107e biti tako jednostavno nadoknaditi.<\/p>\n\n\n\n<p>Zapravo, najelegantnije bi bilo \u2013 odre\u0107i se ruskog kavijara. A ruski plin zaustaviti tako da ipak dotje\u010de. Dok o nafti jo\u0161 treba dobro razmisliti\u2026 To nala\u017ee ekonomski ratio. Ali za takav ekonomsko pragmati\u010dni pristup ruske invazije na Ukrajinu potrebno je rusko-ukrajinski rat iz \u010diste agresije s genocidnim elementima pretvoriti u \u2013 rat dviju strana. Kad umjesto napada\u010da i napadnutog u Ukrajini (ili bilo gdje drugdje) dobijete \u201czara\u0107ene strane\u201d, to vi\u0161e moralno ne obvezuje.<\/p>\n\n\n\n<p>Dvije su mi vijesti koje bi mogle voditi u smjeru postupnog stvaranja \u201czara\u0107enih strana\u201d u Ukrajinu zapele za oko posljednjih dana. Prvo, publicitet koji je dobio video koji (navodno) pokazuje kako ukrajinski vojnici ubijaju nekoliko ruskih ratnih zarobljenika. I drugo, publicitet koji je dobilo \u201cotkri\u0107e\u201d kako je njema\u010dki kancelar Scholz predlo\u017eio ukrajinskom predsjedniku Zelenskom prije ruske invazije da prihvati neutralnost Ukrajine, no on je inzistirao na \u010dlanstvu u NATO-u.<\/p>\n\n\n\n<h2 class=\"wp-block-heading\">Scholzov mirovni prijedlog<\/h2>\n\n\n\n<p>Vode\u0107i zapadni mediji uprije\u0161e se ovih dana dokazati da je videosnimka ubojstva nekoliko ruskih ratnih zarobljenika autenti\u010dna. Da odmah otklonim dvojbe: dakako da je ubojstvo ratnih zarobljenika kr\u0161enje ratnog humanitarnog prava, odnosno ratni zlo\u010din. I dakako da to ubojstvo treba istra\u017eiti i sankcionirati. Ali ipak se pitam nije li malo neproporcionalno toliko skretati pozornost na nekoliko ubijenih (navodno) ruskih ratnih zarobljenika u trenutku kad ruska vojska u Ukrajini sa zemljom sravnjuje ukrajinske gradove: Mariupolj, Bu\u010du, Borodianku\u2026 ostavljaju\u0107i za sobom masovne grobnice, \u201cnestale\u201d, silovane \u017eene?<\/p>\n\n\n\n<p>I ako su \u201ceksperti\u201d potvrdili autenti\u010dnost videa o ubojstvu ratnih zarobljenika, jesu li potvrdili i autenti\u010dnost njihovih uniformi? Nije li im mo\u017eda palo na pamet da je netko mogao zamijeniti uniforme i plasirati snimku u vrijeme kada ruska vojska \u010dini najte\u017ea zvjerstva u Ukrajini? Ba\u0161 onako kao \u0161to su nakon osvajanja i okupacije Vukovara KOS-ovi propagandisti JNA plasirali u zapadne medije (la\u017enu) pri\u010du o hladnjaku u kojem su na\u0161li pohranjene o\u010di \u010detrdesetero ubijene srpske djece, a snimke nesahranjenih hrvatskih vojnika i ubijenih civila plasirali kao slike Srba koje su ubili usta\u0161e. Voljela bih da se varam, ali \u010dini mi se da Ukrajina postupno po\u010dinje dobivati svoj Paulin Dvor, koji \u0107e kasnije vje\u0161ti (proruski) borci za ljudska prava izjedna\u010davati s Bu\u010dom i Mariupoljem, svoj Koranski most, koji \u0107e izjedna\u010davati sa spaljenom i etni\u010dki o\u010di\u0161\u0107enom ukrajinskom zemljom.<\/p>\n\n\n\n<p>U sli\u010dnom smjeru relativizacije ruske krivnje vodi i \u201cotkri\u0107e\u201d Scholzova mirovnog prijedloga Zelenskom. Ho\u0107e sugerirati da se ruska invazija Ukrajine, koju je Putin pripremao godinama, mogla izbje\u0107i samo da Zelenski nije bio tako neumjeren i da nije inzistirao na \u010dlanstvu u NATO-u. Da je prihvatio \u201cneutralnost\u201d Ukrajine. A tko bi mu jam\u010dio tu neutralnost? Vladimir Putin, u \u010dijem politi\u010dkom projektu Ukrajina ne postoji? Mo\u017eda Vladimir Putin i Olaf Scholz zajedno, odnosno Rusija i Njema\u010dka, koje su svojim energetskim aran\u017emanima dovele Ukrajinu, a perspektivno i druge isto\u010dnoeuropske dr\u017eave, u poziciju nacionalne i sigurnosne ugroze?<\/p>\n\n\n\n<p>Uz takvu \u201cneutralnost\u201d jo\u0161 bi mu preostalo tek da potpi\u0161e mali aneks u kojem \u0107e priznati svoje osobne i ukrajinske nacionalne neonacisti\u010dke sklonosti. Ako trebaju pisaca i broja\u010da grafita da bi se to potvrdilo, nema problema. Hrvatska im mo\u017ee poslati jednu uigranu nevladinu ekspediciju koja \u0107e im i napisati i prebrojiti sve \u0161to treba.<\/p>\n\n\n\n<p><a href=\"https:\/\/slobodnadalmacija.hr\/autor\/visnja-staresina-3227\">Pi\u0161e Vi\u0161nja Stare\u0161ina<\/a>\/slobodnadalmacija.hr<\/p>\n","protected":false},"excerpt":{"rendered":"<p>U prevladavaju\u0107oj globalnoj slici rata Ukrajina je dosad imala dvije zna\u010dajne prednosti. Prvo, vrhunskom medijskom prezentacijom ukrajinski predsjednik Volodimir Zelenski i njegov tim uspjeli su poslati jasnu poruku o ratu za slobodu koji (ukrajinski) David vodi protiv (ruskog) Golijata. I drugo, usko povezano s prvim, uspjeli su izbje\u0107i formulu \u201cdviju zara\u0107enih strana\u201d, koja je po\u010detak [&hellip;]<\/p>\n","protected":false},"author":2,"featured_media":29544,"comment_status":"closed","ping_status":"closed","sticky":false,"template":"","format":"standard","meta":{"h5ap_radio_sources":[],"footnotes":""},"categories":[1],"tags":[],"class_list":["post-131586","post","type-post","status-publish","format-standard","has-post-thumbnail","hentry","category-bihiregija"],"yoast_head":"<!-- This site is optimized with the Yoast SEO plugin v27.5 - https:\/\/yoast.com\/product\/yoast-seo-wordpress\/ -->\n<title>Stare\u0161ina: Bi li europski lideri htjeli agresiju na Ukrajinu proglasiti \u2018ratom zara\u0107enih strana\u2019? - RADIO LJUBU\u0160KI<\/title>\n<meta name=\"robots\" content=\"index, follow, max-snippet:-1, max-image-preview:large, max-video-preview:-1\" \/>\n<link rel=\"canonical\" href=\"https:\/\/radioljubuski.ba\/index.php\/2022\/04\/11\/staresina-bi-li-europski-lideri-htjeli-agresiju-na-ukrajinu-proglasiti-ratom-zaracenih-strana\/\" \/>\n<meta property=\"og:locale\" content=\"hr_HR\" \/>\n<meta property=\"og:type\" content=\"article\" \/>\n<meta property=\"og:title\" content=\"Stare\u0161ina: Bi li europski lideri htjeli agresiju na Ukrajinu proglasiti \u2018ratom zara\u0107enih strana\u2019? - RADIO LJUBU\u0160KI\" \/>\n<meta property=\"og:description\" content=\"U prevladavaju\u0107oj globalnoj slici rata Ukrajina je dosad imala dvije zna\u010dajne prednosti. Prvo, vrhunskom medijskom prezentacijom ukrajinski predsjednik Volodimir Zelenski i njegov tim uspjeli su poslati jasnu poruku o ratu za slobodu koji (ukrajinski) David vodi protiv (ruskog) Golijata. I drugo, usko povezano s prvim, uspjeli su izbje\u0107i formulu \u201cdviju zara\u0107enih strana\u201d, koja je po\u010detak [&hellip;]\" \/>\n<meta property=\"og:url\" content=\"https:\/\/radioljubuski.ba\/index.php\/2022\/04\/11\/staresina-bi-li-europski-lideri-htjeli-agresiju-na-ukrajinu-proglasiti-ratom-zaracenih-strana\/\" \/>\n<meta property=\"og:site_name\" content=\"RADIO LJUBU\u0160KI\" \/>\n<meta property=\"article:publisher\" content=\"https:\/\/www.facebook.com\/Radiio-Ljubuski-1490835324566332\" \/>\n<meta property=\"article:published_time\" content=\"2022-04-11T13:20:22+00:00\" \/>\n<meta property=\"og:image\" content=\"https:\/\/radioljubuski.ba\/wp-content\/uploads\/2021\/06\/visnja-staresina-735-735x400-1.jpg\" \/>\n\t<meta property=\"og:image:width\" content=\"735\" \/>\n\t<meta property=\"og:image:height\" content=\"400\" \/>\n\t<meta property=\"og:image:type\" content=\"image\/jpeg\" \/>\n<meta name=\"author\" content=\"Radio Ljubu\u0161ki\" \/>\n<meta name=\"twitter:card\" content=\"summary_large_image\" \/>\n<meta name=\"twitter:creator\" content=\"@radioljubuski\" \/>\n<meta name=\"twitter:site\" content=\"@radioljubuski\" \/>\n<meta name=\"twitter:label1\" content=\"Napisao\/la\" \/>\n\t<meta name=\"twitter:data1\" content=\"Radio Ljubu\u0161ki\" \/>\n\t<meta name=\"twitter:label2\" content=\"Procijenjeno vrijeme \u010ditanja\" \/>\n\t<meta name=\"twitter:data2\" content=\"4 minute\" \/>\n<script type=\"application\/ld+json\" class=\"yoast-schema-graph\">{\"@context\":\"https:\\\/\\\/schema.org\",\"@graph\":[{\"@type\":\"Article\",\"@id\":\"https:\\\/\\\/radioljubuski.ba\\\/index.php\\\/2022\\\/04\\\/11\\\/staresina-bi-li-europski-lideri-htjeli-agresiju-na-ukrajinu-proglasiti-ratom-zaracenih-strana\\\/#article\",\"isPartOf\":{\"@id\":\"https:\\\/\\\/radioljubuski.ba\\\/index.php\\\/2022\\\/04\\\/11\\\/staresina-bi-li-europski-lideri-htjeli-agresiju-na-ukrajinu-proglasiti-ratom-zaracenih-strana\\\/\"},\"author\":{\"name\":\"Radio Ljubu\u0161ki\",\"@id\":\"https:\\\/\\\/radioljubuski.ba\\\/#\\\/schema\\\/person\\\/19fc700381a780f69665d7956c469e3b\"},\"headline\":\"Stare\u0161ina: Bi li europski lideri htjeli agresiju na Ukrajinu proglasiti \u2018ratom zara\u0107enih strana\u2019?\",\"datePublished\":\"2022-04-11T13:20:22+00:00\",\"mainEntityOfPage\":{\"@id\":\"https:\\\/\\\/radioljubuski.ba\\\/index.php\\\/2022\\\/04\\\/11\\\/staresina-bi-li-europski-lideri-htjeli-agresiju-na-ukrajinu-proglasiti-ratom-zaracenih-strana\\\/\"},\"wordCount\":844,\"publisher\":{\"@id\":\"https:\\\/\\\/radioljubuski.ba\\\/#organization\"},\"image\":{\"@id\":\"https:\\\/\\\/radioljubuski.ba\\\/index.php\\\/2022\\\/04\\\/11\\\/staresina-bi-li-europski-lideri-htjeli-agresiju-na-ukrajinu-proglasiti-ratom-zaracenih-strana\\\/#primaryimage\"},\"thumbnailUrl\":\"https:\\\/\\\/radioljubuski.ba\\\/wp-content\\\/uploads\\\/2021\\\/06\\\/visnja-staresina-735-735x400-1.jpg\",\"articleSection\":[\"BIH i regija\"],\"inLanguage\":\"hr\"},{\"@type\":\"WebPage\",\"@id\":\"https:\\\/\\\/radioljubuski.ba\\\/index.php\\\/2022\\\/04\\\/11\\\/staresina-bi-li-europski-lideri-htjeli-agresiju-na-ukrajinu-proglasiti-ratom-zaracenih-strana\\\/\",\"url\":\"https:\\\/\\\/radioljubuski.ba\\\/index.php\\\/2022\\\/04\\\/11\\\/staresina-bi-li-europski-lideri-htjeli-agresiju-na-ukrajinu-proglasiti-ratom-zaracenih-strana\\\/\",\"name\":\"Stare\u0161ina: Bi li europski lideri htjeli agresiju na Ukrajinu proglasiti \u2018ratom zara\u0107enih strana\u2019? - RADIO LJUBU\u0160KI\",\"isPartOf\":{\"@id\":\"https:\\\/\\\/radioljubuski.ba\\\/#website\"},\"primaryImageOfPage\":{\"@id\":\"https:\\\/\\\/radioljubuski.ba\\\/index.php\\\/2022\\\/04\\\/11\\\/staresina-bi-li-europski-lideri-htjeli-agresiju-na-ukrajinu-proglasiti-ratom-zaracenih-strana\\\/#primaryimage\"},\"image\":{\"@id\":\"https:\\\/\\\/radioljubuski.ba\\\/index.php\\\/2022\\\/04\\\/11\\\/staresina-bi-li-europski-lideri-htjeli-agresiju-na-ukrajinu-proglasiti-ratom-zaracenih-strana\\\/#primaryimage\"},\"thumbnailUrl\":\"https:\\\/\\\/radioljubuski.ba\\\/wp-content\\\/uploads\\\/2021\\\/06\\\/visnja-staresina-735-735x400-1.jpg\",\"datePublished\":\"2022-04-11T13:20:22+00:00\",\"breadcrumb\":{\"@id\":\"https:\\\/\\\/radioljubuski.ba\\\/index.php\\\/2022\\\/04\\\/11\\\/staresina-bi-li-europski-lideri-htjeli-agresiju-na-ukrajinu-proglasiti-ratom-zaracenih-strana\\\/#breadcrumb\"},\"inLanguage\":\"hr\",\"potentialAction\":[{\"@type\":\"ReadAction\",\"target\":[\"https:\\\/\\\/radioljubuski.ba\\\/index.php\\\/2022\\\/04\\\/11\\\/staresina-bi-li-europski-lideri-htjeli-agresiju-na-ukrajinu-proglasiti-ratom-zaracenih-strana\\\/\"]}]},{\"@type\":\"ImageObject\",\"inLanguage\":\"hr\",\"@id\":\"https:\\\/\\\/radioljubuski.ba\\\/index.php\\\/2022\\\/04\\\/11\\\/staresina-bi-li-europski-lideri-htjeli-agresiju-na-ukrajinu-proglasiti-ratom-zaracenih-strana\\\/#primaryimage\",\"url\":\"https:\\\/\\\/radioljubuski.ba\\\/wp-content\\\/uploads\\\/2021\\\/06\\\/visnja-staresina-735-735x400-1.jpg\",\"contentUrl\":\"https:\\\/\\\/radioljubuski.ba\\\/wp-content\\\/uploads\\\/2021\\\/06\\\/visnja-staresina-735-735x400-1.jpg\",\"width\":735,\"height\":400},{\"@type\":\"BreadcrumbList\",\"@id\":\"https:\\\/\\\/radioljubuski.ba\\\/index.php\\\/2022\\\/04\\\/11\\\/staresina-bi-li-europski-lideri-htjeli-agresiju-na-ukrajinu-proglasiti-ratom-zaracenih-strana\\\/#breadcrumb\",\"itemListElement\":[{\"@type\":\"ListItem\",\"position\":1,\"name\":\"Po\u010detna stranica\",\"item\":\"https:\\\/\\\/radioljubuski.ba\\\/\"},{\"@type\":\"ListItem\",\"position\":2,\"name\":\"Stare\u0161ina: Bi li europski lideri htjeli agresiju na Ukrajinu proglasiti \u2018ratom zara\u0107enih strana\u2019?\"}]},{\"@type\":\"WebSite\",\"@id\":\"https:\\\/\\\/radioljubuski.ba\\\/#website\",\"url\":\"https:\\\/\\\/radioljubuski.ba\\\/\",\"name\":\"Radio Ljubu\u0161ki\",\"description\":\"Sun\u010dana frekvencija Hercegovine\",\"publisher\":{\"@id\":\"https:\\\/\\\/radioljubuski.ba\\\/#organization\"},\"potentialAction\":[{\"@type\":\"SearchAction\",\"target\":{\"@type\":\"EntryPoint\",\"urlTemplate\":\"https:\\\/\\\/radioljubuski.ba\\\/?s={search_term_string}\"},\"query-input\":{\"@type\":\"PropertyValueSpecification\",\"valueRequired\":true,\"valueName\":\"search_term_string\"}}],\"inLanguage\":\"hr\"},{\"@type\":\"Organization\",\"@id\":\"https:\\\/\\\/radioljubuski.ba\\\/#organization\",\"name\":\"Radio Ljubu\u0161ki\",\"url\":\"https:\\\/\\\/radioljubuski.ba\\\/\",\"logo\":{\"@type\":\"ImageObject\",\"inLanguage\":\"hr\",\"@id\":\"https:\\\/\\\/radioljubuski.ba\\\/#\\\/schema\\\/logo\\\/image\\\/\",\"url\":\"https:\\\/\\\/radioljubuski.ba\\\/wp-content\\\/uploads\\\/2021\\\/02\\\/cropped-Radio_Ljubuski_logo1.jpg\",\"contentUrl\":\"https:\\\/\\\/radioljubuski.ba\\\/wp-content\\\/uploads\\\/2021\\\/02\\\/cropped-Radio_Ljubuski_logo1.jpg\",\"width\":512,\"height\":512,\"caption\":\"Radio Ljubu\u0161ki\"},\"image\":{\"@id\":\"https:\\\/\\\/radioljubuski.ba\\\/#\\\/schema\\\/logo\\\/image\\\/\"},\"sameAs\":[\"https:\\\/\\\/www.facebook.com\\\/Radiio-Ljubuski-1490835324566332\",\"https:\\\/\\\/x.com\\\/radioljubuski\",\"https:\\\/\\\/hr.linkedin.com\\\/company\\\/radio-ljubuski\",\"https:\\\/\\\/www.youtube.com\\\/channel\\\/UCHYaeO_n0Db3tjNGudGpXyw\"]},{\"@type\":\"Person\",\"@id\":\"https:\\\/\\\/radioljubuski.ba\\\/#\\\/schema\\\/person\\\/19fc700381a780f69665d7956c469e3b\",\"name\":\"Radio Ljubu\u0161ki\"}]}<\/script>\n<!-- \/ Yoast SEO plugin. -->","yoast_head_json":{"title":"Stare\u0161ina: Bi li europski lideri htjeli agresiju na Ukrajinu proglasiti \u2018ratom zara\u0107enih strana\u2019? - RADIO LJUBU\u0160KI","robots":{"index":"index","follow":"follow","max-snippet":"max-snippet:-1","max-image-preview":"max-image-preview:large","max-video-preview":"max-video-preview:-1"},"canonical":"https:\/\/radioljubuski.ba\/index.php\/2022\/04\/11\/staresina-bi-li-europski-lideri-htjeli-agresiju-na-ukrajinu-proglasiti-ratom-zaracenih-strana\/","og_locale":"hr_HR","og_type":"article","og_title":"Stare\u0161ina: Bi li europski lideri htjeli agresiju na Ukrajinu proglasiti \u2018ratom zara\u0107enih strana\u2019? - RADIO LJUBU\u0160KI","og_description":"U prevladavaju\u0107oj globalnoj slici rata Ukrajina je dosad imala dvije zna\u010dajne prednosti. Prvo, vrhunskom medijskom prezentacijom ukrajinski predsjednik Volodimir Zelenski i njegov tim uspjeli su poslati jasnu poruku o ratu za slobodu koji (ukrajinski) David vodi protiv (ruskog) Golijata. I drugo, usko povezano s prvim, uspjeli su izbje\u0107i formulu \u201cdviju zara\u0107enih strana\u201d, koja je po\u010detak [&hellip;]","og_url":"https:\/\/radioljubuski.ba\/index.php\/2022\/04\/11\/staresina-bi-li-europski-lideri-htjeli-agresiju-na-ukrajinu-proglasiti-ratom-zaracenih-strana\/","og_site_name":"RADIO LJUBU\u0160KI","article_publisher":"https:\/\/www.facebook.com\/Radiio-Ljubuski-1490835324566332","article_published_time":"2022-04-11T13:20:22+00:00","og_image":[{"width":735,"height":400,"url":"https:\/\/radioljubuski.ba\/wp-content\/uploads\/2021\/06\/visnja-staresina-735-735x400-1.jpg","type":"image\/jpeg"}],"author":"Radio Ljubu\u0161ki","twitter_card":"summary_large_image","twitter_creator":"@radioljubuski","twitter_site":"@radioljubuski","twitter_misc":{"Napisao\/la":"Radio Ljubu\u0161ki","Procijenjeno vrijeme \u010ditanja":"4 minute"},"schema":{"@context":"https:\/\/schema.org","@graph":[{"@type":"Article","@id":"https:\/\/radioljubuski.ba\/index.php\/2022\/04\/11\/staresina-bi-li-europski-lideri-htjeli-agresiju-na-ukrajinu-proglasiti-ratom-zaracenih-strana\/#article","isPartOf":{"@id":"https:\/\/radioljubuski.ba\/index.php\/2022\/04\/11\/staresina-bi-li-europski-lideri-htjeli-agresiju-na-ukrajinu-proglasiti-ratom-zaracenih-strana\/"},"author":{"name":"Radio Ljubu\u0161ki","@id":"https:\/\/radioljubuski.ba\/#\/schema\/person\/19fc700381a780f69665d7956c469e3b"},"headline":"Stare\u0161ina: Bi li europski lideri htjeli agresiju na Ukrajinu proglasiti \u2018ratom zara\u0107enih strana\u2019?","datePublished":"2022-04-11T13:20:22+00:00","mainEntityOfPage":{"@id":"https:\/\/radioljubuski.ba\/index.php\/2022\/04\/11\/staresina-bi-li-europski-lideri-htjeli-agresiju-na-ukrajinu-proglasiti-ratom-zaracenih-strana\/"},"wordCount":844,"publisher":{"@id":"https:\/\/radioljubuski.ba\/#organization"},"image":{"@id":"https:\/\/radioljubuski.ba\/index.php\/2022\/04\/11\/staresina-bi-li-europski-lideri-htjeli-agresiju-na-ukrajinu-proglasiti-ratom-zaracenih-strana\/#primaryimage"},"thumbnailUrl":"https:\/\/radioljubuski.ba\/wp-content\/uploads\/2021\/06\/visnja-staresina-735-735x400-1.jpg","articleSection":["BIH i regija"],"inLanguage":"hr"},{"@type":"WebPage","@id":"https:\/\/radioljubuski.ba\/index.php\/2022\/04\/11\/staresina-bi-li-europski-lideri-htjeli-agresiju-na-ukrajinu-proglasiti-ratom-zaracenih-strana\/","url":"https:\/\/radioljubuski.ba\/index.php\/2022\/04\/11\/staresina-bi-li-europski-lideri-htjeli-agresiju-na-ukrajinu-proglasiti-ratom-zaracenih-strana\/","name":"Stare\u0161ina: Bi li europski lideri htjeli agresiju na Ukrajinu proglasiti \u2018ratom zara\u0107enih strana\u2019? - RADIO LJUBU\u0160KI","isPartOf":{"@id":"https:\/\/radioljubuski.ba\/#website"},"primaryImageOfPage":{"@id":"https:\/\/radioljubuski.ba\/index.php\/2022\/04\/11\/staresina-bi-li-europski-lideri-htjeli-agresiju-na-ukrajinu-proglasiti-ratom-zaracenih-strana\/#primaryimage"},"image":{"@id":"https:\/\/radioljubuski.ba\/index.php\/2022\/04\/11\/staresina-bi-li-europski-lideri-htjeli-agresiju-na-ukrajinu-proglasiti-ratom-zaracenih-strana\/#primaryimage"},"thumbnailUrl":"https:\/\/radioljubuski.ba\/wp-content\/uploads\/2021\/06\/visnja-staresina-735-735x400-1.jpg","datePublished":"2022-04-11T13:20:22+00:00","breadcrumb":{"@id":"https:\/\/radioljubuski.ba\/index.php\/2022\/04\/11\/staresina-bi-li-europski-lideri-htjeli-agresiju-na-ukrajinu-proglasiti-ratom-zaracenih-strana\/#breadcrumb"},"inLanguage":"hr","potentialAction":[{"@type":"ReadAction","target":["https:\/\/radioljubuski.ba\/index.php\/2022\/04\/11\/staresina-bi-li-europski-lideri-htjeli-agresiju-na-ukrajinu-proglasiti-ratom-zaracenih-strana\/"]}]},{"@type":"ImageObject","inLanguage":"hr","@id":"https:\/\/radioljubuski.ba\/index.php\/2022\/04\/11\/staresina-bi-li-europski-lideri-htjeli-agresiju-na-ukrajinu-proglasiti-ratom-zaracenih-strana\/#primaryimage","url":"https:\/\/radioljubuski.ba\/wp-content\/uploads\/2021\/06\/visnja-staresina-735-735x400-1.jpg","contentUrl":"https:\/\/radioljubuski.ba\/wp-content\/uploads\/2021\/06\/visnja-staresina-735-735x400-1.jpg","width":735,"height":400},{"@type":"BreadcrumbList","@id":"https:\/\/radioljubuski.ba\/index.php\/2022\/04\/11\/staresina-bi-li-europski-lideri-htjeli-agresiju-na-ukrajinu-proglasiti-ratom-zaracenih-strana\/#breadcrumb","itemListElement":[{"@type":"ListItem","position":1,"name":"Po\u010detna stranica","item":"https:\/\/radioljubuski.ba\/"},{"@type":"ListItem","position":2,"name":"Stare\u0161ina: Bi li europski lideri htjeli agresiju na Ukrajinu proglasiti \u2018ratom zara\u0107enih strana\u2019?"}]},{"@type":"WebSite","@id":"https:\/\/radioljubuski.ba\/#website","url":"https:\/\/radioljubuski.ba\/","name":"Radio Ljubu\u0161ki","description":"Sun\u010dana frekvencija Hercegovine","publisher":{"@id":"https:\/\/radioljubuski.ba\/#organization"},"potentialAction":[{"@type":"SearchAction","target":{"@type":"EntryPoint","urlTemplate":"https:\/\/radioljubuski.ba\/?s={search_term_string}"},"query-input":{"@type":"PropertyValueSpecification","valueRequired":true,"valueName":"search_term_string"}}],"inLanguage":"hr"},{"@type":"Organization","@id":"https:\/\/radioljubuski.ba\/#organization","name":"Radio Ljubu\u0161ki","url":"https:\/\/radioljubuski.ba\/","logo":{"@type":"ImageObject","inLanguage":"hr","@id":"https:\/\/radioljubuski.ba\/#\/schema\/logo\/image\/","url":"https:\/\/radioljubuski.ba\/wp-content\/uploads\/2021\/02\/cropped-Radio_Ljubuski_logo1.jpg","contentUrl":"https:\/\/radioljubuski.ba\/wp-content\/uploads\/2021\/02\/cropped-Radio_Ljubuski_logo1.jpg","width":512,"height":512,"caption":"Radio Ljubu\u0161ki"},"image":{"@id":"https:\/\/radioljubuski.ba\/#\/schema\/logo\/image\/"},"sameAs":["https:\/\/www.facebook.com\/Radiio-Ljubuski-1490835324566332","https:\/\/x.com\/radioljubuski","https:\/\/hr.linkedin.com\/company\/radio-ljubuski","https:\/\/www.youtube.com\/channel\/UCHYaeO_n0Db3tjNGudGpXyw"]},{"@type":"Person","@id":"https:\/\/radioljubuski.ba\/#\/schema\/person\/19fc700381a780f69665d7956c469e3b","name":"Radio Ljubu\u0161ki"}]}},"_links":{"self":[{"href":"https:\/\/radioljubuski.ba\/index.php\/wp-json\/wp\/v2\/posts\/131586","targetHints":{"allow":["GET"]}}],"collection":[{"href":"https:\/\/radioljubuski.ba\/index.php\/wp-json\/wp\/v2\/posts"}],"about":[{"href":"https:\/\/radioljubuski.ba\/index.php\/wp-json\/wp\/v2\/types\/post"}],"author":[{"embeddable":true,"href":"https:\/\/radioljubuski.ba\/index.php\/wp-json\/wp\/v2\/users\/2"}],"replies":[{"embeddable":true,"href":"https:\/\/radioljubuski.ba\/index.php\/wp-json\/wp\/v2\/comments?post=131586"}],"version-history":[{"count":1,"href":"https:\/\/radioljubuski.ba\/index.php\/wp-json\/wp\/v2\/posts\/131586\/revisions"}],"predecessor-version":[{"id":131587,"href":"https:\/\/radioljubuski.ba\/index.php\/wp-json\/wp\/v2\/posts\/131586\/revisions\/131587"}],"wp:featuredmedia":[{"embeddable":true,"href":"https:\/\/radioljubuski.ba\/index.php\/wp-json\/wp\/v2\/media\/29544"}],"wp:attachment":[{"href":"https:\/\/radioljubuski.ba\/index.php\/wp-json\/wp\/v2\/media?parent=131586"}],"wp:term":[{"taxonomy":"category","embeddable":true,"href":"https:\/\/radioljubuski.ba\/index.php\/wp-json\/wp\/v2\/categories?post=131586"},{"taxonomy":"post_tag","embeddable":true,"href":"https:\/\/radioljubuski.ba\/index.php\/wp-json\/wp\/v2\/tags?post=131586"}],"curies":[{"name":"wp","href":"https:\/\/api.w.org\/{rel}","templated":true}]}}