{"id":131591,"date":"2022-04-11T14:22:39","date_gmt":"2022-04-11T13:22:39","guid":{"rendered":"https:\/\/radioljubuski.ba\/?p=131591"},"modified":"2022-04-11T14:22:40","modified_gmt":"2022-04-11T13:22:40","slug":"macron-krece-po-glasove-ljevice-a-europa-zabrinuta","status":"publish","type":"post","link":"https:\/\/radioljubuski.ba\/index.php\/2022\/04\/11\/macron-krece-po-glasove-ljevice-a-europa-zabrinuta\/","title":{"rendered":"Macron kre\u0107e po glasove ljevice, a Europa zabrinuta"},"content":{"rendered":"\n<p>Nakon prvog&nbsp;kruga francuskih predsjedni\u010dkih izbora, aktualni \u0161ef dr\u017eave Emmanuel Macron kre\u0107e po glasove&nbsp;ljevice kako bi u drugom krugu imao ve\u0107e izglede u srazu s \u010delnicom krajnje desnice koja mu je za petama i zbog koje neki u Europskoj uniji&nbsp; izra\u017eavaju zabrinutost.<\/p>\n\n\n\n<p>Predsjednik Macron u ponedjeljak odlazi u lov na glasove u samo srce industrije u sjevernoj&nbsp;Francuskoj, upori\u0161te radni\u0161tva, ali i njegove protivnice Le Pen s kojom \u0107e se suo\u010diti u drugom krugu izbora 24. travnja.<\/p>\n\n\n\n<p>Ankete predvi\u0111aju vrlo tijesan drugi krug, a prema jednoj od anketa Macron dobiva 51 posto glasova, a Le Pen 49 posto, no razlika je tako malena da \u0107e pobjeda, kome god pripala, biti minimalna.<\/p>\n\n\n\n<p>Po drugoj anketi koju je objavio u ponedjeljak Opinionway-Kea&nbsp;za Ehos i Radio classique Macron&nbsp;pobje\u0111uje Le Pen s 55 posto glasova, prenosi agencija Rueters.<\/p>\n\n\n\n<p><strong>O\u0161tre kritike razlomljenoj ljevici<\/strong><\/p>\n\n\n\n<p>Klju\u010dnu ulogu u ishodu izbora odigrat \u0107e glasa\u010di ljevice.<\/p>\n\n\n\n<p>\u010celnik krajnje ljevice Jean-Luc Melenchon je svojim prista\u0161ama rekao da niti jedan glas ne bi smio oti\u0107i krajnjoj desnici, ali je propustio podr\u017eati Macrona.<\/p>\n\n\n\n<p>Macron u utorak putuje u Strasbourg gdje je Melenchon ostvario jako dobar rezultat.<\/p>\n\n\n\n<p>Predsjednik \u0107e trebati &#8220;potra\u017eiti bira\u010de ljevice i ekologa, jednog po jednog&#8221;,&nbsp;upozorila je \u010dlanica Zelenih Sandrine Rousseau. U suprotnom, ne\u0107e pro\u0107i, dodala je.<\/p>\n\n\n\n<p>Utjecajna socijalisti\u010dka politi\u010darka S\u00e9gol\u00e8ne Royal je ocijenila da je za uspjeh Le Pen kriva razlomljena francuska ljevica koja se nije ujedinila oko jednog kandidata.<\/p>\n\n\n\n<p>Usprkos tome \u0161to su ankete pokazale da ne u\u017eivaju gotovo nikakvu popularnost, nekoliko kandidata ljevice&nbsp;odlu\u010dilo je iza\u0107i na izbore samo zbog svog ega, rekla je Royal &nbsp;dodav\u0161i da su dobili manje od pet&nbsp;posto glasova.<\/p>\n\n\n\n<p>&#8220;Da su se povukli iz utrke imali bismo Melenchona u drugom krugu izbora i u Francuskoj bi se vodila klju\u010dna rasprava o pravom izboru izme\u0111u vrijednosti i strategija&#8221;, rekla je Royal.<\/p>\n\n\n\n<p><strong>Apel za opstanak republikanske desnice<\/strong><\/p>\n\n\n\n<p>Francuska konzervativna kandidatkinja Valerie Pecresse pozvala je u ponedjeljak na donacije za svoju predizbornu kampanju &#8220;radi opstanka republikanske desnice&#8221;,&nbsp;dan po\u0161to je pora\u017eena u prvom krugu predsjedni\u010dkih izbora.<\/p>\n\n\n\n<p>Pecresse je osvojila samo 4,8 posto, a predizborne ankete prognozirale su da \u0107e dobiti 8,5 i 10 posto glasova.<\/p>\n\n\n\n<p>Da je rezultat bio iznad pet posto, Pecresse koja je i sama du\u017ena pet milijuna eura, imala bi pravo na dr\u017eavnu naknadu do sedam&nbsp;milijuna eura.<\/p>\n\n\n\n<p>Luksembur\u0161ki \u0161ef diplomacije Jean Asselborn ocijenio je da je mogu\u0107nost da pobjedu na francuskim predsjedni\u010dkim izborima odnese krajnja desnica&nbsp;zabrinjavaju\u0107a za EU te da se nada da do toga ne\u0107e do\u0107i.<\/p>\n\n\n\n<p><strong>Zabrinuti Luksemburg<\/strong><\/p>\n\n\n\n<p>&#8220;Jako sam zabrinut. Nadam se da ne\u0107emo dobiti Le Pen u Europskoj uniji kao predsjednicu Francuske. To ne bi bio samo odmak od klju\u010dnih&nbsp;vrijednosti Unije&nbsp;nego bi potpuno promijenio njezin smjer. Francuzi to moraju sprije\u010diti&#8221;, rekao je&nbsp; Asselborn.<\/p>\n\n\n\n<p>Macron je po djelomi\u010dnim slu\u017ebenim rezultatima nakon prebrojanih 38&nbsp;milijuna glasova dobio 27,4 posto,&nbsp;ispred kandidatkinje&nbsp;desni\u010darskog Nacionalnog okupljanja (RN) Le Pen koja je dobila 25,54 posto.<\/p>\n\n\n\n<p>Izvor:pogled.ba<\/p>\n","protected":false},"excerpt":{"rendered":"<p>Nakon prvog&nbsp;kruga francuskih predsjedni\u010dkih izbora, aktualni \u0161ef dr\u017eave Emmanuel Macron kre\u0107e po glasove&nbsp;ljevice kako bi u drugom krugu imao ve\u0107e izglede u srazu s \u010delnicom krajnje desnice koja mu je za petama i zbog koje neki u Europskoj uniji&nbsp; izra\u017eavaju zabrinutost. Predsjednik Macron u ponedjeljak odlazi u lov na glasove u samo srce industrije u [&hellip;]<\/p>\n","protected":false},"author":2,"featured_media":94584,"comment_status":"closed","ping_status":"closed","sticky":false,"template":"","format":"standard","meta":{"h5ap_radio_sources":[],"footnotes":""},"categories":[1],"tags":[],"class_list":["post-131591","post","type-post","status-publish","format-standard","has-post-thumbnail","hentry","category-bihiregija"],"yoast_head":"<!-- This site is optimized with the Yoast SEO plugin v27.5 - https:\/\/yoast.com\/product\/yoast-seo-wordpress\/ -->\n<title>Macron kre\u0107e po glasove ljevice, a Europa zabrinuta - RADIO LJUBU\u0160KI<\/title>\n<meta name=\"robots\" content=\"index, follow, max-snippet:-1, max-image-preview:large, max-video-preview:-1\" \/>\n<link rel=\"canonical\" href=\"https:\/\/radioljubuski.ba\/index.php\/2022\/04\/11\/macron-krece-po-glasove-ljevice-a-europa-zabrinuta\/\" \/>\n<meta property=\"og:locale\" content=\"hr_HR\" \/>\n<meta property=\"og:type\" content=\"article\" \/>\n<meta property=\"og:title\" content=\"Macron kre\u0107e po glasove ljevice, a Europa zabrinuta - RADIO LJUBU\u0160KI\" \/>\n<meta property=\"og:description\" content=\"Nakon prvog&nbsp;kruga francuskih predsjedni\u010dkih izbora, aktualni \u0161ef dr\u017eave Emmanuel Macron kre\u0107e po glasove&nbsp;ljevice kako bi u drugom krugu imao ve\u0107e izglede u srazu s \u010delnicom krajnje desnice koja mu je za petama i zbog koje neki u Europskoj uniji&nbsp; izra\u017eavaju zabrinutost. Predsjednik Macron u ponedjeljak odlazi u lov na glasove u samo srce industrije u [&hellip;]\" \/>\n<meta property=\"og:url\" content=\"https:\/\/radioljubuski.ba\/index.php\/2022\/04\/11\/macron-krece-po-glasove-ljevice-a-europa-zabrinuta\/\" \/>\n<meta property=\"og:site_name\" content=\"RADIO LJUBU\u0160KI\" \/>\n<meta property=\"article:publisher\" content=\"https:\/\/www.facebook.com\/Radiio-Ljubuski-1490835324566332\" \/>\n<meta property=\"article:published_time\" content=\"2022-04-11T13:22:39+00:00\" \/>\n<meta property=\"article:modified_time\" content=\"2022-04-11T13:22:40+00:00\" \/>\n<meta property=\"og:image\" content=\"https:\/\/radioljubuski.ba\/wp-content\/uploads\/2021\/12\/6fScvGdH_macron.jpg\" \/>\n\t<meta property=\"og:image:width\" content=\"1000\" \/>\n\t<meta property=\"og:image:height\" content=\"625\" \/>\n\t<meta property=\"og:image:type\" content=\"image\/jpeg\" \/>\n<meta name=\"author\" content=\"Radio Ljubu\u0161ki\" \/>\n<meta name=\"twitter:card\" content=\"summary_large_image\" \/>\n<meta name=\"twitter:creator\" content=\"@radioljubuski\" \/>\n<meta name=\"twitter:site\" content=\"@radioljubuski\" \/>\n<meta name=\"twitter:label1\" content=\"Napisao\/la\" \/>\n\t<meta name=\"twitter:data1\" content=\"Radio Ljubu\u0161ki\" \/>\n\t<meta name=\"twitter:label2\" content=\"Procijenjeno vrijeme \u010ditanja\" \/>\n\t<meta name=\"twitter:data2\" content=\"3 minute\" \/>\n<script type=\"application\/ld+json\" class=\"yoast-schema-graph\">{\"@context\":\"https:\\\/\\\/schema.org\",\"@graph\":[{\"@type\":\"Article\",\"@id\":\"https:\\\/\\\/radioljubuski.ba\\\/index.php\\\/2022\\\/04\\\/11\\\/macron-krece-po-glasove-ljevice-a-europa-zabrinuta\\\/#article\",\"isPartOf\":{\"@id\":\"https:\\\/\\\/radioljubuski.ba\\\/index.php\\\/2022\\\/04\\\/11\\\/macron-krece-po-glasove-ljevice-a-europa-zabrinuta\\\/\"},\"author\":{\"name\":\"Radio Ljubu\u0161ki\",\"@id\":\"https:\\\/\\\/radioljubuski.ba\\\/#\\\/schema\\\/person\\\/19fc700381a780f69665d7956c469e3b\"},\"headline\":\"Macron kre\u0107e po glasove ljevice, a Europa zabrinuta\",\"datePublished\":\"2022-04-11T13:22:39+00:00\",\"dateModified\":\"2022-04-11T13:22:40+00:00\",\"mainEntityOfPage\":{\"@id\":\"https:\\\/\\\/radioljubuski.ba\\\/index.php\\\/2022\\\/04\\\/11\\\/macron-krece-po-glasove-ljevice-a-europa-zabrinuta\\\/\"},\"wordCount\":546,\"publisher\":{\"@id\":\"https:\\\/\\\/radioljubuski.ba\\\/#organization\"},\"image\":{\"@id\":\"https:\\\/\\\/radioljubuski.ba\\\/index.php\\\/2022\\\/04\\\/11\\\/macron-krece-po-glasove-ljevice-a-europa-zabrinuta\\\/#primaryimage\"},\"thumbnailUrl\":\"https:\\\/\\\/radioljubuski.ba\\\/wp-content\\\/uploads\\\/2021\\\/12\\\/6fScvGdH_macron.jpg\",\"articleSection\":[\"BIH i regija\"],\"inLanguage\":\"hr\"},{\"@type\":\"WebPage\",\"@id\":\"https:\\\/\\\/radioljubuski.ba\\\/index.php\\\/2022\\\/04\\\/11\\\/macron-krece-po-glasove-ljevice-a-europa-zabrinuta\\\/\",\"url\":\"https:\\\/\\\/radioljubuski.ba\\\/index.php\\\/2022\\\/04\\\/11\\\/macron-krece-po-glasove-ljevice-a-europa-zabrinuta\\\/\",\"name\":\"Macron kre\u0107e po glasove ljevice, a Europa zabrinuta - RADIO LJUBU\u0160KI\",\"isPartOf\":{\"@id\":\"https:\\\/\\\/radioljubuski.ba\\\/#website\"},\"primaryImageOfPage\":{\"@id\":\"https:\\\/\\\/radioljubuski.ba\\\/index.php\\\/2022\\\/04\\\/11\\\/macron-krece-po-glasove-ljevice-a-europa-zabrinuta\\\/#primaryimage\"},\"image\":{\"@id\":\"https:\\\/\\\/radioljubuski.ba\\\/index.php\\\/2022\\\/04\\\/11\\\/macron-krece-po-glasove-ljevice-a-europa-zabrinuta\\\/#primaryimage\"},\"thumbnailUrl\":\"https:\\\/\\\/radioljubuski.ba\\\/wp-content\\\/uploads\\\/2021\\\/12\\\/6fScvGdH_macron.jpg\",\"datePublished\":\"2022-04-11T13:22:39+00:00\",\"dateModified\":\"2022-04-11T13:22:40+00:00\",\"breadcrumb\":{\"@id\":\"https:\\\/\\\/radioljubuski.ba\\\/index.php\\\/2022\\\/04\\\/11\\\/macron-krece-po-glasove-ljevice-a-europa-zabrinuta\\\/#breadcrumb\"},\"inLanguage\":\"hr\",\"potentialAction\":[{\"@type\":\"ReadAction\",\"target\":[\"https:\\\/\\\/radioljubuski.ba\\\/index.php\\\/2022\\\/04\\\/11\\\/macron-krece-po-glasove-ljevice-a-europa-zabrinuta\\\/\"]}]},{\"@type\":\"ImageObject\",\"inLanguage\":\"hr\",\"@id\":\"https:\\\/\\\/radioljubuski.ba\\\/index.php\\\/2022\\\/04\\\/11\\\/macron-krece-po-glasove-ljevice-a-europa-zabrinuta\\\/#primaryimage\",\"url\":\"https:\\\/\\\/radioljubuski.ba\\\/wp-content\\\/uploads\\\/2021\\\/12\\\/6fScvGdH_macron.jpg\",\"contentUrl\":\"https:\\\/\\\/radioljubuski.ba\\\/wp-content\\\/uploads\\\/2021\\\/12\\\/6fScvGdH_macron.jpg\",\"width\":1000,\"height\":625},{\"@type\":\"BreadcrumbList\",\"@id\":\"https:\\\/\\\/radioljubuski.ba\\\/index.php\\\/2022\\\/04\\\/11\\\/macron-krece-po-glasove-ljevice-a-europa-zabrinuta\\\/#breadcrumb\",\"itemListElement\":[{\"@type\":\"ListItem\",\"position\":1,\"name\":\"Po\u010detna stranica\",\"item\":\"https:\\\/\\\/radioljubuski.ba\\\/\"},{\"@type\":\"ListItem\",\"position\":2,\"name\":\"Macron kre\u0107e po glasove ljevice, a Europa zabrinuta\"}]},{\"@type\":\"WebSite\",\"@id\":\"https:\\\/\\\/radioljubuski.ba\\\/#website\",\"url\":\"https:\\\/\\\/radioljubuski.ba\\\/\",\"name\":\"Radio Ljubu\u0161ki\",\"description\":\"Sun\u010dana frekvencija Hercegovine\",\"publisher\":{\"@id\":\"https:\\\/\\\/radioljubuski.ba\\\/#organization\"},\"potentialAction\":[{\"@type\":\"SearchAction\",\"target\":{\"@type\":\"EntryPoint\",\"urlTemplate\":\"https:\\\/\\\/radioljubuski.ba\\\/?s={search_term_string}\"},\"query-input\":{\"@type\":\"PropertyValueSpecification\",\"valueRequired\":true,\"valueName\":\"search_term_string\"}}],\"inLanguage\":\"hr\"},{\"@type\":\"Organization\",\"@id\":\"https:\\\/\\\/radioljubuski.ba\\\/#organization\",\"name\":\"Radio Ljubu\u0161ki\",\"url\":\"https:\\\/\\\/radioljubuski.ba\\\/\",\"logo\":{\"@type\":\"ImageObject\",\"inLanguage\":\"hr\",\"@id\":\"https:\\\/\\\/radioljubuski.ba\\\/#\\\/schema\\\/logo\\\/image\\\/\",\"url\":\"https:\\\/\\\/radioljubuski.ba\\\/wp-content\\\/uploads\\\/2021\\\/02\\\/cropped-Radio_Ljubuski_logo1.jpg\",\"contentUrl\":\"https:\\\/\\\/radioljubuski.ba\\\/wp-content\\\/uploads\\\/2021\\\/02\\\/cropped-Radio_Ljubuski_logo1.jpg\",\"width\":512,\"height\":512,\"caption\":\"Radio Ljubu\u0161ki\"},\"image\":{\"@id\":\"https:\\\/\\\/radioljubuski.ba\\\/#\\\/schema\\\/logo\\\/image\\\/\"},\"sameAs\":[\"https:\\\/\\\/www.facebook.com\\\/Radiio-Ljubuski-1490835324566332\",\"https:\\\/\\\/x.com\\\/radioljubuski\",\"https:\\\/\\\/hr.linkedin.com\\\/company\\\/radio-ljubuski\",\"https:\\\/\\\/www.youtube.com\\\/channel\\\/UCHYaeO_n0Db3tjNGudGpXyw\"]},{\"@type\":\"Person\",\"@id\":\"https:\\\/\\\/radioljubuski.ba\\\/#\\\/schema\\\/person\\\/19fc700381a780f69665d7956c469e3b\",\"name\":\"Radio Ljubu\u0161ki\"}]}<\/script>\n<!-- \/ Yoast SEO plugin. -->","yoast_head_json":{"title":"Macron kre\u0107e po glasove ljevice, a Europa zabrinuta - RADIO LJUBU\u0160KI","robots":{"index":"index","follow":"follow","max-snippet":"max-snippet:-1","max-image-preview":"max-image-preview:large","max-video-preview":"max-video-preview:-1"},"canonical":"https:\/\/radioljubuski.ba\/index.php\/2022\/04\/11\/macron-krece-po-glasove-ljevice-a-europa-zabrinuta\/","og_locale":"hr_HR","og_type":"article","og_title":"Macron kre\u0107e po glasove ljevice, a Europa zabrinuta - RADIO LJUBU\u0160KI","og_description":"Nakon prvog&nbsp;kruga francuskih predsjedni\u010dkih izbora, aktualni \u0161ef dr\u017eave Emmanuel Macron kre\u0107e po glasove&nbsp;ljevice kako bi u drugom krugu imao ve\u0107e izglede u srazu s \u010delnicom krajnje desnice koja mu je za petama i zbog koje neki u Europskoj uniji&nbsp; izra\u017eavaju zabrinutost. Predsjednik Macron u ponedjeljak odlazi u lov na glasove u samo srce industrije u [&hellip;]","og_url":"https:\/\/radioljubuski.ba\/index.php\/2022\/04\/11\/macron-krece-po-glasove-ljevice-a-europa-zabrinuta\/","og_site_name":"RADIO LJUBU\u0160KI","article_publisher":"https:\/\/www.facebook.com\/Radiio-Ljubuski-1490835324566332","article_published_time":"2022-04-11T13:22:39+00:00","article_modified_time":"2022-04-11T13:22:40+00:00","og_image":[{"width":1000,"height":625,"url":"https:\/\/radioljubuski.ba\/wp-content\/uploads\/2021\/12\/6fScvGdH_macron.jpg","type":"image\/jpeg"}],"author":"Radio Ljubu\u0161ki","twitter_card":"summary_large_image","twitter_creator":"@radioljubuski","twitter_site":"@radioljubuski","twitter_misc":{"Napisao\/la":"Radio Ljubu\u0161ki","Procijenjeno vrijeme \u010ditanja":"3 minute"},"schema":{"@context":"https:\/\/schema.org","@graph":[{"@type":"Article","@id":"https:\/\/radioljubuski.ba\/index.php\/2022\/04\/11\/macron-krece-po-glasove-ljevice-a-europa-zabrinuta\/#article","isPartOf":{"@id":"https:\/\/radioljubuski.ba\/index.php\/2022\/04\/11\/macron-krece-po-glasove-ljevice-a-europa-zabrinuta\/"},"author":{"name":"Radio Ljubu\u0161ki","@id":"https:\/\/radioljubuski.ba\/#\/schema\/person\/19fc700381a780f69665d7956c469e3b"},"headline":"Macron kre\u0107e po glasove ljevice, a Europa zabrinuta","datePublished":"2022-04-11T13:22:39+00:00","dateModified":"2022-04-11T13:22:40+00:00","mainEntityOfPage":{"@id":"https:\/\/radioljubuski.ba\/index.php\/2022\/04\/11\/macron-krece-po-glasove-ljevice-a-europa-zabrinuta\/"},"wordCount":546,"publisher":{"@id":"https:\/\/radioljubuski.ba\/#organization"},"image":{"@id":"https:\/\/radioljubuski.ba\/index.php\/2022\/04\/11\/macron-krece-po-glasove-ljevice-a-europa-zabrinuta\/#primaryimage"},"thumbnailUrl":"https:\/\/radioljubuski.ba\/wp-content\/uploads\/2021\/12\/6fScvGdH_macron.jpg","articleSection":["BIH i regija"],"inLanguage":"hr"},{"@type":"WebPage","@id":"https:\/\/radioljubuski.ba\/index.php\/2022\/04\/11\/macron-krece-po-glasove-ljevice-a-europa-zabrinuta\/","url":"https:\/\/radioljubuski.ba\/index.php\/2022\/04\/11\/macron-krece-po-glasove-ljevice-a-europa-zabrinuta\/","name":"Macron kre\u0107e po glasove ljevice, a Europa zabrinuta - RADIO LJUBU\u0160KI","isPartOf":{"@id":"https:\/\/radioljubuski.ba\/#website"},"primaryImageOfPage":{"@id":"https:\/\/radioljubuski.ba\/index.php\/2022\/04\/11\/macron-krece-po-glasove-ljevice-a-europa-zabrinuta\/#primaryimage"},"image":{"@id":"https:\/\/radioljubuski.ba\/index.php\/2022\/04\/11\/macron-krece-po-glasove-ljevice-a-europa-zabrinuta\/#primaryimage"},"thumbnailUrl":"https:\/\/radioljubuski.ba\/wp-content\/uploads\/2021\/12\/6fScvGdH_macron.jpg","datePublished":"2022-04-11T13:22:39+00:00","dateModified":"2022-04-11T13:22:40+00:00","breadcrumb":{"@id":"https:\/\/radioljubuski.ba\/index.php\/2022\/04\/11\/macron-krece-po-glasove-ljevice-a-europa-zabrinuta\/#breadcrumb"},"inLanguage":"hr","potentialAction":[{"@type":"ReadAction","target":["https:\/\/radioljubuski.ba\/index.php\/2022\/04\/11\/macron-krece-po-glasove-ljevice-a-europa-zabrinuta\/"]}]},{"@type":"ImageObject","inLanguage":"hr","@id":"https:\/\/radioljubuski.ba\/index.php\/2022\/04\/11\/macron-krece-po-glasove-ljevice-a-europa-zabrinuta\/#primaryimage","url":"https:\/\/radioljubuski.ba\/wp-content\/uploads\/2021\/12\/6fScvGdH_macron.jpg","contentUrl":"https:\/\/radioljubuski.ba\/wp-content\/uploads\/2021\/12\/6fScvGdH_macron.jpg","width":1000,"height":625},{"@type":"BreadcrumbList","@id":"https:\/\/radioljubuski.ba\/index.php\/2022\/04\/11\/macron-krece-po-glasove-ljevice-a-europa-zabrinuta\/#breadcrumb","itemListElement":[{"@type":"ListItem","position":1,"name":"Po\u010detna stranica","item":"https:\/\/radioljubuski.ba\/"},{"@type":"ListItem","position":2,"name":"Macron kre\u0107e po glasove ljevice, a Europa zabrinuta"}]},{"@type":"WebSite","@id":"https:\/\/radioljubuski.ba\/#website","url":"https:\/\/radioljubuski.ba\/","name":"Radio Ljubu\u0161ki","description":"Sun\u010dana frekvencija Hercegovine","publisher":{"@id":"https:\/\/radioljubuski.ba\/#organization"},"potentialAction":[{"@type":"SearchAction","target":{"@type":"EntryPoint","urlTemplate":"https:\/\/radioljubuski.ba\/?s={search_term_string}"},"query-input":{"@type":"PropertyValueSpecification","valueRequired":true,"valueName":"search_term_string"}}],"inLanguage":"hr"},{"@type":"Organization","@id":"https:\/\/radioljubuski.ba\/#organization","name":"Radio Ljubu\u0161ki","url":"https:\/\/radioljubuski.ba\/","logo":{"@type":"ImageObject","inLanguage":"hr","@id":"https:\/\/radioljubuski.ba\/#\/schema\/logo\/image\/","url":"https:\/\/radioljubuski.ba\/wp-content\/uploads\/2021\/02\/cropped-Radio_Ljubuski_logo1.jpg","contentUrl":"https:\/\/radioljubuski.ba\/wp-content\/uploads\/2021\/02\/cropped-Radio_Ljubuski_logo1.jpg","width":512,"height":512,"caption":"Radio Ljubu\u0161ki"},"image":{"@id":"https:\/\/radioljubuski.ba\/#\/schema\/logo\/image\/"},"sameAs":["https:\/\/www.facebook.com\/Radiio-Ljubuski-1490835324566332","https:\/\/x.com\/radioljubuski","https:\/\/hr.linkedin.com\/company\/radio-ljubuski","https:\/\/www.youtube.com\/channel\/UCHYaeO_n0Db3tjNGudGpXyw"]},{"@type":"Person","@id":"https:\/\/radioljubuski.ba\/#\/schema\/person\/19fc700381a780f69665d7956c469e3b","name":"Radio Ljubu\u0161ki"}]}},"_links":{"self":[{"href":"https:\/\/radioljubuski.ba\/index.php\/wp-json\/wp\/v2\/posts\/131591","targetHints":{"allow":["GET"]}}],"collection":[{"href":"https:\/\/radioljubuski.ba\/index.php\/wp-json\/wp\/v2\/posts"}],"about":[{"href":"https:\/\/radioljubuski.ba\/index.php\/wp-json\/wp\/v2\/types\/post"}],"author":[{"embeddable":true,"href":"https:\/\/radioljubuski.ba\/index.php\/wp-json\/wp\/v2\/users\/2"}],"replies":[{"embeddable":true,"href":"https:\/\/radioljubuski.ba\/index.php\/wp-json\/wp\/v2\/comments?post=131591"}],"version-history":[{"count":1,"href":"https:\/\/radioljubuski.ba\/index.php\/wp-json\/wp\/v2\/posts\/131591\/revisions"}],"predecessor-version":[{"id":131592,"href":"https:\/\/radioljubuski.ba\/index.php\/wp-json\/wp\/v2\/posts\/131591\/revisions\/131592"}],"wp:featuredmedia":[{"embeddable":true,"href":"https:\/\/radioljubuski.ba\/index.php\/wp-json\/wp\/v2\/media\/94584"}],"wp:attachment":[{"href":"https:\/\/radioljubuski.ba\/index.php\/wp-json\/wp\/v2\/media?parent=131591"}],"wp:term":[{"taxonomy":"category","embeddable":true,"href":"https:\/\/radioljubuski.ba\/index.php\/wp-json\/wp\/v2\/categories?post=131591"},{"taxonomy":"post_tag","embeddable":true,"href":"https:\/\/radioljubuski.ba\/index.php\/wp-json\/wp\/v2\/tags?post=131591"}],"curies":[{"name":"wp","href":"https:\/\/api.w.org\/{rel}","templated":true}]}}