{"id":131608,"date":"2022-04-12T06:58:16","date_gmt":"2022-04-12T05:58:16","guid":{"rendered":"https:\/\/radioljubuski.ba\/?p=131608"},"modified":"2022-04-12T06:58:18","modified_gmt":"2022-04-12T05:58:18","slug":"ovako-izgleda-ljubav-60-ucenika-obrijalo-glave-kako-bi-podrzali-bolesnog-prijatelja-mihaela","status":"publish","type":"post","link":"https:\/\/radioljubuski.ba\/index.php\/2022\/04\/12\/ovako-izgleda-ljubav-60-ucenika-obrijalo-glave-kako-bi-podrzali-bolesnog-prijatelja-mihaela\/","title":{"rendered":"Ovako izgleda ljubav! 60 u\u010denika obrijalo glave kako bi podr\u017eali bolesnog prijatelja Mihaela"},"content":{"rendered":"\n<p>\u201cU\u010denik 3. razreda na\u0161e \u0161kole Mihael vodi borbu sa zlo\u0107udnim tumorom. Ovih dana Mihael je o\u0161i\u0161an na \u0107elavo. Njegova bra\u0107a su se zbog podr\u0161ke tako\u0111er o\u0161i\u0161ala. Nakon toga na poticaj nekih u\u010denika i njihovih roditelja ostali u\u010denici su izrazili \u017eelju za \u0161i\u0161anjem kako bi se Mihaelova bra\u0107a ugodnije osje\u0107ala u \u0161koli, ali i kako bi i oni sami pru\u017eili Mihaelu podr\u0161ku.<\/p>\n\n\n\n<p>\u201cVeliki tjedan je pred nama i svako trpljenje uskoro \u0107e dobiti smisao. Ljubav je kreativna i ovo je samo jedan od na\u010dina kako ju mo\u017eemo iskazati\u201d, poru\u010duju iz\u00a0<strong><a href=\"https:\/\/www.facebook.com\/Lotrscak\/?__cft__[0]=AZW_DkWAdNAN9LVLw9aD47qJQvcAtl90HpxpUh7tUELCyQnVN4pa8D7NAzsFX_9dl2zkHuJiGelNLU_Qg4hL2weId0Y2eYZ9a_6i4Yb3VCJlguEYRt2ITabrZ5TUhZdrEhLeyRdGHTpXNiCFO-oYVerw&amp;__tn__=kC%2CP-R\">Osnovne \u0161kole Lotr\u0161\u010dak.<\/a><\/strong><\/p>\n\n\n\n<p>Zahvala je upu\u0107ena frizeru\u00a0<strong>Josipu<\/strong>, Ljubu\u0161aku koji je zajedno sa ostatkom ekipe sudjelovao u ispunjenju \u017eelje ove divne djece.<\/p>\n\n\n\n<figure class=\"wp-block-image\"><img decoding=\"async\" src=\"https:\/\/www.ljportal.com\/wp-content\/uploads\/2022\/04\/278221592_7152387624835732_4258325195995153896_n.jpg\" alt=\"278221592_7152387624835732_4258325195995153896_n\"\/><\/figure>\n\n\n\n<p>Josip Ke\u017ei\u0107, ro\u0111eni je Ljubu\u0161ak. Iako ve\u0107 nekoliko godina radi u vlastitom frizerskom salonu JFK ( Josip frizer Ke\u017ei\u0107), s 25 godina je odlu\u010dio postati student kineziologije.Njegova najzapa\u017eenija uloga je ona<strong>\u00a0konobara Joze u Bo\u017eanstvenoj komediji<\/strong>\u00a0u kojoj je jedan od urednika.\u00a0<\/p>\n\n\n\n<p><strong>Izvor: Ljportal.com<\/strong><\/p>\n","protected":false},"excerpt":{"rendered":"<p>\u201cU\u010denik 3. razreda na\u0161e \u0161kole Mihael vodi borbu sa zlo\u0107udnim tumorom. Ovih dana Mihael je o\u0161i\u0161an na \u0107elavo. Njegova bra\u0107a su se zbog podr\u0161ke tako\u0111er o\u0161i\u0161ala. Nakon toga na poticaj nekih u\u010denika i njihovih roditelja ostali u\u010denici su izrazili \u017eelju za \u0161i\u0161anjem kako bi se Mihaelova bra\u0107a ugodnije osje\u0107ala u \u0161koli, ali i kako bi [&hellip;]<\/p>\n","protected":false},"author":2,"featured_media":131609,"comment_status":"closed","ping_status":"closed","sticky":false,"template":"","format":"standard","meta":{"h5ap_radio_sources":[],"footnotes":""},"categories":[1],"tags":[],"class_list":["post-131608","post","type-post","status-publish","format-standard","has-post-thumbnail","hentry","category-bihiregija"],"yoast_head":"<!-- This site is optimized with the Yoast SEO plugin v27.5 - https:\/\/yoast.com\/product\/yoast-seo-wordpress\/ -->\n<title>Ovako izgleda ljubav! 60 u\u010denika obrijalo glave kako bi podr\u017eali bolesnog prijatelja Mihaela - RADIO LJUBU\u0160KI<\/title>\n<meta name=\"robots\" content=\"index, follow, max-snippet:-1, max-image-preview:large, max-video-preview:-1\" \/>\n<link rel=\"canonical\" href=\"https:\/\/radioljubuski.ba\/index.php\/2022\/04\/12\/ovako-izgleda-ljubav-60-ucenika-obrijalo-glave-kako-bi-podrzali-bolesnog-prijatelja-mihaela\/\" \/>\n<meta property=\"og:locale\" content=\"hr_HR\" \/>\n<meta property=\"og:type\" content=\"article\" \/>\n<meta property=\"og:title\" content=\"Ovako izgleda ljubav! 60 u\u010denika obrijalo glave kako bi podr\u017eali bolesnog prijatelja Mihaela - RADIO LJUBU\u0160KI\" \/>\n<meta property=\"og:description\" content=\"\u201cU\u010denik 3. razreda na\u0161e \u0161kole Mihael vodi borbu sa zlo\u0107udnim tumorom. Ovih dana Mihael je o\u0161i\u0161an na \u0107elavo. Njegova bra\u0107a su se zbog podr\u0161ke tako\u0111er o\u0161i\u0161ala. Nakon toga na poticaj nekih u\u010denika i njihovih roditelja ostali u\u010denici su izrazili \u017eelju za \u0161i\u0161anjem kako bi se Mihaelova bra\u0107a ugodnije osje\u0107ala u \u0161koli, ali i kako bi [&hellip;]\" \/>\n<meta property=\"og:url\" content=\"https:\/\/radioljubuski.ba\/index.php\/2022\/04\/12\/ovako-izgleda-ljubav-60-ucenika-obrijalo-glave-kako-bi-podrzali-bolesnog-prijatelja-mihaela\/\" \/>\n<meta property=\"og:site_name\" content=\"RADIO LJUBU\u0160KI\" \/>\n<meta property=\"article:publisher\" content=\"https:\/\/www.facebook.com\/Radiio-Ljubuski-1490835324566332\" \/>\n<meta property=\"article:published_time\" content=\"2022-04-12T05:58:16+00:00\" \/>\n<meta property=\"article:modified_time\" content=\"2022-04-12T05:58:18+00:00\" \/>\n<meta property=\"og:image\" content=\"https:\/\/radioljubuski.ba\/wp-content\/uploads\/2022\/04\/lotrscak-djeca.jpg\" \/>\n\t<meta property=\"og:image:width\" content=\"679\" \/>\n\t<meta property=\"og:image:height\" content=\"453\" \/>\n\t<meta property=\"og:image:type\" content=\"image\/jpeg\" \/>\n<meta name=\"author\" content=\"Radio Ljubu\u0161ki\" \/>\n<meta name=\"twitter:card\" content=\"summary_large_image\" \/>\n<meta name=\"twitter:creator\" content=\"@radioljubuski\" \/>\n<meta name=\"twitter:site\" content=\"@radioljubuski\" \/>\n<meta name=\"twitter:label1\" content=\"Napisao\/la\" \/>\n\t<meta name=\"twitter:data1\" content=\"Radio Ljubu\u0161ki\" \/>\n\t<meta name=\"twitter:label2\" content=\"Procijenjeno vrijeme \u010ditanja\" \/>\n\t<meta name=\"twitter:data2\" content=\"1 minuta\" \/>\n<script type=\"application\/ld+json\" class=\"yoast-schema-graph\">{\"@context\":\"https:\\\/\\\/schema.org\",\"@graph\":[{\"@type\":\"Article\",\"@id\":\"https:\\\/\\\/radioljubuski.ba\\\/index.php\\\/2022\\\/04\\\/12\\\/ovako-izgleda-ljubav-60-ucenika-obrijalo-glave-kako-bi-podrzali-bolesnog-prijatelja-mihaela\\\/#article\",\"isPartOf\":{\"@id\":\"https:\\\/\\\/radioljubuski.ba\\\/index.php\\\/2022\\\/04\\\/12\\\/ovako-izgleda-ljubav-60-ucenika-obrijalo-glave-kako-bi-podrzali-bolesnog-prijatelja-mihaela\\\/\"},\"author\":{\"name\":\"Radio Ljubu\u0161ki\",\"@id\":\"https:\\\/\\\/radioljubuski.ba\\\/#\\\/schema\\\/person\\\/19fc700381a780f69665d7956c469e3b\"},\"headline\":\"Ovako izgleda ljubav! 60 u\u010denika obrijalo glave kako bi podr\u017eali bolesnog prijatelja Mihaela\",\"datePublished\":\"2022-04-12T05:58:16+00:00\",\"dateModified\":\"2022-04-12T05:58:18+00:00\",\"mainEntityOfPage\":{\"@id\":\"https:\\\/\\\/radioljubuski.ba\\\/index.php\\\/2022\\\/04\\\/12\\\/ovako-izgleda-ljubav-60-ucenika-obrijalo-glave-kako-bi-podrzali-bolesnog-prijatelja-mihaela\\\/\"},\"wordCount\":198,\"publisher\":{\"@id\":\"https:\\\/\\\/radioljubuski.ba\\\/#organization\"},\"image\":{\"@id\":\"https:\\\/\\\/radioljubuski.ba\\\/index.php\\\/2022\\\/04\\\/12\\\/ovako-izgleda-ljubav-60-ucenika-obrijalo-glave-kako-bi-podrzali-bolesnog-prijatelja-mihaela\\\/#primaryimage\"},\"thumbnailUrl\":\"https:\\\/\\\/radioljubuski.ba\\\/wp-content\\\/uploads\\\/2022\\\/04\\\/lotrscak-djeca.jpg\",\"articleSection\":[\"BIH i regija\"],\"inLanguage\":\"hr\"},{\"@type\":\"WebPage\",\"@id\":\"https:\\\/\\\/radioljubuski.ba\\\/index.php\\\/2022\\\/04\\\/12\\\/ovako-izgleda-ljubav-60-ucenika-obrijalo-glave-kako-bi-podrzali-bolesnog-prijatelja-mihaela\\\/\",\"url\":\"https:\\\/\\\/radioljubuski.ba\\\/index.php\\\/2022\\\/04\\\/12\\\/ovako-izgleda-ljubav-60-ucenika-obrijalo-glave-kako-bi-podrzali-bolesnog-prijatelja-mihaela\\\/\",\"name\":\"Ovako izgleda ljubav! 60 u\u010denika obrijalo glave kako bi podr\u017eali bolesnog prijatelja Mihaela - RADIO LJUBU\u0160KI\",\"isPartOf\":{\"@id\":\"https:\\\/\\\/radioljubuski.ba\\\/#website\"},\"primaryImageOfPage\":{\"@id\":\"https:\\\/\\\/radioljubuski.ba\\\/index.php\\\/2022\\\/04\\\/12\\\/ovako-izgleda-ljubav-60-ucenika-obrijalo-glave-kako-bi-podrzali-bolesnog-prijatelja-mihaela\\\/#primaryimage\"},\"image\":{\"@id\":\"https:\\\/\\\/radioljubuski.ba\\\/index.php\\\/2022\\\/04\\\/12\\\/ovako-izgleda-ljubav-60-ucenika-obrijalo-glave-kako-bi-podrzali-bolesnog-prijatelja-mihaela\\\/#primaryimage\"},\"thumbnailUrl\":\"https:\\\/\\\/radioljubuski.ba\\\/wp-content\\\/uploads\\\/2022\\\/04\\\/lotrscak-djeca.jpg\",\"datePublished\":\"2022-04-12T05:58:16+00:00\",\"dateModified\":\"2022-04-12T05:58:18+00:00\",\"breadcrumb\":{\"@id\":\"https:\\\/\\\/radioljubuski.ba\\\/index.php\\\/2022\\\/04\\\/12\\\/ovako-izgleda-ljubav-60-ucenika-obrijalo-glave-kako-bi-podrzali-bolesnog-prijatelja-mihaela\\\/#breadcrumb\"},\"inLanguage\":\"hr\",\"potentialAction\":[{\"@type\":\"ReadAction\",\"target\":[\"https:\\\/\\\/radioljubuski.ba\\\/index.php\\\/2022\\\/04\\\/12\\\/ovako-izgleda-ljubav-60-ucenika-obrijalo-glave-kako-bi-podrzali-bolesnog-prijatelja-mihaela\\\/\"]}]},{\"@type\":\"ImageObject\",\"inLanguage\":\"hr\",\"@id\":\"https:\\\/\\\/radioljubuski.ba\\\/index.php\\\/2022\\\/04\\\/12\\\/ovako-izgleda-ljubav-60-ucenika-obrijalo-glave-kako-bi-podrzali-bolesnog-prijatelja-mihaela\\\/#primaryimage\",\"url\":\"https:\\\/\\\/radioljubuski.ba\\\/wp-content\\\/uploads\\\/2022\\\/04\\\/lotrscak-djeca.jpg\",\"contentUrl\":\"https:\\\/\\\/radioljubuski.ba\\\/wp-content\\\/uploads\\\/2022\\\/04\\\/lotrscak-djeca.jpg\",\"width\":679,\"height\":453},{\"@type\":\"BreadcrumbList\",\"@id\":\"https:\\\/\\\/radioljubuski.ba\\\/index.php\\\/2022\\\/04\\\/12\\\/ovako-izgleda-ljubav-60-ucenika-obrijalo-glave-kako-bi-podrzali-bolesnog-prijatelja-mihaela\\\/#breadcrumb\",\"itemListElement\":[{\"@type\":\"ListItem\",\"position\":1,\"name\":\"Po\u010detna stranica\",\"item\":\"https:\\\/\\\/radioljubuski.ba\\\/\"},{\"@type\":\"ListItem\",\"position\":2,\"name\":\"Ovako izgleda ljubav! 60 u\u010denika obrijalo glave kako bi podr\u017eali bolesnog prijatelja Mihaela\"}]},{\"@type\":\"WebSite\",\"@id\":\"https:\\\/\\\/radioljubuski.ba\\\/#website\",\"url\":\"https:\\\/\\\/radioljubuski.ba\\\/\",\"name\":\"Radio Ljubu\u0161ki\",\"description\":\"Sun\u010dana frekvencija Hercegovine\",\"publisher\":{\"@id\":\"https:\\\/\\\/radioljubuski.ba\\\/#organization\"},\"potentialAction\":[{\"@type\":\"SearchAction\",\"target\":{\"@type\":\"EntryPoint\",\"urlTemplate\":\"https:\\\/\\\/radioljubuski.ba\\\/?s={search_term_string}\"},\"query-input\":{\"@type\":\"PropertyValueSpecification\",\"valueRequired\":true,\"valueName\":\"search_term_string\"}}],\"inLanguage\":\"hr\"},{\"@type\":\"Organization\",\"@id\":\"https:\\\/\\\/radioljubuski.ba\\\/#organization\",\"name\":\"Radio Ljubu\u0161ki\",\"url\":\"https:\\\/\\\/radioljubuski.ba\\\/\",\"logo\":{\"@type\":\"ImageObject\",\"inLanguage\":\"hr\",\"@id\":\"https:\\\/\\\/radioljubuski.ba\\\/#\\\/schema\\\/logo\\\/image\\\/\",\"url\":\"https:\\\/\\\/radioljubuski.ba\\\/wp-content\\\/uploads\\\/2021\\\/02\\\/cropped-Radio_Ljubuski_logo1.jpg\",\"contentUrl\":\"https:\\\/\\\/radioljubuski.ba\\\/wp-content\\\/uploads\\\/2021\\\/02\\\/cropped-Radio_Ljubuski_logo1.jpg\",\"width\":512,\"height\":512,\"caption\":\"Radio Ljubu\u0161ki\"},\"image\":{\"@id\":\"https:\\\/\\\/radioljubuski.ba\\\/#\\\/schema\\\/logo\\\/image\\\/\"},\"sameAs\":[\"https:\\\/\\\/www.facebook.com\\\/Radiio-Ljubuski-1490835324566332\",\"https:\\\/\\\/x.com\\\/radioljubuski\",\"https:\\\/\\\/hr.linkedin.com\\\/company\\\/radio-ljubuski\",\"https:\\\/\\\/www.youtube.com\\\/channel\\\/UCHYaeO_n0Db3tjNGudGpXyw\"]},{\"@type\":\"Person\",\"@id\":\"https:\\\/\\\/radioljubuski.ba\\\/#\\\/schema\\\/person\\\/19fc700381a780f69665d7956c469e3b\",\"name\":\"Radio Ljubu\u0161ki\"}]}<\/script>\n<!-- \/ Yoast SEO plugin. -->","yoast_head_json":{"title":"Ovako izgleda ljubav! 60 u\u010denika obrijalo glave kako bi podr\u017eali bolesnog prijatelja Mihaela - RADIO LJUBU\u0160KI","robots":{"index":"index","follow":"follow","max-snippet":"max-snippet:-1","max-image-preview":"max-image-preview:large","max-video-preview":"max-video-preview:-1"},"canonical":"https:\/\/radioljubuski.ba\/index.php\/2022\/04\/12\/ovako-izgleda-ljubav-60-ucenika-obrijalo-glave-kako-bi-podrzali-bolesnog-prijatelja-mihaela\/","og_locale":"hr_HR","og_type":"article","og_title":"Ovako izgleda ljubav! 60 u\u010denika obrijalo glave kako bi podr\u017eali bolesnog prijatelja Mihaela - RADIO LJUBU\u0160KI","og_description":"\u201cU\u010denik 3. razreda na\u0161e \u0161kole Mihael vodi borbu sa zlo\u0107udnim tumorom. Ovih dana Mihael je o\u0161i\u0161an na \u0107elavo. Njegova bra\u0107a su se zbog podr\u0161ke tako\u0111er o\u0161i\u0161ala. Nakon toga na poticaj nekih u\u010denika i njihovih roditelja ostali u\u010denici su izrazili \u017eelju za \u0161i\u0161anjem kako bi se Mihaelova bra\u0107a ugodnije osje\u0107ala u \u0161koli, ali i kako bi [&hellip;]","og_url":"https:\/\/radioljubuski.ba\/index.php\/2022\/04\/12\/ovako-izgleda-ljubav-60-ucenika-obrijalo-glave-kako-bi-podrzali-bolesnog-prijatelja-mihaela\/","og_site_name":"RADIO LJUBU\u0160KI","article_publisher":"https:\/\/www.facebook.com\/Radiio-Ljubuski-1490835324566332","article_published_time":"2022-04-12T05:58:16+00:00","article_modified_time":"2022-04-12T05:58:18+00:00","og_image":[{"width":679,"height":453,"url":"https:\/\/radioljubuski.ba\/wp-content\/uploads\/2022\/04\/lotrscak-djeca.jpg","type":"image\/jpeg"}],"author":"Radio Ljubu\u0161ki","twitter_card":"summary_large_image","twitter_creator":"@radioljubuski","twitter_site":"@radioljubuski","twitter_misc":{"Napisao\/la":"Radio Ljubu\u0161ki","Procijenjeno vrijeme \u010ditanja":"1 minuta"},"schema":{"@context":"https:\/\/schema.org","@graph":[{"@type":"Article","@id":"https:\/\/radioljubuski.ba\/index.php\/2022\/04\/12\/ovako-izgleda-ljubav-60-ucenika-obrijalo-glave-kako-bi-podrzali-bolesnog-prijatelja-mihaela\/#article","isPartOf":{"@id":"https:\/\/radioljubuski.ba\/index.php\/2022\/04\/12\/ovako-izgleda-ljubav-60-ucenika-obrijalo-glave-kako-bi-podrzali-bolesnog-prijatelja-mihaela\/"},"author":{"name":"Radio Ljubu\u0161ki","@id":"https:\/\/radioljubuski.ba\/#\/schema\/person\/19fc700381a780f69665d7956c469e3b"},"headline":"Ovako izgleda ljubav! 60 u\u010denika obrijalo glave kako bi podr\u017eali bolesnog prijatelja Mihaela","datePublished":"2022-04-12T05:58:16+00:00","dateModified":"2022-04-12T05:58:18+00:00","mainEntityOfPage":{"@id":"https:\/\/radioljubuski.ba\/index.php\/2022\/04\/12\/ovako-izgleda-ljubav-60-ucenika-obrijalo-glave-kako-bi-podrzali-bolesnog-prijatelja-mihaela\/"},"wordCount":198,"publisher":{"@id":"https:\/\/radioljubuski.ba\/#organization"},"image":{"@id":"https:\/\/radioljubuski.ba\/index.php\/2022\/04\/12\/ovako-izgleda-ljubav-60-ucenika-obrijalo-glave-kako-bi-podrzali-bolesnog-prijatelja-mihaela\/#primaryimage"},"thumbnailUrl":"https:\/\/radioljubuski.ba\/wp-content\/uploads\/2022\/04\/lotrscak-djeca.jpg","articleSection":["BIH i regija"],"inLanguage":"hr"},{"@type":"WebPage","@id":"https:\/\/radioljubuski.ba\/index.php\/2022\/04\/12\/ovako-izgleda-ljubav-60-ucenika-obrijalo-glave-kako-bi-podrzali-bolesnog-prijatelja-mihaela\/","url":"https:\/\/radioljubuski.ba\/index.php\/2022\/04\/12\/ovako-izgleda-ljubav-60-ucenika-obrijalo-glave-kako-bi-podrzali-bolesnog-prijatelja-mihaela\/","name":"Ovako izgleda ljubav! 60 u\u010denika obrijalo glave kako bi podr\u017eali bolesnog prijatelja Mihaela - RADIO LJUBU\u0160KI","isPartOf":{"@id":"https:\/\/radioljubuski.ba\/#website"},"primaryImageOfPage":{"@id":"https:\/\/radioljubuski.ba\/index.php\/2022\/04\/12\/ovako-izgleda-ljubav-60-ucenika-obrijalo-glave-kako-bi-podrzali-bolesnog-prijatelja-mihaela\/#primaryimage"},"image":{"@id":"https:\/\/radioljubuski.ba\/index.php\/2022\/04\/12\/ovako-izgleda-ljubav-60-ucenika-obrijalo-glave-kako-bi-podrzali-bolesnog-prijatelja-mihaela\/#primaryimage"},"thumbnailUrl":"https:\/\/radioljubuski.ba\/wp-content\/uploads\/2022\/04\/lotrscak-djeca.jpg","datePublished":"2022-04-12T05:58:16+00:00","dateModified":"2022-04-12T05:58:18+00:00","breadcrumb":{"@id":"https:\/\/radioljubuski.ba\/index.php\/2022\/04\/12\/ovako-izgleda-ljubav-60-ucenika-obrijalo-glave-kako-bi-podrzali-bolesnog-prijatelja-mihaela\/#breadcrumb"},"inLanguage":"hr","potentialAction":[{"@type":"ReadAction","target":["https:\/\/radioljubuski.ba\/index.php\/2022\/04\/12\/ovako-izgleda-ljubav-60-ucenika-obrijalo-glave-kako-bi-podrzali-bolesnog-prijatelja-mihaela\/"]}]},{"@type":"ImageObject","inLanguage":"hr","@id":"https:\/\/radioljubuski.ba\/index.php\/2022\/04\/12\/ovako-izgleda-ljubav-60-ucenika-obrijalo-glave-kako-bi-podrzali-bolesnog-prijatelja-mihaela\/#primaryimage","url":"https:\/\/radioljubuski.ba\/wp-content\/uploads\/2022\/04\/lotrscak-djeca.jpg","contentUrl":"https:\/\/radioljubuski.ba\/wp-content\/uploads\/2022\/04\/lotrscak-djeca.jpg","width":679,"height":453},{"@type":"BreadcrumbList","@id":"https:\/\/radioljubuski.ba\/index.php\/2022\/04\/12\/ovako-izgleda-ljubav-60-ucenika-obrijalo-glave-kako-bi-podrzali-bolesnog-prijatelja-mihaela\/#breadcrumb","itemListElement":[{"@type":"ListItem","position":1,"name":"Po\u010detna stranica","item":"https:\/\/radioljubuski.ba\/"},{"@type":"ListItem","position":2,"name":"Ovako izgleda ljubav! 60 u\u010denika obrijalo glave kako bi podr\u017eali bolesnog prijatelja Mihaela"}]},{"@type":"WebSite","@id":"https:\/\/radioljubuski.ba\/#website","url":"https:\/\/radioljubuski.ba\/","name":"Radio Ljubu\u0161ki","description":"Sun\u010dana frekvencija Hercegovine","publisher":{"@id":"https:\/\/radioljubuski.ba\/#organization"},"potentialAction":[{"@type":"SearchAction","target":{"@type":"EntryPoint","urlTemplate":"https:\/\/radioljubuski.ba\/?s={search_term_string}"},"query-input":{"@type":"PropertyValueSpecification","valueRequired":true,"valueName":"search_term_string"}}],"inLanguage":"hr"},{"@type":"Organization","@id":"https:\/\/radioljubuski.ba\/#organization","name":"Radio Ljubu\u0161ki","url":"https:\/\/radioljubuski.ba\/","logo":{"@type":"ImageObject","inLanguage":"hr","@id":"https:\/\/radioljubuski.ba\/#\/schema\/logo\/image\/","url":"https:\/\/radioljubuski.ba\/wp-content\/uploads\/2021\/02\/cropped-Radio_Ljubuski_logo1.jpg","contentUrl":"https:\/\/radioljubuski.ba\/wp-content\/uploads\/2021\/02\/cropped-Radio_Ljubuski_logo1.jpg","width":512,"height":512,"caption":"Radio Ljubu\u0161ki"},"image":{"@id":"https:\/\/radioljubuski.ba\/#\/schema\/logo\/image\/"},"sameAs":["https:\/\/www.facebook.com\/Radiio-Ljubuski-1490835324566332","https:\/\/x.com\/radioljubuski","https:\/\/hr.linkedin.com\/company\/radio-ljubuski","https:\/\/www.youtube.com\/channel\/UCHYaeO_n0Db3tjNGudGpXyw"]},{"@type":"Person","@id":"https:\/\/radioljubuski.ba\/#\/schema\/person\/19fc700381a780f69665d7956c469e3b","name":"Radio Ljubu\u0161ki"}]}},"_links":{"self":[{"href":"https:\/\/radioljubuski.ba\/index.php\/wp-json\/wp\/v2\/posts\/131608","targetHints":{"allow":["GET"]}}],"collection":[{"href":"https:\/\/radioljubuski.ba\/index.php\/wp-json\/wp\/v2\/posts"}],"about":[{"href":"https:\/\/radioljubuski.ba\/index.php\/wp-json\/wp\/v2\/types\/post"}],"author":[{"embeddable":true,"href":"https:\/\/radioljubuski.ba\/index.php\/wp-json\/wp\/v2\/users\/2"}],"replies":[{"embeddable":true,"href":"https:\/\/radioljubuski.ba\/index.php\/wp-json\/wp\/v2\/comments?post=131608"}],"version-history":[{"count":1,"href":"https:\/\/radioljubuski.ba\/index.php\/wp-json\/wp\/v2\/posts\/131608\/revisions"}],"predecessor-version":[{"id":131610,"href":"https:\/\/radioljubuski.ba\/index.php\/wp-json\/wp\/v2\/posts\/131608\/revisions\/131610"}],"wp:featuredmedia":[{"embeddable":true,"href":"https:\/\/radioljubuski.ba\/index.php\/wp-json\/wp\/v2\/media\/131609"}],"wp:attachment":[{"href":"https:\/\/radioljubuski.ba\/index.php\/wp-json\/wp\/v2\/media?parent=131608"}],"wp:term":[{"taxonomy":"category","embeddable":true,"href":"https:\/\/radioljubuski.ba\/index.php\/wp-json\/wp\/v2\/categories?post=131608"},{"taxonomy":"post_tag","embeddable":true,"href":"https:\/\/radioljubuski.ba\/index.php\/wp-json\/wp\/v2\/tags?post=131608"}],"curies":[{"name":"wp","href":"https:\/\/api.w.org\/{rel}","templated":true}]}}