{"id":131613,"date":"2022-04-12T07:41:55","date_gmt":"2022-04-12T06:41:55","guid":{"rendered":"https:\/\/radioljubuski.ba\/?p=131613"},"modified":"2022-04-12T07:41:56","modified_gmt":"2022-04-12T06:41:56","slug":"pojavila-se-snimka-premlacivanja-rukometasa","status":"publish","type":"post","link":"https:\/\/radioljubuski.ba\/index.php\/2022\/04\/12\/pojavila-se-snimka-premlacivanja-rukometasa\/","title":{"rendered":"Pojavila se snimka premla\u0107ivanja rukometa\u0161a"},"content":{"rendered":"\n<p>Angelo Georgievski, prvoosumnji\u010deni za premla\u0107ivanje hrvatskog rukometa\u0161a Denisa Tota, koji je podlegao te\u0161kim ozljedama, vi\u0161estruki je prijestupnik osu\u0111en za trgovinu drogom u Sloveniji, pi\u0161e makedonski\u00a024 info.<\/p>\n\n\n\n<p>Podsjetimo, hrvatski rukometa\u0161 preminuo je od posljedica premla\u0107ivanja i zadobivenih udaraca.&nbsp;Georgievski je trenuta\u010dno u bijegu.<\/p>\n\n\n\n<p><strong>Dobro poznat policiji<\/strong><\/p>\n\n\n\n<p>Georgievski je u lipnju 2016. do\u017eivio prometnu nesre\u0107u u centru Maribora kada je svojim automobilom udario u pet parkiranih automobila te pobjegao. No ubrzo ga je policija uhvatila.<\/p>\n\n\n\n<p>U listopadu 2016. policija je prona\u0161la laboratorij za proizvodnju sinteti\u010dkih droga, pi\u0161e&nbsp;24 info. Izme\u0111u ostalog, u laboratoriju se proizvodio i&nbsp;gamahidroksibutirat, koji spada u kategoriju depresiva \u017eiv\u010danog sustava, poznat kao droga za silovanje.<\/p>\n\n\n\n<p>U laboratoriju su tako\u0111er zaplijenjeni marihuana i amfetamini. Za Georgievskim je raspisana tjeralica, \u0161to zna\u010di da je policija vjerovala da se nalazi u zemlji.<\/p>\n\n\n\n<p><strong>Zavr\u0161ili u pritvoru zbog premla\u0107ivanja rukometa\u0161a<\/strong><\/p>\n\n\n\n<p>Kazneni sud u Skoplju je potvrdio da je uhi\u0107enima A.K. (22) i K.L. (19) zbog premla\u0107ivanja hrvatskog rukometa\u0161a izre\u010dena mjera pritvora.<\/p>\n\n\n\n<p>Uhi\u0107eni su uhva\u0107eni na kameri te je na snimci vidljivo da napadaju Tota, koji nije pru\u017eao nikakav otpor.<\/p>\n\n\n\n<p>\u201cPostupaju\u0107i na prijedlog Dr\u017eavnog odvjetni\u0161tva Skoplje, sudac u prethodnom postupku je odlu\u010dio prihvatiti prijedlog tu\u017eiteljstva i za dvojicu uhi\u0107enih odredio pritvor, zbog opasnosti od bijega i mogu\u0107nosti utjecaja i ometanja istrage\u201d, priop\u0107eno je iz Kaznenog suda u Skoplju.&nbsp;<\/p>\n\n\n\n<p><strong>Udarali ga iako je izgubio svijest<\/strong><\/p>\n\n\n\n<p>Tragi\u010dni incident dogodio se u \u010detvrtak oko 3:30 ispred no\u0107nog kluba Privilege, kada su osumnji\u010deni nakon kra\u0107e verbalne sva\u0111e napali hrvatskog dr\u017eavljanina i zadali mu vi\u0161e udaraca \u0161akama i nogama.<\/p>\n\n\n\n<p>Tot je od udaraca pao i potiljkom udario u asfalt te izgubio svijest. Osumnji\u010deni su ga nastavili udarati po glavi, a potom su, ne poma\u017eu\u0107i mu, pobjegli. Osoba zaposlena u no\u0107nom klubu pozvala je hitnu pomo\u0107, nakon \u010dega je rukometa\u0161 dovezen u Kliniku Marija Terezija.<\/p>\n\n\n\n<p><strong>Pojavila se snimka napada<\/strong><\/p>\n\n\n\n<p>Na YouTubeu se pojavio snimka premla\u0107ivanja, koja je ubrzo obrisana. Na snimci se vidi kako Gjorgievski zadaje dva udarca Totu po licu od kojih on gubi svijest i pada na zemlju i ostaje nepomi\u010dno le\u017eati.<\/p>\n\n\n\n<p>Dok je le\u017eao na zemlji, jo\u0161 dvije osobe, od kojih je jedna \u017eenska osoba, koja je i najagresivnija u tom trenutku, nogama su ga udarali u glavu.<\/p>\n\n\n\n<p><strong>Izvor: Grude online<\/strong><\/p>\n","protected":false},"excerpt":{"rendered":"<p>Angelo Georgievski, prvoosumnji\u010deni za premla\u0107ivanje hrvatskog rukometa\u0161a Denisa Tota, koji je podlegao te\u0161kim ozljedama, vi\u0161estruki je prijestupnik osu\u0111en za trgovinu drogom u Sloveniji, pi\u0161e makedonski\u00a024 info. Podsjetimo, hrvatski rukometa\u0161 preminuo je od posljedica premla\u0107ivanja i zadobivenih udaraca.&nbsp;Georgievski je trenuta\u010dno u bijegu. Dobro poznat policiji Georgievski je u lipnju 2016. do\u017eivio prometnu nesre\u0107u u centru Maribora [&hellip;]<\/p>\n","protected":false},"author":2,"featured_media":131614,"comment_status":"closed","ping_status":"closed","sticky":false,"template":"","format":"standard","meta":{"h5ap_radio_sources":[],"footnotes":""},"categories":[1],"tags":[],"class_list":["post-131613","post","type-post","status-publish","format-standard","has-post-thumbnail","hentry","category-bihiregija"],"yoast_head":"<!-- This site is optimized with the Yoast SEO plugin v27.5 - https:\/\/yoast.com\/product\/yoast-seo-wordpress\/ -->\n<title>Pojavila se snimka premla\u0107ivanja rukometa\u0161a - RADIO LJUBU\u0160KI<\/title>\n<meta name=\"robots\" content=\"index, follow, max-snippet:-1, max-image-preview:large, max-video-preview:-1\" \/>\n<link rel=\"canonical\" href=\"https:\/\/radioljubuski.ba\/index.php\/2022\/04\/12\/pojavila-se-snimka-premlacivanja-rukometasa\/\" \/>\n<meta property=\"og:locale\" content=\"hr_HR\" \/>\n<meta property=\"og:type\" content=\"article\" \/>\n<meta property=\"og:title\" content=\"Pojavila se snimka premla\u0107ivanja rukometa\u0161a - RADIO LJUBU\u0160KI\" \/>\n<meta property=\"og:description\" content=\"Angelo Georgievski, prvoosumnji\u010deni za premla\u0107ivanje hrvatskog rukometa\u0161a Denisa Tota, koji je podlegao te\u0161kim ozljedama, vi\u0161estruki je prijestupnik osu\u0111en za trgovinu drogom u Sloveniji, pi\u0161e makedonski\u00a024 info. Podsjetimo, hrvatski rukometa\u0161 preminuo je od posljedica premla\u0107ivanja i zadobivenih udaraca.&nbsp;Georgievski je trenuta\u010dno u bijegu. Dobro poznat policiji Georgievski je u lipnju 2016. do\u017eivio prometnu nesre\u0107u u centru Maribora [&hellip;]\" \/>\n<meta property=\"og:url\" content=\"https:\/\/radioljubuski.ba\/index.php\/2022\/04\/12\/pojavila-se-snimka-premlacivanja-rukometasa\/\" \/>\n<meta property=\"og:site_name\" content=\"RADIO LJUBU\u0160KI\" \/>\n<meta property=\"article:publisher\" content=\"https:\/\/www.facebook.com\/Radiio-Ljubuski-1490835324566332\" \/>\n<meta property=\"article:published_time\" content=\"2022-04-12T06:41:55+00:00\" \/>\n<meta property=\"article:modified_time\" content=\"2022-04-12T06:41:56+00:00\" \/>\n<meta property=\"og:image\" content=\"https:\/\/radioljubuski.ba\/wp-content\/uploads\/2022\/04\/snimka-napad.jpg\" \/>\n\t<meta property=\"og:image:width\" content=\"622\" \/>\n\t<meta property=\"og:image:height\" content=\"330\" \/>\n\t<meta property=\"og:image:type\" content=\"image\/jpeg\" \/>\n<meta name=\"author\" content=\"Radio Ljubu\u0161ki\" \/>\n<meta name=\"twitter:card\" content=\"summary_large_image\" \/>\n<meta name=\"twitter:creator\" content=\"@radioljubuski\" \/>\n<meta name=\"twitter:site\" content=\"@radioljubuski\" \/>\n<meta name=\"twitter:label1\" content=\"Napisao\/la\" \/>\n\t<meta name=\"twitter:data1\" content=\"Radio Ljubu\u0161ki\" \/>\n\t<meta name=\"twitter:label2\" content=\"Procijenjeno vrijeme \u010ditanja\" \/>\n\t<meta name=\"twitter:data2\" content=\"2 minute\" \/>\n<script type=\"application\/ld+json\" class=\"yoast-schema-graph\">{\"@context\":\"https:\\\/\\\/schema.org\",\"@graph\":[{\"@type\":\"Article\",\"@id\":\"https:\\\/\\\/radioljubuski.ba\\\/index.php\\\/2022\\\/04\\\/12\\\/pojavila-se-snimka-premlacivanja-rukometasa\\\/#article\",\"isPartOf\":{\"@id\":\"https:\\\/\\\/radioljubuski.ba\\\/index.php\\\/2022\\\/04\\\/12\\\/pojavila-se-snimka-premlacivanja-rukometasa\\\/\"},\"author\":{\"name\":\"Radio Ljubu\u0161ki\",\"@id\":\"https:\\\/\\\/radioljubuski.ba\\\/#\\\/schema\\\/person\\\/19fc700381a780f69665d7956c469e3b\"},\"headline\":\"Pojavila se snimka premla\u0107ivanja rukometa\u0161a\",\"datePublished\":\"2022-04-12T06:41:55+00:00\",\"dateModified\":\"2022-04-12T06:41:56+00:00\",\"mainEntityOfPage\":{\"@id\":\"https:\\\/\\\/radioljubuski.ba\\\/index.php\\\/2022\\\/04\\\/12\\\/pojavila-se-snimka-premlacivanja-rukometasa\\\/\"},\"wordCount\":422,\"publisher\":{\"@id\":\"https:\\\/\\\/radioljubuski.ba\\\/#organization\"},\"image\":{\"@id\":\"https:\\\/\\\/radioljubuski.ba\\\/index.php\\\/2022\\\/04\\\/12\\\/pojavila-se-snimka-premlacivanja-rukometasa\\\/#primaryimage\"},\"thumbnailUrl\":\"https:\\\/\\\/radioljubuski.ba\\\/wp-content\\\/uploads\\\/2022\\\/04\\\/snimka-napad.jpg\",\"articleSection\":[\"BIH i regija\"],\"inLanguage\":\"hr\"},{\"@type\":\"WebPage\",\"@id\":\"https:\\\/\\\/radioljubuski.ba\\\/index.php\\\/2022\\\/04\\\/12\\\/pojavila-se-snimka-premlacivanja-rukometasa\\\/\",\"url\":\"https:\\\/\\\/radioljubuski.ba\\\/index.php\\\/2022\\\/04\\\/12\\\/pojavila-se-snimka-premlacivanja-rukometasa\\\/\",\"name\":\"Pojavila se snimka premla\u0107ivanja rukometa\u0161a - RADIO LJUBU\u0160KI\",\"isPartOf\":{\"@id\":\"https:\\\/\\\/radioljubuski.ba\\\/#website\"},\"primaryImageOfPage\":{\"@id\":\"https:\\\/\\\/radioljubuski.ba\\\/index.php\\\/2022\\\/04\\\/12\\\/pojavila-se-snimka-premlacivanja-rukometasa\\\/#primaryimage\"},\"image\":{\"@id\":\"https:\\\/\\\/radioljubuski.ba\\\/index.php\\\/2022\\\/04\\\/12\\\/pojavila-se-snimka-premlacivanja-rukometasa\\\/#primaryimage\"},\"thumbnailUrl\":\"https:\\\/\\\/radioljubuski.ba\\\/wp-content\\\/uploads\\\/2022\\\/04\\\/snimka-napad.jpg\",\"datePublished\":\"2022-04-12T06:41:55+00:00\",\"dateModified\":\"2022-04-12T06:41:56+00:00\",\"breadcrumb\":{\"@id\":\"https:\\\/\\\/radioljubuski.ba\\\/index.php\\\/2022\\\/04\\\/12\\\/pojavila-se-snimka-premlacivanja-rukometasa\\\/#breadcrumb\"},\"inLanguage\":\"hr\",\"potentialAction\":[{\"@type\":\"ReadAction\",\"target\":[\"https:\\\/\\\/radioljubuski.ba\\\/index.php\\\/2022\\\/04\\\/12\\\/pojavila-se-snimka-premlacivanja-rukometasa\\\/\"]}]},{\"@type\":\"ImageObject\",\"inLanguage\":\"hr\",\"@id\":\"https:\\\/\\\/radioljubuski.ba\\\/index.php\\\/2022\\\/04\\\/12\\\/pojavila-se-snimka-premlacivanja-rukometasa\\\/#primaryimage\",\"url\":\"https:\\\/\\\/radioljubuski.ba\\\/wp-content\\\/uploads\\\/2022\\\/04\\\/snimka-napad.jpg\",\"contentUrl\":\"https:\\\/\\\/radioljubuski.ba\\\/wp-content\\\/uploads\\\/2022\\\/04\\\/snimka-napad.jpg\",\"width\":622,\"height\":330},{\"@type\":\"BreadcrumbList\",\"@id\":\"https:\\\/\\\/radioljubuski.ba\\\/index.php\\\/2022\\\/04\\\/12\\\/pojavila-se-snimka-premlacivanja-rukometasa\\\/#breadcrumb\",\"itemListElement\":[{\"@type\":\"ListItem\",\"position\":1,\"name\":\"Po\u010detna stranica\",\"item\":\"https:\\\/\\\/radioljubuski.ba\\\/\"},{\"@type\":\"ListItem\",\"position\":2,\"name\":\"Pojavila se snimka premla\u0107ivanja rukometa\u0161a\"}]},{\"@type\":\"WebSite\",\"@id\":\"https:\\\/\\\/radioljubuski.ba\\\/#website\",\"url\":\"https:\\\/\\\/radioljubuski.ba\\\/\",\"name\":\"Radio Ljubu\u0161ki\",\"description\":\"Sun\u010dana frekvencija Hercegovine\",\"publisher\":{\"@id\":\"https:\\\/\\\/radioljubuski.ba\\\/#organization\"},\"potentialAction\":[{\"@type\":\"SearchAction\",\"target\":{\"@type\":\"EntryPoint\",\"urlTemplate\":\"https:\\\/\\\/radioljubuski.ba\\\/?s={search_term_string}\"},\"query-input\":{\"@type\":\"PropertyValueSpecification\",\"valueRequired\":true,\"valueName\":\"search_term_string\"}}],\"inLanguage\":\"hr\"},{\"@type\":\"Organization\",\"@id\":\"https:\\\/\\\/radioljubuski.ba\\\/#organization\",\"name\":\"Radio Ljubu\u0161ki\",\"url\":\"https:\\\/\\\/radioljubuski.ba\\\/\",\"logo\":{\"@type\":\"ImageObject\",\"inLanguage\":\"hr\",\"@id\":\"https:\\\/\\\/radioljubuski.ba\\\/#\\\/schema\\\/logo\\\/image\\\/\",\"url\":\"https:\\\/\\\/radioljubuski.ba\\\/wp-content\\\/uploads\\\/2021\\\/02\\\/cropped-Radio_Ljubuski_logo1.jpg\",\"contentUrl\":\"https:\\\/\\\/radioljubuski.ba\\\/wp-content\\\/uploads\\\/2021\\\/02\\\/cropped-Radio_Ljubuski_logo1.jpg\",\"width\":512,\"height\":512,\"caption\":\"Radio Ljubu\u0161ki\"},\"image\":{\"@id\":\"https:\\\/\\\/radioljubuski.ba\\\/#\\\/schema\\\/logo\\\/image\\\/\"},\"sameAs\":[\"https:\\\/\\\/www.facebook.com\\\/Radiio-Ljubuski-1490835324566332\",\"https:\\\/\\\/x.com\\\/radioljubuski\",\"https:\\\/\\\/hr.linkedin.com\\\/company\\\/radio-ljubuski\",\"https:\\\/\\\/www.youtube.com\\\/channel\\\/UCHYaeO_n0Db3tjNGudGpXyw\"]},{\"@type\":\"Person\",\"@id\":\"https:\\\/\\\/radioljubuski.ba\\\/#\\\/schema\\\/person\\\/19fc700381a780f69665d7956c469e3b\",\"name\":\"Radio Ljubu\u0161ki\"}]}<\/script>\n<!-- \/ Yoast SEO plugin. -->","yoast_head_json":{"title":"Pojavila se snimka premla\u0107ivanja rukometa\u0161a - RADIO LJUBU\u0160KI","robots":{"index":"index","follow":"follow","max-snippet":"max-snippet:-1","max-image-preview":"max-image-preview:large","max-video-preview":"max-video-preview:-1"},"canonical":"https:\/\/radioljubuski.ba\/index.php\/2022\/04\/12\/pojavila-se-snimka-premlacivanja-rukometasa\/","og_locale":"hr_HR","og_type":"article","og_title":"Pojavila se snimka premla\u0107ivanja rukometa\u0161a - RADIO LJUBU\u0160KI","og_description":"Angelo Georgievski, prvoosumnji\u010deni za premla\u0107ivanje hrvatskog rukometa\u0161a Denisa Tota, koji je podlegao te\u0161kim ozljedama, vi\u0161estruki je prijestupnik osu\u0111en za trgovinu drogom u Sloveniji, pi\u0161e makedonski\u00a024 info. Podsjetimo, hrvatski rukometa\u0161 preminuo je od posljedica premla\u0107ivanja i zadobivenih udaraca.&nbsp;Georgievski je trenuta\u010dno u bijegu. Dobro poznat policiji Georgievski je u lipnju 2016. do\u017eivio prometnu nesre\u0107u u centru Maribora [&hellip;]","og_url":"https:\/\/radioljubuski.ba\/index.php\/2022\/04\/12\/pojavila-se-snimka-premlacivanja-rukometasa\/","og_site_name":"RADIO LJUBU\u0160KI","article_publisher":"https:\/\/www.facebook.com\/Radiio-Ljubuski-1490835324566332","article_published_time":"2022-04-12T06:41:55+00:00","article_modified_time":"2022-04-12T06:41:56+00:00","og_image":[{"width":622,"height":330,"url":"https:\/\/radioljubuski.ba\/wp-content\/uploads\/2022\/04\/snimka-napad.jpg","type":"image\/jpeg"}],"author":"Radio Ljubu\u0161ki","twitter_card":"summary_large_image","twitter_creator":"@radioljubuski","twitter_site":"@radioljubuski","twitter_misc":{"Napisao\/la":"Radio Ljubu\u0161ki","Procijenjeno vrijeme \u010ditanja":"2 minute"},"schema":{"@context":"https:\/\/schema.org","@graph":[{"@type":"Article","@id":"https:\/\/radioljubuski.ba\/index.php\/2022\/04\/12\/pojavila-se-snimka-premlacivanja-rukometasa\/#article","isPartOf":{"@id":"https:\/\/radioljubuski.ba\/index.php\/2022\/04\/12\/pojavila-se-snimka-premlacivanja-rukometasa\/"},"author":{"name":"Radio Ljubu\u0161ki","@id":"https:\/\/radioljubuski.ba\/#\/schema\/person\/19fc700381a780f69665d7956c469e3b"},"headline":"Pojavila se snimka premla\u0107ivanja rukometa\u0161a","datePublished":"2022-04-12T06:41:55+00:00","dateModified":"2022-04-12T06:41:56+00:00","mainEntityOfPage":{"@id":"https:\/\/radioljubuski.ba\/index.php\/2022\/04\/12\/pojavila-se-snimka-premlacivanja-rukometasa\/"},"wordCount":422,"publisher":{"@id":"https:\/\/radioljubuski.ba\/#organization"},"image":{"@id":"https:\/\/radioljubuski.ba\/index.php\/2022\/04\/12\/pojavila-se-snimka-premlacivanja-rukometasa\/#primaryimage"},"thumbnailUrl":"https:\/\/radioljubuski.ba\/wp-content\/uploads\/2022\/04\/snimka-napad.jpg","articleSection":["BIH i regija"],"inLanguage":"hr"},{"@type":"WebPage","@id":"https:\/\/radioljubuski.ba\/index.php\/2022\/04\/12\/pojavila-se-snimka-premlacivanja-rukometasa\/","url":"https:\/\/radioljubuski.ba\/index.php\/2022\/04\/12\/pojavila-se-snimka-premlacivanja-rukometasa\/","name":"Pojavila se snimka premla\u0107ivanja rukometa\u0161a - RADIO LJUBU\u0160KI","isPartOf":{"@id":"https:\/\/radioljubuski.ba\/#website"},"primaryImageOfPage":{"@id":"https:\/\/radioljubuski.ba\/index.php\/2022\/04\/12\/pojavila-se-snimka-premlacivanja-rukometasa\/#primaryimage"},"image":{"@id":"https:\/\/radioljubuski.ba\/index.php\/2022\/04\/12\/pojavila-se-snimka-premlacivanja-rukometasa\/#primaryimage"},"thumbnailUrl":"https:\/\/radioljubuski.ba\/wp-content\/uploads\/2022\/04\/snimka-napad.jpg","datePublished":"2022-04-12T06:41:55+00:00","dateModified":"2022-04-12T06:41:56+00:00","breadcrumb":{"@id":"https:\/\/radioljubuski.ba\/index.php\/2022\/04\/12\/pojavila-se-snimka-premlacivanja-rukometasa\/#breadcrumb"},"inLanguage":"hr","potentialAction":[{"@type":"ReadAction","target":["https:\/\/radioljubuski.ba\/index.php\/2022\/04\/12\/pojavila-se-snimka-premlacivanja-rukometasa\/"]}]},{"@type":"ImageObject","inLanguage":"hr","@id":"https:\/\/radioljubuski.ba\/index.php\/2022\/04\/12\/pojavila-se-snimka-premlacivanja-rukometasa\/#primaryimage","url":"https:\/\/radioljubuski.ba\/wp-content\/uploads\/2022\/04\/snimka-napad.jpg","contentUrl":"https:\/\/radioljubuski.ba\/wp-content\/uploads\/2022\/04\/snimka-napad.jpg","width":622,"height":330},{"@type":"BreadcrumbList","@id":"https:\/\/radioljubuski.ba\/index.php\/2022\/04\/12\/pojavila-se-snimka-premlacivanja-rukometasa\/#breadcrumb","itemListElement":[{"@type":"ListItem","position":1,"name":"Po\u010detna stranica","item":"https:\/\/radioljubuski.ba\/"},{"@type":"ListItem","position":2,"name":"Pojavila se snimka premla\u0107ivanja rukometa\u0161a"}]},{"@type":"WebSite","@id":"https:\/\/radioljubuski.ba\/#website","url":"https:\/\/radioljubuski.ba\/","name":"Radio Ljubu\u0161ki","description":"Sun\u010dana frekvencija Hercegovine","publisher":{"@id":"https:\/\/radioljubuski.ba\/#organization"},"potentialAction":[{"@type":"SearchAction","target":{"@type":"EntryPoint","urlTemplate":"https:\/\/radioljubuski.ba\/?s={search_term_string}"},"query-input":{"@type":"PropertyValueSpecification","valueRequired":true,"valueName":"search_term_string"}}],"inLanguage":"hr"},{"@type":"Organization","@id":"https:\/\/radioljubuski.ba\/#organization","name":"Radio Ljubu\u0161ki","url":"https:\/\/radioljubuski.ba\/","logo":{"@type":"ImageObject","inLanguage":"hr","@id":"https:\/\/radioljubuski.ba\/#\/schema\/logo\/image\/","url":"https:\/\/radioljubuski.ba\/wp-content\/uploads\/2021\/02\/cropped-Radio_Ljubuski_logo1.jpg","contentUrl":"https:\/\/radioljubuski.ba\/wp-content\/uploads\/2021\/02\/cropped-Radio_Ljubuski_logo1.jpg","width":512,"height":512,"caption":"Radio Ljubu\u0161ki"},"image":{"@id":"https:\/\/radioljubuski.ba\/#\/schema\/logo\/image\/"},"sameAs":["https:\/\/www.facebook.com\/Radiio-Ljubuski-1490835324566332","https:\/\/x.com\/radioljubuski","https:\/\/hr.linkedin.com\/company\/radio-ljubuski","https:\/\/www.youtube.com\/channel\/UCHYaeO_n0Db3tjNGudGpXyw"]},{"@type":"Person","@id":"https:\/\/radioljubuski.ba\/#\/schema\/person\/19fc700381a780f69665d7956c469e3b","name":"Radio Ljubu\u0161ki"}]}},"_links":{"self":[{"href":"https:\/\/radioljubuski.ba\/index.php\/wp-json\/wp\/v2\/posts\/131613","targetHints":{"allow":["GET"]}}],"collection":[{"href":"https:\/\/radioljubuski.ba\/index.php\/wp-json\/wp\/v2\/posts"}],"about":[{"href":"https:\/\/radioljubuski.ba\/index.php\/wp-json\/wp\/v2\/types\/post"}],"author":[{"embeddable":true,"href":"https:\/\/radioljubuski.ba\/index.php\/wp-json\/wp\/v2\/users\/2"}],"replies":[{"embeddable":true,"href":"https:\/\/radioljubuski.ba\/index.php\/wp-json\/wp\/v2\/comments?post=131613"}],"version-history":[{"count":1,"href":"https:\/\/radioljubuski.ba\/index.php\/wp-json\/wp\/v2\/posts\/131613\/revisions"}],"predecessor-version":[{"id":131615,"href":"https:\/\/radioljubuski.ba\/index.php\/wp-json\/wp\/v2\/posts\/131613\/revisions\/131615"}],"wp:featuredmedia":[{"embeddable":true,"href":"https:\/\/radioljubuski.ba\/index.php\/wp-json\/wp\/v2\/media\/131614"}],"wp:attachment":[{"href":"https:\/\/radioljubuski.ba\/index.php\/wp-json\/wp\/v2\/media?parent=131613"}],"wp:term":[{"taxonomy":"category","embeddable":true,"href":"https:\/\/radioljubuski.ba\/index.php\/wp-json\/wp\/v2\/categories?post=131613"},{"taxonomy":"post_tag","embeddable":true,"href":"https:\/\/radioljubuski.ba\/index.php\/wp-json\/wp\/v2\/tags?post=131613"}],"curies":[{"name":"wp","href":"https:\/\/api.w.org\/{rel}","templated":true}]}}