{"id":131688,"date":"2022-04-12T10:27:26","date_gmt":"2022-04-12T09:27:26","guid":{"rendered":"https:\/\/radioljubuski.ba\/?p=131688"},"modified":"2022-04-12T10:27:27","modified_gmt":"2022-04-12T09:27:27","slug":"koa-iskusni-snajperista-koji-je-djelovao-u-bih-trebao-tijekom-utakmice-ubiti-tacija","status":"publish","type":"post","link":"https:\/\/radioljubuski.ba\/index.php\/2022\/04\/12\/koa-iskusni-snajperista-koji-je-djelovao-u-bih-trebao-tijekom-utakmice-ubiti-tacija\/","title":{"rendered":"KOA: \u201cIskusni snajperista, koji je djelovao u BiH, trebao tijekom utakmice ubiti Ta\u010dija\u201d"},"content":{"rendered":"\n<p>Biv\u0161i \u0161ef Kosovske obavje\u0161tajne agencije (KOA) Ba\u0161kim Smakaj izjavio je da je KOA sprije\u010dila poku\u0161aj atentata na biv\u0161eg premijera Kosova Ha\u0161ima Ta\u010dija 2014. godine, tijekom prve utakmice koju je odigrala nogometne reprezentacija Kosova.<\/p>\n\n\n\n<p>On je za pri\u0161tinsku kablovsku televiziju T7 rekao da su kosovske sigurnosne institucije kontinuirano radile na spre\u010davanju djelovanja srbijanskih tajnih slu\u017ebi.<\/p>\n\n\n\n<p>\u201eSigurnosne institucije su se veoma dobro pripremile za ove igre na teritoriji Kosova. Sje\u0107ate se 2009. godine zabrane agenata BIA (koji su uhap\u0161eni prilikom nu\u0111enja novca za izjave o navodnoj trgovini organa) i 2014. godine, kada je odigrana prva utakmica Kosova? Sprije\u010dili smo napad koji je srbijanska tajna slu\u017eba pokrenula na na\u0161eg lidera kako bi razbili tu prazni\u010dnu atmosferu\u201c, rekao je on.<\/p>\n\n\n\n<p>On je objasnio kakva je metodologija bila pripremljena za izvr\u0161enje atentata na kosovske lidere na utakmici reprezentacije Kosova.<\/p>\n\n\n\n<p>\u201cSnajperista je bio anga\u017eiran od srbijanskih elitnih snaga i tada, u saradnji sa partnerskim slu\u017ebama, nije negirao da je srbijanska slu\u017eba tako ne\u0161to planirala. Na\u0161i partneri i ja smo poslali poruku Srbiji da to zaustavi i uhiti ga. Uhi\u0107en je\u201d, rekao je on.<\/p>\n\n\n\n<p>Rekao je da se radilo o iskusnom snajperisti koji je djelovao u Bosni i Hercegovini i Hrvatskoj.<\/p>\n\n\n\n<p>Izvor:pogled.ba<\/p>\n","protected":false},"excerpt":{"rendered":"<p>Biv\u0161i \u0161ef Kosovske obavje\u0161tajne agencije (KOA) Ba\u0161kim Smakaj izjavio je da je KOA sprije\u010dila poku\u0161aj atentata na biv\u0161eg premijera Kosova Ha\u0161ima Ta\u010dija 2014. godine, tijekom prve utakmice koju je odigrala nogometne reprezentacija Kosova. On je za pri\u0161tinsku kablovsku televiziju T7 rekao da su kosovske sigurnosne institucije kontinuirano radile na spre\u010davanju djelovanja srbijanskih tajnih slu\u017ebi. \u201eSigurnosne [&hellip;]<\/p>\n","protected":false},"author":2,"featured_media":131689,"comment_status":"closed","ping_status":"closed","sticky":false,"template":"","format":"standard","meta":{"h5ap_radio_sources":[],"footnotes":""},"categories":[1],"tags":[],"class_list":["post-131688","post","type-post","status-publish","format-standard","has-post-thumbnail","hentry","category-bihiregija"],"yoast_head":"<!-- This site is optimized with the Yoast SEO plugin v27.5 - https:\/\/yoast.com\/product\/yoast-seo-wordpress\/ -->\n<title>KOA: \u201cIskusni snajperista, koji je djelovao u BiH, trebao tijekom utakmice ubiti Ta\u010dija\u201d - RADIO LJUBU\u0160KI<\/title>\n<meta name=\"robots\" content=\"index, follow, max-snippet:-1, max-image-preview:large, max-video-preview:-1\" \/>\n<link rel=\"canonical\" href=\"https:\/\/radioljubuski.ba\/index.php\/2022\/04\/12\/koa-iskusni-snajperista-koji-je-djelovao-u-bih-trebao-tijekom-utakmice-ubiti-tacija\/\" \/>\n<meta property=\"og:locale\" content=\"hr_HR\" \/>\n<meta property=\"og:type\" content=\"article\" \/>\n<meta property=\"og:title\" content=\"KOA: \u201cIskusni snajperista, koji je djelovao u BiH, trebao tijekom utakmice ubiti Ta\u010dija\u201d - RADIO LJUBU\u0160KI\" \/>\n<meta property=\"og:description\" content=\"Biv\u0161i \u0161ef Kosovske obavje\u0161tajne agencije (KOA) Ba\u0161kim Smakaj izjavio je da je KOA sprije\u010dila poku\u0161aj atentata na biv\u0161eg premijera Kosova Ha\u0161ima Ta\u010dija 2014. godine, tijekom prve utakmice koju je odigrala nogometne reprezentacija Kosova. On je za pri\u0161tinsku kablovsku televiziju T7 rekao da su kosovske sigurnosne institucije kontinuirano radile na spre\u010davanju djelovanja srbijanskih tajnih slu\u017ebi. \u201eSigurnosne [&hellip;]\" \/>\n<meta property=\"og:url\" content=\"https:\/\/radioljubuski.ba\/index.php\/2022\/04\/12\/koa-iskusni-snajperista-koji-je-djelovao-u-bih-trebao-tijekom-utakmice-ubiti-tacija\/\" \/>\n<meta property=\"og:site_name\" content=\"RADIO LJUBU\u0160KI\" \/>\n<meta property=\"article:publisher\" content=\"https:\/\/www.facebook.com\/Radiio-Ljubuski-1490835324566332\" \/>\n<meta property=\"article:published_time\" content=\"2022-04-12T09:27:26+00:00\" \/>\n<meta property=\"article:modified_time\" content=\"2022-04-12T09:27:27+00:00\" \/>\n<meta property=\"og:image\" content=\"https:\/\/radioljubuski.ba\/wp-content\/uploads\/2022\/04\/2-2022-04-12-08-34-04-hasim-taci02-276238-725x408-1.jpeg\" \/>\n\t<meta property=\"og:image:width\" content=\"1000\" \/>\n\t<meta property=\"og:image:height\" content=\"625\" \/>\n\t<meta property=\"og:image:type\" content=\"image\/jpeg\" \/>\n<meta name=\"author\" content=\"Radio Ljubu\u0161ki\" \/>\n<meta name=\"twitter:card\" content=\"summary_large_image\" \/>\n<meta name=\"twitter:creator\" content=\"@radioljubuski\" \/>\n<meta name=\"twitter:site\" content=\"@radioljubuski\" \/>\n<meta name=\"twitter:label1\" content=\"Napisao\/la\" \/>\n\t<meta name=\"twitter:data1\" content=\"Radio Ljubu\u0161ki\" \/>\n\t<meta name=\"twitter:label2\" content=\"Procijenjeno vrijeme \u010ditanja\" \/>\n\t<meta name=\"twitter:data2\" content=\"1 minuta\" \/>\n<script type=\"application\/ld+json\" class=\"yoast-schema-graph\">{\"@context\":\"https:\\\/\\\/schema.org\",\"@graph\":[{\"@type\":\"Article\",\"@id\":\"https:\\\/\\\/radioljubuski.ba\\\/index.php\\\/2022\\\/04\\\/12\\\/koa-iskusni-snajperista-koji-je-djelovao-u-bih-trebao-tijekom-utakmice-ubiti-tacija\\\/#article\",\"isPartOf\":{\"@id\":\"https:\\\/\\\/radioljubuski.ba\\\/index.php\\\/2022\\\/04\\\/12\\\/koa-iskusni-snajperista-koji-je-djelovao-u-bih-trebao-tijekom-utakmice-ubiti-tacija\\\/\"},\"author\":{\"name\":\"Radio Ljubu\u0161ki\",\"@id\":\"https:\\\/\\\/radioljubuski.ba\\\/#\\\/schema\\\/person\\\/19fc700381a780f69665d7956c469e3b\"},\"headline\":\"KOA: \u201cIskusni snajperista, koji je djelovao u BiH, trebao tijekom utakmice ubiti Ta\u010dija\u201d\",\"datePublished\":\"2022-04-12T09:27:26+00:00\",\"dateModified\":\"2022-04-12T09:27:27+00:00\",\"mainEntityOfPage\":{\"@id\":\"https:\\\/\\\/radioljubuski.ba\\\/index.php\\\/2022\\\/04\\\/12\\\/koa-iskusni-snajperista-koji-je-djelovao-u-bih-trebao-tijekom-utakmice-ubiti-tacija\\\/\"},\"wordCount\":233,\"publisher\":{\"@id\":\"https:\\\/\\\/radioljubuski.ba\\\/#organization\"},\"image\":{\"@id\":\"https:\\\/\\\/radioljubuski.ba\\\/index.php\\\/2022\\\/04\\\/12\\\/koa-iskusni-snajperista-koji-je-djelovao-u-bih-trebao-tijekom-utakmice-ubiti-tacija\\\/#primaryimage\"},\"thumbnailUrl\":\"https:\\\/\\\/radioljubuski.ba\\\/wp-content\\\/uploads\\\/2022\\\/04\\\/2-2022-04-12-08-34-04-hasim-taci02-276238-725x408-1.jpeg\",\"articleSection\":[\"BIH i regija\"],\"inLanguage\":\"hr\"},{\"@type\":\"WebPage\",\"@id\":\"https:\\\/\\\/radioljubuski.ba\\\/index.php\\\/2022\\\/04\\\/12\\\/koa-iskusni-snajperista-koji-je-djelovao-u-bih-trebao-tijekom-utakmice-ubiti-tacija\\\/\",\"url\":\"https:\\\/\\\/radioljubuski.ba\\\/index.php\\\/2022\\\/04\\\/12\\\/koa-iskusni-snajperista-koji-je-djelovao-u-bih-trebao-tijekom-utakmice-ubiti-tacija\\\/\",\"name\":\"KOA: \u201cIskusni snajperista, koji je djelovao u BiH, trebao tijekom utakmice ubiti Ta\u010dija\u201d - RADIO LJUBU\u0160KI\",\"isPartOf\":{\"@id\":\"https:\\\/\\\/radioljubuski.ba\\\/#website\"},\"primaryImageOfPage\":{\"@id\":\"https:\\\/\\\/radioljubuski.ba\\\/index.php\\\/2022\\\/04\\\/12\\\/koa-iskusni-snajperista-koji-je-djelovao-u-bih-trebao-tijekom-utakmice-ubiti-tacija\\\/#primaryimage\"},\"image\":{\"@id\":\"https:\\\/\\\/radioljubuski.ba\\\/index.php\\\/2022\\\/04\\\/12\\\/koa-iskusni-snajperista-koji-je-djelovao-u-bih-trebao-tijekom-utakmice-ubiti-tacija\\\/#primaryimage\"},\"thumbnailUrl\":\"https:\\\/\\\/radioljubuski.ba\\\/wp-content\\\/uploads\\\/2022\\\/04\\\/2-2022-04-12-08-34-04-hasim-taci02-276238-725x408-1.jpeg\",\"datePublished\":\"2022-04-12T09:27:26+00:00\",\"dateModified\":\"2022-04-12T09:27:27+00:00\",\"breadcrumb\":{\"@id\":\"https:\\\/\\\/radioljubuski.ba\\\/index.php\\\/2022\\\/04\\\/12\\\/koa-iskusni-snajperista-koji-je-djelovao-u-bih-trebao-tijekom-utakmice-ubiti-tacija\\\/#breadcrumb\"},\"inLanguage\":\"hr\",\"potentialAction\":[{\"@type\":\"ReadAction\",\"target\":[\"https:\\\/\\\/radioljubuski.ba\\\/index.php\\\/2022\\\/04\\\/12\\\/koa-iskusni-snajperista-koji-je-djelovao-u-bih-trebao-tijekom-utakmice-ubiti-tacija\\\/\"]}]},{\"@type\":\"ImageObject\",\"inLanguage\":\"hr\",\"@id\":\"https:\\\/\\\/radioljubuski.ba\\\/index.php\\\/2022\\\/04\\\/12\\\/koa-iskusni-snajperista-koji-je-djelovao-u-bih-trebao-tijekom-utakmice-ubiti-tacija\\\/#primaryimage\",\"url\":\"https:\\\/\\\/radioljubuski.ba\\\/wp-content\\\/uploads\\\/2022\\\/04\\\/2-2022-04-12-08-34-04-hasim-taci02-276238-725x408-1.jpeg\",\"contentUrl\":\"https:\\\/\\\/radioljubuski.ba\\\/wp-content\\\/uploads\\\/2022\\\/04\\\/2-2022-04-12-08-34-04-hasim-taci02-276238-725x408-1.jpeg\",\"width\":1000,\"height\":625},{\"@type\":\"BreadcrumbList\",\"@id\":\"https:\\\/\\\/radioljubuski.ba\\\/index.php\\\/2022\\\/04\\\/12\\\/koa-iskusni-snajperista-koji-je-djelovao-u-bih-trebao-tijekom-utakmice-ubiti-tacija\\\/#breadcrumb\",\"itemListElement\":[{\"@type\":\"ListItem\",\"position\":1,\"name\":\"Po\u010detna stranica\",\"item\":\"https:\\\/\\\/radioljubuski.ba\\\/\"},{\"@type\":\"ListItem\",\"position\":2,\"name\":\"KOA: \u201cIskusni snajperista, koji je djelovao u BiH, trebao tijekom utakmice ubiti Ta\u010dija\u201d\"}]},{\"@type\":\"WebSite\",\"@id\":\"https:\\\/\\\/radioljubuski.ba\\\/#website\",\"url\":\"https:\\\/\\\/radioljubuski.ba\\\/\",\"name\":\"Radio Ljubu\u0161ki\",\"description\":\"Sun\u010dana frekvencija Hercegovine\",\"publisher\":{\"@id\":\"https:\\\/\\\/radioljubuski.ba\\\/#organization\"},\"potentialAction\":[{\"@type\":\"SearchAction\",\"target\":{\"@type\":\"EntryPoint\",\"urlTemplate\":\"https:\\\/\\\/radioljubuski.ba\\\/?s={search_term_string}\"},\"query-input\":{\"@type\":\"PropertyValueSpecification\",\"valueRequired\":true,\"valueName\":\"search_term_string\"}}],\"inLanguage\":\"hr\"},{\"@type\":\"Organization\",\"@id\":\"https:\\\/\\\/radioljubuski.ba\\\/#organization\",\"name\":\"Radio Ljubu\u0161ki\",\"url\":\"https:\\\/\\\/radioljubuski.ba\\\/\",\"logo\":{\"@type\":\"ImageObject\",\"inLanguage\":\"hr\",\"@id\":\"https:\\\/\\\/radioljubuski.ba\\\/#\\\/schema\\\/logo\\\/image\\\/\",\"url\":\"https:\\\/\\\/radioljubuski.ba\\\/wp-content\\\/uploads\\\/2021\\\/02\\\/cropped-Radio_Ljubuski_logo1.jpg\",\"contentUrl\":\"https:\\\/\\\/radioljubuski.ba\\\/wp-content\\\/uploads\\\/2021\\\/02\\\/cropped-Radio_Ljubuski_logo1.jpg\",\"width\":512,\"height\":512,\"caption\":\"Radio Ljubu\u0161ki\"},\"image\":{\"@id\":\"https:\\\/\\\/radioljubuski.ba\\\/#\\\/schema\\\/logo\\\/image\\\/\"},\"sameAs\":[\"https:\\\/\\\/www.facebook.com\\\/Radiio-Ljubuski-1490835324566332\",\"https:\\\/\\\/x.com\\\/radioljubuski\",\"https:\\\/\\\/hr.linkedin.com\\\/company\\\/radio-ljubuski\",\"https:\\\/\\\/www.youtube.com\\\/channel\\\/UCHYaeO_n0Db3tjNGudGpXyw\"]},{\"@type\":\"Person\",\"@id\":\"https:\\\/\\\/radioljubuski.ba\\\/#\\\/schema\\\/person\\\/19fc700381a780f69665d7956c469e3b\",\"name\":\"Radio Ljubu\u0161ki\"}]}<\/script>\n<!-- \/ Yoast SEO plugin. -->","yoast_head_json":{"title":"KOA: \u201cIskusni snajperista, koji je djelovao u BiH, trebao tijekom utakmice ubiti Ta\u010dija\u201d - RADIO LJUBU\u0160KI","robots":{"index":"index","follow":"follow","max-snippet":"max-snippet:-1","max-image-preview":"max-image-preview:large","max-video-preview":"max-video-preview:-1"},"canonical":"https:\/\/radioljubuski.ba\/index.php\/2022\/04\/12\/koa-iskusni-snajperista-koji-je-djelovao-u-bih-trebao-tijekom-utakmice-ubiti-tacija\/","og_locale":"hr_HR","og_type":"article","og_title":"KOA: \u201cIskusni snajperista, koji je djelovao u BiH, trebao tijekom utakmice ubiti Ta\u010dija\u201d - RADIO LJUBU\u0160KI","og_description":"Biv\u0161i \u0161ef Kosovske obavje\u0161tajne agencije (KOA) Ba\u0161kim Smakaj izjavio je da je KOA sprije\u010dila poku\u0161aj atentata na biv\u0161eg premijera Kosova Ha\u0161ima Ta\u010dija 2014. godine, tijekom prve utakmice koju je odigrala nogometne reprezentacija Kosova. On je za pri\u0161tinsku kablovsku televiziju T7 rekao da su kosovske sigurnosne institucije kontinuirano radile na spre\u010davanju djelovanja srbijanskih tajnih slu\u017ebi. \u201eSigurnosne [&hellip;]","og_url":"https:\/\/radioljubuski.ba\/index.php\/2022\/04\/12\/koa-iskusni-snajperista-koji-je-djelovao-u-bih-trebao-tijekom-utakmice-ubiti-tacija\/","og_site_name":"RADIO LJUBU\u0160KI","article_publisher":"https:\/\/www.facebook.com\/Radiio-Ljubuski-1490835324566332","article_published_time":"2022-04-12T09:27:26+00:00","article_modified_time":"2022-04-12T09:27:27+00:00","og_image":[{"width":1000,"height":625,"url":"https:\/\/radioljubuski.ba\/wp-content\/uploads\/2022\/04\/2-2022-04-12-08-34-04-hasim-taci02-276238-725x408-1.jpeg","type":"image\/jpeg"}],"author":"Radio Ljubu\u0161ki","twitter_card":"summary_large_image","twitter_creator":"@radioljubuski","twitter_site":"@radioljubuski","twitter_misc":{"Napisao\/la":"Radio Ljubu\u0161ki","Procijenjeno vrijeme \u010ditanja":"1 minuta"},"schema":{"@context":"https:\/\/schema.org","@graph":[{"@type":"Article","@id":"https:\/\/radioljubuski.ba\/index.php\/2022\/04\/12\/koa-iskusni-snajperista-koji-je-djelovao-u-bih-trebao-tijekom-utakmice-ubiti-tacija\/#article","isPartOf":{"@id":"https:\/\/radioljubuski.ba\/index.php\/2022\/04\/12\/koa-iskusni-snajperista-koji-je-djelovao-u-bih-trebao-tijekom-utakmice-ubiti-tacija\/"},"author":{"name":"Radio Ljubu\u0161ki","@id":"https:\/\/radioljubuski.ba\/#\/schema\/person\/19fc700381a780f69665d7956c469e3b"},"headline":"KOA: \u201cIskusni snajperista, koji je djelovao u BiH, trebao tijekom utakmice ubiti Ta\u010dija\u201d","datePublished":"2022-04-12T09:27:26+00:00","dateModified":"2022-04-12T09:27:27+00:00","mainEntityOfPage":{"@id":"https:\/\/radioljubuski.ba\/index.php\/2022\/04\/12\/koa-iskusni-snajperista-koji-je-djelovao-u-bih-trebao-tijekom-utakmice-ubiti-tacija\/"},"wordCount":233,"publisher":{"@id":"https:\/\/radioljubuski.ba\/#organization"},"image":{"@id":"https:\/\/radioljubuski.ba\/index.php\/2022\/04\/12\/koa-iskusni-snajperista-koji-je-djelovao-u-bih-trebao-tijekom-utakmice-ubiti-tacija\/#primaryimage"},"thumbnailUrl":"https:\/\/radioljubuski.ba\/wp-content\/uploads\/2022\/04\/2-2022-04-12-08-34-04-hasim-taci02-276238-725x408-1.jpeg","articleSection":["BIH i regija"],"inLanguage":"hr"},{"@type":"WebPage","@id":"https:\/\/radioljubuski.ba\/index.php\/2022\/04\/12\/koa-iskusni-snajperista-koji-je-djelovao-u-bih-trebao-tijekom-utakmice-ubiti-tacija\/","url":"https:\/\/radioljubuski.ba\/index.php\/2022\/04\/12\/koa-iskusni-snajperista-koji-je-djelovao-u-bih-trebao-tijekom-utakmice-ubiti-tacija\/","name":"KOA: \u201cIskusni snajperista, koji je djelovao u BiH, trebao tijekom utakmice ubiti Ta\u010dija\u201d - RADIO LJUBU\u0160KI","isPartOf":{"@id":"https:\/\/radioljubuski.ba\/#website"},"primaryImageOfPage":{"@id":"https:\/\/radioljubuski.ba\/index.php\/2022\/04\/12\/koa-iskusni-snajperista-koji-je-djelovao-u-bih-trebao-tijekom-utakmice-ubiti-tacija\/#primaryimage"},"image":{"@id":"https:\/\/radioljubuski.ba\/index.php\/2022\/04\/12\/koa-iskusni-snajperista-koji-je-djelovao-u-bih-trebao-tijekom-utakmice-ubiti-tacija\/#primaryimage"},"thumbnailUrl":"https:\/\/radioljubuski.ba\/wp-content\/uploads\/2022\/04\/2-2022-04-12-08-34-04-hasim-taci02-276238-725x408-1.jpeg","datePublished":"2022-04-12T09:27:26+00:00","dateModified":"2022-04-12T09:27:27+00:00","breadcrumb":{"@id":"https:\/\/radioljubuski.ba\/index.php\/2022\/04\/12\/koa-iskusni-snajperista-koji-je-djelovao-u-bih-trebao-tijekom-utakmice-ubiti-tacija\/#breadcrumb"},"inLanguage":"hr","potentialAction":[{"@type":"ReadAction","target":["https:\/\/radioljubuski.ba\/index.php\/2022\/04\/12\/koa-iskusni-snajperista-koji-je-djelovao-u-bih-trebao-tijekom-utakmice-ubiti-tacija\/"]}]},{"@type":"ImageObject","inLanguage":"hr","@id":"https:\/\/radioljubuski.ba\/index.php\/2022\/04\/12\/koa-iskusni-snajperista-koji-je-djelovao-u-bih-trebao-tijekom-utakmice-ubiti-tacija\/#primaryimage","url":"https:\/\/radioljubuski.ba\/wp-content\/uploads\/2022\/04\/2-2022-04-12-08-34-04-hasim-taci02-276238-725x408-1.jpeg","contentUrl":"https:\/\/radioljubuski.ba\/wp-content\/uploads\/2022\/04\/2-2022-04-12-08-34-04-hasim-taci02-276238-725x408-1.jpeg","width":1000,"height":625},{"@type":"BreadcrumbList","@id":"https:\/\/radioljubuski.ba\/index.php\/2022\/04\/12\/koa-iskusni-snajperista-koji-je-djelovao-u-bih-trebao-tijekom-utakmice-ubiti-tacija\/#breadcrumb","itemListElement":[{"@type":"ListItem","position":1,"name":"Po\u010detna stranica","item":"https:\/\/radioljubuski.ba\/"},{"@type":"ListItem","position":2,"name":"KOA: \u201cIskusni snajperista, koji je djelovao u BiH, trebao tijekom utakmice ubiti Ta\u010dija\u201d"}]},{"@type":"WebSite","@id":"https:\/\/radioljubuski.ba\/#website","url":"https:\/\/radioljubuski.ba\/","name":"Radio Ljubu\u0161ki","description":"Sun\u010dana frekvencija Hercegovine","publisher":{"@id":"https:\/\/radioljubuski.ba\/#organization"},"potentialAction":[{"@type":"SearchAction","target":{"@type":"EntryPoint","urlTemplate":"https:\/\/radioljubuski.ba\/?s={search_term_string}"},"query-input":{"@type":"PropertyValueSpecification","valueRequired":true,"valueName":"search_term_string"}}],"inLanguage":"hr"},{"@type":"Organization","@id":"https:\/\/radioljubuski.ba\/#organization","name":"Radio Ljubu\u0161ki","url":"https:\/\/radioljubuski.ba\/","logo":{"@type":"ImageObject","inLanguage":"hr","@id":"https:\/\/radioljubuski.ba\/#\/schema\/logo\/image\/","url":"https:\/\/radioljubuski.ba\/wp-content\/uploads\/2021\/02\/cropped-Radio_Ljubuski_logo1.jpg","contentUrl":"https:\/\/radioljubuski.ba\/wp-content\/uploads\/2021\/02\/cropped-Radio_Ljubuski_logo1.jpg","width":512,"height":512,"caption":"Radio Ljubu\u0161ki"},"image":{"@id":"https:\/\/radioljubuski.ba\/#\/schema\/logo\/image\/"},"sameAs":["https:\/\/www.facebook.com\/Radiio-Ljubuski-1490835324566332","https:\/\/x.com\/radioljubuski","https:\/\/hr.linkedin.com\/company\/radio-ljubuski","https:\/\/www.youtube.com\/channel\/UCHYaeO_n0Db3tjNGudGpXyw"]},{"@type":"Person","@id":"https:\/\/radioljubuski.ba\/#\/schema\/person\/19fc700381a780f69665d7956c469e3b","name":"Radio Ljubu\u0161ki"}]}},"_links":{"self":[{"href":"https:\/\/radioljubuski.ba\/index.php\/wp-json\/wp\/v2\/posts\/131688","targetHints":{"allow":["GET"]}}],"collection":[{"href":"https:\/\/radioljubuski.ba\/index.php\/wp-json\/wp\/v2\/posts"}],"about":[{"href":"https:\/\/radioljubuski.ba\/index.php\/wp-json\/wp\/v2\/types\/post"}],"author":[{"embeddable":true,"href":"https:\/\/radioljubuski.ba\/index.php\/wp-json\/wp\/v2\/users\/2"}],"replies":[{"embeddable":true,"href":"https:\/\/radioljubuski.ba\/index.php\/wp-json\/wp\/v2\/comments?post=131688"}],"version-history":[{"count":1,"href":"https:\/\/radioljubuski.ba\/index.php\/wp-json\/wp\/v2\/posts\/131688\/revisions"}],"predecessor-version":[{"id":131690,"href":"https:\/\/radioljubuski.ba\/index.php\/wp-json\/wp\/v2\/posts\/131688\/revisions\/131690"}],"wp:featuredmedia":[{"embeddable":true,"href":"https:\/\/radioljubuski.ba\/index.php\/wp-json\/wp\/v2\/media\/131689"}],"wp:attachment":[{"href":"https:\/\/radioljubuski.ba\/index.php\/wp-json\/wp\/v2\/media?parent=131688"}],"wp:term":[{"taxonomy":"category","embeddable":true,"href":"https:\/\/radioljubuski.ba\/index.php\/wp-json\/wp\/v2\/categories?post=131688"},{"taxonomy":"post_tag","embeddable":true,"href":"https:\/\/radioljubuski.ba\/index.php\/wp-json\/wp\/v2\/tags?post=131688"}],"curies":[{"name":"wp","href":"https:\/\/api.w.org\/{rel}","templated":true}]}}