{"id":131756,"date":"2022-04-12T11:55:14","date_gmt":"2022-04-12T10:55:14","guid":{"rendered":"https:\/\/radioljubuski.ba\/?p=131756"},"modified":"2022-04-12T11:55:14","modified_gmt":"2022-04-12T10:55:14","slug":"amerika-uvela-sankcije-asimu-sarajlicu-i-gordani-tadic","status":"publish","type":"post","link":"https:\/\/radioljubuski.ba\/index.php\/2022\/04\/12\/amerika-uvela-sankcije-asimu-sarajlicu-i-gordani-tadic\/","title":{"rendered":"Amerika uvela sankcije Asimu Sarajli\u0107u i Gordani Tadi\u0107"},"content":{"rendered":"\n<p>Na stranici Ameri\u010dkog ureda za kontrolu strane imovine (OFAC), na\u0161li su se danas \u010dlan SDA i izaslanik u Domu naroda BiH Asim Sarajli\u0107 i Gordana Tadi\u0107, biv\u0161a glavna tu\u017eiteljica Tu\u017eiteljstva BiH.<\/p>\n\n\n\n<p>Podsje\u0107amo, nedavno su iste sankcije uvedene Miloradu Dodiku, Milanu i Tijani Tegeltiji te Alternativnoj televiziji iz Banje Luke.<\/p>\n\n\n\n<p>Nakon uvo\u0111enja sankcija Gordani Tadi\u0107 i Asimu Sarajli\u0107u, oglasilo se i Veleposlanstvo SAD u BiH koje navodi da se sankcije odnose na zabranu putovanja&nbsp; u SAD njima i najbli\u017eim \u010dlanovima njihovih obitelji te blokadu eventualne imovine i ra\u010duna u toj zemlji.<\/p>\n\n\n\n<p>&#8216;Posljedi\u010dno dana\u0161njoj mjeri, sva imovina i pravo na imovinu onih koji su sankcionirani, a koja se nalazi u SAD ili je u posjedu ili pod kontrolom dr\u017eavljana SAD, mora biti blokirana i prijavljena OFAC. Propisi OFAC generalno zabranjuju sve transakcije dr\u017eavljana SAD koji su u SAD (ili koji prolaze kroz SAD) a koja uklju\u010duje imovinu ili pravo na imovinu pojedinaca koji su uvr\u0161teni na listu ili na drugi na\u010din blokirani. Dr\u017eavljani SAD mogu se suo\u010diti sa prekr\u0161ajima ili krivi\u010dnim kaznama za kr\u0161enje Izvr\u0161ne uredbe 14033, naveli su iz Veleposlanstva SAD u BiH.&nbsp;<\/p>\n\n\n\n<p>Izvor:pogled.ba<\/p>\n","protected":false},"excerpt":{"rendered":"<p>Na stranici Ameri\u010dkog ureda za kontrolu strane imovine (OFAC), na\u0161li su se danas \u010dlan SDA i izaslanik u Domu naroda BiH Asim Sarajli\u0107 i Gordana Tadi\u0107, biv\u0161a glavna tu\u017eiteljica Tu\u017eiteljstva BiH. Podsje\u0107amo, nedavno su iste sankcije uvedene Miloradu Dodiku, Milanu i Tijani Tegeltiji te Alternativnoj televiziji iz Banje Luke. Nakon uvo\u0111enja sankcija Gordani Tadi\u0107 i [&hellip;]<\/p>\n","protected":false},"author":2,"featured_media":131757,"comment_status":"closed","ping_status":"closed","sticky":false,"template":"","format":"standard","meta":{"h5ap_radio_sources":[],"footnotes":""},"categories":[1],"tags":[],"class_list":["post-131756","post","type-post","status-publish","format-standard","has-post-thumbnail","hentry","category-bihiregija"],"yoast_head":"<!-- This site is optimized with the Yoast SEO plugin v27.5 - https:\/\/yoast.com\/product\/yoast-seo-wordpress\/ -->\n<title>Amerika uvela sankcije Asimu Sarajli\u0107u i Gordani Tadi\u0107 - RADIO LJUBU\u0160KI<\/title>\n<meta name=\"robots\" content=\"index, follow, max-snippet:-1, max-image-preview:large, max-video-preview:-1\" \/>\n<link rel=\"canonical\" href=\"https:\/\/radioljubuski.ba\/index.php\/2022\/04\/12\/amerika-uvela-sankcije-asimu-sarajlicu-i-gordani-tadic\/\" \/>\n<meta property=\"og:locale\" content=\"hr_HR\" \/>\n<meta property=\"og:type\" content=\"article\" \/>\n<meta property=\"og:title\" content=\"Amerika uvela sankcije Asimu Sarajli\u0107u i Gordani Tadi\u0107 - RADIO LJUBU\u0160KI\" \/>\n<meta property=\"og:description\" content=\"Na stranici Ameri\u010dkog ureda za kontrolu strane imovine (OFAC), na\u0161li su se danas \u010dlan SDA i izaslanik u Domu naroda BiH Asim Sarajli\u0107 i Gordana Tadi\u0107, biv\u0161a glavna tu\u017eiteljica Tu\u017eiteljstva BiH. Podsje\u0107amo, nedavno su iste sankcije uvedene Miloradu Dodiku, Milanu i Tijani Tegeltiji te Alternativnoj televiziji iz Banje Luke. Nakon uvo\u0111enja sankcija Gordani Tadi\u0107 i [&hellip;]\" \/>\n<meta property=\"og:url\" content=\"https:\/\/radioljubuski.ba\/index.php\/2022\/04\/12\/amerika-uvela-sankcije-asimu-sarajlicu-i-gordani-tadic\/\" \/>\n<meta property=\"og:site_name\" content=\"RADIO LJUBU\u0160KI\" \/>\n<meta property=\"article:publisher\" content=\"https:\/\/www.facebook.com\/Radiio-Ljubuski-1490835324566332\" \/>\n<meta property=\"article:published_time\" content=\"2022-04-12T10:55:14+00:00\" \/>\n<meta property=\"og:image\" content=\"https:\/\/radioljubuski.ba\/wp-content\/uploads\/2022\/04\/8-2022-04-11-17-44-22-SARAJLIC-TADIC.jpg\" \/>\n\t<meta property=\"og:image:width\" content=\"1000\" \/>\n\t<meta property=\"og:image:height\" content=\"625\" \/>\n\t<meta property=\"og:image:type\" content=\"image\/jpeg\" \/>\n<meta name=\"author\" content=\"Radio Ljubu\u0161ki\" \/>\n<meta name=\"twitter:card\" content=\"summary_large_image\" \/>\n<meta name=\"twitter:creator\" content=\"@radioljubuski\" \/>\n<meta name=\"twitter:site\" content=\"@radioljubuski\" \/>\n<meta name=\"twitter:label1\" content=\"Napisao\/la\" \/>\n\t<meta name=\"twitter:data1\" content=\"Radio Ljubu\u0161ki\" \/>\n\t<meta name=\"twitter:label2\" content=\"Procijenjeno vrijeme \u010ditanja\" \/>\n\t<meta name=\"twitter:data2\" content=\"1 minuta\" \/>\n<script type=\"application\/ld+json\" class=\"yoast-schema-graph\">{\"@context\":\"https:\\\/\\\/schema.org\",\"@graph\":[{\"@type\":\"Article\",\"@id\":\"https:\\\/\\\/radioljubuski.ba\\\/index.php\\\/2022\\\/04\\\/12\\\/amerika-uvela-sankcije-asimu-sarajlicu-i-gordani-tadic\\\/#article\",\"isPartOf\":{\"@id\":\"https:\\\/\\\/radioljubuski.ba\\\/index.php\\\/2022\\\/04\\\/12\\\/amerika-uvela-sankcije-asimu-sarajlicu-i-gordani-tadic\\\/\"},\"author\":{\"name\":\"Radio Ljubu\u0161ki\",\"@id\":\"https:\\\/\\\/radioljubuski.ba\\\/#\\\/schema\\\/person\\\/19fc700381a780f69665d7956c469e3b\"},\"headline\":\"Amerika uvela sankcije Asimu Sarajli\u0107u i Gordani Tadi\u0107\",\"datePublished\":\"2022-04-12T10:55:14+00:00\",\"mainEntityOfPage\":{\"@id\":\"https:\\\/\\\/radioljubuski.ba\\\/index.php\\\/2022\\\/04\\\/12\\\/amerika-uvela-sankcije-asimu-sarajlicu-i-gordani-tadic\\\/\"},\"wordCount\":218,\"publisher\":{\"@id\":\"https:\\\/\\\/radioljubuski.ba\\\/#organization\"},\"image\":{\"@id\":\"https:\\\/\\\/radioljubuski.ba\\\/index.php\\\/2022\\\/04\\\/12\\\/amerika-uvela-sankcije-asimu-sarajlicu-i-gordani-tadic\\\/#primaryimage\"},\"thumbnailUrl\":\"https:\\\/\\\/radioljubuski.ba\\\/wp-content\\\/uploads\\\/2022\\\/04\\\/8-2022-04-11-17-44-22-SARAJLIC-TADIC.jpg\",\"articleSection\":[\"BIH i regija\"],\"inLanguage\":\"hr\"},{\"@type\":\"WebPage\",\"@id\":\"https:\\\/\\\/radioljubuski.ba\\\/index.php\\\/2022\\\/04\\\/12\\\/amerika-uvela-sankcije-asimu-sarajlicu-i-gordani-tadic\\\/\",\"url\":\"https:\\\/\\\/radioljubuski.ba\\\/index.php\\\/2022\\\/04\\\/12\\\/amerika-uvela-sankcije-asimu-sarajlicu-i-gordani-tadic\\\/\",\"name\":\"Amerika uvela sankcije Asimu Sarajli\u0107u i Gordani Tadi\u0107 - RADIO LJUBU\u0160KI\",\"isPartOf\":{\"@id\":\"https:\\\/\\\/radioljubuski.ba\\\/#website\"},\"primaryImageOfPage\":{\"@id\":\"https:\\\/\\\/radioljubuski.ba\\\/index.php\\\/2022\\\/04\\\/12\\\/amerika-uvela-sankcije-asimu-sarajlicu-i-gordani-tadic\\\/#primaryimage\"},\"image\":{\"@id\":\"https:\\\/\\\/radioljubuski.ba\\\/index.php\\\/2022\\\/04\\\/12\\\/amerika-uvela-sankcije-asimu-sarajlicu-i-gordani-tadic\\\/#primaryimage\"},\"thumbnailUrl\":\"https:\\\/\\\/radioljubuski.ba\\\/wp-content\\\/uploads\\\/2022\\\/04\\\/8-2022-04-11-17-44-22-SARAJLIC-TADIC.jpg\",\"datePublished\":\"2022-04-12T10:55:14+00:00\",\"breadcrumb\":{\"@id\":\"https:\\\/\\\/radioljubuski.ba\\\/index.php\\\/2022\\\/04\\\/12\\\/amerika-uvela-sankcije-asimu-sarajlicu-i-gordani-tadic\\\/#breadcrumb\"},\"inLanguage\":\"hr\",\"potentialAction\":[{\"@type\":\"ReadAction\",\"target\":[\"https:\\\/\\\/radioljubuski.ba\\\/index.php\\\/2022\\\/04\\\/12\\\/amerika-uvela-sankcije-asimu-sarajlicu-i-gordani-tadic\\\/\"]}]},{\"@type\":\"ImageObject\",\"inLanguage\":\"hr\",\"@id\":\"https:\\\/\\\/radioljubuski.ba\\\/index.php\\\/2022\\\/04\\\/12\\\/amerika-uvela-sankcije-asimu-sarajlicu-i-gordani-tadic\\\/#primaryimage\",\"url\":\"https:\\\/\\\/radioljubuski.ba\\\/wp-content\\\/uploads\\\/2022\\\/04\\\/8-2022-04-11-17-44-22-SARAJLIC-TADIC.jpg\",\"contentUrl\":\"https:\\\/\\\/radioljubuski.ba\\\/wp-content\\\/uploads\\\/2022\\\/04\\\/8-2022-04-11-17-44-22-SARAJLIC-TADIC.jpg\",\"width\":1000,\"height\":625},{\"@type\":\"BreadcrumbList\",\"@id\":\"https:\\\/\\\/radioljubuski.ba\\\/index.php\\\/2022\\\/04\\\/12\\\/amerika-uvela-sankcije-asimu-sarajlicu-i-gordani-tadic\\\/#breadcrumb\",\"itemListElement\":[{\"@type\":\"ListItem\",\"position\":1,\"name\":\"Po\u010detna stranica\",\"item\":\"https:\\\/\\\/radioljubuski.ba\\\/\"},{\"@type\":\"ListItem\",\"position\":2,\"name\":\"Amerika uvela sankcije Asimu Sarajli\u0107u i Gordani Tadi\u0107\"}]},{\"@type\":\"WebSite\",\"@id\":\"https:\\\/\\\/radioljubuski.ba\\\/#website\",\"url\":\"https:\\\/\\\/radioljubuski.ba\\\/\",\"name\":\"Radio Ljubu\u0161ki\",\"description\":\"Sun\u010dana frekvencija Hercegovine\",\"publisher\":{\"@id\":\"https:\\\/\\\/radioljubuski.ba\\\/#organization\"},\"potentialAction\":[{\"@type\":\"SearchAction\",\"target\":{\"@type\":\"EntryPoint\",\"urlTemplate\":\"https:\\\/\\\/radioljubuski.ba\\\/?s={search_term_string}\"},\"query-input\":{\"@type\":\"PropertyValueSpecification\",\"valueRequired\":true,\"valueName\":\"search_term_string\"}}],\"inLanguage\":\"hr\"},{\"@type\":\"Organization\",\"@id\":\"https:\\\/\\\/radioljubuski.ba\\\/#organization\",\"name\":\"Radio Ljubu\u0161ki\",\"url\":\"https:\\\/\\\/radioljubuski.ba\\\/\",\"logo\":{\"@type\":\"ImageObject\",\"inLanguage\":\"hr\",\"@id\":\"https:\\\/\\\/radioljubuski.ba\\\/#\\\/schema\\\/logo\\\/image\\\/\",\"url\":\"https:\\\/\\\/radioljubuski.ba\\\/wp-content\\\/uploads\\\/2021\\\/02\\\/cropped-Radio_Ljubuski_logo1.jpg\",\"contentUrl\":\"https:\\\/\\\/radioljubuski.ba\\\/wp-content\\\/uploads\\\/2021\\\/02\\\/cropped-Radio_Ljubuski_logo1.jpg\",\"width\":512,\"height\":512,\"caption\":\"Radio Ljubu\u0161ki\"},\"image\":{\"@id\":\"https:\\\/\\\/radioljubuski.ba\\\/#\\\/schema\\\/logo\\\/image\\\/\"},\"sameAs\":[\"https:\\\/\\\/www.facebook.com\\\/Radiio-Ljubuski-1490835324566332\",\"https:\\\/\\\/x.com\\\/radioljubuski\",\"https:\\\/\\\/hr.linkedin.com\\\/company\\\/radio-ljubuski\",\"https:\\\/\\\/www.youtube.com\\\/channel\\\/UCHYaeO_n0Db3tjNGudGpXyw\"]},{\"@type\":\"Person\",\"@id\":\"https:\\\/\\\/radioljubuski.ba\\\/#\\\/schema\\\/person\\\/19fc700381a780f69665d7956c469e3b\",\"name\":\"Radio Ljubu\u0161ki\"}]}<\/script>\n<!-- \/ Yoast SEO plugin. -->","yoast_head_json":{"title":"Amerika uvela sankcije Asimu Sarajli\u0107u i Gordani Tadi\u0107 - RADIO LJUBU\u0160KI","robots":{"index":"index","follow":"follow","max-snippet":"max-snippet:-1","max-image-preview":"max-image-preview:large","max-video-preview":"max-video-preview:-1"},"canonical":"https:\/\/radioljubuski.ba\/index.php\/2022\/04\/12\/amerika-uvela-sankcije-asimu-sarajlicu-i-gordani-tadic\/","og_locale":"hr_HR","og_type":"article","og_title":"Amerika uvela sankcije Asimu Sarajli\u0107u i Gordani Tadi\u0107 - RADIO LJUBU\u0160KI","og_description":"Na stranici Ameri\u010dkog ureda za kontrolu strane imovine (OFAC), na\u0161li su se danas \u010dlan SDA i izaslanik u Domu naroda BiH Asim Sarajli\u0107 i Gordana Tadi\u0107, biv\u0161a glavna tu\u017eiteljica Tu\u017eiteljstva BiH. Podsje\u0107amo, nedavno su iste sankcije uvedene Miloradu Dodiku, Milanu i Tijani Tegeltiji te Alternativnoj televiziji iz Banje Luke. Nakon uvo\u0111enja sankcija Gordani Tadi\u0107 i [&hellip;]","og_url":"https:\/\/radioljubuski.ba\/index.php\/2022\/04\/12\/amerika-uvela-sankcije-asimu-sarajlicu-i-gordani-tadic\/","og_site_name":"RADIO LJUBU\u0160KI","article_publisher":"https:\/\/www.facebook.com\/Radiio-Ljubuski-1490835324566332","article_published_time":"2022-04-12T10:55:14+00:00","og_image":[{"width":1000,"height":625,"url":"https:\/\/radioljubuski.ba\/wp-content\/uploads\/2022\/04\/8-2022-04-11-17-44-22-SARAJLIC-TADIC.jpg","type":"image\/jpeg"}],"author":"Radio Ljubu\u0161ki","twitter_card":"summary_large_image","twitter_creator":"@radioljubuski","twitter_site":"@radioljubuski","twitter_misc":{"Napisao\/la":"Radio Ljubu\u0161ki","Procijenjeno vrijeme \u010ditanja":"1 minuta"},"schema":{"@context":"https:\/\/schema.org","@graph":[{"@type":"Article","@id":"https:\/\/radioljubuski.ba\/index.php\/2022\/04\/12\/amerika-uvela-sankcije-asimu-sarajlicu-i-gordani-tadic\/#article","isPartOf":{"@id":"https:\/\/radioljubuski.ba\/index.php\/2022\/04\/12\/amerika-uvela-sankcije-asimu-sarajlicu-i-gordani-tadic\/"},"author":{"name":"Radio Ljubu\u0161ki","@id":"https:\/\/radioljubuski.ba\/#\/schema\/person\/19fc700381a780f69665d7956c469e3b"},"headline":"Amerika uvela sankcije Asimu Sarajli\u0107u i Gordani Tadi\u0107","datePublished":"2022-04-12T10:55:14+00:00","mainEntityOfPage":{"@id":"https:\/\/radioljubuski.ba\/index.php\/2022\/04\/12\/amerika-uvela-sankcije-asimu-sarajlicu-i-gordani-tadic\/"},"wordCount":218,"publisher":{"@id":"https:\/\/radioljubuski.ba\/#organization"},"image":{"@id":"https:\/\/radioljubuski.ba\/index.php\/2022\/04\/12\/amerika-uvela-sankcije-asimu-sarajlicu-i-gordani-tadic\/#primaryimage"},"thumbnailUrl":"https:\/\/radioljubuski.ba\/wp-content\/uploads\/2022\/04\/8-2022-04-11-17-44-22-SARAJLIC-TADIC.jpg","articleSection":["BIH i regija"],"inLanguage":"hr"},{"@type":"WebPage","@id":"https:\/\/radioljubuski.ba\/index.php\/2022\/04\/12\/amerika-uvela-sankcije-asimu-sarajlicu-i-gordani-tadic\/","url":"https:\/\/radioljubuski.ba\/index.php\/2022\/04\/12\/amerika-uvela-sankcije-asimu-sarajlicu-i-gordani-tadic\/","name":"Amerika uvela sankcije Asimu Sarajli\u0107u i Gordani Tadi\u0107 - RADIO LJUBU\u0160KI","isPartOf":{"@id":"https:\/\/radioljubuski.ba\/#website"},"primaryImageOfPage":{"@id":"https:\/\/radioljubuski.ba\/index.php\/2022\/04\/12\/amerika-uvela-sankcije-asimu-sarajlicu-i-gordani-tadic\/#primaryimage"},"image":{"@id":"https:\/\/radioljubuski.ba\/index.php\/2022\/04\/12\/amerika-uvela-sankcije-asimu-sarajlicu-i-gordani-tadic\/#primaryimage"},"thumbnailUrl":"https:\/\/radioljubuski.ba\/wp-content\/uploads\/2022\/04\/8-2022-04-11-17-44-22-SARAJLIC-TADIC.jpg","datePublished":"2022-04-12T10:55:14+00:00","breadcrumb":{"@id":"https:\/\/radioljubuski.ba\/index.php\/2022\/04\/12\/amerika-uvela-sankcije-asimu-sarajlicu-i-gordani-tadic\/#breadcrumb"},"inLanguage":"hr","potentialAction":[{"@type":"ReadAction","target":["https:\/\/radioljubuski.ba\/index.php\/2022\/04\/12\/amerika-uvela-sankcije-asimu-sarajlicu-i-gordani-tadic\/"]}]},{"@type":"ImageObject","inLanguage":"hr","@id":"https:\/\/radioljubuski.ba\/index.php\/2022\/04\/12\/amerika-uvela-sankcije-asimu-sarajlicu-i-gordani-tadic\/#primaryimage","url":"https:\/\/radioljubuski.ba\/wp-content\/uploads\/2022\/04\/8-2022-04-11-17-44-22-SARAJLIC-TADIC.jpg","contentUrl":"https:\/\/radioljubuski.ba\/wp-content\/uploads\/2022\/04\/8-2022-04-11-17-44-22-SARAJLIC-TADIC.jpg","width":1000,"height":625},{"@type":"BreadcrumbList","@id":"https:\/\/radioljubuski.ba\/index.php\/2022\/04\/12\/amerika-uvela-sankcije-asimu-sarajlicu-i-gordani-tadic\/#breadcrumb","itemListElement":[{"@type":"ListItem","position":1,"name":"Po\u010detna stranica","item":"https:\/\/radioljubuski.ba\/"},{"@type":"ListItem","position":2,"name":"Amerika uvela sankcije Asimu Sarajli\u0107u i Gordani Tadi\u0107"}]},{"@type":"WebSite","@id":"https:\/\/radioljubuski.ba\/#website","url":"https:\/\/radioljubuski.ba\/","name":"Radio Ljubu\u0161ki","description":"Sun\u010dana frekvencija Hercegovine","publisher":{"@id":"https:\/\/radioljubuski.ba\/#organization"},"potentialAction":[{"@type":"SearchAction","target":{"@type":"EntryPoint","urlTemplate":"https:\/\/radioljubuski.ba\/?s={search_term_string}"},"query-input":{"@type":"PropertyValueSpecification","valueRequired":true,"valueName":"search_term_string"}}],"inLanguage":"hr"},{"@type":"Organization","@id":"https:\/\/radioljubuski.ba\/#organization","name":"Radio Ljubu\u0161ki","url":"https:\/\/radioljubuski.ba\/","logo":{"@type":"ImageObject","inLanguage":"hr","@id":"https:\/\/radioljubuski.ba\/#\/schema\/logo\/image\/","url":"https:\/\/radioljubuski.ba\/wp-content\/uploads\/2021\/02\/cropped-Radio_Ljubuski_logo1.jpg","contentUrl":"https:\/\/radioljubuski.ba\/wp-content\/uploads\/2021\/02\/cropped-Radio_Ljubuski_logo1.jpg","width":512,"height":512,"caption":"Radio Ljubu\u0161ki"},"image":{"@id":"https:\/\/radioljubuski.ba\/#\/schema\/logo\/image\/"},"sameAs":["https:\/\/www.facebook.com\/Radiio-Ljubuski-1490835324566332","https:\/\/x.com\/radioljubuski","https:\/\/hr.linkedin.com\/company\/radio-ljubuski","https:\/\/www.youtube.com\/channel\/UCHYaeO_n0Db3tjNGudGpXyw"]},{"@type":"Person","@id":"https:\/\/radioljubuski.ba\/#\/schema\/person\/19fc700381a780f69665d7956c469e3b","name":"Radio Ljubu\u0161ki"}]}},"_links":{"self":[{"href":"https:\/\/radioljubuski.ba\/index.php\/wp-json\/wp\/v2\/posts\/131756","targetHints":{"allow":["GET"]}}],"collection":[{"href":"https:\/\/radioljubuski.ba\/index.php\/wp-json\/wp\/v2\/posts"}],"about":[{"href":"https:\/\/radioljubuski.ba\/index.php\/wp-json\/wp\/v2\/types\/post"}],"author":[{"embeddable":true,"href":"https:\/\/radioljubuski.ba\/index.php\/wp-json\/wp\/v2\/users\/2"}],"replies":[{"embeddable":true,"href":"https:\/\/radioljubuski.ba\/index.php\/wp-json\/wp\/v2\/comments?post=131756"}],"version-history":[{"count":1,"href":"https:\/\/radioljubuski.ba\/index.php\/wp-json\/wp\/v2\/posts\/131756\/revisions"}],"predecessor-version":[{"id":131758,"href":"https:\/\/radioljubuski.ba\/index.php\/wp-json\/wp\/v2\/posts\/131756\/revisions\/131758"}],"wp:featuredmedia":[{"embeddable":true,"href":"https:\/\/radioljubuski.ba\/index.php\/wp-json\/wp\/v2\/media\/131757"}],"wp:attachment":[{"href":"https:\/\/radioljubuski.ba\/index.php\/wp-json\/wp\/v2\/media?parent=131756"}],"wp:term":[{"taxonomy":"category","embeddable":true,"href":"https:\/\/radioljubuski.ba\/index.php\/wp-json\/wp\/v2\/categories?post=131756"},{"taxonomy":"post_tag","embeddable":true,"href":"https:\/\/radioljubuski.ba\/index.php\/wp-json\/wp\/v2\/tags?post=131756"}],"curies":[{"name":"wp","href":"https:\/\/api.w.org\/{rel}","templated":true}]}}