{"id":131759,"date":"2022-04-12T11:56:38","date_gmt":"2022-04-12T10:56:38","guid":{"rendered":"https:\/\/radioljubuski.ba\/?p=131759"},"modified":"2022-04-12T11:56:39","modified_gmt":"2022-04-12T10:56:39","slug":"nakon-mjeseci-rasta-napokon-stagniraju-cijene-rabljenih-vozila","status":"publish","type":"post","link":"https:\/\/radioljubuski.ba\/index.php\/2022\/04\/12\/nakon-mjeseci-rasta-napokon-stagniraju-cijene-rabljenih-vozila\/","title":{"rendered":"Nakon mjeseci rasta, napokon stagniraju cijene rabljenih vozila"},"content":{"rendered":"\n<p>Sve poskupljuje pa i cijene rabljenih automobila. No napokon se na horizintu mo\u017ee vidjeti kraj divljanju cijena.<\/p>\n\n\n\n<p>Indeks cijena AutoScout24 ukazuje na po\u010detak novog trenda. U odnosu na velja\u010du, cijene rabljenih automobila ostaju stabilne u o\u017eujku. No godi\u0161nja usporedba pokazuje druga\u010diju sliku: u odnosu na o\u017eujak pro\u0161le godine cijene rabljenih automobila porasle su u prosjeku za 3245 eura, \u0161to odgovara porastu cijene od 14,4 posto, prenosi Revija HAK<\/p>\n\n\n\n<p>Rastu\u0107e cijene goriva u o\u017eujku uzrokovale su i porast potra\u017enje za elektri\u010dnim automobilima. U odnosu na prethodni mjesec potra\u017enja je porasla za 48 posto. Zbog toga su oni poskupjeli u o\u017eujku u odnosu na velja\u010du \u2013 rabljeni elektri\u010dni automobil ko\u0161ta u prosjeku 40.655 eura, \u0161to je 4,6 posto ili 1782 eura vi\u0161e nego u prethodnom mjesecu.<\/p>\n\n\n\n<p>Dok su cijene kombija i minibusa porasle na 21.935 eura (+ 1,8%), u luksuznoj klasi rast je u prosjeku na 60.348 eura (+1,5%) za jedno vozilo, a kod SUV-ova prosje\u010dna je cijena blago rasla na 32.727 eura (+ 0,5%). No cijene u segmentu malih automobila stagniraju na 14.927 eura, a u vi\u0161oj srednjoj klasi na 29.456 eura. Lagano je sni\u017eenje cijene u odnosu na velja\u010du u kompaktnoj klasi koja je trenutno dostupna za prosje\u010dno 19.510 eura. U srednjoj klasi cijene tako\u0111er blago padaju na 24.804 eura.<\/p>\n\n\n\n<p>Potra\u017enja za rabljenim automobilima pada za vi\u0161e od 11 posto u svim segmentima vozila pa i u tom statisti\u010dkom podatku treba gledati razlog za stangaciju cijena.<\/p>\n\n\n\n<p>Izvor:revija HAK<\/p>\n","protected":false},"excerpt":{"rendered":"<p>Sve poskupljuje pa i cijene rabljenih automobila. No napokon se na horizintu mo\u017ee vidjeti kraj divljanju cijena. Indeks cijena AutoScout24 ukazuje na po\u010detak novog trenda. U odnosu na velja\u010du, cijene rabljenih automobila ostaju stabilne u o\u017eujku. No godi\u0161nja usporedba pokazuje druga\u010diju sliku: u odnosu na o\u017eujak pro\u0161le godine cijene rabljenih automobila porasle su u prosjeku [&hellip;]<\/p>\n","protected":false},"author":2,"featured_media":106362,"comment_status":"closed","ping_status":"closed","sticky":false,"template":"","format":"standard","meta":{"h5ap_radio_sources":[],"footnotes":""},"categories":[1],"tags":[],"class_list":["post-131759","post","type-post","status-publish","format-standard","has-post-thumbnail","hentry","category-bihiregija"],"yoast_head":"<!-- This site is optimized with the Yoast SEO plugin v27.5 - https:\/\/yoast.com\/product\/yoast-seo-wordpress\/ -->\n<title>Nakon mjeseci rasta, napokon stagniraju cijene rabljenih vozila - RADIO LJUBU\u0160KI<\/title>\n<meta name=\"robots\" content=\"index, follow, max-snippet:-1, max-image-preview:large, max-video-preview:-1\" \/>\n<link rel=\"canonical\" href=\"https:\/\/radioljubuski.ba\/index.php\/2022\/04\/12\/nakon-mjeseci-rasta-napokon-stagniraju-cijene-rabljenih-vozila\/\" \/>\n<meta property=\"og:locale\" content=\"hr_HR\" \/>\n<meta property=\"og:type\" content=\"article\" \/>\n<meta property=\"og:title\" content=\"Nakon mjeseci rasta, napokon stagniraju cijene rabljenih vozila - RADIO LJUBU\u0160KI\" \/>\n<meta property=\"og:description\" content=\"Sve poskupljuje pa i cijene rabljenih automobila. No napokon se na horizintu mo\u017ee vidjeti kraj divljanju cijena. Indeks cijena AutoScout24 ukazuje na po\u010detak novog trenda. U odnosu na velja\u010du, cijene rabljenih automobila ostaju stabilne u o\u017eujku. No godi\u0161nja usporedba pokazuje druga\u010diju sliku: u odnosu na o\u017eujak pro\u0161le godine cijene rabljenih automobila porasle su u prosjeku [&hellip;]\" \/>\n<meta property=\"og:url\" content=\"https:\/\/radioljubuski.ba\/index.php\/2022\/04\/12\/nakon-mjeseci-rasta-napokon-stagniraju-cijene-rabljenih-vozila\/\" \/>\n<meta property=\"og:site_name\" content=\"RADIO LJUBU\u0160KI\" \/>\n<meta property=\"article:publisher\" content=\"https:\/\/www.facebook.com\/Radiio-Ljubuski-1490835324566332\" \/>\n<meta property=\"article:published_time\" content=\"2022-04-12T10:56:38+00:00\" \/>\n<meta property=\"article:modified_time\" content=\"2022-04-12T10:56:39+00:00\" \/>\n<meta property=\"og:image\" content=\"https:\/\/radioljubuski.ba\/wp-content\/uploads\/2022\/01\/8-2021-09-11-17-52-57-AUTOMOBILI.jpg\" \/>\n\t<meta property=\"og:image:width\" content=\"1000\" \/>\n\t<meta property=\"og:image:height\" content=\"625\" \/>\n\t<meta property=\"og:image:type\" content=\"image\/jpeg\" \/>\n<meta name=\"author\" content=\"Radio Ljubu\u0161ki\" \/>\n<meta name=\"twitter:card\" content=\"summary_large_image\" \/>\n<meta name=\"twitter:creator\" content=\"@radioljubuski\" \/>\n<meta name=\"twitter:site\" content=\"@radioljubuski\" \/>\n<meta name=\"twitter:label1\" content=\"Napisao\/la\" \/>\n\t<meta name=\"twitter:data1\" content=\"Radio Ljubu\u0161ki\" \/>\n\t<meta name=\"twitter:label2\" content=\"Procijenjeno vrijeme \u010ditanja\" \/>\n\t<meta name=\"twitter:data2\" content=\"2 minute\" \/>\n<script type=\"application\/ld+json\" class=\"yoast-schema-graph\">{\"@context\":\"https:\\\/\\\/schema.org\",\"@graph\":[{\"@type\":\"Article\",\"@id\":\"https:\\\/\\\/radioljubuski.ba\\\/index.php\\\/2022\\\/04\\\/12\\\/nakon-mjeseci-rasta-napokon-stagniraju-cijene-rabljenih-vozila\\\/#article\",\"isPartOf\":{\"@id\":\"https:\\\/\\\/radioljubuski.ba\\\/index.php\\\/2022\\\/04\\\/12\\\/nakon-mjeseci-rasta-napokon-stagniraju-cijene-rabljenih-vozila\\\/\"},\"author\":{\"name\":\"Radio Ljubu\u0161ki\",\"@id\":\"https:\\\/\\\/radioljubuski.ba\\\/#\\\/schema\\\/person\\\/19fc700381a780f69665d7956c469e3b\"},\"headline\":\"Nakon mjeseci rasta, napokon stagniraju cijene rabljenih vozila\",\"datePublished\":\"2022-04-12T10:56:38+00:00\",\"dateModified\":\"2022-04-12T10:56:39+00:00\",\"mainEntityOfPage\":{\"@id\":\"https:\\\/\\\/radioljubuski.ba\\\/index.php\\\/2022\\\/04\\\/12\\\/nakon-mjeseci-rasta-napokon-stagniraju-cijene-rabljenih-vozila\\\/\"},\"wordCount\":254,\"publisher\":{\"@id\":\"https:\\\/\\\/radioljubuski.ba\\\/#organization\"},\"image\":{\"@id\":\"https:\\\/\\\/radioljubuski.ba\\\/index.php\\\/2022\\\/04\\\/12\\\/nakon-mjeseci-rasta-napokon-stagniraju-cijene-rabljenih-vozila\\\/#primaryimage\"},\"thumbnailUrl\":\"https:\\\/\\\/radioljubuski.ba\\\/wp-content\\\/uploads\\\/2022\\\/01\\\/8-2021-09-11-17-52-57-AUTOMOBILI.jpg\",\"articleSection\":[\"BIH i regija\"],\"inLanguage\":\"hr\"},{\"@type\":\"WebPage\",\"@id\":\"https:\\\/\\\/radioljubuski.ba\\\/index.php\\\/2022\\\/04\\\/12\\\/nakon-mjeseci-rasta-napokon-stagniraju-cijene-rabljenih-vozila\\\/\",\"url\":\"https:\\\/\\\/radioljubuski.ba\\\/index.php\\\/2022\\\/04\\\/12\\\/nakon-mjeseci-rasta-napokon-stagniraju-cijene-rabljenih-vozila\\\/\",\"name\":\"Nakon mjeseci rasta, napokon stagniraju cijene rabljenih vozila - RADIO LJUBU\u0160KI\",\"isPartOf\":{\"@id\":\"https:\\\/\\\/radioljubuski.ba\\\/#website\"},\"primaryImageOfPage\":{\"@id\":\"https:\\\/\\\/radioljubuski.ba\\\/index.php\\\/2022\\\/04\\\/12\\\/nakon-mjeseci-rasta-napokon-stagniraju-cijene-rabljenih-vozila\\\/#primaryimage\"},\"image\":{\"@id\":\"https:\\\/\\\/radioljubuski.ba\\\/index.php\\\/2022\\\/04\\\/12\\\/nakon-mjeseci-rasta-napokon-stagniraju-cijene-rabljenih-vozila\\\/#primaryimage\"},\"thumbnailUrl\":\"https:\\\/\\\/radioljubuski.ba\\\/wp-content\\\/uploads\\\/2022\\\/01\\\/8-2021-09-11-17-52-57-AUTOMOBILI.jpg\",\"datePublished\":\"2022-04-12T10:56:38+00:00\",\"dateModified\":\"2022-04-12T10:56:39+00:00\",\"breadcrumb\":{\"@id\":\"https:\\\/\\\/radioljubuski.ba\\\/index.php\\\/2022\\\/04\\\/12\\\/nakon-mjeseci-rasta-napokon-stagniraju-cijene-rabljenih-vozila\\\/#breadcrumb\"},\"inLanguage\":\"hr\",\"potentialAction\":[{\"@type\":\"ReadAction\",\"target\":[\"https:\\\/\\\/radioljubuski.ba\\\/index.php\\\/2022\\\/04\\\/12\\\/nakon-mjeseci-rasta-napokon-stagniraju-cijene-rabljenih-vozila\\\/\"]}]},{\"@type\":\"ImageObject\",\"inLanguage\":\"hr\",\"@id\":\"https:\\\/\\\/radioljubuski.ba\\\/index.php\\\/2022\\\/04\\\/12\\\/nakon-mjeseci-rasta-napokon-stagniraju-cijene-rabljenih-vozila\\\/#primaryimage\",\"url\":\"https:\\\/\\\/radioljubuski.ba\\\/wp-content\\\/uploads\\\/2022\\\/01\\\/8-2021-09-11-17-52-57-AUTOMOBILI.jpg\",\"contentUrl\":\"https:\\\/\\\/radioljubuski.ba\\\/wp-content\\\/uploads\\\/2022\\\/01\\\/8-2021-09-11-17-52-57-AUTOMOBILI.jpg\",\"width\":1000,\"height\":625},{\"@type\":\"BreadcrumbList\",\"@id\":\"https:\\\/\\\/radioljubuski.ba\\\/index.php\\\/2022\\\/04\\\/12\\\/nakon-mjeseci-rasta-napokon-stagniraju-cijene-rabljenih-vozila\\\/#breadcrumb\",\"itemListElement\":[{\"@type\":\"ListItem\",\"position\":1,\"name\":\"Po\u010detna stranica\",\"item\":\"https:\\\/\\\/radioljubuski.ba\\\/\"},{\"@type\":\"ListItem\",\"position\":2,\"name\":\"Nakon mjeseci rasta, napokon stagniraju cijene rabljenih vozila\"}]},{\"@type\":\"WebSite\",\"@id\":\"https:\\\/\\\/radioljubuski.ba\\\/#website\",\"url\":\"https:\\\/\\\/radioljubuski.ba\\\/\",\"name\":\"Radio Ljubu\u0161ki\",\"description\":\"Sun\u010dana frekvencija Hercegovine\",\"publisher\":{\"@id\":\"https:\\\/\\\/radioljubuski.ba\\\/#organization\"},\"potentialAction\":[{\"@type\":\"SearchAction\",\"target\":{\"@type\":\"EntryPoint\",\"urlTemplate\":\"https:\\\/\\\/radioljubuski.ba\\\/?s={search_term_string}\"},\"query-input\":{\"@type\":\"PropertyValueSpecification\",\"valueRequired\":true,\"valueName\":\"search_term_string\"}}],\"inLanguage\":\"hr\"},{\"@type\":\"Organization\",\"@id\":\"https:\\\/\\\/radioljubuski.ba\\\/#organization\",\"name\":\"Radio Ljubu\u0161ki\",\"url\":\"https:\\\/\\\/radioljubuski.ba\\\/\",\"logo\":{\"@type\":\"ImageObject\",\"inLanguage\":\"hr\",\"@id\":\"https:\\\/\\\/radioljubuski.ba\\\/#\\\/schema\\\/logo\\\/image\\\/\",\"url\":\"https:\\\/\\\/radioljubuski.ba\\\/wp-content\\\/uploads\\\/2021\\\/02\\\/cropped-Radio_Ljubuski_logo1.jpg\",\"contentUrl\":\"https:\\\/\\\/radioljubuski.ba\\\/wp-content\\\/uploads\\\/2021\\\/02\\\/cropped-Radio_Ljubuski_logo1.jpg\",\"width\":512,\"height\":512,\"caption\":\"Radio Ljubu\u0161ki\"},\"image\":{\"@id\":\"https:\\\/\\\/radioljubuski.ba\\\/#\\\/schema\\\/logo\\\/image\\\/\"},\"sameAs\":[\"https:\\\/\\\/www.facebook.com\\\/Radiio-Ljubuski-1490835324566332\",\"https:\\\/\\\/x.com\\\/radioljubuski\",\"https:\\\/\\\/hr.linkedin.com\\\/company\\\/radio-ljubuski\",\"https:\\\/\\\/www.youtube.com\\\/channel\\\/UCHYaeO_n0Db3tjNGudGpXyw\"]},{\"@type\":\"Person\",\"@id\":\"https:\\\/\\\/radioljubuski.ba\\\/#\\\/schema\\\/person\\\/19fc700381a780f69665d7956c469e3b\",\"name\":\"Radio Ljubu\u0161ki\"}]}<\/script>\n<!-- \/ Yoast SEO plugin. -->","yoast_head_json":{"title":"Nakon mjeseci rasta, napokon stagniraju cijene rabljenih vozila - RADIO LJUBU\u0160KI","robots":{"index":"index","follow":"follow","max-snippet":"max-snippet:-1","max-image-preview":"max-image-preview:large","max-video-preview":"max-video-preview:-1"},"canonical":"https:\/\/radioljubuski.ba\/index.php\/2022\/04\/12\/nakon-mjeseci-rasta-napokon-stagniraju-cijene-rabljenih-vozila\/","og_locale":"hr_HR","og_type":"article","og_title":"Nakon mjeseci rasta, napokon stagniraju cijene rabljenih vozila - RADIO LJUBU\u0160KI","og_description":"Sve poskupljuje pa i cijene rabljenih automobila. No napokon se na horizintu mo\u017ee vidjeti kraj divljanju cijena. Indeks cijena AutoScout24 ukazuje na po\u010detak novog trenda. U odnosu na velja\u010du, cijene rabljenih automobila ostaju stabilne u o\u017eujku. No godi\u0161nja usporedba pokazuje druga\u010diju sliku: u odnosu na o\u017eujak pro\u0161le godine cijene rabljenih automobila porasle su u prosjeku [&hellip;]","og_url":"https:\/\/radioljubuski.ba\/index.php\/2022\/04\/12\/nakon-mjeseci-rasta-napokon-stagniraju-cijene-rabljenih-vozila\/","og_site_name":"RADIO LJUBU\u0160KI","article_publisher":"https:\/\/www.facebook.com\/Radiio-Ljubuski-1490835324566332","article_published_time":"2022-04-12T10:56:38+00:00","article_modified_time":"2022-04-12T10:56:39+00:00","og_image":[{"width":1000,"height":625,"url":"https:\/\/radioljubuski.ba\/wp-content\/uploads\/2022\/01\/8-2021-09-11-17-52-57-AUTOMOBILI.jpg","type":"image\/jpeg"}],"author":"Radio Ljubu\u0161ki","twitter_card":"summary_large_image","twitter_creator":"@radioljubuski","twitter_site":"@radioljubuski","twitter_misc":{"Napisao\/la":"Radio Ljubu\u0161ki","Procijenjeno vrijeme \u010ditanja":"2 minute"},"schema":{"@context":"https:\/\/schema.org","@graph":[{"@type":"Article","@id":"https:\/\/radioljubuski.ba\/index.php\/2022\/04\/12\/nakon-mjeseci-rasta-napokon-stagniraju-cijene-rabljenih-vozila\/#article","isPartOf":{"@id":"https:\/\/radioljubuski.ba\/index.php\/2022\/04\/12\/nakon-mjeseci-rasta-napokon-stagniraju-cijene-rabljenih-vozila\/"},"author":{"name":"Radio Ljubu\u0161ki","@id":"https:\/\/radioljubuski.ba\/#\/schema\/person\/19fc700381a780f69665d7956c469e3b"},"headline":"Nakon mjeseci rasta, napokon stagniraju cijene rabljenih vozila","datePublished":"2022-04-12T10:56:38+00:00","dateModified":"2022-04-12T10:56:39+00:00","mainEntityOfPage":{"@id":"https:\/\/radioljubuski.ba\/index.php\/2022\/04\/12\/nakon-mjeseci-rasta-napokon-stagniraju-cijene-rabljenih-vozila\/"},"wordCount":254,"publisher":{"@id":"https:\/\/radioljubuski.ba\/#organization"},"image":{"@id":"https:\/\/radioljubuski.ba\/index.php\/2022\/04\/12\/nakon-mjeseci-rasta-napokon-stagniraju-cijene-rabljenih-vozila\/#primaryimage"},"thumbnailUrl":"https:\/\/radioljubuski.ba\/wp-content\/uploads\/2022\/01\/8-2021-09-11-17-52-57-AUTOMOBILI.jpg","articleSection":["BIH i regija"],"inLanguage":"hr"},{"@type":"WebPage","@id":"https:\/\/radioljubuski.ba\/index.php\/2022\/04\/12\/nakon-mjeseci-rasta-napokon-stagniraju-cijene-rabljenih-vozila\/","url":"https:\/\/radioljubuski.ba\/index.php\/2022\/04\/12\/nakon-mjeseci-rasta-napokon-stagniraju-cijene-rabljenih-vozila\/","name":"Nakon mjeseci rasta, napokon stagniraju cijene rabljenih vozila - RADIO LJUBU\u0160KI","isPartOf":{"@id":"https:\/\/radioljubuski.ba\/#website"},"primaryImageOfPage":{"@id":"https:\/\/radioljubuski.ba\/index.php\/2022\/04\/12\/nakon-mjeseci-rasta-napokon-stagniraju-cijene-rabljenih-vozila\/#primaryimage"},"image":{"@id":"https:\/\/radioljubuski.ba\/index.php\/2022\/04\/12\/nakon-mjeseci-rasta-napokon-stagniraju-cijene-rabljenih-vozila\/#primaryimage"},"thumbnailUrl":"https:\/\/radioljubuski.ba\/wp-content\/uploads\/2022\/01\/8-2021-09-11-17-52-57-AUTOMOBILI.jpg","datePublished":"2022-04-12T10:56:38+00:00","dateModified":"2022-04-12T10:56:39+00:00","breadcrumb":{"@id":"https:\/\/radioljubuski.ba\/index.php\/2022\/04\/12\/nakon-mjeseci-rasta-napokon-stagniraju-cijene-rabljenih-vozila\/#breadcrumb"},"inLanguage":"hr","potentialAction":[{"@type":"ReadAction","target":["https:\/\/radioljubuski.ba\/index.php\/2022\/04\/12\/nakon-mjeseci-rasta-napokon-stagniraju-cijene-rabljenih-vozila\/"]}]},{"@type":"ImageObject","inLanguage":"hr","@id":"https:\/\/radioljubuski.ba\/index.php\/2022\/04\/12\/nakon-mjeseci-rasta-napokon-stagniraju-cijene-rabljenih-vozila\/#primaryimage","url":"https:\/\/radioljubuski.ba\/wp-content\/uploads\/2022\/01\/8-2021-09-11-17-52-57-AUTOMOBILI.jpg","contentUrl":"https:\/\/radioljubuski.ba\/wp-content\/uploads\/2022\/01\/8-2021-09-11-17-52-57-AUTOMOBILI.jpg","width":1000,"height":625},{"@type":"BreadcrumbList","@id":"https:\/\/radioljubuski.ba\/index.php\/2022\/04\/12\/nakon-mjeseci-rasta-napokon-stagniraju-cijene-rabljenih-vozila\/#breadcrumb","itemListElement":[{"@type":"ListItem","position":1,"name":"Po\u010detna stranica","item":"https:\/\/radioljubuski.ba\/"},{"@type":"ListItem","position":2,"name":"Nakon mjeseci rasta, napokon stagniraju cijene rabljenih vozila"}]},{"@type":"WebSite","@id":"https:\/\/radioljubuski.ba\/#website","url":"https:\/\/radioljubuski.ba\/","name":"Radio Ljubu\u0161ki","description":"Sun\u010dana frekvencija Hercegovine","publisher":{"@id":"https:\/\/radioljubuski.ba\/#organization"},"potentialAction":[{"@type":"SearchAction","target":{"@type":"EntryPoint","urlTemplate":"https:\/\/radioljubuski.ba\/?s={search_term_string}"},"query-input":{"@type":"PropertyValueSpecification","valueRequired":true,"valueName":"search_term_string"}}],"inLanguage":"hr"},{"@type":"Organization","@id":"https:\/\/radioljubuski.ba\/#organization","name":"Radio Ljubu\u0161ki","url":"https:\/\/radioljubuski.ba\/","logo":{"@type":"ImageObject","inLanguage":"hr","@id":"https:\/\/radioljubuski.ba\/#\/schema\/logo\/image\/","url":"https:\/\/radioljubuski.ba\/wp-content\/uploads\/2021\/02\/cropped-Radio_Ljubuski_logo1.jpg","contentUrl":"https:\/\/radioljubuski.ba\/wp-content\/uploads\/2021\/02\/cropped-Radio_Ljubuski_logo1.jpg","width":512,"height":512,"caption":"Radio Ljubu\u0161ki"},"image":{"@id":"https:\/\/radioljubuski.ba\/#\/schema\/logo\/image\/"},"sameAs":["https:\/\/www.facebook.com\/Radiio-Ljubuski-1490835324566332","https:\/\/x.com\/radioljubuski","https:\/\/hr.linkedin.com\/company\/radio-ljubuski","https:\/\/www.youtube.com\/channel\/UCHYaeO_n0Db3tjNGudGpXyw"]},{"@type":"Person","@id":"https:\/\/radioljubuski.ba\/#\/schema\/person\/19fc700381a780f69665d7956c469e3b","name":"Radio Ljubu\u0161ki"}]}},"_links":{"self":[{"href":"https:\/\/radioljubuski.ba\/index.php\/wp-json\/wp\/v2\/posts\/131759","targetHints":{"allow":["GET"]}}],"collection":[{"href":"https:\/\/radioljubuski.ba\/index.php\/wp-json\/wp\/v2\/posts"}],"about":[{"href":"https:\/\/radioljubuski.ba\/index.php\/wp-json\/wp\/v2\/types\/post"}],"author":[{"embeddable":true,"href":"https:\/\/radioljubuski.ba\/index.php\/wp-json\/wp\/v2\/users\/2"}],"replies":[{"embeddable":true,"href":"https:\/\/radioljubuski.ba\/index.php\/wp-json\/wp\/v2\/comments?post=131759"}],"version-history":[{"count":1,"href":"https:\/\/radioljubuski.ba\/index.php\/wp-json\/wp\/v2\/posts\/131759\/revisions"}],"predecessor-version":[{"id":131760,"href":"https:\/\/radioljubuski.ba\/index.php\/wp-json\/wp\/v2\/posts\/131759\/revisions\/131760"}],"wp:featuredmedia":[{"embeddable":true,"href":"https:\/\/radioljubuski.ba\/index.php\/wp-json\/wp\/v2\/media\/106362"}],"wp:attachment":[{"href":"https:\/\/radioljubuski.ba\/index.php\/wp-json\/wp\/v2\/media?parent=131759"}],"wp:term":[{"taxonomy":"category","embeddable":true,"href":"https:\/\/radioljubuski.ba\/index.php\/wp-json\/wp\/v2\/categories?post=131759"},{"taxonomy":"post_tag","embeddable":true,"href":"https:\/\/radioljubuski.ba\/index.php\/wp-json\/wp\/v2\/tags?post=131759"}],"curies":[{"name":"wp","href":"https:\/\/api.w.org\/{rel}","templated":true}]}}