{"id":131761,"date":"2022-04-12T11:59:37","date_gmt":"2022-04-12T10:59:37","guid":{"rendered":"https:\/\/radioljubuski.ba\/?p=131761"},"modified":"2022-04-12T11:59:39","modified_gmt":"2022-04-12T10:59:39","slug":"koliko-zaista-zaraduju-radnici-u-bih-bogatasi-dizu-prosjek-a-vecina-ni-blizu-granice-snova","status":"publish","type":"post","link":"https:\/\/radioljubuski.ba\/index.php\/2022\/04\/12\/koliko-zaista-zaraduju-radnici-u-bih-bogatasi-dizu-prosjek-a-vecina-ni-blizu-granice-snova\/","title":{"rendered":"Koliko zaista zara\u0111uju radnici u BiH: Bogata\u0161i di\u017eu prosjek, a ve\u0107ina ni blizu &#8220;granice snova&#8221;"},"content":{"rendered":"\n<p>Prosje\u010dna pla\u0107a u &nbsp;BiH pre\u0161la je \u201egranicu snova\u201c od 1.000 KM, ali u zao trenutak: u vrijeme enormnih poskupljenja, kada tisu\u010du vrijedi mnogo manje nego prije samo nekoliko mjeseci. Ali, ve\u0107ina radnika zara\u0111uje znatno manje od prosjeka.<\/p>\n\n\n\n<p><br>Prosje\u010dna pla\u0107a je, kako odavno upozoravaju i analiti\u010dari i sindikalci, prili\u010dno problemati\u010dna kategorija. Ona se izra\u010dunava kao aritmeti\u010dka sredina zbroj svih zarada, podijeljen brojem onih koji zara\u0111uju. U dru\u0161tvima sa izra\u017eenom nejednako\u0161\u0107u, poput BiH, izrazito visoke zarade nekolicine povla\u0161tenih \u201edi\u017eu prosjek\u201c, dok ve\u0107ina radi za si\u0107u.<\/p>\n\n\n\n<p>Koliko je prosje\u010dna pla\u0107a statisti\u010dka varka obja\u0161njava za Srpsku info Faruk Had\u017ei\u0107, stru\u010dnjak za makroekonomiju.<\/p>\n\n\n\n<p><br>\u2013 Recimo, ako nas dvadesetak imamo, u prosjeku, pla\u0107u od 1.000 KM, \u0161ta \u0107e se desiti ako u tu na\u0161u grupu do\u0111e Bill Gates? U tom slu\u010daju, u na\u0161 prosjek bi u\u0161le i njegove milijarde dolara. Zna\u010di li to da smo svi sada milijuna\u0161i? Jasno da ne, iako \u0107e prosje\u010dna pla\u0107a na\u0161e grupe, u takvom slu\u010daju, biti milijunska \u2013 objasnio je Had\u017ei\u0107 za portal Nomad.<\/p>\n\n\n\n<p>Bill Gates, dodu\u0161e, ne \u017eivi u BiH, ali u BiH \u017eive i masne pla\u0107e zara\u0111uju politi\u010dari, bankari i drugi \u201ete\u0161ka\u0161i\u201c, koji sa svojim zaradama ulaze u prosjek.<\/p>\n\n\n\n<p>Tako je u Federaciji BiH prosje\u010dna pla\u0107a 1.045 KM, ali Lejla \u010cau\u0161evi\u0107 Su\u0107eska iz Saveza samostalnih sindikata BiH upozorava da taj statisti\u010dki podatak ne odra\u017eava realnost.<\/p>\n\n\n\n<p>\u2013 U taj prosjek ulaze i funkcioneri i financijski sektor, gdje imate pla\u0107e od 15.000 KM, kao i stotine tisu\u0107a radnika koji rade za minimalac, ili za tek ne\u0161to ve\u0107u pla\u0107u od minimalne \u2013 obja\u0161njava Lejla \u010cau\u0161evi\u0107 Su\u0107eska za<a href=\"https:\/\/srpskainfo.com\/koliko-zaista-zaradjuju-radnici-u-srpskoj-i-bih-bogatasi-dizu-prosjek-a-vecina-ni-blizu-granice-snova\/\" target=\"_blank\" rel=\"noreferrer noopener\"> Srpskainfo.<\/a><\/p>\n\n\n\n<p>U Federaciji BiH, dodaje ona, oko 65 posto radnika prima \u201eslu\u017ebenu\u201c pla\u0107u od 600 do 700 KM.<\/p>\n\n\n\n<p>\u2013 Ako tome dodate i 100 ili 200 KM koje se ispla\u0107uju u koverti, na crno, jasno je da to ne mo\u017ee pokriti ni polovinu minimalnih \u017eivotnih tro\u0161kova \u2013 navodi sugovornica.<\/p>\n\n\n\n<p>U Republici Srpskoj prosje\u010dna pla\u0107a je 1.004 KM. U Savezu sindikata RS, me\u0111utim, podsje\u0107aju da je krajem pro\u0161le godine od ukupno 270.000 radnika u Srpskoj njih \u010dak 125.000 radilo za pla\u0107e od 600 KM ili manje od toga.<\/p>\n\n\n\n<p>\u2013 Istovremeno, u godini korone, poslodavci su ostvarili dobit od 1,9 milijardi maraka. Procjenjuje se da \u0107e ta dobit ove godine biti za 20 posto ve\u0107a, dakle pre\u0107i \u0107e brojku &nbsp;od dvije milijarde \u2013 navodi Goran Stankovi\u0107, generalni tajnik Saveza sindikata RS.<\/p>\n\n\n\n<p>Dodaje da su pla\u0107e porasle, ali neznatno, a tome je doprinijelo pove\u0107anje minimalca sa 540 na 590 KM i povi\u0161ice bud\u017eetskim korisnicima od dva do pet posto. Sve to je, naravno, jedno veliko ni\u0161ta u odnosu na rast tro\u0161kova \u017eivota.<\/p>\n\n\n\n<p>\u2013 Danas u Srpskoj velika ve\u0107ina zaposlenih u trgovini, gra\u0111evinarstvu, prera\u0111iva\u010dkoj industriji, poljoprivredi, te uslu\u017enom sektoru i ugostiteljstvu zara\u0111uje oko 700 KM mjese\u010dno \u2013 ka\u017ee Stankovi\u0107 za Srpskainfo.<\/p>\n\n\n\n<p>Usprkos katastrofalnom rastu cijena, pla\u0107e se ne pove\u0107avaju, a ne mijenja se ni poreznaa politika.<\/p>\n\n\n\n<p>\u2013 U ovakvoj situaciji, mi i dalje imamo porez na dobit od samo 10 posto i on je isti za sve: i za male poduzetnike, koji jedva sastavljaju kraj s krajem, i za poslodavce koji zgr\u0107u milijune. To nema nigdje na svijetu \u2013 ka\u017ee Stankovi\u0107.<\/p>\n\n\n\n<p>Kada sindikati \u201epritisnu\u201c poslodavce zahtjevima za pove\u0107anje pla\u0107a, dobiju uvijek isti odgovor.<\/p>\n\n\n\n<p>\u2013 Ka\u017eu nam, mi smo poslove ve\u0107 ugovorili, ne mo\u017eemo sada pove\u0107avati tro\u0161kove. Kako onda mogu pove\u0107avati tro\u0161kove za gorivo, a \u0161tediti samo na radnicima \u2013 pita Stankovi\u0107 i dodaje da u europskim zemljama nije tako.<\/p>\n\n\n\n<p>Da smo daleko od Europe svjedo\u010di i studija \u201eNejednakost u BiH \u2013 Od punih sefova do praznih d\u017eepova\u201c, koji su objavili istra\u017eiva\u010dki centar \u201eGea\u201c i Fondacija \u201eFridrih Ebert\u201c u BiH.<\/p>\n\n\n\n<p>Autori ove studije, Ognjen \u0110uki\u0107 i Nikolina Obradovi\u0107, jo\u0161 2016. su upozoravali na dramati\u010dan rast socijalne nejednakosti u postdejtonskoj BiH, koja je, kako navode, \u201eostala nezabilje\u017eena u statisti\u010dkim podacima\u201c.<\/p>\n\n\n\n<p>Iz analize poreznih podataka Republike Srpske, jo\u0161 tada je bilo jasno da najbogatije i najsiroma\u0161nije djeli prava socijalna provalija.<\/p>\n\n\n\n<p>Kako se navodi u toj studiji, jedan postotak najbolje pla\u0107enih u Srpskoj, koji su jo\u0161 u to vrijeme imali prosje\u010dne prihode ve\u0107e od 3.000 KM mjese\u010dno, zaradili su koliko i skoro polovina obi\u010dnih smrtnika u Srpskoj.<\/p>\n\n\n\n<p>Ta je razlika u slu\u017ebenim statistikama, koje uzimaju u obzir samo aritmeti\u010dki prosjek, ostala skrivena.<\/p>\n\n\n\n<p>Podsje\u0107amo da je ova studija ra\u0111ena u \u201esretnija vremena\u201c, prije covid krize i krize uzrokovane ratom u Ukrajini. Danas, kada cijene vrtoglavo rastu, a zarade ve\u0107ine stanovni\u0161tva su \u201ezakucane\u201c na brojci od oko 350 eura, nejednakost je, tvrde analiti\u010dari, jo\u0161 izra\u017eenija.<\/p>\n\n\n\n<p>Pozivaju\u0107i se na slu\u017ebene podatke Poreznee uprave RS, autori studije \u201eNejednakost u BiH \u2013 Od punih sefova do praznih d\u017eepova\u201c iz 2016. godine, navode frapantnu razliku u prihodima, koja je jo\u0161 u to vrijeme postojala u RS.<\/p>\n\n\n\n<p>\u2013 Najbogatija 23 lica u RS zaradila su jednako koliko i 23 posto, ili skoro \u010detvrtina, ukupnog broja svih poreznih obveznika \u2013 navode autori.<\/p>\n\n\n\n<p>Dodaju da je u takvoj situaciji te\u0161ko govoriti o prosje\u010dnoj pla\u0107i kao relevantnom pokazatelju.<\/p>\n\n\n\n<p>Izvor:srpska.info<\/p>\n","protected":false},"excerpt":{"rendered":"<p>Prosje\u010dna pla\u0107a u &nbsp;BiH pre\u0161la je \u201egranicu snova\u201c od 1.000 KM, ali u zao trenutak: u vrijeme enormnih poskupljenja, kada tisu\u010du vrijedi mnogo manje nego prije samo nekoliko mjeseci. Ali, ve\u0107ina radnika zara\u0111uje znatno manje od prosjeka. Prosje\u010dna pla\u0107a je, kako odavno upozoravaju i analiti\u010dari i sindikalci, prili\u010dno problemati\u010dna kategorija. Ona se izra\u010dunava kao aritmeti\u010dka [&hellip;]<\/p>\n","protected":false},"author":2,"featured_media":62338,"comment_status":"closed","ping_status":"closed","sticky":false,"template":"","format":"standard","meta":{"h5ap_radio_sources":[],"footnotes":""},"categories":[1],"tags":[],"class_list":["post-131761","post","type-post","status-publish","format-standard","has-post-thumbnail","hentry","category-bihiregija"],"yoast_head":"<!-- This site is optimized with the Yoast SEO plugin v27.5 - https:\/\/yoast.com\/product\/yoast-seo-wordpress\/ -->\n<title>Koliko zaista zara\u0111uju radnici u BiH: Bogata\u0161i di\u017eu prosjek, a ve\u0107ina ni blizu &quot;granice snova&quot; - RADIO LJUBU\u0160KI<\/title>\n<meta name=\"robots\" content=\"index, follow, max-snippet:-1, max-image-preview:large, max-video-preview:-1\" \/>\n<link rel=\"canonical\" href=\"https:\/\/radioljubuski.ba\/index.php\/2022\/04\/12\/koliko-zaista-zaraduju-radnici-u-bih-bogatasi-dizu-prosjek-a-vecina-ni-blizu-granice-snova\/\" \/>\n<meta property=\"og:locale\" content=\"hr_HR\" \/>\n<meta property=\"og:type\" content=\"article\" \/>\n<meta property=\"og:title\" content=\"Koliko zaista zara\u0111uju radnici u BiH: Bogata\u0161i di\u017eu prosjek, a ve\u0107ina ni blizu &quot;granice snova&quot; - RADIO LJUBU\u0160KI\" \/>\n<meta property=\"og:description\" content=\"Prosje\u010dna pla\u0107a u &nbsp;BiH pre\u0161la je \u201egranicu snova\u201c od 1.000 KM, ali u zao trenutak: u vrijeme enormnih poskupljenja, kada tisu\u010du vrijedi mnogo manje nego prije samo nekoliko mjeseci. Ali, ve\u0107ina radnika zara\u0111uje znatno manje od prosjeka. Prosje\u010dna pla\u0107a je, kako odavno upozoravaju i analiti\u010dari i sindikalci, prili\u010dno problemati\u010dna kategorija. Ona se izra\u010dunava kao aritmeti\u010dka [&hellip;]\" \/>\n<meta property=\"og:url\" content=\"https:\/\/radioljubuski.ba\/index.php\/2022\/04\/12\/koliko-zaista-zaraduju-radnici-u-bih-bogatasi-dizu-prosjek-a-vecina-ni-blizu-granice-snova\/\" \/>\n<meta property=\"og:site_name\" content=\"RADIO LJUBU\u0160KI\" \/>\n<meta property=\"article:publisher\" content=\"https:\/\/www.facebook.com\/Radiio-Ljubuski-1490835324566332\" \/>\n<meta property=\"article:published_time\" content=\"2022-04-12T10:59:37+00:00\" \/>\n<meta property=\"article:modified_time\" content=\"2022-04-12T10:59:39+00:00\" \/>\n<meta property=\"og:image\" content=\"https:\/\/radioljubuski.ba\/wp-content\/uploads\/2021\/09\/rFyATqOp_novac_marke_ilustracija_RSA.jpg\" \/>\n\t<meta property=\"og:image:width\" content=\"1000\" \/>\n\t<meta property=\"og:image:height\" content=\"625\" \/>\n\t<meta property=\"og:image:type\" content=\"image\/jpeg\" \/>\n<meta name=\"author\" content=\"Radio Ljubu\u0161ki\" \/>\n<meta name=\"twitter:card\" content=\"summary_large_image\" \/>\n<meta name=\"twitter:creator\" content=\"@radioljubuski\" \/>\n<meta name=\"twitter:site\" content=\"@radioljubuski\" \/>\n<meta name=\"twitter:label1\" content=\"Napisao\/la\" \/>\n\t<meta name=\"twitter:data1\" content=\"Radio Ljubu\u0161ki\" \/>\n\t<meta name=\"twitter:label2\" content=\"Procijenjeno vrijeme \u010ditanja\" \/>\n\t<meta name=\"twitter:data2\" content=\"4 minute\" \/>\n<script type=\"application\/ld+json\" class=\"yoast-schema-graph\">{\"@context\":\"https:\\\/\\\/schema.org\",\"@graph\":[{\"@type\":\"Article\",\"@id\":\"https:\\\/\\\/radioljubuski.ba\\\/index.php\\\/2022\\\/04\\\/12\\\/koliko-zaista-zaraduju-radnici-u-bih-bogatasi-dizu-prosjek-a-vecina-ni-blizu-granice-snova\\\/#article\",\"isPartOf\":{\"@id\":\"https:\\\/\\\/radioljubuski.ba\\\/index.php\\\/2022\\\/04\\\/12\\\/koliko-zaista-zaraduju-radnici-u-bih-bogatasi-dizu-prosjek-a-vecina-ni-blizu-granice-snova\\\/\"},\"author\":{\"name\":\"Radio Ljubu\u0161ki\",\"@id\":\"https:\\\/\\\/radioljubuski.ba\\\/#\\\/schema\\\/person\\\/19fc700381a780f69665d7956c469e3b\"},\"headline\":\"Koliko zaista zara\u0111uju radnici u BiH: Bogata\u0161i di\u017eu prosjek, a ve\u0107ina ni blizu &#8220;granice snova&#8221;\",\"datePublished\":\"2022-04-12T10:59:37+00:00\",\"dateModified\":\"2022-04-12T10:59:39+00:00\",\"mainEntityOfPage\":{\"@id\":\"https:\\\/\\\/radioljubuski.ba\\\/index.php\\\/2022\\\/04\\\/12\\\/koliko-zaista-zaraduju-radnici-u-bih-bogatasi-dizu-prosjek-a-vecina-ni-blizu-granice-snova\\\/\"},\"wordCount\":911,\"publisher\":{\"@id\":\"https:\\\/\\\/radioljubuski.ba\\\/#organization\"},\"image\":{\"@id\":\"https:\\\/\\\/radioljubuski.ba\\\/index.php\\\/2022\\\/04\\\/12\\\/koliko-zaista-zaraduju-radnici-u-bih-bogatasi-dizu-prosjek-a-vecina-ni-blizu-granice-snova\\\/#primaryimage\"},\"thumbnailUrl\":\"https:\\\/\\\/radioljubuski.ba\\\/wp-content\\\/uploads\\\/2021\\\/09\\\/rFyATqOp_novac_marke_ilustracija_RSA.jpg\",\"articleSection\":[\"BIH i regija\"],\"inLanguage\":\"hr\"},{\"@type\":\"WebPage\",\"@id\":\"https:\\\/\\\/radioljubuski.ba\\\/index.php\\\/2022\\\/04\\\/12\\\/koliko-zaista-zaraduju-radnici-u-bih-bogatasi-dizu-prosjek-a-vecina-ni-blizu-granice-snova\\\/\",\"url\":\"https:\\\/\\\/radioljubuski.ba\\\/index.php\\\/2022\\\/04\\\/12\\\/koliko-zaista-zaraduju-radnici-u-bih-bogatasi-dizu-prosjek-a-vecina-ni-blizu-granice-snova\\\/\",\"name\":\"Koliko zaista zara\u0111uju radnici u BiH: Bogata\u0161i di\u017eu prosjek, a ve\u0107ina ni blizu \\\"granice snova\\\" - RADIO LJUBU\u0160KI\",\"isPartOf\":{\"@id\":\"https:\\\/\\\/radioljubuski.ba\\\/#website\"},\"primaryImageOfPage\":{\"@id\":\"https:\\\/\\\/radioljubuski.ba\\\/index.php\\\/2022\\\/04\\\/12\\\/koliko-zaista-zaraduju-radnici-u-bih-bogatasi-dizu-prosjek-a-vecina-ni-blizu-granice-snova\\\/#primaryimage\"},\"image\":{\"@id\":\"https:\\\/\\\/radioljubuski.ba\\\/index.php\\\/2022\\\/04\\\/12\\\/koliko-zaista-zaraduju-radnici-u-bih-bogatasi-dizu-prosjek-a-vecina-ni-blizu-granice-snova\\\/#primaryimage\"},\"thumbnailUrl\":\"https:\\\/\\\/radioljubuski.ba\\\/wp-content\\\/uploads\\\/2021\\\/09\\\/rFyATqOp_novac_marke_ilustracija_RSA.jpg\",\"datePublished\":\"2022-04-12T10:59:37+00:00\",\"dateModified\":\"2022-04-12T10:59:39+00:00\",\"breadcrumb\":{\"@id\":\"https:\\\/\\\/radioljubuski.ba\\\/index.php\\\/2022\\\/04\\\/12\\\/koliko-zaista-zaraduju-radnici-u-bih-bogatasi-dizu-prosjek-a-vecina-ni-blizu-granice-snova\\\/#breadcrumb\"},\"inLanguage\":\"hr\",\"potentialAction\":[{\"@type\":\"ReadAction\",\"target\":[\"https:\\\/\\\/radioljubuski.ba\\\/index.php\\\/2022\\\/04\\\/12\\\/koliko-zaista-zaraduju-radnici-u-bih-bogatasi-dizu-prosjek-a-vecina-ni-blizu-granice-snova\\\/\"]}]},{\"@type\":\"ImageObject\",\"inLanguage\":\"hr\",\"@id\":\"https:\\\/\\\/radioljubuski.ba\\\/index.php\\\/2022\\\/04\\\/12\\\/koliko-zaista-zaraduju-radnici-u-bih-bogatasi-dizu-prosjek-a-vecina-ni-blizu-granice-snova\\\/#primaryimage\",\"url\":\"https:\\\/\\\/radioljubuski.ba\\\/wp-content\\\/uploads\\\/2021\\\/09\\\/rFyATqOp_novac_marke_ilustracija_RSA.jpg\",\"contentUrl\":\"https:\\\/\\\/radioljubuski.ba\\\/wp-content\\\/uploads\\\/2021\\\/09\\\/rFyATqOp_novac_marke_ilustracija_RSA.jpg\",\"width\":1000,\"height\":625},{\"@type\":\"BreadcrumbList\",\"@id\":\"https:\\\/\\\/radioljubuski.ba\\\/index.php\\\/2022\\\/04\\\/12\\\/koliko-zaista-zaraduju-radnici-u-bih-bogatasi-dizu-prosjek-a-vecina-ni-blizu-granice-snova\\\/#breadcrumb\",\"itemListElement\":[{\"@type\":\"ListItem\",\"position\":1,\"name\":\"Po\u010detna stranica\",\"item\":\"https:\\\/\\\/radioljubuski.ba\\\/\"},{\"@type\":\"ListItem\",\"position\":2,\"name\":\"Koliko zaista zara\u0111uju radnici u BiH: Bogata\u0161i di\u017eu prosjek, a ve\u0107ina ni blizu &#8220;granice snova&#8221;\"}]},{\"@type\":\"WebSite\",\"@id\":\"https:\\\/\\\/radioljubuski.ba\\\/#website\",\"url\":\"https:\\\/\\\/radioljubuski.ba\\\/\",\"name\":\"Radio Ljubu\u0161ki\",\"description\":\"Sun\u010dana frekvencija Hercegovine\",\"publisher\":{\"@id\":\"https:\\\/\\\/radioljubuski.ba\\\/#organization\"},\"potentialAction\":[{\"@type\":\"SearchAction\",\"target\":{\"@type\":\"EntryPoint\",\"urlTemplate\":\"https:\\\/\\\/radioljubuski.ba\\\/?s={search_term_string}\"},\"query-input\":{\"@type\":\"PropertyValueSpecification\",\"valueRequired\":true,\"valueName\":\"search_term_string\"}}],\"inLanguage\":\"hr\"},{\"@type\":\"Organization\",\"@id\":\"https:\\\/\\\/radioljubuski.ba\\\/#organization\",\"name\":\"Radio Ljubu\u0161ki\",\"url\":\"https:\\\/\\\/radioljubuski.ba\\\/\",\"logo\":{\"@type\":\"ImageObject\",\"inLanguage\":\"hr\",\"@id\":\"https:\\\/\\\/radioljubuski.ba\\\/#\\\/schema\\\/logo\\\/image\\\/\",\"url\":\"https:\\\/\\\/radioljubuski.ba\\\/wp-content\\\/uploads\\\/2021\\\/02\\\/cropped-Radio_Ljubuski_logo1.jpg\",\"contentUrl\":\"https:\\\/\\\/radioljubuski.ba\\\/wp-content\\\/uploads\\\/2021\\\/02\\\/cropped-Radio_Ljubuski_logo1.jpg\",\"width\":512,\"height\":512,\"caption\":\"Radio Ljubu\u0161ki\"},\"image\":{\"@id\":\"https:\\\/\\\/radioljubuski.ba\\\/#\\\/schema\\\/logo\\\/image\\\/\"},\"sameAs\":[\"https:\\\/\\\/www.facebook.com\\\/Radiio-Ljubuski-1490835324566332\",\"https:\\\/\\\/x.com\\\/radioljubuski\",\"https:\\\/\\\/hr.linkedin.com\\\/company\\\/radio-ljubuski\",\"https:\\\/\\\/www.youtube.com\\\/channel\\\/UCHYaeO_n0Db3tjNGudGpXyw\"]},{\"@type\":\"Person\",\"@id\":\"https:\\\/\\\/radioljubuski.ba\\\/#\\\/schema\\\/person\\\/19fc700381a780f69665d7956c469e3b\",\"name\":\"Radio Ljubu\u0161ki\"}]}<\/script>\n<!-- \/ Yoast SEO plugin. -->","yoast_head_json":{"title":"Koliko zaista zara\u0111uju radnici u BiH: Bogata\u0161i di\u017eu prosjek, a ve\u0107ina ni blizu \"granice snova\" - RADIO LJUBU\u0160KI","robots":{"index":"index","follow":"follow","max-snippet":"max-snippet:-1","max-image-preview":"max-image-preview:large","max-video-preview":"max-video-preview:-1"},"canonical":"https:\/\/radioljubuski.ba\/index.php\/2022\/04\/12\/koliko-zaista-zaraduju-radnici-u-bih-bogatasi-dizu-prosjek-a-vecina-ni-blizu-granice-snova\/","og_locale":"hr_HR","og_type":"article","og_title":"Koliko zaista zara\u0111uju radnici u BiH: Bogata\u0161i di\u017eu prosjek, a ve\u0107ina ni blizu \"granice snova\" - RADIO LJUBU\u0160KI","og_description":"Prosje\u010dna pla\u0107a u &nbsp;BiH pre\u0161la je \u201egranicu snova\u201c od 1.000 KM, ali u zao trenutak: u vrijeme enormnih poskupljenja, kada tisu\u010du vrijedi mnogo manje nego prije samo nekoliko mjeseci. Ali, ve\u0107ina radnika zara\u0111uje znatno manje od prosjeka. Prosje\u010dna pla\u0107a je, kako odavno upozoravaju i analiti\u010dari i sindikalci, prili\u010dno problemati\u010dna kategorija. Ona se izra\u010dunava kao aritmeti\u010dka [&hellip;]","og_url":"https:\/\/radioljubuski.ba\/index.php\/2022\/04\/12\/koliko-zaista-zaraduju-radnici-u-bih-bogatasi-dizu-prosjek-a-vecina-ni-blizu-granice-snova\/","og_site_name":"RADIO LJUBU\u0160KI","article_publisher":"https:\/\/www.facebook.com\/Radiio-Ljubuski-1490835324566332","article_published_time":"2022-04-12T10:59:37+00:00","article_modified_time":"2022-04-12T10:59:39+00:00","og_image":[{"width":1000,"height":625,"url":"https:\/\/radioljubuski.ba\/wp-content\/uploads\/2021\/09\/rFyATqOp_novac_marke_ilustracija_RSA.jpg","type":"image\/jpeg"}],"author":"Radio Ljubu\u0161ki","twitter_card":"summary_large_image","twitter_creator":"@radioljubuski","twitter_site":"@radioljubuski","twitter_misc":{"Napisao\/la":"Radio Ljubu\u0161ki","Procijenjeno vrijeme \u010ditanja":"4 minute"},"schema":{"@context":"https:\/\/schema.org","@graph":[{"@type":"Article","@id":"https:\/\/radioljubuski.ba\/index.php\/2022\/04\/12\/koliko-zaista-zaraduju-radnici-u-bih-bogatasi-dizu-prosjek-a-vecina-ni-blizu-granice-snova\/#article","isPartOf":{"@id":"https:\/\/radioljubuski.ba\/index.php\/2022\/04\/12\/koliko-zaista-zaraduju-radnici-u-bih-bogatasi-dizu-prosjek-a-vecina-ni-blizu-granice-snova\/"},"author":{"name":"Radio Ljubu\u0161ki","@id":"https:\/\/radioljubuski.ba\/#\/schema\/person\/19fc700381a780f69665d7956c469e3b"},"headline":"Koliko zaista zara\u0111uju radnici u BiH: Bogata\u0161i di\u017eu prosjek, a ve\u0107ina ni blizu &#8220;granice snova&#8221;","datePublished":"2022-04-12T10:59:37+00:00","dateModified":"2022-04-12T10:59:39+00:00","mainEntityOfPage":{"@id":"https:\/\/radioljubuski.ba\/index.php\/2022\/04\/12\/koliko-zaista-zaraduju-radnici-u-bih-bogatasi-dizu-prosjek-a-vecina-ni-blizu-granice-snova\/"},"wordCount":911,"publisher":{"@id":"https:\/\/radioljubuski.ba\/#organization"},"image":{"@id":"https:\/\/radioljubuski.ba\/index.php\/2022\/04\/12\/koliko-zaista-zaraduju-radnici-u-bih-bogatasi-dizu-prosjek-a-vecina-ni-blizu-granice-snova\/#primaryimage"},"thumbnailUrl":"https:\/\/radioljubuski.ba\/wp-content\/uploads\/2021\/09\/rFyATqOp_novac_marke_ilustracija_RSA.jpg","articleSection":["BIH i regija"],"inLanguage":"hr"},{"@type":"WebPage","@id":"https:\/\/radioljubuski.ba\/index.php\/2022\/04\/12\/koliko-zaista-zaraduju-radnici-u-bih-bogatasi-dizu-prosjek-a-vecina-ni-blizu-granice-snova\/","url":"https:\/\/radioljubuski.ba\/index.php\/2022\/04\/12\/koliko-zaista-zaraduju-radnici-u-bih-bogatasi-dizu-prosjek-a-vecina-ni-blizu-granice-snova\/","name":"Koliko zaista zara\u0111uju radnici u BiH: Bogata\u0161i di\u017eu prosjek, a ve\u0107ina ni blizu \"granice snova\" - RADIO LJUBU\u0160KI","isPartOf":{"@id":"https:\/\/radioljubuski.ba\/#website"},"primaryImageOfPage":{"@id":"https:\/\/radioljubuski.ba\/index.php\/2022\/04\/12\/koliko-zaista-zaraduju-radnici-u-bih-bogatasi-dizu-prosjek-a-vecina-ni-blizu-granice-snova\/#primaryimage"},"image":{"@id":"https:\/\/radioljubuski.ba\/index.php\/2022\/04\/12\/koliko-zaista-zaraduju-radnici-u-bih-bogatasi-dizu-prosjek-a-vecina-ni-blizu-granice-snova\/#primaryimage"},"thumbnailUrl":"https:\/\/radioljubuski.ba\/wp-content\/uploads\/2021\/09\/rFyATqOp_novac_marke_ilustracija_RSA.jpg","datePublished":"2022-04-12T10:59:37+00:00","dateModified":"2022-04-12T10:59:39+00:00","breadcrumb":{"@id":"https:\/\/radioljubuski.ba\/index.php\/2022\/04\/12\/koliko-zaista-zaraduju-radnici-u-bih-bogatasi-dizu-prosjek-a-vecina-ni-blizu-granice-snova\/#breadcrumb"},"inLanguage":"hr","potentialAction":[{"@type":"ReadAction","target":["https:\/\/radioljubuski.ba\/index.php\/2022\/04\/12\/koliko-zaista-zaraduju-radnici-u-bih-bogatasi-dizu-prosjek-a-vecina-ni-blizu-granice-snova\/"]}]},{"@type":"ImageObject","inLanguage":"hr","@id":"https:\/\/radioljubuski.ba\/index.php\/2022\/04\/12\/koliko-zaista-zaraduju-radnici-u-bih-bogatasi-dizu-prosjek-a-vecina-ni-blizu-granice-snova\/#primaryimage","url":"https:\/\/radioljubuski.ba\/wp-content\/uploads\/2021\/09\/rFyATqOp_novac_marke_ilustracija_RSA.jpg","contentUrl":"https:\/\/radioljubuski.ba\/wp-content\/uploads\/2021\/09\/rFyATqOp_novac_marke_ilustracija_RSA.jpg","width":1000,"height":625},{"@type":"BreadcrumbList","@id":"https:\/\/radioljubuski.ba\/index.php\/2022\/04\/12\/koliko-zaista-zaraduju-radnici-u-bih-bogatasi-dizu-prosjek-a-vecina-ni-blizu-granice-snova\/#breadcrumb","itemListElement":[{"@type":"ListItem","position":1,"name":"Po\u010detna stranica","item":"https:\/\/radioljubuski.ba\/"},{"@type":"ListItem","position":2,"name":"Koliko zaista zara\u0111uju radnici u BiH: Bogata\u0161i di\u017eu prosjek, a ve\u0107ina ni blizu &#8220;granice snova&#8221;"}]},{"@type":"WebSite","@id":"https:\/\/radioljubuski.ba\/#website","url":"https:\/\/radioljubuski.ba\/","name":"Radio Ljubu\u0161ki","description":"Sun\u010dana frekvencija Hercegovine","publisher":{"@id":"https:\/\/radioljubuski.ba\/#organization"},"potentialAction":[{"@type":"SearchAction","target":{"@type":"EntryPoint","urlTemplate":"https:\/\/radioljubuski.ba\/?s={search_term_string}"},"query-input":{"@type":"PropertyValueSpecification","valueRequired":true,"valueName":"search_term_string"}}],"inLanguage":"hr"},{"@type":"Organization","@id":"https:\/\/radioljubuski.ba\/#organization","name":"Radio Ljubu\u0161ki","url":"https:\/\/radioljubuski.ba\/","logo":{"@type":"ImageObject","inLanguage":"hr","@id":"https:\/\/radioljubuski.ba\/#\/schema\/logo\/image\/","url":"https:\/\/radioljubuski.ba\/wp-content\/uploads\/2021\/02\/cropped-Radio_Ljubuski_logo1.jpg","contentUrl":"https:\/\/radioljubuski.ba\/wp-content\/uploads\/2021\/02\/cropped-Radio_Ljubuski_logo1.jpg","width":512,"height":512,"caption":"Radio Ljubu\u0161ki"},"image":{"@id":"https:\/\/radioljubuski.ba\/#\/schema\/logo\/image\/"},"sameAs":["https:\/\/www.facebook.com\/Radiio-Ljubuski-1490835324566332","https:\/\/x.com\/radioljubuski","https:\/\/hr.linkedin.com\/company\/radio-ljubuski","https:\/\/www.youtube.com\/channel\/UCHYaeO_n0Db3tjNGudGpXyw"]},{"@type":"Person","@id":"https:\/\/radioljubuski.ba\/#\/schema\/person\/19fc700381a780f69665d7956c469e3b","name":"Radio Ljubu\u0161ki"}]}},"_links":{"self":[{"href":"https:\/\/radioljubuski.ba\/index.php\/wp-json\/wp\/v2\/posts\/131761","targetHints":{"allow":["GET"]}}],"collection":[{"href":"https:\/\/radioljubuski.ba\/index.php\/wp-json\/wp\/v2\/posts"}],"about":[{"href":"https:\/\/radioljubuski.ba\/index.php\/wp-json\/wp\/v2\/types\/post"}],"author":[{"embeddable":true,"href":"https:\/\/radioljubuski.ba\/index.php\/wp-json\/wp\/v2\/users\/2"}],"replies":[{"embeddable":true,"href":"https:\/\/radioljubuski.ba\/index.php\/wp-json\/wp\/v2\/comments?post=131761"}],"version-history":[{"count":1,"href":"https:\/\/radioljubuski.ba\/index.php\/wp-json\/wp\/v2\/posts\/131761\/revisions"}],"predecessor-version":[{"id":131762,"href":"https:\/\/radioljubuski.ba\/index.php\/wp-json\/wp\/v2\/posts\/131761\/revisions\/131762"}],"wp:featuredmedia":[{"embeddable":true,"href":"https:\/\/radioljubuski.ba\/index.php\/wp-json\/wp\/v2\/media\/62338"}],"wp:attachment":[{"href":"https:\/\/radioljubuski.ba\/index.php\/wp-json\/wp\/v2\/media?parent=131761"}],"wp:term":[{"taxonomy":"category","embeddable":true,"href":"https:\/\/radioljubuski.ba\/index.php\/wp-json\/wp\/v2\/categories?post=131761"},{"taxonomy":"post_tag","embeddable":true,"href":"https:\/\/radioljubuski.ba\/index.php\/wp-json\/wp\/v2\/tags?post=131761"}],"curies":[{"name":"wp","href":"https:\/\/api.w.org\/{rel}","templated":true}]}}