{"id":131763,"date":"2022-04-12T12:00:51","date_gmt":"2022-04-12T11:00:51","guid":{"rendered":"https:\/\/radioljubuski.ba\/?p=131763"},"modified":"2022-04-12T12:00:52","modified_gmt":"2022-04-12T11:00:52","slug":"vozaci-o-cijeni-goriva-u-bih-koliko-kosta-da-napunite-rezervoar","status":"publish","type":"post","link":"https:\/\/radioljubuski.ba\/index.php\/2022\/04\/12\/vozaci-o-cijeni-goriva-u-bih-koliko-kosta-da-napunite-rezervoar\/","title":{"rendered":"Voza\u010di o cijeni goriva u BiH: Koliko ko\u0161ta da napunite rezervoar?"},"content":{"rendered":"\n<p>&#8216;Je li gorivo skupo, koliko je skuplje u odnosu na neki prethodni period? Naravno da je skuplje \u0161to je jasno s obzirom na situaciju u svijetu ali trebale bi se neke stvari regulirati s obzirom na odnose na\u0161ih pla\u0107a prema pla\u0107ama u drugim dijelovima svijeta.&#8217;<\/p>\n\n\n\n<p>&#8216;Jeste skupo, ali \u0161to je tu je, ne mo\u017ee bolje. Koliko ko\u0161ta da napunite rezervoar? 185 KM, 3, 4 dana mo\u017ee trajati. Koliko je bilo prije nekih mjesec? Jeftinije je bilo. Moglo se za 150 KM nasuti ali sad trenutno je katastrofalno stanje. Ali \u0161to je tu je ka\u017eu da \u0107e biti i gore&#8217;.<\/p>\n\n\n\n<p>\u201cKoliko ko\u0161ta da napunite rezervoar? 200 KM kod mene. Traje mi 7 dana. Koliko je bilo prije mjesec dana? Oko 140 KM.\u201d<\/p>\n\n\n\n<p>&#8216;100 KM otprilike mi sad treba, ranije oko 80. Kako podnosite poskupljenja? \u0160to \u0107u, ne mogu se boriti protiv toga\u201d \u2013 ka\u017eu gra\u0111ani za<a href=\"https:\/\/ba.n1info.com\/biznis\/vozaci-o-cijeni-goriva-u-bih-koliko-kosta-da-napunite-rezervoar\/\" target=\"_blank\" rel=\"noreferrer noopener\"> N1.<\/a><\/p>\n\n\n\n<p>Cijena goriva ne uznemirava samo voza\u010de, nego i nadle\u017ene u Energoinvestu.<\/p>\n\n\n\n<p>Generalna direktorica Energoinvesta Bisera Had\u017eialjevi\u0107 ka\u017ee \u201cMi znamo da se od sije\u010dnja doga\u0111aju stra\u0161na i radikalna pove\u0107anja cijene nafte i goriva, to smo imali sve na na\u0161im benzinskim crpkama. I ovakva cijena plina je bila o\u010dekivana. U samo zadnja 3 mjeseca, od sije\u010dnja do travnja 2022. cijena goriva je pove\u0107ana za 44%, tako da treba imati na umu da \u0107e cijena plina koju imamo sada i gdje je pove\u0107anje 21,7 %, va\u017eiti naredna 3 mjeseca.\u201d<\/p>\n\n\n\n<p>Iz Energoinvesta navode da Srbija 40% svoga plina nabavlja na burzi, da je ta cijena 4 i po puta ve\u0107a od cijene koju ovdje imamo od strane Gasprom eksporta; Hrvatska od 1. travnja ima cijenu plina uve\u0107anu za 77%, i njihova nabavna cijena je jedan i po puta ve\u0107a nego \u0161to je cijena koju ima FBiH.<\/p>\n\n\n\n<p>Semir Krehi\u0107, direktor sektora Energokomerc isti\u010de da \u201cHrvatska je to pove\u0107anje cijena rije\u0161ila tako \u0161to je PDV na plin&nbsp; sa 22 smanjila na 5%. pa je to pove\u0107anje inicijalno od 77%, 16%, za gra\u0111ane. Srbija je to rije\u0161ila tako \u0161to je ovih 40 % plina koje kupuju na otvorenom tr\u017ei\u0161tu, sufinancira dr\u017eava.\u201d<\/p>\n\n\n\n<p>\u201cU BiH, osnovni razlog za pesimizam je izostanak bilo kakve reakcije doma\u0107ih vlasti\u201d, isti\u010de ekonomista Igor Gavran, govore\u0107i o poskupljenjima. Ka\u017ee da je u BiH ve\u0107 trebalo do\u0107i do pada cijene goriva s obzirom na period pada na svjetskim tr\u017ei\u0161tima, ali se to ovdje jo\u0161 nije dogodilo, jer \u201ckao i uvijek, kasnimo\u201d.<\/p>\n\n\n\n<p>\u201cSvakako da \u0107e ovo novo poskupljenje plina imati negativne efekte na formiranje cijena i mo\u017ee doprinijeti novim poskupljenjima. Me\u0111utim u aktualnoj situaciji moram re\u0107i da je najavljeno poskupljenje ipak mnogo ni\u017ee nego \u0161to su postojale bojazni da mo\u017ee biti i mislim da to dugujemo situaciji da BiH jo\u0161 uvijek nije na listi neprijateljskih zemalja Rusije, pa imamo i dalje osigurano stabilno snabdijevanje. Mislim da \u0107e se ta poskupljenja nastaviti sve dotle dok nema reakcija nadle\u017enih vlasti\u201d \u2013 ka\u017ee Gavran.<\/p>\n\n\n\n<p>\u017divot ogromnog broja gra\u0111ana sveo se na zadovoljavanje osnovnih \u017eivotnih potreba.<\/p>\n\n\n\n<p>\u201cU posljednje vrijeme otkako su poskupljenja i kriza jeste li mogli sebi priu\u0161titi neki luksuz, putovanje ili samo osnovno? Iskreno ne, nisam.<\/p>\n\n\n\n<p>\u0160ta \u0107e umirovljenik sebi priu\u0161titi? Ne mo\u017ee ni\u0161ta.<\/p>\n\n\n\n<p>Ni\u0161ta pretjerano nikad nije ni moglo ovdje.\u201d<\/p>\n\n\n\n<p>Izvor:N1<\/p>\n","protected":false},"excerpt":{"rendered":"<p>&#8216;Je li gorivo skupo, koliko je skuplje u odnosu na neki prethodni period? Naravno da je skuplje \u0161to je jasno s obzirom na situaciju u svijetu ali trebale bi se neke stvari regulirati s obzirom na odnose na\u0161ih pla\u0107a prema pla\u0107ama u drugim dijelovima svijeta.&#8217; &#8216;Jeste skupo, ali \u0161to je tu je, ne mo\u017ee bolje. [&hellip;]<\/p>\n","protected":false},"author":2,"featured_media":0,"comment_status":"closed","ping_status":"closed","sticky":false,"template":"","format":"standard","meta":{"h5ap_radio_sources":[],"footnotes":""},"categories":[1],"tags":[],"class_list":["post-131763","post","type-post","status-publish","format-standard","hentry","category-bihiregija"],"yoast_head":"<!-- This site is optimized with the Yoast SEO plugin v27.5 - https:\/\/yoast.com\/product\/yoast-seo-wordpress\/ -->\n<title>Voza\u010di o cijeni goriva u BiH: Koliko ko\u0161ta da napunite rezervoar? - RADIO LJUBU\u0160KI<\/title>\n<meta name=\"robots\" content=\"index, follow, max-snippet:-1, max-image-preview:large, max-video-preview:-1\" \/>\n<link rel=\"canonical\" href=\"https:\/\/radioljubuski.ba\/index.php\/2022\/04\/12\/vozaci-o-cijeni-goriva-u-bih-koliko-kosta-da-napunite-rezervoar\/\" \/>\n<meta property=\"og:locale\" content=\"hr_HR\" \/>\n<meta property=\"og:type\" content=\"article\" \/>\n<meta property=\"og:title\" content=\"Voza\u010di o cijeni goriva u BiH: Koliko ko\u0161ta da napunite rezervoar? - RADIO LJUBU\u0160KI\" \/>\n<meta property=\"og:description\" content=\"&#8216;Je li gorivo skupo, koliko je skuplje u odnosu na neki prethodni period? Naravno da je skuplje \u0161to je jasno s obzirom na situaciju u svijetu ali trebale bi se neke stvari regulirati s obzirom na odnose na\u0161ih pla\u0107a prema pla\u0107ama u drugim dijelovima svijeta.&#8217; &#8216;Jeste skupo, ali \u0161to je tu je, ne mo\u017ee bolje. [&hellip;]\" \/>\n<meta property=\"og:url\" content=\"https:\/\/radioljubuski.ba\/index.php\/2022\/04\/12\/vozaci-o-cijeni-goriva-u-bih-koliko-kosta-da-napunite-rezervoar\/\" \/>\n<meta property=\"og:site_name\" content=\"RADIO LJUBU\u0160KI\" \/>\n<meta property=\"article:publisher\" content=\"https:\/\/www.facebook.com\/Radiio-Ljubuski-1490835324566332\" \/>\n<meta property=\"article:published_time\" content=\"2022-04-12T11:00:51+00:00\" \/>\n<meta property=\"article:modified_time\" content=\"2022-04-12T11:00:52+00:00\" \/>\n<meta property=\"og:image\" content=\"https:\/\/radioljubuski.ba\/wp-content\/uploads\/2021\/05\/MZhj3O5L_gorivo.jpg\" \/>\n\t<meta property=\"og:image:width\" content=\"1000\" \/>\n\t<meta property=\"og:image:height\" content=\"625\" \/>\n\t<meta property=\"og:image:type\" content=\"image\/jpeg\" \/>\n<meta name=\"author\" content=\"Radio Ljubu\u0161ki\" \/>\n<meta name=\"twitter:card\" content=\"summary_large_image\" \/>\n<meta name=\"twitter:creator\" content=\"@radioljubuski\" \/>\n<meta name=\"twitter:site\" content=\"@radioljubuski\" \/>\n<meta name=\"twitter:label1\" content=\"Napisao\/la\" \/>\n\t<meta name=\"twitter:data1\" content=\"Radio Ljubu\u0161ki\" \/>\n\t<meta name=\"twitter:label2\" content=\"Procijenjeno vrijeme \u010ditanja\" \/>\n\t<meta name=\"twitter:data2\" content=\"3 minute\" \/>\n<script type=\"application\/ld+json\" class=\"yoast-schema-graph\">{\"@context\":\"https:\\\/\\\/schema.org\",\"@graph\":[{\"@type\":\"Article\",\"@id\":\"https:\\\/\\\/radioljubuski.ba\\\/index.php\\\/2022\\\/04\\\/12\\\/vozaci-o-cijeni-goriva-u-bih-koliko-kosta-da-napunite-rezervoar\\\/#article\",\"isPartOf\":{\"@id\":\"https:\\\/\\\/radioljubuski.ba\\\/index.php\\\/2022\\\/04\\\/12\\\/vozaci-o-cijeni-goriva-u-bih-koliko-kosta-da-napunite-rezervoar\\\/\"},\"author\":{\"name\":\"Radio Ljubu\u0161ki\",\"@id\":\"https:\\\/\\\/radioljubuski.ba\\\/#\\\/schema\\\/person\\\/19fc700381a780f69665d7956c469e3b\"},\"headline\":\"Voza\u010di o cijeni goriva u BiH: Koliko ko\u0161ta da napunite rezervoar?\",\"datePublished\":\"2022-04-12T11:00:51+00:00\",\"dateModified\":\"2022-04-12T11:00:52+00:00\",\"mainEntityOfPage\":{\"@id\":\"https:\\\/\\\/radioljubuski.ba\\\/index.php\\\/2022\\\/04\\\/12\\\/vozaci-o-cijeni-goriva-u-bih-koliko-kosta-da-napunite-rezervoar\\\/\"},\"wordCount\":564,\"publisher\":{\"@id\":\"https:\\\/\\\/radioljubuski.ba\\\/#organization\"},\"articleSection\":[\"BIH i regija\"],\"inLanguage\":\"hr\"},{\"@type\":\"WebPage\",\"@id\":\"https:\\\/\\\/radioljubuski.ba\\\/index.php\\\/2022\\\/04\\\/12\\\/vozaci-o-cijeni-goriva-u-bih-koliko-kosta-da-napunite-rezervoar\\\/\",\"url\":\"https:\\\/\\\/radioljubuski.ba\\\/index.php\\\/2022\\\/04\\\/12\\\/vozaci-o-cijeni-goriva-u-bih-koliko-kosta-da-napunite-rezervoar\\\/\",\"name\":\"Voza\u010di o cijeni goriva u BiH: Koliko ko\u0161ta da napunite rezervoar? - RADIO LJUBU\u0160KI\",\"isPartOf\":{\"@id\":\"https:\\\/\\\/radioljubuski.ba\\\/#website\"},\"datePublished\":\"2022-04-12T11:00:51+00:00\",\"dateModified\":\"2022-04-12T11:00:52+00:00\",\"breadcrumb\":{\"@id\":\"https:\\\/\\\/radioljubuski.ba\\\/index.php\\\/2022\\\/04\\\/12\\\/vozaci-o-cijeni-goriva-u-bih-koliko-kosta-da-napunite-rezervoar\\\/#breadcrumb\"},\"inLanguage\":\"hr\",\"potentialAction\":[{\"@type\":\"ReadAction\",\"target\":[\"https:\\\/\\\/radioljubuski.ba\\\/index.php\\\/2022\\\/04\\\/12\\\/vozaci-o-cijeni-goriva-u-bih-koliko-kosta-da-napunite-rezervoar\\\/\"]}]},{\"@type\":\"BreadcrumbList\",\"@id\":\"https:\\\/\\\/radioljubuski.ba\\\/index.php\\\/2022\\\/04\\\/12\\\/vozaci-o-cijeni-goriva-u-bih-koliko-kosta-da-napunite-rezervoar\\\/#breadcrumb\",\"itemListElement\":[{\"@type\":\"ListItem\",\"position\":1,\"name\":\"Po\u010detna stranica\",\"item\":\"https:\\\/\\\/radioljubuski.ba\\\/\"},{\"@type\":\"ListItem\",\"position\":2,\"name\":\"Voza\u010di o cijeni goriva u BiH: Koliko ko\u0161ta da napunite rezervoar?\"}]},{\"@type\":\"WebSite\",\"@id\":\"https:\\\/\\\/radioljubuski.ba\\\/#website\",\"url\":\"https:\\\/\\\/radioljubuski.ba\\\/\",\"name\":\"Radio Ljubu\u0161ki\",\"description\":\"Sun\u010dana frekvencija Hercegovine\",\"publisher\":{\"@id\":\"https:\\\/\\\/radioljubuski.ba\\\/#organization\"},\"potentialAction\":[{\"@type\":\"SearchAction\",\"target\":{\"@type\":\"EntryPoint\",\"urlTemplate\":\"https:\\\/\\\/radioljubuski.ba\\\/?s={search_term_string}\"},\"query-input\":{\"@type\":\"PropertyValueSpecification\",\"valueRequired\":true,\"valueName\":\"search_term_string\"}}],\"inLanguage\":\"hr\"},{\"@type\":\"Organization\",\"@id\":\"https:\\\/\\\/radioljubuski.ba\\\/#organization\",\"name\":\"Radio Ljubu\u0161ki\",\"url\":\"https:\\\/\\\/radioljubuski.ba\\\/\",\"logo\":{\"@type\":\"ImageObject\",\"inLanguage\":\"hr\",\"@id\":\"https:\\\/\\\/radioljubuski.ba\\\/#\\\/schema\\\/logo\\\/image\\\/\",\"url\":\"https:\\\/\\\/radioljubuski.ba\\\/wp-content\\\/uploads\\\/2021\\\/02\\\/cropped-Radio_Ljubuski_logo1.jpg\",\"contentUrl\":\"https:\\\/\\\/radioljubuski.ba\\\/wp-content\\\/uploads\\\/2021\\\/02\\\/cropped-Radio_Ljubuski_logo1.jpg\",\"width\":512,\"height\":512,\"caption\":\"Radio Ljubu\u0161ki\"},\"image\":{\"@id\":\"https:\\\/\\\/radioljubuski.ba\\\/#\\\/schema\\\/logo\\\/image\\\/\"},\"sameAs\":[\"https:\\\/\\\/www.facebook.com\\\/Radiio-Ljubuski-1490835324566332\",\"https:\\\/\\\/x.com\\\/radioljubuski\",\"https:\\\/\\\/hr.linkedin.com\\\/company\\\/radio-ljubuski\",\"https:\\\/\\\/www.youtube.com\\\/channel\\\/UCHYaeO_n0Db3tjNGudGpXyw\"]},{\"@type\":\"Person\",\"@id\":\"https:\\\/\\\/radioljubuski.ba\\\/#\\\/schema\\\/person\\\/19fc700381a780f69665d7956c469e3b\",\"name\":\"Radio Ljubu\u0161ki\"}]}<\/script>\n<!-- \/ Yoast SEO plugin. -->","yoast_head_json":{"title":"Voza\u010di o cijeni goriva u BiH: Koliko ko\u0161ta da napunite rezervoar? - RADIO LJUBU\u0160KI","robots":{"index":"index","follow":"follow","max-snippet":"max-snippet:-1","max-image-preview":"max-image-preview:large","max-video-preview":"max-video-preview:-1"},"canonical":"https:\/\/radioljubuski.ba\/index.php\/2022\/04\/12\/vozaci-o-cijeni-goriva-u-bih-koliko-kosta-da-napunite-rezervoar\/","og_locale":"hr_HR","og_type":"article","og_title":"Voza\u010di o cijeni goriva u BiH: Koliko ko\u0161ta da napunite rezervoar? - RADIO LJUBU\u0160KI","og_description":"&#8216;Je li gorivo skupo, koliko je skuplje u odnosu na neki prethodni period? Naravno da je skuplje \u0161to je jasno s obzirom na situaciju u svijetu ali trebale bi se neke stvari regulirati s obzirom na odnose na\u0161ih pla\u0107a prema pla\u0107ama u drugim dijelovima svijeta.&#8217; &#8216;Jeste skupo, ali \u0161to je tu je, ne mo\u017ee bolje. [&hellip;]","og_url":"https:\/\/radioljubuski.ba\/index.php\/2022\/04\/12\/vozaci-o-cijeni-goriva-u-bih-koliko-kosta-da-napunite-rezervoar\/","og_site_name":"RADIO LJUBU\u0160KI","article_publisher":"https:\/\/www.facebook.com\/Radiio-Ljubuski-1490835324566332","article_published_time":"2022-04-12T11:00:51+00:00","article_modified_time":"2022-04-12T11:00:52+00:00","og_image":[{"width":1000,"height":625,"url":"https:\/\/radioljubuski.ba\/wp-content\/uploads\/2021\/05\/MZhj3O5L_gorivo.jpg","type":"image\/jpeg"}],"author":"Radio Ljubu\u0161ki","twitter_card":"summary_large_image","twitter_creator":"@radioljubuski","twitter_site":"@radioljubuski","twitter_misc":{"Napisao\/la":"Radio Ljubu\u0161ki","Procijenjeno vrijeme \u010ditanja":"3 minute"},"schema":{"@context":"https:\/\/schema.org","@graph":[{"@type":"Article","@id":"https:\/\/radioljubuski.ba\/index.php\/2022\/04\/12\/vozaci-o-cijeni-goriva-u-bih-koliko-kosta-da-napunite-rezervoar\/#article","isPartOf":{"@id":"https:\/\/radioljubuski.ba\/index.php\/2022\/04\/12\/vozaci-o-cijeni-goriva-u-bih-koliko-kosta-da-napunite-rezervoar\/"},"author":{"name":"Radio Ljubu\u0161ki","@id":"https:\/\/radioljubuski.ba\/#\/schema\/person\/19fc700381a780f69665d7956c469e3b"},"headline":"Voza\u010di o cijeni goriva u BiH: Koliko ko\u0161ta da napunite rezervoar?","datePublished":"2022-04-12T11:00:51+00:00","dateModified":"2022-04-12T11:00:52+00:00","mainEntityOfPage":{"@id":"https:\/\/radioljubuski.ba\/index.php\/2022\/04\/12\/vozaci-o-cijeni-goriva-u-bih-koliko-kosta-da-napunite-rezervoar\/"},"wordCount":564,"publisher":{"@id":"https:\/\/radioljubuski.ba\/#organization"},"articleSection":["BIH i regija"],"inLanguage":"hr"},{"@type":"WebPage","@id":"https:\/\/radioljubuski.ba\/index.php\/2022\/04\/12\/vozaci-o-cijeni-goriva-u-bih-koliko-kosta-da-napunite-rezervoar\/","url":"https:\/\/radioljubuski.ba\/index.php\/2022\/04\/12\/vozaci-o-cijeni-goriva-u-bih-koliko-kosta-da-napunite-rezervoar\/","name":"Voza\u010di o cijeni goriva u BiH: Koliko ko\u0161ta da napunite rezervoar? - RADIO LJUBU\u0160KI","isPartOf":{"@id":"https:\/\/radioljubuski.ba\/#website"},"datePublished":"2022-04-12T11:00:51+00:00","dateModified":"2022-04-12T11:00:52+00:00","breadcrumb":{"@id":"https:\/\/radioljubuski.ba\/index.php\/2022\/04\/12\/vozaci-o-cijeni-goriva-u-bih-koliko-kosta-da-napunite-rezervoar\/#breadcrumb"},"inLanguage":"hr","potentialAction":[{"@type":"ReadAction","target":["https:\/\/radioljubuski.ba\/index.php\/2022\/04\/12\/vozaci-o-cijeni-goriva-u-bih-koliko-kosta-da-napunite-rezervoar\/"]}]},{"@type":"BreadcrumbList","@id":"https:\/\/radioljubuski.ba\/index.php\/2022\/04\/12\/vozaci-o-cijeni-goriva-u-bih-koliko-kosta-da-napunite-rezervoar\/#breadcrumb","itemListElement":[{"@type":"ListItem","position":1,"name":"Po\u010detna stranica","item":"https:\/\/radioljubuski.ba\/"},{"@type":"ListItem","position":2,"name":"Voza\u010di o cijeni goriva u BiH: Koliko ko\u0161ta da napunite rezervoar?"}]},{"@type":"WebSite","@id":"https:\/\/radioljubuski.ba\/#website","url":"https:\/\/radioljubuski.ba\/","name":"Radio Ljubu\u0161ki","description":"Sun\u010dana frekvencija Hercegovine","publisher":{"@id":"https:\/\/radioljubuski.ba\/#organization"},"potentialAction":[{"@type":"SearchAction","target":{"@type":"EntryPoint","urlTemplate":"https:\/\/radioljubuski.ba\/?s={search_term_string}"},"query-input":{"@type":"PropertyValueSpecification","valueRequired":true,"valueName":"search_term_string"}}],"inLanguage":"hr"},{"@type":"Organization","@id":"https:\/\/radioljubuski.ba\/#organization","name":"Radio Ljubu\u0161ki","url":"https:\/\/radioljubuski.ba\/","logo":{"@type":"ImageObject","inLanguage":"hr","@id":"https:\/\/radioljubuski.ba\/#\/schema\/logo\/image\/","url":"https:\/\/radioljubuski.ba\/wp-content\/uploads\/2021\/02\/cropped-Radio_Ljubuski_logo1.jpg","contentUrl":"https:\/\/radioljubuski.ba\/wp-content\/uploads\/2021\/02\/cropped-Radio_Ljubuski_logo1.jpg","width":512,"height":512,"caption":"Radio Ljubu\u0161ki"},"image":{"@id":"https:\/\/radioljubuski.ba\/#\/schema\/logo\/image\/"},"sameAs":["https:\/\/www.facebook.com\/Radiio-Ljubuski-1490835324566332","https:\/\/x.com\/radioljubuski","https:\/\/hr.linkedin.com\/company\/radio-ljubuski","https:\/\/www.youtube.com\/channel\/UCHYaeO_n0Db3tjNGudGpXyw"]},{"@type":"Person","@id":"https:\/\/radioljubuski.ba\/#\/schema\/person\/19fc700381a780f69665d7956c469e3b","name":"Radio Ljubu\u0161ki"}]}},"_links":{"self":[{"href":"https:\/\/radioljubuski.ba\/index.php\/wp-json\/wp\/v2\/posts\/131763","targetHints":{"allow":["GET"]}}],"collection":[{"href":"https:\/\/radioljubuski.ba\/index.php\/wp-json\/wp\/v2\/posts"}],"about":[{"href":"https:\/\/radioljubuski.ba\/index.php\/wp-json\/wp\/v2\/types\/post"}],"author":[{"embeddable":true,"href":"https:\/\/radioljubuski.ba\/index.php\/wp-json\/wp\/v2\/users\/2"}],"replies":[{"embeddable":true,"href":"https:\/\/radioljubuski.ba\/index.php\/wp-json\/wp\/v2\/comments?post=131763"}],"version-history":[{"count":1,"href":"https:\/\/radioljubuski.ba\/index.php\/wp-json\/wp\/v2\/posts\/131763\/revisions"}],"predecessor-version":[{"id":131764,"href":"https:\/\/radioljubuski.ba\/index.php\/wp-json\/wp\/v2\/posts\/131763\/revisions\/131764"}],"wp:attachment":[{"href":"https:\/\/radioljubuski.ba\/index.php\/wp-json\/wp\/v2\/media?parent=131763"}],"wp:term":[{"taxonomy":"category","embeddable":true,"href":"https:\/\/radioljubuski.ba\/index.php\/wp-json\/wp\/v2\/categories?post=131763"},{"taxonomy":"post_tag","embeddable":true,"href":"https:\/\/radioljubuski.ba\/index.php\/wp-json\/wp\/v2\/tags?post=131763"}],"curies":[{"name":"wp","href":"https:\/\/api.w.org\/{rel}","templated":true}]}}