{"id":131765,"date":"2022-04-12T12:03:21","date_gmt":"2022-04-12T11:03:21","guid":{"rendered":"https:\/\/radioljubuski.ba\/?p=131765"},"modified":"2022-04-12T12:03:21","modified_gmt":"2022-04-12T11:03:21","slug":"nsrs-nije-prihvatila-proglasenje-zastite-vitalnog-nacionalnog-interesa-po-pet-odluka-predsjednistva","status":"publish","type":"post","link":"https:\/\/radioljubuski.ba\/index.php\/2022\/04\/12\/nsrs-nije-prihvatila-proglasenje-zastite-vitalnog-nacionalnog-interesa-po-pet-odluka-predsjednistva\/","title":{"rendered":"NSRS nije prihvatila progla\u0161enje za\u0161tite vitalnog nacionalnog interesa po pet odluka Predsjedni\u0161tva"},"content":{"rendered":"\n<p>Narodna skup\u0161tina Republike Srspke danas je na posebnoj sjednici, koja je zavr\u0161ena glasovala o pet odluka Predsjedni\u0161tva BiH u kojima je preglasan \u010dlan Predsjedni\u0161tva BiH Milorad Dodik. &nbsp;<\/p>\n\n\n\n<p>NSRS danas nije prihvatila da se proglasi za\u0161tita vitalnog nacionalnog interesa po ovih pet odluka Predsjedni\u0161tva BiH, \u0161to zna\u010di da ne\u0107e biti veta na ove odluke. Dodik je tra\u017eio da se ove odluke proglase \u0161tetnim po nacionalne interese smatraju\u0107i da ih je Predsjedni\u0161tvo BiH donijelo bez konsenzusa. &nbsp;<\/p>\n\n\n\n<p>Narodna skup\u0161tina RS nije potvrdila dvotre\u0107inskom ve\u0107inom izjave \u010dlana Predsjedni\u0161tva BiH iz RS o progla\u0161enju Odluka Predsjedni\u0161tva BiH, usvojenih na 25. redovitoj sjednici Predsjedni\u0161tva BiH odr\u017eanoj 31. o\u017eujka 2022. godine, veoma \u0161tetnim po vitalne interese Republike Srpske. Narodna skup\u0161tina nije dvotre\u0107inskom ve\u0107inom potvrdila odluku o potvr\u0111ivanju Izjave \u010dlana Predsjedni\u0161tva BiH iz RS o progla\u0161enju Odluke o odobravanju zaklju\u010divanja Memoranduma o razumijevanju izme\u0111u Sredi\u0161njeg izbornog povjerenstva BiH i Misije Organizacije za europsku sigurnost i suradnju u BiH (OEBS BiH) koja je usvojena bez konsenzusa na 25. redovitoj sjednici Predsjedni\u0161tva BiH odr\u017eanoj 31. o\u017eujka 2022. godine, veoma \u0161tetnom po vitalne interese Republike Srpske.<\/p>\n\n\n\n<p>Tako\u0111er, nije potvr\u0111ena ni odluka o potvr\u0111ivanju Izjave \u010dlana Predsjedni\u0161tva BiH iz RS o progla\u0161enju Odluke o odobravanju zaklju\u010divanja Memoranduma o razumijevanju u vezi sa suradnjom u podru\u010dju izbora izme\u0111u SIP BiH i Dr\u017eavnog izbornog ureda Ma\u0111arske koja je usvojena bez konsenzusa na 25. redovitoj sjednici Predsjedni\u0161tva BiH, odr\u017eanoj 31. o\u017eujka 2022. godine, veoma \u0161tetnim po vitalne interese RS.<\/p>\n\n\n\n<p>Nije usvojena odluka o potvr\u0111ivanju Izjave \u010dlana Predsjedni\u0161tva BiH iz RS o progla\u0161enju Odluke o odobravanju zaklju\u010divanja Sporazuma o u\u010de\u0161\u0107u BiH u me\u0111unarodnom istra\u017eivanju ra\u010dunalne i informacijske pismenosti ICILS 2023 koja je usvojena bez konsenzusa na 25. redovitoj sjednici Predsjedni\u0161tva BiH, odr\u017eanoj 31. o\u017eujka 2022. godine, \u0161tetnom po vitalne interese Republike Srpske.<\/p>\n\n\n\n<p>Osim toga nije potvr\u0111ena ni odluka o potvr\u0111ivanju Izjave \u010dlana Predsjedni\u0161tva BiH iz RS o progla\u0161enju Odluke o odobravanju zaklju\u010divanja Sporazuma o u\u010de\u0161\u0107u BiH u me\u0111unarodnom istra\u017eivanju o u\u010denju i podu\u010davanju TALIS 2024 koja je usvojena bez konsenzusa na 25. redovitoj sjednici Predsjedni\u0161tva BiH odr\u017eanoj 31. o\u017eujka 2022. godine, veoma \u0161tetnom po vitalne interese RS.<\/p>\n\n\n\n<p>Ni peta odluka nije potvr\u0111ena, a to je odluka o potvr\u0111ivanju Izjave \u010dlana Predsjedni\u0161tva BiH iz RS o progla\u0161enju Odluke o odobravanju zaklju\u010divanja Sporazuma o u\u010de\u0161\u0107u BiH u me\u0111unarodnom istra\u017eivanju trendova u znanju matematike i prirodnih nauka TIMSS 2023 koja je usvojena bez konsenzusa na 25. redovnoj sjednici Predsjedni\u0161tva BiH, odr\u017eanoj 31. o\u017eujka 2022. godine, veoma \u0161tetnom po vitalne interese Republike Srpske.<\/p>\n\n\n\n<p>Izvor:pogled.ba<\/p>\n","protected":false},"excerpt":{"rendered":"<p>Narodna skup\u0161tina Republike Srspke danas je na posebnoj sjednici, koja je zavr\u0161ena glasovala o pet odluka Predsjedni\u0161tva BiH u kojima je preglasan \u010dlan Predsjedni\u0161tva BiH Milorad Dodik. &nbsp; NSRS danas nije prihvatila da se proglasi za\u0161tita vitalnog nacionalnog interesa po ovih pet odluka Predsjedni\u0161tva BiH, \u0161to zna\u010di da ne\u0107e biti veta na ove odluke. Dodik [&hellip;]<\/p>\n","protected":false},"author":2,"featured_media":131766,"comment_status":"closed","ping_status":"closed","sticky":false,"template":"","format":"standard","meta":{"h5ap_radio_sources":[],"footnotes":""},"categories":[1],"tags":[],"class_list":["post-131765","post","type-post","status-publish","format-standard","has-post-thumbnail","hentry","category-bihiregija"],"yoast_head":"<!-- This site is optimized with the Yoast SEO plugin v27.5 - https:\/\/yoast.com\/product\/yoast-seo-wordpress\/ -->\n<title>NSRS nije prihvatila progla\u0161enje za\u0161tite vitalnog nacionalnog interesa po pet odluka Predsjedni\u0161tva - RADIO LJUBU\u0160KI<\/title>\n<meta name=\"robots\" content=\"index, follow, max-snippet:-1, max-image-preview:large, max-video-preview:-1\" \/>\n<link rel=\"canonical\" href=\"https:\/\/radioljubuski.ba\/index.php\/2022\/04\/12\/nsrs-nije-prihvatila-proglasenje-zastite-vitalnog-nacionalnog-interesa-po-pet-odluka-predsjednistva\/\" \/>\n<meta property=\"og:locale\" content=\"hr_HR\" \/>\n<meta property=\"og:type\" content=\"article\" \/>\n<meta property=\"og:title\" content=\"NSRS nije prihvatila progla\u0161enje za\u0161tite vitalnog nacionalnog interesa po pet odluka Predsjedni\u0161tva - RADIO LJUBU\u0160KI\" \/>\n<meta property=\"og:description\" content=\"Narodna skup\u0161tina Republike Srspke danas je na posebnoj sjednici, koja je zavr\u0161ena glasovala o pet odluka Predsjedni\u0161tva BiH u kojima je preglasan \u010dlan Predsjedni\u0161tva BiH Milorad Dodik. &nbsp; NSRS danas nije prihvatila da se proglasi za\u0161tita vitalnog nacionalnog interesa po ovih pet odluka Predsjedni\u0161tva BiH, \u0161to zna\u010di da ne\u0107e biti veta na ove odluke. Dodik [&hellip;]\" \/>\n<meta property=\"og:url\" content=\"https:\/\/radioljubuski.ba\/index.php\/2022\/04\/12\/nsrs-nije-prihvatila-proglasenje-zastite-vitalnog-nacionalnog-interesa-po-pet-odluka-predsjednistva\/\" \/>\n<meta property=\"og:site_name\" content=\"RADIO LJUBU\u0160KI\" \/>\n<meta property=\"article:publisher\" content=\"https:\/\/www.facebook.com\/Radiio-Ljubuski-1490835324566332\" \/>\n<meta property=\"article:published_time\" content=\"2022-04-12T11:03:21+00:00\" \/>\n<meta property=\"og:image\" content=\"https:\/\/radioljubuski.ba\/wp-content\/uploads\/2022\/04\/8-2021-12-10-20-35-16-NSRS.jpg\" \/>\n\t<meta property=\"og:image:width\" content=\"1000\" \/>\n\t<meta property=\"og:image:height\" content=\"625\" \/>\n\t<meta property=\"og:image:type\" content=\"image\/jpeg\" \/>\n<meta name=\"author\" content=\"Radio Ljubu\u0161ki\" \/>\n<meta name=\"twitter:card\" content=\"summary_large_image\" \/>\n<meta name=\"twitter:creator\" content=\"@radioljubuski\" \/>\n<meta name=\"twitter:site\" content=\"@radioljubuski\" \/>\n<meta name=\"twitter:label1\" content=\"Napisao\/la\" \/>\n\t<meta name=\"twitter:data1\" content=\"Radio Ljubu\u0161ki\" \/>\n\t<meta name=\"twitter:label2\" content=\"Procijenjeno vrijeme \u010ditanja\" \/>\n\t<meta name=\"twitter:data2\" content=\"2 minute\" \/>\n<script type=\"application\/ld+json\" class=\"yoast-schema-graph\">{\"@context\":\"https:\\\/\\\/schema.org\",\"@graph\":[{\"@type\":\"Article\",\"@id\":\"https:\\\/\\\/radioljubuski.ba\\\/index.php\\\/2022\\\/04\\\/12\\\/nsrs-nije-prihvatila-proglasenje-zastite-vitalnog-nacionalnog-interesa-po-pet-odluka-predsjednistva\\\/#article\",\"isPartOf\":{\"@id\":\"https:\\\/\\\/radioljubuski.ba\\\/index.php\\\/2022\\\/04\\\/12\\\/nsrs-nije-prihvatila-proglasenje-zastite-vitalnog-nacionalnog-interesa-po-pet-odluka-predsjednistva\\\/\"},\"author\":{\"name\":\"Radio Ljubu\u0161ki\",\"@id\":\"https:\\\/\\\/radioljubuski.ba\\\/#\\\/schema\\\/person\\\/19fc700381a780f69665d7956c469e3b\"},\"headline\":\"NSRS nije prihvatila progla\u0161enje za\u0161tite vitalnog nacionalnog interesa po pet odluka Predsjedni\u0161tva\",\"datePublished\":\"2022-04-12T11:03:21+00:00\",\"mainEntityOfPage\":{\"@id\":\"https:\\\/\\\/radioljubuski.ba\\\/index.php\\\/2022\\\/04\\\/12\\\/nsrs-nije-prihvatila-proglasenje-zastite-vitalnog-nacionalnog-interesa-po-pet-odluka-predsjednistva\\\/\"},\"wordCount\":485,\"publisher\":{\"@id\":\"https:\\\/\\\/radioljubuski.ba\\\/#organization\"},\"image\":{\"@id\":\"https:\\\/\\\/radioljubuski.ba\\\/index.php\\\/2022\\\/04\\\/12\\\/nsrs-nije-prihvatila-proglasenje-zastite-vitalnog-nacionalnog-interesa-po-pet-odluka-predsjednistva\\\/#primaryimage\"},\"thumbnailUrl\":\"https:\\\/\\\/radioljubuski.ba\\\/wp-content\\\/uploads\\\/2022\\\/04\\\/8-2021-12-10-20-35-16-NSRS.jpg\",\"articleSection\":[\"BIH i regija\"],\"inLanguage\":\"hr\"},{\"@type\":\"WebPage\",\"@id\":\"https:\\\/\\\/radioljubuski.ba\\\/index.php\\\/2022\\\/04\\\/12\\\/nsrs-nije-prihvatila-proglasenje-zastite-vitalnog-nacionalnog-interesa-po-pet-odluka-predsjednistva\\\/\",\"url\":\"https:\\\/\\\/radioljubuski.ba\\\/index.php\\\/2022\\\/04\\\/12\\\/nsrs-nije-prihvatila-proglasenje-zastite-vitalnog-nacionalnog-interesa-po-pet-odluka-predsjednistva\\\/\",\"name\":\"NSRS nije prihvatila progla\u0161enje za\u0161tite vitalnog nacionalnog interesa po pet odluka Predsjedni\u0161tva - RADIO LJUBU\u0160KI\",\"isPartOf\":{\"@id\":\"https:\\\/\\\/radioljubuski.ba\\\/#website\"},\"primaryImageOfPage\":{\"@id\":\"https:\\\/\\\/radioljubuski.ba\\\/index.php\\\/2022\\\/04\\\/12\\\/nsrs-nije-prihvatila-proglasenje-zastite-vitalnog-nacionalnog-interesa-po-pet-odluka-predsjednistva\\\/#primaryimage\"},\"image\":{\"@id\":\"https:\\\/\\\/radioljubuski.ba\\\/index.php\\\/2022\\\/04\\\/12\\\/nsrs-nije-prihvatila-proglasenje-zastite-vitalnog-nacionalnog-interesa-po-pet-odluka-predsjednistva\\\/#primaryimage\"},\"thumbnailUrl\":\"https:\\\/\\\/radioljubuski.ba\\\/wp-content\\\/uploads\\\/2022\\\/04\\\/8-2021-12-10-20-35-16-NSRS.jpg\",\"datePublished\":\"2022-04-12T11:03:21+00:00\",\"breadcrumb\":{\"@id\":\"https:\\\/\\\/radioljubuski.ba\\\/index.php\\\/2022\\\/04\\\/12\\\/nsrs-nije-prihvatila-proglasenje-zastite-vitalnog-nacionalnog-interesa-po-pet-odluka-predsjednistva\\\/#breadcrumb\"},\"inLanguage\":\"hr\",\"potentialAction\":[{\"@type\":\"ReadAction\",\"target\":[\"https:\\\/\\\/radioljubuski.ba\\\/index.php\\\/2022\\\/04\\\/12\\\/nsrs-nije-prihvatila-proglasenje-zastite-vitalnog-nacionalnog-interesa-po-pet-odluka-predsjednistva\\\/\"]}]},{\"@type\":\"ImageObject\",\"inLanguage\":\"hr\",\"@id\":\"https:\\\/\\\/radioljubuski.ba\\\/index.php\\\/2022\\\/04\\\/12\\\/nsrs-nije-prihvatila-proglasenje-zastite-vitalnog-nacionalnog-interesa-po-pet-odluka-predsjednistva\\\/#primaryimage\",\"url\":\"https:\\\/\\\/radioljubuski.ba\\\/wp-content\\\/uploads\\\/2022\\\/04\\\/8-2021-12-10-20-35-16-NSRS.jpg\",\"contentUrl\":\"https:\\\/\\\/radioljubuski.ba\\\/wp-content\\\/uploads\\\/2022\\\/04\\\/8-2021-12-10-20-35-16-NSRS.jpg\",\"width\":1000,\"height\":625},{\"@type\":\"BreadcrumbList\",\"@id\":\"https:\\\/\\\/radioljubuski.ba\\\/index.php\\\/2022\\\/04\\\/12\\\/nsrs-nije-prihvatila-proglasenje-zastite-vitalnog-nacionalnog-interesa-po-pet-odluka-predsjednistva\\\/#breadcrumb\",\"itemListElement\":[{\"@type\":\"ListItem\",\"position\":1,\"name\":\"Po\u010detna stranica\",\"item\":\"https:\\\/\\\/radioljubuski.ba\\\/\"},{\"@type\":\"ListItem\",\"position\":2,\"name\":\"NSRS nije prihvatila progla\u0161enje za\u0161tite vitalnog nacionalnog interesa po pet odluka Predsjedni\u0161tva\"}]},{\"@type\":\"WebSite\",\"@id\":\"https:\\\/\\\/radioljubuski.ba\\\/#website\",\"url\":\"https:\\\/\\\/radioljubuski.ba\\\/\",\"name\":\"Radio Ljubu\u0161ki\",\"description\":\"Sun\u010dana frekvencija Hercegovine\",\"publisher\":{\"@id\":\"https:\\\/\\\/radioljubuski.ba\\\/#organization\"},\"potentialAction\":[{\"@type\":\"SearchAction\",\"target\":{\"@type\":\"EntryPoint\",\"urlTemplate\":\"https:\\\/\\\/radioljubuski.ba\\\/?s={search_term_string}\"},\"query-input\":{\"@type\":\"PropertyValueSpecification\",\"valueRequired\":true,\"valueName\":\"search_term_string\"}}],\"inLanguage\":\"hr\"},{\"@type\":\"Organization\",\"@id\":\"https:\\\/\\\/radioljubuski.ba\\\/#organization\",\"name\":\"Radio Ljubu\u0161ki\",\"url\":\"https:\\\/\\\/radioljubuski.ba\\\/\",\"logo\":{\"@type\":\"ImageObject\",\"inLanguage\":\"hr\",\"@id\":\"https:\\\/\\\/radioljubuski.ba\\\/#\\\/schema\\\/logo\\\/image\\\/\",\"url\":\"https:\\\/\\\/radioljubuski.ba\\\/wp-content\\\/uploads\\\/2021\\\/02\\\/cropped-Radio_Ljubuski_logo1.jpg\",\"contentUrl\":\"https:\\\/\\\/radioljubuski.ba\\\/wp-content\\\/uploads\\\/2021\\\/02\\\/cropped-Radio_Ljubuski_logo1.jpg\",\"width\":512,\"height\":512,\"caption\":\"Radio Ljubu\u0161ki\"},\"image\":{\"@id\":\"https:\\\/\\\/radioljubuski.ba\\\/#\\\/schema\\\/logo\\\/image\\\/\"},\"sameAs\":[\"https:\\\/\\\/www.facebook.com\\\/Radiio-Ljubuski-1490835324566332\",\"https:\\\/\\\/x.com\\\/radioljubuski\",\"https:\\\/\\\/hr.linkedin.com\\\/company\\\/radio-ljubuski\",\"https:\\\/\\\/www.youtube.com\\\/channel\\\/UCHYaeO_n0Db3tjNGudGpXyw\"]},{\"@type\":\"Person\",\"@id\":\"https:\\\/\\\/radioljubuski.ba\\\/#\\\/schema\\\/person\\\/19fc700381a780f69665d7956c469e3b\",\"name\":\"Radio Ljubu\u0161ki\"}]}<\/script>\n<!-- \/ Yoast SEO plugin. -->","yoast_head_json":{"title":"NSRS nije prihvatila progla\u0161enje za\u0161tite vitalnog nacionalnog interesa po pet odluka Predsjedni\u0161tva - RADIO LJUBU\u0160KI","robots":{"index":"index","follow":"follow","max-snippet":"max-snippet:-1","max-image-preview":"max-image-preview:large","max-video-preview":"max-video-preview:-1"},"canonical":"https:\/\/radioljubuski.ba\/index.php\/2022\/04\/12\/nsrs-nije-prihvatila-proglasenje-zastite-vitalnog-nacionalnog-interesa-po-pet-odluka-predsjednistva\/","og_locale":"hr_HR","og_type":"article","og_title":"NSRS nije prihvatila progla\u0161enje za\u0161tite vitalnog nacionalnog interesa po pet odluka Predsjedni\u0161tva - RADIO LJUBU\u0160KI","og_description":"Narodna skup\u0161tina Republike Srspke danas je na posebnoj sjednici, koja je zavr\u0161ena glasovala o pet odluka Predsjedni\u0161tva BiH u kojima je preglasan \u010dlan Predsjedni\u0161tva BiH Milorad Dodik. &nbsp; NSRS danas nije prihvatila da se proglasi za\u0161tita vitalnog nacionalnog interesa po ovih pet odluka Predsjedni\u0161tva BiH, \u0161to zna\u010di da ne\u0107e biti veta na ove odluke. Dodik [&hellip;]","og_url":"https:\/\/radioljubuski.ba\/index.php\/2022\/04\/12\/nsrs-nije-prihvatila-proglasenje-zastite-vitalnog-nacionalnog-interesa-po-pet-odluka-predsjednistva\/","og_site_name":"RADIO LJUBU\u0160KI","article_publisher":"https:\/\/www.facebook.com\/Radiio-Ljubuski-1490835324566332","article_published_time":"2022-04-12T11:03:21+00:00","og_image":[{"width":1000,"height":625,"url":"https:\/\/radioljubuski.ba\/wp-content\/uploads\/2022\/04\/8-2021-12-10-20-35-16-NSRS.jpg","type":"image\/jpeg"}],"author":"Radio Ljubu\u0161ki","twitter_card":"summary_large_image","twitter_creator":"@radioljubuski","twitter_site":"@radioljubuski","twitter_misc":{"Napisao\/la":"Radio Ljubu\u0161ki","Procijenjeno vrijeme \u010ditanja":"2 minute"},"schema":{"@context":"https:\/\/schema.org","@graph":[{"@type":"Article","@id":"https:\/\/radioljubuski.ba\/index.php\/2022\/04\/12\/nsrs-nije-prihvatila-proglasenje-zastite-vitalnog-nacionalnog-interesa-po-pet-odluka-predsjednistva\/#article","isPartOf":{"@id":"https:\/\/radioljubuski.ba\/index.php\/2022\/04\/12\/nsrs-nije-prihvatila-proglasenje-zastite-vitalnog-nacionalnog-interesa-po-pet-odluka-predsjednistva\/"},"author":{"name":"Radio Ljubu\u0161ki","@id":"https:\/\/radioljubuski.ba\/#\/schema\/person\/19fc700381a780f69665d7956c469e3b"},"headline":"NSRS nije prihvatila progla\u0161enje za\u0161tite vitalnog nacionalnog interesa po pet odluka Predsjedni\u0161tva","datePublished":"2022-04-12T11:03:21+00:00","mainEntityOfPage":{"@id":"https:\/\/radioljubuski.ba\/index.php\/2022\/04\/12\/nsrs-nije-prihvatila-proglasenje-zastite-vitalnog-nacionalnog-interesa-po-pet-odluka-predsjednistva\/"},"wordCount":485,"publisher":{"@id":"https:\/\/radioljubuski.ba\/#organization"},"image":{"@id":"https:\/\/radioljubuski.ba\/index.php\/2022\/04\/12\/nsrs-nije-prihvatila-proglasenje-zastite-vitalnog-nacionalnog-interesa-po-pet-odluka-predsjednistva\/#primaryimage"},"thumbnailUrl":"https:\/\/radioljubuski.ba\/wp-content\/uploads\/2022\/04\/8-2021-12-10-20-35-16-NSRS.jpg","articleSection":["BIH i regija"],"inLanguage":"hr"},{"@type":"WebPage","@id":"https:\/\/radioljubuski.ba\/index.php\/2022\/04\/12\/nsrs-nije-prihvatila-proglasenje-zastite-vitalnog-nacionalnog-interesa-po-pet-odluka-predsjednistva\/","url":"https:\/\/radioljubuski.ba\/index.php\/2022\/04\/12\/nsrs-nije-prihvatila-proglasenje-zastite-vitalnog-nacionalnog-interesa-po-pet-odluka-predsjednistva\/","name":"NSRS nije prihvatila progla\u0161enje za\u0161tite vitalnog nacionalnog interesa po pet odluka Predsjedni\u0161tva - RADIO LJUBU\u0160KI","isPartOf":{"@id":"https:\/\/radioljubuski.ba\/#website"},"primaryImageOfPage":{"@id":"https:\/\/radioljubuski.ba\/index.php\/2022\/04\/12\/nsrs-nije-prihvatila-proglasenje-zastite-vitalnog-nacionalnog-interesa-po-pet-odluka-predsjednistva\/#primaryimage"},"image":{"@id":"https:\/\/radioljubuski.ba\/index.php\/2022\/04\/12\/nsrs-nije-prihvatila-proglasenje-zastite-vitalnog-nacionalnog-interesa-po-pet-odluka-predsjednistva\/#primaryimage"},"thumbnailUrl":"https:\/\/radioljubuski.ba\/wp-content\/uploads\/2022\/04\/8-2021-12-10-20-35-16-NSRS.jpg","datePublished":"2022-04-12T11:03:21+00:00","breadcrumb":{"@id":"https:\/\/radioljubuski.ba\/index.php\/2022\/04\/12\/nsrs-nije-prihvatila-proglasenje-zastite-vitalnog-nacionalnog-interesa-po-pet-odluka-predsjednistva\/#breadcrumb"},"inLanguage":"hr","potentialAction":[{"@type":"ReadAction","target":["https:\/\/radioljubuski.ba\/index.php\/2022\/04\/12\/nsrs-nije-prihvatila-proglasenje-zastite-vitalnog-nacionalnog-interesa-po-pet-odluka-predsjednistva\/"]}]},{"@type":"ImageObject","inLanguage":"hr","@id":"https:\/\/radioljubuski.ba\/index.php\/2022\/04\/12\/nsrs-nije-prihvatila-proglasenje-zastite-vitalnog-nacionalnog-interesa-po-pet-odluka-predsjednistva\/#primaryimage","url":"https:\/\/radioljubuski.ba\/wp-content\/uploads\/2022\/04\/8-2021-12-10-20-35-16-NSRS.jpg","contentUrl":"https:\/\/radioljubuski.ba\/wp-content\/uploads\/2022\/04\/8-2021-12-10-20-35-16-NSRS.jpg","width":1000,"height":625},{"@type":"BreadcrumbList","@id":"https:\/\/radioljubuski.ba\/index.php\/2022\/04\/12\/nsrs-nije-prihvatila-proglasenje-zastite-vitalnog-nacionalnog-interesa-po-pet-odluka-predsjednistva\/#breadcrumb","itemListElement":[{"@type":"ListItem","position":1,"name":"Po\u010detna stranica","item":"https:\/\/radioljubuski.ba\/"},{"@type":"ListItem","position":2,"name":"NSRS nije prihvatila progla\u0161enje za\u0161tite vitalnog nacionalnog interesa po pet odluka Predsjedni\u0161tva"}]},{"@type":"WebSite","@id":"https:\/\/radioljubuski.ba\/#website","url":"https:\/\/radioljubuski.ba\/","name":"Radio Ljubu\u0161ki","description":"Sun\u010dana frekvencija Hercegovine","publisher":{"@id":"https:\/\/radioljubuski.ba\/#organization"},"potentialAction":[{"@type":"SearchAction","target":{"@type":"EntryPoint","urlTemplate":"https:\/\/radioljubuski.ba\/?s={search_term_string}"},"query-input":{"@type":"PropertyValueSpecification","valueRequired":true,"valueName":"search_term_string"}}],"inLanguage":"hr"},{"@type":"Organization","@id":"https:\/\/radioljubuski.ba\/#organization","name":"Radio Ljubu\u0161ki","url":"https:\/\/radioljubuski.ba\/","logo":{"@type":"ImageObject","inLanguage":"hr","@id":"https:\/\/radioljubuski.ba\/#\/schema\/logo\/image\/","url":"https:\/\/radioljubuski.ba\/wp-content\/uploads\/2021\/02\/cropped-Radio_Ljubuski_logo1.jpg","contentUrl":"https:\/\/radioljubuski.ba\/wp-content\/uploads\/2021\/02\/cropped-Radio_Ljubuski_logo1.jpg","width":512,"height":512,"caption":"Radio Ljubu\u0161ki"},"image":{"@id":"https:\/\/radioljubuski.ba\/#\/schema\/logo\/image\/"},"sameAs":["https:\/\/www.facebook.com\/Radiio-Ljubuski-1490835324566332","https:\/\/x.com\/radioljubuski","https:\/\/hr.linkedin.com\/company\/radio-ljubuski","https:\/\/www.youtube.com\/channel\/UCHYaeO_n0Db3tjNGudGpXyw"]},{"@type":"Person","@id":"https:\/\/radioljubuski.ba\/#\/schema\/person\/19fc700381a780f69665d7956c469e3b","name":"Radio Ljubu\u0161ki"}]}},"_links":{"self":[{"href":"https:\/\/radioljubuski.ba\/index.php\/wp-json\/wp\/v2\/posts\/131765","targetHints":{"allow":["GET"]}}],"collection":[{"href":"https:\/\/radioljubuski.ba\/index.php\/wp-json\/wp\/v2\/posts"}],"about":[{"href":"https:\/\/radioljubuski.ba\/index.php\/wp-json\/wp\/v2\/types\/post"}],"author":[{"embeddable":true,"href":"https:\/\/radioljubuski.ba\/index.php\/wp-json\/wp\/v2\/users\/2"}],"replies":[{"embeddable":true,"href":"https:\/\/radioljubuski.ba\/index.php\/wp-json\/wp\/v2\/comments?post=131765"}],"version-history":[{"count":1,"href":"https:\/\/radioljubuski.ba\/index.php\/wp-json\/wp\/v2\/posts\/131765\/revisions"}],"predecessor-version":[{"id":131767,"href":"https:\/\/radioljubuski.ba\/index.php\/wp-json\/wp\/v2\/posts\/131765\/revisions\/131767"}],"wp:featuredmedia":[{"embeddable":true,"href":"https:\/\/radioljubuski.ba\/index.php\/wp-json\/wp\/v2\/media\/131766"}],"wp:attachment":[{"href":"https:\/\/radioljubuski.ba\/index.php\/wp-json\/wp\/v2\/media?parent=131765"}],"wp:term":[{"taxonomy":"category","embeddable":true,"href":"https:\/\/radioljubuski.ba\/index.php\/wp-json\/wp\/v2\/categories?post=131765"},{"taxonomy":"post_tag","embeddable":true,"href":"https:\/\/radioljubuski.ba\/index.php\/wp-json\/wp\/v2\/tags?post=131765"}],"curies":[{"name":"wp","href":"https:\/\/api.w.org\/{rel}","templated":true}]}}