{"id":131771,"date":"2022-04-12T12:05:09","date_gmt":"2022-04-12T11:05:09","guid":{"rendered":"https:\/\/radioljubuski.ba\/?p=131771"},"modified":"2022-04-12T12:05:10","modified_gmt":"2022-04-12T11:05:10","slug":"mepas-mall-nece-raditi-nedjeljom","status":"publish","type":"post","link":"https:\/\/radioljubuski.ba\/index.php\/2022\/04\/12\/mepas-mall-nece-raditi-nedjeljom\/","title":{"rendered":"Mepas Mall ne\u0107e raditi nedjeljom"},"content":{"rendered":"\n<p>Slijede\u0107i odluku novo radno vrijeme Mepas Mall centra je od ponedjeljka do subote od 09:00 do 21:00 sat, dok je nedjeljom centar zatvoren.<\/p>\n\n\n\n<p>Uprava Mepas Malla po\u0161tivat \u0107e Odluku Grada Mostara o neradnom danu te centar ne\u0107e raditi nedjeljom.<\/p>\n\n\n\n<p>\u201cSvi zakupci Mepas Mall centra po\u0161tuju zakonske odredbe po kojima je svaki djelatnik u centru imao jedan slobodan dan u tjednu ili vi\u0161e\u201d, naveli su iz Uprave.<\/p>\n\n\n\n<p>Podsjetimo, Gradsko vije\u0107e Grada Mostara na 19. redovitoj sjednici odr\u017eanoj 29. o\u017eujka donijelo je odluku o radnom vremenu objekata kojima pravne i fizi\u010dke osobe obavljaju djelatnost na podru\u010dju Grada Mostara.<\/p>\n\n\n\n<p>Slijede\u0107i odluku novo radno vrijeme Mepas Mall centra je od ponedjeljka do subote od 09:00 do 21:00 sat, dok je nedjeljom centar zatvoren. Odluka o radnom vremenu Mepas Malla na snagu stupa od utorka 12. travnja te kako navode iz Mepas Malla, svi zakupci su du\u017eni pridr\u017eavati se Odluke uprave.<\/p>\n\n\n\n<p>Izvor: <strong>Vrisak.info<\/strong><\/p>\n","protected":false},"excerpt":{"rendered":"<p>Slijede\u0107i odluku novo radno vrijeme Mepas Mall centra je od ponedjeljka do subote od 09:00 do 21:00 sat, dok je nedjeljom centar zatvoren. Uprava Mepas Malla po\u0161tivat \u0107e Odluku Grada Mostara o neradnom danu te centar ne\u0107e raditi nedjeljom. \u201cSvi zakupci Mepas Mall centra po\u0161tuju zakonske odredbe po kojima je svaki djelatnik u centru imao [&hellip;]<\/p>\n","protected":false},"author":2,"featured_media":5261,"comment_status":"closed","ping_status":"closed","sticky":false,"template":"","format":"standard","meta":{"h5ap_radio_sources":[],"footnotes":""},"categories":[1],"tags":[],"class_list":["post-131771","post","type-post","status-publish","format-standard","has-post-thumbnail","hentry","category-bihiregija"],"yoast_head":"<!-- This site is optimized with the Yoast SEO plugin v27.5 - https:\/\/yoast.com\/product\/yoast-seo-wordpress\/ -->\n<title>Mepas Mall ne\u0107e raditi nedjeljom - RADIO LJUBU\u0160KI<\/title>\n<meta name=\"robots\" content=\"index, follow, max-snippet:-1, max-image-preview:large, max-video-preview:-1\" \/>\n<link rel=\"canonical\" href=\"https:\/\/radioljubuski.ba\/index.php\/2022\/04\/12\/mepas-mall-nece-raditi-nedjeljom\/\" \/>\n<meta property=\"og:locale\" content=\"hr_HR\" \/>\n<meta property=\"og:type\" content=\"article\" \/>\n<meta property=\"og:title\" content=\"Mepas Mall ne\u0107e raditi nedjeljom - RADIO LJUBU\u0160KI\" \/>\n<meta property=\"og:description\" content=\"Slijede\u0107i odluku novo radno vrijeme Mepas Mall centra je od ponedjeljka do subote od 09:00 do 21:00 sat, dok je nedjeljom centar zatvoren. Uprava Mepas Malla po\u0161tivat \u0107e Odluku Grada Mostara o neradnom danu te centar ne\u0107e raditi nedjeljom. \u201cSvi zakupci Mepas Mall centra po\u0161tuju zakonske odredbe po kojima je svaki djelatnik u centru imao [&hellip;]\" \/>\n<meta property=\"og:url\" content=\"https:\/\/radioljubuski.ba\/index.php\/2022\/04\/12\/mepas-mall-nece-raditi-nedjeljom\/\" \/>\n<meta property=\"og:site_name\" content=\"RADIO LJUBU\u0160KI\" \/>\n<meta property=\"article:publisher\" content=\"https:\/\/www.facebook.com\/Radiio-Ljubuski-1490835324566332\" \/>\n<meta property=\"article:published_time\" content=\"2022-04-12T11:05:09+00:00\" \/>\n<meta property=\"article:modified_time\" content=\"2022-04-12T11:05:10+00:00\" \/>\n<meta property=\"og:image\" content=\"https:\/\/radioljubuski.ba\/wp-content\/uploads\/2021\/03\/mepas-mall-mostar-810x608-1.jpg\" \/>\n\t<meta property=\"og:image:width\" content=\"810\" \/>\n\t<meta property=\"og:image:height\" content=\"608\" \/>\n\t<meta property=\"og:image:type\" content=\"image\/jpeg\" \/>\n<meta name=\"author\" content=\"Radio Ljubu\u0161ki\" \/>\n<meta name=\"twitter:card\" content=\"summary_large_image\" \/>\n<meta name=\"twitter:creator\" content=\"@radioljubuski\" \/>\n<meta name=\"twitter:site\" content=\"@radioljubuski\" \/>\n<meta name=\"twitter:label1\" content=\"Napisao\/la\" \/>\n\t<meta name=\"twitter:data1\" content=\"Radio Ljubu\u0161ki\" \/>\n\t<meta name=\"twitter:label2\" content=\"Procijenjeno vrijeme \u010ditanja\" \/>\n\t<meta name=\"twitter:data2\" content=\"1 minuta\" \/>\n<script type=\"application\/ld+json\" class=\"yoast-schema-graph\">{\"@context\":\"https:\\\/\\\/schema.org\",\"@graph\":[{\"@type\":\"Article\",\"@id\":\"https:\\\/\\\/radioljubuski.ba\\\/index.php\\\/2022\\\/04\\\/12\\\/mepas-mall-nece-raditi-nedjeljom\\\/#article\",\"isPartOf\":{\"@id\":\"https:\\\/\\\/radioljubuski.ba\\\/index.php\\\/2022\\\/04\\\/12\\\/mepas-mall-nece-raditi-nedjeljom\\\/\"},\"author\":{\"name\":\"Radio Ljubu\u0161ki\",\"@id\":\"https:\\\/\\\/radioljubuski.ba\\\/#\\\/schema\\\/person\\\/19fc700381a780f69665d7956c469e3b\"},\"headline\":\"Mepas Mall ne\u0107e raditi nedjeljom\",\"datePublished\":\"2022-04-12T11:05:09+00:00\",\"dateModified\":\"2022-04-12T11:05:10+00:00\",\"mainEntityOfPage\":{\"@id\":\"https:\\\/\\\/radioljubuski.ba\\\/index.php\\\/2022\\\/04\\\/12\\\/mepas-mall-nece-raditi-nedjeljom\\\/\"},\"wordCount\":161,\"publisher\":{\"@id\":\"https:\\\/\\\/radioljubuski.ba\\\/#organization\"},\"image\":{\"@id\":\"https:\\\/\\\/radioljubuski.ba\\\/index.php\\\/2022\\\/04\\\/12\\\/mepas-mall-nece-raditi-nedjeljom\\\/#primaryimage\"},\"thumbnailUrl\":\"https:\\\/\\\/radioljubuski.ba\\\/wp-content\\\/uploads\\\/2021\\\/03\\\/mepas-mall-mostar-810x608-1.jpg\",\"articleSection\":[\"BIH i regija\"],\"inLanguage\":\"hr\"},{\"@type\":\"WebPage\",\"@id\":\"https:\\\/\\\/radioljubuski.ba\\\/index.php\\\/2022\\\/04\\\/12\\\/mepas-mall-nece-raditi-nedjeljom\\\/\",\"url\":\"https:\\\/\\\/radioljubuski.ba\\\/index.php\\\/2022\\\/04\\\/12\\\/mepas-mall-nece-raditi-nedjeljom\\\/\",\"name\":\"Mepas Mall ne\u0107e raditi nedjeljom - RADIO LJUBU\u0160KI\",\"isPartOf\":{\"@id\":\"https:\\\/\\\/radioljubuski.ba\\\/#website\"},\"primaryImageOfPage\":{\"@id\":\"https:\\\/\\\/radioljubuski.ba\\\/index.php\\\/2022\\\/04\\\/12\\\/mepas-mall-nece-raditi-nedjeljom\\\/#primaryimage\"},\"image\":{\"@id\":\"https:\\\/\\\/radioljubuski.ba\\\/index.php\\\/2022\\\/04\\\/12\\\/mepas-mall-nece-raditi-nedjeljom\\\/#primaryimage\"},\"thumbnailUrl\":\"https:\\\/\\\/radioljubuski.ba\\\/wp-content\\\/uploads\\\/2021\\\/03\\\/mepas-mall-mostar-810x608-1.jpg\",\"datePublished\":\"2022-04-12T11:05:09+00:00\",\"dateModified\":\"2022-04-12T11:05:10+00:00\",\"breadcrumb\":{\"@id\":\"https:\\\/\\\/radioljubuski.ba\\\/index.php\\\/2022\\\/04\\\/12\\\/mepas-mall-nece-raditi-nedjeljom\\\/#breadcrumb\"},\"inLanguage\":\"hr\",\"potentialAction\":[{\"@type\":\"ReadAction\",\"target\":[\"https:\\\/\\\/radioljubuski.ba\\\/index.php\\\/2022\\\/04\\\/12\\\/mepas-mall-nece-raditi-nedjeljom\\\/\"]}]},{\"@type\":\"ImageObject\",\"inLanguage\":\"hr\",\"@id\":\"https:\\\/\\\/radioljubuski.ba\\\/index.php\\\/2022\\\/04\\\/12\\\/mepas-mall-nece-raditi-nedjeljom\\\/#primaryimage\",\"url\":\"https:\\\/\\\/radioljubuski.ba\\\/wp-content\\\/uploads\\\/2021\\\/03\\\/mepas-mall-mostar-810x608-1.jpg\",\"contentUrl\":\"https:\\\/\\\/radioljubuski.ba\\\/wp-content\\\/uploads\\\/2021\\\/03\\\/mepas-mall-mostar-810x608-1.jpg\",\"width\":810,\"height\":608},{\"@type\":\"BreadcrumbList\",\"@id\":\"https:\\\/\\\/radioljubuski.ba\\\/index.php\\\/2022\\\/04\\\/12\\\/mepas-mall-nece-raditi-nedjeljom\\\/#breadcrumb\",\"itemListElement\":[{\"@type\":\"ListItem\",\"position\":1,\"name\":\"Po\u010detna stranica\",\"item\":\"https:\\\/\\\/radioljubuski.ba\\\/\"},{\"@type\":\"ListItem\",\"position\":2,\"name\":\"Mepas Mall ne\u0107e raditi nedjeljom\"}]},{\"@type\":\"WebSite\",\"@id\":\"https:\\\/\\\/radioljubuski.ba\\\/#website\",\"url\":\"https:\\\/\\\/radioljubuski.ba\\\/\",\"name\":\"Radio Ljubu\u0161ki\",\"description\":\"Sun\u010dana frekvencija Hercegovine\",\"publisher\":{\"@id\":\"https:\\\/\\\/radioljubuski.ba\\\/#organization\"},\"potentialAction\":[{\"@type\":\"SearchAction\",\"target\":{\"@type\":\"EntryPoint\",\"urlTemplate\":\"https:\\\/\\\/radioljubuski.ba\\\/?s={search_term_string}\"},\"query-input\":{\"@type\":\"PropertyValueSpecification\",\"valueRequired\":true,\"valueName\":\"search_term_string\"}}],\"inLanguage\":\"hr\"},{\"@type\":\"Organization\",\"@id\":\"https:\\\/\\\/radioljubuski.ba\\\/#organization\",\"name\":\"Radio Ljubu\u0161ki\",\"url\":\"https:\\\/\\\/radioljubuski.ba\\\/\",\"logo\":{\"@type\":\"ImageObject\",\"inLanguage\":\"hr\",\"@id\":\"https:\\\/\\\/radioljubuski.ba\\\/#\\\/schema\\\/logo\\\/image\\\/\",\"url\":\"https:\\\/\\\/radioljubuski.ba\\\/wp-content\\\/uploads\\\/2021\\\/02\\\/cropped-Radio_Ljubuski_logo1.jpg\",\"contentUrl\":\"https:\\\/\\\/radioljubuski.ba\\\/wp-content\\\/uploads\\\/2021\\\/02\\\/cropped-Radio_Ljubuski_logo1.jpg\",\"width\":512,\"height\":512,\"caption\":\"Radio Ljubu\u0161ki\"},\"image\":{\"@id\":\"https:\\\/\\\/radioljubuski.ba\\\/#\\\/schema\\\/logo\\\/image\\\/\"},\"sameAs\":[\"https:\\\/\\\/www.facebook.com\\\/Radiio-Ljubuski-1490835324566332\",\"https:\\\/\\\/x.com\\\/radioljubuski\",\"https:\\\/\\\/hr.linkedin.com\\\/company\\\/radio-ljubuski\",\"https:\\\/\\\/www.youtube.com\\\/channel\\\/UCHYaeO_n0Db3tjNGudGpXyw\"]},{\"@type\":\"Person\",\"@id\":\"https:\\\/\\\/radioljubuski.ba\\\/#\\\/schema\\\/person\\\/19fc700381a780f69665d7956c469e3b\",\"name\":\"Radio Ljubu\u0161ki\"}]}<\/script>\n<!-- \/ Yoast SEO plugin. -->","yoast_head_json":{"title":"Mepas Mall ne\u0107e raditi nedjeljom - RADIO LJUBU\u0160KI","robots":{"index":"index","follow":"follow","max-snippet":"max-snippet:-1","max-image-preview":"max-image-preview:large","max-video-preview":"max-video-preview:-1"},"canonical":"https:\/\/radioljubuski.ba\/index.php\/2022\/04\/12\/mepas-mall-nece-raditi-nedjeljom\/","og_locale":"hr_HR","og_type":"article","og_title":"Mepas Mall ne\u0107e raditi nedjeljom - RADIO LJUBU\u0160KI","og_description":"Slijede\u0107i odluku novo radno vrijeme Mepas Mall centra je od ponedjeljka do subote od 09:00 do 21:00 sat, dok je nedjeljom centar zatvoren. Uprava Mepas Malla po\u0161tivat \u0107e Odluku Grada Mostara o neradnom danu te centar ne\u0107e raditi nedjeljom. \u201cSvi zakupci Mepas Mall centra po\u0161tuju zakonske odredbe po kojima je svaki djelatnik u centru imao [&hellip;]","og_url":"https:\/\/radioljubuski.ba\/index.php\/2022\/04\/12\/mepas-mall-nece-raditi-nedjeljom\/","og_site_name":"RADIO LJUBU\u0160KI","article_publisher":"https:\/\/www.facebook.com\/Radiio-Ljubuski-1490835324566332","article_published_time":"2022-04-12T11:05:09+00:00","article_modified_time":"2022-04-12T11:05:10+00:00","og_image":[{"width":810,"height":608,"url":"https:\/\/radioljubuski.ba\/wp-content\/uploads\/2021\/03\/mepas-mall-mostar-810x608-1.jpg","type":"image\/jpeg"}],"author":"Radio Ljubu\u0161ki","twitter_card":"summary_large_image","twitter_creator":"@radioljubuski","twitter_site":"@radioljubuski","twitter_misc":{"Napisao\/la":"Radio Ljubu\u0161ki","Procijenjeno vrijeme \u010ditanja":"1 minuta"},"schema":{"@context":"https:\/\/schema.org","@graph":[{"@type":"Article","@id":"https:\/\/radioljubuski.ba\/index.php\/2022\/04\/12\/mepas-mall-nece-raditi-nedjeljom\/#article","isPartOf":{"@id":"https:\/\/radioljubuski.ba\/index.php\/2022\/04\/12\/mepas-mall-nece-raditi-nedjeljom\/"},"author":{"name":"Radio Ljubu\u0161ki","@id":"https:\/\/radioljubuski.ba\/#\/schema\/person\/19fc700381a780f69665d7956c469e3b"},"headline":"Mepas Mall ne\u0107e raditi nedjeljom","datePublished":"2022-04-12T11:05:09+00:00","dateModified":"2022-04-12T11:05:10+00:00","mainEntityOfPage":{"@id":"https:\/\/radioljubuski.ba\/index.php\/2022\/04\/12\/mepas-mall-nece-raditi-nedjeljom\/"},"wordCount":161,"publisher":{"@id":"https:\/\/radioljubuski.ba\/#organization"},"image":{"@id":"https:\/\/radioljubuski.ba\/index.php\/2022\/04\/12\/mepas-mall-nece-raditi-nedjeljom\/#primaryimage"},"thumbnailUrl":"https:\/\/radioljubuski.ba\/wp-content\/uploads\/2021\/03\/mepas-mall-mostar-810x608-1.jpg","articleSection":["BIH i regija"],"inLanguage":"hr"},{"@type":"WebPage","@id":"https:\/\/radioljubuski.ba\/index.php\/2022\/04\/12\/mepas-mall-nece-raditi-nedjeljom\/","url":"https:\/\/radioljubuski.ba\/index.php\/2022\/04\/12\/mepas-mall-nece-raditi-nedjeljom\/","name":"Mepas Mall ne\u0107e raditi nedjeljom - RADIO LJUBU\u0160KI","isPartOf":{"@id":"https:\/\/radioljubuski.ba\/#website"},"primaryImageOfPage":{"@id":"https:\/\/radioljubuski.ba\/index.php\/2022\/04\/12\/mepas-mall-nece-raditi-nedjeljom\/#primaryimage"},"image":{"@id":"https:\/\/radioljubuski.ba\/index.php\/2022\/04\/12\/mepas-mall-nece-raditi-nedjeljom\/#primaryimage"},"thumbnailUrl":"https:\/\/radioljubuski.ba\/wp-content\/uploads\/2021\/03\/mepas-mall-mostar-810x608-1.jpg","datePublished":"2022-04-12T11:05:09+00:00","dateModified":"2022-04-12T11:05:10+00:00","breadcrumb":{"@id":"https:\/\/radioljubuski.ba\/index.php\/2022\/04\/12\/mepas-mall-nece-raditi-nedjeljom\/#breadcrumb"},"inLanguage":"hr","potentialAction":[{"@type":"ReadAction","target":["https:\/\/radioljubuski.ba\/index.php\/2022\/04\/12\/mepas-mall-nece-raditi-nedjeljom\/"]}]},{"@type":"ImageObject","inLanguage":"hr","@id":"https:\/\/radioljubuski.ba\/index.php\/2022\/04\/12\/mepas-mall-nece-raditi-nedjeljom\/#primaryimage","url":"https:\/\/radioljubuski.ba\/wp-content\/uploads\/2021\/03\/mepas-mall-mostar-810x608-1.jpg","contentUrl":"https:\/\/radioljubuski.ba\/wp-content\/uploads\/2021\/03\/mepas-mall-mostar-810x608-1.jpg","width":810,"height":608},{"@type":"BreadcrumbList","@id":"https:\/\/radioljubuski.ba\/index.php\/2022\/04\/12\/mepas-mall-nece-raditi-nedjeljom\/#breadcrumb","itemListElement":[{"@type":"ListItem","position":1,"name":"Po\u010detna stranica","item":"https:\/\/radioljubuski.ba\/"},{"@type":"ListItem","position":2,"name":"Mepas Mall ne\u0107e raditi nedjeljom"}]},{"@type":"WebSite","@id":"https:\/\/radioljubuski.ba\/#website","url":"https:\/\/radioljubuski.ba\/","name":"Radio Ljubu\u0161ki","description":"Sun\u010dana frekvencija Hercegovine","publisher":{"@id":"https:\/\/radioljubuski.ba\/#organization"},"potentialAction":[{"@type":"SearchAction","target":{"@type":"EntryPoint","urlTemplate":"https:\/\/radioljubuski.ba\/?s={search_term_string}"},"query-input":{"@type":"PropertyValueSpecification","valueRequired":true,"valueName":"search_term_string"}}],"inLanguage":"hr"},{"@type":"Organization","@id":"https:\/\/radioljubuski.ba\/#organization","name":"Radio Ljubu\u0161ki","url":"https:\/\/radioljubuski.ba\/","logo":{"@type":"ImageObject","inLanguage":"hr","@id":"https:\/\/radioljubuski.ba\/#\/schema\/logo\/image\/","url":"https:\/\/radioljubuski.ba\/wp-content\/uploads\/2021\/02\/cropped-Radio_Ljubuski_logo1.jpg","contentUrl":"https:\/\/radioljubuski.ba\/wp-content\/uploads\/2021\/02\/cropped-Radio_Ljubuski_logo1.jpg","width":512,"height":512,"caption":"Radio Ljubu\u0161ki"},"image":{"@id":"https:\/\/radioljubuski.ba\/#\/schema\/logo\/image\/"},"sameAs":["https:\/\/www.facebook.com\/Radiio-Ljubuski-1490835324566332","https:\/\/x.com\/radioljubuski","https:\/\/hr.linkedin.com\/company\/radio-ljubuski","https:\/\/www.youtube.com\/channel\/UCHYaeO_n0Db3tjNGudGpXyw"]},{"@type":"Person","@id":"https:\/\/radioljubuski.ba\/#\/schema\/person\/19fc700381a780f69665d7956c469e3b","name":"Radio Ljubu\u0161ki"}]}},"_links":{"self":[{"href":"https:\/\/radioljubuski.ba\/index.php\/wp-json\/wp\/v2\/posts\/131771","targetHints":{"allow":["GET"]}}],"collection":[{"href":"https:\/\/radioljubuski.ba\/index.php\/wp-json\/wp\/v2\/posts"}],"about":[{"href":"https:\/\/radioljubuski.ba\/index.php\/wp-json\/wp\/v2\/types\/post"}],"author":[{"embeddable":true,"href":"https:\/\/radioljubuski.ba\/index.php\/wp-json\/wp\/v2\/users\/2"}],"replies":[{"embeddable":true,"href":"https:\/\/radioljubuski.ba\/index.php\/wp-json\/wp\/v2\/comments?post=131771"}],"version-history":[{"count":1,"href":"https:\/\/radioljubuski.ba\/index.php\/wp-json\/wp\/v2\/posts\/131771\/revisions"}],"predecessor-version":[{"id":131772,"href":"https:\/\/radioljubuski.ba\/index.php\/wp-json\/wp\/v2\/posts\/131771\/revisions\/131772"}],"wp:featuredmedia":[{"embeddable":true,"href":"https:\/\/radioljubuski.ba\/index.php\/wp-json\/wp\/v2\/media\/5261"}],"wp:attachment":[{"href":"https:\/\/radioljubuski.ba\/index.php\/wp-json\/wp\/v2\/media?parent=131771"}],"wp:term":[{"taxonomy":"category","embeddable":true,"href":"https:\/\/radioljubuski.ba\/index.php\/wp-json\/wp\/v2\/categories?post=131771"},{"taxonomy":"post_tag","embeddable":true,"href":"https:\/\/radioljubuski.ba\/index.php\/wp-json\/wp\/v2\/tags?post=131771"}],"curies":[{"name":"wp","href":"https:\/\/api.w.org\/{rel}","templated":true}]}}