{"id":131778,"date":"2022-04-12T12:10:35","date_gmt":"2022-04-12T11:10:35","guid":{"rendered":"https:\/\/radioljubuski.ba\/?p=131778"},"modified":"2022-04-12T12:10:36","modified_gmt":"2022-04-12T11:10:36","slug":"kako-je-vladimir-putin-unistio-proizvodace-u-dolini-neretve","status":"publish","type":"post","link":"https:\/\/radioljubuski.ba\/index.php\/2022\/04\/12\/kako-je-vladimir-putin-unistio-proizvodace-u-dolini-neretve\/","title":{"rendered":"Kako je Vladimir Putin uni\u0161tio proizvo\u0111a\u010de u Dolini Neretve"},"content":{"rendered":"\n<p><strong>Pro\u0161le su \u010detiri godine otkako je tada\u0161nji \u017eupanijski vije\u0107nik i najve\u0107i uzgajiva\u010d naran\u010dina Stipo Gabri\u0107 Jambo za govornicom na sjednici \u017dupanijske skup\u0161tine, s tim vo\u0107em u ruci, zavapio za vremenima kad se ono izvozilo u Rusiju.<\/strong><\/p>\n\n\n\n<p><em>\u201eDok je bila majka Rusija i dok smo izvozili 40 tisu\u0107a tona u Rusiju, prihodi su bili sli\u010dni iznosu za koji je \u017eupan Dobroslavi\u0107 rekao da \u0107e ko\u0161tati Centar za gospodarenje otpadom.&nbsp;Dakle od 45 do 50 milijuna eura,\u201c<\/em>&nbsp;izjavio je tada Jambo.<\/p>\n\n\n\n<p><strong>&#8216;NISMO VI\u0160E HRVATSKA KALIFORNIJA NEGO HRVATSKI JAD&#8217;<\/strong><\/p>\n\n\n\n<p>Kazao je tada kako je otkup po\u010deo s cijenom prve klase naran\u010dina, ili mandarine, od 3 kune i 20 lipa i druge klase od 2 kune i 50 lipa. Nekoliko godina nakon, cijena otkupa prve klase bila je 2 kune i 20 lipa, a druge jednu i po&#8217; kunu, podsjetio je tada Jambo, dodav\u0161i kako je Neretva bila poznata kao &#8216;hrvatska Kalifornija&#8217;, a danas je &#8216;hrvatski jad&#8217;. Zamolio je tada \u017eupana Dobroslavi\u0107a da poduzme potrebne korake kako bi se za\u0161titila cijena naran\u010dina.<\/p>\n\n\n\n<p>Dobroslavi\u0107 je pojasnio kako je u tr\u017ei\u0161nom gospodarstvu nemogu\u0107e utvrditi za\u0161titnu cijenu otkupa, no kako \u0107e \u017dupanija putem mjera i programa nastavljati pomagati Neretvi.<\/p>\n\n\n\n<p><strong>EMBARGO IH JE DOTUKAO<\/strong><\/p>\n\n\n\n<p>Krah &#8216;zlatnog doba neretvanskog naran\u010dina&#8217; dogodio se 2014. godine kad je Rusija okupirala Krim i potom ga anektirala. Zapad i Rusija i tad su snage odmjeravali nametanjem mjera, a ona Vladimira Putina bila je uvo\u0111enje embarga na neretvanske mandarine.<\/p>\n\n\n\n<p>Rusi su dotad bili najzahvalniji kupci neretvanskih naran\u010dina, a procjenjuje se da se od 30 do 50 posto ukupnog uroda izvozilo upravo u Rusiju. Nakon nametanja sankcija od strane Rusije, predstavnici otkupljiva\u010da i proizvo\u0111a\u010da naran\u010dina okupljenih u udrugu &#8216;Mandarina&#8217; u srcu krize su otputovali u Rusiju kako bi sudjelovali na sajmu hrane u Moskvi. Tamo su apelirali na ukidanje embarga i predstavljali svoje proizvode, u nadi kako \u0107e se ne\u0161to promijeniti u posljednji trenutak. No, to se nije dogodilo, a kad su prije osam godine uvedene sankcije, propalo je oko osam tisu\u0107a tona neretvanskih naran\u010dina.<\/p>\n\n\n\n<p><strong>POLA PROIZVODNJE JE I\u0160LO U MOSKVU<\/strong><\/p>\n\n\n\n<p>\u201eJo\u0161 2014. godine EU je uvela sankcije Rusiji, a onda i Rusija EU. Dolina Neretve je tu najte\u017ee stradala. Otad mi ne izvozimo tamo niti jednu jedinu mandarinu, a izgleda da se to ne\u0107e tako lako promijeniti. Naprotiv, vidimo da \u0107e se jo\u0161 vi\u0161e zao\u0161triti,\u201c govori nam Stipo Gabri\u0107 Jambo koji opisuje sr\u017e problema koji je nastao, a neretvanske proizvo\u0111a\u010de bacio u o\u010daj.<\/p>\n\n\n\n<p>\u201eU Moskvu je odlazilo prakti\u010dki 50 posto proizvodnje jer izvezena roba tamo do\u0111e prije nego u Tursku ili Gr\u010dku. Nakon uvo\u0111enja sankcija, sve se svelo na pre\u017eivljavanje. Do 2014. godine imali smo stalnu zagarantiranu cijenu oko tri kune. Pro\u0161lo je osam godina, a sad je prosjek 1,8 kuna. Po cijenama ispod tri kune, ne isplati se raditi,\u201c ka\u017ee Gabri\u0107.<\/p>\n\n\n\n<p>Vidi se to i golim okom, govori Gabri\u0107. Vo\u0107njaci su zapu\u0161teni, radna snaga je skupa, a zakon ponude i potra\u017enje im ne ide na ruku. Mandarina ra\u0111a u kratkom periodu pa se stvaraju velike koli\u010dine, a postoje\u0107e tr\u017ei\u0161te je nedostatno. Najdeblji kraj izvla\u010di proizvo\u0111a\u010d naran\u010dina.<\/p>\n\n\n\n<p>\u201eU sedam godina smo u prosjeku izvozili oko 40 tisu\u0107a tona godi\u0161nje, a 50 posto proizvodnje, oko 20 tisu\u0107a tona, izvozilo se u Rusiju. Izgubili smo najmanje 280 milijuna kuna,\u201c tvrdi Gabri\u0107 koji dodaje kako nije optimisti\u010dan oko razvoja situacije.<\/p>\n\n\n\n<p>\u201eNe\u0107emo mi ni u sljede\u0107ih 30 godina izvoziti ni\u0161ta u Rusiju. Nema od toga ni\u0161ta. S Nijemcima i Francuzima se jo\u0161 i ne\u0161to dogovore jer su oni ovisni o ruskom plinu, a mi smo najvi\u0161e pogo\u0111eni u ovih sedam godina i to nam nije nikako nadokna\u0111eno,\u201c smatra on.<\/p>\n\n\n\n<p><strong>PREPRODAJA PREKO SRBIJE<\/strong><\/p>\n\n\n\n<p>Jure Kapovi\u0107 jo\u0161 je jedan proizvo\u0111a\u010d naran\u010dina s podru\u010dja Neretve koji poru\u010duje kako je &#8216;od 2014. godine sve po\u0161lo naopako&#8217;. U nekom trenutku su krenuli izvoziti mandarine prema tre\u0107im zemljama koje su ih potom prodavale u Rusiju, no ni to nije zna\u010dajno pobolj\u0161alo situaciju.<\/p>\n\n\n\n<p>\u201eKad je uveden ruski embargo, nismo mogli prodati ni\u0161ta u Rusiju pa smo prodavali preko tre\u0107ih zemalja. U prvom redu preko Srbije, a oni su onda dalje prodavali njima. Sad izvozimo u BiH, Srbiju, \u010ce\u0161ku, Slova\u010dku\u2026 Valjda \u0107e tako i ostati i valjda se ne\u0107e situacija oko rata u Ukrajini pogor\u0161avati. Ne bi bilo dobro da se destabiliziraju \u010ce\u0161ka ili Slova\u010dka, to bi nam onda bio veliki problem. Me\u0111utim, sve su to manje koli\u010dine. Dok je bilo ruskog tr\u017ei\u0161ta, dobro smo trgovali, cijene su bile dobre i nije se stvarao vi\u0161ak. Sada ne mo\u017eemo dr\u017eati tu cijenu, nego je obaramo, a onda vas ucjenjuju\u2026,\u201c ka\u017ee Kapovi\u0107.<\/p>\n\n\n\n<p>O tome kakav \u0107e biti ovogodi\u0161nji urod, jo\u0161 je rano govoriti. Kapovi\u0107 podsje\u0107a kako mandarine nisu po\u010dele ni cvjetati. Prognozirat \u0107e se mo\u0107i tek za mjesec dana. A prognoze im se ne \u010dine sjajne. Aktualna poskupljenja energenata poskupljuju proizvodnju pa \u0107e to svakako biti dodatna otegotne okolnost proizvo\u0111a\u010dima mandarina, ali i onima koji u Neretvi proizvode pipune, dinje, jagode i ostalo vo\u0107e.<\/p>\n\n\n\n<p><strong>Iz tiskanog izdanja Dubrova\u010dkog dnevnika.<\/strong><br>Izvor: Iks-portal.info<\/p>\n","protected":false},"excerpt":{"rendered":"<p>Pro\u0161le su \u010detiri godine otkako je tada\u0161nji \u017eupanijski vije\u0107nik i najve\u0107i uzgajiva\u010d naran\u010dina Stipo Gabri\u0107 Jambo za govornicom na sjednici \u017dupanijske skup\u0161tine, s tim vo\u0107em u ruci, zavapio za vremenima kad se ono izvozilo u Rusiju. \u201eDok je bila majka Rusija i dok smo izvozili 40 tisu\u0107a tona u Rusiju, prihodi su bili sli\u010dni iznosu [&hellip;]<\/p>\n","protected":false},"author":2,"featured_media":131779,"comment_status":"closed","ping_status":"closed","sticky":false,"template":"","format":"standard","meta":{"h5ap_radio_sources":[],"footnotes":""},"categories":[1],"tags":[],"class_list":["post-131778","post","type-post","status-publish","format-standard","has-post-thumbnail","hentry","category-bihiregija"],"yoast_head":"<!-- This site is optimized with the Yoast SEO plugin v27.5 - https:\/\/yoast.com\/product\/yoast-seo-wordpress\/ -->\n<title>Kako je Vladimir Putin uni\u0161tio proizvo\u0111a\u010de u Dolini Neretve - RADIO LJUBU\u0160KI<\/title>\n<meta name=\"robots\" content=\"index, follow, max-snippet:-1, max-image-preview:large, max-video-preview:-1\" \/>\n<link rel=\"canonical\" href=\"https:\/\/radioljubuski.ba\/index.php\/2022\/04\/12\/kako-je-vladimir-putin-unistio-proizvodace-u-dolini-neretve\/\" \/>\n<meta property=\"og:locale\" content=\"hr_HR\" \/>\n<meta property=\"og:type\" content=\"article\" \/>\n<meta property=\"og:title\" content=\"Kako je Vladimir Putin uni\u0161tio proizvo\u0111a\u010de u Dolini Neretve - RADIO LJUBU\u0160KI\" \/>\n<meta property=\"og:description\" content=\"Pro\u0161le su \u010detiri godine otkako je tada\u0161nji \u017eupanijski vije\u0107nik i najve\u0107i uzgajiva\u010d naran\u010dina Stipo Gabri\u0107 Jambo za govornicom na sjednici \u017dupanijske skup\u0161tine, s tim vo\u0107em u ruci, zavapio za vremenima kad se ono izvozilo u Rusiju. \u201eDok je bila majka Rusija i dok smo izvozili 40 tisu\u0107a tona u Rusiju, prihodi su bili sli\u010dni iznosu [&hellip;]\" \/>\n<meta property=\"og:url\" content=\"https:\/\/radioljubuski.ba\/index.php\/2022\/04\/12\/kako-je-vladimir-putin-unistio-proizvodace-u-dolini-neretve\/\" \/>\n<meta property=\"og:site_name\" content=\"RADIO LJUBU\u0160KI\" \/>\n<meta property=\"article:publisher\" content=\"https:\/\/www.facebook.com\/Radiio-Ljubuski-1490835324566332\" \/>\n<meta property=\"article:published_time\" content=\"2022-04-12T11:10:35+00:00\" \/>\n<meta property=\"article:modified_time\" content=\"2022-04-12T11:10:36+00:00\" \/>\n<meta property=\"og:image\" content=\"https:\/\/radioljubuski.ba\/wp-content\/uploads\/2022\/04\/putin-narance.jpg\" \/>\n\t<meta property=\"og:image:width\" content=\"1024\" \/>\n\t<meta property=\"og:image:height\" content=\"681\" \/>\n\t<meta property=\"og:image:type\" content=\"image\/jpeg\" \/>\n<meta name=\"author\" content=\"Radio Ljubu\u0161ki\" \/>\n<meta name=\"twitter:card\" content=\"summary_large_image\" \/>\n<meta name=\"twitter:creator\" content=\"@radioljubuski\" \/>\n<meta name=\"twitter:site\" content=\"@radioljubuski\" \/>\n<meta name=\"twitter:label1\" content=\"Napisao\/la\" \/>\n\t<meta name=\"twitter:data1\" content=\"Radio Ljubu\u0161ki\" \/>\n\t<meta name=\"twitter:label2\" content=\"Procijenjeno vrijeme \u010ditanja\" \/>\n\t<meta name=\"twitter:data2\" content=\"4 minute\" \/>\n<script type=\"application\/ld+json\" class=\"yoast-schema-graph\">{\"@context\":\"https:\\\/\\\/schema.org\",\"@graph\":[{\"@type\":\"Article\",\"@id\":\"https:\\\/\\\/radioljubuski.ba\\\/index.php\\\/2022\\\/04\\\/12\\\/kako-je-vladimir-putin-unistio-proizvodace-u-dolini-neretve\\\/#article\",\"isPartOf\":{\"@id\":\"https:\\\/\\\/radioljubuski.ba\\\/index.php\\\/2022\\\/04\\\/12\\\/kako-je-vladimir-putin-unistio-proizvodace-u-dolini-neretve\\\/\"},\"author\":{\"name\":\"Radio Ljubu\u0161ki\",\"@id\":\"https:\\\/\\\/radioljubuski.ba\\\/#\\\/schema\\\/person\\\/19fc700381a780f69665d7956c469e3b\"},\"headline\":\"Kako je Vladimir Putin uni\u0161tio proizvo\u0111a\u010de u Dolini Neretve\",\"datePublished\":\"2022-04-12T11:10:35+00:00\",\"dateModified\":\"2022-04-12T11:10:36+00:00\",\"mainEntityOfPage\":{\"@id\":\"https:\\\/\\\/radioljubuski.ba\\\/index.php\\\/2022\\\/04\\\/12\\\/kako-je-vladimir-putin-unistio-proizvodace-u-dolini-neretve\\\/\"},\"wordCount\":907,\"publisher\":{\"@id\":\"https:\\\/\\\/radioljubuski.ba\\\/#organization\"},\"image\":{\"@id\":\"https:\\\/\\\/radioljubuski.ba\\\/index.php\\\/2022\\\/04\\\/12\\\/kako-je-vladimir-putin-unistio-proizvodace-u-dolini-neretve\\\/#primaryimage\"},\"thumbnailUrl\":\"https:\\\/\\\/radioljubuski.ba\\\/wp-content\\\/uploads\\\/2022\\\/04\\\/putin-narance.jpg\",\"articleSection\":[\"BIH i regija\"],\"inLanguage\":\"hr\"},{\"@type\":\"WebPage\",\"@id\":\"https:\\\/\\\/radioljubuski.ba\\\/index.php\\\/2022\\\/04\\\/12\\\/kako-je-vladimir-putin-unistio-proizvodace-u-dolini-neretve\\\/\",\"url\":\"https:\\\/\\\/radioljubuski.ba\\\/index.php\\\/2022\\\/04\\\/12\\\/kako-je-vladimir-putin-unistio-proizvodace-u-dolini-neretve\\\/\",\"name\":\"Kako je Vladimir Putin uni\u0161tio proizvo\u0111a\u010de u Dolini Neretve - RADIO LJUBU\u0160KI\",\"isPartOf\":{\"@id\":\"https:\\\/\\\/radioljubuski.ba\\\/#website\"},\"primaryImageOfPage\":{\"@id\":\"https:\\\/\\\/radioljubuski.ba\\\/index.php\\\/2022\\\/04\\\/12\\\/kako-je-vladimir-putin-unistio-proizvodace-u-dolini-neretve\\\/#primaryimage\"},\"image\":{\"@id\":\"https:\\\/\\\/radioljubuski.ba\\\/index.php\\\/2022\\\/04\\\/12\\\/kako-je-vladimir-putin-unistio-proizvodace-u-dolini-neretve\\\/#primaryimage\"},\"thumbnailUrl\":\"https:\\\/\\\/radioljubuski.ba\\\/wp-content\\\/uploads\\\/2022\\\/04\\\/putin-narance.jpg\",\"datePublished\":\"2022-04-12T11:10:35+00:00\",\"dateModified\":\"2022-04-12T11:10:36+00:00\",\"breadcrumb\":{\"@id\":\"https:\\\/\\\/radioljubuski.ba\\\/index.php\\\/2022\\\/04\\\/12\\\/kako-je-vladimir-putin-unistio-proizvodace-u-dolini-neretve\\\/#breadcrumb\"},\"inLanguage\":\"hr\",\"potentialAction\":[{\"@type\":\"ReadAction\",\"target\":[\"https:\\\/\\\/radioljubuski.ba\\\/index.php\\\/2022\\\/04\\\/12\\\/kako-je-vladimir-putin-unistio-proizvodace-u-dolini-neretve\\\/\"]}]},{\"@type\":\"ImageObject\",\"inLanguage\":\"hr\",\"@id\":\"https:\\\/\\\/radioljubuski.ba\\\/index.php\\\/2022\\\/04\\\/12\\\/kako-je-vladimir-putin-unistio-proizvodace-u-dolini-neretve\\\/#primaryimage\",\"url\":\"https:\\\/\\\/radioljubuski.ba\\\/wp-content\\\/uploads\\\/2022\\\/04\\\/putin-narance.jpg\",\"contentUrl\":\"https:\\\/\\\/radioljubuski.ba\\\/wp-content\\\/uploads\\\/2022\\\/04\\\/putin-narance.jpg\",\"width\":1024,\"height\":681},{\"@type\":\"BreadcrumbList\",\"@id\":\"https:\\\/\\\/radioljubuski.ba\\\/index.php\\\/2022\\\/04\\\/12\\\/kako-je-vladimir-putin-unistio-proizvodace-u-dolini-neretve\\\/#breadcrumb\",\"itemListElement\":[{\"@type\":\"ListItem\",\"position\":1,\"name\":\"Po\u010detna stranica\",\"item\":\"https:\\\/\\\/radioljubuski.ba\\\/\"},{\"@type\":\"ListItem\",\"position\":2,\"name\":\"Kako je Vladimir Putin uni\u0161tio proizvo\u0111a\u010de u Dolini Neretve\"}]},{\"@type\":\"WebSite\",\"@id\":\"https:\\\/\\\/radioljubuski.ba\\\/#website\",\"url\":\"https:\\\/\\\/radioljubuski.ba\\\/\",\"name\":\"Radio Ljubu\u0161ki\",\"description\":\"Sun\u010dana frekvencija Hercegovine\",\"publisher\":{\"@id\":\"https:\\\/\\\/radioljubuski.ba\\\/#organization\"},\"potentialAction\":[{\"@type\":\"SearchAction\",\"target\":{\"@type\":\"EntryPoint\",\"urlTemplate\":\"https:\\\/\\\/radioljubuski.ba\\\/?s={search_term_string}\"},\"query-input\":{\"@type\":\"PropertyValueSpecification\",\"valueRequired\":true,\"valueName\":\"search_term_string\"}}],\"inLanguage\":\"hr\"},{\"@type\":\"Organization\",\"@id\":\"https:\\\/\\\/radioljubuski.ba\\\/#organization\",\"name\":\"Radio Ljubu\u0161ki\",\"url\":\"https:\\\/\\\/radioljubuski.ba\\\/\",\"logo\":{\"@type\":\"ImageObject\",\"inLanguage\":\"hr\",\"@id\":\"https:\\\/\\\/radioljubuski.ba\\\/#\\\/schema\\\/logo\\\/image\\\/\",\"url\":\"https:\\\/\\\/radioljubuski.ba\\\/wp-content\\\/uploads\\\/2021\\\/02\\\/cropped-Radio_Ljubuski_logo1.jpg\",\"contentUrl\":\"https:\\\/\\\/radioljubuski.ba\\\/wp-content\\\/uploads\\\/2021\\\/02\\\/cropped-Radio_Ljubuski_logo1.jpg\",\"width\":512,\"height\":512,\"caption\":\"Radio Ljubu\u0161ki\"},\"image\":{\"@id\":\"https:\\\/\\\/radioljubuski.ba\\\/#\\\/schema\\\/logo\\\/image\\\/\"},\"sameAs\":[\"https:\\\/\\\/www.facebook.com\\\/Radiio-Ljubuski-1490835324566332\",\"https:\\\/\\\/x.com\\\/radioljubuski\",\"https:\\\/\\\/hr.linkedin.com\\\/company\\\/radio-ljubuski\",\"https:\\\/\\\/www.youtube.com\\\/channel\\\/UCHYaeO_n0Db3tjNGudGpXyw\"]},{\"@type\":\"Person\",\"@id\":\"https:\\\/\\\/radioljubuski.ba\\\/#\\\/schema\\\/person\\\/19fc700381a780f69665d7956c469e3b\",\"name\":\"Radio Ljubu\u0161ki\"}]}<\/script>\n<!-- \/ Yoast SEO plugin. -->","yoast_head_json":{"title":"Kako je Vladimir Putin uni\u0161tio proizvo\u0111a\u010de u Dolini Neretve - RADIO LJUBU\u0160KI","robots":{"index":"index","follow":"follow","max-snippet":"max-snippet:-1","max-image-preview":"max-image-preview:large","max-video-preview":"max-video-preview:-1"},"canonical":"https:\/\/radioljubuski.ba\/index.php\/2022\/04\/12\/kako-je-vladimir-putin-unistio-proizvodace-u-dolini-neretve\/","og_locale":"hr_HR","og_type":"article","og_title":"Kako je Vladimir Putin uni\u0161tio proizvo\u0111a\u010de u Dolini Neretve - RADIO LJUBU\u0160KI","og_description":"Pro\u0161le su \u010detiri godine otkako je tada\u0161nji \u017eupanijski vije\u0107nik i najve\u0107i uzgajiva\u010d naran\u010dina Stipo Gabri\u0107 Jambo za govornicom na sjednici \u017dupanijske skup\u0161tine, s tim vo\u0107em u ruci, zavapio za vremenima kad se ono izvozilo u Rusiju. \u201eDok je bila majka Rusija i dok smo izvozili 40 tisu\u0107a tona u Rusiju, prihodi su bili sli\u010dni iznosu [&hellip;]","og_url":"https:\/\/radioljubuski.ba\/index.php\/2022\/04\/12\/kako-je-vladimir-putin-unistio-proizvodace-u-dolini-neretve\/","og_site_name":"RADIO LJUBU\u0160KI","article_publisher":"https:\/\/www.facebook.com\/Radiio-Ljubuski-1490835324566332","article_published_time":"2022-04-12T11:10:35+00:00","article_modified_time":"2022-04-12T11:10:36+00:00","og_image":[{"width":1024,"height":681,"url":"https:\/\/radioljubuski.ba\/wp-content\/uploads\/2022\/04\/putin-narance.jpg","type":"image\/jpeg"}],"author":"Radio Ljubu\u0161ki","twitter_card":"summary_large_image","twitter_creator":"@radioljubuski","twitter_site":"@radioljubuski","twitter_misc":{"Napisao\/la":"Radio Ljubu\u0161ki","Procijenjeno vrijeme \u010ditanja":"4 minute"},"schema":{"@context":"https:\/\/schema.org","@graph":[{"@type":"Article","@id":"https:\/\/radioljubuski.ba\/index.php\/2022\/04\/12\/kako-je-vladimir-putin-unistio-proizvodace-u-dolini-neretve\/#article","isPartOf":{"@id":"https:\/\/radioljubuski.ba\/index.php\/2022\/04\/12\/kako-je-vladimir-putin-unistio-proizvodace-u-dolini-neretve\/"},"author":{"name":"Radio Ljubu\u0161ki","@id":"https:\/\/radioljubuski.ba\/#\/schema\/person\/19fc700381a780f69665d7956c469e3b"},"headline":"Kako je Vladimir Putin uni\u0161tio proizvo\u0111a\u010de u Dolini Neretve","datePublished":"2022-04-12T11:10:35+00:00","dateModified":"2022-04-12T11:10:36+00:00","mainEntityOfPage":{"@id":"https:\/\/radioljubuski.ba\/index.php\/2022\/04\/12\/kako-je-vladimir-putin-unistio-proizvodace-u-dolini-neretve\/"},"wordCount":907,"publisher":{"@id":"https:\/\/radioljubuski.ba\/#organization"},"image":{"@id":"https:\/\/radioljubuski.ba\/index.php\/2022\/04\/12\/kako-je-vladimir-putin-unistio-proizvodace-u-dolini-neretve\/#primaryimage"},"thumbnailUrl":"https:\/\/radioljubuski.ba\/wp-content\/uploads\/2022\/04\/putin-narance.jpg","articleSection":["BIH i regija"],"inLanguage":"hr"},{"@type":"WebPage","@id":"https:\/\/radioljubuski.ba\/index.php\/2022\/04\/12\/kako-je-vladimir-putin-unistio-proizvodace-u-dolini-neretve\/","url":"https:\/\/radioljubuski.ba\/index.php\/2022\/04\/12\/kako-je-vladimir-putin-unistio-proizvodace-u-dolini-neretve\/","name":"Kako je Vladimir Putin uni\u0161tio proizvo\u0111a\u010de u Dolini Neretve - RADIO LJUBU\u0160KI","isPartOf":{"@id":"https:\/\/radioljubuski.ba\/#website"},"primaryImageOfPage":{"@id":"https:\/\/radioljubuski.ba\/index.php\/2022\/04\/12\/kako-je-vladimir-putin-unistio-proizvodace-u-dolini-neretve\/#primaryimage"},"image":{"@id":"https:\/\/radioljubuski.ba\/index.php\/2022\/04\/12\/kako-je-vladimir-putin-unistio-proizvodace-u-dolini-neretve\/#primaryimage"},"thumbnailUrl":"https:\/\/radioljubuski.ba\/wp-content\/uploads\/2022\/04\/putin-narance.jpg","datePublished":"2022-04-12T11:10:35+00:00","dateModified":"2022-04-12T11:10:36+00:00","breadcrumb":{"@id":"https:\/\/radioljubuski.ba\/index.php\/2022\/04\/12\/kako-je-vladimir-putin-unistio-proizvodace-u-dolini-neretve\/#breadcrumb"},"inLanguage":"hr","potentialAction":[{"@type":"ReadAction","target":["https:\/\/radioljubuski.ba\/index.php\/2022\/04\/12\/kako-je-vladimir-putin-unistio-proizvodace-u-dolini-neretve\/"]}]},{"@type":"ImageObject","inLanguage":"hr","@id":"https:\/\/radioljubuski.ba\/index.php\/2022\/04\/12\/kako-je-vladimir-putin-unistio-proizvodace-u-dolini-neretve\/#primaryimage","url":"https:\/\/radioljubuski.ba\/wp-content\/uploads\/2022\/04\/putin-narance.jpg","contentUrl":"https:\/\/radioljubuski.ba\/wp-content\/uploads\/2022\/04\/putin-narance.jpg","width":1024,"height":681},{"@type":"BreadcrumbList","@id":"https:\/\/radioljubuski.ba\/index.php\/2022\/04\/12\/kako-je-vladimir-putin-unistio-proizvodace-u-dolini-neretve\/#breadcrumb","itemListElement":[{"@type":"ListItem","position":1,"name":"Po\u010detna stranica","item":"https:\/\/radioljubuski.ba\/"},{"@type":"ListItem","position":2,"name":"Kako je Vladimir Putin uni\u0161tio proizvo\u0111a\u010de u Dolini Neretve"}]},{"@type":"WebSite","@id":"https:\/\/radioljubuski.ba\/#website","url":"https:\/\/radioljubuski.ba\/","name":"Radio Ljubu\u0161ki","description":"Sun\u010dana frekvencija Hercegovine","publisher":{"@id":"https:\/\/radioljubuski.ba\/#organization"},"potentialAction":[{"@type":"SearchAction","target":{"@type":"EntryPoint","urlTemplate":"https:\/\/radioljubuski.ba\/?s={search_term_string}"},"query-input":{"@type":"PropertyValueSpecification","valueRequired":true,"valueName":"search_term_string"}}],"inLanguage":"hr"},{"@type":"Organization","@id":"https:\/\/radioljubuski.ba\/#organization","name":"Radio Ljubu\u0161ki","url":"https:\/\/radioljubuski.ba\/","logo":{"@type":"ImageObject","inLanguage":"hr","@id":"https:\/\/radioljubuski.ba\/#\/schema\/logo\/image\/","url":"https:\/\/radioljubuski.ba\/wp-content\/uploads\/2021\/02\/cropped-Radio_Ljubuski_logo1.jpg","contentUrl":"https:\/\/radioljubuski.ba\/wp-content\/uploads\/2021\/02\/cropped-Radio_Ljubuski_logo1.jpg","width":512,"height":512,"caption":"Radio Ljubu\u0161ki"},"image":{"@id":"https:\/\/radioljubuski.ba\/#\/schema\/logo\/image\/"},"sameAs":["https:\/\/www.facebook.com\/Radiio-Ljubuski-1490835324566332","https:\/\/x.com\/radioljubuski","https:\/\/hr.linkedin.com\/company\/radio-ljubuski","https:\/\/www.youtube.com\/channel\/UCHYaeO_n0Db3tjNGudGpXyw"]},{"@type":"Person","@id":"https:\/\/radioljubuski.ba\/#\/schema\/person\/19fc700381a780f69665d7956c469e3b","name":"Radio Ljubu\u0161ki"}]}},"_links":{"self":[{"href":"https:\/\/radioljubuski.ba\/index.php\/wp-json\/wp\/v2\/posts\/131778","targetHints":{"allow":["GET"]}}],"collection":[{"href":"https:\/\/radioljubuski.ba\/index.php\/wp-json\/wp\/v2\/posts"}],"about":[{"href":"https:\/\/radioljubuski.ba\/index.php\/wp-json\/wp\/v2\/types\/post"}],"author":[{"embeddable":true,"href":"https:\/\/radioljubuski.ba\/index.php\/wp-json\/wp\/v2\/users\/2"}],"replies":[{"embeddable":true,"href":"https:\/\/radioljubuski.ba\/index.php\/wp-json\/wp\/v2\/comments?post=131778"}],"version-history":[{"count":1,"href":"https:\/\/radioljubuski.ba\/index.php\/wp-json\/wp\/v2\/posts\/131778\/revisions"}],"predecessor-version":[{"id":131780,"href":"https:\/\/radioljubuski.ba\/index.php\/wp-json\/wp\/v2\/posts\/131778\/revisions\/131780"}],"wp:featuredmedia":[{"embeddable":true,"href":"https:\/\/radioljubuski.ba\/index.php\/wp-json\/wp\/v2\/media\/131779"}],"wp:attachment":[{"href":"https:\/\/radioljubuski.ba\/index.php\/wp-json\/wp\/v2\/media?parent=131778"}],"wp:term":[{"taxonomy":"category","embeddable":true,"href":"https:\/\/radioljubuski.ba\/index.php\/wp-json\/wp\/v2\/categories?post=131778"},{"taxonomy":"post_tag","embeddable":true,"href":"https:\/\/radioljubuski.ba\/index.php\/wp-json\/wp\/v2\/tags?post=131778"}],"curies":[{"name":"wp","href":"https:\/\/api.w.org\/{rel}","templated":true}]}}