{"id":131802,"date":"2022-04-12T12:23:42","date_gmt":"2022-04-12T11:23:42","guid":{"rendered":"https:\/\/radioljubuski.ba\/?p=131802"},"modified":"2022-04-12T12:23:42","modified_gmt":"2022-04-12T11:23:42","slug":"u-bih-uvezene-iste-kolicine-zitarica-a-skuplje-za-12-milijuna","status":"publish","type":"post","link":"https:\/\/radioljubuski.ba\/index.php\/2022\/04\/12\/u-bih-uvezene-iste-kolicine-zitarica-a-skuplje-za-12-milijuna\/","title":{"rendered":"U BiH uvezene iste koli\u010dine \u017eitarica, a skuplje za 12 milijuna"},"content":{"rendered":"\n<p>&nbsp;Iako je ove godine za dva i po mjeseca u BiH uvezena ne\u0161to ve\u0107a koli\u010dina \u017eitarica nego pro\u0161le godine u istom periodu, njena vrijednost je ve\u0107a za preko 12,2 milijuna KM.<\/p>\n\n\n\n<p>Podaci su ovo Uprave za indirektno oporezivanje (UIO) BiH, u kojima je navedno da je od po\u010detka godine pa do 11. o\u017eujka u BiH uvezeno 87.801.906 kilograma \u017eitarica u vrijednosti od 61,6 milijun KM<\/p>\n\n\n\n<p>&#8220;Lani je uvoz za prva tri mjeseca iznosio 86.229.283 kilograma u vrijednosti od 49,4 milijuna KM&#8221;, kazali su iz UIO BiH.<\/p>\n\n\n\n<p>\u0160to se ti\u010de izvoza, BiH je u ovoj godini izvezla 5.379.436 kilograma \u017eitarica u ukupnoj vrijednosti ve\u0107oj od 3,7 milijuna maraka.<\/p>\n\n\n\n<p>&#8220;Najvi\u0161e smo \u017eitarica ove godine izvezli u Hrvatsku, potom Italiju i Srbiju&#8221;, kazali su iz UIO BiH i dodali da je pro\u0161le godine ukupan izvoz \u017eitarica iz BiH iznosio 16.740.897 kilograma u vrijednosti od 7,15 milijuna KM.<\/p>\n\n\n\n<p>Da se svake godine uvoze skoro iste koli\u010dine \u017eitarica nije iznena\u0111enje za bh. poljoprivrednike, koji ka\u017eu da je BiH zemlja koja bi mogla da bude nezavisna o uvozu \u017eitarica, barem, kako navode, p\u0161enice.<\/p>\n\n\n\n<p>Stojan Marinkovi\u0107, predsjednik Saveza udru\u017eenja poljoprivrednih proizvo\u0111a\u010da RS, isti\u010de da ne \u010dudi da je vrijednost uvezenih \u017eitarica pove\u0107ana, jer se bilje\u017ei rekordna vrijednost na burzama.<\/p>\n\n\n\n<p>&#8220;Ono \u0161to se kod nas sada bilje\u017ei su ne\u0161to ve\u0107e povr\u0161ine koje su zasijene p\u0161enicom, ali s obzirom na visoke cijene mineralnog \u0111ubriva u vrijeme prihrane i njihov odre\u0111eni nedostatak, postavlja se pitanje kakav \u0107emo imati prinos&#8221;, kazao je Marinkovi\u0107.<\/p>\n\n\n\n<p>Isti\u010de da je BiH sigurno zemlja koja mo\u017ee proizvesti dovoljne koli\u010dine p\u0161enice za vlastite potreba, ali i skoro svih ostalih vrsta \u017eitarica.<\/p>\n\n\n\n<p>&#8220;Treba aktivirati robne rezerve u njihovom punom kapacitetu i treba da bude doma\u0107inski odnos prema poljoprivedi, odnosno da osiguramo prehrambenu sigurnost vlastitog stanovni\u0161tva&#8221;, kazao je Marinkovi\u0107.<\/p>\n\n\n\n<p>Isti\u010de da je BiH zemlja koja je orijentirana na uvoz, te je, kako ka\u017ee, ova kriza idealna prilika da se nadle\u017eni dozovu pameti i da se pokrenu neke konkretne akcije \u0161to se ti\u010de poljoprivrede.<\/p>\n\n\n\n<p>&#8220;Ranijih godina smo izvozili i to malo \u0161to smo mogli, po jako niskim cijenana, a uvozili po dosta vi\u0161im&#8221;, isti\u010de Marinkovi\u0107. Dodao je da BiH nema nikakav plan, nikave strategije, te poljoprivrednici ne samo da su nezadovoljni, nego ih to i direktno poga\u0111a. &#8220;Svjedoci smo u kakvom nam je stanju agrar kada je u pitanju \u0161teta koja je prouzrokovana lo\u0161im Vanjskotrgovinskim poslovanjem&#8221;, isti\u010de Marinkovi\u0107.<\/p>\n\n\n\n<p>Iz Spoljnotrgovinske komore BiH kazali su da je vrijednost izvoza \u017eitarica lani iznosila 24,3 milijuna KM, \u0161to je za 33,6 posto vi\u0161e od izvoza u 2020. godini, kada je iznosio 18,2 milijuna KM.<\/p>\n\n\n\n<p>&#8220;Vrijednost uvoza \u017eitarica u 2021. iznosila je 222,3 millijuna KM, \u0161to je za 6,7 odsto vi\u0161e od uvoza u 2020. godini, kada je iznosio 207,8 mil. KM&#8221;, kazali su iz Vanjskotrovinske komore BiH.<\/p>\n\n\n\n<p>Izvor:nezavisne.com<\/p>\n","protected":false},"excerpt":{"rendered":"<p>&nbsp;Iako je ove godine za dva i po mjeseca u BiH uvezena ne\u0161to ve\u0107a koli\u010dina \u017eitarica nego pro\u0161le godine u istom periodu, njena vrijednost je ve\u0107a za preko 12,2 milijuna KM. Podaci su ovo Uprave za indirektno oporezivanje (UIO) BiH, u kojima je navedno da je od po\u010detka godine pa do 11. o\u017eujka u BiH [&hellip;]<\/p>\n","protected":false},"author":2,"featured_media":131804,"comment_status":"closed","ping_status":"closed","sticky":false,"template":"","format":"standard","meta":{"h5ap_radio_sources":[],"footnotes":""},"categories":[1],"tags":[],"class_list":["post-131802","post","type-post","status-publish","format-standard","has-post-thumbnail","hentry","category-bihiregija"],"yoast_head":"<!-- This site is optimized with the Yoast SEO plugin v27.5 - https:\/\/yoast.com\/product\/yoast-seo-wordpress\/ -->\n<title>U BiH uvezene iste koli\u010dine \u017eitarica, a skuplje za 12 milijuna - RADIO LJUBU\u0160KI<\/title>\n<meta name=\"robots\" content=\"index, follow, max-snippet:-1, max-image-preview:large, max-video-preview:-1\" \/>\n<link rel=\"canonical\" href=\"https:\/\/radioljubuski.ba\/index.php\/2022\/04\/12\/u-bih-uvezene-iste-kolicine-zitarica-a-skuplje-za-12-milijuna\/\" \/>\n<meta property=\"og:locale\" content=\"hr_HR\" \/>\n<meta property=\"og:type\" content=\"article\" \/>\n<meta property=\"og:title\" content=\"U BiH uvezene iste koli\u010dine \u017eitarica, a skuplje za 12 milijuna - RADIO LJUBU\u0160KI\" \/>\n<meta property=\"og:description\" content=\"&nbsp;Iako je ove godine za dva i po mjeseca u BiH uvezena ne\u0161to ve\u0107a koli\u010dina \u017eitarica nego pro\u0161le godine u istom periodu, njena vrijednost je ve\u0107a za preko 12,2 milijuna KM. Podaci su ovo Uprave za indirektno oporezivanje (UIO) BiH, u kojima je navedno da je od po\u010detka godine pa do 11. o\u017eujka u BiH [&hellip;]\" \/>\n<meta property=\"og:url\" content=\"https:\/\/radioljubuski.ba\/index.php\/2022\/04\/12\/u-bih-uvezene-iste-kolicine-zitarica-a-skuplje-za-12-milijuna\/\" \/>\n<meta property=\"og:site_name\" content=\"RADIO LJUBU\u0160KI\" \/>\n<meta property=\"article:publisher\" content=\"https:\/\/www.facebook.com\/Radiio-Ljubuski-1490835324566332\" \/>\n<meta property=\"article:published_time\" content=\"2022-04-12T11:23:42+00:00\" \/>\n<meta property=\"og:image\" content=\"https:\/\/radioljubuski.ba\/wp-content\/uploads\/2022\/04\/psenica-fena.jpg\" \/>\n\t<meta property=\"og:image:width\" content=\"710\" \/>\n\t<meta property=\"og:image:height\" content=\"380\" \/>\n\t<meta property=\"og:image:type\" content=\"image\/jpeg\" \/>\n<meta name=\"author\" content=\"Radio Ljubu\u0161ki\" \/>\n<meta name=\"twitter:card\" content=\"summary_large_image\" \/>\n<meta name=\"twitter:creator\" content=\"@radioljubuski\" \/>\n<meta name=\"twitter:site\" content=\"@radioljubuski\" \/>\n<meta name=\"twitter:label1\" content=\"Napisao\/la\" \/>\n\t<meta name=\"twitter:data1\" content=\"Radio Ljubu\u0161ki\" \/>\n\t<meta name=\"twitter:label2\" content=\"Procijenjeno vrijeme \u010ditanja\" \/>\n\t<meta name=\"twitter:data2\" content=\"2 minute\" \/>\n<script type=\"application\/ld+json\" class=\"yoast-schema-graph\">{\"@context\":\"https:\\\/\\\/schema.org\",\"@graph\":[{\"@type\":\"Article\",\"@id\":\"https:\\\/\\\/radioljubuski.ba\\\/index.php\\\/2022\\\/04\\\/12\\\/u-bih-uvezene-iste-kolicine-zitarica-a-skuplje-za-12-milijuna\\\/#article\",\"isPartOf\":{\"@id\":\"https:\\\/\\\/radioljubuski.ba\\\/index.php\\\/2022\\\/04\\\/12\\\/u-bih-uvezene-iste-kolicine-zitarica-a-skuplje-za-12-milijuna\\\/\"},\"author\":{\"name\":\"Radio Ljubu\u0161ki\",\"@id\":\"https:\\\/\\\/radioljubuski.ba\\\/#\\\/schema\\\/person\\\/19fc700381a780f69665d7956c469e3b\"},\"headline\":\"U BiH uvezene iste koli\u010dine \u017eitarica, a skuplje za 12 milijuna\",\"datePublished\":\"2022-04-12T11:23:42+00:00\",\"mainEntityOfPage\":{\"@id\":\"https:\\\/\\\/radioljubuski.ba\\\/index.php\\\/2022\\\/04\\\/12\\\/u-bih-uvezene-iste-kolicine-zitarica-a-skuplje-za-12-milijuna\\\/\"},\"wordCount\":494,\"publisher\":{\"@id\":\"https:\\\/\\\/radioljubuski.ba\\\/#organization\"},\"image\":{\"@id\":\"https:\\\/\\\/radioljubuski.ba\\\/index.php\\\/2022\\\/04\\\/12\\\/u-bih-uvezene-iste-kolicine-zitarica-a-skuplje-za-12-milijuna\\\/#primaryimage\"},\"thumbnailUrl\":\"https:\\\/\\\/radioljubuski.ba\\\/wp-content\\\/uploads\\\/2022\\\/04\\\/psenica-fena.jpg\",\"articleSection\":[\"BIH i regija\"],\"inLanguage\":\"hr\"},{\"@type\":\"WebPage\",\"@id\":\"https:\\\/\\\/radioljubuski.ba\\\/index.php\\\/2022\\\/04\\\/12\\\/u-bih-uvezene-iste-kolicine-zitarica-a-skuplje-za-12-milijuna\\\/\",\"url\":\"https:\\\/\\\/radioljubuski.ba\\\/index.php\\\/2022\\\/04\\\/12\\\/u-bih-uvezene-iste-kolicine-zitarica-a-skuplje-za-12-milijuna\\\/\",\"name\":\"U BiH uvezene iste koli\u010dine \u017eitarica, a skuplje za 12 milijuna - RADIO LJUBU\u0160KI\",\"isPartOf\":{\"@id\":\"https:\\\/\\\/radioljubuski.ba\\\/#website\"},\"primaryImageOfPage\":{\"@id\":\"https:\\\/\\\/radioljubuski.ba\\\/index.php\\\/2022\\\/04\\\/12\\\/u-bih-uvezene-iste-kolicine-zitarica-a-skuplje-za-12-milijuna\\\/#primaryimage\"},\"image\":{\"@id\":\"https:\\\/\\\/radioljubuski.ba\\\/index.php\\\/2022\\\/04\\\/12\\\/u-bih-uvezene-iste-kolicine-zitarica-a-skuplje-za-12-milijuna\\\/#primaryimage\"},\"thumbnailUrl\":\"https:\\\/\\\/radioljubuski.ba\\\/wp-content\\\/uploads\\\/2022\\\/04\\\/psenica-fena.jpg\",\"datePublished\":\"2022-04-12T11:23:42+00:00\",\"breadcrumb\":{\"@id\":\"https:\\\/\\\/radioljubuski.ba\\\/index.php\\\/2022\\\/04\\\/12\\\/u-bih-uvezene-iste-kolicine-zitarica-a-skuplje-za-12-milijuna\\\/#breadcrumb\"},\"inLanguage\":\"hr\",\"potentialAction\":[{\"@type\":\"ReadAction\",\"target\":[\"https:\\\/\\\/radioljubuski.ba\\\/index.php\\\/2022\\\/04\\\/12\\\/u-bih-uvezene-iste-kolicine-zitarica-a-skuplje-za-12-milijuna\\\/\"]}]},{\"@type\":\"ImageObject\",\"inLanguage\":\"hr\",\"@id\":\"https:\\\/\\\/radioljubuski.ba\\\/index.php\\\/2022\\\/04\\\/12\\\/u-bih-uvezene-iste-kolicine-zitarica-a-skuplje-za-12-milijuna\\\/#primaryimage\",\"url\":\"https:\\\/\\\/radioljubuski.ba\\\/wp-content\\\/uploads\\\/2022\\\/04\\\/psenica-fena.jpg\",\"contentUrl\":\"https:\\\/\\\/radioljubuski.ba\\\/wp-content\\\/uploads\\\/2022\\\/04\\\/psenica-fena.jpg\",\"width\":710,\"height\":380},{\"@type\":\"BreadcrumbList\",\"@id\":\"https:\\\/\\\/radioljubuski.ba\\\/index.php\\\/2022\\\/04\\\/12\\\/u-bih-uvezene-iste-kolicine-zitarica-a-skuplje-za-12-milijuna\\\/#breadcrumb\",\"itemListElement\":[{\"@type\":\"ListItem\",\"position\":1,\"name\":\"Po\u010detna stranica\",\"item\":\"https:\\\/\\\/radioljubuski.ba\\\/\"},{\"@type\":\"ListItem\",\"position\":2,\"name\":\"U BiH uvezene iste koli\u010dine \u017eitarica, a skuplje za 12 milijuna\"}]},{\"@type\":\"WebSite\",\"@id\":\"https:\\\/\\\/radioljubuski.ba\\\/#website\",\"url\":\"https:\\\/\\\/radioljubuski.ba\\\/\",\"name\":\"Radio Ljubu\u0161ki\",\"description\":\"Sun\u010dana frekvencija Hercegovine\",\"publisher\":{\"@id\":\"https:\\\/\\\/radioljubuski.ba\\\/#organization\"},\"potentialAction\":[{\"@type\":\"SearchAction\",\"target\":{\"@type\":\"EntryPoint\",\"urlTemplate\":\"https:\\\/\\\/radioljubuski.ba\\\/?s={search_term_string}\"},\"query-input\":{\"@type\":\"PropertyValueSpecification\",\"valueRequired\":true,\"valueName\":\"search_term_string\"}}],\"inLanguage\":\"hr\"},{\"@type\":\"Organization\",\"@id\":\"https:\\\/\\\/radioljubuski.ba\\\/#organization\",\"name\":\"Radio Ljubu\u0161ki\",\"url\":\"https:\\\/\\\/radioljubuski.ba\\\/\",\"logo\":{\"@type\":\"ImageObject\",\"inLanguage\":\"hr\",\"@id\":\"https:\\\/\\\/radioljubuski.ba\\\/#\\\/schema\\\/logo\\\/image\\\/\",\"url\":\"https:\\\/\\\/radioljubuski.ba\\\/wp-content\\\/uploads\\\/2021\\\/02\\\/cropped-Radio_Ljubuski_logo1.jpg\",\"contentUrl\":\"https:\\\/\\\/radioljubuski.ba\\\/wp-content\\\/uploads\\\/2021\\\/02\\\/cropped-Radio_Ljubuski_logo1.jpg\",\"width\":512,\"height\":512,\"caption\":\"Radio Ljubu\u0161ki\"},\"image\":{\"@id\":\"https:\\\/\\\/radioljubuski.ba\\\/#\\\/schema\\\/logo\\\/image\\\/\"},\"sameAs\":[\"https:\\\/\\\/www.facebook.com\\\/Radiio-Ljubuski-1490835324566332\",\"https:\\\/\\\/x.com\\\/radioljubuski\",\"https:\\\/\\\/hr.linkedin.com\\\/company\\\/radio-ljubuski\",\"https:\\\/\\\/www.youtube.com\\\/channel\\\/UCHYaeO_n0Db3tjNGudGpXyw\"]},{\"@type\":\"Person\",\"@id\":\"https:\\\/\\\/radioljubuski.ba\\\/#\\\/schema\\\/person\\\/19fc700381a780f69665d7956c469e3b\",\"name\":\"Radio Ljubu\u0161ki\"}]}<\/script>\n<!-- \/ Yoast SEO plugin. -->","yoast_head_json":{"title":"U BiH uvezene iste koli\u010dine \u017eitarica, a skuplje za 12 milijuna - RADIO LJUBU\u0160KI","robots":{"index":"index","follow":"follow","max-snippet":"max-snippet:-1","max-image-preview":"max-image-preview:large","max-video-preview":"max-video-preview:-1"},"canonical":"https:\/\/radioljubuski.ba\/index.php\/2022\/04\/12\/u-bih-uvezene-iste-kolicine-zitarica-a-skuplje-za-12-milijuna\/","og_locale":"hr_HR","og_type":"article","og_title":"U BiH uvezene iste koli\u010dine \u017eitarica, a skuplje za 12 milijuna - RADIO LJUBU\u0160KI","og_description":"&nbsp;Iako je ove godine za dva i po mjeseca u BiH uvezena ne\u0161to ve\u0107a koli\u010dina \u017eitarica nego pro\u0161le godine u istom periodu, njena vrijednost je ve\u0107a za preko 12,2 milijuna KM. Podaci su ovo Uprave za indirektno oporezivanje (UIO) BiH, u kojima je navedno da je od po\u010detka godine pa do 11. o\u017eujka u BiH [&hellip;]","og_url":"https:\/\/radioljubuski.ba\/index.php\/2022\/04\/12\/u-bih-uvezene-iste-kolicine-zitarica-a-skuplje-za-12-milijuna\/","og_site_name":"RADIO LJUBU\u0160KI","article_publisher":"https:\/\/www.facebook.com\/Radiio-Ljubuski-1490835324566332","article_published_time":"2022-04-12T11:23:42+00:00","og_image":[{"width":710,"height":380,"url":"https:\/\/radioljubuski.ba\/wp-content\/uploads\/2022\/04\/psenica-fena.jpg","type":"image\/jpeg"}],"author":"Radio Ljubu\u0161ki","twitter_card":"summary_large_image","twitter_creator":"@radioljubuski","twitter_site":"@radioljubuski","twitter_misc":{"Napisao\/la":"Radio Ljubu\u0161ki","Procijenjeno vrijeme \u010ditanja":"2 minute"},"schema":{"@context":"https:\/\/schema.org","@graph":[{"@type":"Article","@id":"https:\/\/radioljubuski.ba\/index.php\/2022\/04\/12\/u-bih-uvezene-iste-kolicine-zitarica-a-skuplje-za-12-milijuna\/#article","isPartOf":{"@id":"https:\/\/radioljubuski.ba\/index.php\/2022\/04\/12\/u-bih-uvezene-iste-kolicine-zitarica-a-skuplje-za-12-milijuna\/"},"author":{"name":"Radio Ljubu\u0161ki","@id":"https:\/\/radioljubuski.ba\/#\/schema\/person\/19fc700381a780f69665d7956c469e3b"},"headline":"U BiH uvezene iste koli\u010dine \u017eitarica, a skuplje za 12 milijuna","datePublished":"2022-04-12T11:23:42+00:00","mainEntityOfPage":{"@id":"https:\/\/radioljubuski.ba\/index.php\/2022\/04\/12\/u-bih-uvezene-iste-kolicine-zitarica-a-skuplje-za-12-milijuna\/"},"wordCount":494,"publisher":{"@id":"https:\/\/radioljubuski.ba\/#organization"},"image":{"@id":"https:\/\/radioljubuski.ba\/index.php\/2022\/04\/12\/u-bih-uvezene-iste-kolicine-zitarica-a-skuplje-za-12-milijuna\/#primaryimage"},"thumbnailUrl":"https:\/\/radioljubuski.ba\/wp-content\/uploads\/2022\/04\/psenica-fena.jpg","articleSection":["BIH i regija"],"inLanguage":"hr"},{"@type":"WebPage","@id":"https:\/\/radioljubuski.ba\/index.php\/2022\/04\/12\/u-bih-uvezene-iste-kolicine-zitarica-a-skuplje-za-12-milijuna\/","url":"https:\/\/radioljubuski.ba\/index.php\/2022\/04\/12\/u-bih-uvezene-iste-kolicine-zitarica-a-skuplje-za-12-milijuna\/","name":"U BiH uvezene iste koli\u010dine \u017eitarica, a skuplje za 12 milijuna - RADIO LJUBU\u0160KI","isPartOf":{"@id":"https:\/\/radioljubuski.ba\/#website"},"primaryImageOfPage":{"@id":"https:\/\/radioljubuski.ba\/index.php\/2022\/04\/12\/u-bih-uvezene-iste-kolicine-zitarica-a-skuplje-za-12-milijuna\/#primaryimage"},"image":{"@id":"https:\/\/radioljubuski.ba\/index.php\/2022\/04\/12\/u-bih-uvezene-iste-kolicine-zitarica-a-skuplje-za-12-milijuna\/#primaryimage"},"thumbnailUrl":"https:\/\/radioljubuski.ba\/wp-content\/uploads\/2022\/04\/psenica-fena.jpg","datePublished":"2022-04-12T11:23:42+00:00","breadcrumb":{"@id":"https:\/\/radioljubuski.ba\/index.php\/2022\/04\/12\/u-bih-uvezene-iste-kolicine-zitarica-a-skuplje-za-12-milijuna\/#breadcrumb"},"inLanguage":"hr","potentialAction":[{"@type":"ReadAction","target":["https:\/\/radioljubuski.ba\/index.php\/2022\/04\/12\/u-bih-uvezene-iste-kolicine-zitarica-a-skuplje-za-12-milijuna\/"]}]},{"@type":"ImageObject","inLanguage":"hr","@id":"https:\/\/radioljubuski.ba\/index.php\/2022\/04\/12\/u-bih-uvezene-iste-kolicine-zitarica-a-skuplje-za-12-milijuna\/#primaryimage","url":"https:\/\/radioljubuski.ba\/wp-content\/uploads\/2022\/04\/psenica-fena.jpg","contentUrl":"https:\/\/radioljubuski.ba\/wp-content\/uploads\/2022\/04\/psenica-fena.jpg","width":710,"height":380},{"@type":"BreadcrumbList","@id":"https:\/\/radioljubuski.ba\/index.php\/2022\/04\/12\/u-bih-uvezene-iste-kolicine-zitarica-a-skuplje-za-12-milijuna\/#breadcrumb","itemListElement":[{"@type":"ListItem","position":1,"name":"Po\u010detna stranica","item":"https:\/\/radioljubuski.ba\/"},{"@type":"ListItem","position":2,"name":"U BiH uvezene iste koli\u010dine \u017eitarica, a skuplje za 12 milijuna"}]},{"@type":"WebSite","@id":"https:\/\/radioljubuski.ba\/#website","url":"https:\/\/radioljubuski.ba\/","name":"Radio Ljubu\u0161ki","description":"Sun\u010dana frekvencija Hercegovine","publisher":{"@id":"https:\/\/radioljubuski.ba\/#organization"},"potentialAction":[{"@type":"SearchAction","target":{"@type":"EntryPoint","urlTemplate":"https:\/\/radioljubuski.ba\/?s={search_term_string}"},"query-input":{"@type":"PropertyValueSpecification","valueRequired":true,"valueName":"search_term_string"}}],"inLanguage":"hr"},{"@type":"Organization","@id":"https:\/\/radioljubuski.ba\/#organization","name":"Radio Ljubu\u0161ki","url":"https:\/\/radioljubuski.ba\/","logo":{"@type":"ImageObject","inLanguage":"hr","@id":"https:\/\/radioljubuski.ba\/#\/schema\/logo\/image\/","url":"https:\/\/radioljubuski.ba\/wp-content\/uploads\/2021\/02\/cropped-Radio_Ljubuski_logo1.jpg","contentUrl":"https:\/\/radioljubuski.ba\/wp-content\/uploads\/2021\/02\/cropped-Radio_Ljubuski_logo1.jpg","width":512,"height":512,"caption":"Radio Ljubu\u0161ki"},"image":{"@id":"https:\/\/radioljubuski.ba\/#\/schema\/logo\/image\/"},"sameAs":["https:\/\/www.facebook.com\/Radiio-Ljubuski-1490835324566332","https:\/\/x.com\/radioljubuski","https:\/\/hr.linkedin.com\/company\/radio-ljubuski","https:\/\/www.youtube.com\/channel\/UCHYaeO_n0Db3tjNGudGpXyw"]},{"@type":"Person","@id":"https:\/\/radioljubuski.ba\/#\/schema\/person\/19fc700381a780f69665d7956c469e3b","name":"Radio Ljubu\u0161ki"}]}},"_links":{"self":[{"href":"https:\/\/radioljubuski.ba\/index.php\/wp-json\/wp\/v2\/posts\/131802","targetHints":{"allow":["GET"]}}],"collection":[{"href":"https:\/\/radioljubuski.ba\/index.php\/wp-json\/wp\/v2\/posts"}],"about":[{"href":"https:\/\/radioljubuski.ba\/index.php\/wp-json\/wp\/v2\/types\/post"}],"author":[{"embeddable":true,"href":"https:\/\/radioljubuski.ba\/index.php\/wp-json\/wp\/v2\/users\/2"}],"replies":[{"embeddable":true,"href":"https:\/\/radioljubuski.ba\/index.php\/wp-json\/wp\/v2\/comments?post=131802"}],"version-history":[{"count":1,"href":"https:\/\/radioljubuski.ba\/index.php\/wp-json\/wp\/v2\/posts\/131802\/revisions"}],"predecessor-version":[{"id":131805,"href":"https:\/\/radioljubuski.ba\/index.php\/wp-json\/wp\/v2\/posts\/131802\/revisions\/131805"}],"wp:featuredmedia":[{"embeddable":true,"href":"https:\/\/radioljubuski.ba\/index.php\/wp-json\/wp\/v2\/media\/131804"}],"wp:attachment":[{"href":"https:\/\/radioljubuski.ba\/index.php\/wp-json\/wp\/v2\/media?parent=131802"}],"wp:term":[{"taxonomy":"category","embeddable":true,"href":"https:\/\/radioljubuski.ba\/index.php\/wp-json\/wp\/v2\/categories?post=131802"},{"taxonomy":"post_tag","embeddable":true,"href":"https:\/\/radioljubuski.ba\/index.php\/wp-json\/wp\/v2\/tags?post=131802"}],"curies":[{"name":"wp","href":"https:\/\/api.w.org\/{rel}","templated":true}]}}