{"id":131810,"date":"2022-04-12T12:27:24","date_gmt":"2022-04-12T11:27:24","guid":{"rendered":"https:\/\/radioljubuski.ba\/?p=131810"},"modified":"2022-04-12T12:27:25","modified_gmt":"2022-04-12T11:27:25","slug":"mostar-bicikla-za-iznajmljivanje-na-vidiku","status":"publish","type":"post","link":"https:\/\/radioljubuski.ba\/index.php\/2022\/04\/12\/mostar-bicikla-za-iznajmljivanje-na-vidiku\/","title":{"rendered":"Mostar: Bicikla za iznajmljivanje na vidiku"},"content":{"rendered":"\n<p>Mostar u kojem je bicikliranje sve vi\u0161e u modi, ne mo\u017ee se pohvaliti biciklisti\u010dkim stazama kao ni oznakama za bicikliste kakve vi\u0111amo u drugim gradovima.<br><br>Nosa\u010di za bicikla i nosa\u010di za bicikla za iznajmljivanje \u0107e se nalaziti na deset lokacija, tvrdi Grad Mostar u materijalima o ure\u0111enju urbanog mobilijara. <br>\u201dNosa\u010di bicikla za iznajmljivanje se postavljaju na deset pje\u0161a\u010dkih frekventnih lokacija u gradu \u010dime bi se unaprijedio biciklisti\u010dki promet\u201d, navedeno je u odluci. <br><br>Ina\u010de, trenutno u Mostaru postoje 34 lokacije nosa\u010da za bicikla a planirano ih je jo\u0161 30. <br><br>Planirano je i deset zona za postavljanje nosa\u010da za iznajmljivanje bicikla.<\/p>\n\n\n\n<p>Ina\u010de, Mostar u kojem je bicikliranje sve vi\u0161e u modi, ne mo\u017ee se pohvaliti biciklisti\u010dkim stazama kao ni oznakama za bicikliste kakve vi\u0111amo u drugim gradovima. <br><br>\u010cak se i na novim prometnicama i rekonstrukcijama starih ne vodi ra\u010duna o tim sudionicima u prometu, a pojedini plo\u010dnici u gradu, i to oni novi, nisu dovoljno \u0161iroki ni za pje\u0161aka. <br><br>S druge strane, prometne kulture u Mostaru nikada dosta pa se tako \u010desto mogu \u010duti kritike upravo na bicikliste koji bi, na primjer, kada prelaze zebru trebali si\u0107i s bicikla te ulicu prije\u0107i kao pje\u0161ak, guraju\u0107i bicikl, pi\u0161e\u00a0<a href=\"https:\/\/bljesak.info\/gospodarstvo\/ulaganja\/mostar-bicikla-za-iznajmljivanje-na-vidiku\/379689\">Bljesak.info<\/a><\/p>\n\n\n\n<p>Prema istra\u017eivanju BIHAMK-a iz svibnja 2021. godine, koje je provedeno i u Mostaru, od ukupno 2.146 promatranih biciklista njih 189 ili 8,8% prelazi preko kolovoza mimo pje\u0161a\u010dkog prijelaza ne po\u0161tuju\u0107i na taj na\u010din pravila i propise i ugro\u017eavaju\u0107i kako vlastitu, tako i sigurnost ostalih sudionika u prometu. <br><br>Od ukupno 1.744 prelazaka biciklista njih 287 ili 16,5% pre\u0161lo je kolovoz mimo semaforiziranog pje\u0161a\u010dkog prijelaza, a od ukupno 1.457 biciklista koji su koristili semaforizirani pje\u0161a\u010dki prijelaz 333 biciklista, odnosno 22,9 % prelazili su na crvenom svjetlu tj. kad je zatvoren prolaz za pje\u0161ake. <\/p>\n\n\n\n<p>U dijelu istra\u017eivanja koji ne vrijedi za Mostar, navodi se da unato\u010d postojanju biciklisti\u010dkih staza vidljivo je da od ukupno 2.145 promatranih biciklista 430 biciklista ili ne\u0161to vi\u0161e od 20% ne koristi biciklisti\u010dku stazu ve\u0107 vozi plo\u010dnikom ometaju\u0107i i ugro\u017eavaju\u0107i pje\u0161ake, odnosno kolovozom ometaju\u0107i voza\u010de motornih vozila i ugro\u017eavaju\u0107i vlastitu sigurnost.<\/p>\n\n\n\n<p>Izvor: <strong>Vrisak.info<\/strong><\/p>\n","protected":false},"excerpt":{"rendered":"<p>Mostar u kojem je bicikliranje sve vi\u0161e u modi, ne mo\u017ee se pohvaliti biciklisti\u010dkim stazama kao ni oznakama za bicikliste kakve vi\u0111amo u drugim gradovima. Nosa\u010di za bicikla i nosa\u010di za bicikla za iznajmljivanje \u0107e se nalaziti na deset lokacija, tvrdi Grad Mostar u materijalima o ure\u0111enju urbanog mobilijara. \u201dNosa\u010di bicikla za iznajmljivanje se postavljaju [&hellip;]<\/p>\n","protected":false},"author":2,"featured_media":120389,"comment_status":"closed","ping_status":"closed","sticky":false,"template":"","format":"standard","meta":{"h5ap_radio_sources":[],"footnotes":""},"categories":[1],"tags":[],"class_list":["post-131810","post","type-post","status-publish","format-standard","has-post-thumbnail","hentry","category-bihiregija"],"yoast_head":"<!-- This site is optimized with the Yoast SEO plugin v27.5 - https:\/\/yoast.com\/product\/yoast-seo-wordpress\/ -->\n<title>Mostar: Bicikla za iznajmljivanje na vidiku - RADIO LJUBU\u0160KI<\/title>\n<meta name=\"robots\" content=\"index, follow, max-snippet:-1, max-image-preview:large, max-video-preview:-1\" \/>\n<link rel=\"canonical\" href=\"https:\/\/radioljubuski.ba\/index.php\/2022\/04\/12\/mostar-bicikla-za-iznajmljivanje-na-vidiku\/\" \/>\n<meta property=\"og:locale\" content=\"hr_HR\" \/>\n<meta property=\"og:type\" content=\"article\" \/>\n<meta property=\"og:title\" content=\"Mostar: Bicikla za iznajmljivanje na vidiku - RADIO LJUBU\u0160KI\" \/>\n<meta property=\"og:description\" content=\"Mostar u kojem je bicikliranje sve vi\u0161e u modi, ne mo\u017ee se pohvaliti biciklisti\u010dkim stazama kao ni oznakama za bicikliste kakve vi\u0111amo u drugim gradovima. Nosa\u010di za bicikla i nosa\u010di za bicikla za iznajmljivanje \u0107e se nalaziti na deset lokacija, tvrdi Grad Mostar u materijalima o ure\u0111enju urbanog mobilijara. \u201dNosa\u010di bicikla za iznajmljivanje se postavljaju [&hellip;]\" \/>\n<meta property=\"og:url\" content=\"https:\/\/radioljubuski.ba\/index.php\/2022\/04\/12\/mostar-bicikla-za-iznajmljivanje-na-vidiku\/\" \/>\n<meta property=\"og:site_name\" content=\"RADIO LJUBU\u0160KI\" \/>\n<meta property=\"article:publisher\" content=\"https:\/\/www.facebook.com\/Radiio-Ljubuski-1490835324566332\" \/>\n<meta property=\"article:published_time\" content=\"2022-04-12T11:27:24+00:00\" \/>\n<meta property=\"article:modified_time\" content=\"2022-04-12T11:27:25+00:00\" \/>\n<meta property=\"og:image\" content=\"https:\/\/radioljubuski.ba\/wp-content\/uploads\/2022\/03\/2-2021-04-12-14-34-12-Cirobiciklijada4.jpeg\" \/>\n\t<meta property=\"og:image:width\" content=\"1000\" \/>\n\t<meta property=\"og:image:height\" content=\"625\" \/>\n\t<meta property=\"og:image:type\" content=\"image\/jpeg\" \/>\n<meta name=\"author\" content=\"Radio Ljubu\u0161ki\" \/>\n<meta name=\"twitter:card\" content=\"summary_large_image\" \/>\n<meta name=\"twitter:creator\" content=\"@radioljubuski\" \/>\n<meta name=\"twitter:site\" content=\"@radioljubuski\" \/>\n<meta name=\"twitter:label1\" content=\"Napisao\/la\" \/>\n\t<meta name=\"twitter:data1\" content=\"Radio Ljubu\u0161ki\" \/>\n\t<meta name=\"twitter:label2\" content=\"Procijenjeno vrijeme \u010ditanja\" \/>\n\t<meta name=\"twitter:data2\" content=\"2 minute\" \/>\n<script type=\"application\/ld+json\" class=\"yoast-schema-graph\">{\"@context\":\"https:\\\/\\\/schema.org\",\"@graph\":[{\"@type\":\"Article\",\"@id\":\"https:\\\/\\\/radioljubuski.ba\\\/index.php\\\/2022\\\/04\\\/12\\\/mostar-bicikla-za-iznajmljivanje-na-vidiku\\\/#article\",\"isPartOf\":{\"@id\":\"https:\\\/\\\/radioljubuski.ba\\\/index.php\\\/2022\\\/04\\\/12\\\/mostar-bicikla-za-iznajmljivanje-na-vidiku\\\/\"},\"author\":{\"name\":\"Radio Ljubu\u0161ki\",\"@id\":\"https:\\\/\\\/radioljubuski.ba\\\/#\\\/schema\\\/person\\\/19fc700381a780f69665d7956c469e3b\"},\"headline\":\"Mostar: Bicikla za iznajmljivanje na vidiku\",\"datePublished\":\"2022-04-12T11:27:24+00:00\",\"dateModified\":\"2022-04-12T11:27:25+00:00\",\"mainEntityOfPage\":{\"@id\":\"https:\\\/\\\/radioljubuski.ba\\\/index.php\\\/2022\\\/04\\\/12\\\/mostar-bicikla-za-iznajmljivanje-na-vidiku\\\/\"},\"wordCount\":387,\"publisher\":{\"@id\":\"https:\\\/\\\/radioljubuski.ba\\\/#organization\"},\"image\":{\"@id\":\"https:\\\/\\\/radioljubuski.ba\\\/index.php\\\/2022\\\/04\\\/12\\\/mostar-bicikla-za-iznajmljivanje-na-vidiku\\\/#primaryimage\"},\"thumbnailUrl\":\"https:\\\/\\\/radioljubuski.ba\\\/wp-content\\\/uploads\\\/2022\\\/03\\\/2-2021-04-12-14-34-12-Cirobiciklijada4.jpeg\",\"articleSection\":[\"BIH i regija\"],\"inLanguage\":\"hr\"},{\"@type\":\"WebPage\",\"@id\":\"https:\\\/\\\/radioljubuski.ba\\\/index.php\\\/2022\\\/04\\\/12\\\/mostar-bicikla-za-iznajmljivanje-na-vidiku\\\/\",\"url\":\"https:\\\/\\\/radioljubuski.ba\\\/index.php\\\/2022\\\/04\\\/12\\\/mostar-bicikla-za-iznajmljivanje-na-vidiku\\\/\",\"name\":\"Mostar: Bicikla za iznajmljivanje na vidiku - RADIO LJUBU\u0160KI\",\"isPartOf\":{\"@id\":\"https:\\\/\\\/radioljubuski.ba\\\/#website\"},\"primaryImageOfPage\":{\"@id\":\"https:\\\/\\\/radioljubuski.ba\\\/index.php\\\/2022\\\/04\\\/12\\\/mostar-bicikla-za-iznajmljivanje-na-vidiku\\\/#primaryimage\"},\"image\":{\"@id\":\"https:\\\/\\\/radioljubuski.ba\\\/index.php\\\/2022\\\/04\\\/12\\\/mostar-bicikla-za-iznajmljivanje-na-vidiku\\\/#primaryimage\"},\"thumbnailUrl\":\"https:\\\/\\\/radioljubuski.ba\\\/wp-content\\\/uploads\\\/2022\\\/03\\\/2-2021-04-12-14-34-12-Cirobiciklijada4.jpeg\",\"datePublished\":\"2022-04-12T11:27:24+00:00\",\"dateModified\":\"2022-04-12T11:27:25+00:00\",\"breadcrumb\":{\"@id\":\"https:\\\/\\\/radioljubuski.ba\\\/index.php\\\/2022\\\/04\\\/12\\\/mostar-bicikla-za-iznajmljivanje-na-vidiku\\\/#breadcrumb\"},\"inLanguage\":\"hr\",\"potentialAction\":[{\"@type\":\"ReadAction\",\"target\":[\"https:\\\/\\\/radioljubuski.ba\\\/index.php\\\/2022\\\/04\\\/12\\\/mostar-bicikla-za-iznajmljivanje-na-vidiku\\\/\"]}]},{\"@type\":\"ImageObject\",\"inLanguage\":\"hr\",\"@id\":\"https:\\\/\\\/radioljubuski.ba\\\/index.php\\\/2022\\\/04\\\/12\\\/mostar-bicikla-za-iznajmljivanje-na-vidiku\\\/#primaryimage\",\"url\":\"https:\\\/\\\/radioljubuski.ba\\\/wp-content\\\/uploads\\\/2022\\\/03\\\/2-2021-04-12-14-34-12-Cirobiciklijada4.jpeg\",\"contentUrl\":\"https:\\\/\\\/radioljubuski.ba\\\/wp-content\\\/uploads\\\/2022\\\/03\\\/2-2021-04-12-14-34-12-Cirobiciklijada4.jpeg\",\"width\":1000,\"height\":625},{\"@type\":\"BreadcrumbList\",\"@id\":\"https:\\\/\\\/radioljubuski.ba\\\/index.php\\\/2022\\\/04\\\/12\\\/mostar-bicikla-za-iznajmljivanje-na-vidiku\\\/#breadcrumb\",\"itemListElement\":[{\"@type\":\"ListItem\",\"position\":1,\"name\":\"Po\u010detna stranica\",\"item\":\"https:\\\/\\\/radioljubuski.ba\\\/\"},{\"@type\":\"ListItem\",\"position\":2,\"name\":\"Mostar: Bicikla za iznajmljivanje na vidiku\"}]},{\"@type\":\"WebSite\",\"@id\":\"https:\\\/\\\/radioljubuski.ba\\\/#website\",\"url\":\"https:\\\/\\\/radioljubuski.ba\\\/\",\"name\":\"Radio Ljubu\u0161ki\",\"description\":\"Sun\u010dana frekvencija Hercegovine\",\"publisher\":{\"@id\":\"https:\\\/\\\/radioljubuski.ba\\\/#organization\"},\"potentialAction\":[{\"@type\":\"SearchAction\",\"target\":{\"@type\":\"EntryPoint\",\"urlTemplate\":\"https:\\\/\\\/radioljubuski.ba\\\/?s={search_term_string}\"},\"query-input\":{\"@type\":\"PropertyValueSpecification\",\"valueRequired\":true,\"valueName\":\"search_term_string\"}}],\"inLanguage\":\"hr\"},{\"@type\":\"Organization\",\"@id\":\"https:\\\/\\\/radioljubuski.ba\\\/#organization\",\"name\":\"Radio Ljubu\u0161ki\",\"url\":\"https:\\\/\\\/radioljubuski.ba\\\/\",\"logo\":{\"@type\":\"ImageObject\",\"inLanguage\":\"hr\",\"@id\":\"https:\\\/\\\/radioljubuski.ba\\\/#\\\/schema\\\/logo\\\/image\\\/\",\"url\":\"https:\\\/\\\/radioljubuski.ba\\\/wp-content\\\/uploads\\\/2021\\\/02\\\/cropped-Radio_Ljubuski_logo1.jpg\",\"contentUrl\":\"https:\\\/\\\/radioljubuski.ba\\\/wp-content\\\/uploads\\\/2021\\\/02\\\/cropped-Radio_Ljubuski_logo1.jpg\",\"width\":512,\"height\":512,\"caption\":\"Radio Ljubu\u0161ki\"},\"image\":{\"@id\":\"https:\\\/\\\/radioljubuski.ba\\\/#\\\/schema\\\/logo\\\/image\\\/\"},\"sameAs\":[\"https:\\\/\\\/www.facebook.com\\\/Radiio-Ljubuski-1490835324566332\",\"https:\\\/\\\/x.com\\\/radioljubuski\",\"https:\\\/\\\/hr.linkedin.com\\\/company\\\/radio-ljubuski\",\"https:\\\/\\\/www.youtube.com\\\/channel\\\/UCHYaeO_n0Db3tjNGudGpXyw\"]},{\"@type\":\"Person\",\"@id\":\"https:\\\/\\\/radioljubuski.ba\\\/#\\\/schema\\\/person\\\/19fc700381a780f69665d7956c469e3b\",\"name\":\"Radio Ljubu\u0161ki\"}]}<\/script>\n<!-- \/ Yoast SEO plugin. -->","yoast_head_json":{"title":"Mostar: Bicikla za iznajmljivanje na vidiku - RADIO LJUBU\u0160KI","robots":{"index":"index","follow":"follow","max-snippet":"max-snippet:-1","max-image-preview":"max-image-preview:large","max-video-preview":"max-video-preview:-1"},"canonical":"https:\/\/radioljubuski.ba\/index.php\/2022\/04\/12\/mostar-bicikla-za-iznajmljivanje-na-vidiku\/","og_locale":"hr_HR","og_type":"article","og_title":"Mostar: Bicikla za iznajmljivanje na vidiku - RADIO LJUBU\u0160KI","og_description":"Mostar u kojem je bicikliranje sve vi\u0161e u modi, ne mo\u017ee se pohvaliti biciklisti\u010dkim stazama kao ni oznakama za bicikliste kakve vi\u0111amo u drugim gradovima. Nosa\u010di za bicikla i nosa\u010di za bicikla za iznajmljivanje \u0107e se nalaziti na deset lokacija, tvrdi Grad Mostar u materijalima o ure\u0111enju urbanog mobilijara. \u201dNosa\u010di bicikla za iznajmljivanje se postavljaju [&hellip;]","og_url":"https:\/\/radioljubuski.ba\/index.php\/2022\/04\/12\/mostar-bicikla-za-iznajmljivanje-na-vidiku\/","og_site_name":"RADIO LJUBU\u0160KI","article_publisher":"https:\/\/www.facebook.com\/Radiio-Ljubuski-1490835324566332","article_published_time":"2022-04-12T11:27:24+00:00","article_modified_time":"2022-04-12T11:27:25+00:00","og_image":[{"width":1000,"height":625,"url":"https:\/\/radioljubuski.ba\/wp-content\/uploads\/2022\/03\/2-2021-04-12-14-34-12-Cirobiciklijada4.jpeg","type":"image\/jpeg"}],"author":"Radio Ljubu\u0161ki","twitter_card":"summary_large_image","twitter_creator":"@radioljubuski","twitter_site":"@radioljubuski","twitter_misc":{"Napisao\/la":"Radio Ljubu\u0161ki","Procijenjeno vrijeme \u010ditanja":"2 minute"},"schema":{"@context":"https:\/\/schema.org","@graph":[{"@type":"Article","@id":"https:\/\/radioljubuski.ba\/index.php\/2022\/04\/12\/mostar-bicikla-za-iznajmljivanje-na-vidiku\/#article","isPartOf":{"@id":"https:\/\/radioljubuski.ba\/index.php\/2022\/04\/12\/mostar-bicikla-za-iznajmljivanje-na-vidiku\/"},"author":{"name":"Radio Ljubu\u0161ki","@id":"https:\/\/radioljubuski.ba\/#\/schema\/person\/19fc700381a780f69665d7956c469e3b"},"headline":"Mostar: Bicikla za iznajmljivanje na vidiku","datePublished":"2022-04-12T11:27:24+00:00","dateModified":"2022-04-12T11:27:25+00:00","mainEntityOfPage":{"@id":"https:\/\/radioljubuski.ba\/index.php\/2022\/04\/12\/mostar-bicikla-za-iznajmljivanje-na-vidiku\/"},"wordCount":387,"publisher":{"@id":"https:\/\/radioljubuski.ba\/#organization"},"image":{"@id":"https:\/\/radioljubuski.ba\/index.php\/2022\/04\/12\/mostar-bicikla-za-iznajmljivanje-na-vidiku\/#primaryimage"},"thumbnailUrl":"https:\/\/radioljubuski.ba\/wp-content\/uploads\/2022\/03\/2-2021-04-12-14-34-12-Cirobiciklijada4.jpeg","articleSection":["BIH i regija"],"inLanguage":"hr"},{"@type":"WebPage","@id":"https:\/\/radioljubuski.ba\/index.php\/2022\/04\/12\/mostar-bicikla-za-iznajmljivanje-na-vidiku\/","url":"https:\/\/radioljubuski.ba\/index.php\/2022\/04\/12\/mostar-bicikla-za-iznajmljivanje-na-vidiku\/","name":"Mostar: Bicikla za iznajmljivanje na vidiku - RADIO LJUBU\u0160KI","isPartOf":{"@id":"https:\/\/radioljubuski.ba\/#website"},"primaryImageOfPage":{"@id":"https:\/\/radioljubuski.ba\/index.php\/2022\/04\/12\/mostar-bicikla-za-iznajmljivanje-na-vidiku\/#primaryimage"},"image":{"@id":"https:\/\/radioljubuski.ba\/index.php\/2022\/04\/12\/mostar-bicikla-za-iznajmljivanje-na-vidiku\/#primaryimage"},"thumbnailUrl":"https:\/\/radioljubuski.ba\/wp-content\/uploads\/2022\/03\/2-2021-04-12-14-34-12-Cirobiciklijada4.jpeg","datePublished":"2022-04-12T11:27:24+00:00","dateModified":"2022-04-12T11:27:25+00:00","breadcrumb":{"@id":"https:\/\/radioljubuski.ba\/index.php\/2022\/04\/12\/mostar-bicikla-za-iznajmljivanje-na-vidiku\/#breadcrumb"},"inLanguage":"hr","potentialAction":[{"@type":"ReadAction","target":["https:\/\/radioljubuski.ba\/index.php\/2022\/04\/12\/mostar-bicikla-za-iznajmljivanje-na-vidiku\/"]}]},{"@type":"ImageObject","inLanguage":"hr","@id":"https:\/\/radioljubuski.ba\/index.php\/2022\/04\/12\/mostar-bicikla-za-iznajmljivanje-na-vidiku\/#primaryimage","url":"https:\/\/radioljubuski.ba\/wp-content\/uploads\/2022\/03\/2-2021-04-12-14-34-12-Cirobiciklijada4.jpeg","contentUrl":"https:\/\/radioljubuski.ba\/wp-content\/uploads\/2022\/03\/2-2021-04-12-14-34-12-Cirobiciklijada4.jpeg","width":1000,"height":625},{"@type":"BreadcrumbList","@id":"https:\/\/radioljubuski.ba\/index.php\/2022\/04\/12\/mostar-bicikla-za-iznajmljivanje-na-vidiku\/#breadcrumb","itemListElement":[{"@type":"ListItem","position":1,"name":"Po\u010detna stranica","item":"https:\/\/radioljubuski.ba\/"},{"@type":"ListItem","position":2,"name":"Mostar: Bicikla za iznajmljivanje na vidiku"}]},{"@type":"WebSite","@id":"https:\/\/radioljubuski.ba\/#website","url":"https:\/\/radioljubuski.ba\/","name":"Radio Ljubu\u0161ki","description":"Sun\u010dana frekvencija Hercegovine","publisher":{"@id":"https:\/\/radioljubuski.ba\/#organization"},"potentialAction":[{"@type":"SearchAction","target":{"@type":"EntryPoint","urlTemplate":"https:\/\/radioljubuski.ba\/?s={search_term_string}"},"query-input":{"@type":"PropertyValueSpecification","valueRequired":true,"valueName":"search_term_string"}}],"inLanguage":"hr"},{"@type":"Organization","@id":"https:\/\/radioljubuski.ba\/#organization","name":"Radio Ljubu\u0161ki","url":"https:\/\/radioljubuski.ba\/","logo":{"@type":"ImageObject","inLanguage":"hr","@id":"https:\/\/radioljubuski.ba\/#\/schema\/logo\/image\/","url":"https:\/\/radioljubuski.ba\/wp-content\/uploads\/2021\/02\/cropped-Radio_Ljubuski_logo1.jpg","contentUrl":"https:\/\/radioljubuski.ba\/wp-content\/uploads\/2021\/02\/cropped-Radio_Ljubuski_logo1.jpg","width":512,"height":512,"caption":"Radio Ljubu\u0161ki"},"image":{"@id":"https:\/\/radioljubuski.ba\/#\/schema\/logo\/image\/"},"sameAs":["https:\/\/www.facebook.com\/Radiio-Ljubuski-1490835324566332","https:\/\/x.com\/radioljubuski","https:\/\/hr.linkedin.com\/company\/radio-ljubuski","https:\/\/www.youtube.com\/channel\/UCHYaeO_n0Db3tjNGudGpXyw"]},{"@type":"Person","@id":"https:\/\/radioljubuski.ba\/#\/schema\/person\/19fc700381a780f69665d7956c469e3b","name":"Radio Ljubu\u0161ki"}]}},"_links":{"self":[{"href":"https:\/\/radioljubuski.ba\/index.php\/wp-json\/wp\/v2\/posts\/131810","targetHints":{"allow":["GET"]}}],"collection":[{"href":"https:\/\/radioljubuski.ba\/index.php\/wp-json\/wp\/v2\/posts"}],"about":[{"href":"https:\/\/radioljubuski.ba\/index.php\/wp-json\/wp\/v2\/types\/post"}],"author":[{"embeddable":true,"href":"https:\/\/radioljubuski.ba\/index.php\/wp-json\/wp\/v2\/users\/2"}],"replies":[{"embeddable":true,"href":"https:\/\/radioljubuski.ba\/index.php\/wp-json\/wp\/v2\/comments?post=131810"}],"version-history":[{"count":1,"href":"https:\/\/radioljubuski.ba\/index.php\/wp-json\/wp\/v2\/posts\/131810\/revisions"}],"predecessor-version":[{"id":131814,"href":"https:\/\/radioljubuski.ba\/index.php\/wp-json\/wp\/v2\/posts\/131810\/revisions\/131814"}],"wp:featuredmedia":[{"embeddable":true,"href":"https:\/\/radioljubuski.ba\/index.php\/wp-json\/wp\/v2\/media\/120389"}],"wp:attachment":[{"href":"https:\/\/radioljubuski.ba\/index.php\/wp-json\/wp\/v2\/media?parent=131810"}],"wp:term":[{"taxonomy":"category","embeddable":true,"href":"https:\/\/radioljubuski.ba\/index.php\/wp-json\/wp\/v2\/categories?post=131810"},{"taxonomy":"post_tag","embeddable":true,"href":"https:\/\/radioljubuski.ba\/index.php\/wp-json\/wp\/v2\/tags?post=131810"}],"curies":[{"name":"wp","href":"https:\/\/api.w.org\/{rel}","templated":true}]}}