{"id":131817,"date":"2022-04-12T12:29:42","date_gmt":"2022-04-12T11:29:42","guid":{"rendered":"https:\/\/radioljubuski.ba\/?p=131817"},"modified":"2022-04-12T12:29:43","modified_gmt":"2022-04-12T11:29:43","slug":"srpsko-ministarstvo-trazi-ispravke-u-udzbenicima-u-kojima-se-negira-hrvatski-jezik","status":"publish","type":"post","link":"https:\/\/radioljubuski.ba\/index.php\/2022\/04\/12\/srpsko-ministarstvo-trazi-ispravke-u-udzbenicima-u-kojima-se-negira-hrvatski-jezik\/","title":{"rendered":"Srpsko ministarstvo tra\u017ei ispravke u ud\u017ebenicima u kojima se negira hrvatski jezik"},"content":{"rendered":"\n<p>Srbijansko ministarstvo prosvjete zatra\u017eilo je, po zahtjevu pu\u010dkog pravobranitelja, da nakladnici izmijene sadr\u017eaj ud\u017ebenika za osmi razred osnovne \u0161kole u kojima se negira postojanje hrvatskog jezika, \u0161to je u utorak u vodstvu hrvatske manjine ocijenjeno kao veliki korak naprijed.<\/p>\n\n\n\n<p>U definiciji podjele ju\u017enoslavenskih jezika u ud\u017ebenicima za srpski jezik navedeno je da se Hrvati, Bo\u0161njaci i Crnogorci koriste srpskim jezikom, ali ga nazivaju hrvatskim, bosanskim i crnogorskim jezikom.<\/p>\n\n\n\n<p>Ministarstvo navodi da su nakladnicima upu\u0107ene smjernice za izmjenu dijela sadr\u017eaja po kojima podjelu ju\u017enoslavenskih jezika trebaju predstavljati kroz narativno obja\u0161njenje, bez tablice ili popisa.<\/p>\n\n\n\n<p>Ministarstvo prosvjete dalje navodi da je nakladnicima nalo\u017eeno da do 15. svibnja podnesu zahtjev za utvr\u0111ivanje da novo izdanje odobrenog ud\u017ebenika sadr\u017ei izmjene i dopune.<\/p>\n\n\n\n<p>Tako\u0111er, od izdava\u010da je zatra\u017eeno da \u201esve primjerke ud\u017ebenika koji su jo\u0161 uvijek na tr\u017ei\u0161tu osiguraju ispravkom objavljenog teksta u vidu od\u0161tampane ispravljene stranice pripojene postoje\u0107oj stranici u ud\u017ebeniku\u201c.<\/p>\n\n\n\n<p>Ministarstvo je tako postupilo po zahtjevu pu\u010dkog pravobranitelja Zorana Pa\u0161ali\u0107a koji je zbog povrede prava nacionalnih manjina u sije\u010dnju zatra\u017eio povla\u010denje iz uporabe ud\u017ebenika za srpski jezik za u\u010denike osmog razreda.<\/p>\n\n\n\n<p>On je tada objavio da su \u201eodobrenjem ud\u017ebenika u kojem stoji takva definicija (podjele ju\u017enoslavenskih jezika) povrije\u0111ena prava pripadnika nacionalnih manjina jer se negira postojanje ovih jezika, od kojih se hrvatski i bosanski jezik koriste u slu\u017ebenoj uporabi jezika i pisma u Republici Srbiji\u201c.<\/p>\n\n\n\n<p>Ured pu\u010dkog pravobranitelja dodao je kako su mjerodavne institucije prigodom odobravanja ud\u017ebenika trebale uzeti u obzir da takav na\u010din podjele ju\u017enoslavenskih jezika \u201emo\u017ee za posljedicu imati povredu prava pripadnika nacionalnih manjina i dovo\u0111enje priznatih jezika nacionalnih manjina u neravnopravan polo\u017eaj\u201c.<\/p>\n\n\n\n<p>Predsjednica Hrvatskog nacionalnog vije\u0107a Jasna Vojni\u0107 u povodu najava o izmjenama spornih ud\u017ebenika navodi kako je pozitivno iznena\u0111ena postupcima dr\u017eavnih tijela Srbije.<\/p>\n\n\n\n<p>\u201eOvakav postupak Ministarstva znanosti, prosvjete i tehnolo\u0161kog razvoja Republike Srbije kojim se nala\u017ee izmjena diskriminatornog sadr\u017eaja u spornim ud\u017ebenicima, moram priznati, iznena\u0111enje je za na\u0161u zajednicu\u201c, istaknula je u pisanoj izjavi.<\/p>\n\n\n\n<p>Objasnila je kako se do sada doga\u0111ao veliki broj slu\u010dajeva diskriminacije i neprovo\u0111enja vladavine prava na koje institucije Srbije gotovo u pravilu nisu reagirale ili su reagirale na na\u010din kr\u0161enja vlastitog zakonodavstva.<\/p>\n\n\n\n<p>\u201eUz zadovoljstvo zbog primjerene reakcije i nadu da ovaj slu\u010daj ne\u0107e biti izoliran, iskazujem i vjeru da je Srbija ovim \u010dinom na\u010dinila korak naprijed prema dr\u017eavi u kojoj \u0107e se svaki gra\u0111anin osje\u0107ati ravnopravno i sigurno\u201c, zaklju\u010dila je Jasna Vojni\u0107.<\/p>\n\n\n\n<p>Poziv na reakciju pu\u010dkog pravobranitelja zbog spornih ud\u017ebenika uputilo je Hrvatsko nacionalno vije\u0107e u Srbiji koje je u listopadu 2021. otkrilo da u\u010denici osmih razreda srpskih \u0161kola u\u010de da hrvatski jezik ne postoji.<\/p>\n\n\n\n<p>U ud\u017ebeniku gramatike skupine autora \u201eS re\u010di na dela\u201c za u\u010denike osmih razreda, navodi se da srpski, slovenski, makedonski i bugarski jezik pripadaju skupini ju\u017enoslavenskih jezika \u201ea da Hrvati, Bo\u0161njaci i neki Crnogorci srpski jezik nazivaju hrvatski, bosanski, bo\u0161nja\u010dki i crnogorski\u201c.<\/p>\n\n\n\n<p>Takva podjela ju\u017enoslavenskih jezika navodi se u ud\u017ebenicima za srpski jezik svih ostalih nakladnika u Srbiji (Zavod za ud\u017ebenike, Novi Logos, Klett, BIGZ&#8230;)., a rije\u010d je o stajali\u0161tu Instituta za srpski jezik prema kojemu u ju\u017enoslavenske jezike spadaju bugarski, makedonski, slovenski i srpski jezik, a da se uz srpski jezik treba staviti napomena da Hrvati, Bo\u0161njaci i neki Crnogorci ovaj jezik nazivaju hrvatskim, bosanskim \u2013 bo\u0161nja\u010dkim i crnogorskim jezikom.<\/p>\n\n\n\n<p>Zbog negiranja postojanja hrvatskog jezika reagirali su predsjednik i premijer Hrvatske Zoran Milanovi\u0107 i Andrej Plenkovi\u0107.<\/p>\n\n\n\n<p>U prosvjednoj noti upu\u0107enoj srbijanskoj vlasti bili su zatra\u017eili povla\u010denje ud\u017ebenika i istaknuli da je rije\u010d o sramotnoj politici i nedostatku po\u0161tovanja prema Hrvatskoj kao susjednoj zemlji.<\/p>\n\n\n\n<p>Predsjednik Srbije Aleksandar Vu\u010di\u0107 je u odgovoru premijeru Hrvatske me\u0111u ostalim naveo da \u0107e \u201epogledati i vidjeti o \u010demu se radi\u201c i ako je napravljena gre\u0161ka bit \u0107e ispravljena.<\/p>\n\n\n\n<p>Izvor:pogled.ba<\/p>\n","protected":false},"excerpt":{"rendered":"<p>Srbijansko ministarstvo prosvjete zatra\u017eilo je, po zahtjevu pu\u010dkog pravobranitelja, da nakladnici izmijene sadr\u017eaj ud\u017ebenika za osmi razred osnovne \u0161kole u kojima se negira postojanje hrvatskog jezika, \u0161to je u utorak u vodstvu hrvatske manjine ocijenjeno kao veliki korak naprijed. U definiciji podjele ju\u017enoslavenskih jezika u ud\u017ebenicima za srpski jezik navedeno je da se Hrvati, Bo\u0161njaci [&hellip;]<\/p>\n","protected":false},"author":2,"featured_media":32373,"comment_status":"closed","ping_status":"closed","sticky":false,"template":"","format":"standard","meta":{"h5ap_radio_sources":[],"footnotes":""},"categories":[1],"tags":[],"class_list":["post-131817","post","type-post","status-publish","format-standard","has-post-thumbnail","hentry","category-bihiregija"],"yoast_head":"<!-- This site is optimized with the Yoast SEO plugin v27.5 - https:\/\/yoast.com\/product\/yoast-seo-wordpress\/ -->\n<title>Srpsko ministarstvo tra\u017ei ispravke u ud\u017ebenicima u kojima se negira hrvatski jezik - RADIO LJUBU\u0160KI<\/title>\n<meta name=\"robots\" content=\"index, follow, max-snippet:-1, max-image-preview:large, max-video-preview:-1\" \/>\n<link rel=\"canonical\" href=\"https:\/\/radioljubuski.ba\/index.php\/2022\/04\/12\/srpsko-ministarstvo-trazi-ispravke-u-udzbenicima-u-kojima-se-negira-hrvatski-jezik\/\" \/>\n<meta property=\"og:locale\" content=\"hr_HR\" \/>\n<meta property=\"og:type\" content=\"article\" \/>\n<meta property=\"og:title\" content=\"Srpsko ministarstvo tra\u017ei ispravke u ud\u017ebenicima u kojima se negira hrvatski jezik - RADIO LJUBU\u0160KI\" \/>\n<meta property=\"og:description\" content=\"Srbijansko ministarstvo prosvjete zatra\u017eilo je, po zahtjevu pu\u010dkog pravobranitelja, da nakladnici izmijene sadr\u017eaj ud\u017ebenika za osmi razred osnovne \u0161kole u kojima se negira postojanje hrvatskog jezika, \u0161to je u utorak u vodstvu hrvatske manjine ocijenjeno kao veliki korak naprijed. U definiciji podjele ju\u017enoslavenskih jezika u ud\u017ebenicima za srpski jezik navedeno je da se Hrvati, Bo\u0161njaci [&hellip;]\" \/>\n<meta property=\"og:url\" content=\"https:\/\/radioljubuski.ba\/index.php\/2022\/04\/12\/srpsko-ministarstvo-trazi-ispravke-u-udzbenicima-u-kojima-se-negira-hrvatski-jezik\/\" \/>\n<meta property=\"og:site_name\" content=\"RADIO LJUBU\u0160KI\" \/>\n<meta property=\"article:publisher\" content=\"https:\/\/www.facebook.com\/Radiio-Ljubuski-1490835324566332\" \/>\n<meta property=\"article:published_time\" content=\"2022-04-12T11:29:42+00:00\" \/>\n<meta property=\"article:modified_time\" content=\"2022-04-12T11:29:43+00:00\" \/>\n<meta property=\"og:image\" content=\"https:\/\/radioljubuski.ba\/wp-content\/uploads\/2021\/06\/6HnSz8xv_skola_ucenici_prvasici_259825b0bf0345aa9bf2980af6c7366d_view_article.jpg\" \/>\n\t<meta property=\"og:image:width\" content=\"1000\" \/>\n\t<meta property=\"og:image:height\" content=\"625\" \/>\n\t<meta property=\"og:image:type\" content=\"image\/jpeg\" \/>\n<meta name=\"author\" content=\"Radio Ljubu\u0161ki\" \/>\n<meta name=\"twitter:card\" content=\"summary_large_image\" \/>\n<meta name=\"twitter:creator\" content=\"@radioljubuski\" \/>\n<meta name=\"twitter:site\" content=\"@radioljubuski\" \/>\n<meta name=\"twitter:label1\" content=\"Napisao\/la\" \/>\n\t<meta name=\"twitter:data1\" content=\"Radio Ljubu\u0161ki\" \/>\n\t<meta name=\"twitter:label2\" content=\"Procijenjeno vrijeme \u010ditanja\" \/>\n\t<meta name=\"twitter:data2\" content=\"3 minute\" \/>\n<script type=\"application\/ld+json\" class=\"yoast-schema-graph\">{\"@context\":\"https:\\\/\\\/schema.org\",\"@graph\":[{\"@type\":\"Article\",\"@id\":\"https:\\\/\\\/radioljubuski.ba\\\/index.php\\\/2022\\\/04\\\/12\\\/srpsko-ministarstvo-trazi-ispravke-u-udzbenicima-u-kojima-se-negira-hrvatski-jezik\\\/#article\",\"isPartOf\":{\"@id\":\"https:\\\/\\\/radioljubuski.ba\\\/index.php\\\/2022\\\/04\\\/12\\\/srpsko-ministarstvo-trazi-ispravke-u-udzbenicima-u-kojima-se-negira-hrvatski-jezik\\\/\"},\"author\":{\"name\":\"Radio Ljubu\u0161ki\",\"@id\":\"https:\\\/\\\/radioljubuski.ba\\\/#\\\/schema\\\/person\\\/19fc700381a780f69665d7956c469e3b\"},\"headline\":\"Srpsko ministarstvo tra\u017ei ispravke u ud\u017ebenicima u kojima se negira hrvatski jezik\",\"datePublished\":\"2022-04-12T11:29:42+00:00\",\"dateModified\":\"2022-04-12T11:29:43+00:00\",\"mainEntityOfPage\":{\"@id\":\"https:\\\/\\\/radioljubuski.ba\\\/index.php\\\/2022\\\/04\\\/12\\\/srpsko-ministarstvo-trazi-ispravke-u-udzbenicima-u-kojima-se-negira-hrvatski-jezik\\\/\"},\"wordCount\":709,\"publisher\":{\"@id\":\"https:\\\/\\\/radioljubuski.ba\\\/#organization\"},\"image\":{\"@id\":\"https:\\\/\\\/radioljubuski.ba\\\/index.php\\\/2022\\\/04\\\/12\\\/srpsko-ministarstvo-trazi-ispravke-u-udzbenicima-u-kojima-se-negira-hrvatski-jezik\\\/#primaryimage\"},\"thumbnailUrl\":\"https:\\\/\\\/radioljubuski.ba\\\/wp-content\\\/uploads\\\/2021\\\/06\\\/6HnSz8xv_skola_ucenici_prvasici_259825b0bf0345aa9bf2980af6c7366d_view_article.jpg\",\"articleSection\":[\"BIH i regija\"],\"inLanguage\":\"hr\"},{\"@type\":\"WebPage\",\"@id\":\"https:\\\/\\\/radioljubuski.ba\\\/index.php\\\/2022\\\/04\\\/12\\\/srpsko-ministarstvo-trazi-ispravke-u-udzbenicima-u-kojima-se-negira-hrvatski-jezik\\\/\",\"url\":\"https:\\\/\\\/radioljubuski.ba\\\/index.php\\\/2022\\\/04\\\/12\\\/srpsko-ministarstvo-trazi-ispravke-u-udzbenicima-u-kojima-se-negira-hrvatski-jezik\\\/\",\"name\":\"Srpsko ministarstvo tra\u017ei ispravke u ud\u017ebenicima u kojima se negira hrvatski jezik - RADIO LJUBU\u0160KI\",\"isPartOf\":{\"@id\":\"https:\\\/\\\/radioljubuski.ba\\\/#website\"},\"primaryImageOfPage\":{\"@id\":\"https:\\\/\\\/radioljubuski.ba\\\/index.php\\\/2022\\\/04\\\/12\\\/srpsko-ministarstvo-trazi-ispravke-u-udzbenicima-u-kojima-se-negira-hrvatski-jezik\\\/#primaryimage\"},\"image\":{\"@id\":\"https:\\\/\\\/radioljubuski.ba\\\/index.php\\\/2022\\\/04\\\/12\\\/srpsko-ministarstvo-trazi-ispravke-u-udzbenicima-u-kojima-se-negira-hrvatski-jezik\\\/#primaryimage\"},\"thumbnailUrl\":\"https:\\\/\\\/radioljubuski.ba\\\/wp-content\\\/uploads\\\/2021\\\/06\\\/6HnSz8xv_skola_ucenici_prvasici_259825b0bf0345aa9bf2980af6c7366d_view_article.jpg\",\"datePublished\":\"2022-04-12T11:29:42+00:00\",\"dateModified\":\"2022-04-12T11:29:43+00:00\",\"breadcrumb\":{\"@id\":\"https:\\\/\\\/radioljubuski.ba\\\/index.php\\\/2022\\\/04\\\/12\\\/srpsko-ministarstvo-trazi-ispravke-u-udzbenicima-u-kojima-se-negira-hrvatski-jezik\\\/#breadcrumb\"},\"inLanguage\":\"hr\",\"potentialAction\":[{\"@type\":\"ReadAction\",\"target\":[\"https:\\\/\\\/radioljubuski.ba\\\/index.php\\\/2022\\\/04\\\/12\\\/srpsko-ministarstvo-trazi-ispravke-u-udzbenicima-u-kojima-se-negira-hrvatski-jezik\\\/\"]}]},{\"@type\":\"ImageObject\",\"inLanguage\":\"hr\",\"@id\":\"https:\\\/\\\/radioljubuski.ba\\\/index.php\\\/2022\\\/04\\\/12\\\/srpsko-ministarstvo-trazi-ispravke-u-udzbenicima-u-kojima-se-negira-hrvatski-jezik\\\/#primaryimage\",\"url\":\"https:\\\/\\\/radioljubuski.ba\\\/wp-content\\\/uploads\\\/2021\\\/06\\\/6HnSz8xv_skola_ucenici_prvasici_259825b0bf0345aa9bf2980af6c7366d_view_article.jpg\",\"contentUrl\":\"https:\\\/\\\/radioljubuski.ba\\\/wp-content\\\/uploads\\\/2021\\\/06\\\/6HnSz8xv_skola_ucenici_prvasici_259825b0bf0345aa9bf2980af6c7366d_view_article.jpg\",\"width\":1000,\"height\":625},{\"@type\":\"BreadcrumbList\",\"@id\":\"https:\\\/\\\/radioljubuski.ba\\\/index.php\\\/2022\\\/04\\\/12\\\/srpsko-ministarstvo-trazi-ispravke-u-udzbenicima-u-kojima-se-negira-hrvatski-jezik\\\/#breadcrumb\",\"itemListElement\":[{\"@type\":\"ListItem\",\"position\":1,\"name\":\"Po\u010detna stranica\",\"item\":\"https:\\\/\\\/radioljubuski.ba\\\/\"},{\"@type\":\"ListItem\",\"position\":2,\"name\":\"Srpsko ministarstvo tra\u017ei ispravke u ud\u017ebenicima u kojima se negira hrvatski jezik\"}]},{\"@type\":\"WebSite\",\"@id\":\"https:\\\/\\\/radioljubuski.ba\\\/#website\",\"url\":\"https:\\\/\\\/radioljubuski.ba\\\/\",\"name\":\"Radio Ljubu\u0161ki\",\"description\":\"Sun\u010dana frekvencija Hercegovine\",\"publisher\":{\"@id\":\"https:\\\/\\\/radioljubuski.ba\\\/#organization\"},\"potentialAction\":[{\"@type\":\"SearchAction\",\"target\":{\"@type\":\"EntryPoint\",\"urlTemplate\":\"https:\\\/\\\/radioljubuski.ba\\\/?s={search_term_string}\"},\"query-input\":{\"@type\":\"PropertyValueSpecification\",\"valueRequired\":true,\"valueName\":\"search_term_string\"}}],\"inLanguage\":\"hr\"},{\"@type\":\"Organization\",\"@id\":\"https:\\\/\\\/radioljubuski.ba\\\/#organization\",\"name\":\"Radio Ljubu\u0161ki\",\"url\":\"https:\\\/\\\/radioljubuski.ba\\\/\",\"logo\":{\"@type\":\"ImageObject\",\"inLanguage\":\"hr\",\"@id\":\"https:\\\/\\\/radioljubuski.ba\\\/#\\\/schema\\\/logo\\\/image\\\/\",\"url\":\"https:\\\/\\\/radioljubuski.ba\\\/wp-content\\\/uploads\\\/2021\\\/02\\\/cropped-Radio_Ljubuski_logo1.jpg\",\"contentUrl\":\"https:\\\/\\\/radioljubuski.ba\\\/wp-content\\\/uploads\\\/2021\\\/02\\\/cropped-Radio_Ljubuski_logo1.jpg\",\"width\":512,\"height\":512,\"caption\":\"Radio Ljubu\u0161ki\"},\"image\":{\"@id\":\"https:\\\/\\\/radioljubuski.ba\\\/#\\\/schema\\\/logo\\\/image\\\/\"},\"sameAs\":[\"https:\\\/\\\/www.facebook.com\\\/Radiio-Ljubuski-1490835324566332\",\"https:\\\/\\\/x.com\\\/radioljubuski\",\"https:\\\/\\\/hr.linkedin.com\\\/company\\\/radio-ljubuski\",\"https:\\\/\\\/www.youtube.com\\\/channel\\\/UCHYaeO_n0Db3tjNGudGpXyw\"]},{\"@type\":\"Person\",\"@id\":\"https:\\\/\\\/radioljubuski.ba\\\/#\\\/schema\\\/person\\\/19fc700381a780f69665d7956c469e3b\",\"name\":\"Radio Ljubu\u0161ki\"}]}<\/script>\n<!-- \/ Yoast SEO plugin. -->","yoast_head_json":{"title":"Srpsko ministarstvo tra\u017ei ispravke u ud\u017ebenicima u kojima se negira hrvatski jezik - RADIO LJUBU\u0160KI","robots":{"index":"index","follow":"follow","max-snippet":"max-snippet:-1","max-image-preview":"max-image-preview:large","max-video-preview":"max-video-preview:-1"},"canonical":"https:\/\/radioljubuski.ba\/index.php\/2022\/04\/12\/srpsko-ministarstvo-trazi-ispravke-u-udzbenicima-u-kojima-se-negira-hrvatski-jezik\/","og_locale":"hr_HR","og_type":"article","og_title":"Srpsko ministarstvo tra\u017ei ispravke u ud\u017ebenicima u kojima se negira hrvatski jezik - RADIO LJUBU\u0160KI","og_description":"Srbijansko ministarstvo prosvjete zatra\u017eilo je, po zahtjevu pu\u010dkog pravobranitelja, da nakladnici izmijene sadr\u017eaj ud\u017ebenika za osmi razred osnovne \u0161kole u kojima se negira postojanje hrvatskog jezika, \u0161to je u utorak u vodstvu hrvatske manjine ocijenjeno kao veliki korak naprijed. U definiciji podjele ju\u017enoslavenskih jezika u ud\u017ebenicima za srpski jezik navedeno je da se Hrvati, Bo\u0161njaci [&hellip;]","og_url":"https:\/\/radioljubuski.ba\/index.php\/2022\/04\/12\/srpsko-ministarstvo-trazi-ispravke-u-udzbenicima-u-kojima-se-negira-hrvatski-jezik\/","og_site_name":"RADIO LJUBU\u0160KI","article_publisher":"https:\/\/www.facebook.com\/Radiio-Ljubuski-1490835324566332","article_published_time":"2022-04-12T11:29:42+00:00","article_modified_time":"2022-04-12T11:29:43+00:00","og_image":[{"width":1000,"height":625,"url":"https:\/\/radioljubuski.ba\/wp-content\/uploads\/2021\/06\/6HnSz8xv_skola_ucenici_prvasici_259825b0bf0345aa9bf2980af6c7366d_view_article.jpg","type":"image\/jpeg"}],"author":"Radio Ljubu\u0161ki","twitter_card":"summary_large_image","twitter_creator":"@radioljubuski","twitter_site":"@radioljubuski","twitter_misc":{"Napisao\/la":"Radio Ljubu\u0161ki","Procijenjeno vrijeme \u010ditanja":"3 minute"},"schema":{"@context":"https:\/\/schema.org","@graph":[{"@type":"Article","@id":"https:\/\/radioljubuski.ba\/index.php\/2022\/04\/12\/srpsko-ministarstvo-trazi-ispravke-u-udzbenicima-u-kojima-se-negira-hrvatski-jezik\/#article","isPartOf":{"@id":"https:\/\/radioljubuski.ba\/index.php\/2022\/04\/12\/srpsko-ministarstvo-trazi-ispravke-u-udzbenicima-u-kojima-se-negira-hrvatski-jezik\/"},"author":{"name":"Radio Ljubu\u0161ki","@id":"https:\/\/radioljubuski.ba\/#\/schema\/person\/19fc700381a780f69665d7956c469e3b"},"headline":"Srpsko ministarstvo tra\u017ei ispravke u ud\u017ebenicima u kojima se negira hrvatski jezik","datePublished":"2022-04-12T11:29:42+00:00","dateModified":"2022-04-12T11:29:43+00:00","mainEntityOfPage":{"@id":"https:\/\/radioljubuski.ba\/index.php\/2022\/04\/12\/srpsko-ministarstvo-trazi-ispravke-u-udzbenicima-u-kojima-se-negira-hrvatski-jezik\/"},"wordCount":709,"publisher":{"@id":"https:\/\/radioljubuski.ba\/#organization"},"image":{"@id":"https:\/\/radioljubuski.ba\/index.php\/2022\/04\/12\/srpsko-ministarstvo-trazi-ispravke-u-udzbenicima-u-kojima-se-negira-hrvatski-jezik\/#primaryimage"},"thumbnailUrl":"https:\/\/radioljubuski.ba\/wp-content\/uploads\/2021\/06\/6HnSz8xv_skola_ucenici_prvasici_259825b0bf0345aa9bf2980af6c7366d_view_article.jpg","articleSection":["BIH i regija"],"inLanguage":"hr"},{"@type":"WebPage","@id":"https:\/\/radioljubuski.ba\/index.php\/2022\/04\/12\/srpsko-ministarstvo-trazi-ispravke-u-udzbenicima-u-kojima-se-negira-hrvatski-jezik\/","url":"https:\/\/radioljubuski.ba\/index.php\/2022\/04\/12\/srpsko-ministarstvo-trazi-ispravke-u-udzbenicima-u-kojima-se-negira-hrvatski-jezik\/","name":"Srpsko ministarstvo tra\u017ei ispravke u ud\u017ebenicima u kojima se negira hrvatski jezik - RADIO LJUBU\u0160KI","isPartOf":{"@id":"https:\/\/radioljubuski.ba\/#website"},"primaryImageOfPage":{"@id":"https:\/\/radioljubuski.ba\/index.php\/2022\/04\/12\/srpsko-ministarstvo-trazi-ispravke-u-udzbenicima-u-kojima-se-negira-hrvatski-jezik\/#primaryimage"},"image":{"@id":"https:\/\/radioljubuski.ba\/index.php\/2022\/04\/12\/srpsko-ministarstvo-trazi-ispravke-u-udzbenicima-u-kojima-se-negira-hrvatski-jezik\/#primaryimage"},"thumbnailUrl":"https:\/\/radioljubuski.ba\/wp-content\/uploads\/2021\/06\/6HnSz8xv_skola_ucenici_prvasici_259825b0bf0345aa9bf2980af6c7366d_view_article.jpg","datePublished":"2022-04-12T11:29:42+00:00","dateModified":"2022-04-12T11:29:43+00:00","breadcrumb":{"@id":"https:\/\/radioljubuski.ba\/index.php\/2022\/04\/12\/srpsko-ministarstvo-trazi-ispravke-u-udzbenicima-u-kojima-se-negira-hrvatski-jezik\/#breadcrumb"},"inLanguage":"hr","potentialAction":[{"@type":"ReadAction","target":["https:\/\/radioljubuski.ba\/index.php\/2022\/04\/12\/srpsko-ministarstvo-trazi-ispravke-u-udzbenicima-u-kojima-se-negira-hrvatski-jezik\/"]}]},{"@type":"ImageObject","inLanguage":"hr","@id":"https:\/\/radioljubuski.ba\/index.php\/2022\/04\/12\/srpsko-ministarstvo-trazi-ispravke-u-udzbenicima-u-kojima-se-negira-hrvatski-jezik\/#primaryimage","url":"https:\/\/radioljubuski.ba\/wp-content\/uploads\/2021\/06\/6HnSz8xv_skola_ucenici_prvasici_259825b0bf0345aa9bf2980af6c7366d_view_article.jpg","contentUrl":"https:\/\/radioljubuski.ba\/wp-content\/uploads\/2021\/06\/6HnSz8xv_skola_ucenici_prvasici_259825b0bf0345aa9bf2980af6c7366d_view_article.jpg","width":1000,"height":625},{"@type":"BreadcrumbList","@id":"https:\/\/radioljubuski.ba\/index.php\/2022\/04\/12\/srpsko-ministarstvo-trazi-ispravke-u-udzbenicima-u-kojima-se-negira-hrvatski-jezik\/#breadcrumb","itemListElement":[{"@type":"ListItem","position":1,"name":"Po\u010detna stranica","item":"https:\/\/radioljubuski.ba\/"},{"@type":"ListItem","position":2,"name":"Srpsko ministarstvo tra\u017ei ispravke u ud\u017ebenicima u kojima se negira hrvatski jezik"}]},{"@type":"WebSite","@id":"https:\/\/radioljubuski.ba\/#website","url":"https:\/\/radioljubuski.ba\/","name":"Radio Ljubu\u0161ki","description":"Sun\u010dana frekvencija Hercegovine","publisher":{"@id":"https:\/\/radioljubuski.ba\/#organization"},"potentialAction":[{"@type":"SearchAction","target":{"@type":"EntryPoint","urlTemplate":"https:\/\/radioljubuski.ba\/?s={search_term_string}"},"query-input":{"@type":"PropertyValueSpecification","valueRequired":true,"valueName":"search_term_string"}}],"inLanguage":"hr"},{"@type":"Organization","@id":"https:\/\/radioljubuski.ba\/#organization","name":"Radio Ljubu\u0161ki","url":"https:\/\/radioljubuski.ba\/","logo":{"@type":"ImageObject","inLanguage":"hr","@id":"https:\/\/radioljubuski.ba\/#\/schema\/logo\/image\/","url":"https:\/\/radioljubuski.ba\/wp-content\/uploads\/2021\/02\/cropped-Radio_Ljubuski_logo1.jpg","contentUrl":"https:\/\/radioljubuski.ba\/wp-content\/uploads\/2021\/02\/cropped-Radio_Ljubuski_logo1.jpg","width":512,"height":512,"caption":"Radio Ljubu\u0161ki"},"image":{"@id":"https:\/\/radioljubuski.ba\/#\/schema\/logo\/image\/"},"sameAs":["https:\/\/www.facebook.com\/Radiio-Ljubuski-1490835324566332","https:\/\/x.com\/radioljubuski","https:\/\/hr.linkedin.com\/company\/radio-ljubuski","https:\/\/www.youtube.com\/channel\/UCHYaeO_n0Db3tjNGudGpXyw"]},{"@type":"Person","@id":"https:\/\/radioljubuski.ba\/#\/schema\/person\/19fc700381a780f69665d7956c469e3b","name":"Radio Ljubu\u0161ki"}]}},"_links":{"self":[{"href":"https:\/\/radioljubuski.ba\/index.php\/wp-json\/wp\/v2\/posts\/131817","targetHints":{"allow":["GET"]}}],"collection":[{"href":"https:\/\/radioljubuski.ba\/index.php\/wp-json\/wp\/v2\/posts"}],"about":[{"href":"https:\/\/radioljubuski.ba\/index.php\/wp-json\/wp\/v2\/types\/post"}],"author":[{"embeddable":true,"href":"https:\/\/radioljubuski.ba\/index.php\/wp-json\/wp\/v2\/users\/2"}],"replies":[{"embeddable":true,"href":"https:\/\/radioljubuski.ba\/index.php\/wp-json\/wp\/v2\/comments?post=131817"}],"version-history":[{"count":1,"href":"https:\/\/radioljubuski.ba\/index.php\/wp-json\/wp\/v2\/posts\/131817\/revisions"}],"predecessor-version":[{"id":131818,"href":"https:\/\/radioljubuski.ba\/index.php\/wp-json\/wp\/v2\/posts\/131817\/revisions\/131818"}],"wp:featuredmedia":[{"embeddable":true,"href":"https:\/\/radioljubuski.ba\/index.php\/wp-json\/wp\/v2\/media\/32373"}],"wp:attachment":[{"href":"https:\/\/radioljubuski.ba\/index.php\/wp-json\/wp\/v2\/media?parent=131817"}],"wp:term":[{"taxonomy":"category","embeddable":true,"href":"https:\/\/radioljubuski.ba\/index.php\/wp-json\/wp\/v2\/categories?post=131817"},{"taxonomy":"post_tag","embeddable":true,"href":"https:\/\/radioljubuski.ba\/index.php\/wp-json\/wp\/v2\/tags?post=131817"}],"curies":[{"name":"wp","href":"https:\/\/api.w.org\/{rel}","templated":true}]}}