{"id":131827,"date":"2022-04-12T14:29:23","date_gmt":"2022-04-12T13:29:23","guid":{"rendered":"https:\/\/radioljubuski.ba\/?p=131827"},"modified":"2022-04-12T14:29:25","modified_gmt":"2022-04-12T13:29:25","slug":"stravicno-svjedocanstvo-vojnik-je-provalio-u-kucu-i-silovao-me-muz-me-htio-spasiti-ubili-su-ga","status":"publish","type":"post","link":"https:\/\/radioljubuski.ba\/index.php\/2022\/04\/12\/stravicno-svjedocanstvo-vojnik-je-provalio-u-kucu-i-silovao-me-muz-me-htio-spasiti-ubili-su-ga\/","title":{"rendered":"Stravi\u010dno svjedo\u010danstvo: Vojnik je provalio u ku\u0107u i silovao me. Mu\u017e me htio spasiti, ubili su ga"},"content":{"rendered":"\n<p>Nakon povla\u010denja ruske vojske iz okolice Kijeva civili se \u017eale na zvjerstva koja su po\u010dinili. BBC je prenio svjedo\u010danstvo \u017eene koja tvrdi da su je silovali.<\/p>\n\n\n\n<p>Ana \u017eivi 70 kilometara zapadno od Kijeva, 50 joj je godina. Ime su joj promijenili kako bi joj za\u0161titili identitet.<\/p>\n\n\n\n<p>&#8211; Bila sam kod ku\u0107e sa svojim mu\u017eem 7. o\u017eujka kad je strani vojnik upao. Odveo me u obli\u017enju ku\u0107u na ni\u0161anu pi\u0161tolja. Naredio mi je: &#8220;Skini se ili \u0107u te upucati&#8221;. Stalno mi je prijetio da \u0107e me ubiti ako ne u\u010dinim kako je rekao. Zatim me silovao &#8211; rekla je.<\/p>\n\n\n\n<p>Opisala ga je kao mladog, mr\u0161avog, \u010de\u010denskog borca &#8211; pripadnika ruskih snaga.<\/p>\n\n\n\n<p>&#8211; Dok me silovao upala su jo\u0161 \u010detvorica vojnika. Mislila sam da \u0107e me ubiti, ali oni su ga odvukli i oti\u0161li &#8211; rekla je.<\/p>\n\n\n\n<p>Kad se vratila svojoj ku\u0107i prona\u0161la je svog mu\u017ea kojeg su upucali u trbuh.<\/p>\n\n\n\n<p>&#8211; Poku\u0161ao me spasiti, ali su ga upucali &#8211; rekla je. Nakon toga su se sklonili kod susjeda jer zbog aktivnih borbi koje su se tada odvijale nisu mogli do bolnice. Suprug je preminuo dva dana kasnije.<\/p>\n\n\n\n<p>Ana je neutje\u0161na i traumatizirana i ne prestaje plakati. Novinarima BBC-ja pokazala je mjesto u dvori\u0161tu gdje je pokopala svog supruga. Ka\u017ee kako je u kontaktu s lokalnom bolnicom i da prima psiholo\u0161ku pomo\u0107.<\/p>\n\n\n\n<p>Vojnici koji su je spasili od silovatelja, naselili su se u njenu ku\u0107u na nekoliko dana i pod prijetnjom oru\u017ejem tra\u017eili da im da suprugove stvari.<\/p>\n\n\n\n<p>&#8211; Kada su oti\u0161li prona\u0161la sam drogu i Viagru. Drogirali bi se i \u010desto su bili pijani. Ve\u0107ina su silovatelji, ubojice i lopovi. Tu i tamo se na\u0111e poneki koji je u redu &#8211; rekla je Ana.<\/p>\n\n\n\n<p>Nekoliko ku\u0107a dalje niz ulicu susjedi pri\u010daju kako je jo\u0161 jednu \u017eenu silovao i ubio isti vojnik kao i Anu, prenosi 24sata.hr<\/p>\n\n\n\n<p>Izvor:24sata.hr<\/p>\n","protected":false},"excerpt":{"rendered":"<p>Nakon povla\u010denja ruske vojske iz okolice Kijeva civili se \u017eale na zvjerstva koja su po\u010dinili. BBC je prenio svjedo\u010danstvo \u017eene koja tvrdi da su je silovali. Ana \u017eivi 70 kilometara zapadno od Kijeva, 50 joj je godina. Ime su joj promijenili kako bi joj za\u0161titili identitet. &#8211; Bila sam kod ku\u0107e sa svojim mu\u017eem 7. [&hellip;]<\/p>\n","protected":false},"author":2,"featured_media":131828,"comment_status":"closed","ping_status":"closed","sticky":false,"template":"","format":"standard","meta":{"h5ap_radio_sources":[],"footnotes":""},"categories":[1],"tags":[],"class_list":["post-131827","post","type-post","status-publish","format-standard","has-post-thumbnail","hentry","category-bihiregija"],"yoast_head":"<!-- This site is optimized with the Yoast SEO plugin v27.5 - https:\/\/yoast.com\/product\/yoast-seo-wordpress\/ -->\n<title>Stravi\u010dno svjedo\u010danstvo: Vojnik je provalio u ku\u0107u i silovao me. Mu\u017e me htio spasiti, ubili su ga - RADIO LJUBU\u0160KI<\/title>\n<meta name=\"robots\" content=\"index, follow, max-snippet:-1, max-image-preview:large, max-video-preview:-1\" \/>\n<link rel=\"canonical\" href=\"https:\/\/radioljubuski.ba\/index.php\/2022\/04\/12\/stravicno-svjedocanstvo-vojnik-je-provalio-u-kucu-i-silovao-me-muz-me-htio-spasiti-ubili-su-ga\/\" \/>\n<meta property=\"og:locale\" content=\"hr_HR\" \/>\n<meta property=\"og:type\" content=\"article\" \/>\n<meta property=\"og:title\" content=\"Stravi\u010dno svjedo\u010danstvo: Vojnik je provalio u ku\u0107u i silovao me. Mu\u017e me htio spasiti, ubili su ga - RADIO LJUBU\u0160KI\" \/>\n<meta property=\"og:description\" content=\"Nakon povla\u010denja ruske vojske iz okolice Kijeva civili se \u017eale na zvjerstva koja su po\u010dinili. BBC je prenio svjedo\u010danstvo \u017eene koja tvrdi da su je silovali. Ana \u017eivi 70 kilometara zapadno od Kijeva, 50 joj je godina. Ime su joj promijenili kako bi joj za\u0161titili identitet. &#8211; Bila sam kod ku\u0107e sa svojim mu\u017eem 7. [&hellip;]\" \/>\n<meta property=\"og:url\" content=\"https:\/\/radioljubuski.ba\/index.php\/2022\/04\/12\/stravicno-svjedocanstvo-vojnik-je-provalio-u-kucu-i-silovao-me-muz-me-htio-spasiti-ubili-su-ga\/\" \/>\n<meta property=\"og:site_name\" content=\"RADIO LJUBU\u0160KI\" \/>\n<meta property=\"article:publisher\" content=\"https:\/\/www.facebook.com\/Radiio-Ljubuski-1490835324566332\" \/>\n<meta property=\"article:published_time\" content=\"2022-04-12T13:29:23+00:00\" \/>\n<meta property=\"article:modified_time\" content=\"2022-04-12T13:29:25+00:00\" \/>\n<meta property=\"og:image\" content=\"https:\/\/radioljubuski.ba\/wp-content\/uploads\/2022\/04\/23.png\" \/>\n\t<meta property=\"og:image:width\" content=\"836\" \/>\n\t<meta property=\"og:image:height\" content=\"521\" \/>\n\t<meta property=\"og:image:type\" content=\"image\/png\" \/>\n<meta name=\"author\" content=\"Radio Ljubu\u0161ki\" \/>\n<meta name=\"twitter:card\" content=\"summary_large_image\" \/>\n<meta name=\"twitter:creator\" content=\"@radioljubuski\" \/>\n<meta name=\"twitter:site\" content=\"@radioljubuski\" \/>\n<meta name=\"twitter:label1\" content=\"Napisao\/la\" \/>\n\t<meta name=\"twitter:data1\" content=\"Radio Ljubu\u0161ki\" \/>\n\t<meta name=\"twitter:label2\" content=\"Procijenjeno vrijeme \u010ditanja\" \/>\n\t<meta name=\"twitter:data2\" content=\"2 minute\" \/>\n<script type=\"application\/ld+json\" class=\"yoast-schema-graph\">{\"@context\":\"https:\\\/\\\/schema.org\",\"@graph\":[{\"@type\":\"Article\",\"@id\":\"https:\\\/\\\/radioljubuski.ba\\\/index.php\\\/2022\\\/04\\\/12\\\/stravicno-svjedocanstvo-vojnik-je-provalio-u-kucu-i-silovao-me-muz-me-htio-spasiti-ubili-su-ga\\\/#article\",\"isPartOf\":{\"@id\":\"https:\\\/\\\/radioljubuski.ba\\\/index.php\\\/2022\\\/04\\\/12\\\/stravicno-svjedocanstvo-vojnik-je-provalio-u-kucu-i-silovao-me-muz-me-htio-spasiti-ubili-su-ga\\\/\"},\"author\":{\"name\":\"Radio Ljubu\u0161ki\",\"@id\":\"https:\\\/\\\/radioljubuski.ba\\\/#\\\/schema\\\/person\\\/19fc700381a780f69665d7956c469e3b\"},\"headline\":\"Stravi\u010dno svjedo\u010danstvo: Vojnik je provalio u ku\u0107u i silovao me. Mu\u017e me htio spasiti, ubili su ga\",\"datePublished\":\"2022-04-12T13:29:23+00:00\",\"dateModified\":\"2022-04-12T13:29:25+00:00\",\"mainEntityOfPage\":{\"@id\":\"https:\\\/\\\/radioljubuski.ba\\\/index.php\\\/2022\\\/04\\\/12\\\/stravicno-svjedocanstvo-vojnik-je-provalio-u-kucu-i-silovao-me-muz-me-htio-spasiti-ubili-su-ga\\\/\"},\"wordCount\":358,\"publisher\":{\"@id\":\"https:\\\/\\\/radioljubuski.ba\\\/#organization\"},\"image\":{\"@id\":\"https:\\\/\\\/radioljubuski.ba\\\/index.php\\\/2022\\\/04\\\/12\\\/stravicno-svjedocanstvo-vojnik-je-provalio-u-kucu-i-silovao-me-muz-me-htio-spasiti-ubili-su-ga\\\/#primaryimage\"},\"thumbnailUrl\":\"https:\\\/\\\/radioljubuski.ba\\\/wp-content\\\/uploads\\\/2022\\\/04\\\/23.png\",\"articleSection\":[\"BIH i regija\"],\"inLanguage\":\"hr\"},{\"@type\":\"WebPage\",\"@id\":\"https:\\\/\\\/radioljubuski.ba\\\/index.php\\\/2022\\\/04\\\/12\\\/stravicno-svjedocanstvo-vojnik-je-provalio-u-kucu-i-silovao-me-muz-me-htio-spasiti-ubili-su-ga\\\/\",\"url\":\"https:\\\/\\\/radioljubuski.ba\\\/index.php\\\/2022\\\/04\\\/12\\\/stravicno-svjedocanstvo-vojnik-je-provalio-u-kucu-i-silovao-me-muz-me-htio-spasiti-ubili-su-ga\\\/\",\"name\":\"Stravi\u010dno svjedo\u010danstvo: Vojnik je provalio u ku\u0107u i silovao me. Mu\u017e me htio spasiti, ubili su ga - RADIO LJUBU\u0160KI\",\"isPartOf\":{\"@id\":\"https:\\\/\\\/radioljubuski.ba\\\/#website\"},\"primaryImageOfPage\":{\"@id\":\"https:\\\/\\\/radioljubuski.ba\\\/index.php\\\/2022\\\/04\\\/12\\\/stravicno-svjedocanstvo-vojnik-je-provalio-u-kucu-i-silovao-me-muz-me-htio-spasiti-ubili-su-ga\\\/#primaryimage\"},\"image\":{\"@id\":\"https:\\\/\\\/radioljubuski.ba\\\/index.php\\\/2022\\\/04\\\/12\\\/stravicno-svjedocanstvo-vojnik-je-provalio-u-kucu-i-silovao-me-muz-me-htio-spasiti-ubili-su-ga\\\/#primaryimage\"},\"thumbnailUrl\":\"https:\\\/\\\/radioljubuski.ba\\\/wp-content\\\/uploads\\\/2022\\\/04\\\/23.png\",\"datePublished\":\"2022-04-12T13:29:23+00:00\",\"dateModified\":\"2022-04-12T13:29:25+00:00\",\"breadcrumb\":{\"@id\":\"https:\\\/\\\/radioljubuski.ba\\\/index.php\\\/2022\\\/04\\\/12\\\/stravicno-svjedocanstvo-vojnik-je-provalio-u-kucu-i-silovao-me-muz-me-htio-spasiti-ubili-su-ga\\\/#breadcrumb\"},\"inLanguage\":\"hr\",\"potentialAction\":[{\"@type\":\"ReadAction\",\"target\":[\"https:\\\/\\\/radioljubuski.ba\\\/index.php\\\/2022\\\/04\\\/12\\\/stravicno-svjedocanstvo-vojnik-je-provalio-u-kucu-i-silovao-me-muz-me-htio-spasiti-ubili-su-ga\\\/\"]}]},{\"@type\":\"ImageObject\",\"inLanguage\":\"hr\",\"@id\":\"https:\\\/\\\/radioljubuski.ba\\\/index.php\\\/2022\\\/04\\\/12\\\/stravicno-svjedocanstvo-vojnik-je-provalio-u-kucu-i-silovao-me-muz-me-htio-spasiti-ubili-su-ga\\\/#primaryimage\",\"url\":\"https:\\\/\\\/radioljubuski.ba\\\/wp-content\\\/uploads\\\/2022\\\/04\\\/23.png\",\"contentUrl\":\"https:\\\/\\\/radioljubuski.ba\\\/wp-content\\\/uploads\\\/2022\\\/04\\\/23.png\",\"width\":836,\"height\":521},{\"@type\":\"BreadcrumbList\",\"@id\":\"https:\\\/\\\/radioljubuski.ba\\\/index.php\\\/2022\\\/04\\\/12\\\/stravicno-svjedocanstvo-vojnik-je-provalio-u-kucu-i-silovao-me-muz-me-htio-spasiti-ubili-su-ga\\\/#breadcrumb\",\"itemListElement\":[{\"@type\":\"ListItem\",\"position\":1,\"name\":\"Po\u010detna stranica\",\"item\":\"https:\\\/\\\/radioljubuski.ba\\\/\"},{\"@type\":\"ListItem\",\"position\":2,\"name\":\"Stravi\u010dno svjedo\u010danstvo: Vojnik je provalio u ku\u0107u i silovao me. Mu\u017e me htio spasiti, ubili su ga\"}]},{\"@type\":\"WebSite\",\"@id\":\"https:\\\/\\\/radioljubuski.ba\\\/#website\",\"url\":\"https:\\\/\\\/radioljubuski.ba\\\/\",\"name\":\"Radio Ljubu\u0161ki\",\"description\":\"Sun\u010dana frekvencija Hercegovine\",\"publisher\":{\"@id\":\"https:\\\/\\\/radioljubuski.ba\\\/#organization\"},\"potentialAction\":[{\"@type\":\"SearchAction\",\"target\":{\"@type\":\"EntryPoint\",\"urlTemplate\":\"https:\\\/\\\/radioljubuski.ba\\\/?s={search_term_string}\"},\"query-input\":{\"@type\":\"PropertyValueSpecification\",\"valueRequired\":true,\"valueName\":\"search_term_string\"}}],\"inLanguage\":\"hr\"},{\"@type\":\"Organization\",\"@id\":\"https:\\\/\\\/radioljubuski.ba\\\/#organization\",\"name\":\"Radio Ljubu\u0161ki\",\"url\":\"https:\\\/\\\/radioljubuski.ba\\\/\",\"logo\":{\"@type\":\"ImageObject\",\"inLanguage\":\"hr\",\"@id\":\"https:\\\/\\\/radioljubuski.ba\\\/#\\\/schema\\\/logo\\\/image\\\/\",\"url\":\"https:\\\/\\\/radioljubuski.ba\\\/wp-content\\\/uploads\\\/2021\\\/02\\\/cropped-Radio_Ljubuski_logo1.jpg\",\"contentUrl\":\"https:\\\/\\\/radioljubuski.ba\\\/wp-content\\\/uploads\\\/2021\\\/02\\\/cropped-Radio_Ljubuski_logo1.jpg\",\"width\":512,\"height\":512,\"caption\":\"Radio Ljubu\u0161ki\"},\"image\":{\"@id\":\"https:\\\/\\\/radioljubuski.ba\\\/#\\\/schema\\\/logo\\\/image\\\/\"},\"sameAs\":[\"https:\\\/\\\/www.facebook.com\\\/Radiio-Ljubuski-1490835324566332\",\"https:\\\/\\\/x.com\\\/radioljubuski\",\"https:\\\/\\\/hr.linkedin.com\\\/company\\\/radio-ljubuski\",\"https:\\\/\\\/www.youtube.com\\\/channel\\\/UCHYaeO_n0Db3tjNGudGpXyw\"]},{\"@type\":\"Person\",\"@id\":\"https:\\\/\\\/radioljubuski.ba\\\/#\\\/schema\\\/person\\\/19fc700381a780f69665d7956c469e3b\",\"name\":\"Radio Ljubu\u0161ki\"}]}<\/script>\n<!-- \/ Yoast SEO plugin. -->","yoast_head_json":{"title":"Stravi\u010dno svjedo\u010danstvo: Vojnik je provalio u ku\u0107u i silovao me. Mu\u017e me htio spasiti, ubili su ga - RADIO LJUBU\u0160KI","robots":{"index":"index","follow":"follow","max-snippet":"max-snippet:-1","max-image-preview":"max-image-preview:large","max-video-preview":"max-video-preview:-1"},"canonical":"https:\/\/radioljubuski.ba\/index.php\/2022\/04\/12\/stravicno-svjedocanstvo-vojnik-je-provalio-u-kucu-i-silovao-me-muz-me-htio-spasiti-ubili-su-ga\/","og_locale":"hr_HR","og_type":"article","og_title":"Stravi\u010dno svjedo\u010danstvo: Vojnik je provalio u ku\u0107u i silovao me. Mu\u017e me htio spasiti, ubili su ga - RADIO LJUBU\u0160KI","og_description":"Nakon povla\u010denja ruske vojske iz okolice Kijeva civili se \u017eale na zvjerstva koja su po\u010dinili. BBC je prenio svjedo\u010danstvo \u017eene koja tvrdi da su je silovali. Ana \u017eivi 70 kilometara zapadno od Kijeva, 50 joj je godina. Ime su joj promijenili kako bi joj za\u0161titili identitet. &#8211; Bila sam kod ku\u0107e sa svojim mu\u017eem 7. [&hellip;]","og_url":"https:\/\/radioljubuski.ba\/index.php\/2022\/04\/12\/stravicno-svjedocanstvo-vojnik-je-provalio-u-kucu-i-silovao-me-muz-me-htio-spasiti-ubili-su-ga\/","og_site_name":"RADIO LJUBU\u0160KI","article_publisher":"https:\/\/www.facebook.com\/Radiio-Ljubuski-1490835324566332","article_published_time":"2022-04-12T13:29:23+00:00","article_modified_time":"2022-04-12T13:29:25+00:00","og_image":[{"width":836,"height":521,"url":"https:\/\/radioljubuski.ba\/wp-content\/uploads\/2022\/04\/23.png","type":"image\/png"}],"author":"Radio Ljubu\u0161ki","twitter_card":"summary_large_image","twitter_creator":"@radioljubuski","twitter_site":"@radioljubuski","twitter_misc":{"Napisao\/la":"Radio Ljubu\u0161ki","Procijenjeno vrijeme \u010ditanja":"2 minute"},"schema":{"@context":"https:\/\/schema.org","@graph":[{"@type":"Article","@id":"https:\/\/radioljubuski.ba\/index.php\/2022\/04\/12\/stravicno-svjedocanstvo-vojnik-je-provalio-u-kucu-i-silovao-me-muz-me-htio-spasiti-ubili-su-ga\/#article","isPartOf":{"@id":"https:\/\/radioljubuski.ba\/index.php\/2022\/04\/12\/stravicno-svjedocanstvo-vojnik-je-provalio-u-kucu-i-silovao-me-muz-me-htio-spasiti-ubili-su-ga\/"},"author":{"name":"Radio Ljubu\u0161ki","@id":"https:\/\/radioljubuski.ba\/#\/schema\/person\/19fc700381a780f69665d7956c469e3b"},"headline":"Stravi\u010dno svjedo\u010danstvo: Vojnik je provalio u ku\u0107u i silovao me. Mu\u017e me htio spasiti, ubili su ga","datePublished":"2022-04-12T13:29:23+00:00","dateModified":"2022-04-12T13:29:25+00:00","mainEntityOfPage":{"@id":"https:\/\/radioljubuski.ba\/index.php\/2022\/04\/12\/stravicno-svjedocanstvo-vojnik-je-provalio-u-kucu-i-silovao-me-muz-me-htio-spasiti-ubili-su-ga\/"},"wordCount":358,"publisher":{"@id":"https:\/\/radioljubuski.ba\/#organization"},"image":{"@id":"https:\/\/radioljubuski.ba\/index.php\/2022\/04\/12\/stravicno-svjedocanstvo-vojnik-je-provalio-u-kucu-i-silovao-me-muz-me-htio-spasiti-ubili-su-ga\/#primaryimage"},"thumbnailUrl":"https:\/\/radioljubuski.ba\/wp-content\/uploads\/2022\/04\/23.png","articleSection":["BIH i regija"],"inLanguage":"hr"},{"@type":"WebPage","@id":"https:\/\/radioljubuski.ba\/index.php\/2022\/04\/12\/stravicno-svjedocanstvo-vojnik-je-provalio-u-kucu-i-silovao-me-muz-me-htio-spasiti-ubili-su-ga\/","url":"https:\/\/radioljubuski.ba\/index.php\/2022\/04\/12\/stravicno-svjedocanstvo-vojnik-je-provalio-u-kucu-i-silovao-me-muz-me-htio-spasiti-ubili-su-ga\/","name":"Stravi\u010dno svjedo\u010danstvo: Vojnik je provalio u ku\u0107u i silovao me. Mu\u017e me htio spasiti, ubili su ga - RADIO LJUBU\u0160KI","isPartOf":{"@id":"https:\/\/radioljubuski.ba\/#website"},"primaryImageOfPage":{"@id":"https:\/\/radioljubuski.ba\/index.php\/2022\/04\/12\/stravicno-svjedocanstvo-vojnik-je-provalio-u-kucu-i-silovao-me-muz-me-htio-spasiti-ubili-su-ga\/#primaryimage"},"image":{"@id":"https:\/\/radioljubuski.ba\/index.php\/2022\/04\/12\/stravicno-svjedocanstvo-vojnik-je-provalio-u-kucu-i-silovao-me-muz-me-htio-spasiti-ubili-su-ga\/#primaryimage"},"thumbnailUrl":"https:\/\/radioljubuski.ba\/wp-content\/uploads\/2022\/04\/23.png","datePublished":"2022-04-12T13:29:23+00:00","dateModified":"2022-04-12T13:29:25+00:00","breadcrumb":{"@id":"https:\/\/radioljubuski.ba\/index.php\/2022\/04\/12\/stravicno-svjedocanstvo-vojnik-je-provalio-u-kucu-i-silovao-me-muz-me-htio-spasiti-ubili-su-ga\/#breadcrumb"},"inLanguage":"hr","potentialAction":[{"@type":"ReadAction","target":["https:\/\/radioljubuski.ba\/index.php\/2022\/04\/12\/stravicno-svjedocanstvo-vojnik-je-provalio-u-kucu-i-silovao-me-muz-me-htio-spasiti-ubili-su-ga\/"]}]},{"@type":"ImageObject","inLanguage":"hr","@id":"https:\/\/radioljubuski.ba\/index.php\/2022\/04\/12\/stravicno-svjedocanstvo-vojnik-je-provalio-u-kucu-i-silovao-me-muz-me-htio-spasiti-ubili-su-ga\/#primaryimage","url":"https:\/\/radioljubuski.ba\/wp-content\/uploads\/2022\/04\/23.png","contentUrl":"https:\/\/radioljubuski.ba\/wp-content\/uploads\/2022\/04\/23.png","width":836,"height":521},{"@type":"BreadcrumbList","@id":"https:\/\/radioljubuski.ba\/index.php\/2022\/04\/12\/stravicno-svjedocanstvo-vojnik-je-provalio-u-kucu-i-silovao-me-muz-me-htio-spasiti-ubili-su-ga\/#breadcrumb","itemListElement":[{"@type":"ListItem","position":1,"name":"Po\u010detna stranica","item":"https:\/\/radioljubuski.ba\/"},{"@type":"ListItem","position":2,"name":"Stravi\u010dno svjedo\u010danstvo: Vojnik je provalio u ku\u0107u i silovao me. Mu\u017e me htio spasiti, ubili su ga"}]},{"@type":"WebSite","@id":"https:\/\/radioljubuski.ba\/#website","url":"https:\/\/radioljubuski.ba\/","name":"Radio Ljubu\u0161ki","description":"Sun\u010dana frekvencija Hercegovine","publisher":{"@id":"https:\/\/radioljubuski.ba\/#organization"},"potentialAction":[{"@type":"SearchAction","target":{"@type":"EntryPoint","urlTemplate":"https:\/\/radioljubuski.ba\/?s={search_term_string}"},"query-input":{"@type":"PropertyValueSpecification","valueRequired":true,"valueName":"search_term_string"}}],"inLanguage":"hr"},{"@type":"Organization","@id":"https:\/\/radioljubuski.ba\/#organization","name":"Radio Ljubu\u0161ki","url":"https:\/\/radioljubuski.ba\/","logo":{"@type":"ImageObject","inLanguage":"hr","@id":"https:\/\/radioljubuski.ba\/#\/schema\/logo\/image\/","url":"https:\/\/radioljubuski.ba\/wp-content\/uploads\/2021\/02\/cropped-Radio_Ljubuski_logo1.jpg","contentUrl":"https:\/\/radioljubuski.ba\/wp-content\/uploads\/2021\/02\/cropped-Radio_Ljubuski_logo1.jpg","width":512,"height":512,"caption":"Radio Ljubu\u0161ki"},"image":{"@id":"https:\/\/radioljubuski.ba\/#\/schema\/logo\/image\/"},"sameAs":["https:\/\/www.facebook.com\/Radiio-Ljubuski-1490835324566332","https:\/\/x.com\/radioljubuski","https:\/\/hr.linkedin.com\/company\/radio-ljubuski","https:\/\/www.youtube.com\/channel\/UCHYaeO_n0Db3tjNGudGpXyw"]},{"@type":"Person","@id":"https:\/\/radioljubuski.ba\/#\/schema\/person\/19fc700381a780f69665d7956c469e3b","name":"Radio Ljubu\u0161ki"}]}},"_links":{"self":[{"href":"https:\/\/radioljubuski.ba\/index.php\/wp-json\/wp\/v2\/posts\/131827","targetHints":{"allow":["GET"]}}],"collection":[{"href":"https:\/\/radioljubuski.ba\/index.php\/wp-json\/wp\/v2\/posts"}],"about":[{"href":"https:\/\/radioljubuski.ba\/index.php\/wp-json\/wp\/v2\/types\/post"}],"author":[{"embeddable":true,"href":"https:\/\/radioljubuski.ba\/index.php\/wp-json\/wp\/v2\/users\/2"}],"replies":[{"embeddable":true,"href":"https:\/\/radioljubuski.ba\/index.php\/wp-json\/wp\/v2\/comments?post=131827"}],"version-history":[{"count":1,"href":"https:\/\/radioljubuski.ba\/index.php\/wp-json\/wp\/v2\/posts\/131827\/revisions"}],"predecessor-version":[{"id":131829,"href":"https:\/\/radioljubuski.ba\/index.php\/wp-json\/wp\/v2\/posts\/131827\/revisions\/131829"}],"wp:featuredmedia":[{"embeddable":true,"href":"https:\/\/radioljubuski.ba\/index.php\/wp-json\/wp\/v2\/media\/131828"}],"wp:attachment":[{"href":"https:\/\/radioljubuski.ba\/index.php\/wp-json\/wp\/v2\/media?parent=131827"}],"wp:term":[{"taxonomy":"category","embeddable":true,"href":"https:\/\/radioljubuski.ba\/index.php\/wp-json\/wp\/v2\/categories?post=131827"},{"taxonomy":"post_tag","embeddable":true,"href":"https:\/\/radioljubuski.ba\/index.php\/wp-json\/wp\/v2\/tags?post=131827"}],"curies":[{"name":"wp","href":"https:\/\/api.w.org\/{rel}","templated":true}]}}