{"id":131866,"date":"2022-04-13T09:09:53","date_gmt":"2022-04-13T08:09:53","guid":{"rendered":"https:\/\/radioljubuski.ba\/?p=131866"},"modified":"2022-04-13T09:09:54","modified_gmt":"2022-04-13T08:09:54","slug":"prica-o-villarrealu-i-kako-je-iz-grada-od-50-000-stanovnika-nastao-europski-nogometni-velikan","status":"publish","type":"post","link":"https:\/\/radioljubuski.ba\/index.php\/2022\/04\/13\/prica-o-villarrealu-i-kako-je-iz-grada-od-50-000-stanovnika-nastao-europski-nogometni-velikan\/","title":{"rendered":"Pri\u010da o Villarrealu i kako je iz grada od 50.000 stanovnika nastao europski nogometni velikan"},"content":{"rendered":"\n<p>\u0160panjolski Villarreal postao je apsolutna europska nogometa senzacija nakon \u0161to je izbacio Bayern u \u010detvrtfinalu Lige prvaka, a pri\u010da o ovom klubu iz grada u kojem \u017eivi ne\u0161to vi\u0161e od 50.000 stanovnika najbolji je pokazatelj koliko ovaj sport nekada mo\u017ee ispisati nevjerojatne pri\u010de.<\/p>\n\n\n\n<p>Ka\u017eu da s gotovo 1.000 kilometara duge autoceste koja povezuje sjevernu i ju\u017enu \u0160panjolsku s njenom isto\u010dnom obalom postoje samo dva razloga da se s &#8220;Autopista del Mediterr\u00e1neo&#8221; skrene u Villarreal.<\/p>\n\n\n\n<p>Prvi je, ka\u017eu \u0160panjolci, ako trebate kerami\u010dke plo\u010dice, a drugi je, naravno, nogomet. Njihov stadion El Madrigal nemogu\u0107e je u takvim uvjetima proma\u0161iti, kako zbog \u010dinjenice da se nalazi u samom centru grada, tako i zbog toga \u0161to je oblo\u017een \u017eutim kerami\u010dkim plo\u010dicama.<\/p>\n\n\n\n<p>Kapacitet stadiona je 24.890 sjede\u0107ih mjesta, \u0161to predstavlja gotovo polovicu populacije ovog mjesta u kojem \u017eivi ne\u0161to vi\u0161e od 50.000 stanovnika. Kako su se onda probili u vrh evropskog nogometa?<\/p>\n\n\n\n<p>\u0160panjolski mediji objavili su da se u 19. stolje\u0107u u ovom ruralnom podru\u010dju \u017eivjelo od uzgoja naran\u010di, a \u0161to je omogu\u0107ilo postupan ekonomski napredak za regiju, da bi nakon Gra\u0111anskog rata lokalni vlasnici planta\u017ea taj zara\u0111eni novac pretvorili u izgradnju tvornica keramike.<\/p>\n\n\n\n<p>S tim u svezi ovo mjesto ubrzo se pretvorilo u jedno od najva\u017enijih mjesta u Europi za ovu industriju. U isto vrijeme, obitelj Roig u Valenciji je otvorila mesnicu Mercadona i uskoro nakon toga brzorastu\u0107i supermarket.<\/p>\n\n\n\n<p>\u010cetiri godine nakon toga, u ovoj regiji bilo je otvoreno osam prodavaonica, da bi 1990-ih mesnica Mercadona do\u017eivjela bum i danas je prema statistici Forbesa firma s jednom od najboljih reputacija u svijetu. Prije tri godine su bili na devetom mjestu, a tada su brojili 75.000 radnika i 1.500 prodavaonica te im je godi\u0161nji profit i\u0161ao preko 600 milijuna eura.<\/p>\n\n\n\n<p>Fernando Roig, jedan od vlasnika ovog lanca prodavaonica i vlasnik firme plo\u010dica &#8220;Pamesa&#8221; prije 20-ak godina odlu\u010dio je investirati dio novca u lokalnu nogometnu ekipu koja je u to vrijeme igrala drugi rang natjecanja i u prosjeku je imala jedva 3.000 navija\u010da po utakmici.<\/p>\n\n\n\n<p>Godinu nakon toga su prvi put zaigrali u La Ligi, a u travnju 2006. godine su, ba\u0161 kao i danas, bili u polufinalu Lige prvaka i tada su nesretno ispali od Arsenala koji je kasnije izgubio od Barcelone. U me\u010du protiv Topnika su imali penal u posljednjoj minuti, ali Riquelme nije bio precizan, pa je Wengerov tim tada oti\u0161ao u finale koje se igralo u Parizu.<\/p>\n\n\n\n<p>Od po\u010detka ulaganja u klub, vlasnici su tra\u017eili da on vremenom postane samoodr\u017eiv i da posluje bez minusa, a nakon \u0161to su na po\u010detku popravili uvjete u omladinskoj \u0161koli i ra\u0161irili mre\u017eu skauta u Ju\u017enoj Americi, klub s periferije preko no\u0107i je postao respektabilan u europskim okvirima.<\/p>\n\n\n\n<p>Vremenom su uspjeli napraviti supermoderni trening centar Sports City s devet terena i svom prate\u0107om infrastrukturom, a kasnije su napravili i jo\u0161 jedan trening centar sa jo\u0161 12 terena kojima su se koristile i ostale ekipe iz regije.<\/p>\n\n\n\n<p>Tako je Vila-real, gradi\u0107 koji ima stanovnika kao polovica kapaciteta Barceloninog Nou Camp stadiona, pretvoren u pravo nogometno sjedi\u0161te.<\/p>\n\n\n\n<p>Danas njegovi igra\u010di pi\u0161u jo\u0161 jednu \u010darobnu nogometu pri\u010du, a nakon \u0161to su izbacili Bayern iz Lige prvaka, a i zbog \u010dinjenice da su pro\u0161le godine u finalu sru\u0161ili Manchester United i osvojili Evropsku ligu, jasno je da su sada spremni na jo\u0161 ve\u0107e uspjehe.<\/p>\n\n\n\n<p>Odigrati dvije utakmice protiv velikog Bayerna bez poraza i sa samo jednim primljenim golom najbolji je pokazatelj da ekipa Unaija Emeryja ima potrebni kvalitet i znanje  suprostaviti se najboljim timovima svijeta, a naredni izazov vjerovatno \u0107e im biti Liverpool i dvije utakmice s Kloppovom ma\u0161inerijom.<\/p>\n\n\n\n<p>izvor: klix.ba<\/p>\n","protected":false},"excerpt":{"rendered":"<p>\u0160panjolski Villarreal postao je apsolutna europska nogometa senzacija nakon \u0161to je izbacio Bayern u \u010detvrtfinalu Lige prvaka, a pri\u010da o ovom klubu iz grada u kojem \u017eivi ne\u0161to vi\u0161e od 50.000 stanovnika najbolji je pokazatelj koliko ovaj sport nekada mo\u017ee ispisati nevjerojatne pri\u010de. Ka\u017eu da s gotovo 1.000 kilometara duge autoceste koja povezuje sjevernu i [&hellip;]<\/p>\n","protected":false},"author":2,"featured_media":131876,"comment_status":"closed","ping_status":"closed","sticky":false,"template":"","format":"standard","meta":{"h5ap_radio_sources":[],"footnotes":""},"categories":[7],"tags":[],"class_list":["post-131866","post","type-post","status-publish","format-standard","has-post-thumbnail","hentry","category-sport"],"yoast_head":"<!-- This site is optimized with the Yoast SEO plugin v27.5 - https:\/\/yoast.com\/product\/yoast-seo-wordpress\/ -->\n<title>Pri\u010da o Villarrealu i kako je iz grada od 50.000 stanovnika nastao europski nogometni velikan - RADIO LJUBU\u0160KI<\/title>\n<meta name=\"robots\" content=\"index, follow, max-snippet:-1, max-image-preview:large, max-video-preview:-1\" \/>\n<link rel=\"canonical\" href=\"https:\/\/radioljubuski.ba\/index.php\/2022\/04\/13\/prica-o-villarrealu-i-kako-je-iz-grada-od-50-000-stanovnika-nastao-europski-nogometni-velikan\/\" \/>\n<meta property=\"og:locale\" content=\"hr_HR\" \/>\n<meta property=\"og:type\" content=\"article\" \/>\n<meta property=\"og:title\" content=\"Pri\u010da o Villarrealu i kako je iz grada od 50.000 stanovnika nastao europski nogometni velikan - RADIO LJUBU\u0160KI\" \/>\n<meta property=\"og:description\" content=\"\u0160panjolski Villarreal postao je apsolutna europska nogometa senzacija nakon \u0161to je izbacio Bayern u \u010detvrtfinalu Lige prvaka, a pri\u010da o ovom klubu iz grada u kojem \u017eivi ne\u0161to vi\u0161e od 50.000 stanovnika najbolji je pokazatelj koliko ovaj sport nekada mo\u017ee ispisati nevjerojatne pri\u010de. Ka\u017eu da s gotovo 1.000 kilometara duge autoceste koja povezuje sjevernu i [&hellip;]\" \/>\n<meta property=\"og:url\" content=\"https:\/\/radioljubuski.ba\/index.php\/2022\/04\/13\/prica-o-villarrealu-i-kako-je-iz-grada-od-50-000-stanovnika-nastao-europski-nogometni-velikan\/\" \/>\n<meta property=\"og:site_name\" content=\"RADIO LJUBU\u0160KI\" \/>\n<meta property=\"article:publisher\" content=\"https:\/\/www.facebook.com\/Radiio-Ljubuski-1490835324566332\" \/>\n<meta property=\"article:published_time\" content=\"2022-04-13T08:09:53+00:00\" \/>\n<meta property=\"article:modified_time\" content=\"2022-04-13T08:09:54+00:00\" \/>\n<meta property=\"og:image\" content=\"https:\/\/radioljubuski.ba\/wp-content\/uploads\/2022\/04\/el-madrigal.jpg\" \/>\n\t<meta property=\"og:image:width\" content=\"300\" \/>\n\t<meta property=\"og:image:height\" content=\"168\" \/>\n\t<meta property=\"og:image:type\" content=\"image\/jpeg\" \/>\n<meta name=\"author\" content=\"Radio Ljubu\u0161ki\" \/>\n<meta name=\"twitter:card\" content=\"summary_large_image\" \/>\n<meta name=\"twitter:creator\" content=\"@radioljubuski\" \/>\n<meta name=\"twitter:site\" content=\"@radioljubuski\" \/>\n<meta name=\"twitter:label1\" content=\"Napisao\/la\" \/>\n\t<meta name=\"twitter:data1\" content=\"Radio Ljubu\u0161ki\" \/>\n\t<meta name=\"twitter:label2\" content=\"Procijenjeno vrijeme \u010ditanja\" \/>\n\t<meta name=\"twitter:data2\" content=\"3 minute\" \/>\n<script type=\"application\/ld+json\" class=\"yoast-schema-graph\">{\"@context\":\"https:\\\/\\\/schema.org\",\"@graph\":[{\"@type\":\"Article\",\"@id\":\"https:\\\/\\\/radioljubuski.ba\\\/index.php\\\/2022\\\/04\\\/13\\\/prica-o-villarrealu-i-kako-je-iz-grada-od-50-000-stanovnika-nastao-europski-nogometni-velikan\\\/#article\",\"isPartOf\":{\"@id\":\"https:\\\/\\\/radioljubuski.ba\\\/index.php\\\/2022\\\/04\\\/13\\\/prica-o-villarrealu-i-kako-je-iz-grada-od-50-000-stanovnika-nastao-europski-nogometni-velikan\\\/\"},\"author\":{\"name\":\"Radio Ljubu\u0161ki\",\"@id\":\"https:\\\/\\\/radioljubuski.ba\\\/#\\\/schema\\\/person\\\/19fc700381a780f69665d7956c469e3b\"},\"headline\":\"Pri\u010da o Villarrealu i kako je iz grada od 50.000 stanovnika nastao europski nogometni velikan\",\"datePublished\":\"2022-04-13T08:09:53+00:00\",\"dateModified\":\"2022-04-13T08:09:54+00:00\",\"mainEntityOfPage\":{\"@id\":\"https:\\\/\\\/radioljubuski.ba\\\/index.php\\\/2022\\\/04\\\/13\\\/prica-o-villarrealu-i-kako-je-iz-grada-od-50-000-stanovnika-nastao-europski-nogometni-velikan\\\/\"},\"wordCount\":650,\"publisher\":{\"@id\":\"https:\\\/\\\/radioljubuski.ba\\\/#organization\"},\"image\":{\"@id\":\"https:\\\/\\\/radioljubuski.ba\\\/index.php\\\/2022\\\/04\\\/13\\\/prica-o-villarrealu-i-kako-je-iz-grada-od-50-000-stanovnika-nastao-europski-nogometni-velikan\\\/#primaryimage\"},\"thumbnailUrl\":\"https:\\\/\\\/radioljubuski.ba\\\/wp-content\\\/uploads\\\/2022\\\/04\\\/el-madrigal.jpg\",\"articleSection\":[\"\u0160port\"],\"inLanguage\":\"hr\"},{\"@type\":\"WebPage\",\"@id\":\"https:\\\/\\\/radioljubuski.ba\\\/index.php\\\/2022\\\/04\\\/13\\\/prica-o-villarrealu-i-kako-je-iz-grada-od-50-000-stanovnika-nastao-europski-nogometni-velikan\\\/\",\"url\":\"https:\\\/\\\/radioljubuski.ba\\\/index.php\\\/2022\\\/04\\\/13\\\/prica-o-villarrealu-i-kako-je-iz-grada-od-50-000-stanovnika-nastao-europski-nogometni-velikan\\\/\",\"name\":\"Pri\u010da o Villarrealu i kako je iz grada od 50.000 stanovnika nastao europski nogometni velikan - RADIO LJUBU\u0160KI\",\"isPartOf\":{\"@id\":\"https:\\\/\\\/radioljubuski.ba\\\/#website\"},\"primaryImageOfPage\":{\"@id\":\"https:\\\/\\\/radioljubuski.ba\\\/index.php\\\/2022\\\/04\\\/13\\\/prica-o-villarrealu-i-kako-je-iz-grada-od-50-000-stanovnika-nastao-europski-nogometni-velikan\\\/#primaryimage\"},\"image\":{\"@id\":\"https:\\\/\\\/radioljubuski.ba\\\/index.php\\\/2022\\\/04\\\/13\\\/prica-o-villarrealu-i-kako-je-iz-grada-od-50-000-stanovnika-nastao-europski-nogometni-velikan\\\/#primaryimage\"},\"thumbnailUrl\":\"https:\\\/\\\/radioljubuski.ba\\\/wp-content\\\/uploads\\\/2022\\\/04\\\/el-madrigal.jpg\",\"datePublished\":\"2022-04-13T08:09:53+00:00\",\"dateModified\":\"2022-04-13T08:09:54+00:00\",\"breadcrumb\":{\"@id\":\"https:\\\/\\\/radioljubuski.ba\\\/index.php\\\/2022\\\/04\\\/13\\\/prica-o-villarrealu-i-kako-je-iz-grada-od-50-000-stanovnika-nastao-europski-nogometni-velikan\\\/#breadcrumb\"},\"inLanguage\":\"hr\",\"potentialAction\":[{\"@type\":\"ReadAction\",\"target\":[\"https:\\\/\\\/radioljubuski.ba\\\/index.php\\\/2022\\\/04\\\/13\\\/prica-o-villarrealu-i-kako-je-iz-grada-od-50-000-stanovnika-nastao-europski-nogometni-velikan\\\/\"]}]},{\"@type\":\"ImageObject\",\"inLanguage\":\"hr\",\"@id\":\"https:\\\/\\\/radioljubuski.ba\\\/index.php\\\/2022\\\/04\\\/13\\\/prica-o-villarrealu-i-kako-je-iz-grada-od-50-000-stanovnika-nastao-europski-nogometni-velikan\\\/#primaryimage\",\"url\":\"https:\\\/\\\/radioljubuski.ba\\\/wp-content\\\/uploads\\\/2022\\\/04\\\/el-madrigal.jpg\",\"contentUrl\":\"https:\\\/\\\/radioljubuski.ba\\\/wp-content\\\/uploads\\\/2022\\\/04\\\/el-madrigal.jpg\",\"width\":300,\"height\":168},{\"@type\":\"BreadcrumbList\",\"@id\":\"https:\\\/\\\/radioljubuski.ba\\\/index.php\\\/2022\\\/04\\\/13\\\/prica-o-villarrealu-i-kako-je-iz-grada-od-50-000-stanovnika-nastao-europski-nogometni-velikan\\\/#breadcrumb\",\"itemListElement\":[{\"@type\":\"ListItem\",\"position\":1,\"name\":\"Po\u010detna stranica\",\"item\":\"https:\\\/\\\/radioljubuski.ba\\\/\"},{\"@type\":\"ListItem\",\"position\":2,\"name\":\"Pri\u010da o Villarrealu i kako je iz grada od 50.000 stanovnika nastao europski nogometni velikan\"}]},{\"@type\":\"WebSite\",\"@id\":\"https:\\\/\\\/radioljubuski.ba\\\/#website\",\"url\":\"https:\\\/\\\/radioljubuski.ba\\\/\",\"name\":\"Radio Ljubu\u0161ki\",\"description\":\"Sun\u010dana frekvencija Hercegovine\",\"publisher\":{\"@id\":\"https:\\\/\\\/radioljubuski.ba\\\/#organization\"},\"potentialAction\":[{\"@type\":\"SearchAction\",\"target\":{\"@type\":\"EntryPoint\",\"urlTemplate\":\"https:\\\/\\\/radioljubuski.ba\\\/?s={search_term_string}\"},\"query-input\":{\"@type\":\"PropertyValueSpecification\",\"valueRequired\":true,\"valueName\":\"search_term_string\"}}],\"inLanguage\":\"hr\"},{\"@type\":\"Organization\",\"@id\":\"https:\\\/\\\/radioljubuski.ba\\\/#organization\",\"name\":\"Radio Ljubu\u0161ki\",\"url\":\"https:\\\/\\\/radioljubuski.ba\\\/\",\"logo\":{\"@type\":\"ImageObject\",\"inLanguage\":\"hr\",\"@id\":\"https:\\\/\\\/radioljubuski.ba\\\/#\\\/schema\\\/logo\\\/image\\\/\",\"url\":\"https:\\\/\\\/radioljubuski.ba\\\/wp-content\\\/uploads\\\/2021\\\/02\\\/cropped-Radio_Ljubuski_logo1.jpg\",\"contentUrl\":\"https:\\\/\\\/radioljubuski.ba\\\/wp-content\\\/uploads\\\/2021\\\/02\\\/cropped-Radio_Ljubuski_logo1.jpg\",\"width\":512,\"height\":512,\"caption\":\"Radio Ljubu\u0161ki\"},\"image\":{\"@id\":\"https:\\\/\\\/radioljubuski.ba\\\/#\\\/schema\\\/logo\\\/image\\\/\"},\"sameAs\":[\"https:\\\/\\\/www.facebook.com\\\/Radiio-Ljubuski-1490835324566332\",\"https:\\\/\\\/x.com\\\/radioljubuski\",\"https:\\\/\\\/hr.linkedin.com\\\/company\\\/radio-ljubuski\",\"https:\\\/\\\/www.youtube.com\\\/channel\\\/UCHYaeO_n0Db3tjNGudGpXyw\"]},{\"@type\":\"Person\",\"@id\":\"https:\\\/\\\/radioljubuski.ba\\\/#\\\/schema\\\/person\\\/19fc700381a780f69665d7956c469e3b\",\"name\":\"Radio Ljubu\u0161ki\"}]}<\/script>\n<!-- \/ Yoast SEO plugin. -->","yoast_head_json":{"title":"Pri\u010da o Villarrealu i kako je iz grada od 50.000 stanovnika nastao europski nogometni velikan - RADIO LJUBU\u0160KI","robots":{"index":"index","follow":"follow","max-snippet":"max-snippet:-1","max-image-preview":"max-image-preview:large","max-video-preview":"max-video-preview:-1"},"canonical":"https:\/\/radioljubuski.ba\/index.php\/2022\/04\/13\/prica-o-villarrealu-i-kako-je-iz-grada-od-50-000-stanovnika-nastao-europski-nogometni-velikan\/","og_locale":"hr_HR","og_type":"article","og_title":"Pri\u010da o Villarrealu i kako je iz grada od 50.000 stanovnika nastao europski nogometni velikan - RADIO LJUBU\u0160KI","og_description":"\u0160panjolski Villarreal postao je apsolutna europska nogometa senzacija nakon \u0161to je izbacio Bayern u \u010detvrtfinalu Lige prvaka, a pri\u010da o ovom klubu iz grada u kojem \u017eivi ne\u0161to vi\u0161e od 50.000 stanovnika najbolji je pokazatelj koliko ovaj sport nekada mo\u017ee ispisati nevjerojatne pri\u010de. Ka\u017eu da s gotovo 1.000 kilometara duge autoceste koja povezuje sjevernu i [&hellip;]","og_url":"https:\/\/radioljubuski.ba\/index.php\/2022\/04\/13\/prica-o-villarrealu-i-kako-je-iz-grada-od-50-000-stanovnika-nastao-europski-nogometni-velikan\/","og_site_name":"RADIO LJUBU\u0160KI","article_publisher":"https:\/\/www.facebook.com\/Radiio-Ljubuski-1490835324566332","article_published_time":"2022-04-13T08:09:53+00:00","article_modified_time":"2022-04-13T08:09:54+00:00","og_image":[{"width":300,"height":168,"url":"https:\/\/radioljubuski.ba\/wp-content\/uploads\/2022\/04\/el-madrigal.jpg","type":"image\/jpeg"}],"author":"Radio Ljubu\u0161ki","twitter_card":"summary_large_image","twitter_creator":"@radioljubuski","twitter_site":"@radioljubuski","twitter_misc":{"Napisao\/la":"Radio Ljubu\u0161ki","Procijenjeno vrijeme \u010ditanja":"3 minute"},"schema":{"@context":"https:\/\/schema.org","@graph":[{"@type":"Article","@id":"https:\/\/radioljubuski.ba\/index.php\/2022\/04\/13\/prica-o-villarrealu-i-kako-je-iz-grada-od-50-000-stanovnika-nastao-europski-nogometni-velikan\/#article","isPartOf":{"@id":"https:\/\/radioljubuski.ba\/index.php\/2022\/04\/13\/prica-o-villarrealu-i-kako-je-iz-grada-od-50-000-stanovnika-nastao-europski-nogometni-velikan\/"},"author":{"name":"Radio Ljubu\u0161ki","@id":"https:\/\/radioljubuski.ba\/#\/schema\/person\/19fc700381a780f69665d7956c469e3b"},"headline":"Pri\u010da o Villarrealu i kako je iz grada od 50.000 stanovnika nastao europski nogometni velikan","datePublished":"2022-04-13T08:09:53+00:00","dateModified":"2022-04-13T08:09:54+00:00","mainEntityOfPage":{"@id":"https:\/\/radioljubuski.ba\/index.php\/2022\/04\/13\/prica-o-villarrealu-i-kako-je-iz-grada-od-50-000-stanovnika-nastao-europski-nogometni-velikan\/"},"wordCount":650,"publisher":{"@id":"https:\/\/radioljubuski.ba\/#organization"},"image":{"@id":"https:\/\/radioljubuski.ba\/index.php\/2022\/04\/13\/prica-o-villarrealu-i-kako-je-iz-grada-od-50-000-stanovnika-nastao-europski-nogometni-velikan\/#primaryimage"},"thumbnailUrl":"https:\/\/radioljubuski.ba\/wp-content\/uploads\/2022\/04\/el-madrigal.jpg","articleSection":["\u0160port"],"inLanguage":"hr"},{"@type":"WebPage","@id":"https:\/\/radioljubuski.ba\/index.php\/2022\/04\/13\/prica-o-villarrealu-i-kako-je-iz-grada-od-50-000-stanovnika-nastao-europski-nogometni-velikan\/","url":"https:\/\/radioljubuski.ba\/index.php\/2022\/04\/13\/prica-o-villarrealu-i-kako-je-iz-grada-od-50-000-stanovnika-nastao-europski-nogometni-velikan\/","name":"Pri\u010da o Villarrealu i kako je iz grada od 50.000 stanovnika nastao europski nogometni velikan - RADIO LJUBU\u0160KI","isPartOf":{"@id":"https:\/\/radioljubuski.ba\/#website"},"primaryImageOfPage":{"@id":"https:\/\/radioljubuski.ba\/index.php\/2022\/04\/13\/prica-o-villarrealu-i-kako-je-iz-grada-od-50-000-stanovnika-nastao-europski-nogometni-velikan\/#primaryimage"},"image":{"@id":"https:\/\/radioljubuski.ba\/index.php\/2022\/04\/13\/prica-o-villarrealu-i-kako-je-iz-grada-od-50-000-stanovnika-nastao-europski-nogometni-velikan\/#primaryimage"},"thumbnailUrl":"https:\/\/radioljubuski.ba\/wp-content\/uploads\/2022\/04\/el-madrigal.jpg","datePublished":"2022-04-13T08:09:53+00:00","dateModified":"2022-04-13T08:09:54+00:00","breadcrumb":{"@id":"https:\/\/radioljubuski.ba\/index.php\/2022\/04\/13\/prica-o-villarrealu-i-kako-je-iz-grada-od-50-000-stanovnika-nastao-europski-nogometni-velikan\/#breadcrumb"},"inLanguage":"hr","potentialAction":[{"@type":"ReadAction","target":["https:\/\/radioljubuski.ba\/index.php\/2022\/04\/13\/prica-o-villarrealu-i-kako-je-iz-grada-od-50-000-stanovnika-nastao-europski-nogometni-velikan\/"]}]},{"@type":"ImageObject","inLanguage":"hr","@id":"https:\/\/radioljubuski.ba\/index.php\/2022\/04\/13\/prica-o-villarrealu-i-kako-je-iz-grada-od-50-000-stanovnika-nastao-europski-nogometni-velikan\/#primaryimage","url":"https:\/\/radioljubuski.ba\/wp-content\/uploads\/2022\/04\/el-madrigal.jpg","contentUrl":"https:\/\/radioljubuski.ba\/wp-content\/uploads\/2022\/04\/el-madrigal.jpg","width":300,"height":168},{"@type":"BreadcrumbList","@id":"https:\/\/radioljubuski.ba\/index.php\/2022\/04\/13\/prica-o-villarrealu-i-kako-je-iz-grada-od-50-000-stanovnika-nastao-europski-nogometni-velikan\/#breadcrumb","itemListElement":[{"@type":"ListItem","position":1,"name":"Po\u010detna stranica","item":"https:\/\/radioljubuski.ba\/"},{"@type":"ListItem","position":2,"name":"Pri\u010da o Villarrealu i kako je iz grada od 50.000 stanovnika nastao europski nogometni velikan"}]},{"@type":"WebSite","@id":"https:\/\/radioljubuski.ba\/#website","url":"https:\/\/radioljubuski.ba\/","name":"Radio Ljubu\u0161ki","description":"Sun\u010dana frekvencija Hercegovine","publisher":{"@id":"https:\/\/radioljubuski.ba\/#organization"},"potentialAction":[{"@type":"SearchAction","target":{"@type":"EntryPoint","urlTemplate":"https:\/\/radioljubuski.ba\/?s={search_term_string}"},"query-input":{"@type":"PropertyValueSpecification","valueRequired":true,"valueName":"search_term_string"}}],"inLanguage":"hr"},{"@type":"Organization","@id":"https:\/\/radioljubuski.ba\/#organization","name":"Radio Ljubu\u0161ki","url":"https:\/\/radioljubuski.ba\/","logo":{"@type":"ImageObject","inLanguage":"hr","@id":"https:\/\/radioljubuski.ba\/#\/schema\/logo\/image\/","url":"https:\/\/radioljubuski.ba\/wp-content\/uploads\/2021\/02\/cropped-Radio_Ljubuski_logo1.jpg","contentUrl":"https:\/\/radioljubuski.ba\/wp-content\/uploads\/2021\/02\/cropped-Radio_Ljubuski_logo1.jpg","width":512,"height":512,"caption":"Radio Ljubu\u0161ki"},"image":{"@id":"https:\/\/radioljubuski.ba\/#\/schema\/logo\/image\/"},"sameAs":["https:\/\/www.facebook.com\/Radiio-Ljubuski-1490835324566332","https:\/\/x.com\/radioljubuski","https:\/\/hr.linkedin.com\/company\/radio-ljubuski","https:\/\/www.youtube.com\/channel\/UCHYaeO_n0Db3tjNGudGpXyw"]},{"@type":"Person","@id":"https:\/\/radioljubuski.ba\/#\/schema\/person\/19fc700381a780f69665d7956c469e3b","name":"Radio Ljubu\u0161ki"}]}},"_links":{"self":[{"href":"https:\/\/radioljubuski.ba\/index.php\/wp-json\/wp\/v2\/posts\/131866","targetHints":{"allow":["GET"]}}],"collection":[{"href":"https:\/\/radioljubuski.ba\/index.php\/wp-json\/wp\/v2\/posts"}],"about":[{"href":"https:\/\/radioljubuski.ba\/index.php\/wp-json\/wp\/v2\/types\/post"}],"author":[{"embeddable":true,"href":"https:\/\/radioljubuski.ba\/index.php\/wp-json\/wp\/v2\/users\/2"}],"replies":[{"embeddable":true,"href":"https:\/\/radioljubuski.ba\/index.php\/wp-json\/wp\/v2\/comments?post=131866"}],"version-history":[{"count":1,"href":"https:\/\/radioljubuski.ba\/index.php\/wp-json\/wp\/v2\/posts\/131866\/revisions"}],"predecessor-version":[{"id":131877,"href":"https:\/\/radioljubuski.ba\/index.php\/wp-json\/wp\/v2\/posts\/131866\/revisions\/131877"}],"wp:featuredmedia":[{"embeddable":true,"href":"https:\/\/radioljubuski.ba\/index.php\/wp-json\/wp\/v2\/media\/131876"}],"wp:attachment":[{"href":"https:\/\/radioljubuski.ba\/index.php\/wp-json\/wp\/v2\/media?parent=131866"}],"wp:term":[{"taxonomy":"category","embeddable":true,"href":"https:\/\/radioljubuski.ba\/index.php\/wp-json\/wp\/v2\/categories?post=131866"},{"taxonomy":"post_tag","embeddable":true,"href":"https:\/\/radioljubuski.ba\/index.php\/wp-json\/wp\/v2\/tags?post=131866"}],"curies":[{"name":"wp","href":"https:\/\/api.w.org\/{rel}","templated":true}]}}