{"id":131867,"date":"2022-04-13T09:03:02","date_gmt":"2022-04-13T08:03:02","guid":{"rendered":"https:\/\/radioljubuski.ba\/?p=131867"},"modified":"2022-04-13T09:03:03","modified_gmt":"2022-04-13T08:03:03","slug":"sve-manji-pritisak-ilegalnih-migranata-na-granicu-hrvatske-s-bih","status":"publish","type":"post","link":"https:\/\/radioljubuski.ba\/index.php\/2022\/04\/13\/sve-manji-pritisak-ilegalnih-migranata-na-granicu-hrvatske-s-bih\/","title":{"rendered":"Sve manji pritisak ilegalnih migranata na granicu Hrvatske s BiH"},"content":{"rendered":"\n<p>&nbsp;Broj ilegalnih migranata koji iz BiH preko Unsko-sanske \u017eupanije poku\u0161avaju u\u0107i u Hrvatsku stalno se smanjuje jer su se odlu\u010dili tragati za drugim na\u010dinima odlaska ka Europskoj uniji, procjena je vladinih tijela i lokalne policije.<\/p>\n\n\n\n<p>Prema podacima policije, u tom dijelu BiH trenutno boravi ne\u0161to vi\u0161e od 2800 ilegalnih migranata, uglavnom podrijetlom iz afri\u010dkih i azijskih dr\u017eava.&nbsp;<\/p>\n\n\n\n<p>Njih oko 850 smje\u0161teno je u tri prihvatna centra a jo\u0161 ne\u0161to vi\u0161e od 1800 boravi u improviziranom smje\u0161taju u Biha\u0107u, Cazinu, Velikoj Kladu\u0161i ili u &#8220;divljim&#8221; kampovima neposredno uz granicu s Hrvatskom.<\/p>\n\n\n\n<p>Glasnogovornik MUP-a Unsko-sanske \u017eupanije Adnan Beganovi\u0107 potvrdio je za banjolu\u010dke &#8220;Nezavisne novine&#8221; kako lokalna policija i dalje kontrolira prilaz tom dijelu BiH i poku\u0161ava odvratiti migrante od dolaska.<\/p>\n\n\n\n<p>Pojasnio je kako je tijekom 2021. godine na taj na\u010din sprije\u010den dolazak oko 17 tisu\u0107a migranata pa oni sada sve rje\u0111e poku\u0161avaju tim pravcem i\u0107i prema Hrvatskoj.<\/p>\n\n\n\n<p>&#8220;U ovome trenutku prvi put imamo situaciju da vi\u0161e migranata odlazi s podru\u010dja Unsko-sanske \u017eupanije nego \u0161to ih dolazi. Oni koji ne uspiju prije\u0107i preko hrvatske granice vra\u0107aju se u Sarajevo ili Srbiju pa poku\u0161avaju prona\u0107i neku drugu rutu za odlazak u zapadnoeuropske zemlje jer im ova na\u0161a jednostavno nije vi\u0161e isplativa&#8221;, kazao Beganovi\u0107.<\/p>\n\n\n\n<p>Izvor:pogled.ba<\/p>\n","protected":false},"excerpt":{"rendered":"<p>&nbsp;Broj ilegalnih migranata koji iz BiH preko Unsko-sanske \u017eupanije poku\u0161avaju u\u0107i u Hrvatsku stalno se smanjuje jer su se odlu\u010dili tragati za drugim na\u010dinima odlaska ka Europskoj uniji, procjena je vladinih tijela i lokalne policije. Prema podacima policije, u tom dijelu BiH trenutno boravi ne\u0161to vi\u0161e od 2800 ilegalnih migranata, uglavnom podrijetlom iz afri\u010dkih i [&hellip;]<\/p>\n","protected":false},"author":2,"featured_media":131868,"comment_status":"closed","ping_status":"closed","sticky":false,"template":"","format":"standard","meta":{"h5ap_radio_sources":[],"footnotes":""},"categories":[1],"tags":[],"class_list":["post-131867","post","type-post","status-publish","format-standard","has-post-thumbnail","hentry","category-bihiregija"],"yoast_head":"<!-- This site is optimized with the Yoast SEO plugin v27.5 - https:\/\/yoast.com\/product\/yoast-seo-wordpress\/ -->\n<title>Sve manji pritisak ilegalnih migranata na granicu Hrvatske s BiH - RADIO LJUBU\u0160KI<\/title>\n<meta name=\"robots\" content=\"index, follow, max-snippet:-1, max-image-preview:large, max-video-preview:-1\" \/>\n<link rel=\"canonical\" href=\"https:\/\/radioljubuski.ba\/index.php\/2022\/04\/13\/sve-manji-pritisak-ilegalnih-migranata-na-granicu-hrvatske-s-bih\/\" \/>\n<meta property=\"og:locale\" content=\"hr_HR\" \/>\n<meta property=\"og:type\" content=\"article\" \/>\n<meta property=\"og:title\" content=\"Sve manji pritisak ilegalnih migranata na granicu Hrvatske s BiH - RADIO LJUBU\u0160KI\" \/>\n<meta property=\"og:description\" content=\"&nbsp;Broj ilegalnih migranata koji iz BiH preko Unsko-sanske \u017eupanije poku\u0161avaju u\u0107i u Hrvatsku stalno se smanjuje jer su se odlu\u010dili tragati za drugim na\u010dinima odlaska ka Europskoj uniji, procjena je vladinih tijela i lokalne policije. Prema podacima policije, u tom dijelu BiH trenutno boravi ne\u0161to vi\u0161e od 2800 ilegalnih migranata, uglavnom podrijetlom iz afri\u010dkih i [&hellip;]\" \/>\n<meta property=\"og:url\" content=\"https:\/\/radioljubuski.ba\/index.php\/2022\/04\/13\/sve-manji-pritisak-ilegalnih-migranata-na-granicu-hrvatske-s-bih\/\" \/>\n<meta property=\"og:site_name\" content=\"RADIO LJUBU\u0160KI\" \/>\n<meta property=\"article:publisher\" content=\"https:\/\/www.facebook.com\/Radiio-Ljubuski-1490835324566332\" \/>\n<meta property=\"article:published_time\" content=\"2022-04-13T08:03:02+00:00\" \/>\n<meta property=\"article:modified_time\" content=\"2022-04-13T08:03:03+00:00\" \/>\n<meta property=\"og:image\" content=\"https:\/\/radioljubuski.ba\/wp-content\/uploads\/2022\/04\/2-2021-05-31-10-49-24-migranti.jpg\" \/>\n\t<meta property=\"og:image:width\" content=\"1000\" \/>\n\t<meta property=\"og:image:height\" content=\"625\" \/>\n\t<meta property=\"og:image:type\" content=\"image\/jpeg\" \/>\n<meta name=\"author\" content=\"Radio Ljubu\u0161ki\" \/>\n<meta name=\"twitter:card\" content=\"summary_large_image\" \/>\n<meta name=\"twitter:creator\" content=\"@radioljubuski\" \/>\n<meta name=\"twitter:site\" content=\"@radioljubuski\" \/>\n<meta name=\"twitter:label1\" content=\"Napisao\/la\" \/>\n\t<meta name=\"twitter:data1\" content=\"Radio Ljubu\u0161ki\" \/>\n\t<meta name=\"twitter:label2\" content=\"Procijenjeno vrijeme \u010ditanja\" \/>\n\t<meta name=\"twitter:data2\" content=\"1 minuta\" \/>\n<script type=\"application\/ld+json\" class=\"yoast-schema-graph\">{\"@context\":\"https:\\\/\\\/schema.org\",\"@graph\":[{\"@type\":\"Article\",\"@id\":\"https:\\\/\\\/radioljubuski.ba\\\/index.php\\\/2022\\\/04\\\/13\\\/sve-manji-pritisak-ilegalnih-migranata-na-granicu-hrvatske-s-bih\\\/#article\",\"isPartOf\":{\"@id\":\"https:\\\/\\\/radioljubuski.ba\\\/index.php\\\/2022\\\/04\\\/13\\\/sve-manji-pritisak-ilegalnih-migranata-na-granicu-hrvatske-s-bih\\\/\"},\"author\":{\"name\":\"Radio Ljubu\u0161ki\",\"@id\":\"https:\\\/\\\/radioljubuski.ba\\\/#\\\/schema\\\/person\\\/19fc700381a780f69665d7956c469e3b\"},\"headline\":\"Sve manji pritisak ilegalnih migranata na granicu Hrvatske s BiH\",\"datePublished\":\"2022-04-13T08:03:02+00:00\",\"dateModified\":\"2022-04-13T08:03:03+00:00\",\"mainEntityOfPage\":{\"@id\":\"https:\\\/\\\/radioljubuski.ba\\\/index.php\\\/2022\\\/04\\\/13\\\/sve-manji-pritisak-ilegalnih-migranata-na-granicu-hrvatske-s-bih\\\/\"},\"wordCount\":239,\"publisher\":{\"@id\":\"https:\\\/\\\/radioljubuski.ba\\\/#organization\"},\"image\":{\"@id\":\"https:\\\/\\\/radioljubuski.ba\\\/index.php\\\/2022\\\/04\\\/13\\\/sve-manji-pritisak-ilegalnih-migranata-na-granicu-hrvatske-s-bih\\\/#primaryimage\"},\"thumbnailUrl\":\"https:\\\/\\\/radioljubuski.ba\\\/wp-content\\\/uploads\\\/2022\\\/04\\\/2-2021-05-31-10-49-24-migranti.jpg\",\"articleSection\":[\"BIH i regija\"],\"inLanguage\":\"hr\"},{\"@type\":\"WebPage\",\"@id\":\"https:\\\/\\\/radioljubuski.ba\\\/index.php\\\/2022\\\/04\\\/13\\\/sve-manji-pritisak-ilegalnih-migranata-na-granicu-hrvatske-s-bih\\\/\",\"url\":\"https:\\\/\\\/radioljubuski.ba\\\/index.php\\\/2022\\\/04\\\/13\\\/sve-manji-pritisak-ilegalnih-migranata-na-granicu-hrvatske-s-bih\\\/\",\"name\":\"Sve manji pritisak ilegalnih migranata na granicu Hrvatske s BiH - RADIO LJUBU\u0160KI\",\"isPartOf\":{\"@id\":\"https:\\\/\\\/radioljubuski.ba\\\/#website\"},\"primaryImageOfPage\":{\"@id\":\"https:\\\/\\\/radioljubuski.ba\\\/index.php\\\/2022\\\/04\\\/13\\\/sve-manji-pritisak-ilegalnih-migranata-na-granicu-hrvatske-s-bih\\\/#primaryimage\"},\"image\":{\"@id\":\"https:\\\/\\\/radioljubuski.ba\\\/index.php\\\/2022\\\/04\\\/13\\\/sve-manji-pritisak-ilegalnih-migranata-na-granicu-hrvatske-s-bih\\\/#primaryimage\"},\"thumbnailUrl\":\"https:\\\/\\\/radioljubuski.ba\\\/wp-content\\\/uploads\\\/2022\\\/04\\\/2-2021-05-31-10-49-24-migranti.jpg\",\"datePublished\":\"2022-04-13T08:03:02+00:00\",\"dateModified\":\"2022-04-13T08:03:03+00:00\",\"breadcrumb\":{\"@id\":\"https:\\\/\\\/radioljubuski.ba\\\/index.php\\\/2022\\\/04\\\/13\\\/sve-manji-pritisak-ilegalnih-migranata-na-granicu-hrvatske-s-bih\\\/#breadcrumb\"},\"inLanguage\":\"hr\",\"potentialAction\":[{\"@type\":\"ReadAction\",\"target\":[\"https:\\\/\\\/radioljubuski.ba\\\/index.php\\\/2022\\\/04\\\/13\\\/sve-manji-pritisak-ilegalnih-migranata-na-granicu-hrvatske-s-bih\\\/\"]}]},{\"@type\":\"ImageObject\",\"inLanguage\":\"hr\",\"@id\":\"https:\\\/\\\/radioljubuski.ba\\\/index.php\\\/2022\\\/04\\\/13\\\/sve-manji-pritisak-ilegalnih-migranata-na-granicu-hrvatske-s-bih\\\/#primaryimage\",\"url\":\"https:\\\/\\\/radioljubuski.ba\\\/wp-content\\\/uploads\\\/2022\\\/04\\\/2-2021-05-31-10-49-24-migranti.jpg\",\"contentUrl\":\"https:\\\/\\\/radioljubuski.ba\\\/wp-content\\\/uploads\\\/2022\\\/04\\\/2-2021-05-31-10-49-24-migranti.jpg\",\"width\":1000,\"height\":625},{\"@type\":\"BreadcrumbList\",\"@id\":\"https:\\\/\\\/radioljubuski.ba\\\/index.php\\\/2022\\\/04\\\/13\\\/sve-manji-pritisak-ilegalnih-migranata-na-granicu-hrvatske-s-bih\\\/#breadcrumb\",\"itemListElement\":[{\"@type\":\"ListItem\",\"position\":1,\"name\":\"Po\u010detna stranica\",\"item\":\"https:\\\/\\\/radioljubuski.ba\\\/\"},{\"@type\":\"ListItem\",\"position\":2,\"name\":\"Sve manji pritisak ilegalnih migranata na granicu Hrvatske s BiH\"}]},{\"@type\":\"WebSite\",\"@id\":\"https:\\\/\\\/radioljubuski.ba\\\/#website\",\"url\":\"https:\\\/\\\/radioljubuski.ba\\\/\",\"name\":\"Radio Ljubu\u0161ki\",\"description\":\"Sun\u010dana frekvencija Hercegovine\",\"publisher\":{\"@id\":\"https:\\\/\\\/radioljubuski.ba\\\/#organization\"},\"potentialAction\":[{\"@type\":\"SearchAction\",\"target\":{\"@type\":\"EntryPoint\",\"urlTemplate\":\"https:\\\/\\\/radioljubuski.ba\\\/?s={search_term_string}\"},\"query-input\":{\"@type\":\"PropertyValueSpecification\",\"valueRequired\":true,\"valueName\":\"search_term_string\"}}],\"inLanguage\":\"hr\"},{\"@type\":\"Organization\",\"@id\":\"https:\\\/\\\/radioljubuski.ba\\\/#organization\",\"name\":\"Radio Ljubu\u0161ki\",\"url\":\"https:\\\/\\\/radioljubuski.ba\\\/\",\"logo\":{\"@type\":\"ImageObject\",\"inLanguage\":\"hr\",\"@id\":\"https:\\\/\\\/radioljubuski.ba\\\/#\\\/schema\\\/logo\\\/image\\\/\",\"url\":\"https:\\\/\\\/radioljubuski.ba\\\/wp-content\\\/uploads\\\/2021\\\/02\\\/cropped-Radio_Ljubuski_logo1.jpg\",\"contentUrl\":\"https:\\\/\\\/radioljubuski.ba\\\/wp-content\\\/uploads\\\/2021\\\/02\\\/cropped-Radio_Ljubuski_logo1.jpg\",\"width\":512,\"height\":512,\"caption\":\"Radio Ljubu\u0161ki\"},\"image\":{\"@id\":\"https:\\\/\\\/radioljubuski.ba\\\/#\\\/schema\\\/logo\\\/image\\\/\"},\"sameAs\":[\"https:\\\/\\\/www.facebook.com\\\/Radiio-Ljubuski-1490835324566332\",\"https:\\\/\\\/x.com\\\/radioljubuski\",\"https:\\\/\\\/hr.linkedin.com\\\/company\\\/radio-ljubuski\",\"https:\\\/\\\/www.youtube.com\\\/channel\\\/UCHYaeO_n0Db3tjNGudGpXyw\"]},{\"@type\":\"Person\",\"@id\":\"https:\\\/\\\/radioljubuski.ba\\\/#\\\/schema\\\/person\\\/19fc700381a780f69665d7956c469e3b\",\"name\":\"Radio Ljubu\u0161ki\"}]}<\/script>\n<!-- \/ Yoast SEO plugin. -->","yoast_head_json":{"title":"Sve manji pritisak ilegalnih migranata na granicu Hrvatske s BiH - RADIO LJUBU\u0160KI","robots":{"index":"index","follow":"follow","max-snippet":"max-snippet:-1","max-image-preview":"max-image-preview:large","max-video-preview":"max-video-preview:-1"},"canonical":"https:\/\/radioljubuski.ba\/index.php\/2022\/04\/13\/sve-manji-pritisak-ilegalnih-migranata-na-granicu-hrvatske-s-bih\/","og_locale":"hr_HR","og_type":"article","og_title":"Sve manji pritisak ilegalnih migranata na granicu Hrvatske s BiH - RADIO LJUBU\u0160KI","og_description":"&nbsp;Broj ilegalnih migranata koji iz BiH preko Unsko-sanske \u017eupanije poku\u0161avaju u\u0107i u Hrvatsku stalno se smanjuje jer su se odlu\u010dili tragati za drugim na\u010dinima odlaska ka Europskoj uniji, procjena je vladinih tijela i lokalne policije. Prema podacima policije, u tom dijelu BiH trenutno boravi ne\u0161to vi\u0161e od 2800 ilegalnih migranata, uglavnom podrijetlom iz afri\u010dkih i [&hellip;]","og_url":"https:\/\/radioljubuski.ba\/index.php\/2022\/04\/13\/sve-manji-pritisak-ilegalnih-migranata-na-granicu-hrvatske-s-bih\/","og_site_name":"RADIO LJUBU\u0160KI","article_publisher":"https:\/\/www.facebook.com\/Radiio-Ljubuski-1490835324566332","article_published_time":"2022-04-13T08:03:02+00:00","article_modified_time":"2022-04-13T08:03:03+00:00","og_image":[{"width":1000,"height":625,"url":"https:\/\/radioljubuski.ba\/wp-content\/uploads\/2022\/04\/2-2021-05-31-10-49-24-migranti.jpg","type":"image\/jpeg"}],"author":"Radio Ljubu\u0161ki","twitter_card":"summary_large_image","twitter_creator":"@radioljubuski","twitter_site":"@radioljubuski","twitter_misc":{"Napisao\/la":"Radio Ljubu\u0161ki","Procijenjeno vrijeme \u010ditanja":"1 minuta"},"schema":{"@context":"https:\/\/schema.org","@graph":[{"@type":"Article","@id":"https:\/\/radioljubuski.ba\/index.php\/2022\/04\/13\/sve-manji-pritisak-ilegalnih-migranata-na-granicu-hrvatske-s-bih\/#article","isPartOf":{"@id":"https:\/\/radioljubuski.ba\/index.php\/2022\/04\/13\/sve-manji-pritisak-ilegalnih-migranata-na-granicu-hrvatske-s-bih\/"},"author":{"name":"Radio Ljubu\u0161ki","@id":"https:\/\/radioljubuski.ba\/#\/schema\/person\/19fc700381a780f69665d7956c469e3b"},"headline":"Sve manji pritisak ilegalnih migranata na granicu Hrvatske s BiH","datePublished":"2022-04-13T08:03:02+00:00","dateModified":"2022-04-13T08:03:03+00:00","mainEntityOfPage":{"@id":"https:\/\/radioljubuski.ba\/index.php\/2022\/04\/13\/sve-manji-pritisak-ilegalnih-migranata-na-granicu-hrvatske-s-bih\/"},"wordCount":239,"publisher":{"@id":"https:\/\/radioljubuski.ba\/#organization"},"image":{"@id":"https:\/\/radioljubuski.ba\/index.php\/2022\/04\/13\/sve-manji-pritisak-ilegalnih-migranata-na-granicu-hrvatske-s-bih\/#primaryimage"},"thumbnailUrl":"https:\/\/radioljubuski.ba\/wp-content\/uploads\/2022\/04\/2-2021-05-31-10-49-24-migranti.jpg","articleSection":["BIH i regija"],"inLanguage":"hr"},{"@type":"WebPage","@id":"https:\/\/radioljubuski.ba\/index.php\/2022\/04\/13\/sve-manji-pritisak-ilegalnih-migranata-na-granicu-hrvatske-s-bih\/","url":"https:\/\/radioljubuski.ba\/index.php\/2022\/04\/13\/sve-manji-pritisak-ilegalnih-migranata-na-granicu-hrvatske-s-bih\/","name":"Sve manji pritisak ilegalnih migranata na granicu Hrvatske s BiH - RADIO LJUBU\u0160KI","isPartOf":{"@id":"https:\/\/radioljubuski.ba\/#website"},"primaryImageOfPage":{"@id":"https:\/\/radioljubuski.ba\/index.php\/2022\/04\/13\/sve-manji-pritisak-ilegalnih-migranata-na-granicu-hrvatske-s-bih\/#primaryimage"},"image":{"@id":"https:\/\/radioljubuski.ba\/index.php\/2022\/04\/13\/sve-manji-pritisak-ilegalnih-migranata-na-granicu-hrvatske-s-bih\/#primaryimage"},"thumbnailUrl":"https:\/\/radioljubuski.ba\/wp-content\/uploads\/2022\/04\/2-2021-05-31-10-49-24-migranti.jpg","datePublished":"2022-04-13T08:03:02+00:00","dateModified":"2022-04-13T08:03:03+00:00","breadcrumb":{"@id":"https:\/\/radioljubuski.ba\/index.php\/2022\/04\/13\/sve-manji-pritisak-ilegalnih-migranata-na-granicu-hrvatske-s-bih\/#breadcrumb"},"inLanguage":"hr","potentialAction":[{"@type":"ReadAction","target":["https:\/\/radioljubuski.ba\/index.php\/2022\/04\/13\/sve-manji-pritisak-ilegalnih-migranata-na-granicu-hrvatske-s-bih\/"]}]},{"@type":"ImageObject","inLanguage":"hr","@id":"https:\/\/radioljubuski.ba\/index.php\/2022\/04\/13\/sve-manji-pritisak-ilegalnih-migranata-na-granicu-hrvatske-s-bih\/#primaryimage","url":"https:\/\/radioljubuski.ba\/wp-content\/uploads\/2022\/04\/2-2021-05-31-10-49-24-migranti.jpg","contentUrl":"https:\/\/radioljubuski.ba\/wp-content\/uploads\/2022\/04\/2-2021-05-31-10-49-24-migranti.jpg","width":1000,"height":625},{"@type":"BreadcrumbList","@id":"https:\/\/radioljubuski.ba\/index.php\/2022\/04\/13\/sve-manji-pritisak-ilegalnih-migranata-na-granicu-hrvatske-s-bih\/#breadcrumb","itemListElement":[{"@type":"ListItem","position":1,"name":"Po\u010detna stranica","item":"https:\/\/radioljubuski.ba\/"},{"@type":"ListItem","position":2,"name":"Sve manji pritisak ilegalnih migranata na granicu Hrvatske s BiH"}]},{"@type":"WebSite","@id":"https:\/\/radioljubuski.ba\/#website","url":"https:\/\/radioljubuski.ba\/","name":"Radio Ljubu\u0161ki","description":"Sun\u010dana frekvencija Hercegovine","publisher":{"@id":"https:\/\/radioljubuski.ba\/#organization"},"potentialAction":[{"@type":"SearchAction","target":{"@type":"EntryPoint","urlTemplate":"https:\/\/radioljubuski.ba\/?s={search_term_string}"},"query-input":{"@type":"PropertyValueSpecification","valueRequired":true,"valueName":"search_term_string"}}],"inLanguage":"hr"},{"@type":"Organization","@id":"https:\/\/radioljubuski.ba\/#organization","name":"Radio Ljubu\u0161ki","url":"https:\/\/radioljubuski.ba\/","logo":{"@type":"ImageObject","inLanguage":"hr","@id":"https:\/\/radioljubuski.ba\/#\/schema\/logo\/image\/","url":"https:\/\/radioljubuski.ba\/wp-content\/uploads\/2021\/02\/cropped-Radio_Ljubuski_logo1.jpg","contentUrl":"https:\/\/radioljubuski.ba\/wp-content\/uploads\/2021\/02\/cropped-Radio_Ljubuski_logo1.jpg","width":512,"height":512,"caption":"Radio Ljubu\u0161ki"},"image":{"@id":"https:\/\/radioljubuski.ba\/#\/schema\/logo\/image\/"},"sameAs":["https:\/\/www.facebook.com\/Radiio-Ljubuski-1490835324566332","https:\/\/x.com\/radioljubuski","https:\/\/hr.linkedin.com\/company\/radio-ljubuski","https:\/\/www.youtube.com\/channel\/UCHYaeO_n0Db3tjNGudGpXyw"]},{"@type":"Person","@id":"https:\/\/radioljubuski.ba\/#\/schema\/person\/19fc700381a780f69665d7956c469e3b","name":"Radio Ljubu\u0161ki"}]}},"_links":{"self":[{"href":"https:\/\/radioljubuski.ba\/index.php\/wp-json\/wp\/v2\/posts\/131867","targetHints":{"allow":["GET"]}}],"collection":[{"href":"https:\/\/radioljubuski.ba\/index.php\/wp-json\/wp\/v2\/posts"}],"about":[{"href":"https:\/\/radioljubuski.ba\/index.php\/wp-json\/wp\/v2\/types\/post"}],"author":[{"embeddable":true,"href":"https:\/\/radioljubuski.ba\/index.php\/wp-json\/wp\/v2\/users\/2"}],"replies":[{"embeddable":true,"href":"https:\/\/radioljubuski.ba\/index.php\/wp-json\/wp\/v2\/comments?post=131867"}],"version-history":[{"count":1,"href":"https:\/\/radioljubuski.ba\/index.php\/wp-json\/wp\/v2\/posts\/131867\/revisions"}],"predecessor-version":[{"id":131869,"href":"https:\/\/radioljubuski.ba\/index.php\/wp-json\/wp\/v2\/posts\/131867\/revisions\/131869"}],"wp:featuredmedia":[{"embeddable":true,"href":"https:\/\/radioljubuski.ba\/index.php\/wp-json\/wp\/v2\/media\/131868"}],"wp:attachment":[{"href":"https:\/\/radioljubuski.ba\/index.php\/wp-json\/wp\/v2\/media?parent=131867"}],"wp:term":[{"taxonomy":"category","embeddable":true,"href":"https:\/\/radioljubuski.ba\/index.php\/wp-json\/wp\/v2\/categories?post=131867"},{"taxonomy":"post_tag","embeddable":true,"href":"https:\/\/radioljubuski.ba\/index.php\/wp-json\/wp\/v2\/tags?post=131867"}],"curies":[{"name":"wp","href":"https:\/\/api.w.org\/{rel}","templated":true}]}}