{"id":131873,"date":"2022-04-13T09:06:06","date_gmt":"2022-04-13T08:06:06","guid":{"rendered":"https:\/\/radioljubuski.ba\/?p=131873"},"modified":"2022-04-13T09:06:07","modified_gmt":"2022-04-13T08:06:07","slug":"stranci-u-hrvatskoj-na-radnu-dozvolu-cekaju-po-sest-tjedana","status":"publish","type":"post","link":"https:\/\/radioljubuski.ba\/index.php\/2022\/04\/13\/stranci-u-hrvatskoj-na-radnu-dozvolu-cekaju-po-sest-tjedana\/","title":{"rendered":"Stranci u Hrvatskoj: Na radnu dozvolu \u010dekaju po \u0161est tjedana"},"content":{"rendered":"\n<p>Iako je ve\u0107 sredina travnja, a Uskrs je pred vratima, Hrvatska nije napravila zna\u010dajniji pomak u ubrzanju procesa izdavanja radnih dozvola za strance, a aplikacija za online predaju zahtjeva za radnicima, \u010dini se, ne\u0107e napraviti ozbiljniju razliku, pi\u0161e u utorak Jutarnji list.<\/p>\n\n\n\n<p>Kao prvo, u promet je pu\u0161tena daleko prekasno jer su hotelijeri sezonu po\u010deli pripremati jo\u0161 po\u010detkom godine, a dodatno je iz nekog razloga odlu\u010deno da \u0107e online aplikacija slu\u017eiti samo za predaju zahtjeva za strane radnike koji \u0107e u Hrvatskoj raditi do maksimalno tri mjeseca dok za dulje od toga opet cijelu stvar treba obavljati &#8220;pje\u0161ke&#8221;.<\/p>\n\n\n\n<p>Kako je poja\u0161njeno u sklopu predstavljanja aplikacije, poslodavci preko nje zahtjeve mogu predavati od 7. travnja te bi postupak izdavanja dozvole trebao trajati maksimalno 15 dana, no tek ostaje za vidjeti kako \u0107e to doista funkcionirati u praksi.<\/p>\n\n\n\n<p>Najve\u0107im problemom, naime, dosad se pokazala nedovoljna ekipiranost djelatnika na razini policijskih uprava i postaja koji fizi\u010dki obra\u0111uju predane zahtjeve, a kojih je u pojedinim destinacijama toliko malo da se na odobravanje zahtjeva treba \u010dekati i do mjesec i pol dana.<\/p>\n\n\n\n<p>Iz MUP-a Jutarnjem listu ni nakon tri tjedna otkako smo im poslali upit nisu znali dati to\u010dan broj djelatnika koji rade na obradi zahtjeva za strane radnike, no ka\u017eu kako na razini cijele zemlje na upravnim poslovima sa strancima radi oko 350 slu\u017ebenika, uklju\u010div\u0161i i rukovode\u0107e osobe.<\/p>\n\n\n\n<p>Ipak, ispada da je broj tih osoba u morskim destinacijama problemati\u010dan. Naime, na upravnim poslovima vezanima uz strance na podru\u010dju Dubrova\u010dko-neretvanske \u017eupanije radi 17 djelatnika, na podru\u010dju Splitsko-dalmatinske njih 35, a za cijelu Istarsku \u017eupaniju, koja ima najve\u0107i broj hotelskog smje\u0161taja te najve\u0107u potrebu za stranim radnicima, na poslovima sa strancima &#8211; a koji uklju\u010duju i sve druge poslove pored izdavanja dozvola &#8211; radi sve skupa 27 slu\u017ebenika.<\/p>\n\n\n\n<p>Iz razgovora sa stru\u010dnjacima dnevnik doznaje kako je najve\u0107i problem s izdavanjem dozvola na podru\u010dju Rovinja, drugoj istarskoj destinaciji po pitanju smje\u0161tajnih kapaciteta, gdje ta procedura traje i do \u0161est tjedana po radniku, a u Pore\u010du ipak ide ne\u0161to br\u017ee, potrebno je desetak dana za izdavanje dozvole.<\/p>\n\n\n\n<p>Najve\u0107i dio njih vjerojatno otpada na gra\u0111evinske radnike i radnike u turizmu, a sektor procjenjuje da \u0107e ovih drugih za obavljanje sezone trebati oko 30 tisu\u0107a, pi\u0161e novinarka Jutarnjeg lista Dora Koreti\u0107.<\/p>\n\n\n\n<p>Izvor:pogled.ba<\/p>\n","protected":false},"excerpt":{"rendered":"<p>Iako je ve\u0107 sredina travnja, a Uskrs je pred vratima, Hrvatska nije napravila zna\u010dajniji pomak u ubrzanju procesa izdavanja radnih dozvola za strance, a aplikacija za online predaju zahtjeva za radnicima, \u010dini se, ne\u0107e napraviti ozbiljniju razliku, pi\u0161e u utorak Jutarnji list. Kao prvo, u promet je pu\u0161tena daleko prekasno jer su hotelijeri sezonu po\u010deli [&hellip;]<\/p>\n","protected":false},"author":2,"featured_media":131874,"comment_status":"closed","ping_status":"closed","sticky":false,"template":"","format":"standard","meta":{"h5ap_radio_sources":[],"footnotes":""},"categories":[1],"tags":[],"class_list":["post-131873","post","type-post","status-publish","format-standard","has-post-thumbnail","hentry","category-bihiregija"],"yoast_head":"<!-- This site is optimized with the Yoast SEO plugin v27.5 - https:\/\/yoast.com\/product\/yoast-seo-wordpress\/ -->\n<title>Stranci u Hrvatskoj: Na radnu dozvolu \u010dekaju po \u0161est tjedana - RADIO LJUBU\u0160KI<\/title>\n<meta name=\"robots\" content=\"index, follow, max-snippet:-1, max-image-preview:large, max-video-preview:-1\" \/>\n<link rel=\"canonical\" href=\"https:\/\/radioljubuski.ba\/index.php\/2022\/04\/13\/stranci-u-hrvatskoj-na-radnu-dozvolu-cekaju-po-sest-tjedana\/\" \/>\n<meta property=\"og:locale\" content=\"hr_HR\" \/>\n<meta property=\"og:type\" content=\"article\" \/>\n<meta property=\"og:title\" content=\"Stranci u Hrvatskoj: Na radnu dozvolu \u010dekaju po \u0161est tjedana - RADIO LJUBU\u0160KI\" \/>\n<meta property=\"og:description\" content=\"Iako je ve\u0107 sredina travnja, a Uskrs je pred vratima, Hrvatska nije napravila zna\u010dajniji pomak u ubrzanju procesa izdavanja radnih dozvola za strance, a aplikacija za online predaju zahtjeva za radnicima, \u010dini se, ne\u0107e napraviti ozbiljniju razliku, pi\u0161e u utorak Jutarnji list. Kao prvo, u promet je pu\u0161tena daleko prekasno jer su hotelijeri sezonu po\u010deli [&hellip;]\" \/>\n<meta property=\"og:url\" content=\"https:\/\/radioljubuski.ba\/index.php\/2022\/04\/13\/stranci-u-hrvatskoj-na-radnu-dozvolu-cekaju-po-sest-tjedana\/\" \/>\n<meta property=\"og:site_name\" content=\"RADIO LJUBU\u0160KI\" \/>\n<meta property=\"article:publisher\" content=\"https:\/\/www.facebook.com\/Radiio-Ljubuski-1490835324566332\" \/>\n<meta property=\"article:published_time\" content=\"2022-04-13T08:06:06+00:00\" \/>\n<meta property=\"article:modified_time\" content=\"2022-04-13T08:06:07+00:00\" \/>\n<meta property=\"og:image\" content=\"https:\/\/radioljubuski.ba\/wp-content\/uploads\/2022\/04\/qA9lcBHI_sezonac.jpg\" \/>\n\t<meta property=\"og:image:width\" content=\"1000\" \/>\n\t<meta property=\"og:image:height\" content=\"625\" \/>\n\t<meta property=\"og:image:type\" content=\"image\/jpeg\" \/>\n<meta name=\"author\" content=\"Radio Ljubu\u0161ki\" \/>\n<meta name=\"twitter:card\" content=\"summary_large_image\" \/>\n<meta name=\"twitter:creator\" content=\"@radioljubuski\" \/>\n<meta name=\"twitter:site\" content=\"@radioljubuski\" \/>\n<meta name=\"twitter:label1\" content=\"Napisao\/la\" \/>\n\t<meta name=\"twitter:data1\" content=\"Radio Ljubu\u0161ki\" \/>\n\t<meta name=\"twitter:label2\" content=\"Procijenjeno vrijeme \u010ditanja\" \/>\n\t<meta name=\"twitter:data2\" content=\"2 minute\" \/>\n<script type=\"application\/ld+json\" class=\"yoast-schema-graph\">{\"@context\":\"https:\\\/\\\/schema.org\",\"@graph\":[{\"@type\":\"Article\",\"@id\":\"https:\\\/\\\/radioljubuski.ba\\\/index.php\\\/2022\\\/04\\\/13\\\/stranci-u-hrvatskoj-na-radnu-dozvolu-cekaju-po-sest-tjedana\\\/#article\",\"isPartOf\":{\"@id\":\"https:\\\/\\\/radioljubuski.ba\\\/index.php\\\/2022\\\/04\\\/13\\\/stranci-u-hrvatskoj-na-radnu-dozvolu-cekaju-po-sest-tjedana\\\/\"},\"author\":{\"name\":\"Radio Ljubu\u0161ki\",\"@id\":\"https:\\\/\\\/radioljubuski.ba\\\/#\\\/schema\\\/person\\\/19fc700381a780f69665d7956c469e3b\"},\"headline\":\"Stranci u Hrvatskoj: Na radnu dozvolu \u010dekaju po \u0161est tjedana\",\"datePublished\":\"2022-04-13T08:06:06+00:00\",\"dateModified\":\"2022-04-13T08:06:07+00:00\",\"mainEntityOfPage\":{\"@id\":\"https:\\\/\\\/radioljubuski.ba\\\/index.php\\\/2022\\\/04\\\/13\\\/stranci-u-hrvatskoj-na-radnu-dozvolu-cekaju-po-sest-tjedana\\\/\"},\"wordCount\":416,\"publisher\":{\"@id\":\"https:\\\/\\\/radioljubuski.ba\\\/#organization\"},\"image\":{\"@id\":\"https:\\\/\\\/radioljubuski.ba\\\/index.php\\\/2022\\\/04\\\/13\\\/stranci-u-hrvatskoj-na-radnu-dozvolu-cekaju-po-sest-tjedana\\\/#primaryimage\"},\"thumbnailUrl\":\"https:\\\/\\\/radioljubuski.ba\\\/wp-content\\\/uploads\\\/2022\\\/04\\\/qA9lcBHI_sezonac.jpg\",\"articleSection\":[\"BIH i regija\"],\"inLanguage\":\"hr\"},{\"@type\":\"WebPage\",\"@id\":\"https:\\\/\\\/radioljubuski.ba\\\/index.php\\\/2022\\\/04\\\/13\\\/stranci-u-hrvatskoj-na-radnu-dozvolu-cekaju-po-sest-tjedana\\\/\",\"url\":\"https:\\\/\\\/radioljubuski.ba\\\/index.php\\\/2022\\\/04\\\/13\\\/stranci-u-hrvatskoj-na-radnu-dozvolu-cekaju-po-sest-tjedana\\\/\",\"name\":\"Stranci u Hrvatskoj: Na radnu dozvolu \u010dekaju po \u0161est tjedana - RADIO LJUBU\u0160KI\",\"isPartOf\":{\"@id\":\"https:\\\/\\\/radioljubuski.ba\\\/#website\"},\"primaryImageOfPage\":{\"@id\":\"https:\\\/\\\/radioljubuski.ba\\\/index.php\\\/2022\\\/04\\\/13\\\/stranci-u-hrvatskoj-na-radnu-dozvolu-cekaju-po-sest-tjedana\\\/#primaryimage\"},\"image\":{\"@id\":\"https:\\\/\\\/radioljubuski.ba\\\/index.php\\\/2022\\\/04\\\/13\\\/stranci-u-hrvatskoj-na-radnu-dozvolu-cekaju-po-sest-tjedana\\\/#primaryimage\"},\"thumbnailUrl\":\"https:\\\/\\\/radioljubuski.ba\\\/wp-content\\\/uploads\\\/2022\\\/04\\\/qA9lcBHI_sezonac.jpg\",\"datePublished\":\"2022-04-13T08:06:06+00:00\",\"dateModified\":\"2022-04-13T08:06:07+00:00\",\"breadcrumb\":{\"@id\":\"https:\\\/\\\/radioljubuski.ba\\\/index.php\\\/2022\\\/04\\\/13\\\/stranci-u-hrvatskoj-na-radnu-dozvolu-cekaju-po-sest-tjedana\\\/#breadcrumb\"},\"inLanguage\":\"hr\",\"potentialAction\":[{\"@type\":\"ReadAction\",\"target\":[\"https:\\\/\\\/radioljubuski.ba\\\/index.php\\\/2022\\\/04\\\/13\\\/stranci-u-hrvatskoj-na-radnu-dozvolu-cekaju-po-sest-tjedana\\\/\"]}]},{\"@type\":\"ImageObject\",\"inLanguage\":\"hr\",\"@id\":\"https:\\\/\\\/radioljubuski.ba\\\/index.php\\\/2022\\\/04\\\/13\\\/stranci-u-hrvatskoj-na-radnu-dozvolu-cekaju-po-sest-tjedana\\\/#primaryimage\",\"url\":\"https:\\\/\\\/radioljubuski.ba\\\/wp-content\\\/uploads\\\/2022\\\/04\\\/qA9lcBHI_sezonac.jpg\",\"contentUrl\":\"https:\\\/\\\/radioljubuski.ba\\\/wp-content\\\/uploads\\\/2022\\\/04\\\/qA9lcBHI_sezonac.jpg\",\"width\":1000,\"height\":625},{\"@type\":\"BreadcrumbList\",\"@id\":\"https:\\\/\\\/radioljubuski.ba\\\/index.php\\\/2022\\\/04\\\/13\\\/stranci-u-hrvatskoj-na-radnu-dozvolu-cekaju-po-sest-tjedana\\\/#breadcrumb\",\"itemListElement\":[{\"@type\":\"ListItem\",\"position\":1,\"name\":\"Po\u010detna stranica\",\"item\":\"https:\\\/\\\/radioljubuski.ba\\\/\"},{\"@type\":\"ListItem\",\"position\":2,\"name\":\"Stranci u Hrvatskoj: Na radnu dozvolu \u010dekaju po \u0161est tjedana\"}]},{\"@type\":\"WebSite\",\"@id\":\"https:\\\/\\\/radioljubuski.ba\\\/#website\",\"url\":\"https:\\\/\\\/radioljubuski.ba\\\/\",\"name\":\"Radio Ljubu\u0161ki\",\"description\":\"Sun\u010dana frekvencija Hercegovine\",\"publisher\":{\"@id\":\"https:\\\/\\\/radioljubuski.ba\\\/#organization\"},\"potentialAction\":[{\"@type\":\"SearchAction\",\"target\":{\"@type\":\"EntryPoint\",\"urlTemplate\":\"https:\\\/\\\/radioljubuski.ba\\\/?s={search_term_string}\"},\"query-input\":{\"@type\":\"PropertyValueSpecification\",\"valueRequired\":true,\"valueName\":\"search_term_string\"}}],\"inLanguage\":\"hr\"},{\"@type\":\"Organization\",\"@id\":\"https:\\\/\\\/radioljubuski.ba\\\/#organization\",\"name\":\"Radio Ljubu\u0161ki\",\"url\":\"https:\\\/\\\/radioljubuski.ba\\\/\",\"logo\":{\"@type\":\"ImageObject\",\"inLanguage\":\"hr\",\"@id\":\"https:\\\/\\\/radioljubuski.ba\\\/#\\\/schema\\\/logo\\\/image\\\/\",\"url\":\"https:\\\/\\\/radioljubuski.ba\\\/wp-content\\\/uploads\\\/2021\\\/02\\\/cropped-Radio_Ljubuski_logo1.jpg\",\"contentUrl\":\"https:\\\/\\\/radioljubuski.ba\\\/wp-content\\\/uploads\\\/2021\\\/02\\\/cropped-Radio_Ljubuski_logo1.jpg\",\"width\":512,\"height\":512,\"caption\":\"Radio Ljubu\u0161ki\"},\"image\":{\"@id\":\"https:\\\/\\\/radioljubuski.ba\\\/#\\\/schema\\\/logo\\\/image\\\/\"},\"sameAs\":[\"https:\\\/\\\/www.facebook.com\\\/Radiio-Ljubuski-1490835324566332\",\"https:\\\/\\\/x.com\\\/radioljubuski\",\"https:\\\/\\\/hr.linkedin.com\\\/company\\\/radio-ljubuski\",\"https:\\\/\\\/www.youtube.com\\\/channel\\\/UCHYaeO_n0Db3tjNGudGpXyw\"]},{\"@type\":\"Person\",\"@id\":\"https:\\\/\\\/radioljubuski.ba\\\/#\\\/schema\\\/person\\\/19fc700381a780f69665d7956c469e3b\",\"name\":\"Radio Ljubu\u0161ki\"}]}<\/script>\n<!-- \/ Yoast SEO plugin. -->","yoast_head_json":{"title":"Stranci u Hrvatskoj: Na radnu dozvolu \u010dekaju po \u0161est tjedana - RADIO LJUBU\u0160KI","robots":{"index":"index","follow":"follow","max-snippet":"max-snippet:-1","max-image-preview":"max-image-preview:large","max-video-preview":"max-video-preview:-1"},"canonical":"https:\/\/radioljubuski.ba\/index.php\/2022\/04\/13\/stranci-u-hrvatskoj-na-radnu-dozvolu-cekaju-po-sest-tjedana\/","og_locale":"hr_HR","og_type":"article","og_title":"Stranci u Hrvatskoj: Na radnu dozvolu \u010dekaju po \u0161est tjedana - RADIO LJUBU\u0160KI","og_description":"Iako je ve\u0107 sredina travnja, a Uskrs je pred vratima, Hrvatska nije napravila zna\u010dajniji pomak u ubrzanju procesa izdavanja radnih dozvola za strance, a aplikacija za online predaju zahtjeva za radnicima, \u010dini se, ne\u0107e napraviti ozbiljniju razliku, pi\u0161e u utorak Jutarnji list. Kao prvo, u promet je pu\u0161tena daleko prekasno jer su hotelijeri sezonu po\u010deli [&hellip;]","og_url":"https:\/\/radioljubuski.ba\/index.php\/2022\/04\/13\/stranci-u-hrvatskoj-na-radnu-dozvolu-cekaju-po-sest-tjedana\/","og_site_name":"RADIO LJUBU\u0160KI","article_publisher":"https:\/\/www.facebook.com\/Radiio-Ljubuski-1490835324566332","article_published_time":"2022-04-13T08:06:06+00:00","article_modified_time":"2022-04-13T08:06:07+00:00","og_image":[{"width":1000,"height":625,"url":"https:\/\/radioljubuski.ba\/wp-content\/uploads\/2022\/04\/qA9lcBHI_sezonac.jpg","type":"image\/jpeg"}],"author":"Radio Ljubu\u0161ki","twitter_card":"summary_large_image","twitter_creator":"@radioljubuski","twitter_site":"@radioljubuski","twitter_misc":{"Napisao\/la":"Radio Ljubu\u0161ki","Procijenjeno vrijeme \u010ditanja":"2 minute"},"schema":{"@context":"https:\/\/schema.org","@graph":[{"@type":"Article","@id":"https:\/\/radioljubuski.ba\/index.php\/2022\/04\/13\/stranci-u-hrvatskoj-na-radnu-dozvolu-cekaju-po-sest-tjedana\/#article","isPartOf":{"@id":"https:\/\/radioljubuski.ba\/index.php\/2022\/04\/13\/stranci-u-hrvatskoj-na-radnu-dozvolu-cekaju-po-sest-tjedana\/"},"author":{"name":"Radio Ljubu\u0161ki","@id":"https:\/\/radioljubuski.ba\/#\/schema\/person\/19fc700381a780f69665d7956c469e3b"},"headline":"Stranci u Hrvatskoj: Na radnu dozvolu \u010dekaju po \u0161est tjedana","datePublished":"2022-04-13T08:06:06+00:00","dateModified":"2022-04-13T08:06:07+00:00","mainEntityOfPage":{"@id":"https:\/\/radioljubuski.ba\/index.php\/2022\/04\/13\/stranci-u-hrvatskoj-na-radnu-dozvolu-cekaju-po-sest-tjedana\/"},"wordCount":416,"publisher":{"@id":"https:\/\/radioljubuski.ba\/#organization"},"image":{"@id":"https:\/\/radioljubuski.ba\/index.php\/2022\/04\/13\/stranci-u-hrvatskoj-na-radnu-dozvolu-cekaju-po-sest-tjedana\/#primaryimage"},"thumbnailUrl":"https:\/\/radioljubuski.ba\/wp-content\/uploads\/2022\/04\/qA9lcBHI_sezonac.jpg","articleSection":["BIH i regija"],"inLanguage":"hr"},{"@type":"WebPage","@id":"https:\/\/radioljubuski.ba\/index.php\/2022\/04\/13\/stranci-u-hrvatskoj-na-radnu-dozvolu-cekaju-po-sest-tjedana\/","url":"https:\/\/radioljubuski.ba\/index.php\/2022\/04\/13\/stranci-u-hrvatskoj-na-radnu-dozvolu-cekaju-po-sest-tjedana\/","name":"Stranci u Hrvatskoj: Na radnu dozvolu \u010dekaju po \u0161est tjedana - RADIO LJUBU\u0160KI","isPartOf":{"@id":"https:\/\/radioljubuski.ba\/#website"},"primaryImageOfPage":{"@id":"https:\/\/radioljubuski.ba\/index.php\/2022\/04\/13\/stranci-u-hrvatskoj-na-radnu-dozvolu-cekaju-po-sest-tjedana\/#primaryimage"},"image":{"@id":"https:\/\/radioljubuski.ba\/index.php\/2022\/04\/13\/stranci-u-hrvatskoj-na-radnu-dozvolu-cekaju-po-sest-tjedana\/#primaryimage"},"thumbnailUrl":"https:\/\/radioljubuski.ba\/wp-content\/uploads\/2022\/04\/qA9lcBHI_sezonac.jpg","datePublished":"2022-04-13T08:06:06+00:00","dateModified":"2022-04-13T08:06:07+00:00","breadcrumb":{"@id":"https:\/\/radioljubuski.ba\/index.php\/2022\/04\/13\/stranci-u-hrvatskoj-na-radnu-dozvolu-cekaju-po-sest-tjedana\/#breadcrumb"},"inLanguage":"hr","potentialAction":[{"@type":"ReadAction","target":["https:\/\/radioljubuski.ba\/index.php\/2022\/04\/13\/stranci-u-hrvatskoj-na-radnu-dozvolu-cekaju-po-sest-tjedana\/"]}]},{"@type":"ImageObject","inLanguage":"hr","@id":"https:\/\/radioljubuski.ba\/index.php\/2022\/04\/13\/stranci-u-hrvatskoj-na-radnu-dozvolu-cekaju-po-sest-tjedana\/#primaryimage","url":"https:\/\/radioljubuski.ba\/wp-content\/uploads\/2022\/04\/qA9lcBHI_sezonac.jpg","contentUrl":"https:\/\/radioljubuski.ba\/wp-content\/uploads\/2022\/04\/qA9lcBHI_sezonac.jpg","width":1000,"height":625},{"@type":"BreadcrumbList","@id":"https:\/\/radioljubuski.ba\/index.php\/2022\/04\/13\/stranci-u-hrvatskoj-na-radnu-dozvolu-cekaju-po-sest-tjedana\/#breadcrumb","itemListElement":[{"@type":"ListItem","position":1,"name":"Po\u010detna stranica","item":"https:\/\/radioljubuski.ba\/"},{"@type":"ListItem","position":2,"name":"Stranci u Hrvatskoj: Na radnu dozvolu \u010dekaju po \u0161est tjedana"}]},{"@type":"WebSite","@id":"https:\/\/radioljubuski.ba\/#website","url":"https:\/\/radioljubuski.ba\/","name":"Radio Ljubu\u0161ki","description":"Sun\u010dana frekvencija Hercegovine","publisher":{"@id":"https:\/\/radioljubuski.ba\/#organization"},"potentialAction":[{"@type":"SearchAction","target":{"@type":"EntryPoint","urlTemplate":"https:\/\/radioljubuski.ba\/?s={search_term_string}"},"query-input":{"@type":"PropertyValueSpecification","valueRequired":true,"valueName":"search_term_string"}}],"inLanguage":"hr"},{"@type":"Organization","@id":"https:\/\/radioljubuski.ba\/#organization","name":"Radio Ljubu\u0161ki","url":"https:\/\/radioljubuski.ba\/","logo":{"@type":"ImageObject","inLanguage":"hr","@id":"https:\/\/radioljubuski.ba\/#\/schema\/logo\/image\/","url":"https:\/\/radioljubuski.ba\/wp-content\/uploads\/2021\/02\/cropped-Radio_Ljubuski_logo1.jpg","contentUrl":"https:\/\/radioljubuski.ba\/wp-content\/uploads\/2021\/02\/cropped-Radio_Ljubuski_logo1.jpg","width":512,"height":512,"caption":"Radio Ljubu\u0161ki"},"image":{"@id":"https:\/\/radioljubuski.ba\/#\/schema\/logo\/image\/"},"sameAs":["https:\/\/www.facebook.com\/Radiio-Ljubuski-1490835324566332","https:\/\/x.com\/radioljubuski","https:\/\/hr.linkedin.com\/company\/radio-ljubuski","https:\/\/www.youtube.com\/channel\/UCHYaeO_n0Db3tjNGudGpXyw"]},{"@type":"Person","@id":"https:\/\/radioljubuski.ba\/#\/schema\/person\/19fc700381a780f69665d7956c469e3b","name":"Radio Ljubu\u0161ki"}]}},"_links":{"self":[{"href":"https:\/\/radioljubuski.ba\/index.php\/wp-json\/wp\/v2\/posts\/131873","targetHints":{"allow":["GET"]}}],"collection":[{"href":"https:\/\/radioljubuski.ba\/index.php\/wp-json\/wp\/v2\/posts"}],"about":[{"href":"https:\/\/radioljubuski.ba\/index.php\/wp-json\/wp\/v2\/types\/post"}],"author":[{"embeddable":true,"href":"https:\/\/radioljubuski.ba\/index.php\/wp-json\/wp\/v2\/users\/2"}],"replies":[{"embeddable":true,"href":"https:\/\/radioljubuski.ba\/index.php\/wp-json\/wp\/v2\/comments?post=131873"}],"version-history":[{"count":1,"href":"https:\/\/radioljubuski.ba\/index.php\/wp-json\/wp\/v2\/posts\/131873\/revisions"}],"predecessor-version":[{"id":131875,"href":"https:\/\/radioljubuski.ba\/index.php\/wp-json\/wp\/v2\/posts\/131873\/revisions\/131875"}],"wp:featuredmedia":[{"embeddable":true,"href":"https:\/\/radioljubuski.ba\/index.php\/wp-json\/wp\/v2\/media\/131874"}],"wp:attachment":[{"href":"https:\/\/radioljubuski.ba\/index.php\/wp-json\/wp\/v2\/media?parent=131873"}],"wp:term":[{"taxonomy":"category","embeddable":true,"href":"https:\/\/radioljubuski.ba\/index.php\/wp-json\/wp\/v2\/categories?post=131873"},{"taxonomy":"post_tag","embeddable":true,"href":"https:\/\/radioljubuski.ba\/index.php\/wp-json\/wp\/v2\/tags?post=131873"}],"curies":[{"name":"wp","href":"https:\/\/api.w.org\/{rel}","templated":true}]}}