{"id":131889,"date":"2022-04-13T11:12:31","date_gmt":"2022-04-13T10:12:31","guid":{"rendered":"https:\/\/radioljubuski.ba\/?p=131889"},"modified":"2022-04-13T11:12:32","modified_gmt":"2022-04-13T10:12:32","slug":"hrvatska-ukida-karantenu-nema-vise-samoizolacije-zbog-kontakta-sa-zarazenom-osobom","status":"publish","type":"post","link":"https:\/\/radioljubuski.ba\/index.php\/2022\/04\/13\/hrvatska-ukida-karantenu-nema-vise-samoizolacije-zbog-kontakta-sa-zarazenom-osobom\/","title":{"rendered":"Hrvatska ukida karantenu: Nema vi\u0161e samoizolacije zbog kontakta sa zara\u017eenom osobom"},"content":{"rendered":"\n<p>Hrvatski zavod za javno zdravstvo objavio je danas odluku o ukidanju karantene za osobe koje su bile u kontaktu s osobom zara\u017eenom koronavirusom.<\/p>\n\n\n\n<p><br>\u201cHrvatski zavod za javno zdravstvo nastavlja s praksom najve\u0107e razine dobrobiti uz najmanji rizik za na\u0161e gra\u0111ane te uvodi:<\/p>\n\n\n\n<p>1. Drugo docjepljivanje (tzv. \u010detvrta doza) za osobe starije od 80 godina i osobe starije od 65 godina koje su korisnici kolektivnog smje\u0161taja (dom za starije i nemo\u0107ne osobe).<\/p>\n\n\n\n<p>Tzv. \u010detvrtu dozu potrebno je primiti najmanje \u010detiri mjeseca nakon primitka prve docjepne doze. U tu svrhu koristi se mRNA cjepivo (Pfizer ili Moderna). Tako\u0111er, drugo docjepljivanje se preporu\u010duje osobama koje imaju pove\u0107ani rizik za razvoj te\u0161kih oblika bolesti COVID-19, a koje su primarno cijepljene Janssen cjepivom i docijepile se Janssen cjepivom.<\/p>\n\n\n\n<p>2. Ukidanje karantene za sve gra\u0111ane<br>Vi\u0161e nema karantene nakon kontakta s pozitivnom osobom. Osobe koje su trenutno podvrgnute karanteni mogu u dogovoru s lije\u010dnikom prekinuti karantenu.<\/p>\n\n\n\n<p>Neovisno o cijepnom statusu i preboljenju, osobe ne ostaju u karanteni ve\u0107 se pridr\u017eava sljede\u0107ih uputa:<\/p>\n\n\n\n<p>\u2013 nose masku 10 dana od zadnjeg kontakta i samotestiraju se 5. dan, te izbjegavaju ve\u0107a okupljanja i kontakt s osobama s pove\u0107anim rizikom za razvoj te\u017eih oblika bolesti COVID-19.<\/p>\n\n\n\n<p>\u2013 zdravstveni djelatnici i djelatnici u domovima za starije i nemo\u0107ne nose FFP2 masku 10 dana od zadnjeg kontakta i samotestiraju se svaka tri dana.<\/p>\n\n\n\n<p>Iako izricanje mjere zdravstvenog nadzora i provo\u0111enje karantene nije obvezuju\u0107e, postoje situacije u kojima bliskim kontaktima koji to \u017eele lije\u010dnik mo\u017ee i nadalje izre\u0107i mjeru zdravstvenog nadzora u karanteni\/samoizolaciji u trajanju do 7 dana od posljednjeg kontakta s pozitivnom osobom. U dogovor s lije\u010dnikom, izricanje samoizolacije mo\u017ee biti opravdano osobama s pove\u0107anim rizikom za te\u017ee oblike bolesti COVID-19, kada se izricanjem samoizolacije omogu\u0107uje da ne borave u blizini pozitivnih uku\u0107ana ili u kolektivu u kojem se pojavilo grupiranje pozitivnih slu\u010dajeva.<\/p>\n\n\n\n<p>\u201cS prosje\u010dno 221 novooboljelom osobom na milijun stanovnika spustili smo se na brojke koje smo imali sredinom sije\u010dnja i svibnja 2021. na kraju drugog i tre\u0107eg vala kao i po\u010detkom rujna 2021., kada je \u010detvrti val bio tek u za\u010detku. Jo\u0161 va\u017enije, hospitalizacije rapidno opadaju te je hospitalizirano ne\u0161to vi\u0161e od 500 gra\u0111ana, dok je broj preminulih sa ili od COVID-19 unazad vi\u0161e dana ni\u017ei od 10 dnevno. Svi ovi stabilni epidemiolo\u0161ki pokazatelji daju nam snage da s jedne strane olak\u0161amo mjere za sve na\u0161a gra\u0111ane, a s druge strane ponudimo dodatan oprez i sigurnost na\u0161im starijim, najuga\u017eenijim gra\u0111anima\u201d, istaknuo je ravnatelj HZJZ-a izv.prof.dr.sc. Krunoslav Capak.<\/p>\n\n\n\n<p>\u201cNajprije smo 12. velja\u010de uvo\u0111enjem redovitog samotestiranja u \u0161kole ukinuli samoizolaciju za u\u010denike. Redovito poha\u0111anje nastave u u\u010dionicama va\u017eno je ne samo za obrazovanje nego i za o\u010duvanje mentalnog zdravlja djece. Zatim smo 17. o\u017eujka ukinuli samoizolaciju za djecu pred\u0161kolske dobi kao one kojima boravak kod ku\u0107e i distanciranje od drugih najte\u017ee pada. Danas ukidamo karantenu za sve na\u0161e gra\u0111ana. Tko od gra\u0111ana misli da mu je karantena potrebna radi sigurnosti i za\u0161tite zdravlja mo\u017ee se i nadalje javiti svom lije\u010dniku. No vjerujemo da \u0107e velika ve\u0107ina gra\u0111ana objeru\u010dke prihvatiti ovu novost. No\u0161enje maske kroz 10 dana i samotestiranje petog dana dovoljno je da se osigura prihvatljiva razina sigurnosti nakon kontakta s pozitivnom osobom bez karantene, s obzirom na aktualnu epidemiolo\u0161ku situaciju i zna\u010dajke Omicron varijante\u201d, rekao je.<\/p>\n\n\n\n<p>\u201cNo nismo zaboravili na na\u0161e najugro\u017eenije gra\u0111ana. Zbog posebne brige za na\u0161e najosjetljivije gra\u0111ane u dobi 80 i vi\u0161e godine, kao i gra\u0111ane smje\u0161tene u Domovima za starije i nemo\u0107ne, radi njihove dodatne za\u0161tite posebno sada u vrijeme popu\u0161tanja mjera, od danas ih pozivamo na \u010detvrtu dozu. ECDC i EMA izdale su zajedni\u010dku preporuku o \u010detvrtoj dozi za starije od 80 godina nakon pregleda podataka o ve\u0107em riziku od te\u0161ke bolesti COVID-19 u ovoj dobnoj skupini i za\u0161titi koju pru\u017ea \u010detvrta doza te slabljenju imuniteta nakon tre\u0107e doze\u201d, rekao je Capak, stoji u priop\u0107enju HZJZ-a.<\/p>\n\n\n\n<p><strong>Izvor: Pogled.ba<\/strong><\/p>\n","protected":false},"excerpt":{"rendered":"<p>Hrvatski zavod za javno zdravstvo objavio je danas odluku o ukidanju karantene za osobe koje su bile u kontaktu s osobom zara\u017eenom koronavirusom. \u201cHrvatski zavod za javno zdravstvo nastavlja s praksom najve\u0107e razine dobrobiti uz najmanji rizik za na\u0161e gra\u0111ane te uvodi: 1. Drugo docjepljivanje (tzv. \u010detvrta doza) za osobe starije od 80 godina i [&hellip;]<\/p>\n","protected":false},"author":2,"featured_media":67558,"comment_status":"closed","ping_status":"closed","sticky":false,"template":"","format":"standard","meta":{"h5ap_radio_sources":[],"footnotes":""},"categories":[1],"tags":[],"class_list":["post-131889","post","type-post","status-publish","format-standard","has-post-thumbnail","hentry","category-bihiregija"],"yoast_head":"<!-- This site is optimized with the Yoast SEO plugin v27.5 - https:\/\/yoast.com\/product\/yoast-seo-wordpress\/ -->\n<title>Hrvatska ukida karantenu: Nema vi\u0161e samoizolacije zbog kontakta sa zara\u017eenom osobom - RADIO LJUBU\u0160KI<\/title>\n<meta name=\"robots\" content=\"index, follow, max-snippet:-1, max-image-preview:large, max-video-preview:-1\" \/>\n<link rel=\"canonical\" href=\"https:\/\/radioljubuski.ba\/index.php\/2022\/04\/13\/hrvatska-ukida-karantenu-nema-vise-samoizolacije-zbog-kontakta-sa-zarazenom-osobom\/\" \/>\n<meta property=\"og:locale\" content=\"hr_HR\" \/>\n<meta property=\"og:type\" content=\"article\" \/>\n<meta property=\"og:title\" content=\"Hrvatska ukida karantenu: Nema vi\u0161e samoizolacije zbog kontakta sa zara\u017eenom osobom - RADIO LJUBU\u0160KI\" \/>\n<meta property=\"og:description\" content=\"Hrvatski zavod za javno zdravstvo objavio je danas odluku o ukidanju karantene za osobe koje su bile u kontaktu s osobom zara\u017eenom koronavirusom. \u201cHrvatski zavod za javno zdravstvo nastavlja s praksom najve\u0107e razine dobrobiti uz najmanji rizik za na\u0161e gra\u0111ane te uvodi: 1. Drugo docjepljivanje (tzv. \u010detvrta doza) za osobe starije od 80 godina i [&hellip;]\" \/>\n<meta property=\"og:url\" content=\"https:\/\/radioljubuski.ba\/index.php\/2022\/04\/13\/hrvatska-ukida-karantenu-nema-vise-samoizolacije-zbog-kontakta-sa-zarazenom-osobom\/\" \/>\n<meta property=\"og:site_name\" content=\"RADIO LJUBU\u0160KI\" \/>\n<meta property=\"article:publisher\" content=\"https:\/\/www.facebook.com\/Radiio-Ljubuski-1490835324566332\" \/>\n<meta property=\"article:published_time\" content=\"2022-04-13T10:12:31+00:00\" \/>\n<meta property=\"article:modified_time\" content=\"2022-04-13T10:12:32+00:00\" \/>\n<meta property=\"og:image\" content=\"https:\/\/radioljubuski.ba\/wp-content\/uploads\/2021\/09\/rPQSDz6L_maska.jpg\" \/>\n\t<meta property=\"og:image:width\" content=\"1000\" \/>\n\t<meta property=\"og:image:height\" content=\"625\" \/>\n\t<meta property=\"og:image:type\" content=\"image\/jpeg\" \/>\n<meta name=\"author\" content=\"Radio Ljubu\u0161ki\" \/>\n<meta name=\"twitter:card\" content=\"summary_large_image\" \/>\n<meta name=\"twitter:creator\" content=\"@radioljubuski\" \/>\n<meta name=\"twitter:site\" content=\"@radioljubuski\" \/>\n<meta name=\"twitter:label1\" content=\"Napisao\/la\" \/>\n\t<meta name=\"twitter:data1\" content=\"Radio Ljubu\u0161ki\" \/>\n\t<meta name=\"twitter:label2\" content=\"Procijenjeno vrijeme \u010ditanja\" \/>\n\t<meta name=\"twitter:data2\" content=\"3 minute\" \/>\n<script type=\"application\/ld+json\" class=\"yoast-schema-graph\">{\"@context\":\"https:\\\/\\\/schema.org\",\"@graph\":[{\"@type\":\"Article\",\"@id\":\"https:\\\/\\\/radioljubuski.ba\\\/index.php\\\/2022\\\/04\\\/13\\\/hrvatska-ukida-karantenu-nema-vise-samoizolacije-zbog-kontakta-sa-zarazenom-osobom\\\/#article\",\"isPartOf\":{\"@id\":\"https:\\\/\\\/radioljubuski.ba\\\/index.php\\\/2022\\\/04\\\/13\\\/hrvatska-ukida-karantenu-nema-vise-samoizolacije-zbog-kontakta-sa-zarazenom-osobom\\\/\"},\"author\":{\"name\":\"Radio Ljubu\u0161ki\",\"@id\":\"https:\\\/\\\/radioljubuski.ba\\\/#\\\/schema\\\/person\\\/19fc700381a780f69665d7956c469e3b\"},\"headline\":\"Hrvatska ukida karantenu: Nema vi\u0161e samoizolacije zbog kontakta sa zara\u017eenom osobom\",\"datePublished\":\"2022-04-13T10:12:31+00:00\",\"dateModified\":\"2022-04-13T10:12:32+00:00\",\"mainEntityOfPage\":{\"@id\":\"https:\\\/\\\/radioljubuski.ba\\\/index.php\\\/2022\\\/04\\\/13\\\/hrvatska-ukida-karantenu-nema-vise-samoizolacije-zbog-kontakta-sa-zarazenom-osobom\\\/\"},\"wordCount\":719,\"publisher\":{\"@id\":\"https:\\\/\\\/radioljubuski.ba\\\/#organization\"},\"image\":{\"@id\":\"https:\\\/\\\/radioljubuski.ba\\\/index.php\\\/2022\\\/04\\\/13\\\/hrvatska-ukida-karantenu-nema-vise-samoizolacije-zbog-kontakta-sa-zarazenom-osobom\\\/#primaryimage\"},\"thumbnailUrl\":\"https:\\\/\\\/radioljubuski.ba\\\/wp-content\\\/uploads\\\/2021\\\/09\\\/rPQSDz6L_maska.jpg\",\"articleSection\":[\"BIH i regija\"],\"inLanguage\":\"hr\"},{\"@type\":\"WebPage\",\"@id\":\"https:\\\/\\\/radioljubuski.ba\\\/index.php\\\/2022\\\/04\\\/13\\\/hrvatska-ukida-karantenu-nema-vise-samoizolacije-zbog-kontakta-sa-zarazenom-osobom\\\/\",\"url\":\"https:\\\/\\\/radioljubuski.ba\\\/index.php\\\/2022\\\/04\\\/13\\\/hrvatska-ukida-karantenu-nema-vise-samoizolacije-zbog-kontakta-sa-zarazenom-osobom\\\/\",\"name\":\"Hrvatska ukida karantenu: Nema vi\u0161e samoizolacije zbog kontakta sa zara\u017eenom osobom - RADIO LJUBU\u0160KI\",\"isPartOf\":{\"@id\":\"https:\\\/\\\/radioljubuski.ba\\\/#website\"},\"primaryImageOfPage\":{\"@id\":\"https:\\\/\\\/radioljubuski.ba\\\/index.php\\\/2022\\\/04\\\/13\\\/hrvatska-ukida-karantenu-nema-vise-samoizolacije-zbog-kontakta-sa-zarazenom-osobom\\\/#primaryimage\"},\"image\":{\"@id\":\"https:\\\/\\\/radioljubuski.ba\\\/index.php\\\/2022\\\/04\\\/13\\\/hrvatska-ukida-karantenu-nema-vise-samoizolacije-zbog-kontakta-sa-zarazenom-osobom\\\/#primaryimage\"},\"thumbnailUrl\":\"https:\\\/\\\/radioljubuski.ba\\\/wp-content\\\/uploads\\\/2021\\\/09\\\/rPQSDz6L_maska.jpg\",\"datePublished\":\"2022-04-13T10:12:31+00:00\",\"dateModified\":\"2022-04-13T10:12:32+00:00\",\"breadcrumb\":{\"@id\":\"https:\\\/\\\/radioljubuski.ba\\\/index.php\\\/2022\\\/04\\\/13\\\/hrvatska-ukida-karantenu-nema-vise-samoizolacije-zbog-kontakta-sa-zarazenom-osobom\\\/#breadcrumb\"},\"inLanguage\":\"hr\",\"potentialAction\":[{\"@type\":\"ReadAction\",\"target\":[\"https:\\\/\\\/radioljubuski.ba\\\/index.php\\\/2022\\\/04\\\/13\\\/hrvatska-ukida-karantenu-nema-vise-samoizolacije-zbog-kontakta-sa-zarazenom-osobom\\\/\"]}]},{\"@type\":\"ImageObject\",\"inLanguage\":\"hr\",\"@id\":\"https:\\\/\\\/radioljubuski.ba\\\/index.php\\\/2022\\\/04\\\/13\\\/hrvatska-ukida-karantenu-nema-vise-samoizolacije-zbog-kontakta-sa-zarazenom-osobom\\\/#primaryimage\",\"url\":\"https:\\\/\\\/radioljubuski.ba\\\/wp-content\\\/uploads\\\/2021\\\/09\\\/rPQSDz6L_maska.jpg\",\"contentUrl\":\"https:\\\/\\\/radioljubuski.ba\\\/wp-content\\\/uploads\\\/2021\\\/09\\\/rPQSDz6L_maska.jpg\",\"width\":1000,\"height\":625},{\"@type\":\"BreadcrumbList\",\"@id\":\"https:\\\/\\\/radioljubuski.ba\\\/index.php\\\/2022\\\/04\\\/13\\\/hrvatska-ukida-karantenu-nema-vise-samoizolacije-zbog-kontakta-sa-zarazenom-osobom\\\/#breadcrumb\",\"itemListElement\":[{\"@type\":\"ListItem\",\"position\":1,\"name\":\"Po\u010detna stranica\",\"item\":\"https:\\\/\\\/radioljubuski.ba\\\/\"},{\"@type\":\"ListItem\",\"position\":2,\"name\":\"Hrvatska ukida karantenu: Nema vi\u0161e samoizolacije zbog kontakta sa zara\u017eenom osobom\"}]},{\"@type\":\"WebSite\",\"@id\":\"https:\\\/\\\/radioljubuski.ba\\\/#website\",\"url\":\"https:\\\/\\\/radioljubuski.ba\\\/\",\"name\":\"Radio Ljubu\u0161ki\",\"description\":\"Sun\u010dana frekvencija Hercegovine\",\"publisher\":{\"@id\":\"https:\\\/\\\/radioljubuski.ba\\\/#organization\"},\"potentialAction\":[{\"@type\":\"SearchAction\",\"target\":{\"@type\":\"EntryPoint\",\"urlTemplate\":\"https:\\\/\\\/radioljubuski.ba\\\/?s={search_term_string}\"},\"query-input\":{\"@type\":\"PropertyValueSpecification\",\"valueRequired\":true,\"valueName\":\"search_term_string\"}}],\"inLanguage\":\"hr\"},{\"@type\":\"Organization\",\"@id\":\"https:\\\/\\\/radioljubuski.ba\\\/#organization\",\"name\":\"Radio Ljubu\u0161ki\",\"url\":\"https:\\\/\\\/radioljubuski.ba\\\/\",\"logo\":{\"@type\":\"ImageObject\",\"inLanguage\":\"hr\",\"@id\":\"https:\\\/\\\/radioljubuski.ba\\\/#\\\/schema\\\/logo\\\/image\\\/\",\"url\":\"https:\\\/\\\/radioljubuski.ba\\\/wp-content\\\/uploads\\\/2021\\\/02\\\/cropped-Radio_Ljubuski_logo1.jpg\",\"contentUrl\":\"https:\\\/\\\/radioljubuski.ba\\\/wp-content\\\/uploads\\\/2021\\\/02\\\/cropped-Radio_Ljubuski_logo1.jpg\",\"width\":512,\"height\":512,\"caption\":\"Radio Ljubu\u0161ki\"},\"image\":{\"@id\":\"https:\\\/\\\/radioljubuski.ba\\\/#\\\/schema\\\/logo\\\/image\\\/\"},\"sameAs\":[\"https:\\\/\\\/www.facebook.com\\\/Radiio-Ljubuski-1490835324566332\",\"https:\\\/\\\/x.com\\\/radioljubuski\",\"https:\\\/\\\/hr.linkedin.com\\\/company\\\/radio-ljubuski\",\"https:\\\/\\\/www.youtube.com\\\/channel\\\/UCHYaeO_n0Db3tjNGudGpXyw\"]},{\"@type\":\"Person\",\"@id\":\"https:\\\/\\\/radioljubuski.ba\\\/#\\\/schema\\\/person\\\/19fc700381a780f69665d7956c469e3b\",\"name\":\"Radio Ljubu\u0161ki\"}]}<\/script>\n<!-- \/ Yoast SEO plugin. -->","yoast_head_json":{"title":"Hrvatska ukida karantenu: Nema vi\u0161e samoizolacije zbog kontakta sa zara\u017eenom osobom - RADIO LJUBU\u0160KI","robots":{"index":"index","follow":"follow","max-snippet":"max-snippet:-1","max-image-preview":"max-image-preview:large","max-video-preview":"max-video-preview:-1"},"canonical":"https:\/\/radioljubuski.ba\/index.php\/2022\/04\/13\/hrvatska-ukida-karantenu-nema-vise-samoizolacije-zbog-kontakta-sa-zarazenom-osobom\/","og_locale":"hr_HR","og_type":"article","og_title":"Hrvatska ukida karantenu: Nema vi\u0161e samoizolacije zbog kontakta sa zara\u017eenom osobom - RADIO LJUBU\u0160KI","og_description":"Hrvatski zavod za javno zdravstvo objavio je danas odluku o ukidanju karantene za osobe koje su bile u kontaktu s osobom zara\u017eenom koronavirusom. \u201cHrvatski zavod za javno zdravstvo nastavlja s praksom najve\u0107e razine dobrobiti uz najmanji rizik za na\u0161e gra\u0111ane te uvodi: 1. Drugo docjepljivanje (tzv. \u010detvrta doza) za osobe starije od 80 godina i [&hellip;]","og_url":"https:\/\/radioljubuski.ba\/index.php\/2022\/04\/13\/hrvatska-ukida-karantenu-nema-vise-samoizolacije-zbog-kontakta-sa-zarazenom-osobom\/","og_site_name":"RADIO LJUBU\u0160KI","article_publisher":"https:\/\/www.facebook.com\/Radiio-Ljubuski-1490835324566332","article_published_time":"2022-04-13T10:12:31+00:00","article_modified_time":"2022-04-13T10:12:32+00:00","og_image":[{"width":1000,"height":625,"url":"https:\/\/radioljubuski.ba\/wp-content\/uploads\/2021\/09\/rPQSDz6L_maska.jpg","type":"image\/jpeg"}],"author":"Radio Ljubu\u0161ki","twitter_card":"summary_large_image","twitter_creator":"@radioljubuski","twitter_site":"@radioljubuski","twitter_misc":{"Napisao\/la":"Radio Ljubu\u0161ki","Procijenjeno vrijeme \u010ditanja":"3 minute"},"schema":{"@context":"https:\/\/schema.org","@graph":[{"@type":"Article","@id":"https:\/\/radioljubuski.ba\/index.php\/2022\/04\/13\/hrvatska-ukida-karantenu-nema-vise-samoizolacije-zbog-kontakta-sa-zarazenom-osobom\/#article","isPartOf":{"@id":"https:\/\/radioljubuski.ba\/index.php\/2022\/04\/13\/hrvatska-ukida-karantenu-nema-vise-samoizolacije-zbog-kontakta-sa-zarazenom-osobom\/"},"author":{"name":"Radio Ljubu\u0161ki","@id":"https:\/\/radioljubuski.ba\/#\/schema\/person\/19fc700381a780f69665d7956c469e3b"},"headline":"Hrvatska ukida karantenu: Nema vi\u0161e samoizolacije zbog kontakta sa zara\u017eenom osobom","datePublished":"2022-04-13T10:12:31+00:00","dateModified":"2022-04-13T10:12:32+00:00","mainEntityOfPage":{"@id":"https:\/\/radioljubuski.ba\/index.php\/2022\/04\/13\/hrvatska-ukida-karantenu-nema-vise-samoizolacije-zbog-kontakta-sa-zarazenom-osobom\/"},"wordCount":719,"publisher":{"@id":"https:\/\/radioljubuski.ba\/#organization"},"image":{"@id":"https:\/\/radioljubuski.ba\/index.php\/2022\/04\/13\/hrvatska-ukida-karantenu-nema-vise-samoizolacije-zbog-kontakta-sa-zarazenom-osobom\/#primaryimage"},"thumbnailUrl":"https:\/\/radioljubuski.ba\/wp-content\/uploads\/2021\/09\/rPQSDz6L_maska.jpg","articleSection":["BIH i regija"],"inLanguage":"hr"},{"@type":"WebPage","@id":"https:\/\/radioljubuski.ba\/index.php\/2022\/04\/13\/hrvatska-ukida-karantenu-nema-vise-samoizolacije-zbog-kontakta-sa-zarazenom-osobom\/","url":"https:\/\/radioljubuski.ba\/index.php\/2022\/04\/13\/hrvatska-ukida-karantenu-nema-vise-samoizolacije-zbog-kontakta-sa-zarazenom-osobom\/","name":"Hrvatska ukida karantenu: Nema vi\u0161e samoizolacije zbog kontakta sa zara\u017eenom osobom - RADIO LJUBU\u0160KI","isPartOf":{"@id":"https:\/\/radioljubuski.ba\/#website"},"primaryImageOfPage":{"@id":"https:\/\/radioljubuski.ba\/index.php\/2022\/04\/13\/hrvatska-ukida-karantenu-nema-vise-samoizolacije-zbog-kontakta-sa-zarazenom-osobom\/#primaryimage"},"image":{"@id":"https:\/\/radioljubuski.ba\/index.php\/2022\/04\/13\/hrvatska-ukida-karantenu-nema-vise-samoizolacije-zbog-kontakta-sa-zarazenom-osobom\/#primaryimage"},"thumbnailUrl":"https:\/\/radioljubuski.ba\/wp-content\/uploads\/2021\/09\/rPQSDz6L_maska.jpg","datePublished":"2022-04-13T10:12:31+00:00","dateModified":"2022-04-13T10:12:32+00:00","breadcrumb":{"@id":"https:\/\/radioljubuski.ba\/index.php\/2022\/04\/13\/hrvatska-ukida-karantenu-nema-vise-samoizolacije-zbog-kontakta-sa-zarazenom-osobom\/#breadcrumb"},"inLanguage":"hr","potentialAction":[{"@type":"ReadAction","target":["https:\/\/radioljubuski.ba\/index.php\/2022\/04\/13\/hrvatska-ukida-karantenu-nema-vise-samoizolacije-zbog-kontakta-sa-zarazenom-osobom\/"]}]},{"@type":"ImageObject","inLanguage":"hr","@id":"https:\/\/radioljubuski.ba\/index.php\/2022\/04\/13\/hrvatska-ukida-karantenu-nema-vise-samoizolacije-zbog-kontakta-sa-zarazenom-osobom\/#primaryimage","url":"https:\/\/radioljubuski.ba\/wp-content\/uploads\/2021\/09\/rPQSDz6L_maska.jpg","contentUrl":"https:\/\/radioljubuski.ba\/wp-content\/uploads\/2021\/09\/rPQSDz6L_maska.jpg","width":1000,"height":625},{"@type":"BreadcrumbList","@id":"https:\/\/radioljubuski.ba\/index.php\/2022\/04\/13\/hrvatska-ukida-karantenu-nema-vise-samoizolacije-zbog-kontakta-sa-zarazenom-osobom\/#breadcrumb","itemListElement":[{"@type":"ListItem","position":1,"name":"Po\u010detna stranica","item":"https:\/\/radioljubuski.ba\/"},{"@type":"ListItem","position":2,"name":"Hrvatska ukida karantenu: Nema vi\u0161e samoizolacije zbog kontakta sa zara\u017eenom osobom"}]},{"@type":"WebSite","@id":"https:\/\/radioljubuski.ba\/#website","url":"https:\/\/radioljubuski.ba\/","name":"Radio Ljubu\u0161ki","description":"Sun\u010dana frekvencija Hercegovine","publisher":{"@id":"https:\/\/radioljubuski.ba\/#organization"},"potentialAction":[{"@type":"SearchAction","target":{"@type":"EntryPoint","urlTemplate":"https:\/\/radioljubuski.ba\/?s={search_term_string}"},"query-input":{"@type":"PropertyValueSpecification","valueRequired":true,"valueName":"search_term_string"}}],"inLanguage":"hr"},{"@type":"Organization","@id":"https:\/\/radioljubuski.ba\/#organization","name":"Radio Ljubu\u0161ki","url":"https:\/\/radioljubuski.ba\/","logo":{"@type":"ImageObject","inLanguage":"hr","@id":"https:\/\/radioljubuski.ba\/#\/schema\/logo\/image\/","url":"https:\/\/radioljubuski.ba\/wp-content\/uploads\/2021\/02\/cropped-Radio_Ljubuski_logo1.jpg","contentUrl":"https:\/\/radioljubuski.ba\/wp-content\/uploads\/2021\/02\/cropped-Radio_Ljubuski_logo1.jpg","width":512,"height":512,"caption":"Radio Ljubu\u0161ki"},"image":{"@id":"https:\/\/radioljubuski.ba\/#\/schema\/logo\/image\/"},"sameAs":["https:\/\/www.facebook.com\/Radiio-Ljubuski-1490835324566332","https:\/\/x.com\/radioljubuski","https:\/\/hr.linkedin.com\/company\/radio-ljubuski","https:\/\/www.youtube.com\/channel\/UCHYaeO_n0Db3tjNGudGpXyw"]},{"@type":"Person","@id":"https:\/\/radioljubuski.ba\/#\/schema\/person\/19fc700381a780f69665d7956c469e3b","name":"Radio Ljubu\u0161ki"}]}},"_links":{"self":[{"href":"https:\/\/radioljubuski.ba\/index.php\/wp-json\/wp\/v2\/posts\/131889","targetHints":{"allow":["GET"]}}],"collection":[{"href":"https:\/\/radioljubuski.ba\/index.php\/wp-json\/wp\/v2\/posts"}],"about":[{"href":"https:\/\/radioljubuski.ba\/index.php\/wp-json\/wp\/v2\/types\/post"}],"author":[{"embeddable":true,"href":"https:\/\/radioljubuski.ba\/index.php\/wp-json\/wp\/v2\/users\/2"}],"replies":[{"embeddable":true,"href":"https:\/\/radioljubuski.ba\/index.php\/wp-json\/wp\/v2\/comments?post=131889"}],"version-history":[{"count":1,"href":"https:\/\/radioljubuski.ba\/index.php\/wp-json\/wp\/v2\/posts\/131889\/revisions"}],"predecessor-version":[{"id":131890,"href":"https:\/\/radioljubuski.ba\/index.php\/wp-json\/wp\/v2\/posts\/131889\/revisions\/131890"}],"wp:featuredmedia":[{"embeddable":true,"href":"https:\/\/radioljubuski.ba\/index.php\/wp-json\/wp\/v2\/media\/67558"}],"wp:attachment":[{"href":"https:\/\/radioljubuski.ba\/index.php\/wp-json\/wp\/v2\/media?parent=131889"}],"wp:term":[{"taxonomy":"category","embeddable":true,"href":"https:\/\/radioljubuski.ba\/index.php\/wp-json\/wp\/v2\/categories?post=131889"},{"taxonomy":"post_tag","embeddable":true,"href":"https:\/\/radioljubuski.ba\/index.php\/wp-json\/wp\/v2\/tags?post=131889"}],"curies":[{"name":"wp","href":"https:\/\/api.w.org\/{rel}","templated":true}]}}