{"id":131891,"date":"2022-04-13T11:17:18","date_gmt":"2022-04-13T10:17:18","guid":{"rendered":"https:\/\/radioljubuski.ba\/?p=131891"},"modified":"2022-04-13T11:17:19","modified_gmt":"2022-04-13T10:17:19","slug":"vijecnici-o-neradnom-danu-u-mostaru-naknadna-pamet-tuzbe-i-bahatost-poslodavaca","status":"publish","type":"post","link":"https:\/\/radioljubuski.ba\/index.php\/2022\/04\/13\/vijecnici-o-neradnom-danu-u-mostaru-naknadna-pamet-tuzbe-i-bahatost-poslodavaca\/","title":{"rendered":"Vije\u0107nici o neradnom danu u Mostaru: Naknadna pamet, tu\u017ebe i bahatost poslodavaca"},"content":{"rendered":"\n<p>&#8221;Da li \u0107e radnici dobiti otkaz samo zbog neradne nedjelje, to je \u010dista bahatost i sebi\u010dnost od strane poslodavaca jer nijedna druga logika iza toga ne stoji&#8221;, rekao je vije\u0107nik HDZ-a BiH Vlatko Marinovi\u0107 govore\u0107i o najavama otkaza radnicima u trgovini zbog odluke o obveznom neradnom danu na podru\u010dju Grada Mostara.<\/p>\n\n\n\n<p>&#8221;Svi znamo da se u kona\u010dnici radi o pritisku na javnu upravu da se sada, nakon \u0161to je provedena javna rasprava, i kada je stupila na snagu, to mijenja, \u0161to je na\u0161a dru\u0161tvena, kroni\u010dna bolest &#8211; naknadna pamet koja ide negativisti\u010dkom stranom pri\u010de&#8221;, rekao je Marinovi\u0107.<\/p>\n\n\n\n<p>Slaven Bevanda, vije\u0107nik HRS-a, rekao je kako ne smatra da je odluka &#8221;bila ishitrena, koliko je bila populisti\u010dka&#8221;.<\/p>\n\n\n\n<p>&#8221;Ranije sam upozoravao klub vije\u0107nika HDZ-a, koji je predlo\u017eio odluku, da je preuranjeno za ovakvu odluku, jer smo mi na sjednici tra\u017eili da nam se dostave ekonomske parametre o mogu\u0107em utjecaju na radna mjesta, \u0161to nam nikada nije dostavljeno. Odgovor je bio da su oni razgovarali s radnicima u Mepasu. Mi smo podr\u017eali odluku, odnosno ja, zbog prava radnika, iako mi nismo nadle\u017eni za to&#8221;, rekao je.<\/p>\n\n\n\n<p>Govore\u0107i o mogu\u0107im otkazima, ka\u017ee kako je o\u010dekivao vrstu pritiska poslodavaca na radnike.<\/p>\n\n\n\n<p>Poslodavac ne pla\u0107a radne nedjelje<\/p>\n\n\n\n<p>&#8221;Normalno je da radnik tra\u017ei neradnu nedjelju, a pitanje je ho\u0107e li biti tu\u017ebi na ovu odluku i ho\u0107e li se \u017ealiti vi\u0161im instancama pa da do\u0111e do obaranja kao u Hrvatskoj. Tom Odlukom se odabire nedjelja ili neki drugi dan. To je bio amandman koji smo odlu\u010dili podr\u017eati, s obzirom na grad u kojem \u017eivimo, jer ovo je mo\u017eda i jedini multientni\u010dki grad u BiH, pa smo htjeli ostaviti mogu\u0107nost svima da izaberu koji neradni dan \u017eele, u skladu sa svojom vjeroispovijesti&#8221;, rekao je Bevanda.<\/p>\n\n\n\n<p>Bo\u0161ka \u0106avar ka\u017ee kako je Na\u0161a stranka bila protiv dono\u0161enja takvih decidnih odluka.<\/p>\n\n\n\n<p>&#8221;U jednoj slobodnoj dr\u017eavi svatko treba izabrati ho\u0107e li raditi ili ne\u0107e. Zabrinjavaju\u0107e je to \u0161to poslodavac ne pla\u0107a radne nedjelje. Trebalo je nedjelje platiti i ponuditi da rade ljudima koji \u017eele. Ja sam dobila poruke od ljudi iz Mepasa i Binga, gdje su za 30 dana zakupili poslovni prostor, i tim odlukama gube 4-5 dana. Ja se radujem \u0161to \u0107e ljudi imati slobodan dan, nebitno je li nedjelja ili ponedjeljak&#8221;, rekla je.<\/p>\n\n\n\n<p>Adil \u0160uta (SDA) ka\u017ee kako je odluka fleksibilna i podrazumijeva kori\u0161tenje raznih opcija i nikoga ne zakiva za to kada da radi, kada da ne radi.<\/p>\n\n\n\n<p>&#8221;Odluka omogu\u0107ava slobodnu fluktuaciju ljudi, zaposlenika i poslodavaca na tr\u017ei\u0161tu, a evo kako vidimo netko ne\u0107e raditi nedjeljom, netko ponedjeljkom. Uglavnom ideja je da se za\u0161tite radnici, a i da poslodavci imaju fleksibilnu mogu\u0107nost za svoje radno vrijeme. Nemam za sada informacije otkazima, a obveza po Zakonu o radu je da radnici imaju najmanje slobodan jedan radni dan, \u0161to do sada nije bila praksa. Ne vidim razlog za otkaze, ni\u0161ta nismo fiksirali, a nakon \u0161est mjeseci \u0107emo razmotriti odluku i donijet mogu\u0107e korekcije, ako bude trebalo&#8221;, rekao je.<\/p>\n\n\n\n<p><strong>Mo\u017ee do\u0107i i do tu\u017ebi<\/strong><\/p>\n\n\n\n<p>&nbsp;Marinovi\u0107 ka\u017ee kako je priprema ura\u0111ena te da nisu imali taj luksuz rade pripremu s obzirom na ovaj mandat Gradskog vije\u0107a.<\/p>\n\n\n\n<p>Smatra da je odluka potpuno uskla\u0111ena sa civilizacijskim normama u regiji i na kontinentu.<\/p>\n\n\n\n<p>&nbsp;&#8221;Svaki radnik ima pravo na jedan dan u tjednu neradni. Ne ba\u0161 tako eksplicitno, ali to stoji u Zakonu u radu FBiH, \u0161to je zakonski garant koji obvezuje poslodavca, da u kona\u010dnici \u0161titi radnika. To je bio na\u0161 prvi motiv. Odluka je u kona\u010dnici proizvod kompromisa vi\u0161e politi\u010dkih stranaka u Gradskom vije\u0107u. HDZ BiH je bio za to da odluka bude \u0161to jednostavnije koncipirana, da bude jednostavnije provo\u0111ena na terenu. Sada imamo euforiju s jedne strane, koja je opravdana, jer su mnogi ljudi koji rade, ovo dugo pri\u017eeljkivali, i oni su odu\u0161evljeni odlukom, a za njih je odluka namijenjena. Za ostale privilegirane u dru\u0161tvu, koji taj problem nisu imali, na sociolo\u0161koj ravni, oni imaju ili neutralan stav, ili iz politikanskih razloga poku\u0161avaju politizirati standardnu, klasi\u010dnu odluku Gradskog vije\u0107a, kakvih \u0107e, nadam se, biti i vi\u0161e, a \u0161to dovodi dru\u0161tveni \u017eivot grada na nekakvu vi\u0161u razinu&#8221;, rekao je Marinovi\u0107.<\/p>\n\n\n\n<p>Bevanda pak ka\u017ee kako mo\u017ee do\u0107i i do tu\u017ebi te da Grad mo\u017ee izgubiti novac.<\/p>\n\n\n\n<p>&#8221;\u010cak su iz nadle\u017enih odjela upozorili da mo\u017ee do\u0107i do takvih posljedica. Opet, odluka je populisti\u010dka, i vrijeme \u0107e pokazati je li dobra ili lo\u0161a&#8221;, rekao je Bevanda.<\/p>\n\n\n\n<p><strong>Pola godine za preispitivanje<\/strong><\/p>\n\n\n\n<p>Marinovi\u0107 ka\u017ee kako odluka ima razdoblje od \u0161est mjeseci za &#8221;vrstu analiti\u010dkog pristupa nadle\u017enih odjela i slu\u017ebi Gradske uprave, koji \u0107e vr\u0161iti preispitivanje provedbe odluke&#8221;.<\/p>\n\n\n\n<p>&#8221;Neradna nedjelja je na\u010delo, dok svaki poslodavac, ukoliko se \u017eeli uplesti u vrstu upravnog postupka nadle\u017enog odjela Gradske uprave, mo\u017ee zatra\u017eiti neki drugi neradni dan, \u0161to ja osobno, i velika ve\u0107ina gra\u0111ana Grada Mostara, ne vidim posebnog smisla, ali mi ne mo\u017eemo suditi o tu\u0111im stavovima i ciljevima u bilo kojem smislu. Ovo nije ispolitizirano, niti je radi izbora. Zakon o radu FBiH propisuje jasno da svaki radnik u FBiH mora imati 24 sata neprekidnog odmora unutar jednog tjedna, \u0161to je tu politizacija teme? Radi se o ne\u010demu \u0161to nismo uspijevali standardizirati ni kroz jedan model, a sada smo to standardizirali kroz Odluku Gradskog vije\u0107a&#8221;, rekao je Marinovi\u0107.<\/p>\n\n\n\n<p>Naime, odluka o neradnom danu na podru\u010dju Mostara dovela je do reakcija radnika u trgovini jer mnogi tra\u017ee da neradni dan bude upravo nedjelja dok neki upozoravaju kako su upozoreni da \u0107e biti otkaza.<\/p>\n\n\n\n<p><strong>Izvor: Bljesak.info<\/strong><\/p>\n","protected":false},"excerpt":{"rendered":"<p>&#8221;Da li \u0107e radnici dobiti otkaz samo zbog neradne nedjelje, to je \u010dista bahatost i sebi\u010dnost od strane poslodavaca jer nijedna druga logika iza toga ne stoji&#8221;, rekao je vije\u0107nik HDZ-a BiH Vlatko Marinovi\u0107 govore\u0107i o najavama otkaza radnicima u trgovini zbog odluke o obveznom neradnom danu na podru\u010dju Grada Mostara. &#8221;Svi znamo da se [&hellip;]<\/p>\n","protected":false},"author":2,"featured_media":116545,"comment_status":"closed","ping_status":"closed","sticky":false,"template":"","format":"standard","meta":{"h5ap_radio_sources":[],"footnotes":""},"categories":[1],"tags":[],"class_list":["post-131891","post","type-post","status-publish","format-standard","has-post-thumbnail","hentry","category-bihiregija"],"yoast_head":"<!-- This site is optimized with the Yoast SEO plugin v27.5 - https:\/\/yoast.com\/product\/yoast-seo-wordpress\/ -->\n<title>Vije\u0107nici o neradnom danu u Mostaru: Naknadna pamet, tu\u017ebe i bahatost poslodavaca - RADIO LJUBU\u0160KI<\/title>\n<meta name=\"robots\" content=\"index, follow, max-snippet:-1, max-image-preview:large, max-video-preview:-1\" \/>\n<link rel=\"canonical\" href=\"https:\/\/radioljubuski.ba\/index.php\/2022\/04\/13\/vijecnici-o-neradnom-danu-u-mostaru-naknadna-pamet-tuzbe-i-bahatost-poslodavaca\/\" \/>\n<meta property=\"og:locale\" content=\"hr_HR\" \/>\n<meta property=\"og:type\" content=\"article\" \/>\n<meta property=\"og:title\" content=\"Vije\u0107nici o neradnom danu u Mostaru: Naknadna pamet, tu\u017ebe i bahatost poslodavaca - RADIO LJUBU\u0160KI\" \/>\n<meta property=\"og:description\" content=\"&#8221;Da li \u0107e radnici dobiti otkaz samo zbog neradne nedjelje, to je \u010dista bahatost i sebi\u010dnost od strane poslodavaca jer nijedna druga logika iza toga ne stoji&#8221;, rekao je vije\u0107nik HDZ-a BiH Vlatko Marinovi\u0107 govore\u0107i o najavama otkaza radnicima u trgovini zbog odluke o obveznom neradnom danu na podru\u010dju Grada Mostara. &#8221;Svi znamo da se [&hellip;]\" \/>\n<meta property=\"og:url\" content=\"https:\/\/radioljubuski.ba\/index.php\/2022\/04\/13\/vijecnici-o-neradnom-danu-u-mostaru-naknadna-pamet-tuzbe-i-bahatost-poslodavaca\/\" \/>\n<meta property=\"og:site_name\" content=\"RADIO LJUBU\u0160KI\" \/>\n<meta property=\"article:publisher\" content=\"https:\/\/www.facebook.com\/Radiio-Ljubuski-1490835324566332\" \/>\n<meta property=\"article:published_time\" content=\"2022-04-13T10:17:18+00:00\" \/>\n<meta property=\"article:modified_time\" content=\"2022-04-13T10:17:19+00:00\" \/>\n<meta property=\"og:image\" content=\"https:\/\/radioljubuski.ba\/wp-content\/uploads\/2022\/02\/2-2021-07-09-14-38-21-mostar4.jpg\" \/>\n\t<meta property=\"og:image:width\" content=\"1000\" \/>\n\t<meta property=\"og:image:height\" content=\"625\" \/>\n\t<meta property=\"og:image:type\" content=\"image\/jpeg\" \/>\n<meta name=\"author\" content=\"Radio Ljubu\u0161ki\" \/>\n<meta name=\"twitter:card\" content=\"summary_large_image\" \/>\n<meta name=\"twitter:creator\" content=\"@radioljubuski\" \/>\n<meta name=\"twitter:site\" content=\"@radioljubuski\" \/>\n<meta name=\"twitter:label1\" content=\"Napisao\/la\" \/>\n\t<meta name=\"twitter:data1\" content=\"Radio Ljubu\u0161ki\" \/>\n\t<meta name=\"twitter:label2\" content=\"Procijenjeno vrijeme \u010ditanja\" \/>\n\t<meta name=\"twitter:data2\" content=\"4 minute\" \/>\n<script type=\"application\/ld+json\" class=\"yoast-schema-graph\">{\"@context\":\"https:\\\/\\\/schema.org\",\"@graph\":[{\"@type\":\"Article\",\"@id\":\"https:\\\/\\\/radioljubuski.ba\\\/index.php\\\/2022\\\/04\\\/13\\\/vijecnici-o-neradnom-danu-u-mostaru-naknadna-pamet-tuzbe-i-bahatost-poslodavaca\\\/#article\",\"isPartOf\":{\"@id\":\"https:\\\/\\\/radioljubuski.ba\\\/index.php\\\/2022\\\/04\\\/13\\\/vijecnici-o-neradnom-danu-u-mostaru-naknadna-pamet-tuzbe-i-bahatost-poslodavaca\\\/\"},\"author\":{\"name\":\"Radio Ljubu\u0161ki\",\"@id\":\"https:\\\/\\\/radioljubuski.ba\\\/#\\\/schema\\\/person\\\/19fc700381a780f69665d7956c469e3b\"},\"headline\":\"Vije\u0107nici o neradnom danu u Mostaru: Naknadna pamet, tu\u017ebe i bahatost poslodavaca\",\"datePublished\":\"2022-04-13T10:17:18+00:00\",\"dateModified\":\"2022-04-13T10:17:19+00:00\",\"mainEntityOfPage\":{\"@id\":\"https:\\\/\\\/radioljubuski.ba\\\/index.php\\\/2022\\\/04\\\/13\\\/vijecnici-o-neradnom-danu-u-mostaru-naknadna-pamet-tuzbe-i-bahatost-poslodavaca\\\/\"},\"wordCount\":1008,\"publisher\":{\"@id\":\"https:\\\/\\\/radioljubuski.ba\\\/#organization\"},\"image\":{\"@id\":\"https:\\\/\\\/radioljubuski.ba\\\/index.php\\\/2022\\\/04\\\/13\\\/vijecnici-o-neradnom-danu-u-mostaru-naknadna-pamet-tuzbe-i-bahatost-poslodavaca\\\/#primaryimage\"},\"thumbnailUrl\":\"https:\\\/\\\/radioljubuski.ba\\\/wp-content\\\/uploads\\\/2022\\\/02\\\/2-2021-07-09-14-38-21-mostar4.jpg\",\"articleSection\":[\"BIH i regija\"],\"inLanguage\":\"hr\"},{\"@type\":\"WebPage\",\"@id\":\"https:\\\/\\\/radioljubuski.ba\\\/index.php\\\/2022\\\/04\\\/13\\\/vijecnici-o-neradnom-danu-u-mostaru-naknadna-pamet-tuzbe-i-bahatost-poslodavaca\\\/\",\"url\":\"https:\\\/\\\/radioljubuski.ba\\\/index.php\\\/2022\\\/04\\\/13\\\/vijecnici-o-neradnom-danu-u-mostaru-naknadna-pamet-tuzbe-i-bahatost-poslodavaca\\\/\",\"name\":\"Vije\u0107nici o neradnom danu u Mostaru: Naknadna pamet, tu\u017ebe i bahatost poslodavaca - RADIO LJUBU\u0160KI\",\"isPartOf\":{\"@id\":\"https:\\\/\\\/radioljubuski.ba\\\/#website\"},\"primaryImageOfPage\":{\"@id\":\"https:\\\/\\\/radioljubuski.ba\\\/index.php\\\/2022\\\/04\\\/13\\\/vijecnici-o-neradnom-danu-u-mostaru-naknadna-pamet-tuzbe-i-bahatost-poslodavaca\\\/#primaryimage\"},\"image\":{\"@id\":\"https:\\\/\\\/radioljubuski.ba\\\/index.php\\\/2022\\\/04\\\/13\\\/vijecnici-o-neradnom-danu-u-mostaru-naknadna-pamet-tuzbe-i-bahatost-poslodavaca\\\/#primaryimage\"},\"thumbnailUrl\":\"https:\\\/\\\/radioljubuski.ba\\\/wp-content\\\/uploads\\\/2022\\\/02\\\/2-2021-07-09-14-38-21-mostar4.jpg\",\"datePublished\":\"2022-04-13T10:17:18+00:00\",\"dateModified\":\"2022-04-13T10:17:19+00:00\",\"breadcrumb\":{\"@id\":\"https:\\\/\\\/radioljubuski.ba\\\/index.php\\\/2022\\\/04\\\/13\\\/vijecnici-o-neradnom-danu-u-mostaru-naknadna-pamet-tuzbe-i-bahatost-poslodavaca\\\/#breadcrumb\"},\"inLanguage\":\"hr\",\"potentialAction\":[{\"@type\":\"ReadAction\",\"target\":[\"https:\\\/\\\/radioljubuski.ba\\\/index.php\\\/2022\\\/04\\\/13\\\/vijecnici-o-neradnom-danu-u-mostaru-naknadna-pamet-tuzbe-i-bahatost-poslodavaca\\\/\"]}]},{\"@type\":\"ImageObject\",\"inLanguage\":\"hr\",\"@id\":\"https:\\\/\\\/radioljubuski.ba\\\/index.php\\\/2022\\\/04\\\/13\\\/vijecnici-o-neradnom-danu-u-mostaru-naknadna-pamet-tuzbe-i-bahatost-poslodavaca\\\/#primaryimage\",\"url\":\"https:\\\/\\\/radioljubuski.ba\\\/wp-content\\\/uploads\\\/2022\\\/02\\\/2-2021-07-09-14-38-21-mostar4.jpg\",\"contentUrl\":\"https:\\\/\\\/radioljubuski.ba\\\/wp-content\\\/uploads\\\/2022\\\/02\\\/2-2021-07-09-14-38-21-mostar4.jpg\",\"width\":1000,\"height\":625},{\"@type\":\"BreadcrumbList\",\"@id\":\"https:\\\/\\\/radioljubuski.ba\\\/index.php\\\/2022\\\/04\\\/13\\\/vijecnici-o-neradnom-danu-u-mostaru-naknadna-pamet-tuzbe-i-bahatost-poslodavaca\\\/#breadcrumb\",\"itemListElement\":[{\"@type\":\"ListItem\",\"position\":1,\"name\":\"Po\u010detna stranica\",\"item\":\"https:\\\/\\\/radioljubuski.ba\\\/\"},{\"@type\":\"ListItem\",\"position\":2,\"name\":\"Vije\u0107nici o neradnom danu u Mostaru: Naknadna pamet, tu\u017ebe i bahatost poslodavaca\"}]},{\"@type\":\"WebSite\",\"@id\":\"https:\\\/\\\/radioljubuski.ba\\\/#website\",\"url\":\"https:\\\/\\\/radioljubuski.ba\\\/\",\"name\":\"Radio Ljubu\u0161ki\",\"description\":\"Sun\u010dana frekvencija Hercegovine\",\"publisher\":{\"@id\":\"https:\\\/\\\/radioljubuski.ba\\\/#organization\"},\"potentialAction\":[{\"@type\":\"SearchAction\",\"target\":{\"@type\":\"EntryPoint\",\"urlTemplate\":\"https:\\\/\\\/radioljubuski.ba\\\/?s={search_term_string}\"},\"query-input\":{\"@type\":\"PropertyValueSpecification\",\"valueRequired\":true,\"valueName\":\"search_term_string\"}}],\"inLanguage\":\"hr\"},{\"@type\":\"Organization\",\"@id\":\"https:\\\/\\\/radioljubuski.ba\\\/#organization\",\"name\":\"Radio Ljubu\u0161ki\",\"url\":\"https:\\\/\\\/radioljubuski.ba\\\/\",\"logo\":{\"@type\":\"ImageObject\",\"inLanguage\":\"hr\",\"@id\":\"https:\\\/\\\/radioljubuski.ba\\\/#\\\/schema\\\/logo\\\/image\\\/\",\"url\":\"https:\\\/\\\/radioljubuski.ba\\\/wp-content\\\/uploads\\\/2021\\\/02\\\/cropped-Radio_Ljubuski_logo1.jpg\",\"contentUrl\":\"https:\\\/\\\/radioljubuski.ba\\\/wp-content\\\/uploads\\\/2021\\\/02\\\/cropped-Radio_Ljubuski_logo1.jpg\",\"width\":512,\"height\":512,\"caption\":\"Radio Ljubu\u0161ki\"},\"image\":{\"@id\":\"https:\\\/\\\/radioljubuski.ba\\\/#\\\/schema\\\/logo\\\/image\\\/\"},\"sameAs\":[\"https:\\\/\\\/www.facebook.com\\\/Radiio-Ljubuski-1490835324566332\",\"https:\\\/\\\/x.com\\\/radioljubuski\",\"https:\\\/\\\/hr.linkedin.com\\\/company\\\/radio-ljubuski\",\"https:\\\/\\\/www.youtube.com\\\/channel\\\/UCHYaeO_n0Db3tjNGudGpXyw\"]},{\"@type\":\"Person\",\"@id\":\"https:\\\/\\\/radioljubuski.ba\\\/#\\\/schema\\\/person\\\/19fc700381a780f69665d7956c469e3b\",\"name\":\"Radio Ljubu\u0161ki\"}]}<\/script>\n<!-- \/ Yoast SEO plugin. -->","yoast_head_json":{"title":"Vije\u0107nici o neradnom danu u Mostaru: Naknadna pamet, tu\u017ebe i bahatost poslodavaca - RADIO LJUBU\u0160KI","robots":{"index":"index","follow":"follow","max-snippet":"max-snippet:-1","max-image-preview":"max-image-preview:large","max-video-preview":"max-video-preview:-1"},"canonical":"https:\/\/radioljubuski.ba\/index.php\/2022\/04\/13\/vijecnici-o-neradnom-danu-u-mostaru-naknadna-pamet-tuzbe-i-bahatost-poslodavaca\/","og_locale":"hr_HR","og_type":"article","og_title":"Vije\u0107nici o neradnom danu u Mostaru: Naknadna pamet, tu\u017ebe i bahatost poslodavaca - RADIO LJUBU\u0160KI","og_description":"&#8221;Da li \u0107e radnici dobiti otkaz samo zbog neradne nedjelje, to je \u010dista bahatost i sebi\u010dnost od strane poslodavaca jer nijedna druga logika iza toga ne stoji&#8221;, rekao je vije\u0107nik HDZ-a BiH Vlatko Marinovi\u0107 govore\u0107i o najavama otkaza radnicima u trgovini zbog odluke o obveznom neradnom danu na podru\u010dju Grada Mostara. &#8221;Svi znamo da se [&hellip;]","og_url":"https:\/\/radioljubuski.ba\/index.php\/2022\/04\/13\/vijecnici-o-neradnom-danu-u-mostaru-naknadna-pamet-tuzbe-i-bahatost-poslodavaca\/","og_site_name":"RADIO LJUBU\u0160KI","article_publisher":"https:\/\/www.facebook.com\/Radiio-Ljubuski-1490835324566332","article_published_time":"2022-04-13T10:17:18+00:00","article_modified_time":"2022-04-13T10:17:19+00:00","og_image":[{"width":1000,"height":625,"url":"https:\/\/radioljubuski.ba\/wp-content\/uploads\/2022\/02\/2-2021-07-09-14-38-21-mostar4.jpg","type":"image\/jpeg"}],"author":"Radio Ljubu\u0161ki","twitter_card":"summary_large_image","twitter_creator":"@radioljubuski","twitter_site":"@radioljubuski","twitter_misc":{"Napisao\/la":"Radio Ljubu\u0161ki","Procijenjeno vrijeme \u010ditanja":"4 minute"},"schema":{"@context":"https:\/\/schema.org","@graph":[{"@type":"Article","@id":"https:\/\/radioljubuski.ba\/index.php\/2022\/04\/13\/vijecnici-o-neradnom-danu-u-mostaru-naknadna-pamet-tuzbe-i-bahatost-poslodavaca\/#article","isPartOf":{"@id":"https:\/\/radioljubuski.ba\/index.php\/2022\/04\/13\/vijecnici-o-neradnom-danu-u-mostaru-naknadna-pamet-tuzbe-i-bahatost-poslodavaca\/"},"author":{"name":"Radio Ljubu\u0161ki","@id":"https:\/\/radioljubuski.ba\/#\/schema\/person\/19fc700381a780f69665d7956c469e3b"},"headline":"Vije\u0107nici o neradnom danu u Mostaru: Naknadna pamet, tu\u017ebe i bahatost poslodavaca","datePublished":"2022-04-13T10:17:18+00:00","dateModified":"2022-04-13T10:17:19+00:00","mainEntityOfPage":{"@id":"https:\/\/radioljubuski.ba\/index.php\/2022\/04\/13\/vijecnici-o-neradnom-danu-u-mostaru-naknadna-pamet-tuzbe-i-bahatost-poslodavaca\/"},"wordCount":1008,"publisher":{"@id":"https:\/\/radioljubuski.ba\/#organization"},"image":{"@id":"https:\/\/radioljubuski.ba\/index.php\/2022\/04\/13\/vijecnici-o-neradnom-danu-u-mostaru-naknadna-pamet-tuzbe-i-bahatost-poslodavaca\/#primaryimage"},"thumbnailUrl":"https:\/\/radioljubuski.ba\/wp-content\/uploads\/2022\/02\/2-2021-07-09-14-38-21-mostar4.jpg","articleSection":["BIH i regija"],"inLanguage":"hr"},{"@type":"WebPage","@id":"https:\/\/radioljubuski.ba\/index.php\/2022\/04\/13\/vijecnici-o-neradnom-danu-u-mostaru-naknadna-pamet-tuzbe-i-bahatost-poslodavaca\/","url":"https:\/\/radioljubuski.ba\/index.php\/2022\/04\/13\/vijecnici-o-neradnom-danu-u-mostaru-naknadna-pamet-tuzbe-i-bahatost-poslodavaca\/","name":"Vije\u0107nici o neradnom danu u Mostaru: Naknadna pamet, tu\u017ebe i bahatost poslodavaca - RADIO LJUBU\u0160KI","isPartOf":{"@id":"https:\/\/radioljubuski.ba\/#website"},"primaryImageOfPage":{"@id":"https:\/\/radioljubuski.ba\/index.php\/2022\/04\/13\/vijecnici-o-neradnom-danu-u-mostaru-naknadna-pamet-tuzbe-i-bahatost-poslodavaca\/#primaryimage"},"image":{"@id":"https:\/\/radioljubuski.ba\/index.php\/2022\/04\/13\/vijecnici-o-neradnom-danu-u-mostaru-naknadna-pamet-tuzbe-i-bahatost-poslodavaca\/#primaryimage"},"thumbnailUrl":"https:\/\/radioljubuski.ba\/wp-content\/uploads\/2022\/02\/2-2021-07-09-14-38-21-mostar4.jpg","datePublished":"2022-04-13T10:17:18+00:00","dateModified":"2022-04-13T10:17:19+00:00","breadcrumb":{"@id":"https:\/\/radioljubuski.ba\/index.php\/2022\/04\/13\/vijecnici-o-neradnom-danu-u-mostaru-naknadna-pamet-tuzbe-i-bahatost-poslodavaca\/#breadcrumb"},"inLanguage":"hr","potentialAction":[{"@type":"ReadAction","target":["https:\/\/radioljubuski.ba\/index.php\/2022\/04\/13\/vijecnici-o-neradnom-danu-u-mostaru-naknadna-pamet-tuzbe-i-bahatost-poslodavaca\/"]}]},{"@type":"ImageObject","inLanguage":"hr","@id":"https:\/\/radioljubuski.ba\/index.php\/2022\/04\/13\/vijecnici-o-neradnom-danu-u-mostaru-naknadna-pamet-tuzbe-i-bahatost-poslodavaca\/#primaryimage","url":"https:\/\/radioljubuski.ba\/wp-content\/uploads\/2022\/02\/2-2021-07-09-14-38-21-mostar4.jpg","contentUrl":"https:\/\/radioljubuski.ba\/wp-content\/uploads\/2022\/02\/2-2021-07-09-14-38-21-mostar4.jpg","width":1000,"height":625},{"@type":"BreadcrumbList","@id":"https:\/\/radioljubuski.ba\/index.php\/2022\/04\/13\/vijecnici-o-neradnom-danu-u-mostaru-naknadna-pamet-tuzbe-i-bahatost-poslodavaca\/#breadcrumb","itemListElement":[{"@type":"ListItem","position":1,"name":"Po\u010detna stranica","item":"https:\/\/radioljubuski.ba\/"},{"@type":"ListItem","position":2,"name":"Vije\u0107nici o neradnom danu u Mostaru: Naknadna pamet, tu\u017ebe i bahatost poslodavaca"}]},{"@type":"WebSite","@id":"https:\/\/radioljubuski.ba\/#website","url":"https:\/\/radioljubuski.ba\/","name":"Radio Ljubu\u0161ki","description":"Sun\u010dana frekvencija Hercegovine","publisher":{"@id":"https:\/\/radioljubuski.ba\/#organization"},"potentialAction":[{"@type":"SearchAction","target":{"@type":"EntryPoint","urlTemplate":"https:\/\/radioljubuski.ba\/?s={search_term_string}"},"query-input":{"@type":"PropertyValueSpecification","valueRequired":true,"valueName":"search_term_string"}}],"inLanguage":"hr"},{"@type":"Organization","@id":"https:\/\/radioljubuski.ba\/#organization","name":"Radio Ljubu\u0161ki","url":"https:\/\/radioljubuski.ba\/","logo":{"@type":"ImageObject","inLanguage":"hr","@id":"https:\/\/radioljubuski.ba\/#\/schema\/logo\/image\/","url":"https:\/\/radioljubuski.ba\/wp-content\/uploads\/2021\/02\/cropped-Radio_Ljubuski_logo1.jpg","contentUrl":"https:\/\/radioljubuski.ba\/wp-content\/uploads\/2021\/02\/cropped-Radio_Ljubuski_logo1.jpg","width":512,"height":512,"caption":"Radio Ljubu\u0161ki"},"image":{"@id":"https:\/\/radioljubuski.ba\/#\/schema\/logo\/image\/"},"sameAs":["https:\/\/www.facebook.com\/Radiio-Ljubuski-1490835324566332","https:\/\/x.com\/radioljubuski","https:\/\/hr.linkedin.com\/company\/radio-ljubuski","https:\/\/www.youtube.com\/channel\/UCHYaeO_n0Db3tjNGudGpXyw"]},{"@type":"Person","@id":"https:\/\/radioljubuski.ba\/#\/schema\/person\/19fc700381a780f69665d7956c469e3b","name":"Radio Ljubu\u0161ki"}]}},"_links":{"self":[{"href":"https:\/\/radioljubuski.ba\/index.php\/wp-json\/wp\/v2\/posts\/131891","targetHints":{"allow":["GET"]}}],"collection":[{"href":"https:\/\/radioljubuski.ba\/index.php\/wp-json\/wp\/v2\/posts"}],"about":[{"href":"https:\/\/radioljubuski.ba\/index.php\/wp-json\/wp\/v2\/types\/post"}],"author":[{"embeddable":true,"href":"https:\/\/radioljubuski.ba\/index.php\/wp-json\/wp\/v2\/users\/2"}],"replies":[{"embeddable":true,"href":"https:\/\/radioljubuski.ba\/index.php\/wp-json\/wp\/v2\/comments?post=131891"}],"version-history":[{"count":1,"href":"https:\/\/radioljubuski.ba\/index.php\/wp-json\/wp\/v2\/posts\/131891\/revisions"}],"predecessor-version":[{"id":131892,"href":"https:\/\/radioljubuski.ba\/index.php\/wp-json\/wp\/v2\/posts\/131891\/revisions\/131892"}],"wp:featuredmedia":[{"embeddable":true,"href":"https:\/\/radioljubuski.ba\/index.php\/wp-json\/wp\/v2\/media\/116545"}],"wp:attachment":[{"href":"https:\/\/radioljubuski.ba\/index.php\/wp-json\/wp\/v2\/media?parent=131891"}],"wp:term":[{"taxonomy":"category","embeddable":true,"href":"https:\/\/radioljubuski.ba\/index.php\/wp-json\/wp\/v2\/categories?post=131891"},{"taxonomy":"post_tag","embeddable":true,"href":"https:\/\/radioljubuski.ba\/index.php\/wp-json\/wp\/v2\/tags?post=131891"}],"curies":[{"name":"wp","href":"https:\/\/api.w.org\/{rel}","templated":true}]}}