{"id":131893,"date":"2022-04-13T11:24:42","date_gmt":"2022-04-13T10:24:42","guid":{"rendered":"https:\/\/radioljubuski.ba\/?p=131893"},"modified":"2022-04-13T11:24:43","modified_gmt":"2022-04-13T10:24:43","slug":"martina-herceg-u-djecjem-vrticu-ljubuski-odrzala-predavanje-za-roditelje","status":"publish","type":"post","link":"https:\/\/radioljubuski.ba\/index.php\/2022\/04\/13\/martina-herceg-u-djecjem-vrticu-ljubuski-odrzala-predavanje-za-roditelje\/","title":{"rendered":"Martina Herceg u Dje\u010djem vrti\u0107u Ljubu\u0161ki odr\u017eala predavanje za roditelje"},"content":{"rendered":"\n<p>Sino\u0107 je u Dje\u010djem vrti\u0107u Ljubu\u0161ki psihologinja i edukantica psihoterapije Martina Herceg odr\u017eala interaktivno predavanje na temu \u201cTata i mama, pri\u010dajmo o vama\u201d.<\/p>\n\n\n\n<p>Na predavanju je istaknuto kako je obitelj, odnosi roditelja me\u0111usobno kao i odnosi roditelja i djeteta, najzna\u010dajniji \u010dimbenik razvoja pojedinca i njegove cjelokupne li\u010dnosti.<\/p>\n\n\n\n<p>Kako bi roditelji bili \u0161to kompetentniji u odgoju svoje djece trebaju stjecati spoznaje, vje\u0161tine, mijenjati svoja pona\u0161anja, odnosno neprestano raditi na pobolj\u0161anju roditeljskog djelovanja.<\/p>\n\n\n\n<p>Krajnji cilj roditeljskog samorazvoja je postizanje kompetentnosti, a tima i zadovoljstva i sre\u0107e u odgoju djece.<\/p>\n\n\n\n<p>Psihologinja Herceg je naglasila kako je ljubav sr\u017e onoga \u0161to osje\u0107amo prema djetetu, me\u0111utim neke stvari radimo krivo iz neznanja.<\/p>\n\n\n\n<p>\u201e<em>Koji je recept, postoji li? Naravno da ne postoji, kao ni savr\u0161eni roditelj. Ja nikako nisam ta, a ni jedan stru\u010dnjak, koji \u0107e vam re\u0107i \u0161to i kako bi vi trebali u svojim obiteljima. Me\u0111utim, ono \u0161to mogu jeste pitati vas \u0161to vama treba, kako ste Vi, i \u0161to \u017eelite od va\u0161eg odnosa s djetetom. U tome je velika razlika i velika bit\u201c<\/em>, kazala je Herceg te objasnila kako odnos koji imamo, tj. koji smo imali u djetinjstvu, preslikavamo na sve na\u0161e odnose, drugim rije\u010dima obrasci koji tada nastaju utje\u010du na odabir prijatelja, partnera i zanimanja kroz cijeli \u017eivot, kao i na sklonost ponavljanju tih obrazaca iz pro\u0161losti i onda kada ih nismo svjesni.<\/p>\n\n\n\n<p>\u201e<em>Dragi roditelji, recept ne postoji, kao ni savr\u0161en roditelj. Ali postoji na\u010din, koji mo\u017eemo, ako \u017eelimo nau\u010diti. Va\u0161em djetetu ne treba savr\u0161en roditelj, njemu je potrebno pru\u017eiti i pokazati ljubav, na njegov na\u010din. Pri tome jasno pokazuju\u0107i tko je \u201eglavni\u201c u tom odnosu , tko odlu\u010duje i tko je na koncu odgovoran. Prihvatiti dijete takvo kakvo je, bez stalne potrebe popravljanja, prihvatiti partnera takav kakav je, i prihvatiti sebe. Valjda ste do sad nau\u010dili da ovo ide obrnutim redoslijedom. Ja, partner, dijete\u201d<\/em>, zaklju\u010dila je psihologica Herceg.<\/p>\n\n\n\n<iframe loading=\"lazy\" src=\"https:\/\/www.facebook.com\/plugins\/video.php?href=https%3A%2F%2Fwww.facebook.com%2F101447888417583%2Fvideos%2F4947795358602415%2F&#038;show_text=0&#038;width=267\" width=\"267\" height=\"476\" style=\"border:none;overflow:hidden\" scrolling=\"no\" frameborder=\"0\" allowfullscreen=\"true\" allow=\"autoplay; clipboard-write; encrypted-media; picture-in-picture; web-share\" allowFullScreen=\"true\"><\/iframe>\n\n\n\n<p><strong>Izvor: Ljportal.com<\/strong><\/p>\n","protected":false},"excerpt":{"rendered":"<p>Sino\u0107 je u Dje\u010djem vrti\u0107u Ljubu\u0161ki psihologinja i edukantica psihoterapije Martina Herceg odr\u017eala interaktivno predavanje na temu \u201cTata i mama, pri\u010dajmo o vama\u201d. Na predavanju je istaknuto kako je obitelj, odnosi roditelja me\u0111usobno kao i odnosi roditelja i djeteta, najzna\u010dajniji \u010dimbenik razvoja pojedinca i njegove cjelokupne li\u010dnosti. Kako bi roditelji bili \u0161to kompetentniji u odgoju [&hellip;]<\/p>\n","protected":false},"author":2,"featured_media":131895,"comment_status":"closed","ping_status":"closed","sticky":false,"template":"","format":"standard","meta":{"h5ap_radio_sources":[],"footnotes":""},"categories":[3],"tags":[],"class_list":["post-131893","post","type-post","status-publish","format-standard","has-post-thumbnail","hentry","category-ljubuski"],"yoast_head":"<!-- This site is optimized with the Yoast SEO plugin v27.5 - https:\/\/yoast.com\/product\/yoast-seo-wordpress\/ -->\n<title>Martina Herceg u Dje\u010djem vrti\u0107u Ljubu\u0161ki odr\u017eala predavanje za roditelje - RADIO LJUBU\u0160KI<\/title>\n<meta name=\"robots\" content=\"index, follow, max-snippet:-1, max-image-preview:large, max-video-preview:-1\" \/>\n<link rel=\"canonical\" href=\"https:\/\/radioljubuski.ba\/index.php\/2022\/04\/13\/martina-herceg-u-djecjem-vrticu-ljubuski-odrzala-predavanje-za-roditelje\/\" \/>\n<meta property=\"og:locale\" content=\"hr_HR\" \/>\n<meta property=\"og:type\" content=\"article\" \/>\n<meta property=\"og:title\" content=\"Martina Herceg u Dje\u010djem vrti\u0107u Ljubu\u0161ki odr\u017eala predavanje za roditelje - RADIO LJUBU\u0160KI\" \/>\n<meta property=\"og:description\" content=\"Sino\u0107 je u Dje\u010djem vrti\u0107u Ljubu\u0161ki psihologinja i edukantica psihoterapije Martina Herceg odr\u017eala interaktivno predavanje na temu \u201cTata i mama, pri\u010dajmo o vama\u201d. Na predavanju je istaknuto kako je obitelj, odnosi roditelja me\u0111usobno kao i odnosi roditelja i djeteta, najzna\u010dajniji \u010dimbenik razvoja pojedinca i njegove cjelokupne li\u010dnosti. Kako bi roditelji bili \u0161to kompetentniji u odgoju [&hellip;]\" \/>\n<meta property=\"og:url\" content=\"https:\/\/radioljubuski.ba\/index.php\/2022\/04\/13\/martina-herceg-u-djecjem-vrticu-ljubuski-odrzala-predavanje-za-roditelje\/\" \/>\n<meta property=\"og:site_name\" content=\"RADIO LJUBU\u0160KI\" \/>\n<meta property=\"article:publisher\" content=\"https:\/\/www.facebook.com\/Radiio-Ljubuski-1490835324566332\" \/>\n<meta property=\"article:published_time\" content=\"2022-04-13T10:24:42+00:00\" \/>\n<meta property=\"article:modified_time\" content=\"2022-04-13T10:24:43+00:00\" \/>\n<meta property=\"og:image\" content=\"https:\/\/radioljubuski.ba\/wp-content\/uploads\/2022\/04\/predavanje-1.jpg\" \/>\n\t<meta property=\"og:image:width\" content=\"2048\" \/>\n\t<meta property=\"og:image:height\" content=\"1153\" \/>\n\t<meta property=\"og:image:type\" content=\"image\/jpeg\" \/>\n<meta name=\"author\" content=\"Radio Ljubu\u0161ki\" \/>\n<meta name=\"twitter:card\" content=\"summary_large_image\" \/>\n<meta name=\"twitter:creator\" content=\"@radioljubuski\" \/>\n<meta name=\"twitter:site\" content=\"@radioljubuski\" \/>\n<meta name=\"twitter:label1\" content=\"Napisao\/la\" \/>\n\t<meta name=\"twitter:data1\" content=\"Radio Ljubu\u0161ki\" \/>\n\t<meta name=\"twitter:label2\" content=\"Procijenjeno vrijeme \u010ditanja\" \/>\n\t<meta name=\"twitter:data2\" content=\"2 minute\" \/>\n<script type=\"application\/ld+json\" class=\"yoast-schema-graph\">{\"@context\":\"https:\\\/\\\/schema.org\",\"@graph\":[{\"@type\":\"Article\",\"@id\":\"https:\\\/\\\/radioljubuski.ba\\\/index.php\\\/2022\\\/04\\\/13\\\/martina-herceg-u-djecjem-vrticu-ljubuski-odrzala-predavanje-za-roditelje\\\/#article\",\"isPartOf\":{\"@id\":\"https:\\\/\\\/radioljubuski.ba\\\/index.php\\\/2022\\\/04\\\/13\\\/martina-herceg-u-djecjem-vrticu-ljubuski-odrzala-predavanje-za-roditelje\\\/\"},\"author\":{\"name\":\"Radio Ljubu\u0161ki\",\"@id\":\"https:\\\/\\\/radioljubuski.ba\\\/#\\\/schema\\\/person\\\/19fc700381a780f69665d7956c469e3b\"},\"headline\":\"Martina Herceg u Dje\u010djem vrti\u0107u Ljubu\u0161ki odr\u017eala predavanje za roditelje\",\"datePublished\":\"2022-04-13T10:24:42+00:00\",\"dateModified\":\"2022-04-13T10:24:43+00:00\",\"mainEntityOfPage\":{\"@id\":\"https:\\\/\\\/radioljubuski.ba\\\/index.php\\\/2022\\\/04\\\/13\\\/martina-herceg-u-djecjem-vrticu-ljubuski-odrzala-predavanje-za-roditelje\\\/\"},\"wordCount\":358,\"publisher\":{\"@id\":\"https:\\\/\\\/radioljubuski.ba\\\/#organization\"},\"image\":{\"@id\":\"https:\\\/\\\/radioljubuski.ba\\\/index.php\\\/2022\\\/04\\\/13\\\/martina-herceg-u-djecjem-vrticu-ljubuski-odrzala-predavanje-za-roditelje\\\/#primaryimage\"},\"thumbnailUrl\":\"https:\\\/\\\/radioljubuski.ba\\\/wp-content\\\/uploads\\\/2022\\\/04\\\/predavanje-1.jpg\",\"articleSection\":[\"Ljubu\u0161ki\"],\"inLanguage\":\"hr\"},{\"@type\":\"WebPage\",\"@id\":\"https:\\\/\\\/radioljubuski.ba\\\/index.php\\\/2022\\\/04\\\/13\\\/martina-herceg-u-djecjem-vrticu-ljubuski-odrzala-predavanje-za-roditelje\\\/\",\"url\":\"https:\\\/\\\/radioljubuski.ba\\\/index.php\\\/2022\\\/04\\\/13\\\/martina-herceg-u-djecjem-vrticu-ljubuski-odrzala-predavanje-za-roditelje\\\/\",\"name\":\"Martina Herceg u Dje\u010djem vrti\u0107u Ljubu\u0161ki odr\u017eala predavanje za roditelje - RADIO LJUBU\u0160KI\",\"isPartOf\":{\"@id\":\"https:\\\/\\\/radioljubuski.ba\\\/#website\"},\"primaryImageOfPage\":{\"@id\":\"https:\\\/\\\/radioljubuski.ba\\\/index.php\\\/2022\\\/04\\\/13\\\/martina-herceg-u-djecjem-vrticu-ljubuski-odrzala-predavanje-za-roditelje\\\/#primaryimage\"},\"image\":{\"@id\":\"https:\\\/\\\/radioljubuski.ba\\\/index.php\\\/2022\\\/04\\\/13\\\/martina-herceg-u-djecjem-vrticu-ljubuski-odrzala-predavanje-za-roditelje\\\/#primaryimage\"},\"thumbnailUrl\":\"https:\\\/\\\/radioljubuski.ba\\\/wp-content\\\/uploads\\\/2022\\\/04\\\/predavanje-1.jpg\",\"datePublished\":\"2022-04-13T10:24:42+00:00\",\"dateModified\":\"2022-04-13T10:24:43+00:00\",\"breadcrumb\":{\"@id\":\"https:\\\/\\\/radioljubuski.ba\\\/index.php\\\/2022\\\/04\\\/13\\\/martina-herceg-u-djecjem-vrticu-ljubuski-odrzala-predavanje-za-roditelje\\\/#breadcrumb\"},\"inLanguage\":\"hr\",\"potentialAction\":[{\"@type\":\"ReadAction\",\"target\":[\"https:\\\/\\\/radioljubuski.ba\\\/index.php\\\/2022\\\/04\\\/13\\\/martina-herceg-u-djecjem-vrticu-ljubuski-odrzala-predavanje-za-roditelje\\\/\"]}]},{\"@type\":\"ImageObject\",\"inLanguage\":\"hr\",\"@id\":\"https:\\\/\\\/radioljubuski.ba\\\/index.php\\\/2022\\\/04\\\/13\\\/martina-herceg-u-djecjem-vrticu-ljubuski-odrzala-predavanje-za-roditelje\\\/#primaryimage\",\"url\":\"https:\\\/\\\/radioljubuski.ba\\\/wp-content\\\/uploads\\\/2022\\\/04\\\/predavanje-1.jpg\",\"contentUrl\":\"https:\\\/\\\/radioljubuski.ba\\\/wp-content\\\/uploads\\\/2022\\\/04\\\/predavanje-1.jpg\",\"width\":2048,\"height\":1153},{\"@type\":\"BreadcrumbList\",\"@id\":\"https:\\\/\\\/radioljubuski.ba\\\/index.php\\\/2022\\\/04\\\/13\\\/martina-herceg-u-djecjem-vrticu-ljubuski-odrzala-predavanje-za-roditelje\\\/#breadcrumb\",\"itemListElement\":[{\"@type\":\"ListItem\",\"position\":1,\"name\":\"Po\u010detna stranica\",\"item\":\"https:\\\/\\\/radioljubuski.ba\\\/\"},{\"@type\":\"ListItem\",\"position\":2,\"name\":\"Martina Herceg u Dje\u010djem vrti\u0107u Ljubu\u0161ki odr\u017eala predavanje za roditelje\"}]},{\"@type\":\"WebSite\",\"@id\":\"https:\\\/\\\/radioljubuski.ba\\\/#website\",\"url\":\"https:\\\/\\\/radioljubuski.ba\\\/\",\"name\":\"Radio Ljubu\u0161ki\",\"description\":\"Sun\u010dana frekvencija Hercegovine\",\"publisher\":{\"@id\":\"https:\\\/\\\/radioljubuski.ba\\\/#organization\"},\"potentialAction\":[{\"@type\":\"SearchAction\",\"target\":{\"@type\":\"EntryPoint\",\"urlTemplate\":\"https:\\\/\\\/radioljubuski.ba\\\/?s={search_term_string}\"},\"query-input\":{\"@type\":\"PropertyValueSpecification\",\"valueRequired\":true,\"valueName\":\"search_term_string\"}}],\"inLanguage\":\"hr\"},{\"@type\":\"Organization\",\"@id\":\"https:\\\/\\\/radioljubuski.ba\\\/#organization\",\"name\":\"Radio Ljubu\u0161ki\",\"url\":\"https:\\\/\\\/radioljubuski.ba\\\/\",\"logo\":{\"@type\":\"ImageObject\",\"inLanguage\":\"hr\",\"@id\":\"https:\\\/\\\/radioljubuski.ba\\\/#\\\/schema\\\/logo\\\/image\\\/\",\"url\":\"https:\\\/\\\/radioljubuski.ba\\\/wp-content\\\/uploads\\\/2021\\\/02\\\/cropped-Radio_Ljubuski_logo1.jpg\",\"contentUrl\":\"https:\\\/\\\/radioljubuski.ba\\\/wp-content\\\/uploads\\\/2021\\\/02\\\/cropped-Radio_Ljubuski_logo1.jpg\",\"width\":512,\"height\":512,\"caption\":\"Radio Ljubu\u0161ki\"},\"image\":{\"@id\":\"https:\\\/\\\/radioljubuski.ba\\\/#\\\/schema\\\/logo\\\/image\\\/\"},\"sameAs\":[\"https:\\\/\\\/www.facebook.com\\\/Radiio-Ljubuski-1490835324566332\",\"https:\\\/\\\/x.com\\\/radioljubuski\",\"https:\\\/\\\/hr.linkedin.com\\\/company\\\/radio-ljubuski\",\"https:\\\/\\\/www.youtube.com\\\/channel\\\/UCHYaeO_n0Db3tjNGudGpXyw\"]},{\"@type\":\"Person\",\"@id\":\"https:\\\/\\\/radioljubuski.ba\\\/#\\\/schema\\\/person\\\/19fc700381a780f69665d7956c469e3b\",\"name\":\"Radio Ljubu\u0161ki\"}]}<\/script>\n<!-- \/ Yoast SEO plugin. -->","yoast_head_json":{"title":"Martina Herceg u Dje\u010djem vrti\u0107u Ljubu\u0161ki odr\u017eala predavanje za roditelje - RADIO LJUBU\u0160KI","robots":{"index":"index","follow":"follow","max-snippet":"max-snippet:-1","max-image-preview":"max-image-preview:large","max-video-preview":"max-video-preview:-1"},"canonical":"https:\/\/radioljubuski.ba\/index.php\/2022\/04\/13\/martina-herceg-u-djecjem-vrticu-ljubuski-odrzala-predavanje-za-roditelje\/","og_locale":"hr_HR","og_type":"article","og_title":"Martina Herceg u Dje\u010djem vrti\u0107u Ljubu\u0161ki odr\u017eala predavanje za roditelje - RADIO LJUBU\u0160KI","og_description":"Sino\u0107 je u Dje\u010djem vrti\u0107u Ljubu\u0161ki psihologinja i edukantica psihoterapije Martina Herceg odr\u017eala interaktivno predavanje na temu \u201cTata i mama, pri\u010dajmo o vama\u201d. Na predavanju je istaknuto kako je obitelj, odnosi roditelja me\u0111usobno kao i odnosi roditelja i djeteta, najzna\u010dajniji \u010dimbenik razvoja pojedinca i njegove cjelokupne li\u010dnosti. Kako bi roditelji bili \u0161to kompetentniji u odgoju [&hellip;]","og_url":"https:\/\/radioljubuski.ba\/index.php\/2022\/04\/13\/martina-herceg-u-djecjem-vrticu-ljubuski-odrzala-predavanje-za-roditelje\/","og_site_name":"RADIO LJUBU\u0160KI","article_publisher":"https:\/\/www.facebook.com\/Radiio-Ljubuski-1490835324566332","article_published_time":"2022-04-13T10:24:42+00:00","article_modified_time":"2022-04-13T10:24:43+00:00","og_image":[{"width":2048,"height":1153,"url":"https:\/\/radioljubuski.ba\/wp-content\/uploads\/2022\/04\/predavanje-1.jpg","type":"image\/jpeg"}],"author":"Radio Ljubu\u0161ki","twitter_card":"summary_large_image","twitter_creator":"@radioljubuski","twitter_site":"@radioljubuski","twitter_misc":{"Napisao\/la":"Radio Ljubu\u0161ki","Procijenjeno vrijeme \u010ditanja":"2 minute"},"schema":{"@context":"https:\/\/schema.org","@graph":[{"@type":"Article","@id":"https:\/\/radioljubuski.ba\/index.php\/2022\/04\/13\/martina-herceg-u-djecjem-vrticu-ljubuski-odrzala-predavanje-za-roditelje\/#article","isPartOf":{"@id":"https:\/\/radioljubuski.ba\/index.php\/2022\/04\/13\/martina-herceg-u-djecjem-vrticu-ljubuski-odrzala-predavanje-za-roditelje\/"},"author":{"name":"Radio Ljubu\u0161ki","@id":"https:\/\/radioljubuski.ba\/#\/schema\/person\/19fc700381a780f69665d7956c469e3b"},"headline":"Martina Herceg u Dje\u010djem vrti\u0107u Ljubu\u0161ki odr\u017eala predavanje za roditelje","datePublished":"2022-04-13T10:24:42+00:00","dateModified":"2022-04-13T10:24:43+00:00","mainEntityOfPage":{"@id":"https:\/\/radioljubuski.ba\/index.php\/2022\/04\/13\/martina-herceg-u-djecjem-vrticu-ljubuski-odrzala-predavanje-za-roditelje\/"},"wordCount":358,"publisher":{"@id":"https:\/\/radioljubuski.ba\/#organization"},"image":{"@id":"https:\/\/radioljubuski.ba\/index.php\/2022\/04\/13\/martina-herceg-u-djecjem-vrticu-ljubuski-odrzala-predavanje-za-roditelje\/#primaryimage"},"thumbnailUrl":"https:\/\/radioljubuski.ba\/wp-content\/uploads\/2022\/04\/predavanje-1.jpg","articleSection":["Ljubu\u0161ki"],"inLanguage":"hr"},{"@type":"WebPage","@id":"https:\/\/radioljubuski.ba\/index.php\/2022\/04\/13\/martina-herceg-u-djecjem-vrticu-ljubuski-odrzala-predavanje-za-roditelje\/","url":"https:\/\/radioljubuski.ba\/index.php\/2022\/04\/13\/martina-herceg-u-djecjem-vrticu-ljubuski-odrzala-predavanje-za-roditelje\/","name":"Martina Herceg u Dje\u010djem vrti\u0107u Ljubu\u0161ki odr\u017eala predavanje za roditelje - RADIO LJUBU\u0160KI","isPartOf":{"@id":"https:\/\/radioljubuski.ba\/#website"},"primaryImageOfPage":{"@id":"https:\/\/radioljubuski.ba\/index.php\/2022\/04\/13\/martina-herceg-u-djecjem-vrticu-ljubuski-odrzala-predavanje-za-roditelje\/#primaryimage"},"image":{"@id":"https:\/\/radioljubuski.ba\/index.php\/2022\/04\/13\/martina-herceg-u-djecjem-vrticu-ljubuski-odrzala-predavanje-za-roditelje\/#primaryimage"},"thumbnailUrl":"https:\/\/radioljubuski.ba\/wp-content\/uploads\/2022\/04\/predavanje-1.jpg","datePublished":"2022-04-13T10:24:42+00:00","dateModified":"2022-04-13T10:24:43+00:00","breadcrumb":{"@id":"https:\/\/radioljubuski.ba\/index.php\/2022\/04\/13\/martina-herceg-u-djecjem-vrticu-ljubuski-odrzala-predavanje-za-roditelje\/#breadcrumb"},"inLanguage":"hr","potentialAction":[{"@type":"ReadAction","target":["https:\/\/radioljubuski.ba\/index.php\/2022\/04\/13\/martina-herceg-u-djecjem-vrticu-ljubuski-odrzala-predavanje-za-roditelje\/"]}]},{"@type":"ImageObject","inLanguage":"hr","@id":"https:\/\/radioljubuski.ba\/index.php\/2022\/04\/13\/martina-herceg-u-djecjem-vrticu-ljubuski-odrzala-predavanje-za-roditelje\/#primaryimage","url":"https:\/\/radioljubuski.ba\/wp-content\/uploads\/2022\/04\/predavanje-1.jpg","contentUrl":"https:\/\/radioljubuski.ba\/wp-content\/uploads\/2022\/04\/predavanje-1.jpg","width":2048,"height":1153},{"@type":"BreadcrumbList","@id":"https:\/\/radioljubuski.ba\/index.php\/2022\/04\/13\/martina-herceg-u-djecjem-vrticu-ljubuski-odrzala-predavanje-za-roditelje\/#breadcrumb","itemListElement":[{"@type":"ListItem","position":1,"name":"Po\u010detna stranica","item":"https:\/\/radioljubuski.ba\/"},{"@type":"ListItem","position":2,"name":"Martina Herceg u Dje\u010djem vrti\u0107u Ljubu\u0161ki odr\u017eala predavanje za roditelje"}]},{"@type":"WebSite","@id":"https:\/\/radioljubuski.ba\/#website","url":"https:\/\/radioljubuski.ba\/","name":"Radio Ljubu\u0161ki","description":"Sun\u010dana frekvencija Hercegovine","publisher":{"@id":"https:\/\/radioljubuski.ba\/#organization"},"potentialAction":[{"@type":"SearchAction","target":{"@type":"EntryPoint","urlTemplate":"https:\/\/radioljubuski.ba\/?s={search_term_string}"},"query-input":{"@type":"PropertyValueSpecification","valueRequired":true,"valueName":"search_term_string"}}],"inLanguage":"hr"},{"@type":"Organization","@id":"https:\/\/radioljubuski.ba\/#organization","name":"Radio Ljubu\u0161ki","url":"https:\/\/radioljubuski.ba\/","logo":{"@type":"ImageObject","inLanguage":"hr","@id":"https:\/\/radioljubuski.ba\/#\/schema\/logo\/image\/","url":"https:\/\/radioljubuski.ba\/wp-content\/uploads\/2021\/02\/cropped-Radio_Ljubuski_logo1.jpg","contentUrl":"https:\/\/radioljubuski.ba\/wp-content\/uploads\/2021\/02\/cropped-Radio_Ljubuski_logo1.jpg","width":512,"height":512,"caption":"Radio Ljubu\u0161ki"},"image":{"@id":"https:\/\/radioljubuski.ba\/#\/schema\/logo\/image\/"},"sameAs":["https:\/\/www.facebook.com\/Radiio-Ljubuski-1490835324566332","https:\/\/x.com\/radioljubuski","https:\/\/hr.linkedin.com\/company\/radio-ljubuski","https:\/\/www.youtube.com\/channel\/UCHYaeO_n0Db3tjNGudGpXyw"]},{"@type":"Person","@id":"https:\/\/radioljubuski.ba\/#\/schema\/person\/19fc700381a780f69665d7956c469e3b","name":"Radio Ljubu\u0161ki"}]}},"_links":{"self":[{"href":"https:\/\/radioljubuski.ba\/index.php\/wp-json\/wp\/v2\/posts\/131893","targetHints":{"allow":["GET"]}}],"collection":[{"href":"https:\/\/radioljubuski.ba\/index.php\/wp-json\/wp\/v2\/posts"}],"about":[{"href":"https:\/\/radioljubuski.ba\/index.php\/wp-json\/wp\/v2\/types\/post"}],"author":[{"embeddable":true,"href":"https:\/\/radioljubuski.ba\/index.php\/wp-json\/wp\/v2\/users\/2"}],"replies":[{"embeddable":true,"href":"https:\/\/radioljubuski.ba\/index.php\/wp-json\/wp\/v2\/comments?post=131893"}],"version-history":[{"count":1,"href":"https:\/\/radioljubuski.ba\/index.php\/wp-json\/wp\/v2\/posts\/131893\/revisions"}],"predecessor-version":[{"id":131897,"href":"https:\/\/radioljubuski.ba\/index.php\/wp-json\/wp\/v2\/posts\/131893\/revisions\/131897"}],"wp:featuredmedia":[{"embeddable":true,"href":"https:\/\/radioljubuski.ba\/index.php\/wp-json\/wp\/v2\/media\/131895"}],"wp:attachment":[{"href":"https:\/\/radioljubuski.ba\/index.php\/wp-json\/wp\/v2\/media?parent=131893"}],"wp:term":[{"taxonomy":"category","embeddable":true,"href":"https:\/\/radioljubuski.ba\/index.php\/wp-json\/wp\/v2\/categories?post=131893"},{"taxonomy":"post_tag","embeddable":true,"href":"https:\/\/radioljubuski.ba\/index.php\/wp-json\/wp\/v2\/tags?post=131893"}],"curies":[{"name":"wp","href":"https:\/\/api.w.org\/{rel}","templated":true}]}}