{"id":131898,"date":"2022-04-13T11:31:21","date_gmt":"2022-04-13T10:31:21","guid":{"rendered":"https:\/\/radioljubuski.ba\/?p=131898"},"modified":"2022-04-13T11:32:01","modified_gmt":"2022-04-13T10:32:01","slug":"hrvatska-delegacija-obisla-mjesta-stradanja-hrvata-u-hercegovini","status":"publish","type":"post","link":"https:\/\/radioljubuski.ba\/index.php\/2022\/04\/13\/hrvatska-delegacija-obisla-mjesta-stradanja-hrvata-u-hercegovini\/","title":{"rendered":"Hrvatska delegacija obi\u0161la mjesta stradanja Hrvata u Hercegovini"},"content":{"rendered":"\n<p>Njeguju\u0107i kulturu sje\u0107anja i prisje\u0107aju\u0107i se prvih \u017ertava Drugog svjetskog rata i pora\u0107a Hrvatsko \u017ertvoslovno dru\u0161tvo iz Zagreba, Odjel za drugi svjetski rat i pora\u0107e Hrvatskog narodnog sabora i Sredi\u0161te Hrvatskog svjetskog kongresa za istra\u017eivanje posljedica totalitarizama u BiH organizirali su hodo\u010da\u0161\u0107e pod nazivom &#8220;Stopama uporno pre\u0161u\u0107ivanih hrvatskih \u017ertava u \u010detrdesetim godinama 20. stolje\u0107a&#8221;.<\/p>\n\n\n\n<p>Hodo\u010dasnici su 12. travnja polo\u017eili vijence i upalili svije\u0107e za nevine \u017ertve pred sredi\u0161njim spomenikom u Ljubu\u0161kom, u \u010capljini, u Strugama na groblju Gorica, na Radimlji u Stocu pred spomenikom na masovnoj grobnici, u Mostaru \u2013 Ili\u0107i na Bak\u0161imu te u \u0160irokom Brijegu.<\/p>\n\n\n\n<p>Na svakom od posje\u0107enih mjesta govorilo se o povijesnim \u010dinjenicama, zapisima svjedoka i otkrivenim istra\u017eivanjima. Ispred Hrvatskog \u017ertvoslovnog dru\u0161tava nazo\u010dnim su se obratili Ante Beljo predsjednik H\u017dD i tajnik Tanja Mikac Vidovi\u0107 , Anita Martinac predsjednica SHSK i knji\u017eevnica, Stanislav Vukorep, Vesna Slobo\u0111an i Manule Martinovi\u0107 svi publicisti i istra\u017eiva\u010di.<\/p>\n\n\n\n<p><strong>Polo\u017eili vijence<\/strong><\/p>\n\n\n\n<p>Prilikom posjete spomenicima u navedenim mjestima tako\u0111er su nazo\u010dili i predstavnici op\u0107ina i gradova, povjerenici za popis \u017ertava i grobi\u0161ta Drugog svjetsko rata i pora\u0107a te predstavnici udruga proisteklih iz domovinskog rata.<\/p>\n\n\n\n<p>Tako su u Ljubu\u0161kom, uz nazo\u010dnost gradona\u010delnika Vedrana Markoti\u0107a, predsjednika op\u0107inskog vije\u0107a Tihomira Kvesi\u0107a te ostalih predstavnika gradskih slu\u017ebi i predstavnika udruga, vijenac polo\u017eili Ante Beljo predsjednik Hrvatskog \u017ertvoslovnog dru\u0161tva i Mile Pu\u0161i\u0107 voditelj Odjela za Drugi svjetski rat i pora\u0107e pred centralnim spomenikom u Ljubu\u0161kom na Trgu dr. Franje Tu\u0111mana.<\/p>\n\n\n\n<p>Molitvu je predvodio huma\u010dki gvardijan fra Dario Dodig.<\/p>\n\n\n\n<p>Nakon toga izaslanstvo je u \u010capljini pred spomenikom Hrvatskoj slobodi i spomen plo\u010dama sa popisom imena svih \u017ertava polo\u017eilo vijenac uz nazo\u010dnost op\u0107inskih predstavnika i povjerenika za popis \u017ertava u \u010capljini \u017deljka Sokola.<\/p>\n\n\n\n<p>&nbsp;Pred spomenikom se nazo\u010dnim obratio Stanislav Vukorep koji je iznio neke od rezultata dugogodi\u0161njeg istra\u017eivanja na temelju uzimanja iskaza pre\u017eivjelih svjedoka te dosada\u0161njih objavljenih radova. Delegacija je nakon toga posjetila i groblje u Gorici\u2013 Struge, gdje su se i dogodili prvi zlo\u010dini nad nedu\u017enim stanovni\u0161tvom 13.,14. i 15. travnja 1941. godine.<\/p>\n\n\n\n<p><strong>Zlo\u010dini o kojima se ne pri\u010da<\/strong><\/p>\n\n\n\n<p>U Stocu je delegaciju do\u010dekao gradona\u010delnik Stjepan Bo\u0161kovi\u0107 s predstavnicima gradskih slu\u017ebi, povjerenika i predstavnika udruga, a vijenac su polo\u017eili Ante Beljo i Anita Martinac te Stjepan Bo\u0161kovi\u0107 i Mile Pu\u0161i\u0107. Molitvu je predvodio \u017eupnik don Ljubo Planini\u0107.<\/p>\n\n\n\n<p>Najavljena je i sveta misa za sve \u017ertve komunizma za 29. svibanj koja \u0107e biti uprili\u010dena upravo na Radimlji. U tom periodu 1941. zlo\u010dini su se dogodili i u Mostaru, to\u010dnije u Ili\u0107ima i Cimu gdje je ubijeni hrvatski civili od strane \u010detni\u010dkih odjela, koji su pripadali redovitoj srpskoj vojsci. Tako\u0111er tada su spaljene ku\u0107e uz potresne prizore zlo\u010dina.<\/p>\n\n\n\n<p>Polo\u017een je vijenac pred Gospinim kipom na Bak\u0161imu gdje se nazo\u010dnima obratila Anita Martinac, Ante Beljo i Manuel Martinovi\u0107 publicist i istra\u017eiva\u010d.<\/p>\n\n\n\n<p>Delegacija je obi\u0161la i Groblje mira na Bilima a nakon toga su se poklonili pobijenim franjevcima u skloni\u0161tu kod Crkve Uznesenja BDM u \u0160irokom Brijegu, gdje je molitvu predvodio fra Miljenko Stoji\u0107.<\/p>\n\n\n\n<p>Ono \u0161to je va\u017eno istaknuti prilikom ovih posje\u0107enih mjesta stradanja je \u010dinjenica da se o ovim zlo\u010dinima nedovoljno govori i pi\u0161e te je upu\u0107en poziv javnosti da njeguju kulturu sje\u0107anja sukladno Europskim konvencijama.<\/p>\n\n\n\n<p>Dostojno i civilizirano obilje\u017eavanje je najmanja satisfakcija koja se mo\u017ee u\u010diniti, te na ovaj na\u010din organizatori poti\u010du na promi\u0161ljanje osjetljivih i kompleksnih pitanja na\u0161e pro\u0161losti&nbsp; kako bi sljede\u0107e generacije mogle iz nje u\u010diti i graditi su\u017eivot na temeljima demokracije i uva\u017eavanja temeljnih ljudskih i nacionalnih prava.<\/p>\n\n\n\n<p>Izvor: Bljesak.info<\/p>\n","protected":false},"excerpt":{"rendered":"<p>Njeguju\u0107i kulturu sje\u0107anja i prisje\u0107aju\u0107i se prvih \u017ertava Drugog svjetskog rata i pora\u0107a Hrvatsko \u017ertvoslovno dru\u0161tvo iz Zagreba, Odjel za drugi svjetski rat i pora\u0107e Hrvatskog narodnog sabora i Sredi\u0161te Hrvatskog svjetskog kongresa za istra\u017eivanje posljedica totalitarizama u BiH organizirali su hodo\u010da\u0161\u0107e pod nazivom &#8220;Stopama uporno pre\u0161u\u0107ivanih hrvatskih \u017ertava u \u010detrdesetim godinama 20. stolje\u0107a&#8221;. Hodo\u010dasnici [&hellip;]<\/p>\n","protected":false},"author":2,"featured_media":131899,"comment_status":"closed","ping_status":"closed","sticky":false,"template":"","format":"standard","meta":{"h5ap_radio_sources":[],"footnotes":""},"categories":[1],"tags":[],"class_list":["post-131898","post","type-post","status-publish","format-standard","has-post-thumbnail","hentry","category-bihiregija"],"yoast_head":"<!-- This site is optimized with the Yoast SEO plugin v27.5 - https:\/\/yoast.com\/product\/yoast-seo-wordpress\/ -->\n<title>Hrvatska delegacija obi\u0161la mjesta stradanja Hrvata u Hercegovini - RADIO LJUBU\u0160KI<\/title>\n<meta name=\"robots\" content=\"index, follow, max-snippet:-1, max-image-preview:large, max-video-preview:-1\" \/>\n<link rel=\"canonical\" href=\"https:\/\/radioljubuski.ba\/index.php\/2022\/04\/13\/hrvatska-delegacija-obisla-mjesta-stradanja-hrvata-u-hercegovini\/\" \/>\n<meta property=\"og:locale\" content=\"hr_HR\" \/>\n<meta property=\"og:type\" content=\"article\" \/>\n<meta property=\"og:title\" content=\"Hrvatska delegacija obi\u0161la mjesta stradanja Hrvata u Hercegovini - RADIO LJUBU\u0160KI\" \/>\n<meta property=\"og:description\" content=\"Njeguju\u0107i kulturu sje\u0107anja i prisje\u0107aju\u0107i se prvih \u017ertava Drugog svjetskog rata i pora\u0107a Hrvatsko \u017ertvoslovno dru\u0161tvo iz Zagreba, Odjel za drugi svjetski rat i pora\u0107e Hrvatskog narodnog sabora i Sredi\u0161te Hrvatskog svjetskog kongresa za istra\u017eivanje posljedica totalitarizama u BiH organizirali su hodo\u010da\u0161\u0107e pod nazivom &#8220;Stopama uporno pre\u0161u\u0107ivanih hrvatskih \u017ertava u \u010detrdesetim godinama 20. stolje\u0107a&#8221;. Hodo\u010dasnici [&hellip;]\" \/>\n<meta property=\"og:url\" content=\"https:\/\/radioljubuski.ba\/index.php\/2022\/04\/13\/hrvatska-delegacija-obisla-mjesta-stradanja-hrvata-u-hercegovini\/\" \/>\n<meta property=\"og:site_name\" content=\"RADIO LJUBU\u0160KI\" \/>\n<meta property=\"article:publisher\" content=\"https:\/\/www.facebook.com\/Radiio-Ljubuski-1490835324566332\" \/>\n<meta property=\"article:published_time\" content=\"2022-04-13T10:31:21+00:00\" \/>\n<meta property=\"article:modified_time\" content=\"2022-04-13T10:32:01+00:00\" \/>\n<meta property=\"og:image\" content=\"https:\/\/radioljubuski.ba\/wp-content\/uploads\/2022\/04\/izaslanstvo-mjestastradanjahrvata-hercegovina1.jpg\" \/>\n\t<meta property=\"og:image:width\" content=\"800\" \/>\n\t<meta property=\"og:image:height\" content=\"550\" \/>\n\t<meta property=\"og:image:type\" content=\"image\/jpeg\" \/>\n<meta name=\"author\" content=\"Radio Ljubu\u0161ki\" \/>\n<meta name=\"twitter:card\" content=\"summary_large_image\" \/>\n<meta name=\"twitter:creator\" content=\"@radioljubuski\" \/>\n<meta name=\"twitter:site\" content=\"@radioljubuski\" \/>\n<meta name=\"twitter:label1\" content=\"Napisao\/la\" \/>\n\t<meta name=\"twitter:data1\" content=\"Radio Ljubu\u0161ki\" \/>\n\t<meta name=\"twitter:label2\" content=\"Procijenjeno vrijeme \u010ditanja\" \/>\n\t<meta name=\"twitter:data2\" content=\"3 minute\" \/>\n<script type=\"application\/ld+json\" class=\"yoast-schema-graph\">{\"@context\":\"https:\\\/\\\/schema.org\",\"@graph\":[{\"@type\":\"Article\",\"@id\":\"https:\\\/\\\/radioljubuski.ba\\\/index.php\\\/2022\\\/04\\\/13\\\/hrvatska-delegacija-obisla-mjesta-stradanja-hrvata-u-hercegovini\\\/#article\",\"isPartOf\":{\"@id\":\"https:\\\/\\\/radioljubuski.ba\\\/index.php\\\/2022\\\/04\\\/13\\\/hrvatska-delegacija-obisla-mjesta-stradanja-hrvata-u-hercegovini\\\/\"},\"author\":{\"name\":\"Radio Ljubu\u0161ki\",\"@id\":\"https:\\\/\\\/radioljubuski.ba\\\/#\\\/schema\\\/person\\\/19fc700381a780f69665d7956c469e3b\"},\"headline\":\"Hrvatska delegacija obi\u0161la mjesta stradanja Hrvata u Hercegovini\",\"datePublished\":\"2022-04-13T10:31:21+00:00\",\"dateModified\":\"2022-04-13T10:32:01+00:00\",\"mainEntityOfPage\":{\"@id\":\"https:\\\/\\\/radioljubuski.ba\\\/index.php\\\/2022\\\/04\\\/13\\\/hrvatska-delegacija-obisla-mjesta-stradanja-hrvata-u-hercegovini\\\/\"},\"wordCount\":669,\"publisher\":{\"@id\":\"https:\\\/\\\/radioljubuski.ba\\\/#organization\"},\"image\":{\"@id\":\"https:\\\/\\\/radioljubuski.ba\\\/index.php\\\/2022\\\/04\\\/13\\\/hrvatska-delegacija-obisla-mjesta-stradanja-hrvata-u-hercegovini\\\/#primaryimage\"},\"thumbnailUrl\":\"https:\\\/\\\/radioljubuski.ba\\\/wp-content\\\/uploads\\\/2022\\\/04\\\/izaslanstvo-mjestastradanjahrvata-hercegovina1.jpg\",\"articleSection\":[\"BIH i regija\"],\"inLanguage\":\"hr\"},{\"@type\":\"WebPage\",\"@id\":\"https:\\\/\\\/radioljubuski.ba\\\/index.php\\\/2022\\\/04\\\/13\\\/hrvatska-delegacija-obisla-mjesta-stradanja-hrvata-u-hercegovini\\\/\",\"url\":\"https:\\\/\\\/radioljubuski.ba\\\/index.php\\\/2022\\\/04\\\/13\\\/hrvatska-delegacija-obisla-mjesta-stradanja-hrvata-u-hercegovini\\\/\",\"name\":\"Hrvatska delegacija obi\u0161la mjesta stradanja Hrvata u Hercegovini - RADIO LJUBU\u0160KI\",\"isPartOf\":{\"@id\":\"https:\\\/\\\/radioljubuski.ba\\\/#website\"},\"primaryImageOfPage\":{\"@id\":\"https:\\\/\\\/radioljubuski.ba\\\/index.php\\\/2022\\\/04\\\/13\\\/hrvatska-delegacija-obisla-mjesta-stradanja-hrvata-u-hercegovini\\\/#primaryimage\"},\"image\":{\"@id\":\"https:\\\/\\\/radioljubuski.ba\\\/index.php\\\/2022\\\/04\\\/13\\\/hrvatska-delegacija-obisla-mjesta-stradanja-hrvata-u-hercegovini\\\/#primaryimage\"},\"thumbnailUrl\":\"https:\\\/\\\/radioljubuski.ba\\\/wp-content\\\/uploads\\\/2022\\\/04\\\/izaslanstvo-mjestastradanjahrvata-hercegovina1.jpg\",\"datePublished\":\"2022-04-13T10:31:21+00:00\",\"dateModified\":\"2022-04-13T10:32:01+00:00\",\"breadcrumb\":{\"@id\":\"https:\\\/\\\/radioljubuski.ba\\\/index.php\\\/2022\\\/04\\\/13\\\/hrvatska-delegacija-obisla-mjesta-stradanja-hrvata-u-hercegovini\\\/#breadcrumb\"},\"inLanguage\":\"hr\",\"potentialAction\":[{\"@type\":\"ReadAction\",\"target\":[\"https:\\\/\\\/radioljubuski.ba\\\/index.php\\\/2022\\\/04\\\/13\\\/hrvatska-delegacija-obisla-mjesta-stradanja-hrvata-u-hercegovini\\\/\"]}]},{\"@type\":\"ImageObject\",\"inLanguage\":\"hr\",\"@id\":\"https:\\\/\\\/radioljubuski.ba\\\/index.php\\\/2022\\\/04\\\/13\\\/hrvatska-delegacija-obisla-mjesta-stradanja-hrvata-u-hercegovini\\\/#primaryimage\",\"url\":\"https:\\\/\\\/radioljubuski.ba\\\/wp-content\\\/uploads\\\/2022\\\/04\\\/izaslanstvo-mjestastradanjahrvata-hercegovina1.jpg\",\"contentUrl\":\"https:\\\/\\\/radioljubuski.ba\\\/wp-content\\\/uploads\\\/2022\\\/04\\\/izaslanstvo-mjestastradanjahrvata-hercegovina1.jpg\",\"width\":800,\"height\":550},{\"@type\":\"BreadcrumbList\",\"@id\":\"https:\\\/\\\/radioljubuski.ba\\\/index.php\\\/2022\\\/04\\\/13\\\/hrvatska-delegacija-obisla-mjesta-stradanja-hrvata-u-hercegovini\\\/#breadcrumb\",\"itemListElement\":[{\"@type\":\"ListItem\",\"position\":1,\"name\":\"Po\u010detna stranica\",\"item\":\"https:\\\/\\\/radioljubuski.ba\\\/\"},{\"@type\":\"ListItem\",\"position\":2,\"name\":\"Hrvatska delegacija obi\u0161la mjesta stradanja Hrvata u Hercegovini\"}]},{\"@type\":\"WebSite\",\"@id\":\"https:\\\/\\\/radioljubuski.ba\\\/#website\",\"url\":\"https:\\\/\\\/radioljubuski.ba\\\/\",\"name\":\"Radio Ljubu\u0161ki\",\"description\":\"Sun\u010dana frekvencija Hercegovine\",\"publisher\":{\"@id\":\"https:\\\/\\\/radioljubuski.ba\\\/#organization\"},\"potentialAction\":[{\"@type\":\"SearchAction\",\"target\":{\"@type\":\"EntryPoint\",\"urlTemplate\":\"https:\\\/\\\/radioljubuski.ba\\\/?s={search_term_string}\"},\"query-input\":{\"@type\":\"PropertyValueSpecification\",\"valueRequired\":true,\"valueName\":\"search_term_string\"}}],\"inLanguage\":\"hr\"},{\"@type\":\"Organization\",\"@id\":\"https:\\\/\\\/radioljubuski.ba\\\/#organization\",\"name\":\"Radio Ljubu\u0161ki\",\"url\":\"https:\\\/\\\/radioljubuski.ba\\\/\",\"logo\":{\"@type\":\"ImageObject\",\"inLanguage\":\"hr\",\"@id\":\"https:\\\/\\\/radioljubuski.ba\\\/#\\\/schema\\\/logo\\\/image\\\/\",\"url\":\"https:\\\/\\\/radioljubuski.ba\\\/wp-content\\\/uploads\\\/2021\\\/02\\\/cropped-Radio_Ljubuski_logo1.jpg\",\"contentUrl\":\"https:\\\/\\\/radioljubuski.ba\\\/wp-content\\\/uploads\\\/2021\\\/02\\\/cropped-Radio_Ljubuski_logo1.jpg\",\"width\":512,\"height\":512,\"caption\":\"Radio Ljubu\u0161ki\"},\"image\":{\"@id\":\"https:\\\/\\\/radioljubuski.ba\\\/#\\\/schema\\\/logo\\\/image\\\/\"},\"sameAs\":[\"https:\\\/\\\/www.facebook.com\\\/Radiio-Ljubuski-1490835324566332\",\"https:\\\/\\\/x.com\\\/radioljubuski\",\"https:\\\/\\\/hr.linkedin.com\\\/company\\\/radio-ljubuski\",\"https:\\\/\\\/www.youtube.com\\\/channel\\\/UCHYaeO_n0Db3tjNGudGpXyw\"]},{\"@type\":\"Person\",\"@id\":\"https:\\\/\\\/radioljubuski.ba\\\/#\\\/schema\\\/person\\\/19fc700381a780f69665d7956c469e3b\",\"name\":\"Radio Ljubu\u0161ki\"}]}<\/script>\n<!-- \/ Yoast SEO plugin. -->","yoast_head_json":{"title":"Hrvatska delegacija obi\u0161la mjesta stradanja Hrvata u Hercegovini - RADIO LJUBU\u0160KI","robots":{"index":"index","follow":"follow","max-snippet":"max-snippet:-1","max-image-preview":"max-image-preview:large","max-video-preview":"max-video-preview:-1"},"canonical":"https:\/\/radioljubuski.ba\/index.php\/2022\/04\/13\/hrvatska-delegacija-obisla-mjesta-stradanja-hrvata-u-hercegovini\/","og_locale":"hr_HR","og_type":"article","og_title":"Hrvatska delegacija obi\u0161la mjesta stradanja Hrvata u Hercegovini - RADIO LJUBU\u0160KI","og_description":"Njeguju\u0107i kulturu sje\u0107anja i prisje\u0107aju\u0107i se prvih \u017ertava Drugog svjetskog rata i pora\u0107a Hrvatsko \u017ertvoslovno dru\u0161tvo iz Zagreba, Odjel za drugi svjetski rat i pora\u0107e Hrvatskog narodnog sabora i Sredi\u0161te Hrvatskog svjetskog kongresa za istra\u017eivanje posljedica totalitarizama u BiH organizirali su hodo\u010da\u0161\u0107e pod nazivom &#8220;Stopama uporno pre\u0161u\u0107ivanih hrvatskih \u017ertava u \u010detrdesetim godinama 20. stolje\u0107a&#8221;. Hodo\u010dasnici [&hellip;]","og_url":"https:\/\/radioljubuski.ba\/index.php\/2022\/04\/13\/hrvatska-delegacija-obisla-mjesta-stradanja-hrvata-u-hercegovini\/","og_site_name":"RADIO LJUBU\u0160KI","article_publisher":"https:\/\/www.facebook.com\/Radiio-Ljubuski-1490835324566332","article_published_time":"2022-04-13T10:31:21+00:00","article_modified_time":"2022-04-13T10:32:01+00:00","og_image":[{"width":800,"height":550,"url":"https:\/\/radioljubuski.ba\/wp-content\/uploads\/2022\/04\/izaslanstvo-mjestastradanjahrvata-hercegovina1.jpg","type":"image\/jpeg"}],"author":"Radio Ljubu\u0161ki","twitter_card":"summary_large_image","twitter_creator":"@radioljubuski","twitter_site":"@radioljubuski","twitter_misc":{"Napisao\/la":"Radio Ljubu\u0161ki","Procijenjeno vrijeme \u010ditanja":"3 minute"},"schema":{"@context":"https:\/\/schema.org","@graph":[{"@type":"Article","@id":"https:\/\/radioljubuski.ba\/index.php\/2022\/04\/13\/hrvatska-delegacija-obisla-mjesta-stradanja-hrvata-u-hercegovini\/#article","isPartOf":{"@id":"https:\/\/radioljubuski.ba\/index.php\/2022\/04\/13\/hrvatska-delegacija-obisla-mjesta-stradanja-hrvata-u-hercegovini\/"},"author":{"name":"Radio Ljubu\u0161ki","@id":"https:\/\/radioljubuski.ba\/#\/schema\/person\/19fc700381a780f69665d7956c469e3b"},"headline":"Hrvatska delegacija obi\u0161la mjesta stradanja Hrvata u Hercegovini","datePublished":"2022-04-13T10:31:21+00:00","dateModified":"2022-04-13T10:32:01+00:00","mainEntityOfPage":{"@id":"https:\/\/radioljubuski.ba\/index.php\/2022\/04\/13\/hrvatska-delegacija-obisla-mjesta-stradanja-hrvata-u-hercegovini\/"},"wordCount":669,"publisher":{"@id":"https:\/\/radioljubuski.ba\/#organization"},"image":{"@id":"https:\/\/radioljubuski.ba\/index.php\/2022\/04\/13\/hrvatska-delegacija-obisla-mjesta-stradanja-hrvata-u-hercegovini\/#primaryimage"},"thumbnailUrl":"https:\/\/radioljubuski.ba\/wp-content\/uploads\/2022\/04\/izaslanstvo-mjestastradanjahrvata-hercegovina1.jpg","articleSection":["BIH i regija"],"inLanguage":"hr"},{"@type":"WebPage","@id":"https:\/\/radioljubuski.ba\/index.php\/2022\/04\/13\/hrvatska-delegacija-obisla-mjesta-stradanja-hrvata-u-hercegovini\/","url":"https:\/\/radioljubuski.ba\/index.php\/2022\/04\/13\/hrvatska-delegacija-obisla-mjesta-stradanja-hrvata-u-hercegovini\/","name":"Hrvatska delegacija obi\u0161la mjesta stradanja Hrvata u Hercegovini - RADIO LJUBU\u0160KI","isPartOf":{"@id":"https:\/\/radioljubuski.ba\/#website"},"primaryImageOfPage":{"@id":"https:\/\/radioljubuski.ba\/index.php\/2022\/04\/13\/hrvatska-delegacija-obisla-mjesta-stradanja-hrvata-u-hercegovini\/#primaryimage"},"image":{"@id":"https:\/\/radioljubuski.ba\/index.php\/2022\/04\/13\/hrvatska-delegacija-obisla-mjesta-stradanja-hrvata-u-hercegovini\/#primaryimage"},"thumbnailUrl":"https:\/\/radioljubuski.ba\/wp-content\/uploads\/2022\/04\/izaslanstvo-mjestastradanjahrvata-hercegovina1.jpg","datePublished":"2022-04-13T10:31:21+00:00","dateModified":"2022-04-13T10:32:01+00:00","breadcrumb":{"@id":"https:\/\/radioljubuski.ba\/index.php\/2022\/04\/13\/hrvatska-delegacija-obisla-mjesta-stradanja-hrvata-u-hercegovini\/#breadcrumb"},"inLanguage":"hr","potentialAction":[{"@type":"ReadAction","target":["https:\/\/radioljubuski.ba\/index.php\/2022\/04\/13\/hrvatska-delegacija-obisla-mjesta-stradanja-hrvata-u-hercegovini\/"]}]},{"@type":"ImageObject","inLanguage":"hr","@id":"https:\/\/radioljubuski.ba\/index.php\/2022\/04\/13\/hrvatska-delegacija-obisla-mjesta-stradanja-hrvata-u-hercegovini\/#primaryimage","url":"https:\/\/radioljubuski.ba\/wp-content\/uploads\/2022\/04\/izaslanstvo-mjestastradanjahrvata-hercegovina1.jpg","contentUrl":"https:\/\/radioljubuski.ba\/wp-content\/uploads\/2022\/04\/izaslanstvo-mjestastradanjahrvata-hercegovina1.jpg","width":800,"height":550},{"@type":"BreadcrumbList","@id":"https:\/\/radioljubuski.ba\/index.php\/2022\/04\/13\/hrvatska-delegacija-obisla-mjesta-stradanja-hrvata-u-hercegovini\/#breadcrumb","itemListElement":[{"@type":"ListItem","position":1,"name":"Po\u010detna stranica","item":"https:\/\/radioljubuski.ba\/"},{"@type":"ListItem","position":2,"name":"Hrvatska delegacija obi\u0161la mjesta stradanja Hrvata u Hercegovini"}]},{"@type":"WebSite","@id":"https:\/\/radioljubuski.ba\/#website","url":"https:\/\/radioljubuski.ba\/","name":"Radio Ljubu\u0161ki","description":"Sun\u010dana frekvencija Hercegovine","publisher":{"@id":"https:\/\/radioljubuski.ba\/#organization"},"potentialAction":[{"@type":"SearchAction","target":{"@type":"EntryPoint","urlTemplate":"https:\/\/radioljubuski.ba\/?s={search_term_string}"},"query-input":{"@type":"PropertyValueSpecification","valueRequired":true,"valueName":"search_term_string"}}],"inLanguage":"hr"},{"@type":"Organization","@id":"https:\/\/radioljubuski.ba\/#organization","name":"Radio Ljubu\u0161ki","url":"https:\/\/radioljubuski.ba\/","logo":{"@type":"ImageObject","inLanguage":"hr","@id":"https:\/\/radioljubuski.ba\/#\/schema\/logo\/image\/","url":"https:\/\/radioljubuski.ba\/wp-content\/uploads\/2021\/02\/cropped-Radio_Ljubuski_logo1.jpg","contentUrl":"https:\/\/radioljubuski.ba\/wp-content\/uploads\/2021\/02\/cropped-Radio_Ljubuski_logo1.jpg","width":512,"height":512,"caption":"Radio Ljubu\u0161ki"},"image":{"@id":"https:\/\/radioljubuski.ba\/#\/schema\/logo\/image\/"},"sameAs":["https:\/\/www.facebook.com\/Radiio-Ljubuski-1490835324566332","https:\/\/x.com\/radioljubuski","https:\/\/hr.linkedin.com\/company\/radio-ljubuski","https:\/\/www.youtube.com\/channel\/UCHYaeO_n0Db3tjNGudGpXyw"]},{"@type":"Person","@id":"https:\/\/radioljubuski.ba\/#\/schema\/person\/19fc700381a780f69665d7956c469e3b","name":"Radio Ljubu\u0161ki"}]}},"_links":{"self":[{"href":"https:\/\/radioljubuski.ba\/index.php\/wp-json\/wp\/v2\/posts\/131898","targetHints":{"allow":["GET"]}}],"collection":[{"href":"https:\/\/radioljubuski.ba\/index.php\/wp-json\/wp\/v2\/posts"}],"about":[{"href":"https:\/\/radioljubuski.ba\/index.php\/wp-json\/wp\/v2\/types\/post"}],"author":[{"embeddable":true,"href":"https:\/\/radioljubuski.ba\/index.php\/wp-json\/wp\/v2\/users\/2"}],"replies":[{"embeddable":true,"href":"https:\/\/radioljubuski.ba\/index.php\/wp-json\/wp\/v2\/comments?post=131898"}],"version-history":[{"count":2,"href":"https:\/\/radioljubuski.ba\/index.php\/wp-json\/wp\/v2\/posts\/131898\/revisions"}],"predecessor-version":[{"id":131901,"href":"https:\/\/radioljubuski.ba\/index.php\/wp-json\/wp\/v2\/posts\/131898\/revisions\/131901"}],"wp:featuredmedia":[{"embeddable":true,"href":"https:\/\/radioljubuski.ba\/index.php\/wp-json\/wp\/v2\/media\/131899"}],"wp:attachment":[{"href":"https:\/\/radioljubuski.ba\/index.php\/wp-json\/wp\/v2\/media?parent=131898"}],"wp:term":[{"taxonomy":"category","embeddable":true,"href":"https:\/\/radioljubuski.ba\/index.php\/wp-json\/wp\/v2\/categories?post=131898"},{"taxonomy":"post_tag","embeddable":true,"href":"https:\/\/radioljubuski.ba\/index.php\/wp-json\/wp\/v2\/tags?post=131898"}],"curies":[{"name":"wp","href":"https:\/\/api.w.org\/{rel}","templated":true}]}}