{"id":131905,"date":"2022-04-13T11:39:53","date_gmt":"2022-04-13T10:39:53","guid":{"rendered":"https:\/\/radioljubuski.ba\/?p=131905"},"modified":"2022-04-13T11:39:54","modified_gmt":"2022-04-13T10:39:54","slug":"modriceva-genijalna-asistencija-i-benzemin-gol-za-realovo-polufinale","status":"publish","type":"post","link":"https:\/\/radioljubuski.ba\/index.php\/2022\/04\/13\/modriceva-genijalna-asistencija-i-benzemin-gol-za-realovo-polufinale\/","title":{"rendered":"Modri\u0107eva genijalna asistencija i Benzemin gol za Realovo polufinale!"},"content":{"rendered":"\n<p>Real Madrid pora\u017een je na svom Bernabeuu od Chelseja u uzvratnom susretu \u010detvrtinala Lige prvaka s 2:3, no zahvaljuju\u0107i pobjedi od 3:1 koju je ostvario u prvoj utakmici u Londonu izborio je polufinale Lige prvaka!<\/p>\n\n\n\n<p>Chelsea je u Madridu odigrao sjajno i poveo 0:3 golovima Masona Mounta (15), Antonija Ruedigera (51) i \u00a0Tima Wernera (75). <\/p>\n\n\n\n<p>No trenutak genijalnosti Luke Modri\u0107a, koji je fantasti\u010dno vanjskom stranom kopa\u010dke asistirao Rodrygu donio je &#8220;Kraljevskom klubu&#8221; u 80. minuti klju\u010dan gol, dovoljan za 1:3 i produ\u017eetke, u kojima je autor &#8220;hat-tricka&#8221; iz prve utakmice Karim Benzema pogotkom u 96. minuti osigurao Ancelottijevim momcima plasman me\u0111u \u010detiri najbolje mom\u010dadi Europe!<\/p>\n\n\n\n<p>Luka Modri\u0107 je odigrao cijelu utakmicu za Real, a Mateo Kova\u010di\u0107 je bio u po\u010detnom postavu Chelseaja te je igrao do 106. minute.<\/p>\n\n\n\n<p>Prvi udarac unutar okvira vrata u dvoboju Reala i Chelseaja donio je i prvi pogodak, a lopta je zavr\u0161ila u mre\u017ei doma\u0107e mom\u010dadi. U 15. minuti je akciju s lijeve strane pokrenuo Ruben Loftus-Cheek koji je odigrao prema Timu Werneru na rubu kaznenog prostora, a ovaj je bedrom produ\u017eio za Masona Mounta. Engleski reprezentativac se sjurio u kazneni prostor i desnom nogom pogodio lijevi kut Realovih vrata. Thibaut Courtois se ispru\u017eio koliko je mogao, ali udarac je bio dovoljno sna\u017ean i precizan da ga belgijski vratar nije uspio zaustaviti.<\/p>\n\n\n\n<p>Chelsea je visokim pritiskom nogometa\u0161a Reala potpuno neutralizirali, sveli na svega tri udarca i ostavili bez poku\u0161aja unutar okvira.<\/p>\n\n\n\n<p>Ni\u0161ta druga\u010diji nije bio ni po\u010detak drugog dijela i ve\u0107 u 51. minuti mom\u010dad Thomasa Tuchela je nadoknadila zaostatak za Stamford Bridgea. Igra\u010di Reala su protestirali kod suca Marciniaka zbog dosu\u0111enog udarca iz kuta, a on se pokazao kobnim za Madri\u0111ane. Ubacio je Mason Mount, a najvi\u0161i u skoku bio je Antonio Ruediger i glavom poslao loptu u lijevi kut za 2-0.<\/p>\n\n\n\n<p>Smrznuli su se Realovi navija\u010di u 62. minuti, kad je Marcos Alonso pogodio lijeve ra\u0161lje iz kaznenog prostora. No, nakon dvominutne provjere pogodak je opravdano poni\u0161ten, jer je \u0160panjolca lopta pogodila u ruku prije nego \u0161to je izveo sjajan udarac.<\/p>\n\n\n\n<p>Real se kona\u010dno u 66. minuti izborio za priliku. Uba\u010daj s lijeve strane \u010dekao je u kaznenom prostoru Karim Benzema. Ipak, autor &#8216;hat-tricka&#8217; u prvoj utakmici nije bio posebno inspiriran, a ni precizan u uzvratu pa je njegov udarac glavom zavr\u0161io na gredi.<\/p>\n\n\n\n<p>No, sve je to bilo tek zagrijavanje za ono \u0161to je slijedilo.<\/p>\n\n\n\n<p>U 75. minuti Chelsea je po tre\u0107i put svladao Courtoisa. Loptu je na lijevoj strani primio Timo Werner i s dva se &#8216;la\u017enjaka&#8217; rije\u0161io dvojice Realovih brani\u010da. Iza\u0161ao mu je Courtois u \u0161ut, ali je uspio samo toliko skrenuti loptu da ona jo\u0161 jednom zavr\u0161io u lijevom kutu.<\/p>\n\n\n\n<p>U 79. minuti se belgijski vratar ipak uspio istaknuti. Kai Havertz je mogao posti\u0107i i \u010detvrti pogodak za branitelje naslova, ali je Courtois obranio njegov udarac s desetak metara.<\/p>\n\n\n\n<p>Ve\u0107 u sljede\u0107em napadu Real je do\u0161ao do gola koji ga je ostavio u igri za polufinale, a u glavnoj kreativnoj ulozi na\u0161ao se Luka Modri\u0107. Kapetan hrvatske reprezentacije je milimetarski preciznim uba\u010dajem vanjskim dijelom desnog stopala pogodio Rodryga na vrhu peterca, a njemu je ostalo da samo podmetne nogu i po\u0161alje loptu u mre\u017eu.<\/p>\n\n\n\n<p>Dvije minute poslije Luka Modri\u0107 je mogao zaraditi status junaka, ali je njegov precizan udarac s ruba kaznenog prostora Edouard Mendy uspio zaustaviti krajnjim naporom.<\/p>\n\n\n\n<p>Chelsea nije \u010dekao produ\u017eetak, \u017eeljela je Tuchelova mom\u010dad do\u0107i i do \u010detvrtog pogotka u preostalom vremenu i malo je nedostajalo da do njega i do\u0111u.<\/p>\n\n\n\n<p>Dvaput je Mount bio u dobrim prilikama, jednom neprecizan, a drugi put blokiran. U su\u010devom dodatku je Christian Pulisic dvaput bio u kaznenom prostoru, no oba njegova udarca iz obe\u0107avaju\u0107ih situacija su bila neprecizna.<\/p>\n\n\n\n<p>Real je pre\u017eivio i do\u010dekao dodatnih 30 minuta produ\u017eetka.<\/p>\n\n\n\n<p>Samo \u0161est minuta igre u dodanom vremenu bilo je dovoljno doma\u0107inu da do\u0111e do pogotka vrijednog polufinala. Camavinga je oduzeo loptu u polovici gostiju i produ\u017eio za Viniciusa Jr. koji se sjurio po lijevoj strani. Brazilac je iz mrtvog kuta uspio zavrnuti prema sredini, gdje je ne\u010duvan bio Karim Benzema i glavom poslao loptu u mre\u017eu za veliki preokret.<\/p>\n\n\n\n<p>Chelsea je za ono \u0161to je pokazao u uzvratu jednako koliko i Real zaslu\u017eio plasman u polufinale, ali je platio visoku cijenu za nepreciznost svojih igra\u010da u zavr\u0161nici osnovnog dijela utakmice i produ\u017eetku. Statistika o 29 udaraca Tuchelove mom\u010dadi, a samo 10 Ancelottijeve, pokazuje koliko je Chelsea bio opasnija mom\u010dad. No, do polufinala nije stigao.<\/p>\n\n\n\n<p>Real Madrid \u0107e u polufinalu igrati protiv pobjednika polufinalnog dvoboja Manchester Citya i Atletico Madrida, u kojem engleski prvak na gostovanju u \u0160panjolskoj brani prednost od 1-0 iz prvog dvoboja.\u00a0<\/p>\n\n\n\n<p><strong>Izvor: Pogled.ba<\/strong><\/p>\n","protected":false},"excerpt":{"rendered":"<p>Real Madrid pora\u017een je na svom Bernabeuu od Chelseja u uzvratnom susretu \u010detvrtinala Lige prvaka s 2:3, no zahvaljuju\u0107i pobjedi od 3:1 koju je ostvario u prvoj utakmici u Londonu izborio je polufinale Lige prvaka! Chelsea je u Madridu odigrao sjajno i poveo 0:3 golovima Masona Mounta (15), Antonija Ruedigera (51) i \u00a0Tima Wernera (75). [&hellip;]<\/p>\n","protected":false},"author":2,"featured_media":131906,"comment_status":"closed","ping_status":"closed","sticky":false,"template":"","format":"standard","meta":{"h5ap_radio_sources":[],"footnotes":""},"categories":[7],"tags":[],"class_list":["post-131905","post","type-post","status-publish","format-standard","has-post-thumbnail","hentry","category-sport"],"yoast_head":"<!-- This site is optimized with the Yoast SEO plugin v27.5 - https:\/\/yoast.com\/product\/yoast-seo-wordpress\/ -->\n<title>Modri\u0107eva genijalna asistencija i Benzemin gol za Realovo polufinale! - RADIO LJUBU\u0160KI<\/title>\n<meta name=\"robots\" content=\"index, follow, max-snippet:-1, max-image-preview:large, max-video-preview:-1\" \/>\n<link rel=\"canonical\" href=\"https:\/\/radioljubuski.ba\/index.php\/2022\/04\/13\/modriceva-genijalna-asistencija-i-benzemin-gol-za-realovo-polufinale\/\" \/>\n<meta property=\"og:locale\" content=\"hr_HR\" \/>\n<meta property=\"og:type\" content=\"article\" \/>\n<meta property=\"og:title\" content=\"Modri\u0107eva genijalna asistencija i Benzemin gol za Realovo polufinale! - RADIO LJUBU\u0160KI\" \/>\n<meta property=\"og:description\" content=\"Real Madrid pora\u017een je na svom Bernabeuu od Chelseja u uzvratnom susretu \u010detvrtinala Lige prvaka s 2:3, no zahvaljuju\u0107i pobjedi od 3:1 koju je ostvario u prvoj utakmici u Londonu izborio je polufinale Lige prvaka! Chelsea je u Madridu odigrao sjajno i poveo 0:3 golovima Masona Mounta (15), Antonija Ruedigera (51) i \u00a0Tima Wernera (75). [&hellip;]\" \/>\n<meta property=\"og:url\" content=\"https:\/\/radioljubuski.ba\/index.php\/2022\/04\/13\/modriceva-genijalna-asistencija-i-benzemin-gol-za-realovo-polufinale\/\" \/>\n<meta property=\"og:site_name\" content=\"RADIO LJUBU\u0160KI\" \/>\n<meta property=\"article:publisher\" content=\"https:\/\/www.facebook.com\/Radiio-Ljubuski-1490835324566332\" \/>\n<meta property=\"article:published_time\" content=\"2022-04-13T10:39:53+00:00\" \/>\n<meta property=\"article:modified_time\" content=\"2022-04-13T10:39:54+00:00\" \/>\n<meta property=\"og:image\" content=\"https:\/\/radioljubuski.ba\/wp-content\/uploads\/2022\/04\/modric-1.jpg\" \/>\n\t<meta property=\"og:image:width\" content=\"1000\" \/>\n\t<meta property=\"og:image:height\" content=\"625\" \/>\n\t<meta property=\"og:image:type\" content=\"image\/jpeg\" \/>\n<meta name=\"author\" content=\"Radio Ljubu\u0161ki\" \/>\n<meta name=\"twitter:card\" content=\"summary_large_image\" \/>\n<meta name=\"twitter:creator\" content=\"@radioljubuski\" \/>\n<meta name=\"twitter:site\" content=\"@radioljubuski\" \/>\n<meta name=\"twitter:label1\" content=\"Napisao\/la\" \/>\n\t<meta name=\"twitter:data1\" content=\"Radio Ljubu\u0161ki\" \/>\n\t<meta name=\"twitter:label2\" content=\"Procijenjeno vrijeme \u010ditanja\" \/>\n\t<meta name=\"twitter:data2\" content=\"4 minute\" \/>\n<script type=\"application\/ld+json\" class=\"yoast-schema-graph\">{\"@context\":\"https:\\\/\\\/schema.org\",\"@graph\":[{\"@type\":\"Article\",\"@id\":\"https:\\\/\\\/radioljubuski.ba\\\/index.php\\\/2022\\\/04\\\/13\\\/modriceva-genijalna-asistencija-i-benzemin-gol-za-realovo-polufinale\\\/#article\",\"isPartOf\":{\"@id\":\"https:\\\/\\\/radioljubuski.ba\\\/index.php\\\/2022\\\/04\\\/13\\\/modriceva-genijalna-asistencija-i-benzemin-gol-za-realovo-polufinale\\\/\"},\"author\":{\"name\":\"Radio Ljubu\u0161ki\",\"@id\":\"https:\\\/\\\/radioljubuski.ba\\\/#\\\/schema\\\/person\\\/19fc700381a780f69665d7956c469e3b\"},\"headline\":\"Modri\u0107eva genijalna asistencija i Benzemin gol za Realovo polufinale!\",\"datePublished\":\"2022-04-13T10:39:53+00:00\",\"dateModified\":\"2022-04-13T10:39:54+00:00\",\"mainEntityOfPage\":{\"@id\":\"https:\\\/\\\/radioljubuski.ba\\\/index.php\\\/2022\\\/04\\\/13\\\/modriceva-genijalna-asistencija-i-benzemin-gol-za-realovo-polufinale\\\/\"},\"wordCount\":824,\"publisher\":{\"@id\":\"https:\\\/\\\/radioljubuski.ba\\\/#organization\"},\"image\":{\"@id\":\"https:\\\/\\\/radioljubuski.ba\\\/index.php\\\/2022\\\/04\\\/13\\\/modriceva-genijalna-asistencija-i-benzemin-gol-za-realovo-polufinale\\\/#primaryimage\"},\"thumbnailUrl\":\"https:\\\/\\\/radioljubuski.ba\\\/wp-content\\\/uploads\\\/2022\\\/04\\\/modric-1.jpg\",\"articleSection\":[\"\u0160port\"],\"inLanguage\":\"hr\"},{\"@type\":\"WebPage\",\"@id\":\"https:\\\/\\\/radioljubuski.ba\\\/index.php\\\/2022\\\/04\\\/13\\\/modriceva-genijalna-asistencija-i-benzemin-gol-za-realovo-polufinale\\\/\",\"url\":\"https:\\\/\\\/radioljubuski.ba\\\/index.php\\\/2022\\\/04\\\/13\\\/modriceva-genijalna-asistencija-i-benzemin-gol-za-realovo-polufinale\\\/\",\"name\":\"Modri\u0107eva genijalna asistencija i Benzemin gol za Realovo polufinale! - RADIO LJUBU\u0160KI\",\"isPartOf\":{\"@id\":\"https:\\\/\\\/radioljubuski.ba\\\/#website\"},\"primaryImageOfPage\":{\"@id\":\"https:\\\/\\\/radioljubuski.ba\\\/index.php\\\/2022\\\/04\\\/13\\\/modriceva-genijalna-asistencija-i-benzemin-gol-za-realovo-polufinale\\\/#primaryimage\"},\"image\":{\"@id\":\"https:\\\/\\\/radioljubuski.ba\\\/index.php\\\/2022\\\/04\\\/13\\\/modriceva-genijalna-asistencija-i-benzemin-gol-za-realovo-polufinale\\\/#primaryimage\"},\"thumbnailUrl\":\"https:\\\/\\\/radioljubuski.ba\\\/wp-content\\\/uploads\\\/2022\\\/04\\\/modric-1.jpg\",\"datePublished\":\"2022-04-13T10:39:53+00:00\",\"dateModified\":\"2022-04-13T10:39:54+00:00\",\"breadcrumb\":{\"@id\":\"https:\\\/\\\/radioljubuski.ba\\\/index.php\\\/2022\\\/04\\\/13\\\/modriceva-genijalna-asistencija-i-benzemin-gol-za-realovo-polufinale\\\/#breadcrumb\"},\"inLanguage\":\"hr\",\"potentialAction\":[{\"@type\":\"ReadAction\",\"target\":[\"https:\\\/\\\/radioljubuski.ba\\\/index.php\\\/2022\\\/04\\\/13\\\/modriceva-genijalna-asistencija-i-benzemin-gol-za-realovo-polufinale\\\/\"]}]},{\"@type\":\"ImageObject\",\"inLanguage\":\"hr\",\"@id\":\"https:\\\/\\\/radioljubuski.ba\\\/index.php\\\/2022\\\/04\\\/13\\\/modriceva-genijalna-asistencija-i-benzemin-gol-za-realovo-polufinale\\\/#primaryimage\",\"url\":\"https:\\\/\\\/radioljubuski.ba\\\/wp-content\\\/uploads\\\/2022\\\/04\\\/modric-1.jpg\",\"contentUrl\":\"https:\\\/\\\/radioljubuski.ba\\\/wp-content\\\/uploads\\\/2022\\\/04\\\/modric-1.jpg\",\"width\":1000,\"height\":625},{\"@type\":\"BreadcrumbList\",\"@id\":\"https:\\\/\\\/radioljubuski.ba\\\/index.php\\\/2022\\\/04\\\/13\\\/modriceva-genijalna-asistencija-i-benzemin-gol-za-realovo-polufinale\\\/#breadcrumb\",\"itemListElement\":[{\"@type\":\"ListItem\",\"position\":1,\"name\":\"Po\u010detna stranica\",\"item\":\"https:\\\/\\\/radioljubuski.ba\\\/\"},{\"@type\":\"ListItem\",\"position\":2,\"name\":\"Modri\u0107eva genijalna asistencija i Benzemin gol za Realovo polufinale!\"}]},{\"@type\":\"WebSite\",\"@id\":\"https:\\\/\\\/radioljubuski.ba\\\/#website\",\"url\":\"https:\\\/\\\/radioljubuski.ba\\\/\",\"name\":\"Radio Ljubu\u0161ki\",\"description\":\"Sun\u010dana frekvencija Hercegovine\",\"publisher\":{\"@id\":\"https:\\\/\\\/radioljubuski.ba\\\/#organization\"},\"potentialAction\":[{\"@type\":\"SearchAction\",\"target\":{\"@type\":\"EntryPoint\",\"urlTemplate\":\"https:\\\/\\\/radioljubuski.ba\\\/?s={search_term_string}\"},\"query-input\":{\"@type\":\"PropertyValueSpecification\",\"valueRequired\":true,\"valueName\":\"search_term_string\"}}],\"inLanguage\":\"hr\"},{\"@type\":\"Organization\",\"@id\":\"https:\\\/\\\/radioljubuski.ba\\\/#organization\",\"name\":\"Radio Ljubu\u0161ki\",\"url\":\"https:\\\/\\\/radioljubuski.ba\\\/\",\"logo\":{\"@type\":\"ImageObject\",\"inLanguage\":\"hr\",\"@id\":\"https:\\\/\\\/radioljubuski.ba\\\/#\\\/schema\\\/logo\\\/image\\\/\",\"url\":\"https:\\\/\\\/radioljubuski.ba\\\/wp-content\\\/uploads\\\/2021\\\/02\\\/cropped-Radio_Ljubuski_logo1.jpg\",\"contentUrl\":\"https:\\\/\\\/radioljubuski.ba\\\/wp-content\\\/uploads\\\/2021\\\/02\\\/cropped-Radio_Ljubuski_logo1.jpg\",\"width\":512,\"height\":512,\"caption\":\"Radio Ljubu\u0161ki\"},\"image\":{\"@id\":\"https:\\\/\\\/radioljubuski.ba\\\/#\\\/schema\\\/logo\\\/image\\\/\"},\"sameAs\":[\"https:\\\/\\\/www.facebook.com\\\/Radiio-Ljubuski-1490835324566332\",\"https:\\\/\\\/x.com\\\/radioljubuski\",\"https:\\\/\\\/hr.linkedin.com\\\/company\\\/radio-ljubuski\",\"https:\\\/\\\/www.youtube.com\\\/channel\\\/UCHYaeO_n0Db3tjNGudGpXyw\"]},{\"@type\":\"Person\",\"@id\":\"https:\\\/\\\/radioljubuski.ba\\\/#\\\/schema\\\/person\\\/19fc700381a780f69665d7956c469e3b\",\"name\":\"Radio Ljubu\u0161ki\"}]}<\/script>\n<!-- \/ Yoast SEO plugin. -->","yoast_head_json":{"title":"Modri\u0107eva genijalna asistencija i Benzemin gol za Realovo polufinale! - RADIO LJUBU\u0160KI","robots":{"index":"index","follow":"follow","max-snippet":"max-snippet:-1","max-image-preview":"max-image-preview:large","max-video-preview":"max-video-preview:-1"},"canonical":"https:\/\/radioljubuski.ba\/index.php\/2022\/04\/13\/modriceva-genijalna-asistencija-i-benzemin-gol-za-realovo-polufinale\/","og_locale":"hr_HR","og_type":"article","og_title":"Modri\u0107eva genijalna asistencija i Benzemin gol za Realovo polufinale! - RADIO LJUBU\u0160KI","og_description":"Real Madrid pora\u017een je na svom Bernabeuu od Chelseja u uzvratnom susretu \u010detvrtinala Lige prvaka s 2:3, no zahvaljuju\u0107i pobjedi od 3:1 koju je ostvario u prvoj utakmici u Londonu izborio je polufinale Lige prvaka! Chelsea je u Madridu odigrao sjajno i poveo 0:3 golovima Masona Mounta (15), Antonija Ruedigera (51) i \u00a0Tima Wernera (75). [&hellip;]","og_url":"https:\/\/radioljubuski.ba\/index.php\/2022\/04\/13\/modriceva-genijalna-asistencija-i-benzemin-gol-za-realovo-polufinale\/","og_site_name":"RADIO LJUBU\u0160KI","article_publisher":"https:\/\/www.facebook.com\/Radiio-Ljubuski-1490835324566332","article_published_time":"2022-04-13T10:39:53+00:00","article_modified_time":"2022-04-13T10:39:54+00:00","og_image":[{"width":1000,"height":625,"url":"https:\/\/radioljubuski.ba\/wp-content\/uploads\/2022\/04\/modric-1.jpg","type":"image\/jpeg"}],"author":"Radio Ljubu\u0161ki","twitter_card":"summary_large_image","twitter_creator":"@radioljubuski","twitter_site":"@radioljubuski","twitter_misc":{"Napisao\/la":"Radio Ljubu\u0161ki","Procijenjeno vrijeme \u010ditanja":"4 minute"},"schema":{"@context":"https:\/\/schema.org","@graph":[{"@type":"Article","@id":"https:\/\/radioljubuski.ba\/index.php\/2022\/04\/13\/modriceva-genijalna-asistencija-i-benzemin-gol-za-realovo-polufinale\/#article","isPartOf":{"@id":"https:\/\/radioljubuski.ba\/index.php\/2022\/04\/13\/modriceva-genijalna-asistencija-i-benzemin-gol-za-realovo-polufinale\/"},"author":{"name":"Radio Ljubu\u0161ki","@id":"https:\/\/radioljubuski.ba\/#\/schema\/person\/19fc700381a780f69665d7956c469e3b"},"headline":"Modri\u0107eva genijalna asistencija i Benzemin gol za Realovo polufinale!","datePublished":"2022-04-13T10:39:53+00:00","dateModified":"2022-04-13T10:39:54+00:00","mainEntityOfPage":{"@id":"https:\/\/radioljubuski.ba\/index.php\/2022\/04\/13\/modriceva-genijalna-asistencija-i-benzemin-gol-za-realovo-polufinale\/"},"wordCount":824,"publisher":{"@id":"https:\/\/radioljubuski.ba\/#organization"},"image":{"@id":"https:\/\/radioljubuski.ba\/index.php\/2022\/04\/13\/modriceva-genijalna-asistencija-i-benzemin-gol-za-realovo-polufinale\/#primaryimage"},"thumbnailUrl":"https:\/\/radioljubuski.ba\/wp-content\/uploads\/2022\/04\/modric-1.jpg","articleSection":["\u0160port"],"inLanguage":"hr"},{"@type":"WebPage","@id":"https:\/\/radioljubuski.ba\/index.php\/2022\/04\/13\/modriceva-genijalna-asistencija-i-benzemin-gol-za-realovo-polufinale\/","url":"https:\/\/radioljubuski.ba\/index.php\/2022\/04\/13\/modriceva-genijalna-asistencija-i-benzemin-gol-za-realovo-polufinale\/","name":"Modri\u0107eva genijalna asistencija i Benzemin gol za Realovo polufinale! - RADIO LJUBU\u0160KI","isPartOf":{"@id":"https:\/\/radioljubuski.ba\/#website"},"primaryImageOfPage":{"@id":"https:\/\/radioljubuski.ba\/index.php\/2022\/04\/13\/modriceva-genijalna-asistencija-i-benzemin-gol-za-realovo-polufinale\/#primaryimage"},"image":{"@id":"https:\/\/radioljubuski.ba\/index.php\/2022\/04\/13\/modriceva-genijalna-asistencija-i-benzemin-gol-za-realovo-polufinale\/#primaryimage"},"thumbnailUrl":"https:\/\/radioljubuski.ba\/wp-content\/uploads\/2022\/04\/modric-1.jpg","datePublished":"2022-04-13T10:39:53+00:00","dateModified":"2022-04-13T10:39:54+00:00","breadcrumb":{"@id":"https:\/\/radioljubuski.ba\/index.php\/2022\/04\/13\/modriceva-genijalna-asistencija-i-benzemin-gol-za-realovo-polufinale\/#breadcrumb"},"inLanguage":"hr","potentialAction":[{"@type":"ReadAction","target":["https:\/\/radioljubuski.ba\/index.php\/2022\/04\/13\/modriceva-genijalna-asistencija-i-benzemin-gol-za-realovo-polufinale\/"]}]},{"@type":"ImageObject","inLanguage":"hr","@id":"https:\/\/radioljubuski.ba\/index.php\/2022\/04\/13\/modriceva-genijalna-asistencija-i-benzemin-gol-za-realovo-polufinale\/#primaryimage","url":"https:\/\/radioljubuski.ba\/wp-content\/uploads\/2022\/04\/modric-1.jpg","contentUrl":"https:\/\/radioljubuski.ba\/wp-content\/uploads\/2022\/04\/modric-1.jpg","width":1000,"height":625},{"@type":"BreadcrumbList","@id":"https:\/\/radioljubuski.ba\/index.php\/2022\/04\/13\/modriceva-genijalna-asistencija-i-benzemin-gol-za-realovo-polufinale\/#breadcrumb","itemListElement":[{"@type":"ListItem","position":1,"name":"Po\u010detna stranica","item":"https:\/\/radioljubuski.ba\/"},{"@type":"ListItem","position":2,"name":"Modri\u0107eva genijalna asistencija i Benzemin gol za Realovo polufinale!"}]},{"@type":"WebSite","@id":"https:\/\/radioljubuski.ba\/#website","url":"https:\/\/radioljubuski.ba\/","name":"Radio Ljubu\u0161ki","description":"Sun\u010dana frekvencija Hercegovine","publisher":{"@id":"https:\/\/radioljubuski.ba\/#organization"},"potentialAction":[{"@type":"SearchAction","target":{"@type":"EntryPoint","urlTemplate":"https:\/\/radioljubuski.ba\/?s={search_term_string}"},"query-input":{"@type":"PropertyValueSpecification","valueRequired":true,"valueName":"search_term_string"}}],"inLanguage":"hr"},{"@type":"Organization","@id":"https:\/\/radioljubuski.ba\/#organization","name":"Radio Ljubu\u0161ki","url":"https:\/\/radioljubuski.ba\/","logo":{"@type":"ImageObject","inLanguage":"hr","@id":"https:\/\/radioljubuski.ba\/#\/schema\/logo\/image\/","url":"https:\/\/radioljubuski.ba\/wp-content\/uploads\/2021\/02\/cropped-Radio_Ljubuski_logo1.jpg","contentUrl":"https:\/\/radioljubuski.ba\/wp-content\/uploads\/2021\/02\/cropped-Radio_Ljubuski_logo1.jpg","width":512,"height":512,"caption":"Radio Ljubu\u0161ki"},"image":{"@id":"https:\/\/radioljubuski.ba\/#\/schema\/logo\/image\/"},"sameAs":["https:\/\/www.facebook.com\/Radiio-Ljubuski-1490835324566332","https:\/\/x.com\/radioljubuski","https:\/\/hr.linkedin.com\/company\/radio-ljubuski","https:\/\/www.youtube.com\/channel\/UCHYaeO_n0Db3tjNGudGpXyw"]},{"@type":"Person","@id":"https:\/\/radioljubuski.ba\/#\/schema\/person\/19fc700381a780f69665d7956c469e3b","name":"Radio Ljubu\u0161ki"}]}},"_links":{"self":[{"href":"https:\/\/radioljubuski.ba\/index.php\/wp-json\/wp\/v2\/posts\/131905","targetHints":{"allow":["GET"]}}],"collection":[{"href":"https:\/\/radioljubuski.ba\/index.php\/wp-json\/wp\/v2\/posts"}],"about":[{"href":"https:\/\/radioljubuski.ba\/index.php\/wp-json\/wp\/v2\/types\/post"}],"author":[{"embeddable":true,"href":"https:\/\/radioljubuski.ba\/index.php\/wp-json\/wp\/v2\/users\/2"}],"replies":[{"embeddable":true,"href":"https:\/\/radioljubuski.ba\/index.php\/wp-json\/wp\/v2\/comments?post=131905"}],"version-history":[{"count":1,"href":"https:\/\/radioljubuski.ba\/index.php\/wp-json\/wp\/v2\/posts\/131905\/revisions"}],"predecessor-version":[{"id":131907,"href":"https:\/\/radioljubuski.ba\/index.php\/wp-json\/wp\/v2\/posts\/131905\/revisions\/131907"}],"wp:featuredmedia":[{"embeddable":true,"href":"https:\/\/radioljubuski.ba\/index.php\/wp-json\/wp\/v2\/media\/131906"}],"wp:attachment":[{"href":"https:\/\/radioljubuski.ba\/index.php\/wp-json\/wp\/v2\/media?parent=131905"}],"wp:term":[{"taxonomy":"category","embeddable":true,"href":"https:\/\/radioljubuski.ba\/index.php\/wp-json\/wp\/v2\/categories?post=131905"},{"taxonomy":"post_tag","embeddable":true,"href":"https:\/\/radioljubuski.ba\/index.php\/wp-json\/wp\/v2\/tags?post=131905"}],"curies":[{"name":"wp","href":"https:\/\/api.w.org\/{rel}","templated":true}]}}