{"id":131908,"date":"2022-04-13T11:41:12","date_gmt":"2022-04-13T10:41:12","guid":{"rendered":"https:\/\/radioljubuski.ba\/?p=131908"},"modified":"2022-04-13T11:42:38","modified_gmt":"2022-04-13T10:42:38","slug":"oklopna-vozila-pred-sjedistem-vlade-rs-policija-tvrdi-da-je-dodik-ugrozen","status":"publish","type":"post","link":"https:\/\/radioljubuski.ba\/index.php\/2022\/04\/13\/oklopna-vozila-pred-sjedistem-vlade-rs-policija-tvrdi-da-je-dodik-ugrozen\/","title":{"rendered":"Oklopna vozila pred sjedi\u0161tem Vlade RS, policija tvrdi da je Dodik ugro\u017een"},"content":{"rendered":"\n<h5 class=\"wp-block-heading\">Policija Republike Srpske u srijedu je rasporedila oklopna vozila pred sjedi\u0161tem entitetske Vlade u Banjoj Luci a iz MUP-a RS je istodobno priop\u0107eno kako su mjere osiguranja \u010dlana Predsjedni\u0161tva BiH Milorada Dodika podignute na najvi\u0161u razinu.<\/h5>\n\n\n\n<p>Najmanje dva&nbsp;<strong>te\u0161ka oklopna vozila<\/strong>&nbsp;s oznakama policijske protuteroristi\u010dke postrojbe (SAJ) od jutarnjih su sati postavljena uz ulaz u sjedi\u0161te vlade RS a o razlozima nije ponu\u0111eno&nbsp;nikakvo poja\u0161njenje.<\/p>\n\n\n\n<p>IZ MUP-a RS priop\u0107ili su samo kako su \u201cod partnerskih slu\u017ebi\u201d dobili obavjest kako postoji mogu\u0107nost da \u201codre\u0111ena skupina\u201d\u00a0<strong>ugrozi sigurnost Dodika<\/strong>\u00a0i \u010dlanova njegove obitelji pa su stoga mjere njihova osiguranja podignute na najvi\u0161i stupanj.<\/p>\n\n\n\n<p>Policija RS poja\u010dala je djelovanje dan nakon \u0161to je visoki predstavnik za BiH&nbsp;<strong>Christian Schmidt<\/strong>&nbsp;suspendirao zakon kojim je entitetski parlament poku\u0161ao preuzeti vlasni\u0161tvo nad nekretninama koje pripadaju BiH kao dr\u017eavi.<\/p>\n\n\n\n<p>Dodik je odmah nakon toga izjavio kako&nbsp;<strong>ne&nbsp;priznaje Schmidta<\/strong>&nbsp;niti njegov mandat te je najavio kako odluke visokog predstavnika ne\u0107e po\u0161tovati.<\/p>\n\n\n\n<p><em><strong>Vi\u0161e volim potporu naroda<\/strong>&nbsp;nego zapadnih birokrata koji nam name\u0107u svoja pravila<\/em>, kazao je Dodik kako su ga u srijedu citirali lokalni mediji u RS.<\/p>\n\n\n\n<p>Dodiku se u srijedu u osudama visokog predstavnika pridru\u017eio i njegov strana\u010dki suradnik i predsjedatelj&nbsp;Vije\u0107a ministara BiH&nbsp;<strong>Zoran Tegeltija<\/strong>&nbsp;koji je izjavio kako je Schmidt do\u0161ao u BiH \u201cda bi unesre\u0107io srpski narod\u201d.<\/p>\n\n\n\n<p><em>Siguran sam da ni vladaju\u0107i ni oporba<strong>&nbsp;ne\u0107e prihvatiti Schmidtovu odluku<\/strong>,<\/em>&nbsp;kazao je Tegetija novinarima u Banjoj Luci.<\/p>\n\n\n\n<h4 class=\"wp-block-heading\">Potporu Dodiku i vlastima RS dalo rusko veleposlanstvo u BiH<\/h4>\n\n\n\n<p>Potporu Dodiku i vlastima RS u srijedu je dalo i<strong>&nbsp;rusko veleposlanstvo<\/strong>&nbsp;u BiH.<\/p>\n\n\n\n<p>U posebnoj izjavi u povodu odluke o suspenziji spornog zakona u RS naveli su kako Schmidta&nbsp;<strong>ne smatraju legitimnim visokim predstavnikom<\/strong>&nbsp;pa tako i sve njegove odluke smatraju nezakonitima a od Upravnog odbora Vije\u0107a za provedbu mira (PIC) zatra\u017eili su poni\u0161tavanje nametnih mjera.<\/p>\n\n\n\n<p><em>Ukoliko pojedini \u010dlanovi Upravnog odbora PIC-a nastave<strong>&nbsp;popu\u0161tati samovolji Christiana Schmidta<\/strong>, posebice ako se sankcije koriste protiv legalno izabranih politi\u010dara u BiH, onda \u0107e sva odgovornost za mogu\u0107u&nbsp;<strong>destabilizaciju u BiH<\/strong>&nbsp;pasti na predstavnike me\u0111unarodne zajednice<\/em>, stoji u priop\u0107enju veleposlanstva Rusije.<\/p>\n\n\n\n<p>Schmidtovom odlukom zakon o nepokretnoj imovini RS<strong>&nbsp;suspendiran je do pravorijeka Ustavnog suda BiH<\/strong>, a zahtjev za ocjenu ustavnosti u srijedu je podnijela skupina zastupnika Stranka demokratske akcije (SDA) u Parlamentu BiH.<\/p>\n\n\n\n<p>Izvor: Jabuka.tv<\/p>\n","protected":false},"excerpt":{"rendered":"<p>Policija Republike Srpske u srijedu je rasporedila oklopna vozila pred sjedi\u0161tem entitetske Vlade u Banjoj Luci a iz MUP-a RS je istodobno priop\u0107eno kako su mjere osiguranja \u010dlana Predsjedni\u0161tva BiH Milorada Dodika podignute na najvi\u0161u razinu. Najmanje dva&nbsp;te\u0161ka oklopna vozila&nbsp;s oznakama policijske protuteroristi\u010dke postrojbe (SAJ) od jutarnjih su sati postavljena uz ulaz u sjedi\u0161te vlade [&hellip;]<\/p>\n","protected":false},"author":2,"featured_media":131909,"comment_status":"closed","ping_status":"closed","sticky":false,"template":"","format":"standard","meta":{"h5ap_radio_sources":[],"footnotes":""},"categories":[1],"tags":[],"class_list":["post-131908","post","type-post","status-publish","format-standard","has-post-thumbnail","hentry","category-bihiregija"],"yoast_head":"<!-- This site is optimized with the Yoast SEO plugin v27.5 - https:\/\/yoast.com\/product\/yoast-seo-wordpress\/ -->\n<title>Oklopna vozila pred sjedi\u0161tem Vlade RS, policija tvrdi da je Dodik ugro\u017een - RADIO LJUBU\u0160KI<\/title>\n<meta name=\"robots\" content=\"index, follow, max-snippet:-1, max-image-preview:large, max-video-preview:-1\" \/>\n<link rel=\"canonical\" href=\"https:\/\/radioljubuski.ba\/index.php\/2022\/04\/13\/oklopna-vozila-pred-sjedistem-vlade-rs-policija-tvrdi-da-je-dodik-ugrozen\/\" \/>\n<meta property=\"og:locale\" content=\"hr_HR\" \/>\n<meta property=\"og:type\" content=\"article\" \/>\n<meta property=\"og:title\" content=\"Oklopna vozila pred sjedi\u0161tem Vlade RS, policija tvrdi da je Dodik ugro\u017een - RADIO LJUBU\u0160KI\" \/>\n<meta property=\"og:description\" content=\"Policija Republike Srpske u srijedu je rasporedila oklopna vozila pred sjedi\u0161tem entitetske Vlade u Banjoj Luci a iz MUP-a RS je istodobno priop\u0107eno kako su mjere osiguranja \u010dlana Predsjedni\u0161tva BiH Milorada Dodika podignute na najvi\u0161u razinu. Najmanje dva&nbsp;te\u0161ka oklopna vozila&nbsp;s oznakama policijske protuteroristi\u010dke postrojbe (SAJ) od jutarnjih su sati postavljena uz ulaz u sjedi\u0161te vlade [&hellip;]\" \/>\n<meta property=\"og:url\" content=\"https:\/\/radioljubuski.ba\/index.php\/2022\/04\/13\/oklopna-vozila-pred-sjedistem-vlade-rs-policija-tvrdi-da-je-dodik-ugrozen\/\" \/>\n<meta property=\"og:site_name\" content=\"RADIO LJUBU\u0160KI\" \/>\n<meta property=\"article:publisher\" content=\"https:\/\/www.facebook.com\/Radiio-Ljubuski-1490835324566332\" \/>\n<meta property=\"article:published_time\" content=\"2022-04-13T10:41:12+00:00\" \/>\n<meta property=\"article:modified_time\" content=\"2022-04-13T10:42:38+00:00\" \/>\n<meta property=\"og:image\" content=\"https:\/\/radioljubuski.ba\/wp-content\/uploads\/2022\/04\/oklopnjak.jpg\" \/>\n\t<meta property=\"og:image:width\" content=\"1000\" \/>\n\t<meta property=\"og:image:height\" content=\"702\" \/>\n\t<meta property=\"og:image:type\" content=\"image\/jpeg\" \/>\n<meta name=\"author\" content=\"Radio Ljubu\u0161ki\" \/>\n<meta name=\"twitter:card\" content=\"summary_large_image\" \/>\n<meta name=\"twitter:creator\" content=\"@radioljubuski\" \/>\n<meta name=\"twitter:site\" content=\"@radioljubuski\" \/>\n<meta name=\"twitter:label1\" content=\"Napisao\/la\" \/>\n\t<meta name=\"twitter:data1\" content=\"Radio Ljubu\u0161ki\" \/>\n\t<meta name=\"twitter:label2\" content=\"Procijenjeno vrijeme \u010ditanja\" \/>\n\t<meta name=\"twitter:data2\" content=\"2 minute\" \/>\n<script type=\"application\/ld+json\" class=\"yoast-schema-graph\">{\"@context\":\"https:\\\/\\\/schema.org\",\"@graph\":[{\"@type\":\"Article\",\"@id\":\"https:\\\/\\\/radioljubuski.ba\\\/index.php\\\/2022\\\/04\\\/13\\\/oklopna-vozila-pred-sjedistem-vlade-rs-policija-tvrdi-da-je-dodik-ugrozen\\\/#article\",\"isPartOf\":{\"@id\":\"https:\\\/\\\/radioljubuski.ba\\\/index.php\\\/2022\\\/04\\\/13\\\/oklopna-vozila-pred-sjedistem-vlade-rs-policija-tvrdi-da-je-dodik-ugrozen\\\/\"},\"author\":{\"name\":\"Radio Ljubu\u0161ki\",\"@id\":\"https:\\\/\\\/radioljubuski.ba\\\/#\\\/schema\\\/person\\\/19fc700381a780f69665d7956c469e3b\"},\"headline\":\"Oklopna vozila pred sjedi\u0161tem Vlade RS, policija tvrdi da je Dodik ugro\u017een\",\"datePublished\":\"2022-04-13T10:41:12+00:00\",\"dateModified\":\"2022-04-13T10:42:38+00:00\",\"mainEntityOfPage\":{\"@id\":\"https:\\\/\\\/radioljubuski.ba\\\/index.php\\\/2022\\\/04\\\/13\\\/oklopna-vozila-pred-sjedistem-vlade-rs-policija-tvrdi-da-je-dodik-ugrozen\\\/\"},\"wordCount\":447,\"publisher\":{\"@id\":\"https:\\\/\\\/radioljubuski.ba\\\/#organization\"},\"image\":{\"@id\":\"https:\\\/\\\/radioljubuski.ba\\\/index.php\\\/2022\\\/04\\\/13\\\/oklopna-vozila-pred-sjedistem-vlade-rs-policija-tvrdi-da-je-dodik-ugrozen\\\/#primaryimage\"},\"thumbnailUrl\":\"https:\\\/\\\/radioljubuski.ba\\\/wp-content\\\/uploads\\\/2022\\\/04\\\/oklopnjak.jpg\",\"articleSection\":[\"BIH i regija\"],\"inLanguage\":\"hr\"},{\"@type\":\"WebPage\",\"@id\":\"https:\\\/\\\/radioljubuski.ba\\\/index.php\\\/2022\\\/04\\\/13\\\/oklopna-vozila-pred-sjedistem-vlade-rs-policija-tvrdi-da-je-dodik-ugrozen\\\/\",\"url\":\"https:\\\/\\\/radioljubuski.ba\\\/index.php\\\/2022\\\/04\\\/13\\\/oklopna-vozila-pred-sjedistem-vlade-rs-policija-tvrdi-da-je-dodik-ugrozen\\\/\",\"name\":\"Oklopna vozila pred sjedi\u0161tem Vlade RS, policija tvrdi da je Dodik ugro\u017een - RADIO LJUBU\u0160KI\",\"isPartOf\":{\"@id\":\"https:\\\/\\\/radioljubuski.ba\\\/#website\"},\"primaryImageOfPage\":{\"@id\":\"https:\\\/\\\/radioljubuski.ba\\\/index.php\\\/2022\\\/04\\\/13\\\/oklopna-vozila-pred-sjedistem-vlade-rs-policija-tvrdi-da-je-dodik-ugrozen\\\/#primaryimage\"},\"image\":{\"@id\":\"https:\\\/\\\/radioljubuski.ba\\\/index.php\\\/2022\\\/04\\\/13\\\/oklopna-vozila-pred-sjedistem-vlade-rs-policija-tvrdi-da-je-dodik-ugrozen\\\/#primaryimage\"},\"thumbnailUrl\":\"https:\\\/\\\/radioljubuski.ba\\\/wp-content\\\/uploads\\\/2022\\\/04\\\/oklopnjak.jpg\",\"datePublished\":\"2022-04-13T10:41:12+00:00\",\"dateModified\":\"2022-04-13T10:42:38+00:00\",\"breadcrumb\":{\"@id\":\"https:\\\/\\\/radioljubuski.ba\\\/index.php\\\/2022\\\/04\\\/13\\\/oklopna-vozila-pred-sjedistem-vlade-rs-policija-tvrdi-da-je-dodik-ugrozen\\\/#breadcrumb\"},\"inLanguage\":\"hr\",\"potentialAction\":[{\"@type\":\"ReadAction\",\"target\":[\"https:\\\/\\\/radioljubuski.ba\\\/index.php\\\/2022\\\/04\\\/13\\\/oklopna-vozila-pred-sjedistem-vlade-rs-policija-tvrdi-da-je-dodik-ugrozen\\\/\"]}]},{\"@type\":\"ImageObject\",\"inLanguage\":\"hr\",\"@id\":\"https:\\\/\\\/radioljubuski.ba\\\/index.php\\\/2022\\\/04\\\/13\\\/oklopna-vozila-pred-sjedistem-vlade-rs-policija-tvrdi-da-je-dodik-ugrozen\\\/#primaryimage\",\"url\":\"https:\\\/\\\/radioljubuski.ba\\\/wp-content\\\/uploads\\\/2022\\\/04\\\/oklopnjak.jpg\",\"contentUrl\":\"https:\\\/\\\/radioljubuski.ba\\\/wp-content\\\/uploads\\\/2022\\\/04\\\/oklopnjak.jpg\",\"width\":1000,\"height\":702},{\"@type\":\"BreadcrumbList\",\"@id\":\"https:\\\/\\\/radioljubuski.ba\\\/index.php\\\/2022\\\/04\\\/13\\\/oklopna-vozila-pred-sjedistem-vlade-rs-policija-tvrdi-da-je-dodik-ugrozen\\\/#breadcrumb\",\"itemListElement\":[{\"@type\":\"ListItem\",\"position\":1,\"name\":\"Po\u010detna stranica\",\"item\":\"https:\\\/\\\/radioljubuski.ba\\\/\"},{\"@type\":\"ListItem\",\"position\":2,\"name\":\"Oklopna vozila pred sjedi\u0161tem Vlade RS, policija tvrdi da je Dodik ugro\u017een\"}]},{\"@type\":\"WebSite\",\"@id\":\"https:\\\/\\\/radioljubuski.ba\\\/#website\",\"url\":\"https:\\\/\\\/radioljubuski.ba\\\/\",\"name\":\"Radio Ljubu\u0161ki\",\"description\":\"Sun\u010dana frekvencija Hercegovine\",\"publisher\":{\"@id\":\"https:\\\/\\\/radioljubuski.ba\\\/#organization\"},\"potentialAction\":[{\"@type\":\"SearchAction\",\"target\":{\"@type\":\"EntryPoint\",\"urlTemplate\":\"https:\\\/\\\/radioljubuski.ba\\\/?s={search_term_string}\"},\"query-input\":{\"@type\":\"PropertyValueSpecification\",\"valueRequired\":true,\"valueName\":\"search_term_string\"}}],\"inLanguage\":\"hr\"},{\"@type\":\"Organization\",\"@id\":\"https:\\\/\\\/radioljubuski.ba\\\/#organization\",\"name\":\"Radio Ljubu\u0161ki\",\"url\":\"https:\\\/\\\/radioljubuski.ba\\\/\",\"logo\":{\"@type\":\"ImageObject\",\"inLanguage\":\"hr\",\"@id\":\"https:\\\/\\\/radioljubuski.ba\\\/#\\\/schema\\\/logo\\\/image\\\/\",\"url\":\"https:\\\/\\\/radioljubuski.ba\\\/wp-content\\\/uploads\\\/2021\\\/02\\\/cropped-Radio_Ljubuski_logo1.jpg\",\"contentUrl\":\"https:\\\/\\\/radioljubuski.ba\\\/wp-content\\\/uploads\\\/2021\\\/02\\\/cropped-Radio_Ljubuski_logo1.jpg\",\"width\":512,\"height\":512,\"caption\":\"Radio Ljubu\u0161ki\"},\"image\":{\"@id\":\"https:\\\/\\\/radioljubuski.ba\\\/#\\\/schema\\\/logo\\\/image\\\/\"},\"sameAs\":[\"https:\\\/\\\/www.facebook.com\\\/Radiio-Ljubuski-1490835324566332\",\"https:\\\/\\\/x.com\\\/radioljubuski\",\"https:\\\/\\\/hr.linkedin.com\\\/company\\\/radio-ljubuski\",\"https:\\\/\\\/www.youtube.com\\\/channel\\\/UCHYaeO_n0Db3tjNGudGpXyw\"]},{\"@type\":\"Person\",\"@id\":\"https:\\\/\\\/radioljubuski.ba\\\/#\\\/schema\\\/person\\\/19fc700381a780f69665d7956c469e3b\",\"name\":\"Radio Ljubu\u0161ki\"}]}<\/script>\n<!-- \/ Yoast SEO plugin. -->","yoast_head_json":{"title":"Oklopna vozila pred sjedi\u0161tem Vlade RS, policija tvrdi da je Dodik ugro\u017een - RADIO LJUBU\u0160KI","robots":{"index":"index","follow":"follow","max-snippet":"max-snippet:-1","max-image-preview":"max-image-preview:large","max-video-preview":"max-video-preview:-1"},"canonical":"https:\/\/radioljubuski.ba\/index.php\/2022\/04\/13\/oklopna-vozila-pred-sjedistem-vlade-rs-policija-tvrdi-da-je-dodik-ugrozen\/","og_locale":"hr_HR","og_type":"article","og_title":"Oklopna vozila pred sjedi\u0161tem Vlade RS, policija tvrdi da je Dodik ugro\u017een - RADIO LJUBU\u0160KI","og_description":"Policija Republike Srpske u srijedu je rasporedila oklopna vozila pred sjedi\u0161tem entitetske Vlade u Banjoj Luci a iz MUP-a RS je istodobno priop\u0107eno kako su mjere osiguranja \u010dlana Predsjedni\u0161tva BiH Milorada Dodika podignute na najvi\u0161u razinu. Najmanje dva&nbsp;te\u0161ka oklopna vozila&nbsp;s oznakama policijske protuteroristi\u010dke postrojbe (SAJ) od jutarnjih su sati postavljena uz ulaz u sjedi\u0161te vlade [&hellip;]","og_url":"https:\/\/radioljubuski.ba\/index.php\/2022\/04\/13\/oklopna-vozila-pred-sjedistem-vlade-rs-policija-tvrdi-da-je-dodik-ugrozen\/","og_site_name":"RADIO LJUBU\u0160KI","article_publisher":"https:\/\/www.facebook.com\/Radiio-Ljubuski-1490835324566332","article_published_time":"2022-04-13T10:41:12+00:00","article_modified_time":"2022-04-13T10:42:38+00:00","og_image":[{"width":1000,"height":702,"url":"https:\/\/radioljubuski.ba\/wp-content\/uploads\/2022\/04\/oklopnjak.jpg","type":"image\/jpeg"}],"author":"Radio Ljubu\u0161ki","twitter_card":"summary_large_image","twitter_creator":"@radioljubuski","twitter_site":"@radioljubuski","twitter_misc":{"Napisao\/la":"Radio Ljubu\u0161ki","Procijenjeno vrijeme \u010ditanja":"2 minute"},"schema":{"@context":"https:\/\/schema.org","@graph":[{"@type":"Article","@id":"https:\/\/radioljubuski.ba\/index.php\/2022\/04\/13\/oklopna-vozila-pred-sjedistem-vlade-rs-policija-tvrdi-da-je-dodik-ugrozen\/#article","isPartOf":{"@id":"https:\/\/radioljubuski.ba\/index.php\/2022\/04\/13\/oklopna-vozila-pred-sjedistem-vlade-rs-policija-tvrdi-da-je-dodik-ugrozen\/"},"author":{"name":"Radio Ljubu\u0161ki","@id":"https:\/\/radioljubuski.ba\/#\/schema\/person\/19fc700381a780f69665d7956c469e3b"},"headline":"Oklopna vozila pred sjedi\u0161tem Vlade RS, policija tvrdi da je Dodik ugro\u017een","datePublished":"2022-04-13T10:41:12+00:00","dateModified":"2022-04-13T10:42:38+00:00","mainEntityOfPage":{"@id":"https:\/\/radioljubuski.ba\/index.php\/2022\/04\/13\/oklopna-vozila-pred-sjedistem-vlade-rs-policija-tvrdi-da-je-dodik-ugrozen\/"},"wordCount":447,"publisher":{"@id":"https:\/\/radioljubuski.ba\/#organization"},"image":{"@id":"https:\/\/radioljubuski.ba\/index.php\/2022\/04\/13\/oklopna-vozila-pred-sjedistem-vlade-rs-policija-tvrdi-da-je-dodik-ugrozen\/#primaryimage"},"thumbnailUrl":"https:\/\/radioljubuski.ba\/wp-content\/uploads\/2022\/04\/oklopnjak.jpg","articleSection":["BIH i regija"],"inLanguage":"hr"},{"@type":"WebPage","@id":"https:\/\/radioljubuski.ba\/index.php\/2022\/04\/13\/oklopna-vozila-pred-sjedistem-vlade-rs-policija-tvrdi-da-je-dodik-ugrozen\/","url":"https:\/\/radioljubuski.ba\/index.php\/2022\/04\/13\/oklopna-vozila-pred-sjedistem-vlade-rs-policija-tvrdi-da-je-dodik-ugrozen\/","name":"Oklopna vozila pred sjedi\u0161tem Vlade RS, policija tvrdi da je Dodik ugro\u017een - RADIO LJUBU\u0160KI","isPartOf":{"@id":"https:\/\/radioljubuski.ba\/#website"},"primaryImageOfPage":{"@id":"https:\/\/radioljubuski.ba\/index.php\/2022\/04\/13\/oklopna-vozila-pred-sjedistem-vlade-rs-policija-tvrdi-da-je-dodik-ugrozen\/#primaryimage"},"image":{"@id":"https:\/\/radioljubuski.ba\/index.php\/2022\/04\/13\/oklopna-vozila-pred-sjedistem-vlade-rs-policija-tvrdi-da-je-dodik-ugrozen\/#primaryimage"},"thumbnailUrl":"https:\/\/radioljubuski.ba\/wp-content\/uploads\/2022\/04\/oklopnjak.jpg","datePublished":"2022-04-13T10:41:12+00:00","dateModified":"2022-04-13T10:42:38+00:00","breadcrumb":{"@id":"https:\/\/radioljubuski.ba\/index.php\/2022\/04\/13\/oklopna-vozila-pred-sjedistem-vlade-rs-policija-tvrdi-da-je-dodik-ugrozen\/#breadcrumb"},"inLanguage":"hr","potentialAction":[{"@type":"ReadAction","target":["https:\/\/radioljubuski.ba\/index.php\/2022\/04\/13\/oklopna-vozila-pred-sjedistem-vlade-rs-policija-tvrdi-da-je-dodik-ugrozen\/"]}]},{"@type":"ImageObject","inLanguage":"hr","@id":"https:\/\/radioljubuski.ba\/index.php\/2022\/04\/13\/oklopna-vozila-pred-sjedistem-vlade-rs-policija-tvrdi-da-je-dodik-ugrozen\/#primaryimage","url":"https:\/\/radioljubuski.ba\/wp-content\/uploads\/2022\/04\/oklopnjak.jpg","contentUrl":"https:\/\/radioljubuski.ba\/wp-content\/uploads\/2022\/04\/oklopnjak.jpg","width":1000,"height":702},{"@type":"BreadcrumbList","@id":"https:\/\/radioljubuski.ba\/index.php\/2022\/04\/13\/oklopna-vozila-pred-sjedistem-vlade-rs-policija-tvrdi-da-je-dodik-ugrozen\/#breadcrumb","itemListElement":[{"@type":"ListItem","position":1,"name":"Po\u010detna stranica","item":"https:\/\/radioljubuski.ba\/"},{"@type":"ListItem","position":2,"name":"Oklopna vozila pred sjedi\u0161tem Vlade RS, policija tvrdi da je Dodik ugro\u017een"}]},{"@type":"WebSite","@id":"https:\/\/radioljubuski.ba\/#website","url":"https:\/\/radioljubuski.ba\/","name":"Radio Ljubu\u0161ki","description":"Sun\u010dana frekvencija Hercegovine","publisher":{"@id":"https:\/\/radioljubuski.ba\/#organization"},"potentialAction":[{"@type":"SearchAction","target":{"@type":"EntryPoint","urlTemplate":"https:\/\/radioljubuski.ba\/?s={search_term_string}"},"query-input":{"@type":"PropertyValueSpecification","valueRequired":true,"valueName":"search_term_string"}}],"inLanguage":"hr"},{"@type":"Organization","@id":"https:\/\/radioljubuski.ba\/#organization","name":"Radio Ljubu\u0161ki","url":"https:\/\/radioljubuski.ba\/","logo":{"@type":"ImageObject","inLanguage":"hr","@id":"https:\/\/radioljubuski.ba\/#\/schema\/logo\/image\/","url":"https:\/\/radioljubuski.ba\/wp-content\/uploads\/2021\/02\/cropped-Radio_Ljubuski_logo1.jpg","contentUrl":"https:\/\/radioljubuski.ba\/wp-content\/uploads\/2021\/02\/cropped-Radio_Ljubuski_logo1.jpg","width":512,"height":512,"caption":"Radio Ljubu\u0161ki"},"image":{"@id":"https:\/\/radioljubuski.ba\/#\/schema\/logo\/image\/"},"sameAs":["https:\/\/www.facebook.com\/Radiio-Ljubuski-1490835324566332","https:\/\/x.com\/radioljubuski","https:\/\/hr.linkedin.com\/company\/radio-ljubuski","https:\/\/www.youtube.com\/channel\/UCHYaeO_n0Db3tjNGudGpXyw"]},{"@type":"Person","@id":"https:\/\/radioljubuski.ba\/#\/schema\/person\/19fc700381a780f69665d7956c469e3b","name":"Radio Ljubu\u0161ki"}]}},"_links":{"self":[{"href":"https:\/\/radioljubuski.ba\/index.php\/wp-json\/wp\/v2\/posts\/131908","targetHints":{"allow":["GET"]}}],"collection":[{"href":"https:\/\/radioljubuski.ba\/index.php\/wp-json\/wp\/v2\/posts"}],"about":[{"href":"https:\/\/radioljubuski.ba\/index.php\/wp-json\/wp\/v2\/types\/post"}],"author":[{"embeddable":true,"href":"https:\/\/radioljubuski.ba\/index.php\/wp-json\/wp\/v2\/users\/2"}],"replies":[{"embeddable":true,"href":"https:\/\/radioljubuski.ba\/index.php\/wp-json\/wp\/v2\/comments?post=131908"}],"version-history":[{"count":2,"href":"https:\/\/radioljubuski.ba\/index.php\/wp-json\/wp\/v2\/posts\/131908\/revisions"}],"predecessor-version":[{"id":131911,"href":"https:\/\/radioljubuski.ba\/index.php\/wp-json\/wp\/v2\/posts\/131908\/revisions\/131911"}],"wp:featuredmedia":[{"embeddable":true,"href":"https:\/\/radioljubuski.ba\/index.php\/wp-json\/wp\/v2\/media\/131909"}],"wp:attachment":[{"href":"https:\/\/radioljubuski.ba\/index.php\/wp-json\/wp\/v2\/media?parent=131908"}],"wp:term":[{"taxonomy":"category","embeddable":true,"href":"https:\/\/radioljubuski.ba\/index.php\/wp-json\/wp\/v2\/categories?post=131908"},{"taxonomy":"post_tag","embeddable":true,"href":"https:\/\/radioljubuski.ba\/index.php\/wp-json\/wp\/v2\/tags?post=131908"}],"curies":[{"name":"wp","href":"https:\/\/api.w.org\/{rel}","templated":true}]}}