{"id":131912,"date":"2022-04-13T12:05:31","date_gmt":"2022-04-13T11:05:31","guid":{"rendered":"https:\/\/radioljubuski.ba\/?p=131912"},"modified":"2022-04-13T12:05:32","modified_gmt":"2022-04-13T11:05:32","slug":"biskup-petar-palic-papa-franjo-je-svjestan-tenzija-u-bih-i-zna-s-cime-se-sve-susrecemo","status":"publish","type":"post","link":"https:\/\/radioljubuski.ba\/index.php\/2022\/04\/13\/biskup-petar-palic-papa-franjo-je-svjestan-tenzija-u-bih-i-zna-s-cime-se-sve-susrecemo\/","title":{"rendered":"Biskup Petar Pali\u0107: Papa Franjo je svjestan tenzija u BiH i zna s \u010dime se sve susre\u0107emo"},"content":{"rendered":"\n<p>\u201ePapa Franjo prati stanje u BiH, a potvrda tomu je nedavni dolazak nadbiskupa mons. Paula Richarda Gallaghera BiH\u201c, kazao je emisiji Kompas RTV-a Herceg-Bosne biskup mostarsko- duvanjski i apostolski upravitelj trebinjsko-mrkanski mons. Petar Pali\u0107. Pojasnio je da je rije\u010d o razini posjeta ministra vanjskih poslova Svete Stolice, a to zna\u010di da papa Franjo zna koje su kod nas tenzije i zna sve ono s \u010dim se mi danas susre\u0107emo.<\/p>\n\n\n\n<p>Kada gleda situaciju oko izmjena izbornog zakona u BiH isti\u010de da za pregovara\u010dkim stolom uvijek onaj drugi misli da ne\u0161to gubi.<\/p>\n\n\n\n<p>\u201eTo je veliki problem. Za to sam da se svima osigura pravni okvir i pravna sigurnost. Ako nemate pravnu sigurnost u nekoj dr\u017eavi te\u0161ko da bilo \u0161to kasnije mo\u017eete dalje nadogra\u0111ivati.\u201c<\/p>\n\n\n\n<p>Na pitanje urednika i voditelja emisije Miroslava Vasilja o odlasku mladih, nezaposlenosti i nepravdi koja se osjeti u BiH, rekao je kako s pravnom neure\u0111eno\u0161\u0107u idu mito i korupcija.<\/p>\n\n\n\n<p>\u201eNe poma\u017ee bijeg, poma\u017eu opstanak, ostanak, zauzimanje i borba. Nitko od me\u0111unarodnih, bilo koji faktora, ne mo\u017ee srediti situaciju. Mi koji smo tu moramo shvatiti gdje smo i \u0161to smo, moramo odrediti koji su nam prioriteti i onda mijenjati situaciju\u201c, istaknuo je biskup Pali\u0107.<\/p>\n\n\n\n<p>Kazao je kako neke statistike pokazuju da je BiH 2021. godine napustilo oko 170 tisu\u0107a osoba te kako 30 posto mladih ne vjeruje u bolju budu\u0107nost u BiH. \u201eTo je tragi\u010dno. Ovo su pitanja kojima bi se trebali baviti politi\u010dari i poku\u0161ati dati odgovore na njih. Katoli\u010dka crkva mo\u017ee svojom prisutno\u0161\u0107u dati poruku da se ne odri\u010demo ove zemlje nego nastojimo \u017eivjeti i buditi nadu.\u201c<\/p>\n\n\n\n<p>Dodao je kako mu je drago kada posje\u0107uje \u017eupe i vidi da se mladi ljudi uklju\u010duju u javni i politi\u010dki \u017eivot.<\/p>\n\n\n\n<p>\u201eTo je na\u0161a budu\u0107nost. Tako se mo\u017ee mijenjati. I izraelskom narodu je trebala cijela jedna generacija Izraelaca. Nisu u\u0161li u obe\u0107anu zemlju jer su se na tom putu pokazali korumpirani, nevjerni i tvrdoglavi. Sve to mi ne \u017eelimo, a primje\u0107ujemo kod nas. To nisu odlike pravog kr\u0161\u0107anina. Koja je to generacija koja \u0107e kod nas do\u017eivjeti ne\u0161to pozitivo, da stvari krenu naprijed te\u0161ko je re\u0107i\u201c, objasnio biskup Pali\u0107 te naglasio kako je najlak\u0161e odustati, ali nije uvijek najbolje.<\/p>\n\n\n\n<p>Komentirao je i tzv. hercegova\u010dki slu\u010daj. \u201eKao biskup na \u010dijem se podru\u010dju doga\u0111aju takve neregularnosti osje\u0107am odgovornost. Najgore je da su podjele u tim \u017eupama i jednostavno ne mo\u017eete rije\u0161iti situaciju ukoliko imate osobe koje nekanonski djeluju na tom podru\u010dju. Zabranjeno im je vr\u0161iti sve\u0107eni\u010dku slu\u017ebu, a nastavljaju i time se stvara dodatni nered.\u201c<\/p>\n\n\n\n<p>Objasnio je kako je to \u017ealosno stanje biskupije te da jedan dio shva\u0107a \u0161to to zna\u010di i odlaze u obli\u017enje \u017eupe primiti sakramente. \u201eOni koji ostaju sakrament potvrde im ne vrijedi te im, kada do\u0111u, poku\u0161avam ukazati da se sa sakramentima i sakramentalnim poretkom Crkve ne mo\u017eemo igrati kako nama odgovara.\u201c<\/p>\n\n\n\n<p>Biskup Pali\u0107 je rekao da ima dobru suradnju s apostolskim vizitatorom s posebnim ovlastima za \u017eupu Me\u0111ugorje nadbiskupom mons. Aldom Cavallijem. \u201eOn je svjestan svoje zada\u0107e i svoga poslanja. U Me\u0111ugorju ostaje zada\u0107a pratiti pastoralno sve \u0161to se tamo doga\u0111a. U ovom trenutku Crkva po papi Franji to \u010dini. Komisije su zavr\u0161ile svoj posao i predale papi Franji da on odlu\u010di. Ho\u0107e li odlu\u010diti, u kojem smjeru \u0107e se to razvijati uvijek ka\u017eem da Crkva ima vremena.\u201c<\/p>\n\n\n\n<p>Podr\u017eao je odluku o neradnim nedjeljama kako bi obitelji mogle biti na okupu te da se svakom \u010dovjeku pru\u017ei mogu\u0107nost da toga dana iska\u017ee Bogu hvalu.<\/p>\n\n\n\n<p>Rekao je kako je korizma liturgijsko vrijeme pripreme za Uskrs te da su njene posebnosti post, molitva i djela ljubavi.<\/p>\n\n\n\n<p>\u201eVeliki tjedan i korizma su vrijeme nade i da se ona u \u010dovjeku ne ugasi. Nada u pobjedu dobra, istine i pobjedu ljubavi nad mr\u017enjom. To je ono \u0161to vjernika nosi.\u201c<\/p>\n\n\n\n<p>Svim vjernicima \u010destitao je Uskrs i kazao kako je \u2013 Krist s nama, dionik \u017eivota i prati nas.<\/p>\n\n\n\n<iframe loading=\"lazy\" width=\"560\" height=\"315\" src=\"https:\/\/www.youtube.com\/embed\/nmzUB-RmO6c\" title=\"YouTube video player\" frameborder=\"0\" allow=\"accelerometer; autoplay; clipboard-write; encrypted-media; gyroscope; picture-in-picture\" allowfullscreen><\/iframe>\n\n\n\n<p><strong>Izvor: Pogled.ba<\/strong><\/p>\n","protected":false},"excerpt":{"rendered":"<p>\u201ePapa Franjo prati stanje u BiH, a potvrda tomu je nedavni dolazak nadbiskupa mons. Paula Richarda Gallaghera BiH\u201c, kazao je emisiji Kompas RTV-a Herceg-Bosne biskup mostarsko- duvanjski i apostolski upravitelj trebinjsko-mrkanski mons. Petar Pali\u0107. Pojasnio je da je rije\u010d o razini posjeta ministra vanjskih poslova Svete Stolice, a to zna\u010di da papa Franjo zna koje [&hellip;]<\/p>\n","protected":false},"author":2,"featured_media":131913,"comment_status":"closed","ping_status":"closed","sticky":false,"template":"","format":"standard","meta":{"h5ap_radio_sources":[],"footnotes":""},"categories":[1],"tags":[],"class_list":["post-131912","post","type-post","status-publish","format-standard","has-post-thumbnail","hentry","category-bihiregija"],"yoast_head":"<!-- This site is optimized with the Yoast SEO plugin v27.5 - https:\/\/yoast.com\/product\/yoast-seo-wordpress\/ -->\n<title>Biskup Petar Pali\u0107: Papa Franjo je svjestan tenzija u BiH i zna s \u010dime se sve susre\u0107emo - RADIO LJUBU\u0160KI<\/title>\n<meta name=\"robots\" content=\"index, follow, max-snippet:-1, max-image-preview:large, max-video-preview:-1\" \/>\n<link rel=\"canonical\" href=\"https:\/\/radioljubuski.ba\/index.php\/2022\/04\/13\/biskup-petar-palic-papa-franjo-je-svjestan-tenzija-u-bih-i-zna-s-cime-se-sve-susrecemo\/\" \/>\n<meta property=\"og:locale\" content=\"hr_HR\" \/>\n<meta property=\"og:type\" content=\"article\" \/>\n<meta property=\"og:title\" content=\"Biskup Petar Pali\u0107: Papa Franjo je svjestan tenzija u BiH i zna s \u010dime se sve susre\u0107emo - RADIO LJUBU\u0160KI\" \/>\n<meta property=\"og:description\" content=\"\u201ePapa Franjo prati stanje u BiH, a potvrda tomu je nedavni dolazak nadbiskupa mons. Paula Richarda Gallaghera BiH\u201c, kazao je emisiji Kompas RTV-a Herceg-Bosne biskup mostarsko- duvanjski i apostolski upravitelj trebinjsko-mrkanski mons. Petar Pali\u0107. Pojasnio je da je rije\u010d o razini posjeta ministra vanjskih poslova Svete Stolice, a to zna\u010di da papa Franjo zna koje [&hellip;]\" \/>\n<meta property=\"og:url\" content=\"https:\/\/radioljubuski.ba\/index.php\/2022\/04\/13\/biskup-petar-palic-papa-franjo-je-svjestan-tenzija-u-bih-i-zna-s-cime-se-sve-susrecemo\/\" \/>\n<meta property=\"og:site_name\" content=\"RADIO LJUBU\u0160KI\" \/>\n<meta property=\"article:publisher\" content=\"https:\/\/www.facebook.com\/Radiio-Ljubuski-1490835324566332\" \/>\n<meta property=\"article:published_time\" content=\"2022-04-13T11:05:31+00:00\" \/>\n<meta property=\"article:modified_time\" content=\"2022-04-13T11:05:32+00:00\" \/>\n<meta property=\"og:image\" content=\"https:\/\/radioljubuski.ba\/wp-content\/uploads\/2022\/04\/palic.png\" \/>\n\t<meta property=\"og:image:width\" content=\"1000\" \/>\n\t<meta property=\"og:image:height\" content=\"625\" \/>\n\t<meta property=\"og:image:type\" content=\"image\/png\" \/>\n<meta name=\"author\" content=\"Radio Ljubu\u0161ki\" \/>\n<meta name=\"twitter:card\" content=\"summary_large_image\" \/>\n<meta name=\"twitter:creator\" content=\"@radioljubuski\" \/>\n<meta name=\"twitter:site\" content=\"@radioljubuski\" \/>\n<meta name=\"twitter:label1\" content=\"Napisao\/la\" \/>\n\t<meta name=\"twitter:data1\" content=\"Radio Ljubu\u0161ki\" \/>\n\t<meta name=\"twitter:label2\" content=\"Procijenjeno vrijeme \u010ditanja\" \/>\n\t<meta name=\"twitter:data2\" content=\"3 minute\" \/>\n<script type=\"application\/ld+json\" class=\"yoast-schema-graph\">{\"@context\":\"https:\\\/\\\/schema.org\",\"@graph\":[{\"@type\":\"Article\",\"@id\":\"https:\\\/\\\/radioljubuski.ba\\\/index.php\\\/2022\\\/04\\\/13\\\/biskup-petar-palic-papa-franjo-je-svjestan-tenzija-u-bih-i-zna-s-cime-se-sve-susrecemo\\\/#article\",\"isPartOf\":{\"@id\":\"https:\\\/\\\/radioljubuski.ba\\\/index.php\\\/2022\\\/04\\\/13\\\/biskup-petar-palic-papa-franjo-je-svjestan-tenzija-u-bih-i-zna-s-cime-se-sve-susrecemo\\\/\"},\"author\":{\"name\":\"Radio Ljubu\u0161ki\",\"@id\":\"https:\\\/\\\/radioljubuski.ba\\\/#\\\/schema\\\/person\\\/19fc700381a780f69665d7956c469e3b\"},\"headline\":\"Biskup Petar Pali\u0107: Papa Franjo je svjestan tenzija u BiH i zna s \u010dime se sve susre\u0107emo\",\"datePublished\":\"2022-04-13T11:05:31+00:00\",\"dateModified\":\"2022-04-13T11:05:32+00:00\",\"mainEntityOfPage\":{\"@id\":\"https:\\\/\\\/radioljubuski.ba\\\/index.php\\\/2022\\\/04\\\/13\\\/biskup-petar-palic-papa-franjo-je-svjestan-tenzija-u-bih-i-zna-s-cime-se-sve-susrecemo\\\/\"},\"wordCount\":724,\"publisher\":{\"@id\":\"https:\\\/\\\/radioljubuski.ba\\\/#organization\"},\"image\":{\"@id\":\"https:\\\/\\\/radioljubuski.ba\\\/index.php\\\/2022\\\/04\\\/13\\\/biskup-petar-palic-papa-franjo-je-svjestan-tenzija-u-bih-i-zna-s-cime-se-sve-susrecemo\\\/#primaryimage\"},\"thumbnailUrl\":\"https:\\\/\\\/radioljubuski.ba\\\/wp-content\\\/uploads\\\/2022\\\/04\\\/palic.png\",\"articleSection\":[\"BIH i regija\"],\"inLanguage\":\"hr\"},{\"@type\":\"WebPage\",\"@id\":\"https:\\\/\\\/radioljubuski.ba\\\/index.php\\\/2022\\\/04\\\/13\\\/biskup-petar-palic-papa-franjo-je-svjestan-tenzija-u-bih-i-zna-s-cime-se-sve-susrecemo\\\/\",\"url\":\"https:\\\/\\\/radioljubuski.ba\\\/index.php\\\/2022\\\/04\\\/13\\\/biskup-petar-palic-papa-franjo-je-svjestan-tenzija-u-bih-i-zna-s-cime-se-sve-susrecemo\\\/\",\"name\":\"Biskup Petar Pali\u0107: Papa Franjo je svjestan tenzija u BiH i zna s \u010dime se sve susre\u0107emo - RADIO LJUBU\u0160KI\",\"isPartOf\":{\"@id\":\"https:\\\/\\\/radioljubuski.ba\\\/#website\"},\"primaryImageOfPage\":{\"@id\":\"https:\\\/\\\/radioljubuski.ba\\\/index.php\\\/2022\\\/04\\\/13\\\/biskup-petar-palic-papa-franjo-je-svjestan-tenzija-u-bih-i-zna-s-cime-se-sve-susrecemo\\\/#primaryimage\"},\"image\":{\"@id\":\"https:\\\/\\\/radioljubuski.ba\\\/index.php\\\/2022\\\/04\\\/13\\\/biskup-petar-palic-papa-franjo-je-svjestan-tenzija-u-bih-i-zna-s-cime-se-sve-susrecemo\\\/#primaryimage\"},\"thumbnailUrl\":\"https:\\\/\\\/radioljubuski.ba\\\/wp-content\\\/uploads\\\/2022\\\/04\\\/palic.png\",\"datePublished\":\"2022-04-13T11:05:31+00:00\",\"dateModified\":\"2022-04-13T11:05:32+00:00\",\"breadcrumb\":{\"@id\":\"https:\\\/\\\/radioljubuski.ba\\\/index.php\\\/2022\\\/04\\\/13\\\/biskup-petar-palic-papa-franjo-je-svjestan-tenzija-u-bih-i-zna-s-cime-se-sve-susrecemo\\\/#breadcrumb\"},\"inLanguage\":\"hr\",\"potentialAction\":[{\"@type\":\"ReadAction\",\"target\":[\"https:\\\/\\\/radioljubuski.ba\\\/index.php\\\/2022\\\/04\\\/13\\\/biskup-petar-palic-papa-franjo-je-svjestan-tenzija-u-bih-i-zna-s-cime-se-sve-susrecemo\\\/\"]}]},{\"@type\":\"ImageObject\",\"inLanguage\":\"hr\",\"@id\":\"https:\\\/\\\/radioljubuski.ba\\\/index.php\\\/2022\\\/04\\\/13\\\/biskup-petar-palic-papa-franjo-je-svjestan-tenzija-u-bih-i-zna-s-cime-se-sve-susrecemo\\\/#primaryimage\",\"url\":\"https:\\\/\\\/radioljubuski.ba\\\/wp-content\\\/uploads\\\/2022\\\/04\\\/palic.png\",\"contentUrl\":\"https:\\\/\\\/radioljubuski.ba\\\/wp-content\\\/uploads\\\/2022\\\/04\\\/palic.png\",\"width\":1000,\"height\":625},{\"@type\":\"BreadcrumbList\",\"@id\":\"https:\\\/\\\/radioljubuski.ba\\\/index.php\\\/2022\\\/04\\\/13\\\/biskup-petar-palic-papa-franjo-je-svjestan-tenzija-u-bih-i-zna-s-cime-se-sve-susrecemo\\\/#breadcrumb\",\"itemListElement\":[{\"@type\":\"ListItem\",\"position\":1,\"name\":\"Po\u010detna stranica\",\"item\":\"https:\\\/\\\/radioljubuski.ba\\\/\"},{\"@type\":\"ListItem\",\"position\":2,\"name\":\"Biskup Petar Pali\u0107: Papa Franjo je svjestan tenzija u BiH i zna s \u010dime se sve susre\u0107emo\"}]},{\"@type\":\"WebSite\",\"@id\":\"https:\\\/\\\/radioljubuski.ba\\\/#website\",\"url\":\"https:\\\/\\\/radioljubuski.ba\\\/\",\"name\":\"Radio Ljubu\u0161ki\",\"description\":\"Sun\u010dana frekvencija Hercegovine\",\"publisher\":{\"@id\":\"https:\\\/\\\/radioljubuski.ba\\\/#organization\"},\"potentialAction\":[{\"@type\":\"SearchAction\",\"target\":{\"@type\":\"EntryPoint\",\"urlTemplate\":\"https:\\\/\\\/radioljubuski.ba\\\/?s={search_term_string}\"},\"query-input\":{\"@type\":\"PropertyValueSpecification\",\"valueRequired\":true,\"valueName\":\"search_term_string\"}}],\"inLanguage\":\"hr\"},{\"@type\":\"Organization\",\"@id\":\"https:\\\/\\\/radioljubuski.ba\\\/#organization\",\"name\":\"Radio Ljubu\u0161ki\",\"url\":\"https:\\\/\\\/radioljubuski.ba\\\/\",\"logo\":{\"@type\":\"ImageObject\",\"inLanguage\":\"hr\",\"@id\":\"https:\\\/\\\/radioljubuski.ba\\\/#\\\/schema\\\/logo\\\/image\\\/\",\"url\":\"https:\\\/\\\/radioljubuski.ba\\\/wp-content\\\/uploads\\\/2021\\\/02\\\/cropped-Radio_Ljubuski_logo1.jpg\",\"contentUrl\":\"https:\\\/\\\/radioljubuski.ba\\\/wp-content\\\/uploads\\\/2021\\\/02\\\/cropped-Radio_Ljubuski_logo1.jpg\",\"width\":512,\"height\":512,\"caption\":\"Radio Ljubu\u0161ki\"},\"image\":{\"@id\":\"https:\\\/\\\/radioljubuski.ba\\\/#\\\/schema\\\/logo\\\/image\\\/\"},\"sameAs\":[\"https:\\\/\\\/www.facebook.com\\\/Radiio-Ljubuski-1490835324566332\",\"https:\\\/\\\/x.com\\\/radioljubuski\",\"https:\\\/\\\/hr.linkedin.com\\\/company\\\/radio-ljubuski\",\"https:\\\/\\\/www.youtube.com\\\/channel\\\/UCHYaeO_n0Db3tjNGudGpXyw\"]},{\"@type\":\"Person\",\"@id\":\"https:\\\/\\\/radioljubuski.ba\\\/#\\\/schema\\\/person\\\/19fc700381a780f69665d7956c469e3b\",\"name\":\"Radio Ljubu\u0161ki\"}]}<\/script>\n<!-- \/ Yoast SEO plugin. -->","yoast_head_json":{"title":"Biskup Petar Pali\u0107: Papa Franjo je svjestan tenzija u BiH i zna s \u010dime se sve susre\u0107emo - RADIO LJUBU\u0160KI","robots":{"index":"index","follow":"follow","max-snippet":"max-snippet:-1","max-image-preview":"max-image-preview:large","max-video-preview":"max-video-preview:-1"},"canonical":"https:\/\/radioljubuski.ba\/index.php\/2022\/04\/13\/biskup-petar-palic-papa-franjo-je-svjestan-tenzija-u-bih-i-zna-s-cime-se-sve-susrecemo\/","og_locale":"hr_HR","og_type":"article","og_title":"Biskup Petar Pali\u0107: Papa Franjo je svjestan tenzija u BiH i zna s \u010dime se sve susre\u0107emo - RADIO LJUBU\u0160KI","og_description":"\u201ePapa Franjo prati stanje u BiH, a potvrda tomu je nedavni dolazak nadbiskupa mons. Paula Richarda Gallaghera BiH\u201c, kazao je emisiji Kompas RTV-a Herceg-Bosne biskup mostarsko- duvanjski i apostolski upravitelj trebinjsko-mrkanski mons. Petar Pali\u0107. Pojasnio je da je rije\u010d o razini posjeta ministra vanjskih poslova Svete Stolice, a to zna\u010di da papa Franjo zna koje [&hellip;]","og_url":"https:\/\/radioljubuski.ba\/index.php\/2022\/04\/13\/biskup-petar-palic-papa-franjo-je-svjestan-tenzija-u-bih-i-zna-s-cime-se-sve-susrecemo\/","og_site_name":"RADIO LJUBU\u0160KI","article_publisher":"https:\/\/www.facebook.com\/Radiio-Ljubuski-1490835324566332","article_published_time":"2022-04-13T11:05:31+00:00","article_modified_time":"2022-04-13T11:05:32+00:00","og_image":[{"width":1000,"height":625,"url":"https:\/\/radioljubuski.ba\/wp-content\/uploads\/2022\/04\/palic.png","type":"image\/png"}],"author":"Radio Ljubu\u0161ki","twitter_card":"summary_large_image","twitter_creator":"@radioljubuski","twitter_site":"@radioljubuski","twitter_misc":{"Napisao\/la":"Radio Ljubu\u0161ki","Procijenjeno vrijeme \u010ditanja":"3 minute"},"schema":{"@context":"https:\/\/schema.org","@graph":[{"@type":"Article","@id":"https:\/\/radioljubuski.ba\/index.php\/2022\/04\/13\/biskup-petar-palic-papa-franjo-je-svjestan-tenzija-u-bih-i-zna-s-cime-se-sve-susrecemo\/#article","isPartOf":{"@id":"https:\/\/radioljubuski.ba\/index.php\/2022\/04\/13\/biskup-petar-palic-papa-franjo-je-svjestan-tenzija-u-bih-i-zna-s-cime-se-sve-susrecemo\/"},"author":{"name":"Radio Ljubu\u0161ki","@id":"https:\/\/radioljubuski.ba\/#\/schema\/person\/19fc700381a780f69665d7956c469e3b"},"headline":"Biskup Petar Pali\u0107: Papa Franjo je svjestan tenzija u BiH i zna s \u010dime se sve susre\u0107emo","datePublished":"2022-04-13T11:05:31+00:00","dateModified":"2022-04-13T11:05:32+00:00","mainEntityOfPage":{"@id":"https:\/\/radioljubuski.ba\/index.php\/2022\/04\/13\/biskup-petar-palic-papa-franjo-je-svjestan-tenzija-u-bih-i-zna-s-cime-se-sve-susrecemo\/"},"wordCount":724,"publisher":{"@id":"https:\/\/radioljubuski.ba\/#organization"},"image":{"@id":"https:\/\/radioljubuski.ba\/index.php\/2022\/04\/13\/biskup-petar-palic-papa-franjo-je-svjestan-tenzija-u-bih-i-zna-s-cime-se-sve-susrecemo\/#primaryimage"},"thumbnailUrl":"https:\/\/radioljubuski.ba\/wp-content\/uploads\/2022\/04\/palic.png","articleSection":["BIH i regija"],"inLanguage":"hr"},{"@type":"WebPage","@id":"https:\/\/radioljubuski.ba\/index.php\/2022\/04\/13\/biskup-petar-palic-papa-franjo-je-svjestan-tenzija-u-bih-i-zna-s-cime-se-sve-susrecemo\/","url":"https:\/\/radioljubuski.ba\/index.php\/2022\/04\/13\/biskup-petar-palic-papa-franjo-je-svjestan-tenzija-u-bih-i-zna-s-cime-se-sve-susrecemo\/","name":"Biskup Petar Pali\u0107: Papa Franjo je svjestan tenzija u BiH i zna s \u010dime se sve susre\u0107emo - RADIO LJUBU\u0160KI","isPartOf":{"@id":"https:\/\/radioljubuski.ba\/#website"},"primaryImageOfPage":{"@id":"https:\/\/radioljubuski.ba\/index.php\/2022\/04\/13\/biskup-petar-palic-papa-franjo-je-svjestan-tenzija-u-bih-i-zna-s-cime-se-sve-susrecemo\/#primaryimage"},"image":{"@id":"https:\/\/radioljubuski.ba\/index.php\/2022\/04\/13\/biskup-petar-palic-papa-franjo-je-svjestan-tenzija-u-bih-i-zna-s-cime-se-sve-susrecemo\/#primaryimage"},"thumbnailUrl":"https:\/\/radioljubuski.ba\/wp-content\/uploads\/2022\/04\/palic.png","datePublished":"2022-04-13T11:05:31+00:00","dateModified":"2022-04-13T11:05:32+00:00","breadcrumb":{"@id":"https:\/\/radioljubuski.ba\/index.php\/2022\/04\/13\/biskup-petar-palic-papa-franjo-je-svjestan-tenzija-u-bih-i-zna-s-cime-se-sve-susrecemo\/#breadcrumb"},"inLanguage":"hr","potentialAction":[{"@type":"ReadAction","target":["https:\/\/radioljubuski.ba\/index.php\/2022\/04\/13\/biskup-petar-palic-papa-franjo-je-svjestan-tenzija-u-bih-i-zna-s-cime-se-sve-susrecemo\/"]}]},{"@type":"ImageObject","inLanguage":"hr","@id":"https:\/\/radioljubuski.ba\/index.php\/2022\/04\/13\/biskup-petar-palic-papa-franjo-je-svjestan-tenzija-u-bih-i-zna-s-cime-se-sve-susrecemo\/#primaryimage","url":"https:\/\/radioljubuski.ba\/wp-content\/uploads\/2022\/04\/palic.png","contentUrl":"https:\/\/radioljubuski.ba\/wp-content\/uploads\/2022\/04\/palic.png","width":1000,"height":625},{"@type":"BreadcrumbList","@id":"https:\/\/radioljubuski.ba\/index.php\/2022\/04\/13\/biskup-petar-palic-papa-franjo-je-svjestan-tenzija-u-bih-i-zna-s-cime-se-sve-susrecemo\/#breadcrumb","itemListElement":[{"@type":"ListItem","position":1,"name":"Po\u010detna stranica","item":"https:\/\/radioljubuski.ba\/"},{"@type":"ListItem","position":2,"name":"Biskup Petar Pali\u0107: Papa Franjo je svjestan tenzija u BiH i zna s \u010dime se sve susre\u0107emo"}]},{"@type":"WebSite","@id":"https:\/\/radioljubuski.ba\/#website","url":"https:\/\/radioljubuski.ba\/","name":"Radio Ljubu\u0161ki","description":"Sun\u010dana frekvencija Hercegovine","publisher":{"@id":"https:\/\/radioljubuski.ba\/#organization"},"potentialAction":[{"@type":"SearchAction","target":{"@type":"EntryPoint","urlTemplate":"https:\/\/radioljubuski.ba\/?s={search_term_string}"},"query-input":{"@type":"PropertyValueSpecification","valueRequired":true,"valueName":"search_term_string"}}],"inLanguage":"hr"},{"@type":"Organization","@id":"https:\/\/radioljubuski.ba\/#organization","name":"Radio Ljubu\u0161ki","url":"https:\/\/radioljubuski.ba\/","logo":{"@type":"ImageObject","inLanguage":"hr","@id":"https:\/\/radioljubuski.ba\/#\/schema\/logo\/image\/","url":"https:\/\/radioljubuski.ba\/wp-content\/uploads\/2021\/02\/cropped-Radio_Ljubuski_logo1.jpg","contentUrl":"https:\/\/radioljubuski.ba\/wp-content\/uploads\/2021\/02\/cropped-Radio_Ljubuski_logo1.jpg","width":512,"height":512,"caption":"Radio Ljubu\u0161ki"},"image":{"@id":"https:\/\/radioljubuski.ba\/#\/schema\/logo\/image\/"},"sameAs":["https:\/\/www.facebook.com\/Radiio-Ljubuski-1490835324566332","https:\/\/x.com\/radioljubuski","https:\/\/hr.linkedin.com\/company\/radio-ljubuski","https:\/\/www.youtube.com\/channel\/UCHYaeO_n0Db3tjNGudGpXyw"]},{"@type":"Person","@id":"https:\/\/radioljubuski.ba\/#\/schema\/person\/19fc700381a780f69665d7956c469e3b","name":"Radio Ljubu\u0161ki"}]}},"_links":{"self":[{"href":"https:\/\/radioljubuski.ba\/index.php\/wp-json\/wp\/v2\/posts\/131912","targetHints":{"allow":["GET"]}}],"collection":[{"href":"https:\/\/radioljubuski.ba\/index.php\/wp-json\/wp\/v2\/posts"}],"about":[{"href":"https:\/\/radioljubuski.ba\/index.php\/wp-json\/wp\/v2\/types\/post"}],"author":[{"embeddable":true,"href":"https:\/\/radioljubuski.ba\/index.php\/wp-json\/wp\/v2\/users\/2"}],"replies":[{"embeddable":true,"href":"https:\/\/radioljubuski.ba\/index.php\/wp-json\/wp\/v2\/comments?post=131912"}],"version-history":[{"count":1,"href":"https:\/\/radioljubuski.ba\/index.php\/wp-json\/wp\/v2\/posts\/131912\/revisions"}],"predecessor-version":[{"id":131914,"href":"https:\/\/radioljubuski.ba\/index.php\/wp-json\/wp\/v2\/posts\/131912\/revisions\/131914"}],"wp:featuredmedia":[{"embeddable":true,"href":"https:\/\/radioljubuski.ba\/index.php\/wp-json\/wp\/v2\/media\/131913"}],"wp:attachment":[{"href":"https:\/\/radioljubuski.ba\/index.php\/wp-json\/wp\/v2\/media?parent=131912"}],"wp:term":[{"taxonomy":"category","embeddable":true,"href":"https:\/\/radioljubuski.ba\/index.php\/wp-json\/wp\/v2\/categories?post=131912"},{"taxonomy":"post_tag","embeddable":true,"href":"https:\/\/radioljubuski.ba\/index.php\/wp-json\/wp\/v2\/tags?post=131912"}],"curies":[{"name":"wp","href":"https:\/\/api.w.org\/{rel}","templated":true}]}}