{"id":131921,"date":"2022-04-13T12:22:26","date_gmt":"2022-04-13T11:22:26","guid":{"rendered":"https:\/\/radioljubuski.ba\/?p=131921"},"modified":"2022-04-13T12:27:06","modified_gmt":"2022-04-13T11:27:06","slug":"zmaj-od-hercegovine-u-gnijezdu-okupio-najjacu-ekipu-seljaka","status":"publish","type":"post","link":"https:\/\/radioljubuski.ba\/index.php\/2022\/04\/13\/zmaj-od-hercegovine-u-gnijezdu-okupio-najjacu-ekipu-seljaka\/","title":{"rendered":"&#8216;Zmaj od Hercegovine&#8217; u gnijezdu okupio najja\u010du ekipu seljaka"},"content":{"rendered":"\n<p>\u0160pica&nbsp;<a href=\"https:\/\/www.agroklub.ba\/sajmovi-dogadjanja\/svecano-otvoren-23-medunarodni-sajam-gospodarstva-u-mostaru\/75938\/\">Mostarskog sajma<\/a>&nbsp;neupitno je dio s izlo\u017eenim tradicionalnim proizvodima, kojim suvereno gospodari hercegova\u010dka udruga Stap.<\/p>\n\n\n\n<p>Na \u010delu koje je&nbsp;Davorin Medi\u0107, kojem savr\u0161eno pristaje nadimak &#8216;Zmaj od Hercegovine&#8217;. U svoje gnijezdo je okupio ekipu seljaka \u2013 proizvo\u0111a\u010da iz svih krajeva BiH, ali i dijelova Hrvatske, koji za njega redom govore da je&nbsp;zaslu\u017ean za sve, pi\u0161e agroklub.ba.<\/p>\n\n\n\n<p>Svi su dobrodo\u0161li, kako na sajam, tako i u udrugu u kojoj je sve &#8220;na obraz&#8221;. Nema iskaznica, potvrda niti bilo kakvih formalnosti. Oni vrjednuju druge principe. Tro\u0161kove nastupa finansira sajam, \u010dija su, kako za sebe ka\u017eu, oni perjanica.<\/p>\n\n\n\n<p>&#8220;<em>Sve je lepr\u0161avo, mi ne mo\u017eemo znati ko je kvalitetan. Mo\u017eda ovdje imaju sad na \u0161tandu dva-tri \u0161vercera, nakupca. Svi \u0161to ovdje izla\u017eu su k&#8217;o fol na\u0161i \u010dlanovi, nema nekih posebnih povelja, jer nemogu\u0107e je u ovoj dr\u017eavi funkcionirati kako Bog zapovijeda<\/em>&#8220;, iskren je Medi\u0107 koji se trudi ostati na mjestu dok radimo intervju.<\/p>\n\n\n\n<h2 class=\"wp-block-heading\">Niko ni\u0161ta ne pla\u0107a<\/h2>\n\n\n\n<p>No, svjedo\u010dimo da je dobro znano lice, pa se te\u0161ko odupire brojnim posjetiocima kojima pristi\u017eu i redom se javljaju. A on je tu za sve \u2013 lobiranje, organizaciju, kuhanje i dobar \u0161timung.<\/p>\n\n\n\n<figure class=\"wp-block-image\"><img decoding=\"async\" src=\"https:\/\/cdn.agroklub.com\/upload\/images\/image\/udruga-hercegovacki-stap-na-23-medunarodnom-sajmu-gospodarstva-mostar-2022-5.jpg?_gl=1*9s9yxe*_ga*MzQ5OTY2NDM2LjE2NDE3NzUwNDI.*_ga_YE2MMQB0RG*MTY0OTM0MjU3Mi40NzUuMS4xNjQ5MzQzMzQzLjA.#gallery-3\" alt=\"\"\/><figcaption>Priprema specijaliteta je neizostavna&nbsp;<\/figcaption><\/figure>\n\n\n\n<p>&#8220;<em>Ovdje niko ni\u0161ta ne pla\u0107a, \u0161ta mi jedemo, jedu i oni. Moja uloga je da sve izlobiram, ja do\u0111em do ministra za sekundu. Mene svi znaju, al&#8217; kad se zavr\u0161i sajam niko te ne zna, to je na\u0161a karma<\/em>&#8220;, dodaje, ali ne odustaje od prvobitne namjere da pomogne seljaku, s kojim ciljem je udru\u017eenje i osnovano 2006. godine.<\/p>\n\n\n\n<p>Formirala ga je ekipa entuzijasta, mladih i starih, od in\u017eenjera struke do profesora. Vizija je da promoviraju proizvode sela. Osim&nbsp;<a href=\"https:\/\/www.agroklub.ba\/sajmovi-dogadjanja\/tradicionalni-proizvodi-privlace-paznju-na-stand-delica\/75973\/\">bh. proizvo\u0111a\u010da<\/a>, okupljaju i mesare iz \u017dupanje i Vinkovaca, la\u0111are iz Metkovi\u0107a i Opuzena. Ovo je, ka\u017ee nam predsjednik Medi\u0107,&nbsp;<em>dru\u017eba bez granica<\/em>.<\/p>\n\n\n\n<h2 class=\"wp-block-heading\">&#8220;Krkljanac&#8221; u Zagrebu<\/h2>\n\n\n\n<p>Prepri\u010dava nam i pri\u010du s po\u010detka okupljanja u udrugu kada im je Federalno ministarstvo poljoprivrede pomoglo da se prezentiraju u Zagrebu 2007. godine. Projekat ih je ko\u0161tao 150.000 KM, a i danas&nbsp;\u017eale za 40.000 maraka&nbsp;koliko im je ministarstvo ostalo du\u017eno. No, napunili su karavanu od dva \u0161lepera i zaputili se ka hrvatskoj prijestolnici.<\/p>\n\n\n\n<p>&#8220;<em>Kad smo se mi gore pojavili, oni se prepali, 24 metra je bio dug svaki \u0161leper. Preselili smo komplet staru ku\u0107u, replike dva ste\u0107ka, 35 tona je samo kamena bilo, pa starina, vune, duvana&#8230;<\/em>&#8221;&nbsp;prisje\u0107a se i dodaje da su bili prava atrakcija. Za pet dana na sajmu iskoristili su vi\u0161e od 2.500 jaja, te preko 20 kilograma masla \u2013 niko ni\u0161ta nije napla\u0107ivao, mljelo se bra\u0161no i dijelilo se besplatno. Sklopljena su brojna prijateljstva ve\u0107 u startu njihovog osnivanja, a to je ono \u0161to je i su\u0161tina njihovog postojanja \u2013 povezivanje ljudi.<\/p>\n\n\n\n<figure class=\"wp-block-image\"><img decoding=\"async\" src=\"https:\/\/cdn.agroklub.com\/upload\/images\/image\/udruga-hercegovacki-stap-na-23-medunarodnom-sajmu-gospodarstva-mostar-2022-10.jpg?_gl=1*cswd4u*_ga*MzQ5OTY2NDM2LjE2NDE3NzUwNDI.*_ga_YE2MMQB0RG*MTY0OTM0MjU3Mi40NzUuMS4xNjQ5MzQzMzQzLjA.#gallery-6\" alt=\"\"\/><figcaption>Ku\u0107u i ste\u0107ke vozili i do Zagreba<\/figcaption><\/figure>\n\n\n\n<p>&#8220;<em>To je bio krkljanac, to se slikalo, \u017eene pla\u010du, ljube kamen, pipaju ste\u0107ak. Jedni misle da je stiropor, jao ka\u017ee ovo je kamen, pa kamen ljudino moja to je 5 tona, replika na\u0161ih nadgrobnih spomenika. Promoviramo ono od \u010dega je \u010dovjek nekada \u017eivio<\/em>&#8220;, dodaje na\u0161 sagovornik, napomenuv\u0161i ipak da je takvih dru\u017eenja danas manje, jer nema institucionalne podr\u0161ke.<\/p>\n\n\n\n<p>Zamjera i tour operaterima \u0161to&nbsp;ne promoviraju selo. Mnogo je ka\u017ee ljudi zalutalo na vrlo bitna mjesta, a mnogo znalaca hoda i ne mogu na\u0107i posla.<\/p>\n\n\n\n<p>&#8220;<em>Ja mogu da organiziram doru\u010dak na bilo kojoj destinaciji ovdje sa seljanima da to ne mo\u017ee\u0161 nigdje dobiti u restoranu, sve ekstra doma\u0107e, al to niko ne\u0107e, samo \u017eele brzopotezno. Mlati nije bitno je li salama ili mortadela, udri, mlati, plati i zbogom, sve plastika<\/em>&#8220;, ka\u017ee Medi\u0107 koji je ina\u010de direktor \u0161kole, a po struci je profesor tjelesne kulture.<\/p>\n\n\n\n<h2 class=\"wp-block-heading\">Tu\u017ena pri\u010da OPG-ovca<\/h2>\n\n\n\n<p>Politike mu je dodaje &#8220;puna kapa&#8221;&nbsp;i te\u0161ko mu je povjerovati da neko ne \u017eeli pomo\u0107i seljaku. S tim u vezi navodi i primjer prvog OPG-a u BiH, kojeg je uz pomo\u0107 Stapa osnovao&nbsp;Dragan Stipi\u0107&nbsp;iz posu\u0161kog Vira. Uz kreditna sredstva u iznosu od 65.000 KM te grant od 35.000 KM, kupio je krave i po\u010deo biznis.<\/p>\n\n\n\n<figure class=\"wp-block-image\"><img decoding=\"async\" src=\"https:\/\/cdn.agroklub.com\/upload\/images\/image\/udruga-hercegovacki-stap-na-23-medunarodnom-sajmu-gospodarstva-mostar-2022-8.jpg#gallery-7\" alt=\"\"\/><figcaption>Izlo\u017eeno sve \u0161to \u010dovjek sa sela mo\u017ee ponuditi<\/figcaption><\/figure>\n\n\n\n<p>&#8220;<em>I ja zovem na\u010delnika, pomozi malo \u010dovjeka, treba mu 4.500 eura da napravi mije\u0161alicu za sir. Nije mu niko pomogao. On je radio par godina, niko ga nije ni za suvu \u0161ljivu, dugovalo mu se za mlijeko da bi na kraju prodao krave, ostavio sebi tri, kupio autobus i sad vozi gastarbajtere Posu\u0161je \u2013 Frankfurt am Main, tu\u017ena pri\u010da<\/em>&#8220;, navodi.<\/p>\n\n\n\n<p>U pri\u010di o Stipi\u0107u krije se i odgovor na pitanje za\u0161to danas na sajmu\u00a0nema izlo\u017eenih \u017eivotinja\u00a0niti traktora.<em>\u00a0Ko \u0107e, nema ko<\/em>, razo\u010daran je pomalo je i na\u0161 doma\u0107in. Me\u0111utim, promocija koju rade\u00a0je odli\u010dna, ka\u017eu da nikada vi\u0161e ljudi nije bilo, a gu\u017eva je dokaz i da narod prepoznaje kvalitetu.<\/p>\n\n\n\n<p>Ovdje se, osim pazariti, mogu i ku\u0161ati suhomesnati proizvodi, rakija, likeri, sirevi iz skoro svih krajeva BiH, melemi, maslinova ulja te razne prera\u0111evine, odnosno sve \u0161to \u010dovjek sa sela mo\u017ee ponuditi.<\/p>\n\n\n\n<p>&#8220;<em>Sakrij se, na\u0107i \u0107e te, eto tako je nama na sajmu<\/em>&#8220;, zaklju\u010duje ovaj Zmaj od Hercegovine.<\/p>\n\n\n\n<h1 class=\"wp-block-heading\">Autor: Vedran Stapi\u0107 | agroklub.ba<\/h1>\n","protected":false},"excerpt":{"rendered":"<p>\u0160pica&nbsp;Mostarskog sajma&nbsp;neupitno je dio s izlo\u017eenim tradicionalnim proizvodima, kojim suvereno gospodari hercegova\u010dka udruga Stap. Na \u010delu koje je&nbsp;Davorin Medi\u0107, kojem savr\u0161eno pristaje nadimak &#8216;Zmaj od Hercegovine&#8217;. U svoje gnijezdo je okupio ekipu seljaka \u2013 proizvo\u0111a\u010da iz svih krajeva BiH, ali i dijelova Hrvatske, koji za njega redom govore da je&nbsp;zaslu\u017ean za sve, pi\u0161e agroklub.ba. Svi [&hellip;]<\/p>\n","protected":false},"author":2,"featured_media":131922,"comment_status":"closed","ping_status":"closed","sticky":false,"template":"","format":"standard","meta":{"h5ap_radio_sources":[],"footnotes":""},"categories":[3],"tags":[],"class_list":["post-131921","post","type-post","status-publish","format-standard","has-post-thumbnail","hentry","category-ljubuski"],"yoast_head":"<!-- This site is optimized with the Yoast SEO plugin v27.5 - https:\/\/yoast.com\/product\/yoast-seo-wordpress\/ -->\n<title>&#039;Zmaj od Hercegovine&#039; u gnijezdu okupio najja\u010du ekipu seljaka - RADIO LJUBU\u0160KI<\/title>\n<meta name=\"robots\" content=\"index, follow, max-snippet:-1, max-image-preview:large, max-video-preview:-1\" \/>\n<link rel=\"canonical\" href=\"https:\/\/radioljubuski.ba\/index.php\/2022\/04\/13\/zmaj-od-hercegovine-u-gnijezdu-okupio-najjacu-ekipu-seljaka\/\" \/>\n<meta property=\"og:locale\" content=\"hr_HR\" \/>\n<meta property=\"og:type\" content=\"article\" \/>\n<meta property=\"og:title\" content=\"&#039;Zmaj od Hercegovine&#039; u gnijezdu okupio najja\u010du ekipu seljaka - RADIO LJUBU\u0160KI\" \/>\n<meta property=\"og:description\" content=\"\u0160pica&nbsp;Mostarskog sajma&nbsp;neupitno je dio s izlo\u017eenim tradicionalnim proizvodima, kojim suvereno gospodari hercegova\u010dka udruga Stap. Na \u010delu koje je&nbsp;Davorin Medi\u0107, kojem savr\u0161eno pristaje nadimak &#8216;Zmaj od Hercegovine&#8217;. U svoje gnijezdo je okupio ekipu seljaka \u2013 proizvo\u0111a\u010da iz svih krajeva BiH, ali i dijelova Hrvatske, koji za njega redom govore da je&nbsp;zaslu\u017ean za sve, pi\u0161e agroklub.ba. Svi [&hellip;]\" \/>\n<meta property=\"og:url\" content=\"https:\/\/radioljubuski.ba\/index.php\/2022\/04\/13\/zmaj-od-hercegovine-u-gnijezdu-okupio-najjacu-ekipu-seljaka\/\" \/>\n<meta property=\"og:site_name\" content=\"RADIO LJUBU\u0160KI\" \/>\n<meta property=\"article:publisher\" content=\"https:\/\/www.facebook.com\/Radiio-Ljubuski-1490835324566332\" \/>\n<meta property=\"article:published_time\" content=\"2022-04-13T11:22:26+00:00\" \/>\n<meta property=\"article:modified_time\" content=\"2022-04-13T11:27:06+00:00\" \/>\n<meta property=\"og:image\" content=\"https:\/\/radioljubuski.ba\/wp-content\/uploads\/2022\/04\/davorin-medic.jpg\" \/>\n\t<meta property=\"og:image:width\" content=\"1024\" \/>\n\t<meta property=\"og:image:height\" content=\"681\" \/>\n\t<meta property=\"og:image:type\" content=\"image\/jpeg\" \/>\n<meta name=\"author\" content=\"Radio Ljubu\u0161ki\" \/>\n<meta name=\"twitter:card\" content=\"summary_large_image\" \/>\n<meta name=\"twitter:creator\" content=\"@radioljubuski\" \/>\n<meta name=\"twitter:site\" content=\"@radioljubuski\" \/>\n<meta name=\"twitter:label1\" content=\"Napisao\/la\" \/>\n\t<meta name=\"twitter:data1\" content=\"Radio Ljubu\u0161ki\" \/>\n\t<meta name=\"twitter:label2\" content=\"Procijenjeno vrijeme \u010ditanja\" \/>\n\t<meta name=\"twitter:data2\" content=\"5 minuta\" \/>\n<script type=\"application\/ld+json\" class=\"yoast-schema-graph\">{\"@context\":\"https:\\\/\\\/schema.org\",\"@graph\":[{\"@type\":\"Article\",\"@id\":\"https:\\\/\\\/radioljubuski.ba\\\/index.php\\\/2022\\\/04\\\/13\\\/zmaj-od-hercegovine-u-gnijezdu-okupio-najjacu-ekipu-seljaka\\\/#article\",\"isPartOf\":{\"@id\":\"https:\\\/\\\/radioljubuski.ba\\\/index.php\\\/2022\\\/04\\\/13\\\/zmaj-od-hercegovine-u-gnijezdu-okupio-najjacu-ekipu-seljaka\\\/\"},\"author\":{\"name\":\"Radio Ljubu\u0161ki\",\"@id\":\"https:\\\/\\\/radioljubuski.ba\\\/#\\\/schema\\\/person\\\/19fc700381a780f69665d7956c469e3b\"},\"headline\":\"&#8216;Zmaj od Hercegovine&#8217; u gnijezdu okupio najja\u010du ekipu seljaka\",\"datePublished\":\"2022-04-13T11:22:26+00:00\",\"dateModified\":\"2022-04-13T11:27:06+00:00\",\"mainEntityOfPage\":{\"@id\":\"https:\\\/\\\/radioljubuski.ba\\\/index.php\\\/2022\\\/04\\\/13\\\/zmaj-od-hercegovine-u-gnijezdu-okupio-najjacu-ekipu-seljaka\\\/\"},\"wordCount\":929,\"publisher\":{\"@id\":\"https:\\\/\\\/radioljubuski.ba\\\/#organization\"},\"image\":{\"@id\":\"https:\\\/\\\/radioljubuski.ba\\\/index.php\\\/2022\\\/04\\\/13\\\/zmaj-od-hercegovine-u-gnijezdu-okupio-najjacu-ekipu-seljaka\\\/#primaryimage\"},\"thumbnailUrl\":\"https:\\\/\\\/radioljubuski.ba\\\/wp-content\\\/uploads\\\/2022\\\/04\\\/davorin-medic.jpg\",\"articleSection\":[\"Ljubu\u0161ki\"],\"inLanguage\":\"hr\"},{\"@type\":\"WebPage\",\"@id\":\"https:\\\/\\\/radioljubuski.ba\\\/index.php\\\/2022\\\/04\\\/13\\\/zmaj-od-hercegovine-u-gnijezdu-okupio-najjacu-ekipu-seljaka\\\/\",\"url\":\"https:\\\/\\\/radioljubuski.ba\\\/index.php\\\/2022\\\/04\\\/13\\\/zmaj-od-hercegovine-u-gnijezdu-okupio-najjacu-ekipu-seljaka\\\/\",\"name\":\"'Zmaj od Hercegovine' u gnijezdu okupio najja\u010du ekipu seljaka - RADIO LJUBU\u0160KI\",\"isPartOf\":{\"@id\":\"https:\\\/\\\/radioljubuski.ba\\\/#website\"},\"primaryImageOfPage\":{\"@id\":\"https:\\\/\\\/radioljubuski.ba\\\/index.php\\\/2022\\\/04\\\/13\\\/zmaj-od-hercegovine-u-gnijezdu-okupio-najjacu-ekipu-seljaka\\\/#primaryimage\"},\"image\":{\"@id\":\"https:\\\/\\\/radioljubuski.ba\\\/index.php\\\/2022\\\/04\\\/13\\\/zmaj-od-hercegovine-u-gnijezdu-okupio-najjacu-ekipu-seljaka\\\/#primaryimage\"},\"thumbnailUrl\":\"https:\\\/\\\/radioljubuski.ba\\\/wp-content\\\/uploads\\\/2022\\\/04\\\/davorin-medic.jpg\",\"datePublished\":\"2022-04-13T11:22:26+00:00\",\"dateModified\":\"2022-04-13T11:27:06+00:00\",\"breadcrumb\":{\"@id\":\"https:\\\/\\\/radioljubuski.ba\\\/index.php\\\/2022\\\/04\\\/13\\\/zmaj-od-hercegovine-u-gnijezdu-okupio-najjacu-ekipu-seljaka\\\/#breadcrumb\"},\"inLanguage\":\"hr\",\"potentialAction\":[{\"@type\":\"ReadAction\",\"target\":[\"https:\\\/\\\/radioljubuski.ba\\\/index.php\\\/2022\\\/04\\\/13\\\/zmaj-od-hercegovine-u-gnijezdu-okupio-najjacu-ekipu-seljaka\\\/\"]}]},{\"@type\":\"ImageObject\",\"inLanguage\":\"hr\",\"@id\":\"https:\\\/\\\/radioljubuski.ba\\\/index.php\\\/2022\\\/04\\\/13\\\/zmaj-od-hercegovine-u-gnijezdu-okupio-najjacu-ekipu-seljaka\\\/#primaryimage\",\"url\":\"https:\\\/\\\/radioljubuski.ba\\\/wp-content\\\/uploads\\\/2022\\\/04\\\/davorin-medic.jpg\",\"contentUrl\":\"https:\\\/\\\/radioljubuski.ba\\\/wp-content\\\/uploads\\\/2022\\\/04\\\/davorin-medic.jpg\",\"width\":1024,\"height\":681},{\"@type\":\"BreadcrumbList\",\"@id\":\"https:\\\/\\\/radioljubuski.ba\\\/index.php\\\/2022\\\/04\\\/13\\\/zmaj-od-hercegovine-u-gnijezdu-okupio-najjacu-ekipu-seljaka\\\/#breadcrumb\",\"itemListElement\":[{\"@type\":\"ListItem\",\"position\":1,\"name\":\"Po\u010detna stranica\",\"item\":\"https:\\\/\\\/radioljubuski.ba\\\/\"},{\"@type\":\"ListItem\",\"position\":2,\"name\":\"&#8216;Zmaj od Hercegovine&#8217; u gnijezdu okupio najja\u010du ekipu seljaka\"}]},{\"@type\":\"WebSite\",\"@id\":\"https:\\\/\\\/radioljubuski.ba\\\/#website\",\"url\":\"https:\\\/\\\/radioljubuski.ba\\\/\",\"name\":\"Radio Ljubu\u0161ki\",\"description\":\"Sun\u010dana frekvencija Hercegovine\",\"publisher\":{\"@id\":\"https:\\\/\\\/radioljubuski.ba\\\/#organization\"},\"potentialAction\":[{\"@type\":\"SearchAction\",\"target\":{\"@type\":\"EntryPoint\",\"urlTemplate\":\"https:\\\/\\\/radioljubuski.ba\\\/?s={search_term_string}\"},\"query-input\":{\"@type\":\"PropertyValueSpecification\",\"valueRequired\":true,\"valueName\":\"search_term_string\"}}],\"inLanguage\":\"hr\"},{\"@type\":\"Organization\",\"@id\":\"https:\\\/\\\/radioljubuski.ba\\\/#organization\",\"name\":\"Radio Ljubu\u0161ki\",\"url\":\"https:\\\/\\\/radioljubuski.ba\\\/\",\"logo\":{\"@type\":\"ImageObject\",\"inLanguage\":\"hr\",\"@id\":\"https:\\\/\\\/radioljubuski.ba\\\/#\\\/schema\\\/logo\\\/image\\\/\",\"url\":\"https:\\\/\\\/radioljubuski.ba\\\/wp-content\\\/uploads\\\/2021\\\/02\\\/cropped-Radio_Ljubuski_logo1.jpg\",\"contentUrl\":\"https:\\\/\\\/radioljubuski.ba\\\/wp-content\\\/uploads\\\/2021\\\/02\\\/cropped-Radio_Ljubuski_logo1.jpg\",\"width\":512,\"height\":512,\"caption\":\"Radio Ljubu\u0161ki\"},\"image\":{\"@id\":\"https:\\\/\\\/radioljubuski.ba\\\/#\\\/schema\\\/logo\\\/image\\\/\"},\"sameAs\":[\"https:\\\/\\\/www.facebook.com\\\/Radiio-Ljubuski-1490835324566332\",\"https:\\\/\\\/x.com\\\/radioljubuski\",\"https:\\\/\\\/hr.linkedin.com\\\/company\\\/radio-ljubuski\",\"https:\\\/\\\/www.youtube.com\\\/channel\\\/UCHYaeO_n0Db3tjNGudGpXyw\"]},{\"@type\":\"Person\",\"@id\":\"https:\\\/\\\/radioljubuski.ba\\\/#\\\/schema\\\/person\\\/19fc700381a780f69665d7956c469e3b\",\"name\":\"Radio Ljubu\u0161ki\"}]}<\/script>\n<!-- \/ Yoast SEO plugin. -->","yoast_head_json":{"title":"'Zmaj od Hercegovine' u gnijezdu okupio najja\u010du ekipu seljaka - RADIO LJUBU\u0160KI","robots":{"index":"index","follow":"follow","max-snippet":"max-snippet:-1","max-image-preview":"max-image-preview:large","max-video-preview":"max-video-preview:-1"},"canonical":"https:\/\/radioljubuski.ba\/index.php\/2022\/04\/13\/zmaj-od-hercegovine-u-gnijezdu-okupio-najjacu-ekipu-seljaka\/","og_locale":"hr_HR","og_type":"article","og_title":"'Zmaj od Hercegovine' u gnijezdu okupio najja\u010du ekipu seljaka - RADIO LJUBU\u0160KI","og_description":"\u0160pica&nbsp;Mostarskog sajma&nbsp;neupitno je dio s izlo\u017eenim tradicionalnim proizvodima, kojim suvereno gospodari hercegova\u010dka udruga Stap. Na \u010delu koje je&nbsp;Davorin Medi\u0107, kojem savr\u0161eno pristaje nadimak &#8216;Zmaj od Hercegovine&#8217;. U svoje gnijezdo je okupio ekipu seljaka \u2013 proizvo\u0111a\u010da iz svih krajeva BiH, ali i dijelova Hrvatske, koji za njega redom govore da je&nbsp;zaslu\u017ean za sve, pi\u0161e agroklub.ba. Svi [&hellip;]","og_url":"https:\/\/radioljubuski.ba\/index.php\/2022\/04\/13\/zmaj-od-hercegovine-u-gnijezdu-okupio-najjacu-ekipu-seljaka\/","og_site_name":"RADIO LJUBU\u0160KI","article_publisher":"https:\/\/www.facebook.com\/Radiio-Ljubuski-1490835324566332","article_published_time":"2022-04-13T11:22:26+00:00","article_modified_time":"2022-04-13T11:27:06+00:00","og_image":[{"width":1024,"height":681,"url":"https:\/\/radioljubuski.ba\/wp-content\/uploads\/2022\/04\/davorin-medic.jpg","type":"image\/jpeg"}],"author":"Radio Ljubu\u0161ki","twitter_card":"summary_large_image","twitter_creator":"@radioljubuski","twitter_site":"@radioljubuski","twitter_misc":{"Napisao\/la":"Radio Ljubu\u0161ki","Procijenjeno vrijeme \u010ditanja":"5 minuta"},"schema":{"@context":"https:\/\/schema.org","@graph":[{"@type":"Article","@id":"https:\/\/radioljubuski.ba\/index.php\/2022\/04\/13\/zmaj-od-hercegovine-u-gnijezdu-okupio-najjacu-ekipu-seljaka\/#article","isPartOf":{"@id":"https:\/\/radioljubuski.ba\/index.php\/2022\/04\/13\/zmaj-od-hercegovine-u-gnijezdu-okupio-najjacu-ekipu-seljaka\/"},"author":{"name":"Radio Ljubu\u0161ki","@id":"https:\/\/radioljubuski.ba\/#\/schema\/person\/19fc700381a780f69665d7956c469e3b"},"headline":"&#8216;Zmaj od Hercegovine&#8217; u gnijezdu okupio najja\u010du ekipu seljaka","datePublished":"2022-04-13T11:22:26+00:00","dateModified":"2022-04-13T11:27:06+00:00","mainEntityOfPage":{"@id":"https:\/\/radioljubuski.ba\/index.php\/2022\/04\/13\/zmaj-od-hercegovine-u-gnijezdu-okupio-najjacu-ekipu-seljaka\/"},"wordCount":929,"publisher":{"@id":"https:\/\/radioljubuski.ba\/#organization"},"image":{"@id":"https:\/\/radioljubuski.ba\/index.php\/2022\/04\/13\/zmaj-od-hercegovine-u-gnijezdu-okupio-najjacu-ekipu-seljaka\/#primaryimage"},"thumbnailUrl":"https:\/\/radioljubuski.ba\/wp-content\/uploads\/2022\/04\/davorin-medic.jpg","articleSection":["Ljubu\u0161ki"],"inLanguage":"hr"},{"@type":"WebPage","@id":"https:\/\/radioljubuski.ba\/index.php\/2022\/04\/13\/zmaj-od-hercegovine-u-gnijezdu-okupio-najjacu-ekipu-seljaka\/","url":"https:\/\/radioljubuski.ba\/index.php\/2022\/04\/13\/zmaj-od-hercegovine-u-gnijezdu-okupio-najjacu-ekipu-seljaka\/","name":"'Zmaj od Hercegovine' u gnijezdu okupio najja\u010du ekipu seljaka - RADIO LJUBU\u0160KI","isPartOf":{"@id":"https:\/\/radioljubuski.ba\/#website"},"primaryImageOfPage":{"@id":"https:\/\/radioljubuski.ba\/index.php\/2022\/04\/13\/zmaj-od-hercegovine-u-gnijezdu-okupio-najjacu-ekipu-seljaka\/#primaryimage"},"image":{"@id":"https:\/\/radioljubuski.ba\/index.php\/2022\/04\/13\/zmaj-od-hercegovine-u-gnijezdu-okupio-najjacu-ekipu-seljaka\/#primaryimage"},"thumbnailUrl":"https:\/\/radioljubuski.ba\/wp-content\/uploads\/2022\/04\/davorin-medic.jpg","datePublished":"2022-04-13T11:22:26+00:00","dateModified":"2022-04-13T11:27:06+00:00","breadcrumb":{"@id":"https:\/\/radioljubuski.ba\/index.php\/2022\/04\/13\/zmaj-od-hercegovine-u-gnijezdu-okupio-najjacu-ekipu-seljaka\/#breadcrumb"},"inLanguage":"hr","potentialAction":[{"@type":"ReadAction","target":["https:\/\/radioljubuski.ba\/index.php\/2022\/04\/13\/zmaj-od-hercegovine-u-gnijezdu-okupio-najjacu-ekipu-seljaka\/"]}]},{"@type":"ImageObject","inLanguage":"hr","@id":"https:\/\/radioljubuski.ba\/index.php\/2022\/04\/13\/zmaj-od-hercegovine-u-gnijezdu-okupio-najjacu-ekipu-seljaka\/#primaryimage","url":"https:\/\/radioljubuski.ba\/wp-content\/uploads\/2022\/04\/davorin-medic.jpg","contentUrl":"https:\/\/radioljubuski.ba\/wp-content\/uploads\/2022\/04\/davorin-medic.jpg","width":1024,"height":681},{"@type":"BreadcrumbList","@id":"https:\/\/radioljubuski.ba\/index.php\/2022\/04\/13\/zmaj-od-hercegovine-u-gnijezdu-okupio-najjacu-ekipu-seljaka\/#breadcrumb","itemListElement":[{"@type":"ListItem","position":1,"name":"Po\u010detna stranica","item":"https:\/\/radioljubuski.ba\/"},{"@type":"ListItem","position":2,"name":"&#8216;Zmaj od Hercegovine&#8217; u gnijezdu okupio najja\u010du ekipu seljaka"}]},{"@type":"WebSite","@id":"https:\/\/radioljubuski.ba\/#website","url":"https:\/\/radioljubuski.ba\/","name":"Radio Ljubu\u0161ki","description":"Sun\u010dana frekvencija Hercegovine","publisher":{"@id":"https:\/\/radioljubuski.ba\/#organization"},"potentialAction":[{"@type":"SearchAction","target":{"@type":"EntryPoint","urlTemplate":"https:\/\/radioljubuski.ba\/?s={search_term_string}"},"query-input":{"@type":"PropertyValueSpecification","valueRequired":true,"valueName":"search_term_string"}}],"inLanguage":"hr"},{"@type":"Organization","@id":"https:\/\/radioljubuski.ba\/#organization","name":"Radio Ljubu\u0161ki","url":"https:\/\/radioljubuski.ba\/","logo":{"@type":"ImageObject","inLanguage":"hr","@id":"https:\/\/radioljubuski.ba\/#\/schema\/logo\/image\/","url":"https:\/\/radioljubuski.ba\/wp-content\/uploads\/2021\/02\/cropped-Radio_Ljubuski_logo1.jpg","contentUrl":"https:\/\/radioljubuski.ba\/wp-content\/uploads\/2021\/02\/cropped-Radio_Ljubuski_logo1.jpg","width":512,"height":512,"caption":"Radio Ljubu\u0161ki"},"image":{"@id":"https:\/\/radioljubuski.ba\/#\/schema\/logo\/image\/"},"sameAs":["https:\/\/www.facebook.com\/Radiio-Ljubuski-1490835324566332","https:\/\/x.com\/radioljubuski","https:\/\/hr.linkedin.com\/company\/radio-ljubuski","https:\/\/www.youtube.com\/channel\/UCHYaeO_n0Db3tjNGudGpXyw"]},{"@type":"Person","@id":"https:\/\/radioljubuski.ba\/#\/schema\/person\/19fc700381a780f69665d7956c469e3b","name":"Radio Ljubu\u0161ki"}]}},"_links":{"self":[{"href":"https:\/\/radioljubuski.ba\/index.php\/wp-json\/wp\/v2\/posts\/131921","targetHints":{"allow":["GET"]}}],"collection":[{"href":"https:\/\/radioljubuski.ba\/index.php\/wp-json\/wp\/v2\/posts"}],"about":[{"href":"https:\/\/radioljubuski.ba\/index.php\/wp-json\/wp\/v2\/types\/post"}],"author":[{"embeddable":true,"href":"https:\/\/radioljubuski.ba\/index.php\/wp-json\/wp\/v2\/users\/2"}],"replies":[{"embeddable":true,"href":"https:\/\/radioljubuski.ba\/index.php\/wp-json\/wp\/v2\/comments?post=131921"}],"version-history":[{"count":2,"href":"https:\/\/radioljubuski.ba\/index.php\/wp-json\/wp\/v2\/posts\/131921\/revisions"}],"predecessor-version":[{"id":131924,"href":"https:\/\/radioljubuski.ba\/index.php\/wp-json\/wp\/v2\/posts\/131921\/revisions\/131924"}],"wp:featuredmedia":[{"embeddable":true,"href":"https:\/\/radioljubuski.ba\/index.php\/wp-json\/wp\/v2\/media\/131922"}],"wp:attachment":[{"href":"https:\/\/radioljubuski.ba\/index.php\/wp-json\/wp\/v2\/media?parent=131921"}],"wp:term":[{"taxonomy":"category","embeddable":true,"href":"https:\/\/radioljubuski.ba\/index.php\/wp-json\/wp\/v2\/categories?post=131921"},{"taxonomy":"post_tag","embeddable":true,"href":"https:\/\/radioljubuski.ba\/index.php\/wp-json\/wp\/v2\/tags?post=131921"}],"curies":[{"name":"wp","href":"https:\/\/api.w.org\/{rel}","templated":true}]}}