{"id":131925,"date":"2022-04-13T12:49:14","date_gmt":"2022-04-13T11:49:14","guid":{"rendered":"https:\/\/radioljubuski.ba\/?p=131925"},"modified":"2022-04-13T12:49:16","modified_gmt":"2022-04-13T11:49:16","slug":"linde-rusija-ne-smije-prijetiti-svedskoj-bih-treba-pratiti-eu-u-odnosu-na-ukrajinu","status":"publish","type":"post","link":"https:\/\/radioljubuski.ba\/index.php\/2022\/04\/13\/linde-rusija-ne-smije-prijetiti-svedskoj-bih-treba-pratiti-eu-u-odnosu-na-ukrajinu\/","title":{"rendered":"Linde: Rusija ne smije prijetiti \u0160vedskoj, BiH treba pratiti EU u odnosu na Ukrajinu"},"content":{"rendered":"\n<p>\u0160vedska ministrica vanjskih poslova Ann Linde ocijenila &nbsp;je u utorak u Sarajevu apsolutno neprihvatljivim prijetnje Rusije zbog mogu\u0107eg priklju\u010denja njene zemlje i Finske NATO-u, a od BiH je zatra\u017eila da slijedi politiku EU u odnosu na rat u Ukrajini.<\/p>\n\n\n\n<p>&#8220;Potpuno je neprihvatljivo da Rusija na bilo koji na\u010din prijeti \u0160vedskoj ili Finskoj jer je na njenim gra\u0111anima da odlu\u010de o svojoj sigurnosnoj politici. Postoji vrijeme prije i poslije 24. velja\u010de i \u0160vedska i Finska \u0107e samostalno odlu\u010divati o svojoj politici&#8221;, kazala je Linde novinarima u Sarajevu tijekom slu\u017ebenog posjeta BiH gdje se sastala s du\u017enosnicima te zemlje.<\/p>\n\n\n\n<p>Komentiraju\u0107i prijetnje njenoj zemlji iz Moskve, uklju\u010duju\u0107i izjavu glasnogovornika Kremlja Dmitrija Peskova, \u0161efica \u0161vedske diplomacije kazala je kako se sigurnosno stanje u Europi dramati\u010dno promijenilo nakon \u0161to je agresija Rusije na Ukrajinu prouzro\u010dila je strahovita razaranja i stradanja ljudi te milijunski izbjegli\u010dki val.<\/p>\n\n\n\n<p>To je potaknulo vlade u Stockholmu i Helsinkiju da revidiraju svoju dugogodi\u0161nju politiku vojne neutralnosti te razmotre mogu\u0107nost priklju\u010denja NATO-u.<\/p>\n\n\n\n<p>&#8220;Ruski napad na Ukrajinu je neizazvan i nezakonit i ne mo\u017ee se ni\u010dim opravdati i zato \u0160vedska zajedno s EU stoji uz Ukrajinu&#8221;, kazala je Linde dodaju\u0107i kako cijeli svijet mora biti ujedinjen u suprotstavljanju ruskoj agresiji.<\/p>\n\n\n\n<p>Pozvala je i BiH da svoju politiku u odnosu na Ukrajinu odnosno Rusiju u cijelosti uskladi s onom koju vodi EU kao i da se aktivnije uklju\u010di u borbu protiv kampanje dezinformacija.<\/p>\n\n\n\n<p>Kazala je i kako je u svjetlu pogor\u0161ane sigurnosne situacije na europskom kontinentu nu\u017eno da politi\u010dari u BiH poka\u017eu odgovornije pona\u0161anje, a posebice je pozvala du\u017enosnike iz reda bosanskih Srba da prekinu blokirati rad sredi\u0161njih tijela dr\u017eavne vlasti.<\/p>\n\n\n\n<p>Iskazala je spremnost \u0160vedske da slijedi politiku sankcija EU prema onim politi\u010darima iz BiH koji podrivaju stabilnost i suverenitet te zemlje.<\/p>\n\n\n\n<p>Izrazila je \u017ealjenje jer nije bilo dogovora o novom izbornom zakonu u BiH ali je jasno kazala kako je od klju\u010dnog zna\u010daja da se izbori ipak provedu ove jesni prema postoje\u0107im pravilima za \u0161to pak vlasti moraju osigurati potrebna sredstva iz dr\u017eavnog prora\u010duna.<\/p>\n\n\n\n<p>Ministrica vanjskih poslova BiH Bisera Turkovi\u0107 je kazala kako BiH jasno osu\u0111uje agresiju Rusije na Ukrajinu i o\u010dekuje da se ona \u0161to prije zaustavi, a komentiraju\u0107i prijepore oko osiguranja novaca za izbore Turkovi\u0107 je kazala kako postoje naznake da bi dr\u017eavni prora\u010dun za ovu godinu mogao biti usvojen do 25. travnja pa bi se taj problem rije\u0161io.<\/p>\n\n\n\n<p>Najavila je i kako bi visoki predstavnik za BiH Christian Schmidt uskoro mogao posegnuti za svojim ovlastima i poni\u0161titi zakon kojim je Republika Srpska preuzela upravljanje imovinom u vlasni\u0161tvu BiH.<\/p>\n\n\n\n<p>&#8220;Ako se taj zakon ne povu\u010de sigurno \u0107e do\u0107i do njegova poni\u0161tavanja&#8221;, kazala je Turkovi\u0107.<\/p>\n\n\n\n<p>Dodala je i kako vjeruje da \u0107e se nastaviti s uvo\u0111enjem sankcija politi\u010darima koji podrivaju stabilnost BiH i kr\u0161e Daytonski sporazum kako su ve\u0107 ka\u017enjeni \u010dlan Predsjedni\u0161tva BiH Milorad Dodik i predsjednica RS \u017deljka Cvijanovi\u0107.<\/p>\n\n\n\n<p>&#8220;Svjedo\u010dimo samo po\u010detku (nametanja sankcija) i vjerujem da \u0107e svatko onaj tko ugro\u017eava sigurnost snositi sankcije&#8221;, kazala je Turkovi\u0107 komentiraju\u0107i to \u0161to je Velika Britanija u ponedjeljak kaznila Dodika i Cvijanovi\u0107 zabranom putovanja i zamrzavanjem imovine.<\/p>\n\n\n\n<p>Izvor:pogled.ba<\/p>\n","protected":false},"excerpt":{"rendered":"<p>\u0160vedska ministrica vanjskih poslova Ann Linde ocijenila &nbsp;je u utorak u Sarajevu apsolutno neprihvatljivim prijetnje Rusije zbog mogu\u0107eg priklju\u010denja njene zemlje i Finske NATO-u, a od BiH je zatra\u017eila da slijedi politiku EU u odnosu na rat u Ukrajini. &#8220;Potpuno je neprihvatljivo da Rusija na bilo koji na\u010din prijeti \u0160vedskoj ili Finskoj jer je na [&hellip;]<\/p>\n","protected":false},"author":2,"featured_media":131926,"comment_status":"closed","ping_status":"closed","sticky":false,"template":"","format":"standard","meta":{"h5ap_radio_sources":[],"footnotes":""},"categories":[1],"tags":[],"class_list":["post-131925","post","type-post","status-publish","format-standard","has-post-thumbnail","hentry","category-bihiregija"],"yoast_head":"<!-- This site is optimized with the Yoast SEO plugin v27.5 - https:\/\/yoast.com\/product\/yoast-seo-wordpress\/ -->\n<title>Linde: Rusija ne smije prijetiti \u0160vedskoj, BiH treba pratiti EU u odnosu na Ukrajinu - RADIO LJUBU\u0160KI<\/title>\n<meta name=\"robots\" content=\"index, follow, max-snippet:-1, max-image-preview:large, max-video-preview:-1\" \/>\n<link rel=\"canonical\" href=\"https:\/\/radioljubuski.ba\/index.php\/2022\/04\/13\/linde-rusija-ne-smije-prijetiti-svedskoj-bih-treba-pratiti-eu-u-odnosu-na-ukrajinu\/\" \/>\n<meta property=\"og:locale\" content=\"hr_HR\" \/>\n<meta property=\"og:type\" content=\"article\" \/>\n<meta property=\"og:title\" content=\"Linde: Rusija ne smije prijetiti \u0160vedskoj, BiH treba pratiti EU u odnosu na Ukrajinu - RADIO LJUBU\u0160KI\" \/>\n<meta property=\"og:description\" content=\"\u0160vedska ministrica vanjskih poslova Ann Linde ocijenila &nbsp;je u utorak u Sarajevu apsolutno neprihvatljivim prijetnje Rusije zbog mogu\u0107eg priklju\u010denja njene zemlje i Finske NATO-u, a od BiH je zatra\u017eila da slijedi politiku EU u odnosu na rat u Ukrajini. &#8220;Potpuno je neprihvatljivo da Rusija na bilo koji na\u010din prijeti \u0160vedskoj ili Finskoj jer je na [&hellip;]\" \/>\n<meta property=\"og:url\" content=\"https:\/\/radioljubuski.ba\/index.php\/2022\/04\/13\/linde-rusija-ne-smije-prijetiti-svedskoj-bih-treba-pratiti-eu-u-odnosu-na-ukrajinu\/\" \/>\n<meta property=\"og:site_name\" content=\"RADIO LJUBU\u0160KI\" \/>\n<meta property=\"article:publisher\" content=\"https:\/\/www.facebook.com\/Radiio-Ljubuski-1490835324566332\" \/>\n<meta property=\"article:published_time\" content=\"2022-04-13T11:49:14+00:00\" \/>\n<meta property=\"article:modified_time\" content=\"2022-04-13T11:49:16+00:00\" \/>\n<meta property=\"og:image\" content=\"https:\/\/radioljubuski.ba\/wp-content\/uploads\/2022\/04\/linde.jpg\" \/>\n\t<meta property=\"og:image:width\" content=\"287\" \/>\n\t<meta property=\"og:image:height\" content=\"176\" \/>\n\t<meta property=\"og:image:type\" content=\"image\/jpeg\" \/>\n<meta name=\"author\" content=\"Radio Ljubu\u0161ki\" \/>\n<meta name=\"twitter:card\" content=\"summary_large_image\" \/>\n<meta name=\"twitter:creator\" content=\"@radioljubuski\" \/>\n<meta name=\"twitter:site\" content=\"@radioljubuski\" \/>\n<meta name=\"twitter:label1\" content=\"Napisao\/la\" \/>\n\t<meta name=\"twitter:data1\" content=\"Radio Ljubu\u0161ki\" \/>\n\t<meta name=\"twitter:label2\" content=\"Procijenjeno vrijeme \u010ditanja\" \/>\n\t<meta name=\"twitter:data2\" content=\"3 minute\" \/>\n<script type=\"application\/ld+json\" class=\"yoast-schema-graph\">{\"@context\":\"https:\\\/\\\/schema.org\",\"@graph\":[{\"@type\":\"Article\",\"@id\":\"https:\\\/\\\/radioljubuski.ba\\\/index.php\\\/2022\\\/04\\\/13\\\/linde-rusija-ne-smije-prijetiti-svedskoj-bih-treba-pratiti-eu-u-odnosu-na-ukrajinu\\\/#article\",\"isPartOf\":{\"@id\":\"https:\\\/\\\/radioljubuski.ba\\\/index.php\\\/2022\\\/04\\\/13\\\/linde-rusija-ne-smije-prijetiti-svedskoj-bih-treba-pratiti-eu-u-odnosu-na-ukrajinu\\\/\"},\"author\":{\"name\":\"Radio Ljubu\u0161ki\",\"@id\":\"https:\\\/\\\/radioljubuski.ba\\\/#\\\/schema\\\/person\\\/19fc700381a780f69665d7956c469e3b\"},\"headline\":\"Linde: Rusija ne smije prijetiti \u0160vedskoj, BiH treba pratiti EU u odnosu na Ukrajinu\",\"datePublished\":\"2022-04-13T11:49:14+00:00\",\"dateModified\":\"2022-04-13T11:49:16+00:00\",\"mainEntityOfPage\":{\"@id\":\"https:\\\/\\\/radioljubuski.ba\\\/index.php\\\/2022\\\/04\\\/13\\\/linde-rusija-ne-smije-prijetiti-svedskoj-bih-treba-pratiti-eu-u-odnosu-na-ukrajinu\\\/\"},\"wordCount\":577,\"publisher\":{\"@id\":\"https:\\\/\\\/radioljubuski.ba\\\/#organization\"},\"image\":{\"@id\":\"https:\\\/\\\/radioljubuski.ba\\\/index.php\\\/2022\\\/04\\\/13\\\/linde-rusija-ne-smije-prijetiti-svedskoj-bih-treba-pratiti-eu-u-odnosu-na-ukrajinu\\\/#primaryimage\"},\"thumbnailUrl\":\"https:\\\/\\\/radioljubuski.ba\\\/wp-content\\\/uploads\\\/2022\\\/04\\\/linde.jpg\",\"articleSection\":[\"BIH i regija\"],\"inLanguage\":\"hr\"},{\"@type\":\"WebPage\",\"@id\":\"https:\\\/\\\/radioljubuski.ba\\\/index.php\\\/2022\\\/04\\\/13\\\/linde-rusija-ne-smije-prijetiti-svedskoj-bih-treba-pratiti-eu-u-odnosu-na-ukrajinu\\\/\",\"url\":\"https:\\\/\\\/radioljubuski.ba\\\/index.php\\\/2022\\\/04\\\/13\\\/linde-rusija-ne-smije-prijetiti-svedskoj-bih-treba-pratiti-eu-u-odnosu-na-ukrajinu\\\/\",\"name\":\"Linde: Rusija ne smije prijetiti \u0160vedskoj, BiH treba pratiti EU u odnosu na Ukrajinu - RADIO LJUBU\u0160KI\",\"isPartOf\":{\"@id\":\"https:\\\/\\\/radioljubuski.ba\\\/#website\"},\"primaryImageOfPage\":{\"@id\":\"https:\\\/\\\/radioljubuski.ba\\\/index.php\\\/2022\\\/04\\\/13\\\/linde-rusija-ne-smije-prijetiti-svedskoj-bih-treba-pratiti-eu-u-odnosu-na-ukrajinu\\\/#primaryimage\"},\"image\":{\"@id\":\"https:\\\/\\\/radioljubuski.ba\\\/index.php\\\/2022\\\/04\\\/13\\\/linde-rusija-ne-smije-prijetiti-svedskoj-bih-treba-pratiti-eu-u-odnosu-na-ukrajinu\\\/#primaryimage\"},\"thumbnailUrl\":\"https:\\\/\\\/radioljubuski.ba\\\/wp-content\\\/uploads\\\/2022\\\/04\\\/linde.jpg\",\"datePublished\":\"2022-04-13T11:49:14+00:00\",\"dateModified\":\"2022-04-13T11:49:16+00:00\",\"breadcrumb\":{\"@id\":\"https:\\\/\\\/radioljubuski.ba\\\/index.php\\\/2022\\\/04\\\/13\\\/linde-rusija-ne-smije-prijetiti-svedskoj-bih-treba-pratiti-eu-u-odnosu-na-ukrajinu\\\/#breadcrumb\"},\"inLanguage\":\"hr\",\"potentialAction\":[{\"@type\":\"ReadAction\",\"target\":[\"https:\\\/\\\/radioljubuski.ba\\\/index.php\\\/2022\\\/04\\\/13\\\/linde-rusija-ne-smije-prijetiti-svedskoj-bih-treba-pratiti-eu-u-odnosu-na-ukrajinu\\\/\"]}]},{\"@type\":\"ImageObject\",\"inLanguage\":\"hr\",\"@id\":\"https:\\\/\\\/radioljubuski.ba\\\/index.php\\\/2022\\\/04\\\/13\\\/linde-rusija-ne-smije-prijetiti-svedskoj-bih-treba-pratiti-eu-u-odnosu-na-ukrajinu\\\/#primaryimage\",\"url\":\"https:\\\/\\\/radioljubuski.ba\\\/wp-content\\\/uploads\\\/2022\\\/04\\\/linde.jpg\",\"contentUrl\":\"https:\\\/\\\/radioljubuski.ba\\\/wp-content\\\/uploads\\\/2022\\\/04\\\/linde.jpg\",\"width\":287,\"height\":176},{\"@type\":\"BreadcrumbList\",\"@id\":\"https:\\\/\\\/radioljubuski.ba\\\/index.php\\\/2022\\\/04\\\/13\\\/linde-rusija-ne-smije-prijetiti-svedskoj-bih-treba-pratiti-eu-u-odnosu-na-ukrajinu\\\/#breadcrumb\",\"itemListElement\":[{\"@type\":\"ListItem\",\"position\":1,\"name\":\"Po\u010detna stranica\",\"item\":\"https:\\\/\\\/radioljubuski.ba\\\/\"},{\"@type\":\"ListItem\",\"position\":2,\"name\":\"Linde: Rusija ne smije prijetiti \u0160vedskoj, BiH treba pratiti EU u odnosu na Ukrajinu\"}]},{\"@type\":\"WebSite\",\"@id\":\"https:\\\/\\\/radioljubuski.ba\\\/#website\",\"url\":\"https:\\\/\\\/radioljubuski.ba\\\/\",\"name\":\"Radio Ljubu\u0161ki\",\"description\":\"Sun\u010dana frekvencija Hercegovine\",\"publisher\":{\"@id\":\"https:\\\/\\\/radioljubuski.ba\\\/#organization\"},\"potentialAction\":[{\"@type\":\"SearchAction\",\"target\":{\"@type\":\"EntryPoint\",\"urlTemplate\":\"https:\\\/\\\/radioljubuski.ba\\\/?s={search_term_string}\"},\"query-input\":{\"@type\":\"PropertyValueSpecification\",\"valueRequired\":true,\"valueName\":\"search_term_string\"}}],\"inLanguage\":\"hr\"},{\"@type\":\"Organization\",\"@id\":\"https:\\\/\\\/radioljubuski.ba\\\/#organization\",\"name\":\"Radio Ljubu\u0161ki\",\"url\":\"https:\\\/\\\/radioljubuski.ba\\\/\",\"logo\":{\"@type\":\"ImageObject\",\"inLanguage\":\"hr\",\"@id\":\"https:\\\/\\\/radioljubuski.ba\\\/#\\\/schema\\\/logo\\\/image\\\/\",\"url\":\"https:\\\/\\\/radioljubuski.ba\\\/wp-content\\\/uploads\\\/2021\\\/02\\\/cropped-Radio_Ljubuski_logo1.jpg\",\"contentUrl\":\"https:\\\/\\\/radioljubuski.ba\\\/wp-content\\\/uploads\\\/2021\\\/02\\\/cropped-Radio_Ljubuski_logo1.jpg\",\"width\":512,\"height\":512,\"caption\":\"Radio Ljubu\u0161ki\"},\"image\":{\"@id\":\"https:\\\/\\\/radioljubuski.ba\\\/#\\\/schema\\\/logo\\\/image\\\/\"},\"sameAs\":[\"https:\\\/\\\/www.facebook.com\\\/Radiio-Ljubuski-1490835324566332\",\"https:\\\/\\\/x.com\\\/radioljubuski\",\"https:\\\/\\\/hr.linkedin.com\\\/company\\\/radio-ljubuski\",\"https:\\\/\\\/www.youtube.com\\\/channel\\\/UCHYaeO_n0Db3tjNGudGpXyw\"]},{\"@type\":\"Person\",\"@id\":\"https:\\\/\\\/radioljubuski.ba\\\/#\\\/schema\\\/person\\\/19fc700381a780f69665d7956c469e3b\",\"name\":\"Radio Ljubu\u0161ki\"}]}<\/script>\n<!-- \/ Yoast SEO plugin. -->","yoast_head_json":{"title":"Linde: Rusija ne smije prijetiti \u0160vedskoj, BiH treba pratiti EU u odnosu na Ukrajinu - RADIO LJUBU\u0160KI","robots":{"index":"index","follow":"follow","max-snippet":"max-snippet:-1","max-image-preview":"max-image-preview:large","max-video-preview":"max-video-preview:-1"},"canonical":"https:\/\/radioljubuski.ba\/index.php\/2022\/04\/13\/linde-rusija-ne-smije-prijetiti-svedskoj-bih-treba-pratiti-eu-u-odnosu-na-ukrajinu\/","og_locale":"hr_HR","og_type":"article","og_title":"Linde: Rusija ne smije prijetiti \u0160vedskoj, BiH treba pratiti EU u odnosu na Ukrajinu - RADIO LJUBU\u0160KI","og_description":"\u0160vedska ministrica vanjskih poslova Ann Linde ocijenila &nbsp;je u utorak u Sarajevu apsolutno neprihvatljivim prijetnje Rusije zbog mogu\u0107eg priklju\u010denja njene zemlje i Finske NATO-u, a od BiH je zatra\u017eila da slijedi politiku EU u odnosu na rat u Ukrajini. &#8220;Potpuno je neprihvatljivo da Rusija na bilo koji na\u010din prijeti \u0160vedskoj ili Finskoj jer je na [&hellip;]","og_url":"https:\/\/radioljubuski.ba\/index.php\/2022\/04\/13\/linde-rusija-ne-smije-prijetiti-svedskoj-bih-treba-pratiti-eu-u-odnosu-na-ukrajinu\/","og_site_name":"RADIO LJUBU\u0160KI","article_publisher":"https:\/\/www.facebook.com\/Radiio-Ljubuski-1490835324566332","article_published_time":"2022-04-13T11:49:14+00:00","article_modified_time":"2022-04-13T11:49:16+00:00","og_image":[{"width":287,"height":176,"url":"https:\/\/radioljubuski.ba\/wp-content\/uploads\/2022\/04\/linde.jpg","type":"image\/jpeg"}],"author":"Radio Ljubu\u0161ki","twitter_card":"summary_large_image","twitter_creator":"@radioljubuski","twitter_site":"@radioljubuski","twitter_misc":{"Napisao\/la":"Radio Ljubu\u0161ki","Procijenjeno vrijeme \u010ditanja":"3 minute"},"schema":{"@context":"https:\/\/schema.org","@graph":[{"@type":"Article","@id":"https:\/\/radioljubuski.ba\/index.php\/2022\/04\/13\/linde-rusija-ne-smije-prijetiti-svedskoj-bih-treba-pratiti-eu-u-odnosu-na-ukrajinu\/#article","isPartOf":{"@id":"https:\/\/radioljubuski.ba\/index.php\/2022\/04\/13\/linde-rusija-ne-smije-prijetiti-svedskoj-bih-treba-pratiti-eu-u-odnosu-na-ukrajinu\/"},"author":{"name":"Radio Ljubu\u0161ki","@id":"https:\/\/radioljubuski.ba\/#\/schema\/person\/19fc700381a780f69665d7956c469e3b"},"headline":"Linde: Rusija ne smije prijetiti \u0160vedskoj, BiH treba pratiti EU u odnosu na Ukrajinu","datePublished":"2022-04-13T11:49:14+00:00","dateModified":"2022-04-13T11:49:16+00:00","mainEntityOfPage":{"@id":"https:\/\/radioljubuski.ba\/index.php\/2022\/04\/13\/linde-rusija-ne-smije-prijetiti-svedskoj-bih-treba-pratiti-eu-u-odnosu-na-ukrajinu\/"},"wordCount":577,"publisher":{"@id":"https:\/\/radioljubuski.ba\/#organization"},"image":{"@id":"https:\/\/radioljubuski.ba\/index.php\/2022\/04\/13\/linde-rusija-ne-smije-prijetiti-svedskoj-bih-treba-pratiti-eu-u-odnosu-na-ukrajinu\/#primaryimage"},"thumbnailUrl":"https:\/\/radioljubuski.ba\/wp-content\/uploads\/2022\/04\/linde.jpg","articleSection":["BIH i regija"],"inLanguage":"hr"},{"@type":"WebPage","@id":"https:\/\/radioljubuski.ba\/index.php\/2022\/04\/13\/linde-rusija-ne-smije-prijetiti-svedskoj-bih-treba-pratiti-eu-u-odnosu-na-ukrajinu\/","url":"https:\/\/radioljubuski.ba\/index.php\/2022\/04\/13\/linde-rusija-ne-smije-prijetiti-svedskoj-bih-treba-pratiti-eu-u-odnosu-na-ukrajinu\/","name":"Linde: Rusija ne smije prijetiti \u0160vedskoj, BiH treba pratiti EU u odnosu na Ukrajinu - RADIO LJUBU\u0160KI","isPartOf":{"@id":"https:\/\/radioljubuski.ba\/#website"},"primaryImageOfPage":{"@id":"https:\/\/radioljubuski.ba\/index.php\/2022\/04\/13\/linde-rusija-ne-smije-prijetiti-svedskoj-bih-treba-pratiti-eu-u-odnosu-na-ukrajinu\/#primaryimage"},"image":{"@id":"https:\/\/radioljubuski.ba\/index.php\/2022\/04\/13\/linde-rusija-ne-smije-prijetiti-svedskoj-bih-treba-pratiti-eu-u-odnosu-na-ukrajinu\/#primaryimage"},"thumbnailUrl":"https:\/\/radioljubuski.ba\/wp-content\/uploads\/2022\/04\/linde.jpg","datePublished":"2022-04-13T11:49:14+00:00","dateModified":"2022-04-13T11:49:16+00:00","breadcrumb":{"@id":"https:\/\/radioljubuski.ba\/index.php\/2022\/04\/13\/linde-rusija-ne-smije-prijetiti-svedskoj-bih-treba-pratiti-eu-u-odnosu-na-ukrajinu\/#breadcrumb"},"inLanguage":"hr","potentialAction":[{"@type":"ReadAction","target":["https:\/\/radioljubuski.ba\/index.php\/2022\/04\/13\/linde-rusija-ne-smije-prijetiti-svedskoj-bih-treba-pratiti-eu-u-odnosu-na-ukrajinu\/"]}]},{"@type":"ImageObject","inLanguage":"hr","@id":"https:\/\/radioljubuski.ba\/index.php\/2022\/04\/13\/linde-rusija-ne-smije-prijetiti-svedskoj-bih-treba-pratiti-eu-u-odnosu-na-ukrajinu\/#primaryimage","url":"https:\/\/radioljubuski.ba\/wp-content\/uploads\/2022\/04\/linde.jpg","contentUrl":"https:\/\/radioljubuski.ba\/wp-content\/uploads\/2022\/04\/linde.jpg","width":287,"height":176},{"@type":"BreadcrumbList","@id":"https:\/\/radioljubuski.ba\/index.php\/2022\/04\/13\/linde-rusija-ne-smije-prijetiti-svedskoj-bih-treba-pratiti-eu-u-odnosu-na-ukrajinu\/#breadcrumb","itemListElement":[{"@type":"ListItem","position":1,"name":"Po\u010detna stranica","item":"https:\/\/radioljubuski.ba\/"},{"@type":"ListItem","position":2,"name":"Linde: Rusija ne smije prijetiti \u0160vedskoj, BiH treba pratiti EU u odnosu na Ukrajinu"}]},{"@type":"WebSite","@id":"https:\/\/radioljubuski.ba\/#website","url":"https:\/\/radioljubuski.ba\/","name":"Radio Ljubu\u0161ki","description":"Sun\u010dana frekvencija Hercegovine","publisher":{"@id":"https:\/\/radioljubuski.ba\/#organization"},"potentialAction":[{"@type":"SearchAction","target":{"@type":"EntryPoint","urlTemplate":"https:\/\/radioljubuski.ba\/?s={search_term_string}"},"query-input":{"@type":"PropertyValueSpecification","valueRequired":true,"valueName":"search_term_string"}}],"inLanguage":"hr"},{"@type":"Organization","@id":"https:\/\/radioljubuski.ba\/#organization","name":"Radio Ljubu\u0161ki","url":"https:\/\/radioljubuski.ba\/","logo":{"@type":"ImageObject","inLanguage":"hr","@id":"https:\/\/radioljubuski.ba\/#\/schema\/logo\/image\/","url":"https:\/\/radioljubuski.ba\/wp-content\/uploads\/2021\/02\/cropped-Radio_Ljubuski_logo1.jpg","contentUrl":"https:\/\/radioljubuski.ba\/wp-content\/uploads\/2021\/02\/cropped-Radio_Ljubuski_logo1.jpg","width":512,"height":512,"caption":"Radio Ljubu\u0161ki"},"image":{"@id":"https:\/\/radioljubuski.ba\/#\/schema\/logo\/image\/"},"sameAs":["https:\/\/www.facebook.com\/Radiio-Ljubuski-1490835324566332","https:\/\/x.com\/radioljubuski","https:\/\/hr.linkedin.com\/company\/radio-ljubuski","https:\/\/www.youtube.com\/channel\/UCHYaeO_n0Db3tjNGudGpXyw"]},{"@type":"Person","@id":"https:\/\/radioljubuski.ba\/#\/schema\/person\/19fc700381a780f69665d7956c469e3b","name":"Radio Ljubu\u0161ki"}]}},"_links":{"self":[{"href":"https:\/\/radioljubuski.ba\/index.php\/wp-json\/wp\/v2\/posts\/131925","targetHints":{"allow":["GET"]}}],"collection":[{"href":"https:\/\/radioljubuski.ba\/index.php\/wp-json\/wp\/v2\/posts"}],"about":[{"href":"https:\/\/radioljubuski.ba\/index.php\/wp-json\/wp\/v2\/types\/post"}],"author":[{"embeddable":true,"href":"https:\/\/radioljubuski.ba\/index.php\/wp-json\/wp\/v2\/users\/2"}],"replies":[{"embeddable":true,"href":"https:\/\/radioljubuski.ba\/index.php\/wp-json\/wp\/v2\/comments?post=131925"}],"version-history":[{"count":1,"href":"https:\/\/radioljubuski.ba\/index.php\/wp-json\/wp\/v2\/posts\/131925\/revisions"}],"predecessor-version":[{"id":131927,"href":"https:\/\/radioljubuski.ba\/index.php\/wp-json\/wp\/v2\/posts\/131925\/revisions\/131927"}],"wp:featuredmedia":[{"embeddable":true,"href":"https:\/\/radioljubuski.ba\/index.php\/wp-json\/wp\/v2\/media\/131926"}],"wp:attachment":[{"href":"https:\/\/radioljubuski.ba\/index.php\/wp-json\/wp\/v2\/media?parent=131925"}],"wp:term":[{"taxonomy":"category","embeddable":true,"href":"https:\/\/radioljubuski.ba\/index.php\/wp-json\/wp\/v2\/categories?post=131925"},{"taxonomy":"post_tag","embeddable":true,"href":"https:\/\/radioljubuski.ba\/index.php\/wp-json\/wp\/v2\/tags?post=131925"}],"curies":[{"name":"wp","href":"https:\/\/api.w.org\/{rel}","templated":true}]}}