{"id":131931,"date":"2022-04-13T12:51:39","date_gmt":"2022-04-13T11:51:39","guid":{"rendered":"https:\/\/radioljubuski.ba\/?p=131931"},"modified":"2022-04-13T12:51:40","modified_gmt":"2022-04-13T11:51:40","slug":"otkriveno-spomen-obiljezje-poginulim-i-nestalim-pripadnicima-105-brigade-hvo-modrica","status":"publish","type":"post","link":"https:\/\/radioljubuski.ba\/index.php\/2022\/04\/13\/otkriveno-spomen-obiljezje-poginulim-i-nestalim-pripadnicima-105-brigade-hvo-modrica\/","title":{"rendered":"Otkriveno spomen obilje\u017eje poginulim i nestalim pripadnicima 105. brigade HVO Modri\u010da"},"content":{"rendered":"\n<p>U okviru obilje\u017eavanja 30. obljetnice utemeljenja 105. brigade Hrvatskog vije\u0107a obrane (HVO) Modri\u010da u ponedjeljak, 11. travnja, otkriveno je spomen obilje\u017eje poginulim i nestalim braniteljima te postrojbe.<\/p>\n\n\n\n<p>Spomenik je izgra\u0111en na groblju sv. Ilije u Garevcu na kojem su ugravirana imena 72 poginulih pripadnika postrojbe. Inicijativu i samu izgradnju spomen obilje\u017eja vodila je i uspje\u0161no okon\u010dala Udruga dragovoljaca i veterana Domovinskog rata HVO Modri\u010da, na \u010delu s predsjednikom Matom Mari\u0107em, priop\u0107eno je na slu\u017ebenoj internetskoj stranici Vlade Posavske \u017eupanije (P\u017d).<\/p>\n\n\n\n<p>Spomen obilje\u017eje je posvetio i predvodio tim povodom misno slavlje za poginule i nestale hrvatske branitelje kardinal Vinko Pulji\u0107, nadbiskup metropolit vrhbosanski u miru.<\/p>\n\n\n\n<p>Sadr\u017eajima obilje\u017eavanja zna\u010dajnog povijesnog datuma iz Domovinskoga rata bio je nazo\u010dan predsjednik Federacije BiH Marinko \u010cavara, predsjednik Vlade P\u017d \u0110uro Topi\u0107, pomo\u0107nik ministra branitelja P\u017d Drago Kopi\u0107, predsjednik i dopredsjednik UDiVDR-a FBiH Nikica Tomi\u0107 i Marijan Arlovi\u0107, kao i predsjednik Udruge nositelja ratnih odli\u010dja HVO-a FBiH Lazar Martinovi\u0107, ministar branitelja u Vladi Zapadnohercegova\u010dke \u017eupanije Mladen Begi\u0107. dopredsjednik RS-a Josip Jerkovi\u0107 i Davor \u010corda\u0161.<\/p>\n\n\n\n<p>Na sve\u010danoj akademiji predsjednik Udruga dragovoljaca i veterana Domovinskog rata HVO Modri\u010da Mato Mari\u0107 uru\u010dio je zahvalnice svima koji su pomogli u realiziranju ukupnog projektu, me\u0111u kojima je bila i Vlada P\u017d.<\/p>\n\n\n\n<p>Tijekom akademije zajedni\u010dka poruka je da najve\u0107a \u017ertva koju su dali branitelji u obrani &#8211; svoje \u017eivote, nikada ne\u0107e biti zaboravljena, a postavljanje spomen obilje\u017eja njima u spomen jedan je od takvih znakova.<\/p>\n\n\n\n<p>Izvor.pogled.ba<\/p>\n","protected":false},"excerpt":{"rendered":"<p>U okviru obilje\u017eavanja 30. obljetnice utemeljenja 105. brigade Hrvatskog vije\u0107a obrane (HVO) Modri\u010da u ponedjeljak, 11. travnja, otkriveno je spomen obilje\u017eje poginulim i nestalim braniteljima te postrojbe. Spomenik je izgra\u0111en na groblju sv. Ilije u Garevcu na kojem su ugravirana imena 72 poginulih pripadnika postrojbe. Inicijativu i samu izgradnju spomen obilje\u017eja vodila je i uspje\u0161no [&hellip;]<\/p>\n","protected":false},"author":2,"featured_media":131932,"comment_status":"closed","ping_status":"closed","sticky":false,"template":"","format":"standard","meta":{"h5ap_radio_sources":[],"footnotes":""},"categories":[1],"tags":[],"class_list":["post-131931","post","type-post","status-publish","format-standard","has-post-thumbnail","hentry","category-bihiregija"],"yoast_head":"<!-- This site is optimized with the Yoast SEO plugin v27.5 - https:\/\/yoast.com\/product\/yoast-seo-wordpress\/ -->\n<title>Otkriveno spomen obilje\u017eje poginulim i nestalim pripadnicima 105. brigade HVO Modri\u010da - RADIO LJUBU\u0160KI<\/title>\n<meta name=\"robots\" content=\"index, follow, max-snippet:-1, max-image-preview:large, max-video-preview:-1\" \/>\n<link rel=\"canonical\" href=\"https:\/\/radioljubuski.ba\/index.php\/2022\/04\/13\/otkriveno-spomen-obiljezje-poginulim-i-nestalim-pripadnicima-105-brigade-hvo-modrica\/\" \/>\n<meta property=\"og:locale\" content=\"hr_HR\" \/>\n<meta property=\"og:type\" content=\"article\" \/>\n<meta property=\"og:title\" content=\"Otkriveno spomen obilje\u017eje poginulim i nestalim pripadnicima 105. brigade HVO Modri\u010da - RADIO LJUBU\u0160KI\" \/>\n<meta property=\"og:description\" content=\"U okviru obilje\u017eavanja 30. obljetnice utemeljenja 105. brigade Hrvatskog vije\u0107a obrane (HVO) Modri\u010da u ponedjeljak, 11. travnja, otkriveno je spomen obilje\u017eje poginulim i nestalim braniteljima te postrojbe. Spomenik je izgra\u0111en na groblju sv. Ilije u Garevcu na kojem su ugravirana imena 72 poginulih pripadnika postrojbe. Inicijativu i samu izgradnju spomen obilje\u017eja vodila je i uspje\u0161no [&hellip;]\" \/>\n<meta property=\"og:url\" content=\"https:\/\/radioljubuski.ba\/index.php\/2022\/04\/13\/otkriveno-spomen-obiljezje-poginulim-i-nestalim-pripadnicima-105-brigade-hvo-modrica\/\" \/>\n<meta property=\"og:site_name\" content=\"RADIO LJUBU\u0160KI\" \/>\n<meta property=\"article:publisher\" content=\"https:\/\/www.facebook.com\/Radiio-Ljubuski-1490835324566332\" \/>\n<meta property=\"article:published_time\" content=\"2022-04-13T11:51:39+00:00\" \/>\n<meta property=\"article:modified_time\" content=\"2022-04-13T11:51:40+00:00\" \/>\n<meta property=\"og:image\" content=\"https:\/\/radioljubuski.ba\/wp-content\/uploads\/2022\/04\/8-2022-04-12-11-44-54-MODRICA-HVO.jpg\" \/>\n\t<meta property=\"og:image:width\" content=\"1000\" \/>\n\t<meta property=\"og:image:height\" content=\"625\" \/>\n\t<meta property=\"og:image:type\" content=\"image\/jpeg\" \/>\n<meta name=\"author\" content=\"Radio Ljubu\u0161ki\" \/>\n<meta name=\"twitter:card\" content=\"summary_large_image\" \/>\n<meta name=\"twitter:creator\" content=\"@radioljubuski\" \/>\n<meta name=\"twitter:site\" content=\"@radioljubuski\" \/>\n<meta name=\"twitter:label1\" content=\"Napisao\/la\" \/>\n\t<meta name=\"twitter:data1\" content=\"Radio Ljubu\u0161ki\" \/>\n\t<meta name=\"twitter:label2\" content=\"Procijenjeno vrijeme \u010ditanja\" \/>\n\t<meta name=\"twitter:data2\" content=\"2 minute\" \/>\n<script type=\"application\/ld+json\" class=\"yoast-schema-graph\">{\"@context\":\"https:\\\/\\\/schema.org\",\"@graph\":[{\"@type\":\"Article\",\"@id\":\"https:\\\/\\\/radioljubuski.ba\\\/index.php\\\/2022\\\/04\\\/13\\\/otkriveno-spomen-obiljezje-poginulim-i-nestalim-pripadnicima-105-brigade-hvo-modrica\\\/#article\",\"isPartOf\":{\"@id\":\"https:\\\/\\\/radioljubuski.ba\\\/index.php\\\/2022\\\/04\\\/13\\\/otkriveno-spomen-obiljezje-poginulim-i-nestalim-pripadnicima-105-brigade-hvo-modrica\\\/\"},\"author\":{\"name\":\"Radio Ljubu\u0161ki\",\"@id\":\"https:\\\/\\\/radioljubuski.ba\\\/#\\\/schema\\\/person\\\/19fc700381a780f69665d7956c469e3b\"},\"headline\":\"Otkriveno spomen obilje\u017eje poginulim i nestalim pripadnicima 105. brigade HVO Modri\u010da\",\"datePublished\":\"2022-04-13T11:51:39+00:00\",\"dateModified\":\"2022-04-13T11:51:40+00:00\",\"mainEntityOfPage\":{\"@id\":\"https:\\\/\\\/radioljubuski.ba\\\/index.php\\\/2022\\\/04\\\/13\\\/otkriveno-spomen-obiljezje-poginulim-i-nestalim-pripadnicima-105-brigade-hvo-modrica\\\/\"},\"wordCount\":271,\"publisher\":{\"@id\":\"https:\\\/\\\/radioljubuski.ba\\\/#organization\"},\"image\":{\"@id\":\"https:\\\/\\\/radioljubuski.ba\\\/index.php\\\/2022\\\/04\\\/13\\\/otkriveno-spomen-obiljezje-poginulim-i-nestalim-pripadnicima-105-brigade-hvo-modrica\\\/#primaryimage\"},\"thumbnailUrl\":\"https:\\\/\\\/radioljubuski.ba\\\/wp-content\\\/uploads\\\/2022\\\/04\\\/8-2022-04-12-11-44-54-MODRICA-HVO.jpg\",\"articleSection\":[\"BIH i regija\"],\"inLanguage\":\"hr\"},{\"@type\":\"WebPage\",\"@id\":\"https:\\\/\\\/radioljubuski.ba\\\/index.php\\\/2022\\\/04\\\/13\\\/otkriveno-spomen-obiljezje-poginulim-i-nestalim-pripadnicima-105-brigade-hvo-modrica\\\/\",\"url\":\"https:\\\/\\\/radioljubuski.ba\\\/index.php\\\/2022\\\/04\\\/13\\\/otkriveno-spomen-obiljezje-poginulim-i-nestalim-pripadnicima-105-brigade-hvo-modrica\\\/\",\"name\":\"Otkriveno spomen obilje\u017eje poginulim i nestalim pripadnicima 105. brigade HVO Modri\u010da - RADIO LJUBU\u0160KI\",\"isPartOf\":{\"@id\":\"https:\\\/\\\/radioljubuski.ba\\\/#website\"},\"primaryImageOfPage\":{\"@id\":\"https:\\\/\\\/radioljubuski.ba\\\/index.php\\\/2022\\\/04\\\/13\\\/otkriveno-spomen-obiljezje-poginulim-i-nestalim-pripadnicima-105-brigade-hvo-modrica\\\/#primaryimage\"},\"image\":{\"@id\":\"https:\\\/\\\/radioljubuski.ba\\\/index.php\\\/2022\\\/04\\\/13\\\/otkriveno-spomen-obiljezje-poginulim-i-nestalim-pripadnicima-105-brigade-hvo-modrica\\\/#primaryimage\"},\"thumbnailUrl\":\"https:\\\/\\\/radioljubuski.ba\\\/wp-content\\\/uploads\\\/2022\\\/04\\\/8-2022-04-12-11-44-54-MODRICA-HVO.jpg\",\"datePublished\":\"2022-04-13T11:51:39+00:00\",\"dateModified\":\"2022-04-13T11:51:40+00:00\",\"breadcrumb\":{\"@id\":\"https:\\\/\\\/radioljubuski.ba\\\/index.php\\\/2022\\\/04\\\/13\\\/otkriveno-spomen-obiljezje-poginulim-i-nestalim-pripadnicima-105-brigade-hvo-modrica\\\/#breadcrumb\"},\"inLanguage\":\"hr\",\"potentialAction\":[{\"@type\":\"ReadAction\",\"target\":[\"https:\\\/\\\/radioljubuski.ba\\\/index.php\\\/2022\\\/04\\\/13\\\/otkriveno-spomen-obiljezje-poginulim-i-nestalim-pripadnicima-105-brigade-hvo-modrica\\\/\"]}]},{\"@type\":\"ImageObject\",\"inLanguage\":\"hr\",\"@id\":\"https:\\\/\\\/radioljubuski.ba\\\/index.php\\\/2022\\\/04\\\/13\\\/otkriveno-spomen-obiljezje-poginulim-i-nestalim-pripadnicima-105-brigade-hvo-modrica\\\/#primaryimage\",\"url\":\"https:\\\/\\\/radioljubuski.ba\\\/wp-content\\\/uploads\\\/2022\\\/04\\\/8-2022-04-12-11-44-54-MODRICA-HVO.jpg\",\"contentUrl\":\"https:\\\/\\\/radioljubuski.ba\\\/wp-content\\\/uploads\\\/2022\\\/04\\\/8-2022-04-12-11-44-54-MODRICA-HVO.jpg\",\"width\":1000,\"height\":625},{\"@type\":\"BreadcrumbList\",\"@id\":\"https:\\\/\\\/radioljubuski.ba\\\/index.php\\\/2022\\\/04\\\/13\\\/otkriveno-spomen-obiljezje-poginulim-i-nestalim-pripadnicima-105-brigade-hvo-modrica\\\/#breadcrumb\",\"itemListElement\":[{\"@type\":\"ListItem\",\"position\":1,\"name\":\"Po\u010detna stranica\",\"item\":\"https:\\\/\\\/radioljubuski.ba\\\/\"},{\"@type\":\"ListItem\",\"position\":2,\"name\":\"Otkriveno spomen obilje\u017eje poginulim i nestalim pripadnicima 105. brigade HVO Modri\u010da\"}]},{\"@type\":\"WebSite\",\"@id\":\"https:\\\/\\\/radioljubuski.ba\\\/#website\",\"url\":\"https:\\\/\\\/radioljubuski.ba\\\/\",\"name\":\"Radio Ljubu\u0161ki\",\"description\":\"Sun\u010dana frekvencija Hercegovine\",\"publisher\":{\"@id\":\"https:\\\/\\\/radioljubuski.ba\\\/#organization\"},\"potentialAction\":[{\"@type\":\"SearchAction\",\"target\":{\"@type\":\"EntryPoint\",\"urlTemplate\":\"https:\\\/\\\/radioljubuski.ba\\\/?s={search_term_string}\"},\"query-input\":{\"@type\":\"PropertyValueSpecification\",\"valueRequired\":true,\"valueName\":\"search_term_string\"}}],\"inLanguage\":\"hr\"},{\"@type\":\"Organization\",\"@id\":\"https:\\\/\\\/radioljubuski.ba\\\/#organization\",\"name\":\"Radio Ljubu\u0161ki\",\"url\":\"https:\\\/\\\/radioljubuski.ba\\\/\",\"logo\":{\"@type\":\"ImageObject\",\"inLanguage\":\"hr\",\"@id\":\"https:\\\/\\\/radioljubuski.ba\\\/#\\\/schema\\\/logo\\\/image\\\/\",\"url\":\"https:\\\/\\\/radioljubuski.ba\\\/wp-content\\\/uploads\\\/2021\\\/02\\\/cropped-Radio_Ljubuski_logo1.jpg\",\"contentUrl\":\"https:\\\/\\\/radioljubuski.ba\\\/wp-content\\\/uploads\\\/2021\\\/02\\\/cropped-Radio_Ljubuski_logo1.jpg\",\"width\":512,\"height\":512,\"caption\":\"Radio Ljubu\u0161ki\"},\"image\":{\"@id\":\"https:\\\/\\\/radioljubuski.ba\\\/#\\\/schema\\\/logo\\\/image\\\/\"},\"sameAs\":[\"https:\\\/\\\/www.facebook.com\\\/Radiio-Ljubuski-1490835324566332\",\"https:\\\/\\\/x.com\\\/radioljubuski\",\"https:\\\/\\\/hr.linkedin.com\\\/company\\\/radio-ljubuski\",\"https:\\\/\\\/www.youtube.com\\\/channel\\\/UCHYaeO_n0Db3tjNGudGpXyw\"]},{\"@type\":\"Person\",\"@id\":\"https:\\\/\\\/radioljubuski.ba\\\/#\\\/schema\\\/person\\\/19fc700381a780f69665d7956c469e3b\",\"name\":\"Radio Ljubu\u0161ki\"}]}<\/script>\n<!-- \/ Yoast SEO plugin. -->","yoast_head_json":{"title":"Otkriveno spomen obilje\u017eje poginulim i nestalim pripadnicima 105. brigade HVO Modri\u010da - RADIO LJUBU\u0160KI","robots":{"index":"index","follow":"follow","max-snippet":"max-snippet:-1","max-image-preview":"max-image-preview:large","max-video-preview":"max-video-preview:-1"},"canonical":"https:\/\/radioljubuski.ba\/index.php\/2022\/04\/13\/otkriveno-spomen-obiljezje-poginulim-i-nestalim-pripadnicima-105-brigade-hvo-modrica\/","og_locale":"hr_HR","og_type":"article","og_title":"Otkriveno spomen obilje\u017eje poginulim i nestalim pripadnicima 105. brigade HVO Modri\u010da - RADIO LJUBU\u0160KI","og_description":"U okviru obilje\u017eavanja 30. obljetnice utemeljenja 105. brigade Hrvatskog vije\u0107a obrane (HVO) Modri\u010da u ponedjeljak, 11. travnja, otkriveno je spomen obilje\u017eje poginulim i nestalim braniteljima te postrojbe. Spomenik je izgra\u0111en na groblju sv. Ilije u Garevcu na kojem su ugravirana imena 72 poginulih pripadnika postrojbe. Inicijativu i samu izgradnju spomen obilje\u017eja vodila je i uspje\u0161no [&hellip;]","og_url":"https:\/\/radioljubuski.ba\/index.php\/2022\/04\/13\/otkriveno-spomen-obiljezje-poginulim-i-nestalim-pripadnicima-105-brigade-hvo-modrica\/","og_site_name":"RADIO LJUBU\u0160KI","article_publisher":"https:\/\/www.facebook.com\/Radiio-Ljubuski-1490835324566332","article_published_time":"2022-04-13T11:51:39+00:00","article_modified_time":"2022-04-13T11:51:40+00:00","og_image":[{"width":1000,"height":625,"url":"https:\/\/radioljubuski.ba\/wp-content\/uploads\/2022\/04\/8-2022-04-12-11-44-54-MODRICA-HVO.jpg","type":"image\/jpeg"}],"author":"Radio Ljubu\u0161ki","twitter_card":"summary_large_image","twitter_creator":"@radioljubuski","twitter_site":"@radioljubuski","twitter_misc":{"Napisao\/la":"Radio Ljubu\u0161ki","Procijenjeno vrijeme \u010ditanja":"2 minute"},"schema":{"@context":"https:\/\/schema.org","@graph":[{"@type":"Article","@id":"https:\/\/radioljubuski.ba\/index.php\/2022\/04\/13\/otkriveno-spomen-obiljezje-poginulim-i-nestalim-pripadnicima-105-brigade-hvo-modrica\/#article","isPartOf":{"@id":"https:\/\/radioljubuski.ba\/index.php\/2022\/04\/13\/otkriveno-spomen-obiljezje-poginulim-i-nestalim-pripadnicima-105-brigade-hvo-modrica\/"},"author":{"name":"Radio Ljubu\u0161ki","@id":"https:\/\/radioljubuski.ba\/#\/schema\/person\/19fc700381a780f69665d7956c469e3b"},"headline":"Otkriveno spomen obilje\u017eje poginulim i nestalim pripadnicima 105. brigade HVO Modri\u010da","datePublished":"2022-04-13T11:51:39+00:00","dateModified":"2022-04-13T11:51:40+00:00","mainEntityOfPage":{"@id":"https:\/\/radioljubuski.ba\/index.php\/2022\/04\/13\/otkriveno-spomen-obiljezje-poginulim-i-nestalim-pripadnicima-105-brigade-hvo-modrica\/"},"wordCount":271,"publisher":{"@id":"https:\/\/radioljubuski.ba\/#organization"},"image":{"@id":"https:\/\/radioljubuski.ba\/index.php\/2022\/04\/13\/otkriveno-spomen-obiljezje-poginulim-i-nestalim-pripadnicima-105-brigade-hvo-modrica\/#primaryimage"},"thumbnailUrl":"https:\/\/radioljubuski.ba\/wp-content\/uploads\/2022\/04\/8-2022-04-12-11-44-54-MODRICA-HVO.jpg","articleSection":["BIH i regija"],"inLanguage":"hr"},{"@type":"WebPage","@id":"https:\/\/radioljubuski.ba\/index.php\/2022\/04\/13\/otkriveno-spomen-obiljezje-poginulim-i-nestalim-pripadnicima-105-brigade-hvo-modrica\/","url":"https:\/\/radioljubuski.ba\/index.php\/2022\/04\/13\/otkriveno-spomen-obiljezje-poginulim-i-nestalim-pripadnicima-105-brigade-hvo-modrica\/","name":"Otkriveno spomen obilje\u017eje poginulim i nestalim pripadnicima 105. brigade HVO Modri\u010da - RADIO LJUBU\u0160KI","isPartOf":{"@id":"https:\/\/radioljubuski.ba\/#website"},"primaryImageOfPage":{"@id":"https:\/\/radioljubuski.ba\/index.php\/2022\/04\/13\/otkriveno-spomen-obiljezje-poginulim-i-nestalim-pripadnicima-105-brigade-hvo-modrica\/#primaryimage"},"image":{"@id":"https:\/\/radioljubuski.ba\/index.php\/2022\/04\/13\/otkriveno-spomen-obiljezje-poginulim-i-nestalim-pripadnicima-105-brigade-hvo-modrica\/#primaryimage"},"thumbnailUrl":"https:\/\/radioljubuski.ba\/wp-content\/uploads\/2022\/04\/8-2022-04-12-11-44-54-MODRICA-HVO.jpg","datePublished":"2022-04-13T11:51:39+00:00","dateModified":"2022-04-13T11:51:40+00:00","breadcrumb":{"@id":"https:\/\/radioljubuski.ba\/index.php\/2022\/04\/13\/otkriveno-spomen-obiljezje-poginulim-i-nestalim-pripadnicima-105-brigade-hvo-modrica\/#breadcrumb"},"inLanguage":"hr","potentialAction":[{"@type":"ReadAction","target":["https:\/\/radioljubuski.ba\/index.php\/2022\/04\/13\/otkriveno-spomen-obiljezje-poginulim-i-nestalim-pripadnicima-105-brigade-hvo-modrica\/"]}]},{"@type":"ImageObject","inLanguage":"hr","@id":"https:\/\/radioljubuski.ba\/index.php\/2022\/04\/13\/otkriveno-spomen-obiljezje-poginulim-i-nestalim-pripadnicima-105-brigade-hvo-modrica\/#primaryimage","url":"https:\/\/radioljubuski.ba\/wp-content\/uploads\/2022\/04\/8-2022-04-12-11-44-54-MODRICA-HVO.jpg","contentUrl":"https:\/\/radioljubuski.ba\/wp-content\/uploads\/2022\/04\/8-2022-04-12-11-44-54-MODRICA-HVO.jpg","width":1000,"height":625},{"@type":"BreadcrumbList","@id":"https:\/\/radioljubuski.ba\/index.php\/2022\/04\/13\/otkriveno-spomen-obiljezje-poginulim-i-nestalim-pripadnicima-105-brigade-hvo-modrica\/#breadcrumb","itemListElement":[{"@type":"ListItem","position":1,"name":"Po\u010detna stranica","item":"https:\/\/radioljubuski.ba\/"},{"@type":"ListItem","position":2,"name":"Otkriveno spomen obilje\u017eje poginulim i nestalim pripadnicima 105. brigade HVO Modri\u010da"}]},{"@type":"WebSite","@id":"https:\/\/radioljubuski.ba\/#website","url":"https:\/\/radioljubuski.ba\/","name":"Radio Ljubu\u0161ki","description":"Sun\u010dana frekvencija Hercegovine","publisher":{"@id":"https:\/\/radioljubuski.ba\/#organization"},"potentialAction":[{"@type":"SearchAction","target":{"@type":"EntryPoint","urlTemplate":"https:\/\/radioljubuski.ba\/?s={search_term_string}"},"query-input":{"@type":"PropertyValueSpecification","valueRequired":true,"valueName":"search_term_string"}}],"inLanguage":"hr"},{"@type":"Organization","@id":"https:\/\/radioljubuski.ba\/#organization","name":"Radio Ljubu\u0161ki","url":"https:\/\/radioljubuski.ba\/","logo":{"@type":"ImageObject","inLanguage":"hr","@id":"https:\/\/radioljubuski.ba\/#\/schema\/logo\/image\/","url":"https:\/\/radioljubuski.ba\/wp-content\/uploads\/2021\/02\/cropped-Radio_Ljubuski_logo1.jpg","contentUrl":"https:\/\/radioljubuski.ba\/wp-content\/uploads\/2021\/02\/cropped-Radio_Ljubuski_logo1.jpg","width":512,"height":512,"caption":"Radio Ljubu\u0161ki"},"image":{"@id":"https:\/\/radioljubuski.ba\/#\/schema\/logo\/image\/"},"sameAs":["https:\/\/www.facebook.com\/Radiio-Ljubuski-1490835324566332","https:\/\/x.com\/radioljubuski","https:\/\/hr.linkedin.com\/company\/radio-ljubuski","https:\/\/www.youtube.com\/channel\/UCHYaeO_n0Db3tjNGudGpXyw"]},{"@type":"Person","@id":"https:\/\/radioljubuski.ba\/#\/schema\/person\/19fc700381a780f69665d7956c469e3b","name":"Radio Ljubu\u0161ki"}]}},"_links":{"self":[{"href":"https:\/\/radioljubuski.ba\/index.php\/wp-json\/wp\/v2\/posts\/131931","targetHints":{"allow":["GET"]}}],"collection":[{"href":"https:\/\/radioljubuski.ba\/index.php\/wp-json\/wp\/v2\/posts"}],"about":[{"href":"https:\/\/radioljubuski.ba\/index.php\/wp-json\/wp\/v2\/types\/post"}],"author":[{"embeddable":true,"href":"https:\/\/radioljubuski.ba\/index.php\/wp-json\/wp\/v2\/users\/2"}],"replies":[{"embeddable":true,"href":"https:\/\/radioljubuski.ba\/index.php\/wp-json\/wp\/v2\/comments?post=131931"}],"version-history":[{"count":1,"href":"https:\/\/radioljubuski.ba\/index.php\/wp-json\/wp\/v2\/posts\/131931\/revisions"}],"predecessor-version":[{"id":131933,"href":"https:\/\/radioljubuski.ba\/index.php\/wp-json\/wp\/v2\/posts\/131931\/revisions\/131933"}],"wp:featuredmedia":[{"embeddable":true,"href":"https:\/\/radioljubuski.ba\/index.php\/wp-json\/wp\/v2\/media\/131932"}],"wp:attachment":[{"href":"https:\/\/radioljubuski.ba\/index.php\/wp-json\/wp\/v2\/media?parent=131931"}],"wp:term":[{"taxonomy":"category","embeddable":true,"href":"https:\/\/radioljubuski.ba\/index.php\/wp-json\/wp\/v2\/categories?post=131931"},{"taxonomy":"post_tag","embeddable":true,"href":"https:\/\/radioljubuski.ba\/index.php\/wp-json\/wp\/v2\/tags?post=131931"}],"curies":[{"name":"wp","href":"https:\/\/api.w.org\/{rel}","templated":true}]}}