{"id":131938,"date":"2022-04-13T12:55:47","date_gmt":"2022-04-13T11:55:47","guid":{"rendered":"https:\/\/radioljubuski.ba\/?p=131938"},"modified":"2022-04-13T12:56:00","modified_gmt":"2022-04-13T11:56:00","slug":"131938","status":"publish","type":"post","link":"https:\/\/radioljubuski.ba\/index.php\/2022\/04\/13\/131938\/","title":{"rendered":"Frizeri, dermatolozi&#8230; Svi upozoravaju na isto!Lije\u010dnica otkrila za\u0161to gubimo kosu kao nikad prije"},"content":{"rendered":"\n<p>Gubimo kosu kao nikad prije. U protekloj godini Google je zabilje\u017eio 9-postotni porast u pretra\u017eivanju pojma opadanja kose. Poznato je da je gubimo zbog preboljenja Covida jer infekcije i bolesti mogu uzrokovati poja\u010dano i produljeno opadanje, no i emocionalni stres nam skida vlasi s glave.<\/p>\n\n\n\n<p>A njega smo imali pregr\u0161t u posljednje dvije godine \u2013 od potresa, pandemije do rata u Ukrajini, koji ne samo da nas ugro\u017eava nego podsje\u0107a i na na\u0161e ratne traume. Iako nema slu\u017ebenih podataka koliko je ovaj problem postao u\u010destao, anegdotalni dokazi le\u017ee na sve strane. O njima pri\u010daju frizeri, dermatolozi, prodava\u010di raznih pripravaka za rast kose, ali i perika\u2026<\/p>\n\n\n\n<p>Pitali smo dermatologinju dr. Maju Kova\u010devi\u0107 iz KBC Sestre milosrdnice, bolnice koja je poznata po ozbiljnom pristupu i uspje\u0161nosti u tretiranju ko\u017enih bolesti, primje\u0107uje li pove\u0107anje u\u010destalosti opadanja kose kod pacijenata, pi\u0161e <a href=\"https:\/\/net.hr\/magazin\/zdravlje\/do-ispadanja-kose-dolazi-zbog-covida-ali-i-fizioloskog-i-psihickog-stresa-9a64eaca-b908-11ec-9136-86880890612f\" target=\"_blank\" rel=\"noreferrer noopener\">Net.hr.<\/a><\/p>\n\n\n\n<p>\u201eU dana\u0161nje vrijeme se sve \u010de\u0161\u0107e susre\u0107emo s opadanjem kose kao jednom od posljedica preboljele COVID-19 infekcije pa bih u smislu pandemije rekla da je ovaj problem definitivno postao u\u010destaliji. Opadanje kose se obi\u010dno doga\u0111a od 3 do 13 tjedana nakon preboljenja, a do njega dolazi zbog nekoliko faktora. To su citokinska oluja koja se javlja u te\u017eim oblicima bolesti te poti\u010de vlasi da prerano ulaze u telogenu fazu tj. fazu mirovanja; direktan citotoksi\u010dni u\u010dinak virusa na folikul dlake te formiranje mikrotromba u krvnim \u017eilama oko folikula dlake koje remete opskrbu kisikom i hranjivim tvarima. Neki lijekovi koji se koriste u lije\u010denju COVID-19 infekcije tako\u0111er poti\u010du opadanje kose poput antikoagulansa, azitromicina i hidroksiklorokina, a i smatra se kako zna\u010dajnu ulogu u opadanju kose ima i stres \u2013 na nivou cijelog organizma zbog same infekcije, ali i psiholo\u0161kih faktora zbog (samo)izolacije\u201d, obja\u0161njava dr. Maja Kova\u010devi\u0107.<\/p>\n\n\n\n<p>Stanje koje nastaje kao posljedica infekcije naziva se telogeni efulvij i mo\u017ee potrajati do \u0161est mjeseci, pa i du\u017ee. Lije\u010dnica napominje kako gubitak kose zna\u010dajno utje\u010de na kvalitetu \u017eivota jer su pacijenti \u010desto nezadovoljni i frustirirani \u0161to se odra\u017eava i na druge segmente njihovog \u017eivota. S druge pak strane, na taj na\u010din dolazi do formiranja tzv. za\u010daranog kruga jer stres sam po sebi jo\u0161 vi\u0161e pogor\u0161ava opadanje kose pa je stoga vrlo va\u017eno na vrijeme dijagnosticirati odre\u0111ene oblike gubitka kose i lije\u010diti ih na adekvatan na\u010din kako se ne bi, uslijed negativnog utjecaja na kvalitetu \u017eivota pacijenata, jo\u0161 vi\u0161e pogor\u0161ali. No dodaje, kako je upravo u tom smislu upravo va\u017ena i kontrola stresa.<\/p>\n\n\n\n<p>Stres ima i poguban fiziolo\u0161ki utjecaj i zato jer utje\u010de na osjetljivost folikula na djelovanje testosterna, a njegova razina raste u razdobljima stresa. Osim toga, znastvenici na Harvardu su otrkili da hromon stresa kortizol tako\u0111er utje\u010de na metabolizam folikula dlake te tako\u0111er mo\u017ee izazvati opadanje.<\/p>\n\n\n\n<p>\u201eStres ima zna\u010dajnu ulogu u pojavi tri oblika gubitka kose: telogenog efluvija, alopecije areate i trihotilomanije. U telogenom efluviju stres utje\u010de na sam ciklus rasta kose, poti\u010du\u0107i prelazak &nbsp;ve\u0107eg broja folikula u prijevremenu fazu mirovanja pa je stoga manji postotak vlasi u fazi rasta. Tijekom vremena zamje\u0107uje se prorje\u0111enje u vlasi\u0161tu uz opse\u017eniji gubitak kose prilikom pranja kose, \u010de\u0161ljanja i sli\u010dno\u201c, obja\u0161njava dr. Kova\u010devi\u0107 dodaju\u0107i kako dermatolozi razlikuju dvije velike kategorije ispadanja kose \u2013 o\u017eiljne i neo\u017eiljne alopecije.<\/p>\n\n\n\n<p>Telogeni efluvij i androgenetska alopecija su naj\u010de\u0161\u0107i oblici neo\u017eiljnih alopecija. Na pojavu telogenog efluvija utje\u010du brojni faktori: fiziolo\u0161ki stres (porod, kirur\u0161ki zahvat, dugotrajna vru\u0107ica, krvarenje, kroni\u010dna sistemska bolest), razli\u010dite bolesti (hiper i hipotiroidizam, kroni\u010dno bubre\u017eno i jetreno zatajenje, sistemska amiloidoza, upalna bolest crijeva, limfoproliferativni poreme\u0107aji, dermatomiozitis, HIV infekcija, sekundarni sifilis, psorijaza, seborei\u010dni dermatitis), nutritivni disbalans (kalorijska restrikcija, manjak proteina i masti, smanjenje razine cinka, \u017eeljeza i vitamina D), neki lijekovi (oralna hormonalna kontracepcija, androgeni, retinoidi, beta blokatori, ACE inhibitori, antidepresivi, antikonvulzivi, antikoagulansi) te emocionalni stres. Androgenetska alopecija zahva\u0107a oko 65 posto mu\u0161karaca u dobi do 65. godina te 50-75 posto \u017eena u dobi do 65 godina, a smatra se kako je rije\u010d o stanju ovisnom o androgenima koje se javlja u genetski predodre\u0111enih osoba u oba spola, navodi Net.<\/p>\n\n\n\n<p>Izvor:net.hr<\/p>\n","protected":false},"excerpt":{"rendered":"<p>Gubimo kosu kao nikad prije. U protekloj godini Google je zabilje\u017eio 9-postotni porast u pretra\u017eivanju pojma opadanja kose. Poznato je da je gubimo zbog preboljenja Covida jer infekcije i bolesti mogu uzrokovati poja\u010dano i produljeno opadanje, no i emocionalni stres nam skida vlasi s glave. A njega smo imali pregr\u0161t u posljednje dvije godine \u2013 [&hellip;]<\/p>\n","protected":false},"author":2,"featured_media":131939,"comment_status":"closed","ping_status":"closed","sticky":false,"template":"","format":"standard","meta":{"h5ap_radio_sources":[],"footnotes":""},"categories":[1],"tags":[],"class_list":["post-131938","post","type-post","status-publish","format-standard","has-post-thumbnail","hentry","category-bihiregija"],"yoast_head":"<!-- This site is optimized with the Yoast SEO plugin v27.5 - https:\/\/yoast.com\/product\/yoast-seo-wordpress\/ -->\n<title>Frizeri, dermatolozi... Svi upozoravaju na isto!Lije\u010dnica otkrila za\u0161to gubimo kosu kao nikad prije - RADIO LJUBU\u0160KI<\/title>\n<meta name=\"robots\" content=\"index, follow, max-snippet:-1, max-image-preview:large, max-video-preview:-1\" \/>\n<link rel=\"canonical\" href=\"https:\/\/radioljubuski.ba\/index.php\/2022\/04\/13\/131938\/\" \/>\n<meta property=\"og:locale\" content=\"hr_HR\" \/>\n<meta property=\"og:type\" content=\"article\" \/>\n<meta property=\"og:title\" content=\"Frizeri, dermatolozi... Svi upozoravaju na isto!Lije\u010dnica otkrila za\u0161to gubimo kosu kao nikad prije - RADIO LJUBU\u0160KI\" \/>\n<meta property=\"og:description\" content=\"Gubimo kosu kao nikad prije. U protekloj godini Google je zabilje\u017eio 9-postotni porast u pretra\u017eivanju pojma opadanja kose. Poznato je da je gubimo zbog preboljenja Covida jer infekcije i bolesti mogu uzrokovati poja\u010dano i produljeno opadanje, no i emocionalni stres nam skida vlasi s glave. A njega smo imali pregr\u0161t u posljednje dvije godine \u2013 [&hellip;]\" \/>\n<meta property=\"og:url\" content=\"https:\/\/radioljubuski.ba\/index.php\/2022\/04\/13\/131938\/\" \/>\n<meta property=\"og:site_name\" content=\"RADIO LJUBU\u0160KI\" \/>\n<meta property=\"article:publisher\" content=\"https:\/\/www.facebook.com\/Radiio-Ljubuski-1490835324566332\" \/>\n<meta property=\"article:published_time\" content=\"2022-04-13T11:55:47+00:00\" \/>\n<meta property=\"article:modified_time\" content=\"2022-04-13T11:56:00+00:00\" \/>\n<meta property=\"og:image\" content=\"https:\/\/radioljubuski.ba\/wp-content\/uploads\/2022\/04\/11-6.jpg\" \/>\n\t<meta property=\"og:image:width\" content=\"270\" \/>\n\t<meta property=\"og:image:height\" content=\"187\" \/>\n\t<meta property=\"og:image:type\" content=\"image\/jpeg\" \/>\n<meta name=\"author\" content=\"Radio Ljubu\u0161ki\" \/>\n<meta name=\"twitter:card\" content=\"summary_large_image\" \/>\n<meta name=\"twitter:creator\" content=\"@radioljubuski\" \/>\n<meta name=\"twitter:site\" content=\"@radioljubuski\" \/>\n<meta name=\"twitter:label1\" content=\"Napisao\/la\" \/>\n\t<meta name=\"twitter:data1\" content=\"Radio Ljubu\u0161ki\" \/>\n\t<meta name=\"twitter:label2\" content=\"Procijenjeno vrijeme \u010ditanja\" \/>\n\t<meta name=\"twitter:data2\" content=\"3 minute\" \/>\n<script type=\"application\/ld+json\" class=\"yoast-schema-graph\">{\"@context\":\"https:\\\/\\\/schema.org\",\"@graph\":[{\"@type\":\"Article\",\"@id\":\"https:\\\/\\\/radioljubuski.ba\\\/index.php\\\/2022\\\/04\\\/13\\\/131938\\\/#article\",\"isPartOf\":{\"@id\":\"https:\\\/\\\/radioljubuski.ba\\\/index.php\\\/2022\\\/04\\\/13\\\/131938\\\/\"},\"author\":{\"name\":\"Radio Ljubu\u0161ki\",\"@id\":\"https:\\\/\\\/radioljubuski.ba\\\/#\\\/schema\\\/person\\\/19fc700381a780f69665d7956c469e3b\"},\"headline\":\"Frizeri, dermatolozi&#8230; Svi upozoravaju na isto!Lije\u010dnica otkrila za\u0161to gubimo kosu kao nikad prije\",\"datePublished\":\"2022-04-13T11:55:47+00:00\",\"dateModified\":\"2022-04-13T11:56:00+00:00\",\"mainEntityOfPage\":{\"@id\":\"https:\\\/\\\/radioljubuski.ba\\\/index.php\\\/2022\\\/04\\\/13\\\/131938\\\/\"},\"wordCount\":752,\"publisher\":{\"@id\":\"https:\\\/\\\/radioljubuski.ba\\\/#organization\"},\"image\":{\"@id\":\"https:\\\/\\\/radioljubuski.ba\\\/index.php\\\/2022\\\/04\\\/13\\\/131938\\\/#primaryimage\"},\"thumbnailUrl\":\"https:\\\/\\\/radioljubuski.ba\\\/wp-content\\\/uploads\\\/2022\\\/04\\\/11-6.jpg\",\"articleSection\":[\"BIH i regija\"],\"inLanguage\":\"hr\"},{\"@type\":\"WebPage\",\"@id\":\"https:\\\/\\\/radioljubuski.ba\\\/index.php\\\/2022\\\/04\\\/13\\\/131938\\\/\",\"url\":\"https:\\\/\\\/radioljubuski.ba\\\/index.php\\\/2022\\\/04\\\/13\\\/131938\\\/\",\"name\":\"Frizeri, dermatolozi... Svi upozoravaju na isto!Lije\u010dnica otkrila za\u0161to gubimo kosu kao nikad prije - RADIO LJUBU\u0160KI\",\"isPartOf\":{\"@id\":\"https:\\\/\\\/radioljubuski.ba\\\/#website\"},\"primaryImageOfPage\":{\"@id\":\"https:\\\/\\\/radioljubuski.ba\\\/index.php\\\/2022\\\/04\\\/13\\\/131938\\\/#primaryimage\"},\"image\":{\"@id\":\"https:\\\/\\\/radioljubuski.ba\\\/index.php\\\/2022\\\/04\\\/13\\\/131938\\\/#primaryimage\"},\"thumbnailUrl\":\"https:\\\/\\\/radioljubuski.ba\\\/wp-content\\\/uploads\\\/2022\\\/04\\\/11-6.jpg\",\"datePublished\":\"2022-04-13T11:55:47+00:00\",\"dateModified\":\"2022-04-13T11:56:00+00:00\",\"breadcrumb\":{\"@id\":\"https:\\\/\\\/radioljubuski.ba\\\/index.php\\\/2022\\\/04\\\/13\\\/131938\\\/#breadcrumb\"},\"inLanguage\":\"hr\",\"potentialAction\":[{\"@type\":\"ReadAction\",\"target\":[\"https:\\\/\\\/radioljubuski.ba\\\/index.php\\\/2022\\\/04\\\/13\\\/131938\\\/\"]}]},{\"@type\":\"ImageObject\",\"inLanguage\":\"hr\",\"@id\":\"https:\\\/\\\/radioljubuski.ba\\\/index.php\\\/2022\\\/04\\\/13\\\/131938\\\/#primaryimage\",\"url\":\"https:\\\/\\\/radioljubuski.ba\\\/wp-content\\\/uploads\\\/2022\\\/04\\\/11-6.jpg\",\"contentUrl\":\"https:\\\/\\\/radioljubuski.ba\\\/wp-content\\\/uploads\\\/2022\\\/04\\\/11-6.jpg\",\"width\":270,\"height\":187},{\"@type\":\"BreadcrumbList\",\"@id\":\"https:\\\/\\\/radioljubuski.ba\\\/index.php\\\/2022\\\/04\\\/13\\\/131938\\\/#breadcrumb\",\"itemListElement\":[{\"@type\":\"ListItem\",\"position\":1,\"name\":\"Po\u010detna stranica\",\"item\":\"https:\\\/\\\/radioljubuski.ba\\\/\"},{\"@type\":\"ListItem\",\"position\":2,\"name\":\"Frizeri, dermatolozi&#8230; Svi upozoravaju na isto!Lije\u010dnica otkrila za\u0161to gubimo kosu kao nikad prije\"}]},{\"@type\":\"WebSite\",\"@id\":\"https:\\\/\\\/radioljubuski.ba\\\/#website\",\"url\":\"https:\\\/\\\/radioljubuski.ba\\\/\",\"name\":\"Radio Ljubu\u0161ki\",\"description\":\"Sun\u010dana frekvencija Hercegovine\",\"publisher\":{\"@id\":\"https:\\\/\\\/radioljubuski.ba\\\/#organization\"},\"potentialAction\":[{\"@type\":\"SearchAction\",\"target\":{\"@type\":\"EntryPoint\",\"urlTemplate\":\"https:\\\/\\\/radioljubuski.ba\\\/?s={search_term_string}\"},\"query-input\":{\"@type\":\"PropertyValueSpecification\",\"valueRequired\":true,\"valueName\":\"search_term_string\"}}],\"inLanguage\":\"hr\"},{\"@type\":\"Organization\",\"@id\":\"https:\\\/\\\/radioljubuski.ba\\\/#organization\",\"name\":\"Radio Ljubu\u0161ki\",\"url\":\"https:\\\/\\\/radioljubuski.ba\\\/\",\"logo\":{\"@type\":\"ImageObject\",\"inLanguage\":\"hr\",\"@id\":\"https:\\\/\\\/radioljubuski.ba\\\/#\\\/schema\\\/logo\\\/image\\\/\",\"url\":\"https:\\\/\\\/radioljubuski.ba\\\/wp-content\\\/uploads\\\/2021\\\/02\\\/cropped-Radio_Ljubuski_logo1.jpg\",\"contentUrl\":\"https:\\\/\\\/radioljubuski.ba\\\/wp-content\\\/uploads\\\/2021\\\/02\\\/cropped-Radio_Ljubuski_logo1.jpg\",\"width\":512,\"height\":512,\"caption\":\"Radio Ljubu\u0161ki\"},\"image\":{\"@id\":\"https:\\\/\\\/radioljubuski.ba\\\/#\\\/schema\\\/logo\\\/image\\\/\"},\"sameAs\":[\"https:\\\/\\\/www.facebook.com\\\/Radiio-Ljubuski-1490835324566332\",\"https:\\\/\\\/x.com\\\/radioljubuski\",\"https:\\\/\\\/hr.linkedin.com\\\/company\\\/radio-ljubuski\",\"https:\\\/\\\/www.youtube.com\\\/channel\\\/UCHYaeO_n0Db3tjNGudGpXyw\"]},{\"@type\":\"Person\",\"@id\":\"https:\\\/\\\/radioljubuski.ba\\\/#\\\/schema\\\/person\\\/19fc700381a780f69665d7956c469e3b\",\"name\":\"Radio Ljubu\u0161ki\"}]}<\/script>\n<!-- \/ Yoast SEO plugin. -->","yoast_head_json":{"title":"Frizeri, dermatolozi... Svi upozoravaju na isto!Lije\u010dnica otkrila za\u0161to gubimo kosu kao nikad prije - RADIO LJUBU\u0160KI","robots":{"index":"index","follow":"follow","max-snippet":"max-snippet:-1","max-image-preview":"max-image-preview:large","max-video-preview":"max-video-preview:-1"},"canonical":"https:\/\/radioljubuski.ba\/index.php\/2022\/04\/13\/131938\/","og_locale":"hr_HR","og_type":"article","og_title":"Frizeri, dermatolozi... Svi upozoravaju na isto!Lije\u010dnica otkrila za\u0161to gubimo kosu kao nikad prije - RADIO LJUBU\u0160KI","og_description":"Gubimo kosu kao nikad prije. U protekloj godini Google je zabilje\u017eio 9-postotni porast u pretra\u017eivanju pojma opadanja kose. Poznato je da je gubimo zbog preboljenja Covida jer infekcije i bolesti mogu uzrokovati poja\u010dano i produljeno opadanje, no i emocionalni stres nam skida vlasi s glave. A njega smo imali pregr\u0161t u posljednje dvije godine \u2013 [&hellip;]","og_url":"https:\/\/radioljubuski.ba\/index.php\/2022\/04\/13\/131938\/","og_site_name":"RADIO LJUBU\u0160KI","article_publisher":"https:\/\/www.facebook.com\/Radiio-Ljubuski-1490835324566332","article_published_time":"2022-04-13T11:55:47+00:00","article_modified_time":"2022-04-13T11:56:00+00:00","og_image":[{"width":270,"height":187,"url":"https:\/\/radioljubuski.ba\/wp-content\/uploads\/2022\/04\/11-6.jpg","type":"image\/jpeg"}],"author":"Radio Ljubu\u0161ki","twitter_card":"summary_large_image","twitter_creator":"@radioljubuski","twitter_site":"@radioljubuski","twitter_misc":{"Napisao\/la":"Radio Ljubu\u0161ki","Procijenjeno vrijeme \u010ditanja":"3 minute"},"schema":{"@context":"https:\/\/schema.org","@graph":[{"@type":"Article","@id":"https:\/\/radioljubuski.ba\/index.php\/2022\/04\/13\/131938\/#article","isPartOf":{"@id":"https:\/\/radioljubuski.ba\/index.php\/2022\/04\/13\/131938\/"},"author":{"name":"Radio Ljubu\u0161ki","@id":"https:\/\/radioljubuski.ba\/#\/schema\/person\/19fc700381a780f69665d7956c469e3b"},"headline":"Frizeri, dermatolozi&#8230; Svi upozoravaju na isto!Lije\u010dnica otkrila za\u0161to gubimo kosu kao nikad prije","datePublished":"2022-04-13T11:55:47+00:00","dateModified":"2022-04-13T11:56:00+00:00","mainEntityOfPage":{"@id":"https:\/\/radioljubuski.ba\/index.php\/2022\/04\/13\/131938\/"},"wordCount":752,"publisher":{"@id":"https:\/\/radioljubuski.ba\/#organization"},"image":{"@id":"https:\/\/radioljubuski.ba\/index.php\/2022\/04\/13\/131938\/#primaryimage"},"thumbnailUrl":"https:\/\/radioljubuski.ba\/wp-content\/uploads\/2022\/04\/11-6.jpg","articleSection":["BIH i regija"],"inLanguage":"hr"},{"@type":"WebPage","@id":"https:\/\/radioljubuski.ba\/index.php\/2022\/04\/13\/131938\/","url":"https:\/\/radioljubuski.ba\/index.php\/2022\/04\/13\/131938\/","name":"Frizeri, dermatolozi... Svi upozoravaju na isto!Lije\u010dnica otkrila za\u0161to gubimo kosu kao nikad prije - RADIO LJUBU\u0160KI","isPartOf":{"@id":"https:\/\/radioljubuski.ba\/#website"},"primaryImageOfPage":{"@id":"https:\/\/radioljubuski.ba\/index.php\/2022\/04\/13\/131938\/#primaryimage"},"image":{"@id":"https:\/\/radioljubuski.ba\/index.php\/2022\/04\/13\/131938\/#primaryimage"},"thumbnailUrl":"https:\/\/radioljubuski.ba\/wp-content\/uploads\/2022\/04\/11-6.jpg","datePublished":"2022-04-13T11:55:47+00:00","dateModified":"2022-04-13T11:56:00+00:00","breadcrumb":{"@id":"https:\/\/radioljubuski.ba\/index.php\/2022\/04\/13\/131938\/#breadcrumb"},"inLanguage":"hr","potentialAction":[{"@type":"ReadAction","target":["https:\/\/radioljubuski.ba\/index.php\/2022\/04\/13\/131938\/"]}]},{"@type":"ImageObject","inLanguage":"hr","@id":"https:\/\/radioljubuski.ba\/index.php\/2022\/04\/13\/131938\/#primaryimage","url":"https:\/\/radioljubuski.ba\/wp-content\/uploads\/2022\/04\/11-6.jpg","contentUrl":"https:\/\/radioljubuski.ba\/wp-content\/uploads\/2022\/04\/11-6.jpg","width":270,"height":187},{"@type":"BreadcrumbList","@id":"https:\/\/radioljubuski.ba\/index.php\/2022\/04\/13\/131938\/#breadcrumb","itemListElement":[{"@type":"ListItem","position":1,"name":"Po\u010detna stranica","item":"https:\/\/radioljubuski.ba\/"},{"@type":"ListItem","position":2,"name":"Frizeri, dermatolozi&#8230; Svi upozoravaju na isto!Lije\u010dnica otkrila za\u0161to gubimo kosu kao nikad prije"}]},{"@type":"WebSite","@id":"https:\/\/radioljubuski.ba\/#website","url":"https:\/\/radioljubuski.ba\/","name":"Radio Ljubu\u0161ki","description":"Sun\u010dana frekvencija Hercegovine","publisher":{"@id":"https:\/\/radioljubuski.ba\/#organization"},"potentialAction":[{"@type":"SearchAction","target":{"@type":"EntryPoint","urlTemplate":"https:\/\/radioljubuski.ba\/?s={search_term_string}"},"query-input":{"@type":"PropertyValueSpecification","valueRequired":true,"valueName":"search_term_string"}}],"inLanguage":"hr"},{"@type":"Organization","@id":"https:\/\/radioljubuski.ba\/#organization","name":"Radio Ljubu\u0161ki","url":"https:\/\/radioljubuski.ba\/","logo":{"@type":"ImageObject","inLanguage":"hr","@id":"https:\/\/radioljubuski.ba\/#\/schema\/logo\/image\/","url":"https:\/\/radioljubuski.ba\/wp-content\/uploads\/2021\/02\/cropped-Radio_Ljubuski_logo1.jpg","contentUrl":"https:\/\/radioljubuski.ba\/wp-content\/uploads\/2021\/02\/cropped-Radio_Ljubuski_logo1.jpg","width":512,"height":512,"caption":"Radio Ljubu\u0161ki"},"image":{"@id":"https:\/\/radioljubuski.ba\/#\/schema\/logo\/image\/"},"sameAs":["https:\/\/www.facebook.com\/Radiio-Ljubuski-1490835324566332","https:\/\/x.com\/radioljubuski","https:\/\/hr.linkedin.com\/company\/radio-ljubuski","https:\/\/www.youtube.com\/channel\/UCHYaeO_n0Db3tjNGudGpXyw"]},{"@type":"Person","@id":"https:\/\/radioljubuski.ba\/#\/schema\/person\/19fc700381a780f69665d7956c469e3b","name":"Radio Ljubu\u0161ki"}]}},"_links":{"self":[{"href":"https:\/\/radioljubuski.ba\/index.php\/wp-json\/wp\/v2\/posts\/131938","targetHints":{"allow":["GET"]}}],"collection":[{"href":"https:\/\/radioljubuski.ba\/index.php\/wp-json\/wp\/v2\/posts"}],"about":[{"href":"https:\/\/radioljubuski.ba\/index.php\/wp-json\/wp\/v2\/types\/post"}],"author":[{"embeddable":true,"href":"https:\/\/radioljubuski.ba\/index.php\/wp-json\/wp\/v2\/users\/2"}],"replies":[{"embeddable":true,"href":"https:\/\/radioljubuski.ba\/index.php\/wp-json\/wp\/v2\/comments?post=131938"}],"version-history":[{"count":2,"href":"https:\/\/radioljubuski.ba\/index.php\/wp-json\/wp\/v2\/posts\/131938\/revisions"}],"predecessor-version":[{"id":131941,"href":"https:\/\/radioljubuski.ba\/index.php\/wp-json\/wp\/v2\/posts\/131938\/revisions\/131941"}],"wp:featuredmedia":[{"embeddable":true,"href":"https:\/\/radioljubuski.ba\/index.php\/wp-json\/wp\/v2\/media\/131939"}],"wp:attachment":[{"href":"https:\/\/radioljubuski.ba\/index.php\/wp-json\/wp\/v2\/media?parent=131938"}],"wp:term":[{"taxonomy":"category","embeddable":true,"href":"https:\/\/radioljubuski.ba\/index.php\/wp-json\/wp\/v2\/categories?post=131938"},{"taxonomy":"post_tag","embeddable":true,"href":"https:\/\/radioljubuski.ba\/index.php\/wp-json\/wp\/v2\/tags?post=131938"}],"curies":[{"name":"wp","href":"https:\/\/api.w.org\/{rel}","templated":true}]}}