{"id":131942,"date":"2022-04-13T12:58:02","date_gmt":"2022-04-13T11:58:02","guid":{"rendered":"https:\/\/radioljubuski.ba\/?p=131942"},"modified":"2022-04-13T12:58:04","modified_gmt":"2022-04-13T11:58:04","slug":"porazavajuce-svaki-drugi-petnaestogodisnjak-u-bih-ne-posjeduje-funkcionalnu-citalacku-pismenost","status":"publish","type":"post","link":"https:\/\/radioljubuski.ba\/index.php\/2022\/04\/13\/porazavajuce-svaki-drugi-petnaestogodisnjak-u-bih-ne-posjeduje-funkcionalnu-citalacku-pismenost\/","title":{"rendered":"Pora\u017eavaju\u0107e: Svaki drugi petnaestogodi\u0161njak u BiH ne posjeduje funkcionalnu \u010ditala\u010dku pismenost"},"content":{"rendered":"\n<p>Agencija za pred\u0161kolsko, osnovno i srednje obrazovanje BiH je iznijela podatke o lo\u0161im rezultatima u\u010denika svih obrazovnih institucija u BiH, ali i nemogu\u0107nosti vr\u0161enja daljih istra\u017eivanja bez suglasnosti Predsjedni\u0161tva BiH.<\/p>\n\n\n\n<p>Kako se navodi u priop\u0107enju, podatci za Bosnu i Hercegovinu su lo\u0161i jer u\u010denici svih obrazovnih sustava u Bosni i Hercegovini u prosjeku posti\u017eu rezultate ispod me\u0111unarodnog PISA 2018 prosjeka.<\/p>\n\n\n\n<p>Svaki drugi petnaestogodi\u0161njak u BiH ne posjeduje funkcionalnu \u010ditala\u010dku pismenost &#8211; odnosno razumijevanje i interpretaciju razli\u010ditih vrsta teksta. \u010cinjenica je i kako su statisti\u010dke varijacije unutar obrazovnih sustava u BiH zanemarive, ako uzmemo u obzir da na\u0161i petnaestogodi\u0161njaci u prosjeku zaostaju tri \u0161kolske godine u odnosu na vr\u0161njake iz EU i da u prosjeku 41 posto petnaestogodi\u0161njaka ne dosti\u017ee minimalnu razinu postignu\u0107a u tri ispitivana PISA podru\u010dja.<\/p>\n\n\n\n<p>\u0160to se ti\u010de rezultata TIMSS 2019 istra\u017eivanja, \u010dinjenica je kako \u010dak \u010detvrtina u\u010denika \u010detvrtog razreda osnovne \u0161kole ne dosti\u017ee ni osnovnu razinu matemati\u010dkih znanja i vje\u0161tina, \u0161to zna\u010di da imaju te\u0161ko\u0107a s elementarnim matemati\u010dkim pojmovima.<\/p>\n\n\n\n<p>U priop\u0107enju za javnost se podsje\u0107a da je Agencija za pred\u0161kolsko, osnovno i srednje obrazovanje BiH institucija na dr\u017eavnoj razini i u skladu sa svojim nadle\u017enostima &#8211; iznosi podatke za cijelu dr\u017eavu Bosnu i Hercegovinu.<\/p>\n\n\n\n<p>Sva mjerodavna ministarstva obrazovanja od Agencije su dobila pristupne podatke i jasne upute kako da u me\u0111unarodnim bazama pristupe podatcima za podru\u010dje svoje nadle\u017enosti. Agencija ne radi analize za pojedina\u010dna nadle\u017ena ministarstva, ali je svima ponudila podr\u0161ku pri njihovoj izradi. Sva mjerodavna ministarstva obrazovanja pozvana su uraditi analize, ali ih ve\u0107ina to nije uradila.<\/p>\n\n\n\n<p>Iz Agencije su rekli kako je ve\u0107ina rokova za potpisivanje ugovora o sudjelovanju BiH u me\u0111unarodnim istra\u017eivanjima (PISA 2022, PIRLS 2021, TIMSS 2023, ICILS 2023, TALIS 2024) slu\u017ebeno istekla.<\/p>\n\n\n\n<p>&#8220;Radi se o rokovima koji vrijede u cijelom svijetu za sve zemlje sudionice me\u0111unarodnih istra\u017eivanja. Unato\u010d tomu \u0161to je BiH preuzela obvezu sudjelovanja u me\u0111unarodnim studijama, Agencija za pred\u0161kolsko, osnovno i srednje obrazovanje BiH, zadu\u017eena za njihovu provedbu, do\u010dekala je kraj 2020., a potom i kraj 2021.godine \u010dekaju\u0107i odluku Predsjedni\u0161tva BiH, bez koje ova istra\u017eivanja nisu mogla biti provedena&#8221;, isti\u010du iz Agencije.<\/p>\n\n\n\n<p>Agencija je u odre\u0111enim istra\u017eivanjima, \u010dekaju\u0107i dono\u0161enje relevantnih odluka, realizirala sve zadatke koji su propisani tehni\u010dkim standardima me\u0111unarodnih istra\u017eivanja, ali im je izostanak potrebnih suglasnosti onemogu\u0107io sudjelovanje u nastavku procesa.<\/p>\n\n\n\n<p>Iz Agencije su istaknuli kako su oni stru\u010dna institucija na razini dr\u017eave i kao takvi nisu donositelji bilo kakvih politi\u010dkih odluka, niti su zadu\u017eeni za koordinaciju obrazovanja u BiH, te bi oni kao stru\u010dna institucija, trebali provoditi usugla\u0161ene politike, a ne raditi na njihovu usugla\u0161avanju i koordiniranju nadle\u017enih obrazovnih vlasti.<\/p>\n\n\n\n<p>&#8220;Apeliramo na vlasti u BiH da prihvate dobru praksu europskih dr\u017eava kojima te\u017eimo i na taj na\u010din osiguraju djeci kontinuirano, sustavno sudjelovanje u me\u0111unarodnim istra\u017eivanjima, koje \u0107e nas potaknuti da pobolj\u0161anje obrazovanja postane kontinuiran proces, a u\u010deni\u010dka postignu\u0107a kona\u010dno zaslu\u017eeno dosegnu vi\u0161u razinu&#8221;, poru\u010dili su iz Agencije za pred\u0161kolsko, osnovno i srednje obrazovanje BiH.<\/p>\n\n\n\n<p>Izvor:pogled.ba<\/p>\n","protected":false},"excerpt":{"rendered":"<p>Agencija za pred\u0161kolsko, osnovno i srednje obrazovanje BiH je iznijela podatke o lo\u0161im rezultatima u\u010denika svih obrazovnih institucija u BiH, ali i nemogu\u0107nosti vr\u0161enja daljih istra\u017eivanja bez suglasnosti Predsjedni\u0161tva BiH. Kako se navodi u priop\u0107enju, podatci za Bosnu i Hercegovinu su lo\u0161i jer u\u010denici svih obrazovnih sustava u Bosni i Hercegovini u prosjeku posti\u017eu rezultate [&hellip;]<\/p>\n","protected":false},"author":2,"featured_media":59016,"comment_status":"closed","ping_status":"closed","sticky":false,"template":"","format":"standard","meta":{"h5ap_radio_sources":[],"footnotes":""},"categories":[1],"tags":[],"class_list":["post-131942","post","type-post","status-publish","format-standard","has-post-thumbnail","hentry","category-bihiregija"],"yoast_head":"<!-- This site is optimized with the Yoast SEO plugin v27.5 - https:\/\/yoast.com\/product\/yoast-seo-wordpress\/ -->\n<title>Pora\u017eavaju\u0107e: Svaki drugi petnaestogodi\u0161njak u BiH ne posjeduje funkcionalnu \u010ditala\u010dku pismenost - RADIO LJUBU\u0160KI<\/title>\n<meta name=\"robots\" content=\"index, follow, max-snippet:-1, max-image-preview:large, max-video-preview:-1\" \/>\n<link rel=\"canonical\" href=\"https:\/\/radioljubuski.ba\/index.php\/2022\/04\/13\/porazavajuce-svaki-drugi-petnaestogodisnjak-u-bih-ne-posjeduje-funkcionalnu-citalacku-pismenost\/\" \/>\n<meta property=\"og:locale\" content=\"hr_HR\" \/>\n<meta property=\"og:type\" content=\"article\" \/>\n<meta property=\"og:title\" content=\"Pora\u017eavaju\u0107e: Svaki drugi petnaestogodi\u0161njak u BiH ne posjeduje funkcionalnu \u010ditala\u010dku pismenost - RADIO LJUBU\u0160KI\" \/>\n<meta property=\"og:description\" content=\"Agencija za pred\u0161kolsko, osnovno i srednje obrazovanje BiH je iznijela podatke o lo\u0161im rezultatima u\u010denika svih obrazovnih institucija u BiH, ali i nemogu\u0107nosti vr\u0161enja daljih istra\u017eivanja bez suglasnosti Predsjedni\u0161tva BiH. Kako se navodi u priop\u0107enju, podatci za Bosnu i Hercegovinu su lo\u0161i jer u\u010denici svih obrazovnih sustava u Bosni i Hercegovini u prosjeku posti\u017eu rezultate [&hellip;]\" \/>\n<meta property=\"og:url\" content=\"https:\/\/radioljubuski.ba\/index.php\/2022\/04\/13\/porazavajuce-svaki-drugi-petnaestogodisnjak-u-bih-ne-posjeduje-funkcionalnu-citalacku-pismenost\/\" \/>\n<meta property=\"og:site_name\" content=\"RADIO LJUBU\u0160KI\" \/>\n<meta property=\"article:publisher\" content=\"https:\/\/www.facebook.com\/Radiio-Ljubuski-1490835324566332\" \/>\n<meta property=\"article:published_time\" content=\"2022-04-13T11:58:02+00:00\" \/>\n<meta property=\"article:modified_time\" content=\"2022-04-13T11:58:04+00:00\" \/>\n<meta property=\"og:image\" content=\"https:\/\/radioljubuski.ba\/wp-content\/uploads\/2021\/08\/lX83MKxJ_Ucionica_skola_nastava_620x350.jpg\" \/>\n\t<meta property=\"og:image:width\" content=\"1000\" \/>\n\t<meta property=\"og:image:height\" content=\"625\" \/>\n\t<meta property=\"og:image:type\" content=\"image\/jpeg\" \/>\n<meta name=\"author\" content=\"Radio Ljubu\u0161ki\" \/>\n<meta name=\"twitter:card\" content=\"summary_large_image\" \/>\n<meta name=\"twitter:creator\" content=\"@radioljubuski\" \/>\n<meta name=\"twitter:site\" content=\"@radioljubuski\" \/>\n<meta name=\"twitter:label1\" content=\"Napisao\/la\" \/>\n\t<meta name=\"twitter:data1\" content=\"Radio Ljubu\u0161ki\" \/>\n\t<meta name=\"twitter:label2\" content=\"Procijenjeno vrijeme \u010ditanja\" \/>\n\t<meta name=\"twitter:data2\" content=\"3 minute\" \/>\n<script type=\"application\/ld+json\" class=\"yoast-schema-graph\">{\"@context\":\"https:\\\/\\\/schema.org\",\"@graph\":[{\"@type\":\"Article\",\"@id\":\"https:\\\/\\\/radioljubuski.ba\\\/index.php\\\/2022\\\/04\\\/13\\\/porazavajuce-svaki-drugi-petnaestogodisnjak-u-bih-ne-posjeduje-funkcionalnu-citalacku-pismenost\\\/#article\",\"isPartOf\":{\"@id\":\"https:\\\/\\\/radioljubuski.ba\\\/index.php\\\/2022\\\/04\\\/13\\\/porazavajuce-svaki-drugi-petnaestogodisnjak-u-bih-ne-posjeduje-funkcionalnu-citalacku-pismenost\\\/\"},\"author\":{\"name\":\"Radio Ljubu\u0161ki\",\"@id\":\"https:\\\/\\\/radioljubuski.ba\\\/#\\\/schema\\\/person\\\/19fc700381a780f69665d7956c469e3b\"},\"headline\":\"Pora\u017eavaju\u0107e: Svaki drugi petnaestogodi\u0161njak u BiH ne posjeduje funkcionalnu \u010ditala\u010dku pismenost\",\"datePublished\":\"2022-04-13T11:58:02+00:00\",\"dateModified\":\"2022-04-13T11:58:04+00:00\",\"mainEntityOfPage\":{\"@id\":\"https:\\\/\\\/radioljubuski.ba\\\/index.php\\\/2022\\\/04\\\/13\\\/porazavajuce-svaki-drugi-petnaestogodisnjak-u-bih-ne-posjeduje-funkcionalnu-citalacku-pismenost\\\/\"},\"wordCount\":575,\"publisher\":{\"@id\":\"https:\\\/\\\/radioljubuski.ba\\\/#organization\"},\"image\":{\"@id\":\"https:\\\/\\\/radioljubuski.ba\\\/index.php\\\/2022\\\/04\\\/13\\\/porazavajuce-svaki-drugi-petnaestogodisnjak-u-bih-ne-posjeduje-funkcionalnu-citalacku-pismenost\\\/#primaryimage\"},\"thumbnailUrl\":\"https:\\\/\\\/radioljubuski.ba\\\/wp-content\\\/uploads\\\/2021\\\/08\\\/lX83MKxJ_Ucionica_skola_nastava_620x350.jpg\",\"articleSection\":[\"BIH i regija\"],\"inLanguage\":\"hr\"},{\"@type\":\"WebPage\",\"@id\":\"https:\\\/\\\/radioljubuski.ba\\\/index.php\\\/2022\\\/04\\\/13\\\/porazavajuce-svaki-drugi-petnaestogodisnjak-u-bih-ne-posjeduje-funkcionalnu-citalacku-pismenost\\\/\",\"url\":\"https:\\\/\\\/radioljubuski.ba\\\/index.php\\\/2022\\\/04\\\/13\\\/porazavajuce-svaki-drugi-petnaestogodisnjak-u-bih-ne-posjeduje-funkcionalnu-citalacku-pismenost\\\/\",\"name\":\"Pora\u017eavaju\u0107e: Svaki drugi petnaestogodi\u0161njak u BiH ne posjeduje funkcionalnu \u010ditala\u010dku pismenost - RADIO LJUBU\u0160KI\",\"isPartOf\":{\"@id\":\"https:\\\/\\\/radioljubuski.ba\\\/#website\"},\"primaryImageOfPage\":{\"@id\":\"https:\\\/\\\/radioljubuski.ba\\\/index.php\\\/2022\\\/04\\\/13\\\/porazavajuce-svaki-drugi-petnaestogodisnjak-u-bih-ne-posjeduje-funkcionalnu-citalacku-pismenost\\\/#primaryimage\"},\"image\":{\"@id\":\"https:\\\/\\\/radioljubuski.ba\\\/index.php\\\/2022\\\/04\\\/13\\\/porazavajuce-svaki-drugi-petnaestogodisnjak-u-bih-ne-posjeduje-funkcionalnu-citalacku-pismenost\\\/#primaryimage\"},\"thumbnailUrl\":\"https:\\\/\\\/radioljubuski.ba\\\/wp-content\\\/uploads\\\/2021\\\/08\\\/lX83MKxJ_Ucionica_skola_nastava_620x350.jpg\",\"datePublished\":\"2022-04-13T11:58:02+00:00\",\"dateModified\":\"2022-04-13T11:58:04+00:00\",\"breadcrumb\":{\"@id\":\"https:\\\/\\\/radioljubuski.ba\\\/index.php\\\/2022\\\/04\\\/13\\\/porazavajuce-svaki-drugi-petnaestogodisnjak-u-bih-ne-posjeduje-funkcionalnu-citalacku-pismenost\\\/#breadcrumb\"},\"inLanguage\":\"hr\",\"potentialAction\":[{\"@type\":\"ReadAction\",\"target\":[\"https:\\\/\\\/radioljubuski.ba\\\/index.php\\\/2022\\\/04\\\/13\\\/porazavajuce-svaki-drugi-petnaestogodisnjak-u-bih-ne-posjeduje-funkcionalnu-citalacku-pismenost\\\/\"]}]},{\"@type\":\"ImageObject\",\"inLanguage\":\"hr\",\"@id\":\"https:\\\/\\\/radioljubuski.ba\\\/index.php\\\/2022\\\/04\\\/13\\\/porazavajuce-svaki-drugi-petnaestogodisnjak-u-bih-ne-posjeduje-funkcionalnu-citalacku-pismenost\\\/#primaryimage\",\"url\":\"https:\\\/\\\/radioljubuski.ba\\\/wp-content\\\/uploads\\\/2021\\\/08\\\/lX83MKxJ_Ucionica_skola_nastava_620x350.jpg\",\"contentUrl\":\"https:\\\/\\\/radioljubuski.ba\\\/wp-content\\\/uploads\\\/2021\\\/08\\\/lX83MKxJ_Ucionica_skola_nastava_620x350.jpg\",\"width\":1000,\"height\":625},{\"@type\":\"BreadcrumbList\",\"@id\":\"https:\\\/\\\/radioljubuski.ba\\\/index.php\\\/2022\\\/04\\\/13\\\/porazavajuce-svaki-drugi-petnaestogodisnjak-u-bih-ne-posjeduje-funkcionalnu-citalacku-pismenost\\\/#breadcrumb\",\"itemListElement\":[{\"@type\":\"ListItem\",\"position\":1,\"name\":\"Po\u010detna stranica\",\"item\":\"https:\\\/\\\/radioljubuski.ba\\\/\"},{\"@type\":\"ListItem\",\"position\":2,\"name\":\"Pora\u017eavaju\u0107e: Svaki drugi petnaestogodi\u0161njak u BiH ne posjeduje funkcionalnu \u010ditala\u010dku pismenost\"}]},{\"@type\":\"WebSite\",\"@id\":\"https:\\\/\\\/radioljubuski.ba\\\/#website\",\"url\":\"https:\\\/\\\/radioljubuski.ba\\\/\",\"name\":\"Radio Ljubu\u0161ki\",\"description\":\"Sun\u010dana frekvencija Hercegovine\",\"publisher\":{\"@id\":\"https:\\\/\\\/radioljubuski.ba\\\/#organization\"},\"potentialAction\":[{\"@type\":\"SearchAction\",\"target\":{\"@type\":\"EntryPoint\",\"urlTemplate\":\"https:\\\/\\\/radioljubuski.ba\\\/?s={search_term_string}\"},\"query-input\":{\"@type\":\"PropertyValueSpecification\",\"valueRequired\":true,\"valueName\":\"search_term_string\"}}],\"inLanguage\":\"hr\"},{\"@type\":\"Organization\",\"@id\":\"https:\\\/\\\/radioljubuski.ba\\\/#organization\",\"name\":\"Radio Ljubu\u0161ki\",\"url\":\"https:\\\/\\\/radioljubuski.ba\\\/\",\"logo\":{\"@type\":\"ImageObject\",\"inLanguage\":\"hr\",\"@id\":\"https:\\\/\\\/radioljubuski.ba\\\/#\\\/schema\\\/logo\\\/image\\\/\",\"url\":\"https:\\\/\\\/radioljubuski.ba\\\/wp-content\\\/uploads\\\/2021\\\/02\\\/cropped-Radio_Ljubuski_logo1.jpg\",\"contentUrl\":\"https:\\\/\\\/radioljubuski.ba\\\/wp-content\\\/uploads\\\/2021\\\/02\\\/cropped-Radio_Ljubuski_logo1.jpg\",\"width\":512,\"height\":512,\"caption\":\"Radio Ljubu\u0161ki\"},\"image\":{\"@id\":\"https:\\\/\\\/radioljubuski.ba\\\/#\\\/schema\\\/logo\\\/image\\\/\"},\"sameAs\":[\"https:\\\/\\\/www.facebook.com\\\/Radiio-Ljubuski-1490835324566332\",\"https:\\\/\\\/x.com\\\/radioljubuski\",\"https:\\\/\\\/hr.linkedin.com\\\/company\\\/radio-ljubuski\",\"https:\\\/\\\/www.youtube.com\\\/channel\\\/UCHYaeO_n0Db3tjNGudGpXyw\"]},{\"@type\":\"Person\",\"@id\":\"https:\\\/\\\/radioljubuski.ba\\\/#\\\/schema\\\/person\\\/19fc700381a780f69665d7956c469e3b\",\"name\":\"Radio Ljubu\u0161ki\"}]}<\/script>\n<!-- \/ Yoast SEO plugin. -->","yoast_head_json":{"title":"Pora\u017eavaju\u0107e: Svaki drugi petnaestogodi\u0161njak u BiH ne posjeduje funkcionalnu \u010ditala\u010dku pismenost - RADIO LJUBU\u0160KI","robots":{"index":"index","follow":"follow","max-snippet":"max-snippet:-1","max-image-preview":"max-image-preview:large","max-video-preview":"max-video-preview:-1"},"canonical":"https:\/\/radioljubuski.ba\/index.php\/2022\/04\/13\/porazavajuce-svaki-drugi-petnaestogodisnjak-u-bih-ne-posjeduje-funkcionalnu-citalacku-pismenost\/","og_locale":"hr_HR","og_type":"article","og_title":"Pora\u017eavaju\u0107e: Svaki drugi petnaestogodi\u0161njak u BiH ne posjeduje funkcionalnu \u010ditala\u010dku pismenost - RADIO LJUBU\u0160KI","og_description":"Agencija za pred\u0161kolsko, osnovno i srednje obrazovanje BiH je iznijela podatke o lo\u0161im rezultatima u\u010denika svih obrazovnih institucija u BiH, ali i nemogu\u0107nosti vr\u0161enja daljih istra\u017eivanja bez suglasnosti Predsjedni\u0161tva BiH. Kako se navodi u priop\u0107enju, podatci za Bosnu i Hercegovinu su lo\u0161i jer u\u010denici svih obrazovnih sustava u Bosni i Hercegovini u prosjeku posti\u017eu rezultate [&hellip;]","og_url":"https:\/\/radioljubuski.ba\/index.php\/2022\/04\/13\/porazavajuce-svaki-drugi-petnaestogodisnjak-u-bih-ne-posjeduje-funkcionalnu-citalacku-pismenost\/","og_site_name":"RADIO LJUBU\u0160KI","article_publisher":"https:\/\/www.facebook.com\/Radiio-Ljubuski-1490835324566332","article_published_time":"2022-04-13T11:58:02+00:00","article_modified_time":"2022-04-13T11:58:04+00:00","og_image":[{"width":1000,"height":625,"url":"https:\/\/radioljubuski.ba\/wp-content\/uploads\/2021\/08\/lX83MKxJ_Ucionica_skola_nastava_620x350.jpg","type":"image\/jpeg"}],"author":"Radio Ljubu\u0161ki","twitter_card":"summary_large_image","twitter_creator":"@radioljubuski","twitter_site":"@radioljubuski","twitter_misc":{"Napisao\/la":"Radio Ljubu\u0161ki","Procijenjeno vrijeme \u010ditanja":"3 minute"},"schema":{"@context":"https:\/\/schema.org","@graph":[{"@type":"Article","@id":"https:\/\/radioljubuski.ba\/index.php\/2022\/04\/13\/porazavajuce-svaki-drugi-petnaestogodisnjak-u-bih-ne-posjeduje-funkcionalnu-citalacku-pismenost\/#article","isPartOf":{"@id":"https:\/\/radioljubuski.ba\/index.php\/2022\/04\/13\/porazavajuce-svaki-drugi-petnaestogodisnjak-u-bih-ne-posjeduje-funkcionalnu-citalacku-pismenost\/"},"author":{"name":"Radio Ljubu\u0161ki","@id":"https:\/\/radioljubuski.ba\/#\/schema\/person\/19fc700381a780f69665d7956c469e3b"},"headline":"Pora\u017eavaju\u0107e: Svaki drugi petnaestogodi\u0161njak u BiH ne posjeduje funkcionalnu \u010ditala\u010dku pismenost","datePublished":"2022-04-13T11:58:02+00:00","dateModified":"2022-04-13T11:58:04+00:00","mainEntityOfPage":{"@id":"https:\/\/radioljubuski.ba\/index.php\/2022\/04\/13\/porazavajuce-svaki-drugi-petnaestogodisnjak-u-bih-ne-posjeduje-funkcionalnu-citalacku-pismenost\/"},"wordCount":575,"publisher":{"@id":"https:\/\/radioljubuski.ba\/#organization"},"image":{"@id":"https:\/\/radioljubuski.ba\/index.php\/2022\/04\/13\/porazavajuce-svaki-drugi-petnaestogodisnjak-u-bih-ne-posjeduje-funkcionalnu-citalacku-pismenost\/#primaryimage"},"thumbnailUrl":"https:\/\/radioljubuski.ba\/wp-content\/uploads\/2021\/08\/lX83MKxJ_Ucionica_skola_nastava_620x350.jpg","articleSection":["BIH i regija"],"inLanguage":"hr"},{"@type":"WebPage","@id":"https:\/\/radioljubuski.ba\/index.php\/2022\/04\/13\/porazavajuce-svaki-drugi-petnaestogodisnjak-u-bih-ne-posjeduje-funkcionalnu-citalacku-pismenost\/","url":"https:\/\/radioljubuski.ba\/index.php\/2022\/04\/13\/porazavajuce-svaki-drugi-petnaestogodisnjak-u-bih-ne-posjeduje-funkcionalnu-citalacku-pismenost\/","name":"Pora\u017eavaju\u0107e: Svaki drugi petnaestogodi\u0161njak u BiH ne posjeduje funkcionalnu \u010ditala\u010dku pismenost - RADIO LJUBU\u0160KI","isPartOf":{"@id":"https:\/\/radioljubuski.ba\/#website"},"primaryImageOfPage":{"@id":"https:\/\/radioljubuski.ba\/index.php\/2022\/04\/13\/porazavajuce-svaki-drugi-petnaestogodisnjak-u-bih-ne-posjeduje-funkcionalnu-citalacku-pismenost\/#primaryimage"},"image":{"@id":"https:\/\/radioljubuski.ba\/index.php\/2022\/04\/13\/porazavajuce-svaki-drugi-petnaestogodisnjak-u-bih-ne-posjeduje-funkcionalnu-citalacku-pismenost\/#primaryimage"},"thumbnailUrl":"https:\/\/radioljubuski.ba\/wp-content\/uploads\/2021\/08\/lX83MKxJ_Ucionica_skola_nastava_620x350.jpg","datePublished":"2022-04-13T11:58:02+00:00","dateModified":"2022-04-13T11:58:04+00:00","breadcrumb":{"@id":"https:\/\/radioljubuski.ba\/index.php\/2022\/04\/13\/porazavajuce-svaki-drugi-petnaestogodisnjak-u-bih-ne-posjeduje-funkcionalnu-citalacku-pismenost\/#breadcrumb"},"inLanguage":"hr","potentialAction":[{"@type":"ReadAction","target":["https:\/\/radioljubuski.ba\/index.php\/2022\/04\/13\/porazavajuce-svaki-drugi-petnaestogodisnjak-u-bih-ne-posjeduje-funkcionalnu-citalacku-pismenost\/"]}]},{"@type":"ImageObject","inLanguage":"hr","@id":"https:\/\/radioljubuski.ba\/index.php\/2022\/04\/13\/porazavajuce-svaki-drugi-petnaestogodisnjak-u-bih-ne-posjeduje-funkcionalnu-citalacku-pismenost\/#primaryimage","url":"https:\/\/radioljubuski.ba\/wp-content\/uploads\/2021\/08\/lX83MKxJ_Ucionica_skola_nastava_620x350.jpg","contentUrl":"https:\/\/radioljubuski.ba\/wp-content\/uploads\/2021\/08\/lX83MKxJ_Ucionica_skola_nastava_620x350.jpg","width":1000,"height":625},{"@type":"BreadcrumbList","@id":"https:\/\/radioljubuski.ba\/index.php\/2022\/04\/13\/porazavajuce-svaki-drugi-petnaestogodisnjak-u-bih-ne-posjeduje-funkcionalnu-citalacku-pismenost\/#breadcrumb","itemListElement":[{"@type":"ListItem","position":1,"name":"Po\u010detna stranica","item":"https:\/\/radioljubuski.ba\/"},{"@type":"ListItem","position":2,"name":"Pora\u017eavaju\u0107e: Svaki drugi petnaestogodi\u0161njak u BiH ne posjeduje funkcionalnu \u010ditala\u010dku pismenost"}]},{"@type":"WebSite","@id":"https:\/\/radioljubuski.ba\/#website","url":"https:\/\/radioljubuski.ba\/","name":"Radio Ljubu\u0161ki","description":"Sun\u010dana frekvencija Hercegovine","publisher":{"@id":"https:\/\/radioljubuski.ba\/#organization"},"potentialAction":[{"@type":"SearchAction","target":{"@type":"EntryPoint","urlTemplate":"https:\/\/radioljubuski.ba\/?s={search_term_string}"},"query-input":{"@type":"PropertyValueSpecification","valueRequired":true,"valueName":"search_term_string"}}],"inLanguage":"hr"},{"@type":"Organization","@id":"https:\/\/radioljubuski.ba\/#organization","name":"Radio Ljubu\u0161ki","url":"https:\/\/radioljubuski.ba\/","logo":{"@type":"ImageObject","inLanguage":"hr","@id":"https:\/\/radioljubuski.ba\/#\/schema\/logo\/image\/","url":"https:\/\/radioljubuski.ba\/wp-content\/uploads\/2021\/02\/cropped-Radio_Ljubuski_logo1.jpg","contentUrl":"https:\/\/radioljubuski.ba\/wp-content\/uploads\/2021\/02\/cropped-Radio_Ljubuski_logo1.jpg","width":512,"height":512,"caption":"Radio Ljubu\u0161ki"},"image":{"@id":"https:\/\/radioljubuski.ba\/#\/schema\/logo\/image\/"},"sameAs":["https:\/\/www.facebook.com\/Radiio-Ljubuski-1490835324566332","https:\/\/x.com\/radioljubuski","https:\/\/hr.linkedin.com\/company\/radio-ljubuski","https:\/\/www.youtube.com\/channel\/UCHYaeO_n0Db3tjNGudGpXyw"]},{"@type":"Person","@id":"https:\/\/radioljubuski.ba\/#\/schema\/person\/19fc700381a780f69665d7956c469e3b","name":"Radio Ljubu\u0161ki"}]}},"_links":{"self":[{"href":"https:\/\/radioljubuski.ba\/index.php\/wp-json\/wp\/v2\/posts\/131942","targetHints":{"allow":["GET"]}}],"collection":[{"href":"https:\/\/radioljubuski.ba\/index.php\/wp-json\/wp\/v2\/posts"}],"about":[{"href":"https:\/\/radioljubuski.ba\/index.php\/wp-json\/wp\/v2\/types\/post"}],"author":[{"embeddable":true,"href":"https:\/\/radioljubuski.ba\/index.php\/wp-json\/wp\/v2\/users\/2"}],"replies":[{"embeddable":true,"href":"https:\/\/radioljubuski.ba\/index.php\/wp-json\/wp\/v2\/comments?post=131942"}],"version-history":[{"count":1,"href":"https:\/\/radioljubuski.ba\/index.php\/wp-json\/wp\/v2\/posts\/131942\/revisions"}],"predecessor-version":[{"id":131943,"href":"https:\/\/radioljubuski.ba\/index.php\/wp-json\/wp\/v2\/posts\/131942\/revisions\/131943"}],"wp:featuredmedia":[{"embeddable":true,"href":"https:\/\/radioljubuski.ba\/index.php\/wp-json\/wp\/v2\/media\/59016"}],"wp:attachment":[{"href":"https:\/\/radioljubuski.ba\/index.php\/wp-json\/wp\/v2\/media?parent=131942"}],"wp:term":[{"taxonomy":"category","embeddable":true,"href":"https:\/\/radioljubuski.ba\/index.php\/wp-json\/wp\/v2\/categories?post=131942"},{"taxonomy":"post_tag","embeddable":true,"href":"https:\/\/radioljubuski.ba\/index.php\/wp-json\/wp\/v2\/tags?post=131942"}],"curies":[{"name":"wp","href":"https:\/\/api.w.org\/{rel}","templated":true}]}}