{"id":131949,"date":"2022-04-13T13:02:35","date_gmt":"2022-04-13T12:02:35","guid":{"rendered":"https:\/\/radioljubuski.ba\/?p=131949"},"modified":"2022-04-13T13:02:37","modified_gmt":"2022-04-13T12:02:37","slug":"kao-da-ih-prave-od-suhog-zlata-gradani-vracaju-peciva-u-soku-su-zbog-cijene","status":"publish","type":"post","link":"https:\/\/radioljubuski.ba\/index.php\/2022\/04\/13\/kao-da-ih-prave-od-suhog-zlata-gradani-vracaju-peciva-u-soku-su-zbog-cijene\/","title":{"rendered":"&#8216;Kao da ih prave od suhog zlata&#8217;: Gra\u0111ani vra\u0107aju peciva, u \u0161oku su zbog cijene"},"content":{"rendered":"\n<p>Gra\u0111ani se u posljednjih mjesec i pol dana suo\u010davaju sa sve agresivnijim &nbsp;poskupljenjima hrane i ostalih roba koje svako doma\u0107instvo mora kupovati, a ve\u0107ina je, zbog osiroma\u0161enih ku\u0107nih bud\u017eeta, najosjetljivija na skokove cijena onih najosnovnijih namirnica.<\/p>\n\n\n\n<p><br>Me\u0111u njima su, svakako, ulje, bra\u0161no, kruh, te pekarski proizvodi koji nigdje u svijetu ne predstavljaju nikakav luksuz, a kod nas to polako postaju.<\/p>\n\n\n\n<p>Tako je cijena peciva, i to onih bez i\u010dega, a koje dose\u017eu te\u017einu od 70 grama, u pojedinim pekarama i marketima u Banja Luci dostigla 0,5 KM.<\/p>\n\n\n\n<p>S obzirom na to da vre\u0107a od 25 kilograma kvalitetnijeg bra\u0161na ko\u0161ta 33 KM, nije te\u0161ko izra\u010dunati da je cijena kilograma oko 1,3 KM. To zna\u010di da kilogram ove osnovne namirnice ko\u0161ta taman koliko iznose 2,5 peciva?!<\/p>\n\n\n\n<p>A o kolikom je poskupljenju rije\u010d, svjedo\u010di i \u010dinjenica da oni koji nisu bili upoznati sa novim cijenama, nerijetko vra\u0107aju peciva koje su mislili kupiti.<\/p>\n\n\n\n<p>\u2013 Ju\u010de sam u jednoj pekari planirao djeci kupiti \u0161est peciva za doru\u010dak. Ostao sam zabezeknut kad mi je trgovkinja rekla da to ko\u0161ta tri KM, odnosno, da jedna ko\u0161ta 0,5 KM, a donedavno je bila 0,3 KM. Vratio sam ih i iza\u0161ao iz radnje sa jednim kruhom, koji je tako\u0111er poskupio, ali ga je, opet, isplativije kupovati. Peciva su, prakti\u010dno, postala najskuplji dio doru\u010dka ili ve\u010dere, \u0161to nikada nije bilo. Pa, kao da ih prave od suhog zlata, a ne od bra\u0161na \u2013 poru\u010duje Miroslav S. iz Banja Luke za <a href=\"https:\/\/srpskainfo.com\/kao-da-ih-prave-od-suvog-zlata-najobicnija-kifla-u-pojedinim-pekarama-i-marketima-kosta-05-km\/?fbclid=IwAR3iMwoIBK-Z3QVv0aPV14nV6oEk-IXxAfsq13S1ovEP5XALe2145WWjFXo\" target=\"_blank\" rel=\"noreferrer noopener\">Srpska info.<\/a><\/p>\n\n\n\n<p>Izvor:srpska info<\/p>\n","protected":false},"excerpt":{"rendered":"<p>Gra\u0111ani se u posljednjih mjesec i pol dana suo\u010davaju sa sve agresivnijim &nbsp;poskupljenjima hrane i ostalih roba koje svako doma\u0107instvo mora kupovati, a ve\u0107ina je, zbog osiroma\u0161enih ku\u0107nih bud\u017eeta, najosjetljivija na skokove cijena onih najosnovnijih namirnica. Me\u0111u njima su, svakako, ulje, bra\u0161no, kruh, te pekarski proizvodi koji nigdje u svijetu ne predstavljaju nikakav luksuz, a [&hellip;]<\/p>\n","protected":false},"author":2,"featured_media":131950,"comment_status":"closed","ping_status":"closed","sticky":false,"template":"","format":"standard","meta":{"h5ap_radio_sources":[],"footnotes":""},"categories":[1],"tags":[],"class_list":["post-131949","post","type-post","status-publish","format-standard","has-post-thumbnail","hentry","category-bihiregija"],"yoast_head":"<!-- This site is optimized with the Yoast SEO plugin v27.5 - https:\/\/yoast.com\/product\/yoast-seo-wordpress\/ -->\n<title>&#039;Kao da ih prave od suhog zlata&#039;: Gra\u0111ani vra\u0107aju peciva, u \u0161oku su zbog cijene - RADIO LJUBU\u0160KI<\/title>\n<meta name=\"robots\" content=\"index, follow, max-snippet:-1, max-image-preview:large, max-video-preview:-1\" \/>\n<link rel=\"canonical\" href=\"https:\/\/radioljubuski.ba\/index.php\/2022\/04\/13\/kao-da-ih-prave-od-suhog-zlata-gradani-vracaju-peciva-u-soku-su-zbog-cijene\/\" \/>\n<meta property=\"og:locale\" content=\"hr_HR\" \/>\n<meta property=\"og:type\" content=\"article\" \/>\n<meta property=\"og:title\" content=\"&#039;Kao da ih prave od suhog zlata&#039;: Gra\u0111ani vra\u0107aju peciva, u \u0161oku su zbog cijene - RADIO LJUBU\u0160KI\" \/>\n<meta property=\"og:description\" content=\"Gra\u0111ani se u posljednjih mjesec i pol dana suo\u010davaju sa sve agresivnijim &nbsp;poskupljenjima hrane i ostalih roba koje svako doma\u0107instvo mora kupovati, a ve\u0107ina je, zbog osiroma\u0161enih ku\u0107nih bud\u017eeta, najosjetljivija na skokove cijena onih najosnovnijih namirnica. Me\u0111u njima su, svakako, ulje, bra\u0161no, kruh, te pekarski proizvodi koji nigdje u svijetu ne predstavljaju nikakav luksuz, a [&hellip;]\" \/>\n<meta property=\"og:url\" content=\"https:\/\/radioljubuski.ba\/index.php\/2022\/04\/13\/kao-da-ih-prave-od-suhog-zlata-gradani-vracaju-peciva-u-soku-su-zbog-cijene\/\" \/>\n<meta property=\"og:site_name\" content=\"RADIO LJUBU\u0160KI\" \/>\n<meta property=\"article:publisher\" content=\"https:\/\/www.facebook.com\/Radiio-Ljubuski-1490835324566332\" \/>\n<meta property=\"article:published_time\" content=\"2022-04-13T12:02:35+00:00\" \/>\n<meta property=\"article:modified_time\" content=\"2022-04-13T12:02:37+00:00\" \/>\n<meta property=\"og:image\" content=\"https:\/\/radioljubuski.ba\/wp-content\/uploads\/2022\/04\/4fxpwTCH_kruh_hljeb_pekara.jpg\" \/>\n\t<meta property=\"og:image:width\" content=\"1000\" \/>\n\t<meta property=\"og:image:height\" content=\"625\" \/>\n\t<meta property=\"og:image:type\" content=\"image\/jpeg\" \/>\n<meta name=\"author\" content=\"Radio Ljubu\u0161ki\" \/>\n<meta name=\"twitter:card\" content=\"summary_large_image\" \/>\n<meta name=\"twitter:creator\" content=\"@radioljubuski\" \/>\n<meta name=\"twitter:site\" content=\"@radioljubuski\" \/>\n<meta name=\"twitter:label1\" content=\"Napisao\/la\" \/>\n\t<meta name=\"twitter:data1\" content=\"Radio Ljubu\u0161ki\" \/>\n\t<meta name=\"twitter:label2\" content=\"Procijenjeno vrijeme \u010ditanja\" \/>\n\t<meta name=\"twitter:data2\" content=\"2 minute\" \/>\n<script type=\"application\/ld+json\" class=\"yoast-schema-graph\">{\"@context\":\"https:\\\/\\\/schema.org\",\"@graph\":[{\"@type\":\"Article\",\"@id\":\"https:\\\/\\\/radioljubuski.ba\\\/index.php\\\/2022\\\/04\\\/13\\\/kao-da-ih-prave-od-suhog-zlata-gradani-vracaju-peciva-u-soku-su-zbog-cijene\\\/#article\",\"isPartOf\":{\"@id\":\"https:\\\/\\\/radioljubuski.ba\\\/index.php\\\/2022\\\/04\\\/13\\\/kao-da-ih-prave-od-suhog-zlata-gradani-vracaju-peciva-u-soku-su-zbog-cijene\\\/\"},\"author\":{\"name\":\"Radio Ljubu\u0161ki\",\"@id\":\"https:\\\/\\\/radioljubuski.ba\\\/#\\\/schema\\\/person\\\/19fc700381a780f69665d7956c469e3b\"},\"headline\":\"&#8216;Kao da ih prave od suhog zlata&#8217;: Gra\u0111ani vra\u0107aju peciva, u \u0161oku su zbog cijene\",\"datePublished\":\"2022-04-13T12:02:35+00:00\",\"dateModified\":\"2022-04-13T12:02:37+00:00\",\"mainEntityOfPage\":{\"@id\":\"https:\\\/\\\/radioljubuski.ba\\\/index.php\\\/2022\\\/04\\\/13\\\/kao-da-ih-prave-od-suhog-zlata-gradani-vracaju-peciva-u-soku-su-zbog-cijene\\\/\"},\"wordCount\":285,\"publisher\":{\"@id\":\"https:\\\/\\\/radioljubuski.ba\\\/#organization\"},\"image\":{\"@id\":\"https:\\\/\\\/radioljubuski.ba\\\/index.php\\\/2022\\\/04\\\/13\\\/kao-da-ih-prave-od-suhog-zlata-gradani-vracaju-peciva-u-soku-su-zbog-cijene\\\/#primaryimage\"},\"thumbnailUrl\":\"https:\\\/\\\/radioljubuski.ba\\\/wp-content\\\/uploads\\\/2022\\\/04\\\/4fxpwTCH_kruh_hljeb_pekara.jpg\",\"articleSection\":[\"BIH i regija\"],\"inLanguage\":\"hr\"},{\"@type\":\"WebPage\",\"@id\":\"https:\\\/\\\/radioljubuski.ba\\\/index.php\\\/2022\\\/04\\\/13\\\/kao-da-ih-prave-od-suhog-zlata-gradani-vracaju-peciva-u-soku-su-zbog-cijene\\\/\",\"url\":\"https:\\\/\\\/radioljubuski.ba\\\/index.php\\\/2022\\\/04\\\/13\\\/kao-da-ih-prave-od-suhog-zlata-gradani-vracaju-peciva-u-soku-su-zbog-cijene\\\/\",\"name\":\"'Kao da ih prave od suhog zlata': Gra\u0111ani vra\u0107aju peciva, u \u0161oku su zbog cijene - RADIO LJUBU\u0160KI\",\"isPartOf\":{\"@id\":\"https:\\\/\\\/radioljubuski.ba\\\/#website\"},\"primaryImageOfPage\":{\"@id\":\"https:\\\/\\\/radioljubuski.ba\\\/index.php\\\/2022\\\/04\\\/13\\\/kao-da-ih-prave-od-suhog-zlata-gradani-vracaju-peciva-u-soku-su-zbog-cijene\\\/#primaryimage\"},\"image\":{\"@id\":\"https:\\\/\\\/radioljubuski.ba\\\/index.php\\\/2022\\\/04\\\/13\\\/kao-da-ih-prave-od-suhog-zlata-gradani-vracaju-peciva-u-soku-su-zbog-cijene\\\/#primaryimage\"},\"thumbnailUrl\":\"https:\\\/\\\/radioljubuski.ba\\\/wp-content\\\/uploads\\\/2022\\\/04\\\/4fxpwTCH_kruh_hljeb_pekara.jpg\",\"datePublished\":\"2022-04-13T12:02:35+00:00\",\"dateModified\":\"2022-04-13T12:02:37+00:00\",\"breadcrumb\":{\"@id\":\"https:\\\/\\\/radioljubuski.ba\\\/index.php\\\/2022\\\/04\\\/13\\\/kao-da-ih-prave-od-suhog-zlata-gradani-vracaju-peciva-u-soku-su-zbog-cijene\\\/#breadcrumb\"},\"inLanguage\":\"hr\",\"potentialAction\":[{\"@type\":\"ReadAction\",\"target\":[\"https:\\\/\\\/radioljubuski.ba\\\/index.php\\\/2022\\\/04\\\/13\\\/kao-da-ih-prave-od-suhog-zlata-gradani-vracaju-peciva-u-soku-su-zbog-cijene\\\/\"]}]},{\"@type\":\"ImageObject\",\"inLanguage\":\"hr\",\"@id\":\"https:\\\/\\\/radioljubuski.ba\\\/index.php\\\/2022\\\/04\\\/13\\\/kao-da-ih-prave-od-suhog-zlata-gradani-vracaju-peciva-u-soku-su-zbog-cijene\\\/#primaryimage\",\"url\":\"https:\\\/\\\/radioljubuski.ba\\\/wp-content\\\/uploads\\\/2022\\\/04\\\/4fxpwTCH_kruh_hljeb_pekara.jpg\",\"contentUrl\":\"https:\\\/\\\/radioljubuski.ba\\\/wp-content\\\/uploads\\\/2022\\\/04\\\/4fxpwTCH_kruh_hljeb_pekara.jpg\",\"width\":1000,\"height\":625},{\"@type\":\"BreadcrumbList\",\"@id\":\"https:\\\/\\\/radioljubuski.ba\\\/index.php\\\/2022\\\/04\\\/13\\\/kao-da-ih-prave-od-suhog-zlata-gradani-vracaju-peciva-u-soku-su-zbog-cijene\\\/#breadcrumb\",\"itemListElement\":[{\"@type\":\"ListItem\",\"position\":1,\"name\":\"Po\u010detna stranica\",\"item\":\"https:\\\/\\\/radioljubuski.ba\\\/\"},{\"@type\":\"ListItem\",\"position\":2,\"name\":\"&#8216;Kao da ih prave od suhog zlata&#8217;: Gra\u0111ani vra\u0107aju peciva, u \u0161oku su zbog cijene\"}]},{\"@type\":\"WebSite\",\"@id\":\"https:\\\/\\\/radioljubuski.ba\\\/#website\",\"url\":\"https:\\\/\\\/radioljubuski.ba\\\/\",\"name\":\"Radio Ljubu\u0161ki\",\"description\":\"Sun\u010dana frekvencija Hercegovine\",\"publisher\":{\"@id\":\"https:\\\/\\\/radioljubuski.ba\\\/#organization\"},\"potentialAction\":[{\"@type\":\"SearchAction\",\"target\":{\"@type\":\"EntryPoint\",\"urlTemplate\":\"https:\\\/\\\/radioljubuski.ba\\\/?s={search_term_string}\"},\"query-input\":{\"@type\":\"PropertyValueSpecification\",\"valueRequired\":true,\"valueName\":\"search_term_string\"}}],\"inLanguage\":\"hr\"},{\"@type\":\"Organization\",\"@id\":\"https:\\\/\\\/radioljubuski.ba\\\/#organization\",\"name\":\"Radio Ljubu\u0161ki\",\"url\":\"https:\\\/\\\/radioljubuski.ba\\\/\",\"logo\":{\"@type\":\"ImageObject\",\"inLanguage\":\"hr\",\"@id\":\"https:\\\/\\\/radioljubuski.ba\\\/#\\\/schema\\\/logo\\\/image\\\/\",\"url\":\"https:\\\/\\\/radioljubuski.ba\\\/wp-content\\\/uploads\\\/2021\\\/02\\\/cropped-Radio_Ljubuski_logo1.jpg\",\"contentUrl\":\"https:\\\/\\\/radioljubuski.ba\\\/wp-content\\\/uploads\\\/2021\\\/02\\\/cropped-Radio_Ljubuski_logo1.jpg\",\"width\":512,\"height\":512,\"caption\":\"Radio Ljubu\u0161ki\"},\"image\":{\"@id\":\"https:\\\/\\\/radioljubuski.ba\\\/#\\\/schema\\\/logo\\\/image\\\/\"},\"sameAs\":[\"https:\\\/\\\/www.facebook.com\\\/Radiio-Ljubuski-1490835324566332\",\"https:\\\/\\\/x.com\\\/radioljubuski\",\"https:\\\/\\\/hr.linkedin.com\\\/company\\\/radio-ljubuski\",\"https:\\\/\\\/www.youtube.com\\\/channel\\\/UCHYaeO_n0Db3tjNGudGpXyw\"]},{\"@type\":\"Person\",\"@id\":\"https:\\\/\\\/radioljubuski.ba\\\/#\\\/schema\\\/person\\\/19fc700381a780f69665d7956c469e3b\",\"name\":\"Radio Ljubu\u0161ki\"}]}<\/script>\n<!-- \/ Yoast SEO plugin. -->","yoast_head_json":{"title":"'Kao da ih prave od suhog zlata': Gra\u0111ani vra\u0107aju peciva, u \u0161oku su zbog cijene - RADIO LJUBU\u0160KI","robots":{"index":"index","follow":"follow","max-snippet":"max-snippet:-1","max-image-preview":"max-image-preview:large","max-video-preview":"max-video-preview:-1"},"canonical":"https:\/\/radioljubuski.ba\/index.php\/2022\/04\/13\/kao-da-ih-prave-od-suhog-zlata-gradani-vracaju-peciva-u-soku-su-zbog-cijene\/","og_locale":"hr_HR","og_type":"article","og_title":"'Kao da ih prave od suhog zlata': Gra\u0111ani vra\u0107aju peciva, u \u0161oku su zbog cijene - RADIO LJUBU\u0160KI","og_description":"Gra\u0111ani se u posljednjih mjesec i pol dana suo\u010davaju sa sve agresivnijim &nbsp;poskupljenjima hrane i ostalih roba koje svako doma\u0107instvo mora kupovati, a ve\u0107ina je, zbog osiroma\u0161enih ku\u0107nih bud\u017eeta, najosjetljivija na skokove cijena onih najosnovnijih namirnica. Me\u0111u njima su, svakako, ulje, bra\u0161no, kruh, te pekarski proizvodi koji nigdje u svijetu ne predstavljaju nikakav luksuz, a [&hellip;]","og_url":"https:\/\/radioljubuski.ba\/index.php\/2022\/04\/13\/kao-da-ih-prave-od-suhog-zlata-gradani-vracaju-peciva-u-soku-su-zbog-cijene\/","og_site_name":"RADIO LJUBU\u0160KI","article_publisher":"https:\/\/www.facebook.com\/Radiio-Ljubuski-1490835324566332","article_published_time":"2022-04-13T12:02:35+00:00","article_modified_time":"2022-04-13T12:02:37+00:00","og_image":[{"width":1000,"height":625,"url":"https:\/\/radioljubuski.ba\/wp-content\/uploads\/2022\/04\/4fxpwTCH_kruh_hljeb_pekara.jpg","type":"image\/jpeg"}],"author":"Radio Ljubu\u0161ki","twitter_card":"summary_large_image","twitter_creator":"@radioljubuski","twitter_site":"@radioljubuski","twitter_misc":{"Napisao\/la":"Radio Ljubu\u0161ki","Procijenjeno vrijeme \u010ditanja":"2 minute"},"schema":{"@context":"https:\/\/schema.org","@graph":[{"@type":"Article","@id":"https:\/\/radioljubuski.ba\/index.php\/2022\/04\/13\/kao-da-ih-prave-od-suhog-zlata-gradani-vracaju-peciva-u-soku-su-zbog-cijene\/#article","isPartOf":{"@id":"https:\/\/radioljubuski.ba\/index.php\/2022\/04\/13\/kao-da-ih-prave-od-suhog-zlata-gradani-vracaju-peciva-u-soku-su-zbog-cijene\/"},"author":{"name":"Radio Ljubu\u0161ki","@id":"https:\/\/radioljubuski.ba\/#\/schema\/person\/19fc700381a780f69665d7956c469e3b"},"headline":"&#8216;Kao da ih prave od suhog zlata&#8217;: Gra\u0111ani vra\u0107aju peciva, u \u0161oku su zbog cijene","datePublished":"2022-04-13T12:02:35+00:00","dateModified":"2022-04-13T12:02:37+00:00","mainEntityOfPage":{"@id":"https:\/\/radioljubuski.ba\/index.php\/2022\/04\/13\/kao-da-ih-prave-od-suhog-zlata-gradani-vracaju-peciva-u-soku-su-zbog-cijene\/"},"wordCount":285,"publisher":{"@id":"https:\/\/radioljubuski.ba\/#organization"},"image":{"@id":"https:\/\/radioljubuski.ba\/index.php\/2022\/04\/13\/kao-da-ih-prave-od-suhog-zlata-gradani-vracaju-peciva-u-soku-su-zbog-cijene\/#primaryimage"},"thumbnailUrl":"https:\/\/radioljubuski.ba\/wp-content\/uploads\/2022\/04\/4fxpwTCH_kruh_hljeb_pekara.jpg","articleSection":["BIH i regija"],"inLanguage":"hr"},{"@type":"WebPage","@id":"https:\/\/radioljubuski.ba\/index.php\/2022\/04\/13\/kao-da-ih-prave-od-suhog-zlata-gradani-vracaju-peciva-u-soku-su-zbog-cijene\/","url":"https:\/\/radioljubuski.ba\/index.php\/2022\/04\/13\/kao-da-ih-prave-od-suhog-zlata-gradani-vracaju-peciva-u-soku-su-zbog-cijene\/","name":"'Kao da ih prave od suhog zlata': Gra\u0111ani vra\u0107aju peciva, u \u0161oku su zbog cijene - RADIO LJUBU\u0160KI","isPartOf":{"@id":"https:\/\/radioljubuski.ba\/#website"},"primaryImageOfPage":{"@id":"https:\/\/radioljubuski.ba\/index.php\/2022\/04\/13\/kao-da-ih-prave-od-suhog-zlata-gradani-vracaju-peciva-u-soku-su-zbog-cijene\/#primaryimage"},"image":{"@id":"https:\/\/radioljubuski.ba\/index.php\/2022\/04\/13\/kao-da-ih-prave-od-suhog-zlata-gradani-vracaju-peciva-u-soku-su-zbog-cijene\/#primaryimage"},"thumbnailUrl":"https:\/\/radioljubuski.ba\/wp-content\/uploads\/2022\/04\/4fxpwTCH_kruh_hljeb_pekara.jpg","datePublished":"2022-04-13T12:02:35+00:00","dateModified":"2022-04-13T12:02:37+00:00","breadcrumb":{"@id":"https:\/\/radioljubuski.ba\/index.php\/2022\/04\/13\/kao-da-ih-prave-od-suhog-zlata-gradani-vracaju-peciva-u-soku-su-zbog-cijene\/#breadcrumb"},"inLanguage":"hr","potentialAction":[{"@type":"ReadAction","target":["https:\/\/radioljubuski.ba\/index.php\/2022\/04\/13\/kao-da-ih-prave-od-suhog-zlata-gradani-vracaju-peciva-u-soku-su-zbog-cijene\/"]}]},{"@type":"ImageObject","inLanguage":"hr","@id":"https:\/\/radioljubuski.ba\/index.php\/2022\/04\/13\/kao-da-ih-prave-od-suhog-zlata-gradani-vracaju-peciva-u-soku-su-zbog-cijene\/#primaryimage","url":"https:\/\/radioljubuski.ba\/wp-content\/uploads\/2022\/04\/4fxpwTCH_kruh_hljeb_pekara.jpg","contentUrl":"https:\/\/radioljubuski.ba\/wp-content\/uploads\/2022\/04\/4fxpwTCH_kruh_hljeb_pekara.jpg","width":1000,"height":625},{"@type":"BreadcrumbList","@id":"https:\/\/radioljubuski.ba\/index.php\/2022\/04\/13\/kao-da-ih-prave-od-suhog-zlata-gradani-vracaju-peciva-u-soku-su-zbog-cijene\/#breadcrumb","itemListElement":[{"@type":"ListItem","position":1,"name":"Po\u010detna stranica","item":"https:\/\/radioljubuski.ba\/"},{"@type":"ListItem","position":2,"name":"&#8216;Kao da ih prave od suhog zlata&#8217;: Gra\u0111ani vra\u0107aju peciva, u \u0161oku su zbog cijene"}]},{"@type":"WebSite","@id":"https:\/\/radioljubuski.ba\/#website","url":"https:\/\/radioljubuski.ba\/","name":"Radio Ljubu\u0161ki","description":"Sun\u010dana frekvencija Hercegovine","publisher":{"@id":"https:\/\/radioljubuski.ba\/#organization"},"potentialAction":[{"@type":"SearchAction","target":{"@type":"EntryPoint","urlTemplate":"https:\/\/radioljubuski.ba\/?s={search_term_string}"},"query-input":{"@type":"PropertyValueSpecification","valueRequired":true,"valueName":"search_term_string"}}],"inLanguage":"hr"},{"@type":"Organization","@id":"https:\/\/radioljubuski.ba\/#organization","name":"Radio Ljubu\u0161ki","url":"https:\/\/radioljubuski.ba\/","logo":{"@type":"ImageObject","inLanguage":"hr","@id":"https:\/\/radioljubuski.ba\/#\/schema\/logo\/image\/","url":"https:\/\/radioljubuski.ba\/wp-content\/uploads\/2021\/02\/cropped-Radio_Ljubuski_logo1.jpg","contentUrl":"https:\/\/radioljubuski.ba\/wp-content\/uploads\/2021\/02\/cropped-Radio_Ljubuski_logo1.jpg","width":512,"height":512,"caption":"Radio Ljubu\u0161ki"},"image":{"@id":"https:\/\/radioljubuski.ba\/#\/schema\/logo\/image\/"},"sameAs":["https:\/\/www.facebook.com\/Radiio-Ljubuski-1490835324566332","https:\/\/x.com\/radioljubuski","https:\/\/hr.linkedin.com\/company\/radio-ljubuski","https:\/\/www.youtube.com\/channel\/UCHYaeO_n0Db3tjNGudGpXyw"]},{"@type":"Person","@id":"https:\/\/radioljubuski.ba\/#\/schema\/person\/19fc700381a780f69665d7956c469e3b","name":"Radio Ljubu\u0161ki"}]}},"_links":{"self":[{"href":"https:\/\/radioljubuski.ba\/index.php\/wp-json\/wp\/v2\/posts\/131949","targetHints":{"allow":["GET"]}}],"collection":[{"href":"https:\/\/radioljubuski.ba\/index.php\/wp-json\/wp\/v2\/posts"}],"about":[{"href":"https:\/\/radioljubuski.ba\/index.php\/wp-json\/wp\/v2\/types\/post"}],"author":[{"embeddable":true,"href":"https:\/\/radioljubuski.ba\/index.php\/wp-json\/wp\/v2\/users\/2"}],"replies":[{"embeddable":true,"href":"https:\/\/radioljubuski.ba\/index.php\/wp-json\/wp\/v2\/comments?post=131949"}],"version-history":[{"count":1,"href":"https:\/\/radioljubuski.ba\/index.php\/wp-json\/wp\/v2\/posts\/131949\/revisions"}],"predecessor-version":[{"id":131951,"href":"https:\/\/radioljubuski.ba\/index.php\/wp-json\/wp\/v2\/posts\/131949\/revisions\/131951"}],"wp:featuredmedia":[{"embeddable":true,"href":"https:\/\/radioljubuski.ba\/index.php\/wp-json\/wp\/v2\/media\/131950"}],"wp:attachment":[{"href":"https:\/\/radioljubuski.ba\/index.php\/wp-json\/wp\/v2\/media?parent=131949"}],"wp:term":[{"taxonomy":"category","embeddable":true,"href":"https:\/\/radioljubuski.ba\/index.php\/wp-json\/wp\/v2\/categories?post=131949"},{"taxonomy":"post_tag","embeddable":true,"href":"https:\/\/radioljubuski.ba\/index.php\/wp-json\/wp\/v2\/tags?post=131949"}],"curies":[{"name":"wp","href":"https:\/\/api.w.org\/{rel}","templated":true}]}}