{"id":131952,"date":"2022-04-13T13:05:01","date_gmt":"2022-04-13T12:05:01","guid":{"rendered":"https:\/\/radioljubuski.ba\/?p=131952"},"modified":"2022-04-13T13:05:03","modified_gmt":"2022-04-13T12:05:03","slug":"mama-ostali-smo-bez-oruzja-i-hrane-dali-smo-sve-od-sebe-ali-vise-nemamo-izbora","status":"publish","type":"post","link":"https:\/\/radioljubuski.ba\/index.php\/2022\/04\/13\/mama-ostali-smo-bez-oruzja-i-hrane-dali-smo-sve-od-sebe-ali-vise-nemamo-izbora\/","title":{"rendered":"\u2018Mama, ostali smo bez oru\u017eja i hrane. Dali smo sve od sebe, ali vi\u0161e nemamo izbora&#8230;\u2018"},"content":{"rendered":"\n<p>Aiden Aslin (28), britanski vojnik porijeklom iz Newarka, koji se priklju\u010dio ukrajinskim marncima, javio je svojoj obitelji i prijateljima u Britaniji te im poru\u010dio da \u0107e se njegova jedinica predati ruskim snagama jer &#8216;nema drugog izbora&#8217;, prenosi britanski <a href=\"https:\/\/www.dailymail.co.uk\/news\/article-10710623\/Briton-fighting-alongside-Ukraine-marines-Mariupol-says-unit-no-choice-surrender.html\" target=\"_blank\" rel=\"noreferrer noopener\">Daily Mail.<\/a><\/p>\n\n\n\n<p>Nekada\u0161nji njegovatelj preselio se u Ukrajinu 2018. godine nakon \u0161to se zaljubio u \u017eenu iz Mikolajiva.<\/p>\n\n\n\n<p>Proteklih nekoliko tjedana, Aidenova je jedinica branila opkoljeni Mariupolj, popri\u0161te najte\u017eih borbi u Ukrajini. Njegova majka, Ang Wood, rekla je za BBC da joj je sin rekao da &#8220;nemaju izbora nego se predati&#8221;.<\/p>\n\n\n\n<p>&#8211; Nazvao me i rekao da nemaju vi\u0161e oru\u017eja za borbu. Volim svog sina. On je moj heroj. Zvu\u010dao je dobro. Boris Johnson mora sru\u0161iti Putina &#8211; rekla je.<\/p>\n\n\n\n<p>Njegov vapaj objavljen je i na Twitteru: &#8216;Pro\u0161lo je 48 dana, dali smo sve od sebe da obranimo Mariupolj, ali nemamo drugog izbora&#8217;.<\/p>\n\n\n\n<p>Brennan Philips, Aidenov prijatelj, tako\u0111er tvrdi da je razgovarao s Aidenom. Ka\u017ee da mu je prijatelj ispri\u010dao da je njegova jedinica bez hrane, streljiva i zaliha te im nije preostalo ni\u0161ta drugo nego predaja.<\/p>\n\n\n\n<p>&#8211; Da im je ostao samo jedan metak, siguran sam da bi ga ispalili &#8211; dodao je Brennan, prenosi <a href=\"https:\/\/www.jutarnji.hr\/vijesti\/svijet\/mama-ostali-smo-bez-oruzja-i-hrane-dali-smo-sve-od-sebe-ali-vise-nemamo-izbora-15183027\" target=\"_blank\" rel=\"noreferrer noopener\">Jutarnji list.<\/a><\/p>\n\n\n\n<p>Ina\u010de, 28-godi\u0161njem Aslinu je ovo \u010detvrta godina u ukrajinskim oru\u017eanim snagama. Planirao se ovog prolje\u0107a vjen\u010dati, a slu\u017ebu je trebao zavr\u0161iti u rujnu. Kada je Rusija pokrenula brutalnu invaziju, Aslin je bio stacioniran u Donbasu gdje se separatisti i ukrajinske oru\u017eane snage bore od 2014. godine.<\/p>\n\n\n\n<blockquote class=\"twitter-tweet\"><p lang=\"en\" dir=\"ltr\">&quot;We are the defenders of Mariupol, the 36th Marine Brigade, who held the defense of the city to the last,&quot; <br> &#8211; We didn&#39;t give up our positions and held every scrap of this city to the best of our ability. But the city was under siege. In a ring. <a href=\"https:\/\/t.co\/B5JPH1qhDD\">pic.twitter.com\/B5JPH1qhDD<\/a><\/p>&mdash; Vakcina Nuo Vatnik\u0173 (@VakcinaVatniku) <a href=\"https:\/\/twitter.com\/VakcinaVatniku\/status\/1513813406691868675?ref_src=twsrc%5Etfw\">April 12, 2022<\/a><\/blockquote> <script async src=\"https:\/\/platform.twitter.com\/widgets.js\" charset=\"utf-8\"><\/script> \n\n\n\n<p>Podsjetimo, \u010delnik proruskih separatista u Donjecku rekao je u ponedjeljak da su njegove snage u cijelosti zauzele lu\u010dku zonu strate\u0161ki va\u017enog grada Mariupolja, na jugoistoku Ukrajine, koji je vi\u0161e od mjesec dana pod opsadom.<\/p>\n\n\n\n<p>Predstavnik separatisti\u010dke vojske Eduard Basurin rekao je, prenosi novinska agencija Ria Novosti, da se ostatak ukrajinskih branitelja sada ukopao u tvornicama Azovstalj i Azovma\u0161.<\/p>\n\n\n\n<p>Podsjetimo, ju\u010der su se javnosti obratili i pripadnici 36. brigade koji su o\u010dajni\u010dki poru\u010dili da su ostavljeni na cjedilu.<\/p>\n\n\n\n<p>&#8211; Koli\u010dina oru\u017eja je na izmaku. Nakon \u0161to smo 47 dana branili luku i \u010dinili &#8216;sve mogu\u0107e i nemogu\u0107e&#8217; kako bi zadr\u017eali kontrolu nad gradom, ruske snage su potisnule i opkolile na\u0161e vojnike.<\/p>\n\n\n\n<p>To za neke od nas zna\u010di smrt, a za ostale zarobljeni\u0161tvo, izvijestila je na Facebooku 36. brigada marinaca Ukrajinskih oru\u017eanih snaga.<\/p>\n\n\n\n<p>Ruske snage su priop\u0107ile da su borbe nedavno bile usmjerene na \u010deli\u010danu Azovstal i luku.<\/p>\n\n\n\n<p>Marinci tvrde da ih je neprijatelj ondje postupno potiskivao i opkolio, a sada ih poku\u0161ava uni\u0161titi. Gotovo polovica \u010dlanova brigade je ranjena, a u borbu se vra\u0107aju oni koji nisu ostali bez ekstremiteta. Pje\u0161a\u0161tvo je izginulo, a u \u017eestokim borbama sada sudjeluju topnici, radio operateri, voza\u010di, kuhari, pa \u010dak i \u010dlanovi orkestra, tvrde marinci.<\/p>\n\n\n\n<p>Po\u017ealili su se da je izostala podr\u0161ka vojnog vrha Ukrajine: &#8216;Otpisali su nas&#8217;.<\/p>\n\n\n\n<p>Izvor:jutarnji.hr<\/p>\n","protected":false},"excerpt":{"rendered":"<p>Aiden Aslin (28), britanski vojnik porijeklom iz Newarka, koji se priklju\u010dio ukrajinskim marncima, javio je svojoj obitelji i prijateljima u Britaniji te im poru\u010dio da \u0107e se njegova jedinica predati ruskim snagama jer &#8216;nema drugog izbora&#8217;, prenosi britanski Daily Mail. Nekada\u0161nji njegovatelj preselio se u Ukrajinu 2018. godine nakon \u0161to se zaljubio u \u017eenu iz [&hellip;]<\/p>\n","protected":false},"author":2,"featured_media":131953,"comment_status":"closed","ping_status":"closed","sticky":false,"template":"","format":"standard","meta":{"h5ap_radio_sources":[],"footnotes":""},"categories":[1],"tags":[],"class_list":["post-131952","post","type-post","status-publish","format-standard","has-post-thumbnail","hentry","category-bihiregija"],"yoast_head":"<!-- This site is optimized with the Yoast SEO plugin v27.5 - https:\/\/yoast.com\/product\/yoast-seo-wordpress\/ -->\n<title>\u2018Mama, ostali smo bez oru\u017eja i hrane. Dali smo sve od sebe, ali vi\u0161e nemamo izbora...\u2018 - RADIO LJUBU\u0160KI<\/title>\n<meta name=\"robots\" content=\"index, follow, max-snippet:-1, max-image-preview:large, max-video-preview:-1\" \/>\n<link rel=\"canonical\" href=\"https:\/\/radioljubuski.ba\/index.php\/2022\/04\/13\/mama-ostali-smo-bez-oruzja-i-hrane-dali-smo-sve-od-sebe-ali-vise-nemamo-izbora\/\" \/>\n<meta property=\"og:locale\" content=\"hr_HR\" \/>\n<meta property=\"og:type\" content=\"article\" \/>\n<meta property=\"og:title\" content=\"\u2018Mama, ostali smo bez oru\u017eja i hrane. Dali smo sve od sebe, ali vi\u0161e nemamo izbora...\u2018 - RADIO LJUBU\u0160KI\" \/>\n<meta property=\"og:description\" content=\"Aiden Aslin (28), britanski vojnik porijeklom iz Newarka, koji se priklju\u010dio ukrajinskim marncima, javio je svojoj obitelji i prijateljima u Britaniji te im poru\u010dio da \u0107e se njegova jedinica predati ruskim snagama jer &#8216;nema drugog izbora&#8217;, prenosi britanski Daily Mail. Nekada\u0161nji njegovatelj preselio se u Ukrajinu 2018. godine nakon \u0161to se zaljubio u \u017eenu iz [&hellip;]\" \/>\n<meta property=\"og:url\" content=\"https:\/\/radioljubuski.ba\/index.php\/2022\/04\/13\/mama-ostali-smo-bez-oruzja-i-hrane-dali-smo-sve-od-sebe-ali-vise-nemamo-izbora\/\" \/>\n<meta property=\"og:site_name\" content=\"RADIO LJUBU\u0160KI\" \/>\n<meta property=\"article:publisher\" content=\"https:\/\/www.facebook.com\/Radiio-Ljubuski-1490835324566332\" \/>\n<meta property=\"article:published_time\" content=\"2022-04-13T12:05:01+00:00\" \/>\n<meta property=\"article:modified_time\" content=\"2022-04-13T12:05:03+00:00\" \/>\n<meta property=\"og:image\" content=\"https:\/\/radioljubuski.ba\/wp-content\/uploads\/2022\/04\/8-2022-04-12-14-06-26-mariupolj.jpg\" \/>\n\t<meta property=\"og:image:width\" content=\"1000\" \/>\n\t<meta property=\"og:image:height\" content=\"625\" \/>\n\t<meta property=\"og:image:type\" content=\"image\/jpeg\" \/>\n<meta name=\"author\" content=\"Radio Ljubu\u0161ki\" \/>\n<meta name=\"twitter:card\" content=\"summary_large_image\" \/>\n<meta name=\"twitter:creator\" content=\"@radioljubuski\" \/>\n<meta name=\"twitter:site\" content=\"@radioljubuski\" \/>\n<meta name=\"twitter:label1\" content=\"Napisao\/la\" \/>\n\t<meta name=\"twitter:data1\" content=\"Radio Ljubu\u0161ki\" \/>\n\t<meta name=\"twitter:label2\" content=\"Procijenjeno vrijeme \u010ditanja\" \/>\n\t<meta name=\"twitter:data2\" content=\"3 minute\" \/>\n<script type=\"application\/ld+json\" class=\"yoast-schema-graph\">{\"@context\":\"https:\\\/\\\/schema.org\",\"@graph\":[{\"@type\":\"Article\",\"@id\":\"https:\\\/\\\/radioljubuski.ba\\\/index.php\\\/2022\\\/04\\\/13\\\/mama-ostali-smo-bez-oruzja-i-hrane-dali-smo-sve-od-sebe-ali-vise-nemamo-izbora\\\/#article\",\"isPartOf\":{\"@id\":\"https:\\\/\\\/radioljubuski.ba\\\/index.php\\\/2022\\\/04\\\/13\\\/mama-ostali-smo-bez-oruzja-i-hrane-dali-smo-sve-od-sebe-ali-vise-nemamo-izbora\\\/\"},\"author\":{\"name\":\"Radio Ljubu\u0161ki\",\"@id\":\"https:\\\/\\\/radioljubuski.ba\\\/#\\\/schema\\\/person\\\/19fc700381a780f69665d7956c469e3b\"},\"headline\":\"\u2018Mama, ostali smo bez oru\u017eja i hrane. Dali smo sve od sebe, ali vi\u0161e nemamo izbora&#8230;\u2018\",\"datePublished\":\"2022-04-13T12:05:01+00:00\",\"dateModified\":\"2022-04-13T12:05:03+00:00\",\"mainEntityOfPage\":{\"@id\":\"https:\\\/\\\/radioljubuski.ba\\\/index.php\\\/2022\\\/04\\\/13\\\/mama-ostali-smo-bez-oruzja-i-hrane-dali-smo-sve-od-sebe-ali-vise-nemamo-izbora\\\/\"},\"wordCount\":583,\"publisher\":{\"@id\":\"https:\\\/\\\/radioljubuski.ba\\\/#organization\"},\"image\":{\"@id\":\"https:\\\/\\\/radioljubuski.ba\\\/index.php\\\/2022\\\/04\\\/13\\\/mama-ostali-smo-bez-oruzja-i-hrane-dali-smo-sve-od-sebe-ali-vise-nemamo-izbora\\\/#primaryimage\"},\"thumbnailUrl\":\"https:\\\/\\\/radioljubuski.ba\\\/wp-content\\\/uploads\\\/2022\\\/04\\\/8-2022-04-12-14-06-26-mariupolj.jpg\",\"articleSection\":[\"BIH i regija\"],\"inLanguage\":\"hr\"},{\"@type\":\"WebPage\",\"@id\":\"https:\\\/\\\/radioljubuski.ba\\\/index.php\\\/2022\\\/04\\\/13\\\/mama-ostali-smo-bez-oruzja-i-hrane-dali-smo-sve-od-sebe-ali-vise-nemamo-izbora\\\/\",\"url\":\"https:\\\/\\\/radioljubuski.ba\\\/index.php\\\/2022\\\/04\\\/13\\\/mama-ostali-smo-bez-oruzja-i-hrane-dali-smo-sve-od-sebe-ali-vise-nemamo-izbora\\\/\",\"name\":\"\u2018Mama, ostali smo bez oru\u017eja i hrane. Dali smo sve od sebe, ali vi\u0161e nemamo izbora...\u2018 - RADIO LJUBU\u0160KI\",\"isPartOf\":{\"@id\":\"https:\\\/\\\/radioljubuski.ba\\\/#website\"},\"primaryImageOfPage\":{\"@id\":\"https:\\\/\\\/radioljubuski.ba\\\/index.php\\\/2022\\\/04\\\/13\\\/mama-ostali-smo-bez-oruzja-i-hrane-dali-smo-sve-od-sebe-ali-vise-nemamo-izbora\\\/#primaryimage\"},\"image\":{\"@id\":\"https:\\\/\\\/radioljubuski.ba\\\/index.php\\\/2022\\\/04\\\/13\\\/mama-ostali-smo-bez-oruzja-i-hrane-dali-smo-sve-od-sebe-ali-vise-nemamo-izbora\\\/#primaryimage\"},\"thumbnailUrl\":\"https:\\\/\\\/radioljubuski.ba\\\/wp-content\\\/uploads\\\/2022\\\/04\\\/8-2022-04-12-14-06-26-mariupolj.jpg\",\"datePublished\":\"2022-04-13T12:05:01+00:00\",\"dateModified\":\"2022-04-13T12:05:03+00:00\",\"breadcrumb\":{\"@id\":\"https:\\\/\\\/radioljubuski.ba\\\/index.php\\\/2022\\\/04\\\/13\\\/mama-ostali-smo-bez-oruzja-i-hrane-dali-smo-sve-od-sebe-ali-vise-nemamo-izbora\\\/#breadcrumb\"},\"inLanguage\":\"hr\",\"potentialAction\":[{\"@type\":\"ReadAction\",\"target\":[\"https:\\\/\\\/radioljubuski.ba\\\/index.php\\\/2022\\\/04\\\/13\\\/mama-ostali-smo-bez-oruzja-i-hrane-dali-smo-sve-od-sebe-ali-vise-nemamo-izbora\\\/\"]}]},{\"@type\":\"ImageObject\",\"inLanguage\":\"hr\",\"@id\":\"https:\\\/\\\/radioljubuski.ba\\\/index.php\\\/2022\\\/04\\\/13\\\/mama-ostali-smo-bez-oruzja-i-hrane-dali-smo-sve-od-sebe-ali-vise-nemamo-izbora\\\/#primaryimage\",\"url\":\"https:\\\/\\\/radioljubuski.ba\\\/wp-content\\\/uploads\\\/2022\\\/04\\\/8-2022-04-12-14-06-26-mariupolj.jpg\",\"contentUrl\":\"https:\\\/\\\/radioljubuski.ba\\\/wp-content\\\/uploads\\\/2022\\\/04\\\/8-2022-04-12-14-06-26-mariupolj.jpg\",\"width\":1000,\"height\":625},{\"@type\":\"BreadcrumbList\",\"@id\":\"https:\\\/\\\/radioljubuski.ba\\\/index.php\\\/2022\\\/04\\\/13\\\/mama-ostali-smo-bez-oruzja-i-hrane-dali-smo-sve-od-sebe-ali-vise-nemamo-izbora\\\/#breadcrumb\",\"itemListElement\":[{\"@type\":\"ListItem\",\"position\":1,\"name\":\"Po\u010detna stranica\",\"item\":\"https:\\\/\\\/radioljubuski.ba\\\/\"},{\"@type\":\"ListItem\",\"position\":2,\"name\":\"\u2018Mama, ostali smo bez oru\u017eja i hrane. Dali smo sve od sebe, ali vi\u0161e nemamo izbora&#8230;\u2018\"}]},{\"@type\":\"WebSite\",\"@id\":\"https:\\\/\\\/radioljubuski.ba\\\/#website\",\"url\":\"https:\\\/\\\/radioljubuski.ba\\\/\",\"name\":\"Radio Ljubu\u0161ki\",\"description\":\"Sun\u010dana frekvencija Hercegovine\",\"publisher\":{\"@id\":\"https:\\\/\\\/radioljubuski.ba\\\/#organization\"},\"potentialAction\":[{\"@type\":\"SearchAction\",\"target\":{\"@type\":\"EntryPoint\",\"urlTemplate\":\"https:\\\/\\\/radioljubuski.ba\\\/?s={search_term_string}\"},\"query-input\":{\"@type\":\"PropertyValueSpecification\",\"valueRequired\":true,\"valueName\":\"search_term_string\"}}],\"inLanguage\":\"hr\"},{\"@type\":\"Organization\",\"@id\":\"https:\\\/\\\/radioljubuski.ba\\\/#organization\",\"name\":\"Radio Ljubu\u0161ki\",\"url\":\"https:\\\/\\\/radioljubuski.ba\\\/\",\"logo\":{\"@type\":\"ImageObject\",\"inLanguage\":\"hr\",\"@id\":\"https:\\\/\\\/radioljubuski.ba\\\/#\\\/schema\\\/logo\\\/image\\\/\",\"url\":\"https:\\\/\\\/radioljubuski.ba\\\/wp-content\\\/uploads\\\/2021\\\/02\\\/cropped-Radio_Ljubuski_logo1.jpg\",\"contentUrl\":\"https:\\\/\\\/radioljubuski.ba\\\/wp-content\\\/uploads\\\/2021\\\/02\\\/cropped-Radio_Ljubuski_logo1.jpg\",\"width\":512,\"height\":512,\"caption\":\"Radio Ljubu\u0161ki\"},\"image\":{\"@id\":\"https:\\\/\\\/radioljubuski.ba\\\/#\\\/schema\\\/logo\\\/image\\\/\"},\"sameAs\":[\"https:\\\/\\\/www.facebook.com\\\/Radiio-Ljubuski-1490835324566332\",\"https:\\\/\\\/x.com\\\/radioljubuski\",\"https:\\\/\\\/hr.linkedin.com\\\/company\\\/radio-ljubuski\",\"https:\\\/\\\/www.youtube.com\\\/channel\\\/UCHYaeO_n0Db3tjNGudGpXyw\"]},{\"@type\":\"Person\",\"@id\":\"https:\\\/\\\/radioljubuski.ba\\\/#\\\/schema\\\/person\\\/19fc700381a780f69665d7956c469e3b\",\"name\":\"Radio Ljubu\u0161ki\"}]}<\/script>\n<!-- \/ Yoast SEO plugin. -->","yoast_head_json":{"title":"\u2018Mama, ostali smo bez oru\u017eja i hrane. Dali smo sve od sebe, ali vi\u0161e nemamo izbora...\u2018 - RADIO LJUBU\u0160KI","robots":{"index":"index","follow":"follow","max-snippet":"max-snippet:-1","max-image-preview":"max-image-preview:large","max-video-preview":"max-video-preview:-1"},"canonical":"https:\/\/radioljubuski.ba\/index.php\/2022\/04\/13\/mama-ostali-smo-bez-oruzja-i-hrane-dali-smo-sve-od-sebe-ali-vise-nemamo-izbora\/","og_locale":"hr_HR","og_type":"article","og_title":"\u2018Mama, ostali smo bez oru\u017eja i hrane. Dali smo sve od sebe, ali vi\u0161e nemamo izbora...\u2018 - RADIO LJUBU\u0160KI","og_description":"Aiden Aslin (28), britanski vojnik porijeklom iz Newarka, koji se priklju\u010dio ukrajinskim marncima, javio je svojoj obitelji i prijateljima u Britaniji te im poru\u010dio da \u0107e se njegova jedinica predati ruskim snagama jer &#8216;nema drugog izbora&#8217;, prenosi britanski Daily Mail. Nekada\u0161nji njegovatelj preselio se u Ukrajinu 2018. godine nakon \u0161to se zaljubio u \u017eenu iz [&hellip;]","og_url":"https:\/\/radioljubuski.ba\/index.php\/2022\/04\/13\/mama-ostali-smo-bez-oruzja-i-hrane-dali-smo-sve-od-sebe-ali-vise-nemamo-izbora\/","og_site_name":"RADIO LJUBU\u0160KI","article_publisher":"https:\/\/www.facebook.com\/Radiio-Ljubuski-1490835324566332","article_published_time":"2022-04-13T12:05:01+00:00","article_modified_time":"2022-04-13T12:05:03+00:00","og_image":[{"width":1000,"height":625,"url":"https:\/\/radioljubuski.ba\/wp-content\/uploads\/2022\/04\/8-2022-04-12-14-06-26-mariupolj.jpg","type":"image\/jpeg"}],"author":"Radio Ljubu\u0161ki","twitter_card":"summary_large_image","twitter_creator":"@radioljubuski","twitter_site":"@radioljubuski","twitter_misc":{"Napisao\/la":"Radio Ljubu\u0161ki","Procijenjeno vrijeme \u010ditanja":"3 minute"},"schema":{"@context":"https:\/\/schema.org","@graph":[{"@type":"Article","@id":"https:\/\/radioljubuski.ba\/index.php\/2022\/04\/13\/mama-ostali-smo-bez-oruzja-i-hrane-dali-smo-sve-od-sebe-ali-vise-nemamo-izbora\/#article","isPartOf":{"@id":"https:\/\/radioljubuski.ba\/index.php\/2022\/04\/13\/mama-ostali-smo-bez-oruzja-i-hrane-dali-smo-sve-od-sebe-ali-vise-nemamo-izbora\/"},"author":{"name":"Radio Ljubu\u0161ki","@id":"https:\/\/radioljubuski.ba\/#\/schema\/person\/19fc700381a780f69665d7956c469e3b"},"headline":"\u2018Mama, ostali smo bez oru\u017eja i hrane. Dali smo sve od sebe, ali vi\u0161e nemamo izbora&#8230;\u2018","datePublished":"2022-04-13T12:05:01+00:00","dateModified":"2022-04-13T12:05:03+00:00","mainEntityOfPage":{"@id":"https:\/\/radioljubuski.ba\/index.php\/2022\/04\/13\/mama-ostali-smo-bez-oruzja-i-hrane-dali-smo-sve-od-sebe-ali-vise-nemamo-izbora\/"},"wordCount":583,"publisher":{"@id":"https:\/\/radioljubuski.ba\/#organization"},"image":{"@id":"https:\/\/radioljubuski.ba\/index.php\/2022\/04\/13\/mama-ostali-smo-bez-oruzja-i-hrane-dali-smo-sve-od-sebe-ali-vise-nemamo-izbora\/#primaryimage"},"thumbnailUrl":"https:\/\/radioljubuski.ba\/wp-content\/uploads\/2022\/04\/8-2022-04-12-14-06-26-mariupolj.jpg","articleSection":["BIH i regija"],"inLanguage":"hr"},{"@type":"WebPage","@id":"https:\/\/radioljubuski.ba\/index.php\/2022\/04\/13\/mama-ostali-smo-bez-oruzja-i-hrane-dali-smo-sve-od-sebe-ali-vise-nemamo-izbora\/","url":"https:\/\/radioljubuski.ba\/index.php\/2022\/04\/13\/mama-ostali-smo-bez-oruzja-i-hrane-dali-smo-sve-od-sebe-ali-vise-nemamo-izbora\/","name":"\u2018Mama, ostali smo bez oru\u017eja i hrane. Dali smo sve od sebe, ali vi\u0161e nemamo izbora...\u2018 - RADIO LJUBU\u0160KI","isPartOf":{"@id":"https:\/\/radioljubuski.ba\/#website"},"primaryImageOfPage":{"@id":"https:\/\/radioljubuski.ba\/index.php\/2022\/04\/13\/mama-ostali-smo-bez-oruzja-i-hrane-dali-smo-sve-od-sebe-ali-vise-nemamo-izbora\/#primaryimage"},"image":{"@id":"https:\/\/radioljubuski.ba\/index.php\/2022\/04\/13\/mama-ostali-smo-bez-oruzja-i-hrane-dali-smo-sve-od-sebe-ali-vise-nemamo-izbora\/#primaryimage"},"thumbnailUrl":"https:\/\/radioljubuski.ba\/wp-content\/uploads\/2022\/04\/8-2022-04-12-14-06-26-mariupolj.jpg","datePublished":"2022-04-13T12:05:01+00:00","dateModified":"2022-04-13T12:05:03+00:00","breadcrumb":{"@id":"https:\/\/radioljubuski.ba\/index.php\/2022\/04\/13\/mama-ostali-smo-bez-oruzja-i-hrane-dali-smo-sve-od-sebe-ali-vise-nemamo-izbora\/#breadcrumb"},"inLanguage":"hr","potentialAction":[{"@type":"ReadAction","target":["https:\/\/radioljubuski.ba\/index.php\/2022\/04\/13\/mama-ostali-smo-bez-oruzja-i-hrane-dali-smo-sve-od-sebe-ali-vise-nemamo-izbora\/"]}]},{"@type":"ImageObject","inLanguage":"hr","@id":"https:\/\/radioljubuski.ba\/index.php\/2022\/04\/13\/mama-ostali-smo-bez-oruzja-i-hrane-dali-smo-sve-od-sebe-ali-vise-nemamo-izbora\/#primaryimage","url":"https:\/\/radioljubuski.ba\/wp-content\/uploads\/2022\/04\/8-2022-04-12-14-06-26-mariupolj.jpg","contentUrl":"https:\/\/radioljubuski.ba\/wp-content\/uploads\/2022\/04\/8-2022-04-12-14-06-26-mariupolj.jpg","width":1000,"height":625},{"@type":"BreadcrumbList","@id":"https:\/\/radioljubuski.ba\/index.php\/2022\/04\/13\/mama-ostali-smo-bez-oruzja-i-hrane-dali-smo-sve-od-sebe-ali-vise-nemamo-izbora\/#breadcrumb","itemListElement":[{"@type":"ListItem","position":1,"name":"Po\u010detna stranica","item":"https:\/\/radioljubuski.ba\/"},{"@type":"ListItem","position":2,"name":"\u2018Mama, ostali smo bez oru\u017eja i hrane. Dali smo sve od sebe, ali vi\u0161e nemamo izbora&#8230;\u2018"}]},{"@type":"WebSite","@id":"https:\/\/radioljubuski.ba\/#website","url":"https:\/\/radioljubuski.ba\/","name":"Radio Ljubu\u0161ki","description":"Sun\u010dana frekvencija Hercegovine","publisher":{"@id":"https:\/\/radioljubuski.ba\/#organization"},"potentialAction":[{"@type":"SearchAction","target":{"@type":"EntryPoint","urlTemplate":"https:\/\/radioljubuski.ba\/?s={search_term_string}"},"query-input":{"@type":"PropertyValueSpecification","valueRequired":true,"valueName":"search_term_string"}}],"inLanguage":"hr"},{"@type":"Organization","@id":"https:\/\/radioljubuski.ba\/#organization","name":"Radio Ljubu\u0161ki","url":"https:\/\/radioljubuski.ba\/","logo":{"@type":"ImageObject","inLanguage":"hr","@id":"https:\/\/radioljubuski.ba\/#\/schema\/logo\/image\/","url":"https:\/\/radioljubuski.ba\/wp-content\/uploads\/2021\/02\/cropped-Radio_Ljubuski_logo1.jpg","contentUrl":"https:\/\/radioljubuski.ba\/wp-content\/uploads\/2021\/02\/cropped-Radio_Ljubuski_logo1.jpg","width":512,"height":512,"caption":"Radio Ljubu\u0161ki"},"image":{"@id":"https:\/\/radioljubuski.ba\/#\/schema\/logo\/image\/"},"sameAs":["https:\/\/www.facebook.com\/Radiio-Ljubuski-1490835324566332","https:\/\/x.com\/radioljubuski","https:\/\/hr.linkedin.com\/company\/radio-ljubuski","https:\/\/www.youtube.com\/channel\/UCHYaeO_n0Db3tjNGudGpXyw"]},{"@type":"Person","@id":"https:\/\/radioljubuski.ba\/#\/schema\/person\/19fc700381a780f69665d7956c469e3b","name":"Radio Ljubu\u0161ki"}]}},"_links":{"self":[{"href":"https:\/\/radioljubuski.ba\/index.php\/wp-json\/wp\/v2\/posts\/131952","targetHints":{"allow":["GET"]}}],"collection":[{"href":"https:\/\/radioljubuski.ba\/index.php\/wp-json\/wp\/v2\/posts"}],"about":[{"href":"https:\/\/radioljubuski.ba\/index.php\/wp-json\/wp\/v2\/types\/post"}],"author":[{"embeddable":true,"href":"https:\/\/radioljubuski.ba\/index.php\/wp-json\/wp\/v2\/users\/2"}],"replies":[{"embeddable":true,"href":"https:\/\/radioljubuski.ba\/index.php\/wp-json\/wp\/v2\/comments?post=131952"}],"version-history":[{"count":1,"href":"https:\/\/radioljubuski.ba\/index.php\/wp-json\/wp\/v2\/posts\/131952\/revisions"}],"predecessor-version":[{"id":131954,"href":"https:\/\/radioljubuski.ba\/index.php\/wp-json\/wp\/v2\/posts\/131952\/revisions\/131954"}],"wp:featuredmedia":[{"embeddable":true,"href":"https:\/\/radioljubuski.ba\/index.php\/wp-json\/wp\/v2\/media\/131953"}],"wp:attachment":[{"href":"https:\/\/radioljubuski.ba\/index.php\/wp-json\/wp\/v2\/media?parent=131952"}],"wp:term":[{"taxonomy":"category","embeddable":true,"href":"https:\/\/radioljubuski.ba\/index.php\/wp-json\/wp\/v2\/categories?post=131952"},{"taxonomy":"post_tag","embeddable":true,"href":"https:\/\/radioljubuski.ba\/index.php\/wp-json\/wp\/v2\/tags?post=131952"}],"curies":[{"name":"wp","href":"https:\/\/api.w.org\/{rel}","templated":true}]}}