{"id":131964,"date":"2022-04-13T13:11:00","date_gmt":"2022-04-13T12:11:00","guid":{"rendered":"https:\/\/radioljubuski.ba\/?p=131964"},"modified":"2022-04-16T14:30:20","modified_gmt":"2022-04-16T13:30:20","slug":"civilna-zastita-zzh-potpisani-ugovori-o-medusobnim-pravima-i-obvezama-s-vatrogascima-iz-dobrovoljnih-drustava-i-radioamaterima","status":"publish","type":"post","link":"https:\/\/radioljubuski.ba\/index.php\/2022\/04\/13\/civilna-zastita-zzh-potpisani-ugovori-o-medusobnim-pravima-i-obvezama-s-vatrogascima-iz-dobrovoljnih-drustava-i-radioamaterima\/","title":{"rendered":"Civilna za\u0161tita \u017dZH: Potpisani ugovori o me\u0111usobnim pravima i obvezama s vatrogascima iz dobrovoljnih dru\u0161tava i radioamaterima"},"content":{"rendered":"\n<p>U sjedi\u0161tu Uprave civilne za\u0161tite \u017dupanije Zapadnohercegova\u010dke u Grudama su potpisani ugovori o me\u0111usobnim pravima i obvezama izme\u0111u Uprave civilne za\u0161tite \u017dupanije Zapadnohercegova\u010dke s vatrogascima iz dobrovoljnih vatrogasnih dru\u0161tava i radioamaterima.<\/p>\n\n\n\n<p>Sukladno \u010dlanku 18. Uredbe o organiziranju slu\u017ebi za\u0161tite i spa\u0161avanja u \u017dupaniji Zapadnohercegova\u010dkoj ugovor o me\u0111usobnim pravima i obvezama su potpisali dr. sc. Drago Martinovi\u0107 ravnatelj Uprave civilne za\u0161tite \u017dupanije Zapadnohercegova\u010dke i Slaven Gali\u0107 predsjednik Skup\u0161tine Zajednice radioamatera Herceg-Bosne.<\/p>\n\n\n\n<p>Drugi ugovor je potpisan izme\u0111u dr. sc. Drage Martinovi\u0107a ravnatelja Uprave civilne za\u0161tite \u017dupanije Zapadnohercegova\u010dke s jedne strane i Darka Parad\u017eika predsjednika DVD-a Gorica, Ive Sli\u0161kovi\u0107a predsjednika DVD-a Mokro, Tonija Mikuli\u0107a predsjednika DVD-a Ko\u010derin Ante Mihalja predsjednika DVD-a Rakitno i Nikole Kordi\u0107a predsjednika DVD-a Tihaljina s druge strane.<\/p>\n\n\n\n<p>Ugovorima su utvr\u0111ena me\u0111usobna prava i obveze Uprave civilne za\u0161tite \u017dupanije Zapadnohercegova\u010dke i Zajednice radioamatera Herceg-Bosne, te Uprave civilne za\u0161tite \u017dupanije Zapadnohercegova\u010dke i dobrovoljnih vatrogasnih dru\u0161tava Gorica, Mokro, Ko\u010derin, Rakitno i Tihaljina<\/p>\n\n\n\n<p>Izvor:pogled.ba<\/p>\n","protected":false},"excerpt":{"rendered":"<p>U sjedi\u0161tu Uprave civilne za\u0161tite \u017dupanije Zapadnohercegova\u010dke u Grudama su potpisani ugovori o me\u0111usobnim pravima i obvezama izme\u0111u Uprave civilne za\u0161tite \u017dupanije Zapadnohercegova\u010dke s vatrogascima iz dobrovoljnih vatrogasnih dru\u0161tava i radioamaterima. Sukladno \u010dlanku 18. Uredbe o organiziranju slu\u017ebi za\u0161tite i spa\u0161avanja u \u017dupaniji Zapadnohercegova\u010dkoj ugovor o me\u0111usobnim pravima i obvezama su potpisali dr. sc. Drago [&hellip;]<\/p>\n","protected":false},"author":2,"featured_media":131965,"comment_status":"closed","ping_status":"closed","sticky":false,"template":"","format":"standard","meta":{"h5ap_radio_sources":[],"footnotes":""},"categories":[1],"tags":[],"class_list":["post-131964","post","type-post","status-publish","format-standard","has-post-thumbnail","hentry","category-bihiregija"],"yoast_head":"<!-- This site is optimized with the Yoast SEO plugin v27.5 - https:\/\/yoast.com\/product\/yoast-seo-wordpress\/ -->\n<title>Civilna za\u0161tita \u017dZH: Potpisani ugovori o me\u0111usobnim pravima i obvezama s vatrogascima iz dobrovoljnih dru\u0161tava i radioamaterima - RADIO LJUBU\u0160KI<\/title>\n<meta name=\"robots\" content=\"index, follow, max-snippet:-1, max-image-preview:large, max-video-preview:-1\" \/>\n<link rel=\"canonical\" href=\"https:\/\/radioljubuski.ba\/index.php\/2022\/04\/13\/civilna-zastita-zzh-potpisani-ugovori-o-medusobnim-pravima-i-obvezama-s-vatrogascima-iz-dobrovoljnih-drustava-i-radioamaterima\/\" \/>\n<meta property=\"og:locale\" content=\"hr_HR\" \/>\n<meta property=\"og:type\" content=\"article\" \/>\n<meta property=\"og:title\" content=\"Civilna za\u0161tita \u017dZH: Potpisani ugovori o me\u0111usobnim pravima i obvezama s vatrogascima iz dobrovoljnih dru\u0161tava i radioamaterima - RADIO LJUBU\u0160KI\" \/>\n<meta property=\"og:description\" content=\"U sjedi\u0161tu Uprave civilne za\u0161tite \u017dupanije Zapadnohercegova\u010dke u Grudama su potpisani ugovori o me\u0111usobnim pravima i obvezama izme\u0111u Uprave civilne za\u0161tite \u017dupanije Zapadnohercegova\u010dke s vatrogascima iz dobrovoljnih vatrogasnih dru\u0161tava i radioamaterima. Sukladno \u010dlanku 18. Uredbe o organiziranju slu\u017ebi za\u0161tite i spa\u0161avanja u \u017dupaniji Zapadnohercegova\u010dkoj ugovor o me\u0111usobnim pravima i obvezama su potpisali dr. sc. Drago [&hellip;]\" \/>\n<meta property=\"og:url\" content=\"https:\/\/radioljubuski.ba\/index.php\/2022\/04\/13\/civilna-zastita-zzh-potpisani-ugovori-o-medusobnim-pravima-i-obvezama-s-vatrogascima-iz-dobrovoljnih-drustava-i-radioamaterima\/\" \/>\n<meta property=\"og:site_name\" content=\"RADIO LJUBU\u0160KI\" \/>\n<meta property=\"article:publisher\" content=\"https:\/\/www.facebook.com\/Radiio-Ljubuski-1490835324566332\" \/>\n<meta property=\"article:published_time\" content=\"2022-04-13T12:11:00+00:00\" \/>\n<meta property=\"article:modified_time\" content=\"2022-04-16T13:30:20+00:00\" \/>\n<meta property=\"og:image\" content=\"https:\/\/radioljubuski.ba\/wp-content\/uploads\/2022\/04\/8-2022-04-12-14-44-53-ugovor.jpg\" \/>\n\t<meta property=\"og:image:width\" content=\"1000\" \/>\n\t<meta property=\"og:image:height\" content=\"625\" \/>\n\t<meta property=\"og:image:type\" content=\"image\/jpeg\" \/>\n<meta name=\"author\" content=\"Radio Ljubu\u0161ki\" \/>\n<meta name=\"twitter:card\" content=\"summary_large_image\" \/>\n<meta name=\"twitter:creator\" content=\"@radioljubuski\" \/>\n<meta name=\"twitter:site\" content=\"@radioljubuski\" \/>\n<meta name=\"twitter:label1\" content=\"Napisao\/la\" \/>\n\t<meta name=\"twitter:data1\" content=\"Radio Ljubu\u0161ki\" \/>\n\t<meta name=\"twitter:label2\" content=\"Procijenjeno vrijeme \u010ditanja\" \/>\n\t<meta name=\"twitter:data2\" content=\"1 minuta\" \/>\n<script type=\"application\/ld+json\" class=\"yoast-schema-graph\">{\"@context\":\"https:\\\/\\\/schema.org\",\"@graph\":[{\"@type\":\"Article\",\"@id\":\"https:\\\/\\\/radioljubuski.ba\\\/index.php\\\/2022\\\/04\\\/13\\\/civilna-zastita-zzh-potpisani-ugovori-o-medusobnim-pravima-i-obvezama-s-vatrogascima-iz-dobrovoljnih-drustava-i-radioamaterima\\\/#article\",\"isPartOf\":{\"@id\":\"https:\\\/\\\/radioljubuski.ba\\\/index.php\\\/2022\\\/04\\\/13\\\/civilna-zastita-zzh-potpisani-ugovori-o-medusobnim-pravima-i-obvezama-s-vatrogascima-iz-dobrovoljnih-drustava-i-radioamaterima\\\/\"},\"author\":{\"name\":\"Radio Ljubu\u0161ki\",\"@id\":\"https:\\\/\\\/radioljubuski.ba\\\/#\\\/schema\\\/person\\\/19fc700381a780f69665d7956c469e3b\"},\"headline\":\"Civilna za\u0161tita \u017dZH: Potpisani ugovori o me\u0111usobnim pravima i obvezama s vatrogascima iz dobrovoljnih dru\u0161tava i radioamaterima\",\"datePublished\":\"2022-04-13T12:11:00+00:00\",\"dateModified\":\"2022-04-16T13:30:20+00:00\",\"mainEntityOfPage\":{\"@id\":\"https:\\\/\\\/radioljubuski.ba\\\/index.php\\\/2022\\\/04\\\/13\\\/civilna-zastita-zzh-potpisani-ugovori-o-medusobnim-pravima-i-obvezama-s-vatrogascima-iz-dobrovoljnih-drustava-i-radioamaterima\\\/\"},\"wordCount\":206,\"publisher\":{\"@id\":\"https:\\\/\\\/radioljubuski.ba\\\/#organization\"},\"image\":{\"@id\":\"https:\\\/\\\/radioljubuski.ba\\\/index.php\\\/2022\\\/04\\\/13\\\/civilna-zastita-zzh-potpisani-ugovori-o-medusobnim-pravima-i-obvezama-s-vatrogascima-iz-dobrovoljnih-drustava-i-radioamaterima\\\/#primaryimage\"},\"thumbnailUrl\":\"https:\\\/\\\/radioljubuski.ba\\\/wp-content\\\/uploads\\\/2022\\\/04\\\/8-2022-04-12-14-44-53-ugovor.jpg\",\"articleSection\":[\"BIH i regija\"],\"inLanguage\":\"hr\"},{\"@type\":\"WebPage\",\"@id\":\"https:\\\/\\\/radioljubuski.ba\\\/index.php\\\/2022\\\/04\\\/13\\\/civilna-zastita-zzh-potpisani-ugovori-o-medusobnim-pravima-i-obvezama-s-vatrogascima-iz-dobrovoljnih-drustava-i-radioamaterima\\\/\",\"url\":\"https:\\\/\\\/radioljubuski.ba\\\/index.php\\\/2022\\\/04\\\/13\\\/civilna-zastita-zzh-potpisani-ugovori-o-medusobnim-pravima-i-obvezama-s-vatrogascima-iz-dobrovoljnih-drustava-i-radioamaterima\\\/\",\"name\":\"Civilna za\u0161tita \u017dZH: Potpisani ugovori o me\u0111usobnim pravima i obvezama s vatrogascima iz dobrovoljnih dru\u0161tava i radioamaterima - RADIO LJUBU\u0160KI\",\"isPartOf\":{\"@id\":\"https:\\\/\\\/radioljubuski.ba\\\/#website\"},\"primaryImageOfPage\":{\"@id\":\"https:\\\/\\\/radioljubuski.ba\\\/index.php\\\/2022\\\/04\\\/13\\\/civilna-zastita-zzh-potpisani-ugovori-o-medusobnim-pravima-i-obvezama-s-vatrogascima-iz-dobrovoljnih-drustava-i-radioamaterima\\\/#primaryimage\"},\"image\":{\"@id\":\"https:\\\/\\\/radioljubuski.ba\\\/index.php\\\/2022\\\/04\\\/13\\\/civilna-zastita-zzh-potpisani-ugovori-o-medusobnim-pravima-i-obvezama-s-vatrogascima-iz-dobrovoljnih-drustava-i-radioamaterima\\\/#primaryimage\"},\"thumbnailUrl\":\"https:\\\/\\\/radioljubuski.ba\\\/wp-content\\\/uploads\\\/2022\\\/04\\\/8-2022-04-12-14-44-53-ugovor.jpg\",\"datePublished\":\"2022-04-13T12:11:00+00:00\",\"dateModified\":\"2022-04-16T13:30:20+00:00\",\"breadcrumb\":{\"@id\":\"https:\\\/\\\/radioljubuski.ba\\\/index.php\\\/2022\\\/04\\\/13\\\/civilna-zastita-zzh-potpisani-ugovori-o-medusobnim-pravima-i-obvezama-s-vatrogascima-iz-dobrovoljnih-drustava-i-radioamaterima\\\/#breadcrumb\"},\"inLanguage\":\"hr\",\"potentialAction\":[{\"@type\":\"ReadAction\",\"target\":[\"https:\\\/\\\/radioljubuski.ba\\\/index.php\\\/2022\\\/04\\\/13\\\/civilna-zastita-zzh-potpisani-ugovori-o-medusobnim-pravima-i-obvezama-s-vatrogascima-iz-dobrovoljnih-drustava-i-radioamaterima\\\/\"]}]},{\"@type\":\"ImageObject\",\"inLanguage\":\"hr\",\"@id\":\"https:\\\/\\\/radioljubuski.ba\\\/index.php\\\/2022\\\/04\\\/13\\\/civilna-zastita-zzh-potpisani-ugovori-o-medusobnim-pravima-i-obvezama-s-vatrogascima-iz-dobrovoljnih-drustava-i-radioamaterima\\\/#primaryimage\",\"url\":\"https:\\\/\\\/radioljubuski.ba\\\/wp-content\\\/uploads\\\/2022\\\/04\\\/8-2022-04-12-14-44-53-ugovor.jpg\",\"contentUrl\":\"https:\\\/\\\/radioljubuski.ba\\\/wp-content\\\/uploads\\\/2022\\\/04\\\/8-2022-04-12-14-44-53-ugovor.jpg\",\"width\":1000,\"height\":625},{\"@type\":\"BreadcrumbList\",\"@id\":\"https:\\\/\\\/radioljubuski.ba\\\/index.php\\\/2022\\\/04\\\/13\\\/civilna-zastita-zzh-potpisani-ugovori-o-medusobnim-pravima-i-obvezama-s-vatrogascima-iz-dobrovoljnih-drustava-i-radioamaterima\\\/#breadcrumb\",\"itemListElement\":[{\"@type\":\"ListItem\",\"position\":1,\"name\":\"Po\u010detna stranica\",\"item\":\"https:\\\/\\\/radioljubuski.ba\\\/\"},{\"@type\":\"ListItem\",\"position\":2,\"name\":\"Civilna za\u0161tita \u017dZH: Potpisani ugovori o me\u0111usobnim pravima i obvezama s vatrogascima iz dobrovoljnih dru\u0161tava i radioamaterima\"}]},{\"@type\":\"WebSite\",\"@id\":\"https:\\\/\\\/radioljubuski.ba\\\/#website\",\"url\":\"https:\\\/\\\/radioljubuski.ba\\\/\",\"name\":\"Radio Ljubu\u0161ki\",\"description\":\"Sun\u010dana frekvencija Hercegovine\",\"publisher\":{\"@id\":\"https:\\\/\\\/radioljubuski.ba\\\/#organization\"},\"potentialAction\":[{\"@type\":\"SearchAction\",\"target\":{\"@type\":\"EntryPoint\",\"urlTemplate\":\"https:\\\/\\\/radioljubuski.ba\\\/?s={search_term_string}\"},\"query-input\":{\"@type\":\"PropertyValueSpecification\",\"valueRequired\":true,\"valueName\":\"search_term_string\"}}],\"inLanguage\":\"hr\"},{\"@type\":\"Organization\",\"@id\":\"https:\\\/\\\/radioljubuski.ba\\\/#organization\",\"name\":\"Radio Ljubu\u0161ki\",\"url\":\"https:\\\/\\\/radioljubuski.ba\\\/\",\"logo\":{\"@type\":\"ImageObject\",\"inLanguage\":\"hr\",\"@id\":\"https:\\\/\\\/radioljubuski.ba\\\/#\\\/schema\\\/logo\\\/image\\\/\",\"url\":\"https:\\\/\\\/radioljubuski.ba\\\/wp-content\\\/uploads\\\/2021\\\/02\\\/cropped-Radio_Ljubuski_logo1.jpg\",\"contentUrl\":\"https:\\\/\\\/radioljubuski.ba\\\/wp-content\\\/uploads\\\/2021\\\/02\\\/cropped-Radio_Ljubuski_logo1.jpg\",\"width\":512,\"height\":512,\"caption\":\"Radio Ljubu\u0161ki\"},\"image\":{\"@id\":\"https:\\\/\\\/radioljubuski.ba\\\/#\\\/schema\\\/logo\\\/image\\\/\"},\"sameAs\":[\"https:\\\/\\\/www.facebook.com\\\/Radiio-Ljubuski-1490835324566332\",\"https:\\\/\\\/x.com\\\/radioljubuski\",\"https:\\\/\\\/hr.linkedin.com\\\/company\\\/radio-ljubuski\",\"https:\\\/\\\/www.youtube.com\\\/channel\\\/UCHYaeO_n0Db3tjNGudGpXyw\"]},{\"@type\":\"Person\",\"@id\":\"https:\\\/\\\/radioljubuski.ba\\\/#\\\/schema\\\/person\\\/19fc700381a780f69665d7956c469e3b\",\"name\":\"Radio Ljubu\u0161ki\"}]}<\/script>\n<!-- \/ Yoast SEO plugin. -->","yoast_head_json":{"title":"Civilna za\u0161tita \u017dZH: Potpisani ugovori o me\u0111usobnim pravima i obvezama s vatrogascima iz dobrovoljnih dru\u0161tava i radioamaterima - RADIO LJUBU\u0160KI","robots":{"index":"index","follow":"follow","max-snippet":"max-snippet:-1","max-image-preview":"max-image-preview:large","max-video-preview":"max-video-preview:-1"},"canonical":"https:\/\/radioljubuski.ba\/index.php\/2022\/04\/13\/civilna-zastita-zzh-potpisani-ugovori-o-medusobnim-pravima-i-obvezama-s-vatrogascima-iz-dobrovoljnih-drustava-i-radioamaterima\/","og_locale":"hr_HR","og_type":"article","og_title":"Civilna za\u0161tita \u017dZH: Potpisani ugovori o me\u0111usobnim pravima i obvezama s vatrogascima iz dobrovoljnih dru\u0161tava i radioamaterima - RADIO LJUBU\u0160KI","og_description":"U sjedi\u0161tu Uprave civilne za\u0161tite \u017dupanije Zapadnohercegova\u010dke u Grudama su potpisani ugovori o me\u0111usobnim pravima i obvezama izme\u0111u Uprave civilne za\u0161tite \u017dupanije Zapadnohercegova\u010dke s vatrogascima iz dobrovoljnih vatrogasnih dru\u0161tava i radioamaterima. Sukladno \u010dlanku 18. Uredbe o organiziranju slu\u017ebi za\u0161tite i spa\u0161avanja u \u017dupaniji Zapadnohercegova\u010dkoj ugovor o me\u0111usobnim pravima i obvezama su potpisali dr. sc. Drago [&hellip;]","og_url":"https:\/\/radioljubuski.ba\/index.php\/2022\/04\/13\/civilna-zastita-zzh-potpisani-ugovori-o-medusobnim-pravima-i-obvezama-s-vatrogascima-iz-dobrovoljnih-drustava-i-radioamaterima\/","og_site_name":"RADIO LJUBU\u0160KI","article_publisher":"https:\/\/www.facebook.com\/Radiio-Ljubuski-1490835324566332","article_published_time":"2022-04-13T12:11:00+00:00","article_modified_time":"2022-04-16T13:30:20+00:00","og_image":[{"width":1000,"height":625,"url":"https:\/\/radioljubuski.ba\/wp-content\/uploads\/2022\/04\/8-2022-04-12-14-44-53-ugovor.jpg","type":"image\/jpeg"}],"author":"Radio Ljubu\u0161ki","twitter_card":"summary_large_image","twitter_creator":"@radioljubuski","twitter_site":"@radioljubuski","twitter_misc":{"Napisao\/la":"Radio Ljubu\u0161ki","Procijenjeno vrijeme \u010ditanja":"1 minuta"},"schema":{"@context":"https:\/\/schema.org","@graph":[{"@type":"Article","@id":"https:\/\/radioljubuski.ba\/index.php\/2022\/04\/13\/civilna-zastita-zzh-potpisani-ugovori-o-medusobnim-pravima-i-obvezama-s-vatrogascima-iz-dobrovoljnih-drustava-i-radioamaterima\/#article","isPartOf":{"@id":"https:\/\/radioljubuski.ba\/index.php\/2022\/04\/13\/civilna-zastita-zzh-potpisani-ugovori-o-medusobnim-pravima-i-obvezama-s-vatrogascima-iz-dobrovoljnih-drustava-i-radioamaterima\/"},"author":{"name":"Radio Ljubu\u0161ki","@id":"https:\/\/radioljubuski.ba\/#\/schema\/person\/19fc700381a780f69665d7956c469e3b"},"headline":"Civilna za\u0161tita \u017dZH: Potpisani ugovori o me\u0111usobnim pravima i obvezama s vatrogascima iz dobrovoljnih dru\u0161tava i radioamaterima","datePublished":"2022-04-13T12:11:00+00:00","dateModified":"2022-04-16T13:30:20+00:00","mainEntityOfPage":{"@id":"https:\/\/radioljubuski.ba\/index.php\/2022\/04\/13\/civilna-zastita-zzh-potpisani-ugovori-o-medusobnim-pravima-i-obvezama-s-vatrogascima-iz-dobrovoljnih-drustava-i-radioamaterima\/"},"wordCount":206,"publisher":{"@id":"https:\/\/radioljubuski.ba\/#organization"},"image":{"@id":"https:\/\/radioljubuski.ba\/index.php\/2022\/04\/13\/civilna-zastita-zzh-potpisani-ugovori-o-medusobnim-pravima-i-obvezama-s-vatrogascima-iz-dobrovoljnih-drustava-i-radioamaterima\/#primaryimage"},"thumbnailUrl":"https:\/\/radioljubuski.ba\/wp-content\/uploads\/2022\/04\/8-2022-04-12-14-44-53-ugovor.jpg","articleSection":["BIH i regija"],"inLanguage":"hr"},{"@type":"WebPage","@id":"https:\/\/radioljubuski.ba\/index.php\/2022\/04\/13\/civilna-zastita-zzh-potpisani-ugovori-o-medusobnim-pravima-i-obvezama-s-vatrogascima-iz-dobrovoljnih-drustava-i-radioamaterima\/","url":"https:\/\/radioljubuski.ba\/index.php\/2022\/04\/13\/civilna-zastita-zzh-potpisani-ugovori-o-medusobnim-pravima-i-obvezama-s-vatrogascima-iz-dobrovoljnih-drustava-i-radioamaterima\/","name":"Civilna za\u0161tita \u017dZH: Potpisani ugovori o me\u0111usobnim pravima i obvezama s vatrogascima iz dobrovoljnih dru\u0161tava i radioamaterima - RADIO LJUBU\u0160KI","isPartOf":{"@id":"https:\/\/radioljubuski.ba\/#website"},"primaryImageOfPage":{"@id":"https:\/\/radioljubuski.ba\/index.php\/2022\/04\/13\/civilna-zastita-zzh-potpisani-ugovori-o-medusobnim-pravima-i-obvezama-s-vatrogascima-iz-dobrovoljnih-drustava-i-radioamaterima\/#primaryimage"},"image":{"@id":"https:\/\/radioljubuski.ba\/index.php\/2022\/04\/13\/civilna-zastita-zzh-potpisani-ugovori-o-medusobnim-pravima-i-obvezama-s-vatrogascima-iz-dobrovoljnih-drustava-i-radioamaterima\/#primaryimage"},"thumbnailUrl":"https:\/\/radioljubuski.ba\/wp-content\/uploads\/2022\/04\/8-2022-04-12-14-44-53-ugovor.jpg","datePublished":"2022-04-13T12:11:00+00:00","dateModified":"2022-04-16T13:30:20+00:00","breadcrumb":{"@id":"https:\/\/radioljubuski.ba\/index.php\/2022\/04\/13\/civilna-zastita-zzh-potpisani-ugovori-o-medusobnim-pravima-i-obvezama-s-vatrogascima-iz-dobrovoljnih-drustava-i-radioamaterima\/#breadcrumb"},"inLanguage":"hr","potentialAction":[{"@type":"ReadAction","target":["https:\/\/radioljubuski.ba\/index.php\/2022\/04\/13\/civilna-zastita-zzh-potpisani-ugovori-o-medusobnim-pravima-i-obvezama-s-vatrogascima-iz-dobrovoljnih-drustava-i-radioamaterima\/"]}]},{"@type":"ImageObject","inLanguage":"hr","@id":"https:\/\/radioljubuski.ba\/index.php\/2022\/04\/13\/civilna-zastita-zzh-potpisani-ugovori-o-medusobnim-pravima-i-obvezama-s-vatrogascima-iz-dobrovoljnih-drustava-i-radioamaterima\/#primaryimage","url":"https:\/\/radioljubuski.ba\/wp-content\/uploads\/2022\/04\/8-2022-04-12-14-44-53-ugovor.jpg","contentUrl":"https:\/\/radioljubuski.ba\/wp-content\/uploads\/2022\/04\/8-2022-04-12-14-44-53-ugovor.jpg","width":1000,"height":625},{"@type":"BreadcrumbList","@id":"https:\/\/radioljubuski.ba\/index.php\/2022\/04\/13\/civilna-zastita-zzh-potpisani-ugovori-o-medusobnim-pravima-i-obvezama-s-vatrogascima-iz-dobrovoljnih-drustava-i-radioamaterima\/#breadcrumb","itemListElement":[{"@type":"ListItem","position":1,"name":"Po\u010detna stranica","item":"https:\/\/radioljubuski.ba\/"},{"@type":"ListItem","position":2,"name":"Civilna za\u0161tita \u017dZH: Potpisani ugovori o me\u0111usobnim pravima i obvezama s vatrogascima iz dobrovoljnih dru\u0161tava i radioamaterima"}]},{"@type":"WebSite","@id":"https:\/\/radioljubuski.ba\/#website","url":"https:\/\/radioljubuski.ba\/","name":"Radio Ljubu\u0161ki","description":"Sun\u010dana frekvencija Hercegovine","publisher":{"@id":"https:\/\/radioljubuski.ba\/#organization"},"potentialAction":[{"@type":"SearchAction","target":{"@type":"EntryPoint","urlTemplate":"https:\/\/radioljubuski.ba\/?s={search_term_string}"},"query-input":{"@type":"PropertyValueSpecification","valueRequired":true,"valueName":"search_term_string"}}],"inLanguage":"hr"},{"@type":"Organization","@id":"https:\/\/radioljubuski.ba\/#organization","name":"Radio Ljubu\u0161ki","url":"https:\/\/radioljubuski.ba\/","logo":{"@type":"ImageObject","inLanguage":"hr","@id":"https:\/\/radioljubuski.ba\/#\/schema\/logo\/image\/","url":"https:\/\/radioljubuski.ba\/wp-content\/uploads\/2021\/02\/cropped-Radio_Ljubuski_logo1.jpg","contentUrl":"https:\/\/radioljubuski.ba\/wp-content\/uploads\/2021\/02\/cropped-Radio_Ljubuski_logo1.jpg","width":512,"height":512,"caption":"Radio Ljubu\u0161ki"},"image":{"@id":"https:\/\/radioljubuski.ba\/#\/schema\/logo\/image\/"},"sameAs":["https:\/\/www.facebook.com\/Radiio-Ljubuski-1490835324566332","https:\/\/x.com\/radioljubuski","https:\/\/hr.linkedin.com\/company\/radio-ljubuski","https:\/\/www.youtube.com\/channel\/UCHYaeO_n0Db3tjNGudGpXyw"]},{"@type":"Person","@id":"https:\/\/radioljubuski.ba\/#\/schema\/person\/19fc700381a780f69665d7956c469e3b","name":"Radio Ljubu\u0161ki"}]}},"_links":{"self":[{"href":"https:\/\/radioljubuski.ba\/index.php\/wp-json\/wp\/v2\/posts\/131964","targetHints":{"allow":["GET"]}}],"collection":[{"href":"https:\/\/radioljubuski.ba\/index.php\/wp-json\/wp\/v2\/posts"}],"about":[{"href":"https:\/\/radioljubuski.ba\/index.php\/wp-json\/wp\/v2\/types\/post"}],"author":[{"embeddable":true,"href":"https:\/\/radioljubuski.ba\/index.php\/wp-json\/wp\/v2\/users\/2"}],"replies":[{"embeddable":true,"href":"https:\/\/radioljubuski.ba\/index.php\/wp-json\/wp\/v2\/comments?post=131964"}],"version-history":[{"count":1,"href":"https:\/\/radioljubuski.ba\/index.php\/wp-json\/wp\/v2\/posts\/131964\/revisions"}],"predecessor-version":[{"id":131966,"href":"https:\/\/radioljubuski.ba\/index.php\/wp-json\/wp\/v2\/posts\/131964\/revisions\/131966"}],"wp:featuredmedia":[{"embeddable":true,"href":"https:\/\/radioljubuski.ba\/index.php\/wp-json\/wp\/v2\/media\/131965"}],"wp:attachment":[{"href":"https:\/\/radioljubuski.ba\/index.php\/wp-json\/wp\/v2\/media?parent=131964"}],"wp:term":[{"taxonomy":"category","embeddable":true,"href":"https:\/\/radioljubuski.ba\/index.php\/wp-json\/wp\/v2\/categories?post=131964"},{"taxonomy":"post_tag","embeddable":true,"href":"https:\/\/radioljubuski.ba\/index.php\/wp-json\/wp\/v2\/tags?post=131964"}],"curies":[{"name":"wp","href":"https:\/\/api.w.org\/{rel}","templated":true}]}}