{"id":131967,"date":"2022-04-13T13:12:19","date_gmt":"2022-04-13T12:12:19","guid":{"rendered":"https:\/\/radioljubuski.ba\/?p=131967"},"modified":"2022-04-13T13:12:20","modified_gmt":"2022-04-13T12:12:20","slug":"bevanda-i-naessl-potpisali-dva-ugovora-o-zajmu-ukupne-vrijednosti-235-milijuna-eura","status":"publish","type":"post","link":"https:\/\/radioljubuski.ba\/index.php\/2022\/04\/13\/bevanda-i-naessl-potpisali-dva-ugovora-o-zajmu-ukupne-vrijednosti-235-milijuna-eura\/","title":{"rendered":"Bevanda i Naessl potpisali dva ugovora o zajmu ukupne vrijednosti 23,5 milijuna eura"},"content":{"rendered":"\n<p>Zamjenik predsjedavaju\u0107eg Vije\u0107a ministara Bosne i Hercegovine i ministar financija i trezora Vjekoslav Bevanda i direktorica Ureda Europske banke za obnovu i razvoj (EBRD) u BiH Manuela Naessl potpisali su ju\u010der dva ugovora o zajmu ukupne vrijednosti 23,5 &nbsp;milijuna eura.<\/p>\n\n\n\n<p>Ceremoniji potpisivanja prisustvovali su Mark Bowman, potpredsjednik EBRD-a, te Leander Treppel, direktor Konstituence EBRD-a \u010dija je \u010dlanica i BiH.<\/p>\n\n\n\n<p>Ministar Bevanda, koji je i guverner BiH u EBRD-u, zahvalio je na posjeti delegaciji ove banke te naglasio da su ovi ugovori posebno zna\u010dajni za stanovni\u0161tvo Br\u010dko distrikta BiH i Sarajeva.<\/p>\n\n\n\n<p>&#8211; Danas je potpisan ugovor u vrijednosti 6,5 milijuna eura za pobolj\u0161anje vodoopskrbe na podru\u010dju Br\u010dkog i drugi ugovor u vrijednosti 17 milijuna eura za nabavku pet tramvaja i izgradnju zgrade centra za upravljanje prometom u Sarajevu &#8211; naglasio je ministar Bevanda.<\/p>\n\n\n\n<p>Tokom svog obra\u0107anja ministar Bevanda je istaknuo kako su oba projekta zna\u010dajna i s aspekta za\u0161tite okoli\u0161a, ali i pobolj\u0161anja uvjeta \u017eivota stanovni\u0161tva u BiH.<\/p>\n\n\n\n<p>&#8211; Zadovoljan sam nastavkom suradnje s EBRD-om i aktiviranjem novih projekata koji izravno utje\u010du na kvalitetu \u017eivota stanovnika. O\u010dekujem da \u0107e lokalne vlasti u Br\u010dko distriktu i Sarajevskoj \u017eupaniji ispuniti sve \u0161to je do njih da se projekti realiziraju u roku od tri godine kako je ugovorima predvi\u0111eno &#8211; rekao je ministar Bevanda. &nbsp;&nbsp;<\/p>\n\n\n\n<p>Nagla\u0161eno je da su oba zajma ugovorena pod povoljnim uvjetima uz grejs period od tri godine i otplatu u roku 15 godina, dok \u0107e dug za jedan ugovor biti alociran na Br\u010dko distrikt BiH, a drugi na Federaciju BiH, odnosno Vladu Sarajevskog kantona.<\/p>\n\n\n\n<p>Sagovornici su se slo\u017eili da postoji obostrani interes za unapre\u0111enje saradnje te istaknuli da je EBRD jedan od najve\u0107ih institucionalnih investitora u Bosni i Hercegovini. &nbsp;<\/p>\n\n\n\n<p>Nakon potpisivanja ugovora odr\u017ean je sastanak s delegacijom EBRD-a gdje se govorilo o novoj strategiji za BiH u razdoblju 2022-2027. godina i prioritetima koje sadr\u017ei, poput ja\u010danja privatnog sektora, energetske efikasnosti i kapaciteta obnovljivih izvora energije te o nastavku infrastrukturnih projekata i otvaranju mogu\u0107nosti za ve\u0107i broja novih radnih mjesta, priop\u0107eno je iz Ministarstva financija i trezora BiH.<\/p>\n\n\n\n<p>Izvor:pogled.ba<\/p>\n","protected":false},"excerpt":{"rendered":"<p>Zamjenik predsjedavaju\u0107eg Vije\u0107a ministara Bosne i Hercegovine i ministar financija i trezora Vjekoslav Bevanda i direktorica Ureda Europske banke za obnovu i razvoj (EBRD) u BiH Manuela Naessl potpisali su ju\u010der dva ugovora o zajmu ukupne vrijednosti 23,5 &nbsp;milijuna eura. Ceremoniji potpisivanja prisustvovali su Mark Bowman, potpredsjednik EBRD-a, te Leander Treppel, direktor Konstituence EBRD-a \u010dija [&hellip;]<\/p>\n","protected":false},"author":2,"featured_media":131968,"comment_status":"closed","ping_status":"closed","sticky":false,"template":"","format":"standard","meta":{"h5ap_radio_sources":[],"footnotes":""},"categories":[1],"tags":[],"class_list":["post-131967","post","type-post","status-publish","format-standard","has-post-thumbnail","hentry","category-bihiregija"],"yoast_head":"<!-- This site is optimized with the Yoast SEO plugin v27.5 - https:\/\/yoast.com\/product\/yoast-seo-wordpress\/ -->\n<title>Bevanda i Naessl potpisali dva ugovora o zajmu ukupne vrijednosti 23,5 milijuna eura - RADIO LJUBU\u0160KI<\/title>\n<meta name=\"robots\" content=\"index, follow, max-snippet:-1, max-image-preview:large, max-video-preview:-1\" \/>\n<link rel=\"canonical\" href=\"https:\/\/radioljubuski.ba\/index.php\/2022\/04\/13\/bevanda-i-naessl-potpisali-dva-ugovora-o-zajmu-ukupne-vrijednosti-235-milijuna-eura\/\" \/>\n<meta property=\"og:locale\" content=\"hr_HR\" \/>\n<meta property=\"og:type\" content=\"article\" \/>\n<meta property=\"og:title\" content=\"Bevanda i Naessl potpisali dva ugovora o zajmu ukupne vrijednosti 23,5 milijuna eura - RADIO LJUBU\u0160KI\" \/>\n<meta property=\"og:description\" content=\"Zamjenik predsjedavaju\u0107eg Vije\u0107a ministara Bosne i Hercegovine i ministar financija i trezora Vjekoslav Bevanda i direktorica Ureda Europske banke za obnovu i razvoj (EBRD) u BiH Manuela Naessl potpisali su ju\u010der dva ugovora o zajmu ukupne vrijednosti 23,5 &nbsp;milijuna eura. Ceremoniji potpisivanja prisustvovali su Mark Bowman, potpredsjednik EBRD-a, te Leander Treppel, direktor Konstituence EBRD-a \u010dija [&hellip;]\" \/>\n<meta property=\"og:url\" content=\"https:\/\/radioljubuski.ba\/index.php\/2022\/04\/13\/bevanda-i-naessl-potpisali-dva-ugovora-o-zajmu-ukupne-vrijednosti-235-milijuna-eura\/\" \/>\n<meta property=\"og:site_name\" content=\"RADIO LJUBU\u0160KI\" \/>\n<meta property=\"article:publisher\" content=\"https:\/\/www.facebook.com\/Radiio-Ljubuski-1490835324566332\" \/>\n<meta property=\"article:published_time\" content=\"2022-04-13T12:12:19+00:00\" \/>\n<meta property=\"article:modified_time\" content=\"2022-04-13T12:12:20+00:00\" \/>\n<meta property=\"og:image\" content=\"https:\/\/radioljubuski.ba\/wp-content\/uploads\/2022\/04\/8-2022-04-12-15-03-11-ebrd.jpg\" \/>\n\t<meta property=\"og:image:width\" content=\"1000\" \/>\n\t<meta property=\"og:image:height\" content=\"625\" \/>\n\t<meta property=\"og:image:type\" content=\"image\/jpeg\" \/>\n<meta name=\"author\" content=\"Radio Ljubu\u0161ki\" \/>\n<meta name=\"twitter:card\" content=\"summary_large_image\" \/>\n<meta name=\"twitter:creator\" content=\"@radioljubuski\" \/>\n<meta name=\"twitter:site\" content=\"@radioljubuski\" \/>\n<meta name=\"twitter:label1\" content=\"Napisao\/la\" \/>\n\t<meta name=\"twitter:data1\" content=\"Radio Ljubu\u0161ki\" \/>\n\t<meta name=\"twitter:label2\" content=\"Procijenjeno vrijeme \u010ditanja\" \/>\n\t<meta name=\"twitter:data2\" content=\"2 minute\" \/>\n<script type=\"application\/ld+json\" class=\"yoast-schema-graph\">{\"@context\":\"https:\\\/\\\/schema.org\",\"@graph\":[{\"@type\":\"Article\",\"@id\":\"https:\\\/\\\/radioljubuski.ba\\\/index.php\\\/2022\\\/04\\\/13\\\/bevanda-i-naessl-potpisali-dva-ugovora-o-zajmu-ukupne-vrijednosti-235-milijuna-eura\\\/#article\",\"isPartOf\":{\"@id\":\"https:\\\/\\\/radioljubuski.ba\\\/index.php\\\/2022\\\/04\\\/13\\\/bevanda-i-naessl-potpisali-dva-ugovora-o-zajmu-ukupne-vrijednosti-235-milijuna-eura\\\/\"},\"author\":{\"name\":\"Radio Ljubu\u0161ki\",\"@id\":\"https:\\\/\\\/radioljubuski.ba\\\/#\\\/schema\\\/person\\\/19fc700381a780f69665d7956c469e3b\"},\"headline\":\"Bevanda i Naessl potpisali dva ugovora o zajmu ukupne vrijednosti 23,5 milijuna eura\",\"datePublished\":\"2022-04-13T12:12:19+00:00\",\"dateModified\":\"2022-04-13T12:12:20+00:00\",\"mainEntityOfPage\":{\"@id\":\"https:\\\/\\\/radioljubuski.ba\\\/index.php\\\/2022\\\/04\\\/13\\\/bevanda-i-naessl-potpisali-dva-ugovora-o-zajmu-ukupne-vrijednosti-235-milijuna-eura\\\/\"},\"wordCount\":381,\"publisher\":{\"@id\":\"https:\\\/\\\/radioljubuski.ba\\\/#organization\"},\"image\":{\"@id\":\"https:\\\/\\\/radioljubuski.ba\\\/index.php\\\/2022\\\/04\\\/13\\\/bevanda-i-naessl-potpisali-dva-ugovora-o-zajmu-ukupne-vrijednosti-235-milijuna-eura\\\/#primaryimage\"},\"thumbnailUrl\":\"https:\\\/\\\/radioljubuski.ba\\\/wp-content\\\/uploads\\\/2022\\\/04\\\/8-2022-04-12-15-03-11-ebrd.jpg\",\"articleSection\":[\"BIH i regija\"],\"inLanguage\":\"hr\"},{\"@type\":\"WebPage\",\"@id\":\"https:\\\/\\\/radioljubuski.ba\\\/index.php\\\/2022\\\/04\\\/13\\\/bevanda-i-naessl-potpisali-dva-ugovora-o-zajmu-ukupne-vrijednosti-235-milijuna-eura\\\/\",\"url\":\"https:\\\/\\\/radioljubuski.ba\\\/index.php\\\/2022\\\/04\\\/13\\\/bevanda-i-naessl-potpisali-dva-ugovora-o-zajmu-ukupne-vrijednosti-235-milijuna-eura\\\/\",\"name\":\"Bevanda i Naessl potpisali dva ugovora o zajmu ukupne vrijednosti 23,5 milijuna eura - RADIO LJUBU\u0160KI\",\"isPartOf\":{\"@id\":\"https:\\\/\\\/radioljubuski.ba\\\/#website\"},\"primaryImageOfPage\":{\"@id\":\"https:\\\/\\\/radioljubuski.ba\\\/index.php\\\/2022\\\/04\\\/13\\\/bevanda-i-naessl-potpisali-dva-ugovora-o-zajmu-ukupne-vrijednosti-235-milijuna-eura\\\/#primaryimage\"},\"image\":{\"@id\":\"https:\\\/\\\/radioljubuski.ba\\\/index.php\\\/2022\\\/04\\\/13\\\/bevanda-i-naessl-potpisali-dva-ugovora-o-zajmu-ukupne-vrijednosti-235-milijuna-eura\\\/#primaryimage\"},\"thumbnailUrl\":\"https:\\\/\\\/radioljubuski.ba\\\/wp-content\\\/uploads\\\/2022\\\/04\\\/8-2022-04-12-15-03-11-ebrd.jpg\",\"datePublished\":\"2022-04-13T12:12:19+00:00\",\"dateModified\":\"2022-04-13T12:12:20+00:00\",\"breadcrumb\":{\"@id\":\"https:\\\/\\\/radioljubuski.ba\\\/index.php\\\/2022\\\/04\\\/13\\\/bevanda-i-naessl-potpisali-dva-ugovora-o-zajmu-ukupne-vrijednosti-235-milijuna-eura\\\/#breadcrumb\"},\"inLanguage\":\"hr\",\"potentialAction\":[{\"@type\":\"ReadAction\",\"target\":[\"https:\\\/\\\/radioljubuski.ba\\\/index.php\\\/2022\\\/04\\\/13\\\/bevanda-i-naessl-potpisali-dva-ugovora-o-zajmu-ukupne-vrijednosti-235-milijuna-eura\\\/\"]}]},{\"@type\":\"ImageObject\",\"inLanguage\":\"hr\",\"@id\":\"https:\\\/\\\/radioljubuski.ba\\\/index.php\\\/2022\\\/04\\\/13\\\/bevanda-i-naessl-potpisali-dva-ugovora-o-zajmu-ukupne-vrijednosti-235-milijuna-eura\\\/#primaryimage\",\"url\":\"https:\\\/\\\/radioljubuski.ba\\\/wp-content\\\/uploads\\\/2022\\\/04\\\/8-2022-04-12-15-03-11-ebrd.jpg\",\"contentUrl\":\"https:\\\/\\\/radioljubuski.ba\\\/wp-content\\\/uploads\\\/2022\\\/04\\\/8-2022-04-12-15-03-11-ebrd.jpg\",\"width\":1000,\"height\":625},{\"@type\":\"BreadcrumbList\",\"@id\":\"https:\\\/\\\/radioljubuski.ba\\\/index.php\\\/2022\\\/04\\\/13\\\/bevanda-i-naessl-potpisali-dva-ugovora-o-zajmu-ukupne-vrijednosti-235-milijuna-eura\\\/#breadcrumb\",\"itemListElement\":[{\"@type\":\"ListItem\",\"position\":1,\"name\":\"Po\u010detna stranica\",\"item\":\"https:\\\/\\\/radioljubuski.ba\\\/\"},{\"@type\":\"ListItem\",\"position\":2,\"name\":\"Bevanda i Naessl potpisali dva ugovora o zajmu ukupne vrijednosti 23,5 milijuna eura\"}]},{\"@type\":\"WebSite\",\"@id\":\"https:\\\/\\\/radioljubuski.ba\\\/#website\",\"url\":\"https:\\\/\\\/radioljubuski.ba\\\/\",\"name\":\"Radio Ljubu\u0161ki\",\"description\":\"Sun\u010dana frekvencija Hercegovine\",\"publisher\":{\"@id\":\"https:\\\/\\\/radioljubuski.ba\\\/#organization\"},\"potentialAction\":[{\"@type\":\"SearchAction\",\"target\":{\"@type\":\"EntryPoint\",\"urlTemplate\":\"https:\\\/\\\/radioljubuski.ba\\\/?s={search_term_string}\"},\"query-input\":{\"@type\":\"PropertyValueSpecification\",\"valueRequired\":true,\"valueName\":\"search_term_string\"}}],\"inLanguage\":\"hr\"},{\"@type\":\"Organization\",\"@id\":\"https:\\\/\\\/radioljubuski.ba\\\/#organization\",\"name\":\"Radio Ljubu\u0161ki\",\"url\":\"https:\\\/\\\/radioljubuski.ba\\\/\",\"logo\":{\"@type\":\"ImageObject\",\"inLanguage\":\"hr\",\"@id\":\"https:\\\/\\\/radioljubuski.ba\\\/#\\\/schema\\\/logo\\\/image\\\/\",\"url\":\"https:\\\/\\\/radioljubuski.ba\\\/wp-content\\\/uploads\\\/2021\\\/02\\\/cropped-Radio_Ljubuski_logo1.jpg\",\"contentUrl\":\"https:\\\/\\\/radioljubuski.ba\\\/wp-content\\\/uploads\\\/2021\\\/02\\\/cropped-Radio_Ljubuski_logo1.jpg\",\"width\":512,\"height\":512,\"caption\":\"Radio Ljubu\u0161ki\"},\"image\":{\"@id\":\"https:\\\/\\\/radioljubuski.ba\\\/#\\\/schema\\\/logo\\\/image\\\/\"},\"sameAs\":[\"https:\\\/\\\/www.facebook.com\\\/Radiio-Ljubuski-1490835324566332\",\"https:\\\/\\\/x.com\\\/radioljubuski\",\"https:\\\/\\\/hr.linkedin.com\\\/company\\\/radio-ljubuski\",\"https:\\\/\\\/www.youtube.com\\\/channel\\\/UCHYaeO_n0Db3tjNGudGpXyw\"]},{\"@type\":\"Person\",\"@id\":\"https:\\\/\\\/radioljubuski.ba\\\/#\\\/schema\\\/person\\\/19fc700381a780f69665d7956c469e3b\",\"name\":\"Radio Ljubu\u0161ki\"}]}<\/script>\n<!-- \/ Yoast SEO plugin. -->","yoast_head_json":{"title":"Bevanda i Naessl potpisali dva ugovora o zajmu ukupne vrijednosti 23,5 milijuna eura - RADIO LJUBU\u0160KI","robots":{"index":"index","follow":"follow","max-snippet":"max-snippet:-1","max-image-preview":"max-image-preview:large","max-video-preview":"max-video-preview:-1"},"canonical":"https:\/\/radioljubuski.ba\/index.php\/2022\/04\/13\/bevanda-i-naessl-potpisali-dva-ugovora-o-zajmu-ukupne-vrijednosti-235-milijuna-eura\/","og_locale":"hr_HR","og_type":"article","og_title":"Bevanda i Naessl potpisali dva ugovora o zajmu ukupne vrijednosti 23,5 milijuna eura - RADIO LJUBU\u0160KI","og_description":"Zamjenik predsjedavaju\u0107eg Vije\u0107a ministara Bosne i Hercegovine i ministar financija i trezora Vjekoslav Bevanda i direktorica Ureda Europske banke za obnovu i razvoj (EBRD) u BiH Manuela Naessl potpisali su ju\u010der dva ugovora o zajmu ukupne vrijednosti 23,5 &nbsp;milijuna eura. Ceremoniji potpisivanja prisustvovali su Mark Bowman, potpredsjednik EBRD-a, te Leander Treppel, direktor Konstituence EBRD-a \u010dija [&hellip;]","og_url":"https:\/\/radioljubuski.ba\/index.php\/2022\/04\/13\/bevanda-i-naessl-potpisali-dva-ugovora-o-zajmu-ukupne-vrijednosti-235-milijuna-eura\/","og_site_name":"RADIO LJUBU\u0160KI","article_publisher":"https:\/\/www.facebook.com\/Radiio-Ljubuski-1490835324566332","article_published_time":"2022-04-13T12:12:19+00:00","article_modified_time":"2022-04-13T12:12:20+00:00","og_image":[{"width":1000,"height":625,"url":"https:\/\/radioljubuski.ba\/wp-content\/uploads\/2022\/04\/8-2022-04-12-15-03-11-ebrd.jpg","type":"image\/jpeg"}],"author":"Radio Ljubu\u0161ki","twitter_card":"summary_large_image","twitter_creator":"@radioljubuski","twitter_site":"@radioljubuski","twitter_misc":{"Napisao\/la":"Radio Ljubu\u0161ki","Procijenjeno vrijeme \u010ditanja":"2 minute"},"schema":{"@context":"https:\/\/schema.org","@graph":[{"@type":"Article","@id":"https:\/\/radioljubuski.ba\/index.php\/2022\/04\/13\/bevanda-i-naessl-potpisali-dva-ugovora-o-zajmu-ukupne-vrijednosti-235-milijuna-eura\/#article","isPartOf":{"@id":"https:\/\/radioljubuski.ba\/index.php\/2022\/04\/13\/bevanda-i-naessl-potpisali-dva-ugovora-o-zajmu-ukupne-vrijednosti-235-milijuna-eura\/"},"author":{"name":"Radio Ljubu\u0161ki","@id":"https:\/\/radioljubuski.ba\/#\/schema\/person\/19fc700381a780f69665d7956c469e3b"},"headline":"Bevanda i Naessl potpisali dva ugovora o zajmu ukupne vrijednosti 23,5 milijuna eura","datePublished":"2022-04-13T12:12:19+00:00","dateModified":"2022-04-13T12:12:20+00:00","mainEntityOfPage":{"@id":"https:\/\/radioljubuski.ba\/index.php\/2022\/04\/13\/bevanda-i-naessl-potpisali-dva-ugovora-o-zajmu-ukupne-vrijednosti-235-milijuna-eura\/"},"wordCount":381,"publisher":{"@id":"https:\/\/radioljubuski.ba\/#organization"},"image":{"@id":"https:\/\/radioljubuski.ba\/index.php\/2022\/04\/13\/bevanda-i-naessl-potpisali-dva-ugovora-o-zajmu-ukupne-vrijednosti-235-milijuna-eura\/#primaryimage"},"thumbnailUrl":"https:\/\/radioljubuski.ba\/wp-content\/uploads\/2022\/04\/8-2022-04-12-15-03-11-ebrd.jpg","articleSection":["BIH i regija"],"inLanguage":"hr"},{"@type":"WebPage","@id":"https:\/\/radioljubuski.ba\/index.php\/2022\/04\/13\/bevanda-i-naessl-potpisali-dva-ugovora-o-zajmu-ukupne-vrijednosti-235-milijuna-eura\/","url":"https:\/\/radioljubuski.ba\/index.php\/2022\/04\/13\/bevanda-i-naessl-potpisali-dva-ugovora-o-zajmu-ukupne-vrijednosti-235-milijuna-eura\/","name":"Bevanda i Naessl potpisali dva ugovora o zajmu ukupne vrijednosti 23,5 milijuna eura - RADIO LJUBU\u0160KI","isPartOf":{"@id":"https:\/\/radioljubuski.ba\/#website"},"primaryImageOfPage":{"@id":"https:\/\/radioljubuski.ba\/index.php\/2022\/04\/13\/bevanda-i-naessl-potpisali-dva-ugovora-o-zajmu-ukupne-vrijednosti-235-milijuna-eura\/#primaryimage"},"image":{"@id":"https:\/\/radioljubuski.ba\/index.php\/2022\/04\/13\/bevanda-i-naessl-potpisali-dva-ugovora-o-zajmu-ukupne-vrijednosti-235-milijuna-eura\/#primaryimage"},"thumbnailUrl":"https:\/\/radioljubuski.ba\/wp-content\/uploads\/2022\/04\/8-2022-04-12-15-03-11-ebrd.jpg","datePublished":"2022-04-13T12:12:19+00:00","dateModified":"2022-04-13T12:12:20+00:00","breadcrumb":{"@id":"https:\/\/radioljubuski.ba\/index.php\/2022\/04\/13\/bevanda-i-naessl-potpisali-dva-ugovora-o-zajmu-ukupne-vrijednosti-235-milijuna-eura\/#breadcrumb"},"inLanguage":"hr","potentialAction":[{"@type":"ReadAction","target":["https:\/\/radioljubuski.ba\/index.php\/2022\/04\/13\/bevanda-i-naessl-potpisali-dva-ugovora-o-zajmu-ukupne-vrijednosti-235-milijuna-eura\/"]}]},{"@type":"ImageObject","inLanguage":"hr","@id":"https:\/\/radioljubuski.ba\/index.php\/2022\/04\/13\/bevanda-i-naessl-potpisali-dva-ugovora-o-zajmu-ukupne-vrijednosti-235-milijuna-eura\/#primaryimage","url":"https:\/\/radioljubuski.ba\/wp-content\/uploads\/2022\/04\/8-2022-04-12-15-03-11-ebrd.jpg","contentUrl":"https:\/\/radioljubuski.ba\/wp-content\/uploads\/2022\/04\/8-2022-04-12-15-03-11-ebrd.jpg","width":1000,"height":625},{"@type":"BreadcrumbList","@id":"https:\/\/radioljubuski.ba\/index.php\/2022\/04\/13\/bevanda-i-naessl-potpisali-dva-ugovora-o-zajmu-ukupne-vrijednosti-235-milijuna-eura\/#breadcrumb","itemListElement":[{"@type":"ListItem","position":1,"name":"Po\u010detna stranica","item":"https:\/\/radioljubuski.ba\/"},{"@type":"ListItem","position":2,"name":"Bevanda i Naessl potpisali dva ugovora o zajmu ukupne vrijednosti 23,5 milijuna eura"}]},{"@type":"WebSite","@id":"https:\/\/radioljubuski.ba\/#website","url":"https:\/\/radioljubuski.ba\/","name":"Radio Ljubu\u0161ki","description":"Sun\u010dana frekvencija Hercegovine","publisher":{"@id":"https:\/\/radioljubuski.ba\/#organization"},"potentialAction":[{"@type":"SearchAction","target":{"@type":"EntryPoint","urlTemplate":"https:\/\/radioljubuski.ba\/?s={search_term_string}"},"query-input":{"@type":"PropertyValueSpecification","valueRequired":true,"valueName":"search_term_string"}}],"inLanguage":"hr"},{"@type":"Organization","@id":"https:\/\/radioljubuski.ba\/#organization","name":"Radio Ljubu\u0161ki","url":"https:\/\/radioljubuski.ba\/","logo":{"@type":"ImageObject","inLanguage":"hr","@id":"https:\/\/radioljubuski.ba\/#\/schema\/logo\/image\/","url":"https:\/\/radioljubuski.ba\/wp-content\/uploads\/2021\/02\/cropped-Radio_Ljubuski_logo1.jpg","contentUrl":"https:\/\/radioljubuski.ba\/wp-content\/uploads\/2021\/02\/cropped-Radio_Ljubuski_logo1.jpg","width":512,"height":512,"caption":"Radio Ljubu\u0161ki"},"image":{"@id":"https:\/\/radioljubuski.ba\/#\/schema\/logo\/image\/"},"sameAs":["https:\/\/www.facebook.com\/Radiio-Ljubuski-1490835324566332","https:\/\/x.com\/radioljubuski","https:\/\/hr.linkedin.com\/company\/radio-ljubuski","https:\/\/www.youtube.com\/channel\/UCHYaeO_n0Db3tjNGudGpXyw"]},{"@type":"Person","@id":"https:\/\/radioljubuski.ba\/#\/schema\/person\/19fc700381a780f69665d7956c469e3b","name":"Radio Ljubu\u0161ki"}]}},"_links":{"self":[{"href":"https:\/\/radioljubuski.ba\/index.php\/wp-json\/wp\/v2\/posts\/131967","targetHints":{"allow":["GET"]}}],"collection":[{"href":"https:\/\/radioljubuski.ba\/index.php\/wp-json\/wp\/v2\/posts"}],"about":[{"href":"https:\/\/radioljubuski.ba\/index.php\/wp-json\/wp\/v2\/types\/post"}],"author":[{"embeddable":true,"href":"https:\/\/radioljubuski.ba\/index.php\/wp-json\/wp\/v2\/users\/2"}],"replies":[{"embeddable":true,"href":"https:\/\/radioljubuski.ba\/index.php\/wp-json\/wp\/v2\/comments?post=131967"}],"version-history":[{"count":1,"href":"https:\/\/radioljubuski.ba\/index.php\/wp-json\/wp\/v2\/posts\/131967\/revisions"}],"predecessor-version":[{"id":131969,"href":"https:\/\/radioljubuski.ba\/index.php\/wp-json\/wp\/v2\/posts\/131967\/revisions\/131969"}],"wp:featuredmedia":[{"embeddable":true,"href":"https:\/\/radioljubuski.ba\/index.php\/wp-json\/wp\/v2\/media\/131968"}],"wp:attachment":[{"href":"https:\/\/radioljubuski.ba\/index.php\/wp-json\/wp\/v2\/media?parent=131967"}],"wp:term":[{"taxonomy":"category","embeddable":true,"href":"https:\/\/radioljubuski.ba\/index.php\/wp-json\/wp\/v2\/categories?post=131967"},{"taxonomy":"post_tag","embeddable":true,"href":"https:\/\/radioljubuski.ba\/index.php\/wp-json\/wp\/v2\/tags?post=131967"}],"curies":[{"name":"wp","href":"https:\/\/api.w.org\/{rel}","templated":true}]}}