{"id":131992,"date":"2022-04-13T13:25:08","date_gmt":"2022-04-13T12:25:08","guid":{"rendered":"https:\/\/radioljubuski.ba\/?p=131992"},"modified":"2022-04-13T13:25:09","modified_gmt":"2022-04-13T12:25:09","slug":"poraz-cilica-i-dodiga-u-prvom-kolu-monte-carla","status":"publish","type":"post","link":"https:\/\/radioljubuski.ba\/index.php\/2022\/04\/13\/poraz-cilica-i-dodiga-u-prvom-kolu-monte-carla\/","title":{"rendered":"Poraz \u010cili\u0107a i Dodiga u prvom kolu Monte Carla"},"content":{"rendered":"\n<p>Hrvatski tenisa\u010di Marin \u010cili\u0107 i Ivan Dodig nisu se dugo zadr\u017eali u turniru parova na Masters 1000 u Monte Carlu. S 2-1 u setovima svladali su ih Urugvajac Ariel Behar i Ekvadorac Gonzalo Escobar.<\/p>\n\n\n\n<p>Ju\u017enoameri\u010dka kombinacija slavila je 2-6, 6-4, 10-4 \u010dime je osigurala me\u010d u drugom kolu protiv prvih nositelja Rama i Salisburyja.<\/p>\n\n\n\n<p>\u010cili\u0107 i Dodig su dobro otvorili me\u010d, a imali su odli\u010dnu \u0161ansu izbje\u0107i odlazak u odlu\u010duju\u0107i tie-break. Naime, kod 5-4 u drugom setu su Behar i Escobar servirali za izjedna\u010denje u setovima, a hrvatska kombinacija je tom prilikom propustila tri break-lopte.<\/p>\n\n\n\n<p>U odlu\u010duju\u0107em tie-breaku sve je bilo vrlo brzo gotovo jer su Behar i Escobar odmah na startu odjurili na velikih i nedosti\u017enih 5-0.<\/p>\n\n\n\n<p>Podsjetimo kako su za druge nositelje na ovom zemljanom turniru postavljeni Nikola Mekti\u0107 i Mate Pavi\u0107 koji u srijedu igraju me\u010d prvog kola protiv bra\u0107e Tsitsipas.<\/p>\n\n\n\n<p>ATP Monte Carlo, parovi (1. kolo):<\/p>\n\n\n\n<p>Ariel Behar \/ Gonzalo Escobar (Uru,Ekv) &#8211; Marin \u010cili\u0107 \/ Ivan Dodig (Hrv) 2-6, 6-4, 10-4<\/p>\n\n\n\n<p>Izvor:pogled.ba<\/p>\n","protected":false},"excerpt":{"rendered":"<p>Hrvatski tenisa\u010di Marin \u010cili\u0107 i Ivan Dodig nisu se dugo zadr\u017eali u turniru parova na Masters 1000 u Monte Carlu. S 2-1 u setovima svladali su ih Urugvajac Ariel Behar i Ekvadorac Gonzalo Escobar. Ju\u017enoameri\u010dka kombinacija slavila je 2-6, 6-4, 10-4 \u010dime je osigurala me\u010d u drugom kolu protiv prvih nositelja Rama i Salisburyja. \u010cili\u0107 [&hellip;]<\/p>\n","protected":false},"author":2,"featured_media":131993,"comment_status":"closed","ping_status":"closed","sticky":false,"template":"","format":"standard","meta":{"h5ap_radio_sources":[],"footnotes":""},"categories":[7],"tags":[],"class_list":["post-131992","post","type-post","status-publish","format-standard","has-post-thumbnail","hentry","category-sport"],"yoast_head":"<!-- This site is optimized with the Yoast SEO plugin v27.5 - https:\/\/yoast.com\/product\/yoast-seo-wordpress\/ -->\n<title>Poraz \u010cili\u0107a i Dodiga u prvom kolu Monte Carla - RADIO LJUBU\u0160KI<\/title>\n<meta name=\"robots\" content=\"index, follow, max-snippet:-1, max-image-preview:large, max-video-preview:-1\" \/>\n<link rel=\"canonical\" href=\"https:\/\/radioljubuski.ba\/index.php\/2022\/04\/13\/poraz-cilica-i-dodiga-u-prvom-kolu-monte-carla\/\" \/>\n<meta property=\"og:locale\" content=\"hr_HR\" \/>\n<meta property=\"og:type\" content=\"article\" \/>\n<meta property=\"og:title\" content=\"Poraz \u010cili\u0107a i Dodiga u prvom kolu Monte Carla - RADIO LJUBU\u0160KI\" \/>\n<meta property=\"og:description\" content=\"Hrvatski tenisa\u010di Marin \u010cili\u0107 i Ivan Dodig nisu se dugo zadr\u017eali u turniru parova na Masters 1000 u Monte Carlu. S 2-1 u setovima svladali su ih Urugvajac Ariel Behar i Ekvadorac Gonzalo Escobar. Ju\u017enoameri\u010dka kombinacija slavila je 2-6, 6-4, 10-4 \u010dime je osigurala me\u010d u drugom kolu protiv prvih nositelja Rama i Salisburyja. \u010cili\u0107 [&hellip;]\" \/>\n<meta property=\"og:url\" content=\"https:\/\/radioljubuski.ba\/index.php\/2022\/04\/13\/poraz-cilica-i-dodiga-u-prvom-kolu-monte-carla\/\" \/>\n<meta property=\"og:site_name\" content=\"RADIO LJUBU\u0160KI\" \/>\n<meta property=\"article:publisher\" content=\"https:\/\/www.facebook.com\/Radiio-Ljubuski-1490835324566332\" \/>\n<meta property=\"article:published_time\" content=\"2022-04-13T12:25:08+00:00\" \/>\n<meta property=\"article:modified_time\" content=\"2022-04-13T12:25:09+00:00\" \/>\n<meta property=\"og:image\" content=\"https:\/\/radioljubuski.ba\/wp-content\/uploads\/2022\/04\/499b0f4194761982393281b532d5a0d3_view_article.jpg\" \/>\n\t<meta property=\"og:image:width\" content=\"630\" \/>\n\t<meta property=\"og:image:height\" content=\"368\" \/>\n\t<meta property=\"og:image:type\" content=\"image\/jpeg\" \/>\n<meta name=\"author\" content=\"Radio Ljubu\u0161ki\" \/>\n<meta name=\"twitter:card\" content=\"summary_large_image\" \/>\n<meta name=\"twitter:creator\" content=\"@radioljubuski\" \/>\n<meta name=\"twitter:site\" content=\"@radioljubuski\" \/>\n<meta name=\"twitter:label1\" content=\"Napisao\/la\" \/>\n\t<meta name=\"twitter:data1\" content=\"Radio Ljubu\u0161ki\" \/>\n\t<meta name=\"twitter:label2\" content=\"Procijenjeno vrijeme \u010ditanja\" \/>\n\t<meta name=\"twitter:data2\" content=\"1 minuta\" \/>\n<script type=\"application\/ld+json\" class=\"yoast-schema-graph\">{\"@context\":\"https:\\\/\\\/schema.org\",\"@graph\":[{\"@type\":\"Article\",\"@id\":\"https:\\\/\\\/radioljubuski.ba\\\/index.php\\\/2022\\\/04\\\/13\\\/poraz-cilica-i-dodiga-u-prvom-kolu-monte-carla\\\/#article\",\"isPartOf\":{\"@id\":\"https:\\\/\\\/radioljubuski.ba\\\/index.php\\\/2022\\\/04\\\/13\\\/poraz-cilica-i-dodiga-u-prvom-kolu-monte-carla\\\/\"},\"author\":{\"name\":\"Radio Ljubu\u0161ki\",\"@id\":\"https:\\\/\\\/radioljubuski.ba\\\/#\\\/schema\\\/person\\\/19fc700381a780f69665d7956c469e3b\"},\"headline\":\"Poraz \u010cili\u0107a i Dodiga u prvom kolu Monte Carla\",\"datePublished\":\"2022-04-13T12:25:08+00:00\",\"dateModified\":\"2022-04-13T12:25:09+00:00\",\"mainEntityOfPage\":{\"@id\":\"https:\\\/\\\/radioljubuski.ba\\\/index.php\\\/2022\\\/04\\\/13\\\/poraz-cilica-i-dodiga-u-prvom-kolu-monte-carla\\\/\"},\"wordCount\":189,\"publisher\":{\"@id\":\"https:\\\/\\\/radioljubuski.ba\\\/#organization\"},\"image\":{\"@id\":\"https:\\\/\\\/radioljubuski.ba\\\/index.php\\\/2022\\\/04\\\/13\\\/poraz-cilica-i-dodiga-u-prvom-kolu-monte-carla\\\/#primaryimage\"},\"thumbnailUrl\":\"https:\\\/\\\/radioljubuski.ba\\\/wp-content\\\/uploads\\\/2022\\\/04\\\/499b0f4194761982393281b532d5a0d3_view_article.jpg\",\"articleSection\":[\"\u0160port\"],\"inLanguage\":\"hr\"},{\"@type\":\"WebPage\",\"@id\":\"https:\\\/\\\/radioljubuski.ba\\\/index.php\\\/2022\\\/04\\\/13\\\/poraz-cilica-i-dodiga-u-prvom-kolu-monte-carla\\\/\",\"url\":\"https:\\\/\\\/radioljubuski.ba\\\/index.php\\\/2022\\\/04\\\/13\\\/poraz-cilica-i-dodiga-u-prvom-kolu-monte-carla\\\/\",\"name\":\"Poraz \u010cili\u0107a i Dodiga u prvom kolu Monte Carla - RADIO LJUBU\u0160KI\",\"isPartOf\":{\"@id\":\"https:\\\/\\\/radioljubuski.ba\\\/#website\"},\"primaryImageOfPage\":{\"@id\":\"https:\\\/\\\/radioljubuski.ba\\\/index.php\\\/2022\\\/04\\\/13\\\/poraz-cilica-i-dodiga-u-prvom-kolu-monte-carla\\\/#primaryimage\"},\"image\":{\"@id\":\"https:\\\/\\\/radioljubuski.ba\\\/index.php\\\/2022\\\/04\\\/13\\\/poraz-cilica-i-dodiga-u-prvom-kolu-monte-carla\\\/#primaryimage\"},\"thumbnailUrl\":\"https:\\\/\\\/radioljubuski.ba\\\/wp-content\\\/uploads\\\/2022\\\/04\\\/499b0f4194761982393281b532d5a0d3_view_article.jpg\",\"datePublished\":\"2022-04-13T12:25:08+00:00\",\"dateModified\":\"2022-04-13T12:25:09+00:00\",\"breadcrumb\":{\"@id\":\"https:\\\/\\\/radioljubuski.ba\\\/index.php\\\/2022\\\/04\\\/13\\\/poraz-cilica-i-dodiga-u-prvom-kolu-monte-carla\\\/#breadcrumb\"},\"inLanguage\":\"hr\",\"potentialAction\":[{\"@type\":\"ReadAction\",\"target\":[\"https:\\\/\\\/radioljubuski.ba\\\/index.php\\\/2022\\\/04\\\/13\\\/poraz-cilica-i-dodiga-u-prvom-kolu-monte-carla\\\/\"]}]},{\"@type\":\"ImageObject\",\"inLanguage\":\"hr\",\"@id\":\"https:\\\/\\\/radioljubuski.ba\\\/index.php\\\/2022\\\/04\\\/13\\\/poraz-cilica-i-dodiga-u-prvom-kolu-monte-carla\\\/#primaryimage\",\"url\":\"https:\\\/\\\/radioljubuski.ba\\\/wp-content\\\/uploads\\\/2022\\\/04\\\/499b0f4194761982393281b532d5a0d3_view_article.jpg\",\"contentUrl\":\"https:\\\/\\\/radioljubuski.ba\\\/wp-content\\\/uploads\\\/2022\\\/04\\\/499b0f4194761982393281b532d5a0d3_view_article.jpg\",\"width\":630,\"height\":368},{\"@type\":\"BreadcrumbList\",\"@id\":\"https:\\\/\\\/radioljubuski.ba\\\/index.php\\\/2022\\\/04\\\/13\\\/poraz-cilica-i-dodiga-u-prvom-kolu-monte-carla\\\/#breadcrumb\",\"itemListElement\":[{\"@type\":\"ListItem\",\"position\":1,\"name\":\"Po\u010detna stranica\",\"item\":\"https:\\\/\\\/radioljubuski.ba\\\/\"},{\"@type\":\"ListItem\",\"position\":2,\"name\":\"Poraz \u010cili\u0107a i Dodiga u prvom kolu Monte Carla\"}]},{\"@type\":\"WebSite\",\"@id\":\"https:\\\/\\\/radioljubuski.ba\\\/#website\",\"url\":\"https:\\\/\\\/radioljubuski.ba\\\/\",\"name\":\"Radio Ljubu\u0161ki\",\"description\":\"Sun\u010dana frekvencija Hercegovine\",\"publisher\":{\"@id\":\"https:\\\/\\\/radioljubuski.ba\\\/#organization\"},\"potentialAction\":[{\"@type\":\"SearchAction\",\"target\":{\"@type\":\"EntryPoint\",\"urlTemplate\":\"https:\\\/\\\/radioljubuski.ba\\\/?s={search_term_string}\"},\"query-input\":{\"@type\":\"PropertyValueSpecification\",\"valueRequired\":true,\"valueName\":\"search_term_string\"}}],\"inLanguage\":\"hr\"},{\"@type\":\"Organization\",\"@id\":\"https:\\\/\\\/radioljubuski.ba\\\/#organization\",\"name\":\"Radio Ljubu\u0161ki\",\"url\":\"https:\\\/\\\/radioljubuski.ba\\\/\",\"logo\":{\"@type\":\"ImageObject\",\"inLanguage\":\"hr\",\"@id\":\"https:\\\/\\\/radioljubuski.ba\\\/#\\\/schema\\\/logo\\\/image\\\/\",\"url\":\"https:\\\/\\\/radioljubuski.ba\\\/wp-content\\\/uploads\\\/2021\\\/02\\\/cropped-Radio_Ljubuski_logo1.jpg\",\"contentUrl\":\"https:\\\/\\\/radioljubuski.ba\\\/wp-content\\\/uploads\\\/2021\\\/02\\\/cropped-Radio_Ljubuski_logo1.jpg\",\"width\":512,\"height\":512,\"caption\":\"Radio Ljubu\u0161ki\"},\"image\":{\"@id\":\"https:\\\/\\\/radioljubuski.ba\\\/#\\\/schema\\\/logo\\\/image\\\/\"},\"sameAs\":[\"https:\\\/\\\/www.facebook.com\\\/Radiio-Ljubuski-1490835324566332\",\"https:\\\/\\\/x.com\\\/radioljubuski\",\"https:\\\/\\\/hr.linkedin.com\\\/company\\\/radio-ljubuski\",\"https:\\\/\\\/www.youtube.com\\\/channel\\\/UCHYaeO_n0Db3tjNGudGpXyw\"]},{\"@type\":\"Person\",\"@id\":\"https:\\\/\\\/radioljubuski.ba\\\/#\\\/schema\\\/person\\\/19fc700381a780f69665d7956c469e3b\",\"name\":\"Radio Ljubu\u0161ki\"}]}<\/script>\n<!-- \/ Yoast SEO plugin. -->","yoast_head_json":{"title":"Poraz \u010cili\u0107a i Dodiga u prvom kolu Monte Carla - RADIO LJUBU\u0160KI","robots":{"index":"index","follow":"follow","max-snippet":"max-snippet:-1","max-image-preview":"max-image-preview:large","max-video-preview":"max-video-preview:-1"},"canonical":"https:\/\/radioljubuski.ba\/index.php\/2022\/04\/13\/poraz-cilica-i-dodiga-u-prvom-kolu-monte-carla\/","og_locale":"hr_HR","og_type":"article","og_title":"Poraz \u010cili\u0107a i Dodiga u prvom kolu Monte Carla - RADIO LJUBU\u0160KI","og_description":"Hrvatski tenisa\u010di Marin \u010cili\u0107 i Ivan Dodig nisu se dugo zadr\u017eali u turniru parova na Masters 1000 u Monte Carlu. S 2-1 u setovima svladali su ih Urugvajac Ariel Behar i Ekvadorac Gonzalo Escobar. Ju\u017enoameri\u010dka kombinacija slavila je 2-6, 6-4, 10-4 \u010dime je osigurala me\u010d u drugom kolu protiv prvih nositelja Rama i Salisburyja. \u010cili\u0107 [&hellip;]","og_url":"https:\/\/radioljubuski.ba\/index.php\/2022\/04\/13\/poraz-cilica-i-dodiga-u-prvom-kolu-monte-carla\/","og_site_name":"RADIO LJUBU\u0160KI","article_publisher":"https:\/\/www.facebook.com\/Radiio-Ljubuski-1490835324566332","article_published_time":"2022-04-13T12:25:08+00:00","article_modified_time":"2022-04-13T12:25:09+00:00","og_image":[{"width":630,"height":368,"url":"https:\/\/radioljubuski.ba\/wp-content\/uploads\/2022\/04\/499b0f4194761982393281b532d5a0d3_view_article.jpg","type":"image\/jpeg"}],"author":"Radio Ljubu\u0161ki","twitter_card":"summary_large_image","twitter_creator":"@radioljubuski","twitter_site":"@radioljubuski","twitter_misc":{"Napisao\/la":"Radio Ljubu\u0161ki","Procijenjeno vrijeme \u010ditanja":"1 minuta"},"schema":{"@context":"https:\/\/schema.org","@graph":[{"@type":"Article","@id":"https:\/\/radioljubuski.ba\/index.php\/2022\/04\/13\/poraz-cilica-i-dodiga-u-prvom-kolu-monte-carla\/#article","isPartOf":{"@id":"https:\/\/radioljubuski.ba\/index.php\/2022\/04\/13\/poraz-cilica-i-dodiga-u-prvom-kolu-monte-carla\/"},"author":{"name":"Radio Ljubu\u0161ki","@id":"https:\/\/radioljubuski.ba\/#\/schema\/person\/19fc700381a780f69665d7956c469e3b"},"headline":"Poraz \u010cili\u0107a i Dodiga u prvom kolu Monte Carla","datePublished":"2022-04-13T12:25:08+00:00","dateModified":"2022-04-13T12:25:09+00:00","mainEntityOfPage":{"@id":"https:\/\/radioljubuski.ba\/index.php\/2022\/04\/13\/poraz-cilica-i-dodiga-u-prvom-kolu-monte-carla\/"},"wordCount":189,"publisher":{"@id":"https:\/\/radioljubuski.ba\/#organization"},"image":{"@id":"https:\/\/radioljubuski.ba\/index.php\/2022\/04\/13\/poraz-cilica-i-dodiga-u-prvom-kolu-monte-carla\/#primaryimage"},"thumbnailUrl":"https:\/\/radioljubuski.ba\/wp-content\/uploads\/2022\/04\/499b0f4194761982393281b532d5a0d3_view_article.jpg","articleSection":["\u0160port"],"inLanguage":"hr"},{"@type":"WebPage","@id":"https:\/\/radioljubuski.ba\/index.php\/2022\/04\/13\/poraz-cilica-i-dodiga-u-prvom-kolu-monte-carla\/","url":"https:\/\/radioljubuski.ba\/index.php\/2022\/04\/13\/poraz-cilica-i-dodiga-u-prvom-kolu-monte-carla\/","name":"Poraz \u010cili\u0107a i Dodiga u prvom kolu Monte Carla - RADIO LJUBU\u0160KI","isPartOf":{"@id":"https:\/\/radioljubuski.ba\/#website"},"primaryImageOfPage":{"@id":"https:\/\/radioljubuski.ba\/index.php\/2022\/04\/13\/poraz-cilica-i-dodiga-u-prvom-kolu-monte-carla\/#primaryimage"},"image":{"@id":"https:\/\/radioljubuski.ba\/index.php\/2022\/04\/13\/poraz-cilica-i-dodiga-u-prvom-kolu-monte-carla\/#primaryimage"},"thumbnailUrl":"https:\/\/radioljubuski.ba\/wp-content\/uploads\/2022\/04\/499b0f4194761982393281b532d5a0d3_view_article.jpg","datePublished":"2022-04-13T12:25:08+00:00","dateModified":"2022-04-13T12:25:09+00:00","breadcrumb":{"@id":"https:\/\/radioljubuski.ba\/index.php\/2022\/04\/13\/poraz-cilica-i-dodiga-u-prvom-kolu-monte-carla\/#breadcrumb"},"inLanguage":"hr","potentialAction":[{"@type":"ReadAction","target":["https:\/\/radioljubuski.ba\/index.php\/2022\/04\/13\/poraz-cilica-i-dodiga-u-prvom-kolu-monte-carla\/"]}]},{"@type":"ImageObject","inLanguage":"hr","@id":"https:\/\/radioljubuski.ba\/index.php\/2022\/04\/13\/poraz-cilica-i-dodiga-u-prvom-kolu-monte-carla\/#primaryimage","url":"https:\/\/radioljubuski.ba\/wp-content\/uploads\/2022\/04\/499b0f4194761982393281b532d5a0d3_view_article.jpg","contentUrl":"https:\/\/radioljubuski.ba\/wp-content\/uploads\/2022\/04\/499b0f4194761982393281b532d5a0d3_view_article.jpg","width":630,"height":368},{"@type":"BreadcrumbList","@id":"https:\/\/radioljubuski.ba\/index.php\/2022\/04\/13\/poraz-cilica-i-dodiga-u-prvom-kolu-monte-carla\/#breadcrumb","itemListElement":[{"@type":"ListItem","position":1,"name":"Po\u010detna stranica","item":"https:\/\/radioljubuski.ba\/"},{"@type":"ListItem","position":2,"name":"Poraz \u010cili\u0107a i Dodiga u prvom kolu Monte Carla"}]},{"@type":"WebSite","@id":"https:\/\/radioljubuski.ba\/#website","url":"https:\/\/radioljubuski.ba\/","name":"Radio Ljubu\u0161ki","description":"Sun\u010dana frekvencija Hercegovine","publisher":{"@id":"https:\/\/radioljubuski.ba\/#organization"},"potentialAction":[{"@type":"SearchAction","target":{"@type":"EntryPoint","urlTemplate":"https:\/\/radioljubuski.ba\/?s={search_term_string}"},"query-input":{"@type":"PropertyValueSpecification","valueRequired":true,"valueName":"search_term_string"}}],"inLanguage":"hr"},{"@type":"Organization","@id":"https:\/\/radioljubuski.ba\/#organization","name":"Radio Ljubu\u0161ki","url":"https:\/\/radioljubuski.ba\/","logo":{"@type":"ImageObject","inLanguage":"hr","@id":"https:\/\/radioljubuski.ba\/#\/schema\/logo\/image\/","url":"https:\/\/radioljubuski.ba\/wp-content\/uploads\/2021\/02\/cropped-Radio_Ljubuski_logo1.jpg","contentUrl":"https:\/\/radioljubuski.ba\/wp-content\/uploads\/2021\/02\/cropped-Radio_Ljubuski_logo1.jpg","width":512,"height":512,"caption":"Radio Ljubu\u0161ki"},"image":{"@id":"https:\/\/radioljubuski.ba\/#\/schema\/logo\/image\/"},"sameAs":["https:\/\/www.facebook.com\/Radiio-Ljubuski-1490835324566332","https:\/\/x.com\/radioljubuski","https:\/\/hr.linkedin.com\/company\/radio-ljubuski","https:\/\/www.youtube.com\/channel\/UCHYaeO_n0Db3tjNGudGpXyw"]},{"@type":"Person","@id":"https:\/\/radioljubuski.ba\/#\/schema\/person\/19fc700381a780f69665d7956c469e3b","name":"Radio Ljubu\u0161ki"}]}},"_links":{"self":[{"href":"https:\/\/radioljubuski.ba\/index.php\/wp-json\/wp\/v2\/posts\/131992","targetHints":{"allow":["GET"]}}],"collection":[{"href":"https:\/\/radioljubuski.ba\/index.php\/wp-json\/wp\/v2\/posts"}],"about":[{"href":"https:\/\/radioljubuski.ba\/index.php\/wp-json\/wp\/v2\/types\/post"}],"author":[{"embeddable":true,"href":"https:\/\/radioljubuski.ba\/index.php\/wp-json\/wp\/v2\/users\/2"}],"replies":[{"embeddable":true,"href":"https:\/\/radioljubuski.ba\/index.php\/wp-json\/wp\/v2\/comments?post=131992"}],"version-history":[{"count":1,"href":"https:\/\/radioljubuski.ba\/index.php\/wp-json\/wp\/v2\/posts\/131992\/revisions"}],"predecessor-version":[{"id":131994,"href":"https:\/\/radioljubuski.ba\/index.php\/wp-json\/wp\/v2\/posts\/131992\/revisions\/131994"}],"wp:featuredmedia":[{"embeddable":true,"href":"https:\/\/radioljubuski.ba\/index.php\/wp-json\/wp\/v2\/media\/131993"}],"wp:attachment":[{"href":"https:\/\/radioljubuski.ba\/index.php\/wp-json\/wp\/v2\/media?parent=131992"}],"wp:term":[{"taxonomy":"category","embeddable":true,"href":"https:\/\/radioljubuski.ba\/index.php\/wp-json\/wp\/v2\/categories?post=131992"},{"taxonomy":"post_tag","embeddable":true,"href":"https:\/\/radioljubuski.ba\/index.php\/wp-json\/wp\/v2\/tags?post=131992"}],"curies":[{"name":"wp","href":"https:\/\/api.w.org\/{rel}","templated":true}]}}