{"id":131995,"date":"2022-04-13T13:26:21","date_gmt":"2022-04-13T12:26:21","guid":{"rendered":"https:\/\/radioljubuski.ba\/?p=131995"},"modified":"2022-04-13T13:26:22","modified_gmt":"2022-04-13T12:26:22","slug":"karacic-dosli-smo-obaviti-posao","status":"publish","type":"post","link":"https:\/\/radioljubuski.ba\/index.php\/2022\/04\/13\/karacic-dosli-smo-obaviti-posao\/","title":{"rendered":"Kara\u010di\u0107: Do\u0161li smo obaviti posao"},"content":{"rendered":"\n<p>Nakon ne\u0161to vi\u0161e od dva i pol sata leta hrvatska rukometna reprezentacija stigla je u finski gradi\u0107 Vantaa gdje \u0107e u srijedu (18 sati) odigrati prvi susret drugog kruga kvalifikacija za Svjetsko prvenstvo 2023. godine.<\/p>\n\n\n\n<p>U ovom gradu Hrvatska je ispisala jedan dio bogate povijesti, jer je upravo&nbsp;tu odigrala prvi slu\u017ebeni susret. Bilo je to 11. travnja 1993. u kvalifikacijama za Europsko prvenstvo 1994. godine u Portugalu. I&nbsp;pobijedila je tada 31-28. Uzvrat u Zagrebu bio je samo lak\u0161i trening jer su hrvatski igra\u010di tada slavili protiv Finske 30-15.<\/p>\n\n\n\n<p>Jo\u0161 jednom je nakon toga Hrvatska gostovala u ovom finskom gradu. Bilo je to&nbsp;9. lipnja 2009. godine. Ponovno su u pitanju bile kvalifikacije za Europsko prvenstvo, tada za Austriju 2010. godine. Nakon \u0161to je u Zagrebu slavila s 19 razlike (39-20), Hrvatska je u uzvratnom susretu pobijedila 34-14. Bila je to u tom trenutku&nbsp;najve\u0107a pobjeda uop\u0107e&nbsp;u kvalifikacijama za velika natjecanja.<\/p>\n\n\n\n<p>Kao \u0161to je poznato, Hrvatska je u Finsku do\u0161la bez nekoliko jako va\u017enih igra\u010da. Ozljede su zaustavile nastupe Davida Mandi\u0107a, \u017deljka Muse, Ivana \u010cupi\u0107a, Zvonimira Srne, Luke \u0160ebeti\u0107a, Ivana Martinovi\u0107a i Marina \u0160ipi\u0107a.<\/p>\n\n\n\n<p>Dobre vijesti su pak, da&nbsp;Luka Cindri\u0107&nbsp;nije upitan, ba\u0161 kao ni&nbsp;Igor Kara\u010di\u0107. Od svog trenera je dobio tri dana po\u0161tede da prije okupljanja vidi svoju obitelj, a mnogi mediji su to protuma\u010dili kao da je u pitanju ozljeda.&nbsp;Kara\u010di\u0107 je spreman, prepun elana i volje&nbsp;da nakon propu\u0161tenog Europskog prvenstva ponovno poka\u017ee svu rasko\u0161 talenta.<\/p>\n\n\n\n<p><em>Do\u0161li smo u Finsku obaviti posao. \u010ceka nas zanimljiv izazov, a mi smo spremni. Dobro smo iskoristili ovo vrijeme za uigravanje i vjerujem da \u0107emo biti pravi. Ne bih volio govoriti tko nam sve nedostaje.&nbsp;Istina je&nbsp;da ima puno novih, mladih igra\u010da u reprezentaciji, ali ja im vjerujem. Treba im jo\u0161 malo vremena za prilagodbu, ali&nbsp;siguran sam da \u0107e sve biti dobro,<\/em>&nbsp;rekao je uo\u010di gostovanja kod Finske Igor Kara\u010di\u0107.<\/p>\n\n\n\n<p>Jedan od najja\u010dih aduta hrvatske reprezentacije u ovom trenutku&nbsp;jo\u0161 je dodao:<\/p>\n\n\n\n<p><em>Ne smijemo se opustiti&nbsp;i moramo dati gas i maksimalno koncentrirano odigrati kod Finske. Sve je to lan\u010dano i ne \u017eelimo sebi stvoriti bespotrebne probleme. Ne znam otkuda informacije da sam ozlije\u0111en. Jedina je istina da&nbsp;nisam odigrao posljednju utakmicu, ali sam dobio po\u0161tedu od trenera da vidim svoje najmilije. Ni\u0161ta drugo.<\/em><\/p>\n\n\n\n<p>Izbornik&nbsp;Hrvoje Horvat&nbsp;na raspolaganju ima 18 igra\u010da: tri vratara, \u010detiri krila, tri kru\u017ena napada\u010da i osam vanjskih igra\u010da. Najtanja je Hrvatska za sada na desnoj strani koju \u0107e dr\u017eati mladi\u0107i Luka Lovre Klarica i Mateo Mara\u0161. Ali,&nbsp;njihova forma je odli\u010dna&nbsp;i nitko ne sumnja da \u0107e vrhunski odraditi ono \u0161to se od njih bude tra\u017eilo, navodi Hina.<\/p>\n\n\n\n<p>Hrvatska&nbsp;\u017eeli pobijediti u oba susreta&nbsp;i poslati poruku ne samo svojim navija\u010dima, nego i svijetu da je ponovno tu, mo\u0107na i spremna za velike stvari. Naravno da je oprez nu\u017ean, ali&nbsp;straha nema. Ina\u010de, Finska je samo jednom sudjelovala na velikom natjecanju. Bilo je to Svjetsko prvenstvo, daleke 1958. godine.<\/p>\n\n\n\n<p>Izvor:pogled.ba<\/p>\n","protected":false},"excerpt":{"rendered":"<p>Nakon ne\u0161to vi\u0161e od dva i pol sata leta hrvatska rukometna reprezentacija stigla je u finski gradi\u0107 Vantaa gdje \u0107e u srijedu (18 sati) odigrati prvi susret drugog kruga kvalifikacija za Svjetsko prvenstvo 2023. godine. U ovom gradu Hrvatska je ispisala jedan dio bogate povijesti, jer je upravo&nbsp;tu odigrala prvi slu\u017ebeni susret. Bilo je to [&hellip;]<\/p>\n","protected":false},"author":2,"featured_media":117554,"comment_status":"closed","ping_status":"closed","sticky":false,"template":"","format":"standard","meta":{"h5ap_radio_sources":[],"footnotes":""},"categories":[7],"tags":[],"class_list":["post-131995","post","type-post","status-publish","format-standard","has-post-thumbnail","hentry","category-sport"],"yoast_head":"<!-- This site is optimized with the Yoast SEO plugin v27.5 - https:\/\/yoast.com\/product\/yoast-seo-wordpress\/ -->\n<title>Kara\u010di\u0107: Do\u0161li smo obaviti posao - RADIO LJUBU\u0160KI<\/title>\n<meta name=\"robots\" content=\"index, follow, max-snippet:-1, max-image-preview:large, max-video-preview:-1\" \/>\n<link rel=\"canonical\" href=\"https:\/\/radioljubuski.ba\/index.php\/2022\/04\/13\/karacic-dosli-smo-obaviti-posao\/\" \/>\n<meta property=\"og:locale\" content=\"hr_HR\" \/>\n<meta property=\"og:type\" content=\"article\" \/>\n<meta property=\"og:title\" content=\"Kara\u010di\u0107: Do\u0161li smo obaviti posao - RADIO LJUBU\u0160KI\" \/>\n<meta property=\"og:description\" content=\"Nakon ne\u0161to vi\u0161e od dva i pol sata leta hrvatska rukometna reprezentacija stigla je u finski gradi\u0107 Vantaa gdje \u0107e u srijedu (18 sati) odigrati prvi susret drugog kruga kvalifikacija za Svjetsko prvenstvo 2023. godine. U ovom gradu Hrvatska je ispisala jedan dio bogate povijesti, jer je upravo&nbsp;tu odigrala prvi slu\u017ebeni susret. Bilo je to [&hellip;]\" \/>\n<meta property=\"og:url\" content=\"https:\/\/radioljubuski.ba\/index.php\/2022\/04\/13\/karacic-dosli-smo-obaviti-posao\/\" \/>\n<meta property=\"og:site_name\" content=\"RADIO LJUBU\u0160KI\" \/>\n<meta property=\"article:publisher\" content=\"https:\/\/www.facebook.com\/Radiio-Ljubuski-1490835324566332\" \/>\n<meta property=\"article:published_time\" content=\"2022-04-13T12:26:21+00:00\" \/>\n<meta property=\"article:modified_time\" content=\"2022-04-13T12:26:22+00:00\" \/>\n<meta property=\"og:image\" content=\"https:\/\/radioljubuski.ba\/wp-content\/uploads\/2022\/03\/igor-karacic.jpg\" \/>\n\t<meta property=\"og:image:width\" content=\"810\" \/>\n\t<meta property=\"og:image:height\" content=\"540\" \/>\n\t<meta property=\"og:image:type\" content=\"image\/jpeg\" \/>\n<meta name=\"author\" content=\"Radio Ljubu\u0161ki\" \/>\n<meta name=\"twitter:card\" content=\"summary_large_image\" \/>\n<meta name=\"twitter:creator\" content=\"@radioljubuski\" \/>\n<meta name=\"twitter:site\" content=\"@radioljubuski\" \/>\n<meta name=\"twitter:label1\" content=\"Napisao\/la\" \/>\n\t<meta name=\"twitter:data1\" content=\"Radio Ljubu\u0161ki\" \/>\n\t<meta name=\"twitter:label2\" content=\"Procijenjeno vrijeme \u010ditanja\" \/>\n\t<meta name=\"twitter:data2\" content=\"3 minute\" \/>\n<script type=\"application\/ld+json\" class=\"yoast-schema-graph\">{\"@context\":\"https:\\\/\\\/schema.org\",\"@graph\":[{\"@type\":\"Article\",\"@id\":\"https:\\\/\\\/radioljubuski.ba\\\/index.php\\\/2022\\\/04\\\/13\\\/karacic-dosli-smo-obaviti-posao\\\/#article\",\"isPartOf\":{\"@id\":\"https:\\\/\\\/radioljubuski.ba\\\/index.php\\\/2022\\\/04\\\/13\\\/karacic-dosli-smo-obaviti-posao\\\/\"},\"author\":{\"name\":\"Radio Ljubu\u0161ki\",\"@id\":\"https:\\\/\\\/radioljubuski.ba\\\/#\\\/schema\\\/person\\\/19fc700381a780f69665d7956c469e3b\"},\"headline\":\"Kara\u010di\u0107: Do\u0161li smo obaviti posao\",\"datePublished\":\"2022-04-13T12:26:21+00:00\",\"dateModified\":\"2022-04-13T12:26:22+00:00\",\"mainEntityOfPage\":{\"@id\":\"https:\\\/\\\/radioljubuski.ba\\\/index.php\\\/2022\\\/04\\\/13\\\/karacic-dosli-smo-obaviti-posao\\\/\"},\"wordCount\":554,\"publisher\":{\"@id\":\"https:\\\/\\\/radioljubuski.ba\\\/#organization\"},\"image\":{\"@id\":\"https:\\\/\\\/radioljubuski.ba\\\/index.php\\\/2022\\\/04\\\/13\\\/karacic-dosli-smo-obaviti-posao\\\/#primaryimage\"},\"thumbnailUrl\":\"https:\\\/\\\/radioljubuski.ba\\\/wp-content\\\/uploads\\\/2022\\\/03\\\/igor-karacic.jpg\",\"articleSection\":[\"\u0160port\"],\"inLanguage\":\"hr\"},{\"@type\":\"WebPage\",\"@id\":\"https:\\\/\\\/radioljubuski.ba\\\/index.php\\\/2022\\\/04\\\/13\\\/karacic-dosli-smo-obaviti-posao\\\/\",\"url\":\"https:\\\/\\\/radioljubuski.ba\\\/index.php\\\/2022\\\/04\\\/13\\\/karacic-dosli-smo-obaviti-posao\\\/\",\"name\":\"Kara\u010di\u0107: Do\u0161li smo obaviti posao - RADIO LJUBU\u0160KI\",\"isPartOf\":{\"@id\":\"https:\\\/\\\/radioljubuski.ba\\\/#website\"},\"primaryImageOfPage\":{\"@id\":\"https:\\\/\\\/radioljubuski.ba\\\/index.php\\\/2022\\\/04\\\/13\\\/karacic-dosli-smo-obaviti-posao\\\/#primaryimage\"},\"image\":{\"@id\":\"https:\\\/\\\/radioljubuski.ba\\\/index.php\\\/2022\\\/04\\\/13\\\/karacic-dosli-smo-obaviti-posao\\\/#primaryimage\"},\"thumbnailUrl\":\"https:\\\/\\\/radioljubuski.ba\\\/wp-content\\\/uploads\\\/2022\\\/03\\\/igor-karacic.jpg\",\"datePublished\":\"2022-04-13T12:26:21+00:00\",\"dateModified\":\"2022-04-13T12:26:22+00:00\",\"breadcrumb\":{\"@id\":\"https:\\\/\\\/radioljubuski.ba\\\/index.php\\\/2022\\\/04\\\/13\\\/karacic-dosli-smo-obaviti-posao\\\/#breadcrumb\"},\"inLanguage\":\"hr\",\"potentialAction\":[{\"@type\":\"ReadAction\",\"target\":[\"https:\\\/\\\/radioljubuski.ba\\\/index.php\\\/2022\\\/04\\\/13\\\/karacic-dosli-smo-obaviti-posao\\\/\"]}]},{\"@type\":\"ImageObject\",\"inLanguage\":\"hr\",\"@id\":\"https:\\\/\\\/radioljubuski.ba\\\/index.php\\\/2022\\\/04\\\/13\\\/karacic-dosli-smo-obaviti-posao\\\/#primaryimage\",\"url\":\"https:\\\/\\\/radioljubuski.ba\\\/wp-content\\\/uploads\\\/2022\\\/03\\\/igor-karacic.jpg\",\"contentUrl\":\"https:\\\/\\\/radioljubuski.ba\\\/wp-content\\\/uploads\\\/2022\\\/03\\\/igor-karacic.jpg\",\"width\":810,\"height\":540},{\"@type\":\"BreadcrumbList\",\"@id\":\"https:\\\/\\\/radioljubuski.ba\\\/index.php\\\/2022\\\/04\\\/13\\\/karacic-dosli-smo-obaviti-posao\\\/#breadcrumb\",\"itemListElement\":[{\"@type\":\"ListItem\",\"position\":1,\"name\":\"Po\u010detna stranica\",\"item\":\"https:\\\/\\\/radioljubuski.ba\\\/\"},{\"@type\":\"ListItem\",\"position\":2,\"name\":\"Kara\u010di\u0107: Do\u0161li smo obaviti posao\"}]},{\"@type\":\"WebSite\",\"@id\":\"https:\\\/\\\/radioljubuski.ba\\\/#website\",\"url\":\"https:\\\/\\\/radioljubuski.ba\\\/\",\"name\":\"Radio Ljubu\u0161ki\",\"description\":\"Sun\u010dana frekvencija Hercegovine\",\"publisher\":{\"@id\":\"https:\\\/\\\/radioljubuski.ba\\\/#organization\"},\"potentialAction\":[{\"@type\":\"SearchAction\",\"target\":{\"@type\":\"EntryPoint\",\"urlTemplate\":\"https:\\\/\\\/radioljubuski.ba\\\/?s={search_term_string}\"},\"query-input\":{\"@type\":\"PropertyValueSpecification\",\"valueRequired\":true,\"valueName\":\"search_term_string\"}}],\"inLanguage\":\"hr\"},{\"@type\":\"Organization\",\"@id\":\"https:\\\/\\\/radioljubuski.ba\\\/#organization\",\"name\":\"Radio Ljubu\u0161ki\",\"url\":\"https:\\\/\\\/radioljubuski.ba\\\/\",\"logo\":{\"@type\":\"ImageObject\",\"inLanguage\":\"hr\",\"@id\":\"https:\\\/\\\/radioljubuski.ba\\\/#\\\/schema\\\/logo\\\/image\\\/\",\"url\":\"https:\\\/\\\/radioljubuski.ba\\\/wp-content\\\/uploads\\\/2021\\\/02\\\/cropped-Radio_Ljubuski_logo1.jpg\",\"contentUrl\":\"https:\\\/\\\/radioljubuski.ba\\\/wp-content\\\/uploads\\\/2021\\\/02\\\/cropped-Radio_Ljubuski_logo1.jpg\",\"width\":512,\"height\":512,\"caption\":\"Radio Ljubu\u0161ki\"},\"image\":{\"@id\":\"https:\\\/\\\/radioljubuski.ba\\\/#\\\/schema\\\/logo\\\/image\\\/\"},\"sameAs\":[\"https:\\\/\\\/www.facebook.com\\\/Radiio-Ljubuski-1490835324566332\",\"https:\\\/\\\/x.com\\\/radioljubuski\",\"https:\\\/\\\/hr.linkedin.com\\\/company\\\/radio-ljubuski\",\"https:\\\/\\\/www.youtube.com\\\/channel\\\/UCHYaeO_n0Db3tjNGudGpXyw\"]},{\"@type\":\"Person\",\"@id\":\"https:\\\/\\\/radioljubuski.ba\\\/#\\\/schema\\\/person\\\/19fc700381a780f69665d7956c469e3b\",\"name\":\"Radio Ljubu\u0161ki\"}]}<\/script>\n<!-- \/ Yoast SEO plugin. -->","yoast_head_json":{"title":"Kara\u010di\u0107: Do\u0161li smo obaviti posao - RADIO LJUBU\u0160KI","robots":{"index":"index","follow":"follow","max-snippet":"max-snippet:-1","max-image-preview":"max-image-preview:large","max-video-preview":"max-video-preview:-1"},"canonical":"https:\/\/radioljubuski.ba\/index.php\/2022\/04\/13\/karacic-dosli-smo-obaviti-posao\/","og_locale":"hr_HR","og_type":"article","og_title":"Kara\u010di\u0107: Do\u0161li smo obaviti posao - RADIO LJUBU\u0160KI","og_description":"Nakon ne\u0161to vi\u0161e od dva i pol sata leta hrvatska rukometna reprezentacija stigla je u finski gradi\u0107 Vantaa gdje \u0107e u srijedu (18 sati) odigrati prvi susret drugog kruga kvalifikacija za Svjetsko prvenstvo 2023. godine. U ovom gradu Hrvatska je ispisala jedan dio bogate povijesti, jer je upravo&nbsp;tu odigrala prvi slu\u017ebeni susret. Bilo je to [&hellip;]","og_url":"https:\/\/radioljubuski.ba\/index.php\/2022\/04\/13\/karacic-dosli-smo-obaviti-posao\/","og_site_name":"RADIO LJUBU\u0160KI","article_publisher":"https:\/\/www.facebook.com\/Radiio-Ljubuski-1490835324566332","article_published_time":"2022-04-13T12:26:21+00:00","article_modified_time":"2022-04-13T12:26:22+00:00","og_image":[{"width":810,"height":540,"url":"https:\/\/radioljubuski.ba\/wp-content\/uploads\/2022\/03\/igor-karacic.jpg","type":"image\/jpeg"}],"author":"Radio Ljubu\u0161ki","twitter_card":"summary_large_image","twitter_creator":"@radioljubuski","twitter_site":"@radioljubuski","twitter_misc":{"Napisao\/la":"Radio Ljubu\u0161ki","Procijenjeno vrijeme \u010ditanja":"3 minute"},"schema":{"@context":"https:\/\/schema.org","@graph":[{"@type":"Article","@id":"https:\/\/radioljubuski.ba\/index.php\/2022\/04\/13\/karacic-dosli-smo-obaviti-posao\/#article","isPartOf":{"@id":"https:\/\/radioljubuski.ba\/index.php\/2022\/04\/13\/karacic-dosli-smo-obaviti-posao\/"},"author":{"name":"Radio Ljubu\u0161ki","@id":"https:\/\/radioljubuski.ba\/#\/schema\/person\/19fc700381a780f69665d7956c469e3b"},"headline":"Kara\u010di\u0107: Do\u0161li smo obaviti posao","datePublished":"2022-04-13T12:26:21+00:00","dateModified":"2022-04-13T12:26:22+00:00","mainEntityOfPage":{"@id":"https:\/\/radioljubuski.ba\/index.php\/2022\/04\/13\/karacic-dosli-smo-obaviti-posao\/"},"wordCount":554,"publisher":{"@id":"https:\/\/radioljubuski.ba\/#organization"},"image":{"@id":"https:\/\/radioljubuski.ba\/index.php\/2022\/04\/13\/karacic-dosli-smo-obaviti-posao\/#primaryimage"},"thumbnailUrl":"https:\/\/radioljubuski.ba\/wp-content\/uploads\/2022\/03\/igor-karacic.jpg","articleSection":["\u0160port"],"inLanguage":"hr"},{"@type":"WebPage","@id":"https:\/\/radioljubuski.ba\/index.php\/2022\/04\/13\/karacic-dosli-smo-obaviti-posao\/","url":"https:\/\/radioljubuski.ba\/index.php\/2022\/04\/13\/karacic-dosli-smo-obaviti-posao\/","name":"Kara\u010di\u0107: Do\u0161li smo obaviti posao - RADIO LJUBU\u0160KI","isPartOf":{"@id":"https:\/\/radioljubuski.ba\/#website"},"primaryImageOfPage":{"@id":"https:\/\/radioljubuski.ba\/index.php\/2022\/04\/13\/karacic-dosli-smo-obaviti-posao\/#primaryimage"},"image":{"@id":"https:\/\/radioljubuski.ba\/index.php\/2022\/04\/13\/karacic-dosli-smo-obaviti-posao\/#primaryimage"},"thumbnailUrl":"https:\/\/radioljubuski.ba\/wp-content\/uploads\/2022\/03\/igor-karacic.jpg","datePublished":"2022-04-13T12:26:21+00:00","dateModified":"2022-04-13T12:26:22+00:00","breadcrumb":{"@id":"https:\/\/radioljubuski.ba\/index.php\/2022\/04\/13\/karacic-dosli-smo-obaviti-posao\/#breadcrumb"},"inLanguage":"hr","potentialAction":[{"@type":"ReadAction","target":["https:\/\/radioljubuski.ba\/index.php\/2022\/04\/13\/karacic-dosli-smo-obaviti-posao\/"]}]},{"@type":"ImageObject","inLanguage":"hr","@id":"https:\/\/radioljubuski.ba\/index.php\/2022\/04\/13\/karacic-dosli-smo-obaviti-posao\/#primaryimage","url":"https:\/\/radioljubuski.ba\/wp-content\/uploads\/2022\/03\/igor-karacic.jpg","contentUrl":"https:\/\/radioljubuski.ba\/wp-content\/uploads\/2022\/03\/igor-karacic.jpg","width":810,"height":540},{"@type":"BreadcrumbList","@id":"https:\/\/radioljubuski.ba\/index.php\/2022\/04\/13\/karacic-dosli-smo-obaviti-posao\/#breadcrumb","itemListElement":[{"@type":"ListItem","position":1,"name":"Po\u010detna stranica","item":"https:\/\/radioljubuski.ba\/"},{"@type":"ListItem","position":2,"name":"Kara\u010di\u0107: Do\u0161li smo obaviti posao"}]},{"@type":"WebSite","@id":"https:\/\/radioljubuski.ba\/#website","url":"https:\/\/radioljubuski.ba\/","name":"Radio Ljubu\u0161ki","description":"Sun\u010dana frekvencija Hercegovine","publisher":{"@id":"https:\/\/radioljubuski.ba\/#organization"},"potentialAction":[{"@type":"SearchAction","target":{"@type":"EntryPoint","urlTemplate":"https:\/\/radioljubuski.ba\/?s={search_term_string}"},"query-input":{"@type":"PropertyValueSpecification","valueRequired":true,"valueName":"search_term_string"}}],"inLanguage":"hr"},{"@type":"Organization","@id":"https:\/\/radioljubuski.ba\/#organization","name":"Radio Ljubu\u0161ki","url":"https:\/\/radioljubuski.ba\/","logo":{"@type":"ImageObject","inLanguage":"hr","@id":"https:\/\/radioljubuski.ba\/#\/schema\/logo\/image\/","url":"https:\/\/radioljubuski.ba\/wp-content\/uploads\/2021\/02\/cropped-Radio_Ljubuski_logo1.jpg","contentUrl":"https:\/\/radioljubuski.ba\/wp-content\/uploads\/2021\/02\/cropped-Radio_Ljubuski_logo1.jpg","width":512,"height":512,"caption":"Radio Ljubu\u0161ki"},"image":{"@id":"https:\/\/radioljubuski.ba\/#\/schema\/logo\/image\/"},"sameAs":["https:\/\/www.facebook.com\/Radiio-Ljubuski-1490835324566332","https:\/\/x.com\/radioljubuski","https:\/\/hr.linkedin.com\/company\/radio-ljubuski","https:\/\/www.youtube.com\/channel\/UCHYaeO_n0Db3tjNGudGpXyw"]},{"@type":"Person","@id":"https:\/\/radioljubuski.ba\/#\/schema\/person\/19fc700381a780f69665d7956c469e3b","name":"Radio Ljubu\u0161ki"}]}},"_links":{"self":[{"href":"https:\/\/radioljubuski.ba\/index.php\/wp-json\/wp\/v2\/posts\/131995","targetHints":{"allow":["GET"]}}],"collection":[{"href":"https:\/\/radioljubuski.ba\/index.php\/wp-json\/wp\/v2\/posts"}],"about":[{"href":"https:\/\/radioljubuski.ba\/index.php\/wp-json\/wp\/v2\/types\/post"}],"author":[{"embeddable":true,"href":"https:\/\/radioljubuski.ba\/index.php\/wp-json\/wp\/v2\/users\/2"}],"replies":[{"embeddable":true,"href":"https:\/\/radioljubuski.ba\/index.php\/wp-json\/wp\/v2\/comments?post=131995"}],"version-history":[{"count":1,"href":"https:\/\/radioljubuski.ba\/index.php\/wp-json\/wp\/v2\/posts\/131995\/revisions"}],"predecessor-version":[{"id":131996,"href":"https:\/\/radioljubuski.ba\/index.php\/wp-json\/wp\/v2\/posts\/131995\/revisions\/131996"}],"wp:featuredmedia":[{"embeddable":true,"href":"https:\/\/radioljubuski.ba\/index.php\/wp-json\/wp\/v2\/media\/117554"}],"wp:attachment":[{"href":"https:\/\/radioljubuski.ba\/index.php\/wp-json\/wp\/v2\/media?parent=131995"}],"wp:term":[{"taxonomy":"category","embeddable":true,"href":"https:\/\/radioljubuski.ba\/index.php\/wp-json\/wp\/v2\/categories?post=131995"},{"taxonomy":"post_tag","embeddable":true,"href":"https:\/\/radioljubuski.ba\/index.php\/wp-json\/wp\/v2\/tags?post=131995"}],"curies":[{"name":"wp","href":"https:\/\/api.w.org\/{rel}","templated":true}]}}