{"id":132065,"date":"2022-04-13T14:20:30","date_gmt":"2022-04-13T13:20:30","guid":{"rendered":"https:\/\/radioljubuski.ba\/?p=132065"},"modified":"2022-04-13T14:20:31","modified_gmt":"2022-04-13T13:20:31","slug":"besiktas-se-oglasio-o-napisima-da-se-pjanic-vraca-u-barcu","status":"publish","type":"post","link":"https:\/\/radioljubuski.ba\/index.php\/2022\/04\/13\/besiktas-se-oglasio-o-napisima-da-se-pjanic-vraca-u-barcu\/","title":{"rendered":"Be\u0161ikta\u0161 se oglasio o napisima da se Pjani\u0107 vra\u0107a u Barcu"},"content":{"rendered":"\n<p>Nakon \u0161to su brojni turski i \u0161panjolski mediji objavili kako se bosanskohercegova\u010dki veznjak Miralem Pjani\u0107 vra\u0107a u Barcelonu s posudbe u Be\u0161ikta\u0161u, reagirao je i turski klub.<\/p>\n\n\n\n<p>Prema navodima lokalnih turskih medija sportski direktor Be\u0161ikta\u0161a Ceyhun Kazanci je poru\u010dio:<\/p>\n\n\n\n<p>\u2013 Ne\u0107emo nastaviti suradnju s Pjani\u0107em idu\u0107e sezone.<\/p>\n\n\n\n<p>Ipak Be\u0161ikta\u0161 je ove i sve sli\u010dne izjave proglasio la\u017enima te najavio izvanrednu konferenciju za medije:<\/p>\n\n\n\n<p>\u2013 Navodne izjave na\u0161eg sportskog direktora ne odra\u017eavaju stvarno stanje. Tra\u017eimo da se ovakve vijesti bez ispitivanja vjerodostojnosti ne uzimaju za ozbiljno od strane javnosti i na\u0161ih navija\u010da, poru\u010dio je klub i dodao:<\/p>\n\n\n\n<p>\u2013 Kako bi uklonili sve nejasno\u0107e i kako bi predo\u010dili potpune informacije na\u0161oj zajednici, na\u0161 \u0107e sportski direktor Ceyhun Kazanci odr\u017eati konferenciju za medije.<\/p>\n\n\n\n<p>Nekada\u0161nji igra\u010d Juventusa u Barcelonu je do\u0161ao u ljeto 2020. godine u velikoj razmjeni u kojoj je u Staroj dami zavr\u0161io brazilski veznjak Arthur, potpisao je Pjani\u0107 ugovor na \u010detiri godine uz otkupnu klauzulu od 400 miliona eura.<\/p>\n\n\n\n<p>Ipak bosanskohercegova\u010dki veznjak nije se sna\u0161ao u katalonskom klubu te je nakon lo\u0161ih odnosa s biv\u0161im trenerom Ronaldom Koemanom oti\u0161ao na posudbu u Be\u0161ikta\u0161.<\/p>\n\n\n\n<p>Pjani\u0107 je dobro po\u010deo u Turskoj, ali je ozljeda poremetila njegov napredak. Zbog ozljede je propustio dva mjeseca, a otkako se vratio u akciju ne pru\u017ea tako dobre igre.<\/p>\n\n\n\n<p>U karijeri je Pjani\u0107 tako\u0111er igrao i za Metz, Lyon i Romu, a ima i 103 seniorska nastupa za Bosnu i Hercegovinu, pi\u0161e <a href=\"https:\/\/sport.hrt.hr\/medunarodni-nogomet\/pjanic-se-vraca-u-barcelonu-6714284\">HRT.<\/a><\/p>\n\n\n\n<p><em>Izvor: narod.hr\/HRT<\/em><\/p>\n","protected":false},"excerpt":{"rendered":"<p>Nakon \u0161to su brojni turski i \u0161panjolski mediji objavili kako se bosanskohercegova\u010dki veznjak Miralem Pjani\u0107 vra\u0107a u Barcelonu s posudbe u Be\u0161ikta\u0161u, reagirao je i turski klub. Prema navodima lokalnih turskih medija sportski direktor Be\u0161ikta\u0161a Ceyhun Kazanci je poru\u010dio: \u2013 Ne\u0107emo nastaviti suradnju s Pjani\u0107em idu\u0107e sezone. Ipak Be\u0161ikta\u0161 je ove i sve sli\u010dne izjave [&hellip;]<\/p>\n","protected":false},"author":2,"featured_media":132066,"comment_status":"closed","ping_status":"closed","sticky":false,"template":"","format":"standard","meta":{"h5ap_radio_sources":[],"footnotes":""},"categories":[7],"tags":[],"class_list":["post-132065","post","type-post","status-publish","format-standard","has-post-thumbnail","hentry","category-sport"],"yoast_head":"<!-- This site is optimized with the Yoast SEO plugin v27.5 - https:\/\/yoast.com\/product\/yoast-seo-wordpress\/ -->\n<title>Be\u0161ikta\u0161 se oglasio o napisima da se Pjani\u0107 vra\u0107a u Barcu - RADIO LJUBU\u0160KI<\/title>\n<meta name=\"robots\" content=\"index, follow, max-snippet:-1, max-image-preview:large, max-video-preview:-1\" \/>\n<link rel=\"canonical\" href=\"https:\/\/radioljubuski.ba\/index.php\/2022\/04\/13\/besiktas-se-oglasio-o-napisima-da-se-pjanic-vraca-u-barcu\/\" \/>\n<meta property=\"og:locale\" content=\"hr_HR\" \/>\n<meta property=\"og:type\" content=\"article\" \/>\n<meta property=\"og:title\" content=\"Be\u0161ikta\u0161 se oglasio o napisima da se Pjani\u0107 vra\u0107a u Barcu - RADIO LJUBU\u0160KI\" \/>\n<meta property=\"og:description\" content=\"Nakon \u0161to su brojni turski i \u0161panjolski mediji objavili kako se bosanskohercegova\u010dki veznjak Miralem Pjani\u0107 vra\u0107a u Barcelonu s posudbe u Be\u0161ikta\u0161u, reagirao je i turski klub. Prema navodima lokalnih turskih medija sportski direktor Be\u0161ikta\u0161a Ceyhun Kazanci je poru\u010dio: \u2013 Ne\u0107emo nastaviti suradnju s Pjani\u0107em idu\u0107e sezone. Ipak Be\u0161ikta\u0161 je ove i sve sli\u010dne izjave [&hellip;]\" \/>\n<meta property=\"og:url\" content=\"https:\/\/radioljubuski.ba\/index.php\/2022\/04\/13\/besiktas-se-oglasio-o-napisima-da-se-pjanic-vraca-u-barcu\/\" \/>\n<meta property=\"og:site_name\" content=\"RADIO LJUBU\u0160KI\" \/>\n<meta property=\"article:publisher\" content=\"https:\/\/www.facebook.com\/Radiio-Ljubuski-1490835324566332\" \/>\n<meta property=\"article:published_time\" content=\"2022-04-13T13:20:30+00:00\" \/>\n<meta property=\"article:modified_time\" content=\"2022-04-13T13:20:31+00:00\" \/>\n<meta property=\"og:image\" content=\"https:\/\/radioljubuski.ba\/wp-content\/uploads\/2022\/04\/HN20201124814872-696x476-1.jpg\" \/>\n\t<meta property=\"og:image:width\" content=\"696\" \/>\n\t<meta property=\"og:image:height\" content=\"476\" \/>\n\t<meta property=\"og:image:type\" content=\"image\/jpeg\" \/>\n<meta name=\"author\" content=\"Radio Ljubu\u0161ki\" \/>\n<meta name=\"twitter:card\" content=\"summary_large_image\" \/>\n<meta name=\"twitter:creator\" content=\"@radioljubuski\" \/>\n<meta name=\"twitter:site\" content=\"@radioljubuski\" \/>\n<meta name=\"twitter:label1\" content=\"Napisao\/la\" \/>\n\t<meta name=\"twitter:data1\" content=\"Radio Ljubu\u0161ki\" \/>\n\t<meta name=\"twitter:label2\" content=\"Procijenjeno vrijeme \u010ditanja\" \/>\n\t<meta name=\"twitter:data2\" content=\"2 minute\" \/>\n<script type=\"application\/ld+json\" class=\"yoast-schema-graph\">{\"@context\":\"https:\\\/\\\/schema.org\",\"@graph\":[{\"@type\":\"Article\",\"@id\":\"https:\\\/\\\/radioljubuski.ba\\\/index.php\\\/2022\\\/04\\\/13\\\/besiktas-se-oglasio-o-napisima-da-se-pjanic-vraca-u-barcu\\\/#article\",\"isPartOf\":{\"@id\":\"https:\\\/\\\/radioljubuski.ba\\\/index.php\\\/2022\\\/04\\\/13\\\/besiktas-se-oglasio-o-napisima-da-se-pjanic-vraca-u-barcu\\\/\"},\"author\":{\"name\":\"Radio Ljubu\u0161ki\",\"@id\":\"https:\\\/\\\/radioljubuski.ba\\\/#\\\/schema\\\/person\\\/19fc700381a780f69665d7956c469e3b\"},\"headline\":\"Be\u0161ikta\u0161 se oglasio o napisima da se Pjani\u0107 vra\u0107a u Barcu\",\"datePublished\":\"2022-04-13T13:20:30+00:00\",\"dateModified\":\"2022-04-13T13:20:31+00:00\",\"mainEntityOfPage\":{\"@id\":\"https:\\\/\\\/radioljubuski.ba\\\/index.php\\\/2022\\\/04\\\/13\\\/besiktas-se-oglasio-o-napisima-da-se-pjanic-vraca-u-barcu\\\/\"},\"wordCount\":282,\"publisher\":{\"@id\":\"https:\\\/\\\/radioljubuski.ba\\\/#organization\"},\"image\":{\"@id\":\"https:\\\/\\\/radioljubuski.ba\\\/index.php\\\/2022\\\/04\\\/13\\\/besiktas-se-oglasio-o-napisima-da-se-pjanic-vraca-u-barcu\\\/#primaryimage\"},\"thumbnailUrl\":\"https:\\\/\\\/radioljubuski.ba\\\/wp-content\\\/uploads\\\/2022\\\/04\\\/HN20201124814872-696x476-1.jpg\",\"articleSection\":[\"\u0160port\"],\"inLanguage\":\"hr\"},{\"@type\":\"WebPage\",\"@id\":\"https:\\\/\\\/radioljubuski.ba\\\/index.php\\\/2022\\\/04\\\/13\\\/besiktas-se-oglasio-o-napisima-da-se-pjanic-vraca-u-barcu\\\/\",\"url\":\"https:\\\/\\\/radioljubuski.ba\\\/index.php\\\/2022\\\/04\\\/13\\\/besiktas-se-oglasio-o-napisima-da-se-pjanic-vraca-u-barcu\\\/\",\"name\":\"Be\u0161ikta\u0161 se oglasio o napisima da se Pjani\u0107 vra\u0107a u Barcu - RADIO LJUBU\u0160KI\",\"isPartOf\":{\"@id\":\"https:\\\/\\\/radioljubuski.ba\\\/#website\"},\"primaryImageOfPage\":{\"@id\":\"https:\\\/\\\/radioljubuski.ba\\\/index.php\\\/2022\\\/04\\\/13\\\/besiktas-se-oglasio-o-napisima-da-se-pjanic-vraca-u-barcu\\\/#primaryimage\"},\"image\":{\"@id\":\"https:\\\/\\\/radioljubuski.ba\\\/index.php\\\/2022\\\/04\\\/13\\\/besiktas-se-oglasio-o-napisima-da-se-pjanic-vraca-u-barcu\\\/#primaryimage\"},\"thumbnailUrl\":\"https:\\\/\\\/radioljubuski.ba\\\/wp-content\\\/uploads\\\/2022\\\/04\\\/HN20201124814872-696x476-1.jpg\",\"datePublished\":\"2022-04-13T13:20:30+00:00\",\"dateModified\":\"2022-04-13T13:20:31+00:00\",\"breadcrumb\":{\"@id\":\"https:\\\/\\\/radioljubuski.ba\\\/index.php\\\/2022\\\/04\\\/13\\\/besiktas-se-oglasio-o-napisima-da-se-pjanic-vraca-u-barcu\\\/#breadcrumb\"},\"inLanguage\":\"hr\",\"potentialAction\":[{\"@type\":\"ReadAction\",\"target\":[\"https:\\\/\\\/radioljubuski.ba\\\/index.php\\\/2022\\\/04\\\/13\\\/besiktas-se-oglasio-o-napisima-da-se-pjanic-vraca-u-barcu\\\/\"]}]},{\"@type\":\"ImageObject\",\"inLanguage\":\"hr\",\"@id\":\"https:\\\/\\\/radioljubuski.ba\\\/index.php\\\/2022\\\/04\\\/13\\\/besiktas-se-oglasio-o-napisima-da-se-pjanic-vraca-u-barcu\\\/#primaryimage\",\"url\":\"https:\\\/\\\/radioljubuski.ba\\\/wp-content\\\/uploads\\\/2022\\\/04\\\/HN20201124814872-696x476-1.jpg\",\"contentUrl\":\"https:\\\/\\\/radioljubuski.ba\\\/wp-content\\\/uploads\\\/2022\\\/04\\\/HN20201124814872-696x476-1.jpg\",\"width\":696,\"height\":476},{\"@type\":\"BreadcrumbList\",\"@id\":\"https:\\\/\\\/radioljubuski.ba\\\/index.php\\\/2022\\\/04\\\/13\\\/besiktas-se-oglasio-o-napisima-da-se-pjanic-vraca-u-barcu\\\/#breadcrumb\",\"itemListElement\":[{\"@type\":\"ListItem\",\"position\":1,\"name\":\"Po\u010detna stranica\",\"item\":\"https:\\\/\\\/radioljubuski.ba\\\/\"},{\"@type\":\"ListItem\",\"position\":2,\"name\":\"Be\u0161ikta\u0161 se oglasio o napisima da se Pjani\u0107 vra\u0107a u Barcu\"}]},{\"@type\":\"WebSite\",\"@id\":\"https:\\\/\\\/radioljubuski.ba\\\/#website\",\"url\":\"https:\\\/\\\/radioljubuski.ba\\\/\",\"name\":\"Radio Ljubu\u0161ki\",\"description\":\"Sun\u010dana frekvencija Hercegovine\",\"publisher\":{\"@id\":\"https:\\\/\\\/radioljubuski.ba\\\/#organization\"},\"potentialAction\":[{\"@type\":\"SearchAction\",\"target\":{\"@type\":\"EntryPoint\",\"urlTemplate\":\"https:\\\/\\\/radioljubuski.ba\\\/?s={search_term_string}\"},\"query-input\":{\"@type\":\"PropertyValueSpecification\",\"valueRequired\":true,\"valueName\":\"search_term_string\"}}],\"inLanguage\":\"hr\"},{\"@type\":\"Organization\",\"@id\":\"https:\\\/\\\/radioljubuski.ba\\\/#organization\",\"name\":\"Radio Ljubu\u0161ki\",\"url\":\"https:\\\/\\\/radioljubuski.ba\\\/\",\"logo\":{\"@type\":\"ImageObject\",\"inLanguage\":\"hr\",\"@id\":\"https:\\\/\\\/radioljubuski.ba\\\/#\\\/schema\\\/logo\\\/image\\\/\",\"url\":\"https:\\\/\\\/radioljubuski.ba\\\/wp-content\\\/uploads\\\/2021\\\/02\\\/cropped-Radio_Ljubuski_logo1.jpg\",\"contentUrl\":\"https:\\\/\\\/radioljubuski.ba\\\/wp-content\\\/uploads\\\/2021\\\/02\\\/cropped-Radio_Ljubuski_logo1.jpg\",\"width\":512,\"height\":512,\"caption\":\"Radio Ljubu\u0161ki\"},\"image\":{\"@id\":\"https:\\\/\\\/radioljubuski.ba\\\/#\\\/schema\\\/logo\\\/image\\\/\"},\"sameAs\":[\"https:\\\/\\\/www.facebook.com\\\/Radiio-Ljubuski-1490835324566332\",\"https:\\\/\\\/x.com\\\/radioljubuski\",\"https:\\\/\\\/hr.linkedin.com\\\/company\\\/radio-ljubuski\",\"https:\\\/\\\/www.youtube.com\\\/channel\\\/UCHYaeO_n0Db3tjNGudGpXyw\"]},{\"@type\":\"Person\",\"@id\":\"https:\\\/\\\/radioljubuski.ba\\\/#\\\/schema\\\/person\\\/19fc700381a780f69665d7956c469e3b\",\"name\":\"Radio Ljubu\u0161ki\"}]}<\/script>\n<!-- \/ Yoast SEO plugin. -->","yoast_head_json":{"title":"Be\u0161ikta\u0161 se oglasio o napisima da se Pjani\u0107 vra\u0107a u Barcu - RADIO LJUBU\u0160KI","robots":{"index":"index","follow":"follow","max-snippet":"max-snippet:-1","max-image-preview":"max-image-preview:large","max-video-preview":"max-video-preview:-1"},"canonical":"https:\/\/radioljubuski.ba\/index.php\/2022\/04\/13\/besiktas-se-oglasio-o-napisima-da-se-pjanic-vraca-u-barcu\/","og_locale":"hr_HR","og_type":"article","og_title":"Be\u0161ikta\u0161 se oglasio o napisima da se Pjani\u0107 vra\u0107a u Barcu - RADIO LJUBU\u0160KI","og_description":"Nakon \u0161to su brojni turski i \u0161panjolski mediji objavili kako se bosanskohercegova\u010dki veznjak Miralem Pjani\u0107 vra\u0107a u Barcelonu s posudbe u Be\u0161ikta\u0161u, reagirao je i turski klub. Prema navodima lokalnih turskih medija sportski direktor Be\u0161ikta\u0161a Ceyhun Kazanci je poru\u010dio: \u2013 Ne\u0107emo nastaviti suradnju s Pjani\u0107em idu\u0107e sezone. Ipak Be\u0161ikta\u0161 je ove i sve sli\u010dne izjave [&hellip;]","og_url":"https:\/\/radioljubuski.ba\/index.php\/2022\/04\/13\/besiktas-se-oglasio-o-napisima-da-se-pjanic-vraca-u-barcu\/","og_site_name":"RADIO LJUBU\u0160KI","article_publisher":"https:\/\/www.facebook.com\/Radiio-Ljubuski-1490835324566332","article_published_time":"2022-04-13T13:20:30+00:00","article_modified_time":"2022-04-13T13:20:31+00:00","og_image":[{"width":696,"height":476,"url":"https:\/\/radioljubuski.ba\/wp-content\/uploads\/2022\/04\/HN20201124814872-696x476-1.jpg","type":"image\/jpeg"}],"author":"Radio Ljubu\u0161ki","twitter_card":"summary_large_image","twitter_creator":"@radioljubuski","twitter_site":"@radioljubuski","twitter_misc":{"Napisao\/la":"Radio Ljubu\u0161ki","Procijenjeno vrijeme \u010ditanja":"2 minute"},"schema":{"@context":"https:\/\/schema.org","@graph":[{"@type":"Article","@id":"https:\/\/radioljubuski.ba\/index.php\/2022\/04\/13\/besiktas-se-oglasio-o-napisima-da-se-pjanic-vraca-u-barcu\/#article","isPartOf":{"@id":"https:\/\/radioljubuski.ba\/index.php\/2022\/04\/13\/besiktas-se-oglasio-o-napisima-da-se-pjanic-vraca-u-barcu\/"},"author":{"name":"Radio Ljubu\u0161ki","@id":"https:\/\/radioljubuski.ba\/#\/schema\/person\/19fc700381a780f69665d7956c469e3b"},"headline":"Be\u0161ikta\u0161 se oglasio o napisima da se Pjani\u0107 vra\u0107a u Barcu","datePublished":"2022-04-13T13:20:30+00:00","dateModified":"2022-04-13T13:20:31+00:00","mainEntityOfPage":{"@id":"https:\/\/radioljubuski.ba\/index.php\/2022\/04\/13\/besiktas-se-oglasio-o-napisima-da-se-pjanic-vraca-u-barcu\/"},"wordCount":282,"publisher":{"@id":"https:\/\/radioljubuski.ba\/#organization"},"image":{"@id":"https:\/\/radioljubuski.ba\/index.php\/2022\/04\/13\/besiktas-se-oglasio-o-napisima-da-se-pjanic-vraca-u-barcu\/#primaryimage"},"thumbnailUrl":"https:\/\/radioljubuski.ba\/wp-content\/uploads\/2022\/04\/HN20201124814872-696x476-1.jpg","articleSection":["\u0160port"],"inLanguage":"hr"},{"@type":"WebPage","@id":"https:\/\/radioljubuski.ba\/index.php\/2022\/04\/13\/besiktas-se-oglasio-o-napisima-da-se-pjanic-vraca-u-barcu\/","url":"https:\/\/radioljubuski.ba\/index.php\/2022\/04\/13\/besiktas-se-oglasio-o-napisima-da-se-pjanic-vraca-u-barcu\/","name":"Be\u0161ikta\u0161 se oglasio o napisima da se Pjani\u0107 vra\u0107a u Barcu - RADIO LJUBU\u0160KI","isPartOf":{"@id":"https:\/\/radioljubuski.ba\/#website"},"primaryImageOfPage":{"@id":"https:\/\/radioljubuski.ba\/index.php\/2022\/04\/13\/besiktas-se-oglasio-o-napisima-da-se-pjanic-vraca-u-barcu\/#primaryimage"},"image":{"@id":"https:\/\/radioljubuski.ba\/index.php\/2022\/04\/13\/besiktas-se-oglasio-o-napisima-da-se-pjanic-vraca-u-barcu\/#primaryimage"},"thumbnailUrl":"https:\/\/radioljubuski.ba\/wp-content\/uploads\/2022\/04\/HN20201124814872-696x476-1.jpg","datePublished":"2022-04-13T13:20:30+00:00","dateModified":"2022-04-13T13:20:31+00:00","breadcrumb":{"@id":"https:\/\/radioljubuski.ba\/index.php\/2022\/04\/13\/besiktas-se-oglasio-o-napisima-da-se-pjanic-vraca-u-barcu\/#breadcrumb"},"inLanguage":"hr","potentialAction":[{"@type":"ReadAction","target":["https:\/\/radioljubuski.ba\/index.php\/2022\/04\/13\/besiktas-se-oglasio-o-napisima-da-se-pjanic-vraca-u-barcu\/"]}]},{"@type":"ImageObject","inLanguage":"hr","@id":"https:\/\/radioljubuski.ba\/index.php\/2022\/04\/13\/besiktas-se-oglasio-o-napisima-da-se-pjanic-vraca-u-barcu\/#primaryimage","url":"https:\/\/radioljubuski.ba\/wp-content\/uploads\/2022\/04\/HN20201124814872-696x476-1.jpg","contentUrl":"https:\/\/radioljubuski.ba\/wp-content\/uploads\/2022\/04\/HN20201124814872-696x476-1.jpg","width":696,"height":476},{"@type":"BreadcrumbList","@id":"https:\/\/radioljubuski.ba\/index.php\/2022\/04\/13\/besiktas-se-oglasio-o-napisima-da-se-pjanic-vraca-u-barcu\/#breadcrumb","itemListElement":[{"@type":"ListItem","position":1,"name":"Po\u010detna stranica","item":"https:\/\/radioljubuski.ba\/"},{"@type":"ListItem","position":2,"name":"Be\u0161ikta\u0161 se oglasio o napisima da se Pjani\u0107 vra\u0107a u Barcu"}]},{"@type":"WebSite","@id":"https:\/\/radioljubuski.ba\/#website","url":"https:\/\/radioljubuski.ba\/","name":"Radio Ljubu\u0161ki","description":"Sun\u010dana frekvencija Hercegovine","publisher":{"@id":"https:\/\/radioljubuski.ba\/#organization"},"potentialAction":[{"@type":"SearchAction","target":{"@type":"EntryPoint","urlTemplate":"https:\/\/radioljubuski.ba\/?s={search_term_string}"},"query-input":{"@type":"PropertyValueSpecification","valueRequired":true,"valueName":"search_term_string"}}],"inLanguage":"hr"},{"@type":"Organization","@id":"https:\/\/radioljubuski.ba\/#organization","name":"Radio Ljubu\u0161ki","url":"https:\/\/radioljubuski.ba\/","logo":{"@type":"ImageObject","inLanguage":"hr","@id":"https:\/\/radioljubuski.ba\/#\/schema\/logo\/image\/","url":"https:\/\/radioljubuski.ba\/wp-content\/uploads\/2021\/02\/cropped-Radio_Ljubuski_logo1.jpg","contentUrl":"https:\/\/radioljubuski.ba\/wp-content\/uploads\/2021\/02\/cropped-Radio_Ljubuski_logo1.jpg","width":512,"height":512,"caption":"Radio Ljubu\u0161ki"},"image":{"@id":"https:\/\/radioljubuski.ba\/#\/schema\/logo\/image\/"},"sameAs":["https:\/\/www.facebook.com\/Radiio-Ljubuski-1490835324566332","https:\/\/x.com\/radioljubuski","https:\/\/hr.linkedin.com\/company\/radio-ljubuski","https:\/\/www.youtube.com\/channel\/UCHYaeO_n0Db3tjNGudGpXyw"]},{"@type":"Person","@id":"https:\/\/radioljubuski.ba\/#\/schema\/person\/19fc700381a780f69665d7956c469e3b","name":"Radio Ljubu\u0161ki"}]}},"_links":{"self":[{"href":"https:\/\/radioljubuski.ba\/index.php\/wp-json\/wp\/v2\/posts\/132065","targetHints":{"allow":["GET"]}}],"collection":[{"href":"https:\/\/radioljubuski.ba\/index.php\/wp-json\/wp\/v2\/posts"}],"about":[{"href":"https:\/\/radioljubuski.ba\/index.php\/wp-json\/wp\/v2\/types\/post"}],"author":[{"embeddable":true,"href":"https:\/\/radioljubuski.ba\/index.php\/wp-json\/wp\/v2\/users\/2"}],"replies":[{"embeddable":true,"href":"https:\/\/radioljubuski.ba\/index.php\/wp-json\/wp\/v2\/comments?post=132065"}],"version-history":[{"count":1,"href":"https:\/\/radioljubuski.ba\/index.php\/wp-json\/wp\/v2\/posts\/132065\/revisions"}],"predecessor-version":[{"id":132067,"href":"https:\/\/radioljubuski.ba\/index.php\/wp-json\/wp\/v2\/posts\/132065\/revisions\/132067"}],"wp:featuredmedia":[{"embeddable":true,"href":"https:\/\/radioljubuski.ba\/index.php\/wp-json\/wp\/v2\/media\/132066"}],"wp:attachment":[{"href":"https:\/\/radioljubuski.ba\/index.php\/wp-json\/wp\/v2\/media?parent=132065"}],"wp:term":[{"taxonomy":"category","embeddable":true,"href":"https:\/\/radioljubuski.ba\/index.php\/wp-json\/wp\/v2\/categories?post=132065"},{"taxonomy":"post_tag","embeddable":true,"href":"https:\/\/radioljubuski.ba\/index.php\/wp-json\/wp\/v2\/tags?post=132065"}],"curies":[{"name":"wp","href":"https:\/\/api.w.org\/{rel}","templated":true}]}}