{"id":132068,"date":"2022-04-13T14:22:21","date_gmt":"2022-04-13T13:22:21","guid":{"rendered":"https:\/\/radioljubuski.ba\/?p=132068"},"modified":"2022-04-13T14:22:23","modified_gmt":"2022-04-13T13:22:23","slug":"makedonski-novinar-o-smrti-denisa-tota-mnogi-se-pitaju-tko-su-roditelji-osumnjicenih","status":"publish","type":"post","link":"https:\/\/radioljubuski.ba\/index.php\/2022\/04\/13\/makedonski-novinar-o-smrti-denisa-tota-mnogi-se-pitaju-tko-su-roditelji-osumnjicenih\/","title":{"rendered":"Makedonski novinar o smrti Denisa Tota: Mnogi se pitaju tko su roditelji osumnji\u010denih"},"content":{"rendered":"\n<p>Novinar i urednik Aleksandar Damovski, \u010diji portal od po\u010detka prati skandalozan slu\u010daj usmr\u0107ivanja hrvatskog rukometa\u0161a Denisa Tota u Skoplju, bio je gost sredi\u0161njeg Dnevnika <a href=\"https:\/\/sport.hrt.hr\/rukomet\/iz-skoplja-za-htv-mnogi-se-pitaju-tko-su-roditelji-osumnjicenih-6725712\">HTV-a.<\/a><\/p>\n\n\n\n<p>Iako je slu\u017ebeno Skoplje tvrdilo da nema traga nasilnoj smrti, njegov portal od po\u010detka pi\u0161e drugo. Zbog \u010dega je bio uvjeren da je rije\u010d o zlo\u010dinu?<\/p>\n\n\n\n<p>\u2013 Bilo je svjedoka, oni su nam se javili, nije bilo sumnje oko toga.<\/p>\n\n\n\n<p>Tko bi ovo \u017eelio zata\u0161kati?<\/p>\n\n\n\n<p>\u2013 Da, to je veliko pitanje. Kad imate posebno priop\u0107enje makedonske policije i direktorice klinike da se radi o sr\u010danom udaru, a ne o nasilju i premla\u0107ivanju, onda je to veliki skandal. Kod nas je to veliki skandal i netko treba odgovarati. Nemogu\u0107e je da se takav incident, koji se dogodio pred 10 svjedoka, poku\u0161ava slu\u017ebenim kanalima sakriti.<\/p>\n\n\n\n<p>Vlasti pori\u010du zata\u0161kavanje i tvrde da je rije\u010d o krivoj lije\u010dni\u010dkoj procjeni\u2026<\/p>\n\n\n\n<p>\u2013 Dvoje ljudi je uhi\u0107eno, jedan je u bijegu, danas je raspisana i me\u0111unarodna potjernica. Treba se prvo ra\u0161\u010disiti \u0161to se to dogodilo ispred diskoteke, a onda i vidjeti za\u0161to i tko je na tako visokom nivou to poku\u0161ao prikriti. Ima puno pretpostavki za\u0161to je netko to poku\u0161ao prikriti, od vlasnika diskoteke, do toga tko su roditelji trojice osumnji\u010denih.<\/p>\n\n\n\n<p>Gdje su bili svjedoci prva dva dana?<\/p>\n\n\n\n<p>\u2013 To je veliko pitanje, jednostavno nitko nije ni poku\u0161ao otvoriti istragu, od nadle\u017enih organa sve je bilo koncipirano da se to nekako prikrije. Poslije izvje\u0161taja obdukcije odjednom su svi znali da ima desetine svjedoka, odjednom se pojavila i ta snimka i tek sada to sve treba istra\u017eiti i razotkriti po nekom normalnom redu, zaklju\u010dio je Damovski.<\/p>\n\n\n\n<figure class=\"wp-block-embed is-type-wp-embed is-provider-radio-ljubuski wp-block-embed-radio-ljubuski\"><div class=\"wp-block-embed__wrapper\">\n<blockquote class=\"wp-embedded-content\" data-secret=\"mhsHrhjc5a\"><a href=\"https:\/\/radioljubuski.ba\/index.php\/2022\/04\/13\/procurili-novi-detalji-oko-istrage-ubojstva-denisa-tota-djevojka-je-rekla-da-su-ga-poznavali-hladnokrvni-su\/\">Procurili novi detalji oko istrage ubojstva Denisa Tota: \u2018Djevojka je rekla da su ga poznavali, hladnokrvni su\u2019<\/a><\/blockquote><iframe loading=\"lazy\" class=\"wp-embedded-content\" sandbox=\"allow-scripts\" security=\"restricted\" style=\"position: absolute; clip: rect(1px, 1px, 1px, 1px);\" title=\"&#8220;Procurili novi detalji oko istrage ubojstva Denisa Tota: \u2018Djevojka je rekla da su ga poznavali, hladnokrvni su\u2019&#8221; &#8212;   RADIO LJUBU\u0160KI\" src=\"https:\/\/radioljubuski.ba\/index.php\/2022\/04\/13\/procurili-novi-detalji-oko-istrage-ubojstva-denisa-tota-djevojka-je-rekla-da-su-ga-poznavali-hladnokrvni-su\/embed\/#?secret=551uy697sm#?secret=mhsHrhjc5a\" data-secret=\"mhsHrhjc5a\" width=\"600\" height=\"338\" frameborder=\"0\" marginwidth=\"0\" marginheight=\"0\" scrolling=\"no\"><\/iframe>\n<\/div><\/figure>\n\n\n\n<p><em>Izvor: narod.hr\/HRT<\/em><\/p>\n","protected":false},"excerpt":{"rendered":"<p>Novinar i urednik Aleksandar Damovski, \u010diji portal od po\u010detka prati skandalozan slu\u010daj usmr\u0107ivanja hrvatskog rukometa\u0161a Denisa Tota u Skoplju, bio je gost sredi\u0161njeg Dnevnika HTV-a. Iako je slu\u017ebeno Skoplje tvrdilo da nema traga nasilnoj smrti, njegov portal od po\u010detka pi\u0161e drugo. Zbog \u010dega je bio uvjeren da je rije\u010d o zlo\u010dinu? \u2013 Bilo je svjedoka, [&hellip;]<\/p>\n","protected":false},"author":2,"featured_media":132069,"comment_status":"closed","ping_status":"closed","sticky":false,"template":"","format":"standard","meta":{"h5ap_radio_sources":[],"footnotes":""},"categories":[7],"tags":[],"class_list":["post-132068","post","type-post","status-publish","format-standard","has-post-thumbnail","hentry","category-sport"],"yoast_head":"<!-- This site is optimized with the Yoast SEO plugin v27.5 - https:\/\/yoast.com\/product\/yoast-seo-wordpress\/ -->\n<title>Makedonski novinar o smrti Denisa Tota: Mnogi se pitaju tko su roditelji osumnji\u010denih - RADIO LJUBU\u0160KI<\/title>\n<meta name=\"robots\" content=\"index, follow, max-snippet:-1, max-image-preview:large, max-video-preview:-1\" \/>\n<link rel=\"canonical\" href=\"https:\/\/radioljubuski.ba\/index.php\/2022\/04\/13\/makedonski-novinar-o-smrti-denisa-tota-mnogi-se-pitaju-tko-su-roditelji-osumnjicenih\/\" \/>\n<meta property=\"og:locale\" content=\"hr_HR\" \/>\n<meta property=\"og:type\" content=\"article\" \/>\n<meta property=\"og:title\" content=\"Makedonski novinar o smrti Denisa Tota: Mnogi se pitaju tko su roditelji osumnji\u010denih - RADIO LJUBU\u0160KI\" \/>\n<meta property=\"og:description\" content=\"Novinar i urednik Aleksandar Damovski, \u010diji portal od po\u010detka prati skandalozan slu\u010daj usmr\u0107ivanja hrvatskog rukometa\u0161a Denisa Tota u Skoplju, bio je gost sredi\u0161njeg Dnevnika HTV-a. Iako je slu\u017ebeno Skoplje tvrdilo da nema traga nasilnoj smrti, njegov portal od po\u010detka pi\u0161e drugo. Zbog \u010dega je bio uvjeren da je rije\u010d o zlo\u010dinu? \u2013 Bilo je svjedoka, [&hellip;]\" \/>\n<meta property=\"og:url\" content=\"https:\/\/radioljubuski.ba\/index.php\/2022\/04\/13\/makedonski-novinar-o-smrti-denisa-tota-mnogi-se-pitaju-tko-su-roditelji-osumnjicenih\/\" \/>\n<meta property=\"og:site_name\" content=\"RADIO LJUBU\u0160KI\" \/>\n<meta property=\"article:publisher\" content=\"https:\/\/www.facebook.com\/Radiio-Ljubuski-1490835324566332\" \/>\n<meta property=\"article:published_time\" content=\"2022-04-13T13:22:21+00:00\" \/>\n<meta property=\"article:modified_time\" content=\"2022-04-13T13:22:23+00:00\" \/>\n<meta property=\"og:image\" content=\"https:\/\/radioljubuski.ba\/wp-content\/uploads\/2022\/04\/aleksandar-damovski.png\" \/>\n\t<meta property=\"og:image:width\" content=\"600\" \/>\n\t<meta property=\"og:image:height\" content=\"318\" \/>\n\t<meta property=\"og:image:type\" content=\"image\/png\" \/>\n<meta name=\"author\" content=\"Radio Ljubu\u0161ki\" \/>\n<meta name=\"twitter:card\" content=\"summary_large_image\" \/>\n<meta name=\"twitter:creator\" content=\"@radioljubuski\" \/>\n<meta name=\"twitter:site\" content=\"@radioljubuski\" \/>\n<meta name=\"twitter:label1\" content=\"Napisao\/la\" \/>\n\t<meta name=\"twitter:data1\" content=\"Radio Ljubu\u0161ki\" \/>\n\t<meta name=\"twitter:label2\" content=\"Procijenjeno vrijeme \u010ditanja\" \/>\n\t<meta name=\"twitter:data2\" content=\"2 minute\" \/>\n<script type=\"application\/ld+json\" class=\"yoast-schema-graph\">{\"@context\":\"https:\\\/\\\/schema.org\",\"@graph\":[{\"@type\":\"Article\",\"@id\":\"https:\\\/\\\/radioljubuski.ba\\\/index.php\\\/2022\\\/04\\\/13\\\/makedonski-novinar-o-smrti-denisa-tota-mnogi-se-pitaju-tko-su-roditelji-osumnjicenih\\\/#article\",\"isPartOf\":{\"@id\":\"https:\\\/\\\/radioljubuski.ba\\\/index.php\\\/2022\\\/04\\\/13\\\/makedonski-novinar-o-smrti-denisa-tota-mnogi-se-pitaju-tko-su-roditelji-osumnjicenih\\\/\"},\"author\":{\"name\":\"Radio Ljubu\u0161ki\",\"@id\":\"https:\\\/\\\/radioljubuski.ba\\\/#\\\/schema\\\/person\\\/19fc700381a780f69665d7956c469e3b\"},\"headline\":\"Makedonski novinar o smrti Denisa Tota: Mnogi se pitaju tko su roditelji osumnji\u010denih\",\"datePublished\":\"2022-04-13T13:22:21+00:00\",\"dateModified\":\"2022-04-13T13:22:23+00:00\",\"mainEntityOfPage\":{\"@id\":\"https:\\\/\\\/radioljubuski.ba\\\/index.php\\\/2022\\\/04\\\/13\\\/makedonski-novinar-o-smrti-denisa-tota-mnogi-se-pitaju-tko-su-roditelji-osumnjicenih\\\/\"},\"wordCount\":315,\"publisher\":{\"@id\":\"https:\\\/\\\/radioljubuski.ba\\\/#organization\"},\"image\":{\"@id\":\"https:\\\/\\\/radioljubuski.ba\\\/index.php\\\/2022\\\/04\\\/13\\\/makedonski-novinar-o-smrti-denisa-tota-mnogi-se-pitaju-tko-su-roditelji-osumnjicenih\\\/#primaryimage\"},\"thumbnailUrl\":\"https:\\\/\\\/radioljubuski.ba\\\/wp-content\\\/uploads\\\/2022\\\/04\\\/aleksandar-damovski.png\",\"articleSection\":[\"\u0160port\"],\"inLanguage\":\"hr\"},{\"@type\":\"WebPage\",\"@id\":\"https:\\\/\\\/radioljubuski.ba\\\/index.php\\\/2022\\\/04\\\/13\\\/makedonski-novinar-o-smrti-denisa-tota-mnogi-se-pitaju-tko-su-roditelji-osumnjicenih\\\/\",\"url\":\"https:\\\/\\\/radioljubuski.ba\\\/index.php\\\/2022\\\/04\\\/13\\\/makedonski-novinar-o-smrti-denisa-tota-mnogi-se-pitaju-tko-su-roditelji-osumnjicenih\\\/\",\"name\":\"Makedonski novinar o smrti Denisa Tota: Mnogi se pitaju tko su roditelji osumnji\u010denih - RADIO LJUBU\u0160KI\",\"isPartOf\":{\"@id\":\"https:\\\/\\\/radioljubuski.ba\\\/#website\"},\"primaryImageOfPage\":{\"@id\":\"https:\\\/\\\/radioljubuski.ba\\\/index.php\\\/2022\\\/04\\\/13\\\/makedonski-novinar-o-smrti-denisa-tota-mnogi-se-pitaju-tko-su-roditelji-osumnjicenih\\\/#primaryimage\"},\"image\":{\"@id\":\"https:\\\/\\\/radioljubuski.ba\\\/index.php\\\/2022\\\/04\\\/13\\\/makedonski-novinar-o-smrti-denisa-tota-mnogi-se-pitaju-tko-su-roditelji-osumnjicenih\\\/#primaryimage\"},\"thumbnailUrl\":\"https:\\\/\\\/radioljubuski.ba\\\/wp-content\\\/uploads\\\/2022\\\/04\\\/aleksandar-damovski.png\",\"datePublished\":\"2022-04-13T13:22:21+00:00\",\"dateModified\":\"2022-04-13T13:22:23+00:00\",\"breadcrumb\":{\"@id\":\"https:\\\/\\\/radioljubuski.ba\\\/index.php\\\/2022\\\/04\\\/13\\\/makedonski-novinar-o-smrti-denisa-tota-mnogi-se-pitaju-tko-su-roditelji-osumnjicenih\\\/#breadcrumb\"},\"inLanguage\":\"hr\",\"potentialAction\":[{\"@type\":\"ReadAction\",\"target\":[\"https:\\\/\\\/radioljubuski.ba\\\/index.php\\\/2022\\\/04\\\/13\\\/makedonski-novinar-o-smrti-denisa-tota-mnogi-se-pitaju-tko-su-roditelji-osumnjicenih\\\/\"]}]},{\"@type\":\"ImageObject\",\"inLanguage\":\"hr\",\"@id\":\"https:\\\/\\\/radioljubuski.ba\\\/index.php\\\/2022\\\/04\\\/13\\\/makedonski-novinar-o-smrti-denisa-tota-mnogi-se-pitaju-tko-su-roditelji-osumnjicenih\\\/#primaryimage\",\"url\":\"https:\\\/\\\/radioljubuski.ba\\\/wp-content\\\/uploads\\\/2022\\\/04\\\/aleksandar-damovski.png\",\"contentUrl\":\"https:\\\/\\\/radioljubuski.ba\\\/wp-content\\\/uploads\\\/2022\\\/04\\\/aleksandar-damovski.png\",\"width\":600,\"height\":318},{\"@type\":\"BreadcrumbList\",\"@id\":\"https:\\\/\\\/radioljubuski.ba\\\/index.php\\\/2022\\\/04\\\/13\\\/makedonski-novinar-o-smrti-denisa-tota-mnogi-se-pitaju-tko-su-roditelji-osumnjicenih\\\/#breadcrumb\",\"itemListElement\":[{\"@type\":\"ListItem\",\"position\":1,\"name\":\"Po\u010detna stranica\",\"item\":\"https:\\\/\\\/radioljubuski.ba\\\/\"},{\"@type\":\"ListItem\",\"position\":2,\"name\":\"Makedonski novinar o smrti Denisa Tota: Mnogi se pitaju tko su roditelji osumnji\u010denih\"}]},{\"@type\":\"WebSite\",\"@id\":\"https:\\\/\\\/radioljubuski.ba\\\/#website\",\"url\":\"https:\\\/\\\/radioljubuski.ba\\\/\",\"name\":\"Radio Ljubu\u0161ki\",\"description\":\"Sun\u010dana frekvencija Hercegovine\",\"publisher\":{\"@id\":\"https:\\\/\\\/radioljubuski.ba\\\/#organization\"},\"potentialAction\":[{\"@type\":\"SearchAction\",\"target\":{\"@type\":\"EntryPoint\",\"urlTemplate\":\"https:\\\/\\\/radioljubuski.ba\\\/?s={search_term_string}\"},\"query-input\":{\"@type\":\"PropertyValueSpecification\",\"valueRequired\":true,\"valueName\":\"search_term_string\"}}],\"inLanguage\":\"hr\"},{\"@type\":\"Organization\",\"@id\":\"https:\\\/\\\/radioljubuski.ba\\\/#organization\",\"name\":\"Radio Ljubu\u0161ki\",\"url\":\"https:\\\/\\\/radioljubuski.ba\\\/\",\"logo\":{\"@type\":\"ImageObject\",\"inLanguage\":\"hr\",\"@id\":\"https:\\\/\\\/radioljubuski.ba\\\/#\\\/schema\\\/logo\\\/image\\\/\",\"url\":\"https:\\\/\\\/radioljubuski.ba\\\/wp-content\\\/uploads\\\/2021\\\/02\\\/cropped-Radio_Ljubuski_logo1.jpg\",\"contentUrl\":\"https:\\\/\\\/radioljubuski.ba\\\/wp-content\\\/uploads\\\/2021\\\/02\\\/cropped-Radio_Ljubuski_logo1.jpg\",\"width\":512,\"height\":512,\"caption\":\"Radio Ljubu\u0161ki\"},\"image\":{\"@id\":\"https:\\\/\\\/radioljubuski.ba\\\/#\\\/schema\\\/logo\\\/image\\\/\"},\"sameAs\":[\"https:\\\/\\\/www.facebook.com\\\/Radiio-Ljubuski-1490835324566332\",\"https:\\\/\\\/x.com\\\/radioljubuski\",\"https:\\\/\\\/hr.linkedin.com\\\/company\\\/radio-ljubuski\",\"https:\\\/\\\/www.youtube.com\\\/channel\\\/UCHYaeO_n0Db3tjNGudGpXyw\"]},{\"@type\":\"Person\",\"@id\":\"https:\\\/\\\/radioljubuski.ba\\\/#\\\/schema\\\/person\\\/19fc700381a780f69665d7956c469e3b\",\"name\":\"Radio Ljubu\u0161ki\"}]}<\/script>\n<!-- \/ Yoast SEO plugin. -->","yoast_head_json":{"title":"Makedonski novinar o smrti Denisa Tota: Mnogi se pitaju tko su roditelji osumnji\u010denih - RADIO LJUBU\u0160KI","robots":{"index":"index","follow":"follow","max-snippet":"max-snippet:-1","max-image-preview":"max-image-preview:large","max-video-preview":"max-video-preview:-1"},"canonical":"https:\/\/radioljubuski.ba\/index.php\/2022\/04\/13\/makedonski-novinar-o-smrti-denisa-tota-mnogi-se-pitaju-tko-su-roditelji-osumnjicenih\/","og_locale":"hr_HR","og_type":"article","og_title":"Makedonski novinar o smrti Denisa Tota: Mnogi se pitaju tko su roditelji osumnji\u010denih - RADIO LJUBU\u0160KI","og_description":"Novinar i urednik Aleksandar Damovski, \u010diji portal od po\u010detka prati skandalozan slu\u010daj usmr\u0107ivanja hrvatskog rukometa\u0161a Denisa Tota u Skoplju, bio je gost sredi\u0161njeg Dnevnika HTV-a. Iako je slu\u017ebeno Skoplje tvrdilo da nema traga nasilnoj smrti, njegov portal od po\u010detka pi\u0161e drugo. Zbog \u010dega je bio uvjeren da je rije\u010d o zlo\u010dinu? \u2013 Bilo je svjedoka, [&hellip;]","og_url":"https:\/\/radioljubuski.ba\/index.php\/2022\/04\/13\/makedonski-novinar-o-smrti-denisa-tota-mnogi-se-pitaju-tko-su-roditelji-osumnjicenih\/","og_site_name":"RADIO LJUBU\u0160KI","article_publisher":"https:\/\/www.facebook.com\/Radiio-Ljubuski-1490835324566332","article_published_time":"2022-04-13T13:22:21+00:00","article_modified_time":"2022-04-13T13:22:23+00:00","og_image":[{"width":600,"height":318,"url":"https:\/\/radioljubuski.ba\/wp-content\/uploads\/2022\/04\/aleksandar-damovski.png","type":"image\/png"}],"author":"Radio Ljubu\u0161ki","twitter_card":"summary_large_image","twitter_creator":"@radioljubuski","twitter_site":"@radioljubuski","twitter_misc":{"Napisao\/la":"Radio Ljubu\u0161ki","Procijenjeno vrijeme \u010ditanja":"2 minute"},"schema":{"@context":"https:\/\/schema.org","@graph":[{"@type":"Article","@id":"https:\/\/radioljubuski.ba\/index.php\/2022\/04\/13\/makedonski-novinar-o-smrti-denisa-tota-mnogi-se-pitaju-tko-su-roditelji-osumnjicenih\/#article","isPartOf":{"@id":"https:\/\/radioljubuski.ba\/index.php\/2022\/04\/13\/makedonski-novinar-o-smrti-denisa-tota-mnogi-se-pitaju-tko-su-roditelji-osumnjicenih\/"},"author":{"name":"Radio Ljubu\u0161ki","@id":"https:\/\/radioljubuski.ba\/#\/schema\/person\/19fc700381a780f69665d7956c469e3b"},"headline":"Makedonski novinar o smrti Denisa Tota: Mnogi se pitaju tko su roditelji osumnji\u010denih","datePublished":"2022-04-13T13:22:21+00:00","dateModified":"2022-04-13T13:22:23+00:00","mainEntityOfPage":{"@id":"https:\/\/radioljubuski.ba\/index.php\/2022\/04\/13\/makedonski-novinar-o-smrti-denisa-tota-mnogi-se-pitaju-tko-su-roditelji-osumnjicenih\/"},"wordCount":315,"publisher":{"@id":"https:\/\/radioljubuski.ba\/#organization"},"image":{"@id":"https:\/\/radioljubuski.ba\/index.php\/2022\/04\/13\/makedonski-novinar-o-smrti-denisa-tota-mnogi-se-pitaju-tko-su-roditelji-osumnjicenih\/#primaryimage"},"thumbnailUrl":"https:\/\/radioljubuski.ba\/wp-content\/uploads\/2022\/04\/aleksandar-damovski.png","articleSection":["\u0160port"],"inLanguage":"hr"},{"@type":"WebPage","@id":"https:\/\/radioljubuski.ba\/index.php\/2022\/04\/13\/makedonski-novinar-o-smrti-denisa-tota-mnogi-se-pitaju-tko-su-roditelji-osumnjicenih\/","url":"https:\/\/radioljubuski.ba\/index.php\/2022\/04\/13\/makedonski-novinar-o-smrti-denisa-tota-mnogi-se-pitaju-tko-su-roditelji-osumnjicenih\/","name":"Makedonski novinar o smrti Denisa Tota: Mnogi se pitaju tko su roditelji osumnji\u010denih - RADIO LJUBU\u0160KI","isPartOf":{"@id":"https:\/\/radioljubuski.ba\/#website"},"primaryImageOfPage":{"@id":"https:\/\/radioljubuski.ba\/index.php\/2022\/04\/13\/makedonski-novinar-o-smrti-denisa-tota-mnogi-se-pitaju-tko-su-roditelji-osumnjicenih\/#primaryimage"},"image":{"@id":"https:\/\/radioljubuski.ba\/index.php\/2022\/04\/13\/makedonski-novinar-o-smrti-denisa-tota-mnogi-se-pitaju-tko-su-roditelji-osumnjicenih\/#primaryimage"},"thumbnailUrl":"https:\/\/radioljubuski.ba\/wp-content\/uploads\/2022\/04\/aleksandar-damovski.png","datePublished":"2022-04-13T13:22:21+00:00","dateModified":"2022-04-13T13:22:23+00:00","breadcrumb":{"@id":"https:\/\/radioljubuski.ba\/index.php\/2022\/04\/13\/makedonski-novinar-o-smrti-denisa-tota-mnogi-se-pitaju-tko-su-roditelji-osumnjicenih\/#breadcrumb"},"inLanguage":"hr","potentialAction":[{"@type":"ReadAction","target":["https:\/\/radioljubuski.ba\/index.php\/2022\/04\/13\/makedonski-novinar-o-smrti-denisa-tota-mnogi-se-pitaju-tko-su-roditelji-osumnjicenih\/"]}]},{"@type":"ImageObject","inLanguage":"hr","@id":"https:\/\/radioljubuski.ba\/index.php\/2022\/04\/13\/makedonski-novinar-o-smrti-denisa-tota-mnogi-se-pitaju-tko-su-roditelji-osumnjicenih\/#primaryimage","url":"https:\/\/radioljubuski.ba\/wp-content\/uploads\/2022\/04\/aleksandar-damovski.png","contentUrl":"https:\/\/radioljubuski.ba\/wp-content\/uploads\/2022\/04\/aleksandar-damovski.png","width":600,"height":318},{"@type":"BreadcrumbList","@id":"https:\/\/radioljubuski.ba\/index.php\/2022\/04\/13\/makedonski-novinar-o-smrti-denisa-tota-mnogi-se-pitaju-tko-su-roditelji-osumnjicenih\/#breadcrumb","itemListElement":[{"@type":"ListItem","position":1,"name":"Po\u010detna stranica","item":"https:\/\/radioljubuski.ba\/"},{"@type":"ListItem","position":2,"name":"Makedonski novinar o smrti Denisa Tota: Mnogi se pitaju tko su roditelji osumnji\u010denih"}]},{"@type":"WebSite","@id":"https:\/\/radioljubuski.ba\/#website","url":"https:\/\/radioljubuski.ba\/","name":"Radio Ljubu\u0161ki","description":"Sun\u010dana frekvencija Hercegovine","publisher":{"@id":"https:\/\/radioljubuski.ba\/#organization"},"potentialAction":[{"@type":"SearchAction","target":{"@type":"EntryPoint","urlTemplate":"https:\/\/radioljubuski.ba\/?s={search_term_string}"},"query-input":{"@type":"PropertyValueSpecification","valueRequired":true,"valueName":"search_term_string"}}],"inLanguage":"hr"},{"@type":"Organization","@id":"https:\/\/radioljubuski.ba\/#organization","name":"Radio Ljubu\u0161ki","url":"https:\/\/radioljubuski.ba\/","logo":{"@type":"ImageObject","inLanguage":"hr","@id":"https:\/\/radioljubuski.ba\/#\/schema\/logo\/image\/","url":"https:\/\/radioljubuski.ba\/wp-content\/uploads\/2021\/02\/cropped-Radio_Ljubuski_logo1.jpg","contentUrl":"https:\/\/radioljubuski.ba\/wp-content\/uploads\/2021\/02\/cropped-Radio_Ljubuski_logo1.jpg","width":512,"height":512,"caption":"Radio Ljubu\u0161ki"},"image":{"@id":"https:\/\/radioljubuski.ba\/#\/schema\/logo\/image\/"},"sameAs":["https:\/\/www.facebook.com\/Radiio-Ljubuski-1490835324566332","https:\/\/x.com\/radioljubuski","https:\/\/hr.linkedin.com\/company\/radio-ljubuski","https:\/\/www.youtube.com\/channel\/UCHYaeO_n0Db3tjNGudGpXyw"]},{"@type":"Person","@id":"https:\/\/radioljubuski.ba\/#\/schema\/person\/19fc700381a780f69665d7956c469e3b","name":"Radio Ljubu\u0161ki"}]}},"_links":{"self":[{"href":"https:\/\/radioljubuski.ba\/index.php\/wp-json\/wp\/v2\/posts\/132068","targetHints":{"allow":["GET"]}}],"collection":[{"href":"https:\/\/radioljubuski.ba\/index.php\/wp-json\/wp\/v2\/posts"}],"about":[{"href":"https:\/\/radioljubuski.ba\/index.php\/wp-json\/wp\/v2\/types\/post"}],"author":[{"embeddable":true,"href":"https:\/\/radioljubuski.ba\/index.php\/wp-json\/wp\/v2\/users\/2"}],"replies":[{"embeddable":true,"href":"https:\/\/radioljubuski.ba\/index.php\/wp-json\/wp\/v2\/comments?post=132068"}],"version-history":[{"count":1,"href":"https:\/\/radioljubuski.ba\/index.php\/wp-json\/wp\/v2\/posts\/132068\/revisions"}],"predecessor-version":[{"id":132070,"href":"https:\/\/radioljubuski.ba\/index.php\/wp-json\/wp\/v2\/posts\/132068\/revisions\/132070"}],"wp:featuredmedia":[{"embeddable":true,"href":"https:\/\/radioljubuski.ba\/index.php\/wp-json\/wp\/v2\/media\/132069"}],"wp:attachment":[{"href":"https:\/\/radioljubuski.ba\/index.php\/wp-json\/wp\/v2\/media?parent=132068"}],"wp:term":[{"taxonomy":"category","embeddable":true,"href":"https:\/\/radioljubuski.ba\/index.php\/wp-json\/wp\/v2\/categories?post=132068"},{"taxonomy":"post_tag","embeddable":true,"href":"https:\/\/radioljubuski.ba\/index.php\/wp-json\/wp\/v2\/tags?post=132068"}],"curies":[{"name":"wp","href":"https:\/\/api.w.org\/{rel}","templated":true}]}}