{"id":132074,"date":"2022-04-13T14:25:25","date_gmt":"2022-04-13T13:25:25","guid":{"rendered":"https:\/\/radioljubuski.ba\/?p=132074"},"modified":"2022-04-13T14:25:26","modified_gmt":"2022-04-13T13:25:26","slug":"modricev-suigrac-pogledajte-ga-igra-kao-da-je-najmladi-u-momcadi","status":"publish","type":"post","link":"https:\/\/radioljubuski.ba\/index.php\/2022\/04\/13\/modricev-suigrac-pogledajte-ga-igra-kao-da-je-najmladi-u-momcadi\/","title":{"rendered":"Modri\u0107ev suigra\u010d: Pogledajte ga, igra kao da je najmla\u0111i u mom\u010dadi"},"content":{"rendered":"\n<p>Real se plasirao u polufinale Lige prvaka, a veliku ulogu u ovom uspjehu imao je i Luka Modri\u0107.<\/p>\n\n\n\n<figure class=\"wp-block-embed is-type-wp-embed is-provider-radio-ljubuski wp-block-embed-radio-ljubuski\"><div class=\"wp-block-embed__wrapper\">\n<blockquote class=\"wp-embedded-content\" data-secret=\"CG1Mkwt5ZO\"><a href=\"https:\/\/radioljubuski.ba\/index.php\/2022\/04\/13\/modric-igrac-utakmice-ponosan-sam-sto-su-uzvikivali-moje-ime\/\">Modri\u0107 igra\u010d utakmice: Ponosan sam \u0161to su uzvikivali moje ime<\/a><\/blockquote><iframe loading=\"lazy\" class=\"wp-embedded-content\" sandbox=\"allow-scripts\" security=\"restricted\" style=\"position: absolute; clip: rect(1px, 1px, 1px, 1px);\" title=\"&#8220;Modri\u0107 igra\u010d utakmice: Ponosan sam \u0161to su uzvikivali moje ime&#8221; &#8212;   RADIO LJUBU\u0160KI\" src=\"https:\/\/radioljubuski.ba\/index.php\/2022\/04\/13\/modric-igrac-utakmice-ponosan-sam-sto-su-uzvikivali-moje-ime\/embed\/#?secret=i2RMkObP2H#?secret=CG1Mkwt5ZO\" data-secret=\"CG1Mkwt5ZO\" width=\"600\" height=\"338\" frameborder=\"0\" marginwidth=\"0\" marginheight=\"0\" scrolling=\"no\"><\/iframe>\n<\/div><\/figure>\n\n\n\n<p>\u201dNevjerojatan je. \u010cudesno ne\u0161to. U svojim godinama je iz dana u dan sve bolji i bolji. Luka je primjer za sve, ne samo za nogometa\u0161e. \u010cini se da ima dosta godina, ali igra kao da je najmla\u0111i i ekipi. Nadam se da \u0107e ostati jo\u0161 dugo s nama\u201d, rekao je njegov suigra\u010d Nacho nakon utakmice.<\/p>\n\n\n\n<p>Chelsea je vodio 3:0 golovima Mounta u 15. minuti, Rudigera u 51. minuti i Wernera u 75. minuti te imao prolaz u polufinale. No, onda je u 80. minuti Rodrygo na \u010dudesnu asistenciju Luke Modri\u0107a osigurao Realu produ\u017eetak, a Karim Benzema je postigao pogodak koji je odveo Madri\u0111ane u polufinale.<\/p>\n\n\n\n<figure class=\"wp-block-embed is-type-wp-embed is-provider-radio-ljubuski wp-block-embed-radio-ljubuski\"><div class=\"wp-block-embed__wrapper\">\n<blockquote class=\"wp-embedded-content\" data-secret=\"kNHBOLx4OK\"><a href=\"https:\/\/radioljubuski.ba\/index.php\/2022\/04\/13\/modriceva-genijalna-asistencija-i-benzemin-gol-za-realovo-polufinale\/\">Modri\u0107eva genijalna asistencija i Benzemin gol za Realovo polufinale!<\/a><\/blockquote><iframe loading=\"lazy\" class=\"wp-embedded-content\" sandbox=\"allow-scripts\" security=\"restricted\" style=\"position: absolute; clip: rect(1px, 1px, 1px, 1px);\" title=\"&#8220;Modri\u0107eva genijalna asistencija i Benzemin gol za Realovo polufinale!&#8221; &#8212;   RADIO LJUBU\u0160KI\" src=\"https:\/\/radioljubuski.ba\/index.php\/2022\/04\/13\/modriceva-genijalna-asistencija-i-benzemin-gol-za-realovo-polufinale\/embed\/#?secret=LRfJmDBNQs#?secret=kNHBOLx4OK\" data-secret=\"kNHBOLx4OK\" width=\"600\" height=\"338\" frameborder=\"0\" marginwidth=\"0\" marginheight=\"0\" scrolling=\"no\"><\/iframe>\n<\/div><\/figure>\n\n\n\n<p><em>Izvor: narod.hr<\/em><\/p>\n","protected":false},"excerpt":{"rendered":"<p>Real se plasirao u polufinale Lige prvaka, a veliku ulogu u ovom uspjehu imao je i Luka Modri\u0107. \u201dNevjerojatan je. \u010cudesno ne\u0161to. U svojim godinama je iz dana u dan sve bolji i bolji. Luka je primjer za sve, ne samo za nogometa\u0161e. \u010cini se da ima dosta godina, ali igra kao da je najmla\u0111i [&hellip;]<\/p>\n","protected":false},"author":2,"featured_media":132075,"comment_status":"closed","ping_status":"closed","sticky":false,"template":"","format":"standard","meta":{"h5ap_radio_sources":[],"footnotes":""},"categories":[7],"tags":[],"class_list":["post-132074","post","type-post","status-publish","format-standard","has-post-thumbnail","hentry","category-sport"],"yoast_head":"<!-- This site is optimized with the Yoast SEO plugin v27.5 - https:\/\/yoast.com\/product\/yoast-seo-wordpress\/ -->\n<title>Modri\u0107ev suigra\u010d: Pogledajte ga, igra kao da je najmla\u0111i u mom\u010dadi - RADIO LJUBU\u0160KI<\/title>\n<meta name=\"robots\" content=\"index, follow, max-snippet:-1, max-image-preview:large, max-video-preview:-1\" \/>\n<link rel=\"canonical\" href=\"https:\/\/radioljubuski.ba\/index.php\/2022\/04\/13\/modricev-suigrac-pogledajte-ga-igra-kao-da-je-najmladi-u-momcadi\/\" \/>\n<meta property=\"og:locale\" content=\"hr_HR\" \/>\n<meta property=\"og:type\" content=\"article\" \/>\n<meta property=\"og:title\" content=\"Modri\u0107ev suigra\u010d: Pogledajte ga, igra kao da je najmla\u0111i u mom\u010dadi - RADIO LJUBU\u0160KI\" \/>\n<meta property=\"og:description\" content=\"Real se plasirao u polufinale Lige prvaka, a veliku ulogu u ovom uspjehu imao je i Luka Modri\u0107. \u201dNevjerojatan je. \u010cudesno ne\u0161to. U svojim godinama je iz dana u dan sve bolji i bolji. Luka je primjer za sve, ne samo za nogometa\u0161e. \u010cini se da ima dosta godina, ali igra kao da je najmla\u0111i [&hellip;]\" \/>\n<meta property=\"og:url\" content=\"https:\/\/radioljubuski.ba\/index.php\/2022\/04\/13\/modricev-suigrac-pogledajte-ga-igra-kao-da-je-najmladi-u-momcadi\/\" \/>\n<meta property=\"og:site_name\" content=\"RADIO LJUBU\u0160KI\" \/>\n<meta property=\"article:publisher\" content=\"https:\/\/www.facebook.com\/Radiio-Ljubuski-1490835324566332\" \/>\n<meta property=\"article:published_time\" content=\"2022-04-13T13:25:25+00:00\" \/>\n<meta property=\"article:modified_time\" content=\"2022-04-13T13:25:26+00:00\" \/>\n<meta property=\"og:image\" content=\"https:\/\/radioljubuski.ba\/wp-content\/uploads\/2022\/04\/HN20220412484495-696x445-1.jpg\" \/>\n\t<meta property=\"og:image:width\" content=\"696\" \/>\n\t<meta property=\"og:image:height\" content=\"445\" \/>\n\t<meta property=\"og:image:type\" content=\"image\/jpeg\" \/>\n<meta name=\"author\" content=\"Radio Ljubu\u0161ki\" \/>\n<meta name=\"twitter:card\" content=\"summary_large_image\" \/>\n<meta name=\"twitter:creator\" content=\"@radioljubuski\" \/>\n<meta name=\"twitter:site\" content=\"@radioljubuski\" \/>\n<meta name=\"twitter:label1\" content=\"Napisao\/la\" \/>\n\t<meta name=\"twitter:data1\" content=\"Radio Ljubu\u0161ki\" \/>\n\t<meta name=\"twitter:label2\" content=\"Procijenjeno vrijeme \u010ditanja\" \/>\n\t<meta name=\"twitter:data2\" content=\"1 minuta\" \/>\n<script type=\"application\/ld+json\" class=\"yoast-schema-graph\">{\"@context\":\"https:\\\/\\\/schema.org\",\"@graph\":[{\"@type\":\"Article\",\"@id\":\"https:\\\/\\\/radioljubuski.ba\\\/index.php\\\/2022\\\/04\\\/13\\\/modricev-suigrac-pogledajte-ga-igra-kao-da-je-najmladi-u-momcadi\\\/#article\",\"isPartOf\":{\"@id\":\"https:\\\/\\\/radioljubuski.ba\\\/index.php\\\/2022\\\/04\\\/13\\\/modricev-suigrac-pogledajte-ga-igra-kao-da-je-najmladi-u-momcadi\\\/\"},\"author\":{\"name\":\"Radio Ljubu\u0161ki\",\"@id\":\"https:\\\/\\\/radioljubuski.ba\\\/#\\\/schema\\\/person\\\/19fc700381a780f69665d7956c469e3b\"},\"headline\":\"Modri\u0107ev suigra\u010d: Pogledajte ga, igra kao da je najmla\u0111i u mom\u010dadi\",\"datePublished\":\"2022-04-13T13:25:25+00:00\",\"dateModified\":\"2022-04-13T13:25:26+00:00\",\"mainEntityOfPage\":{\"@id\":\"https:\\\/\\\/radioljubuski.ba\\\/index.php\\\/2022\\\/04\\\/13\\\/modricev-suigrac-pogledajte-ga-igra-kao-da-je-najmladi-u-momcadi\\\/\"},\"wordCount\":153,\"publisher\":{\"@id\":\"https:\\\/\\\/radioljubuski.ba\\\/#organization\"},\"image\":{\"@id\":\"https:\\\/\\\/radioljubuski.ba\\\/index.php\\\/2022\\\/04\\\/13\\\/modricev-suigrac-pogledajte-ga-igra-kao-da-je-najmladi-u-momcadi\\\/#primaryimage\"},\"thumbnailUrl\":\"https:\\\/\\\/radioljubuski.ba\\\/wp-content\\\/uploads\\\/2022\\\/04\\\/HN20220412484495-696x445-1.jpg\",\"articleSection\":[\"\u0160port\"],\"inLanguage\":\"hr\"},{\"@type\":\"WebPage\",\"@id\":\"https:\\\/\\\/radioljubuski.ba\\\/index.php\\\/2022\\\/04\\\/13\\\/modricev-suigrac-pogledajte-ga-igra-kao-da-je-najmladi-u-momcadi\\\/\",\"url\":\"https:\\\/\\\/radioljubuski.ba\\\/index.php\\\/2022\\\/04\\\/13\\\/modricev-suigrac-pogledajte-ga-igra-kao-da-je-najmladi-u-momcadi\\\/\",\"name\":\"Modri\u0107ev suigra\u010d: Pogledajte ga, igra kao da je najmla\u0111i u mom\u010dadi - RADIO LJUBU\u0160KI\",\"isPartOf\":{\"@id\":\"https:\\\/\\\/radioljubuski.ba\\\/#website\"},\"primaryImageOfPage\":{\"@id\":\"https:\\\/\\\/radioljubuski.ba\\\/index.php\\\/2022\\\/04\\\/13\\\/modricev-suigrac-pogledajte-ga-igra-kao-da-je-najmladi-u-momcadi\\\/#primaryimage\"},\"image\":{\"@id\":\"https:\\\/\\\/radioljubuski.ba\\\/index.php\\\/2022\\\/04\\\/13\\\/modricev-suigrac-pogledajte-ga-igra-kao-da-je-najmladi-u-momcadi\\\/#primaryimage\"},\"thumbnailUrl\":\"https:\\\/\\\/radioljubuski.ba\\\/wp-content\\\/uploads\\\/2022\\\/04\\\/HN20220412484495-696x445-1.jpg\",\"datePublished\":\"2022-04-13T13:25:25+00:00\",\"dateModified\":\"2022-04-13T13:25:26+00:00\",\"breadcrumb\":{\"@id\":\"https:\\\/\\\/radioljubuski.ba\\\/index.php\\\/2022\\\/04\\\/13\\\/modricev-suigrac-pogledajte-ga-igra-kao-da-je-najmladi-u-momcadi\\\/#breadcrumb\"},\"inLanguage\":\"hr\",\"potentialAction\":[{\"@type\":\"ReadAction\",\"target\":[\"https:\\\/\\\/radioljubuski.ba\\\/index.php\\\/2022\\\/04\\\/13\\\/modricev-suigrac-pogledajte-ga-igra-kao-da-je-najmladi-u-momcadi\\\/\"]}]},{\"@type\":\"ImageObject\",\"inLanguage\":\"hr\",\"@id\":\"https:\\\/\\\/radioljubuski.ba\\\/index.php\\\/2022\\\/04\\\/13\\\/modricev-suigrac-pogledajte-ga-igra-kao-da-je-najmladi-u-momcadi\\\/#primaryimage\",\"url\":\"https:\\\/\\\/radioljubuski.ba\\\/wp-content\\\/uploads\\\/2022\\\/04\\\/HN20220412484495-696x445-1.jpg\",\"contentUrl\":\"https:\\\/\\\/radioljubuski.ba\\\/wp-content\\\/uploads\\\/2022\\\/04\\\/HN20220412484495-696x445-1.jpg\",\"width\":696,\"height\":445},{\"@type\":\"BreadcrumbList\",\"@id\":\"https:\\\/\\\/radioljubuski.ba\\\/index.php\\\/2022\\\/04\\\/13\\\/modricev-suigrac-pogledajte-ga-igra-kao-da-je-najmladi-u-momcadi\\\/#breadcrumb\",\"itemListElement\":[{\"@type\":\"ListItem\",\"position\":1,\"name\":\"Po\u010detna stranica\",\"item\":\"https:\\\/\\\/radioljubuski.ba\\\/\"},{\"@type\":\"ListItem\",\"position\":2,\"name\":\"Modri\u0107ev suigra\u010d: Pogledajte ga, igra kao da je najmla\u0111i u mom\u010dadi\"}]},{\"@type\":\"WebSite\",\"@id\":\"https:\\\/\\\/radioljubuski.ba\\\/#website\",\"url\":\"https:\\\/\\\/radioljubuski.ba\\\/\",\"name\":\"Radio Ljubu\u0161ki\",\"description\":\"Sun\u010dana frekvencija Hercegovine\",\"publisher\":{\"@id\":\"https:\\\/\\\/radioljubuski.ba\\\/#organization\"},\"potentialAction\":[{\"@type\":\"SearchAction\",\"target\":{\"@type\":\"EntryPoint\",\"urlTemplate\":\"https:\\\/\\\/radioljubuski.ba\\\/?s={search_term_string}\"},\"query-input\":{\"@type\":\"PropertyValueSpecification\",\"valueRequired\":true,\"valueName\":\"search_term_string\"}}],\"inLanguage\":\"hr\"},{\"@type\":\"Organization\",\"@id\":\"https:\\\/\\\/radioljubuski.ba\\\/#organization\",\"name\":\"Radio Ljubu\u0161ki\",\"url\":\"https:\\\/\\\/radioljubuski.ba\\\/\",\"logo\":{\"@type\":\"ImageObject\",\"inLanguage\":\"hr\",\"@id\":\"https:\\\/\\\/radioljubuski.ba\\\/#\\\/schema\\\/logo\\\/image\\\/\",\"url\":\"https:\\\/\\\/radioljubuski.ba\\\/wp-content\\\/uploads\\\/2021\\\/02\\\/cropped-Radio_Ljubuski_logo1.jpg\",\"contentUrl\":\"https:\\\/\\\/radioljubuski.ba\\\/wp-content\\\/uploads\\\/2021\\\/02\\\/cropped-Radio_Ljubuski_logo1.jpg\",\"width\":512,\"height\":512,\"caption\":\"Radio Ljubu\u0161ki\"},\"image\":{\"@id\":\"https:\\\/\\\/radioljubuski.ba\\\/#\\\/schema\\\/logo\\\/image\\\/\"},\"sameAs\":[\"https:\\\/\\\/www.facebook.com\\\/Radiio-Ljubuski-1490835324566332\",\"https:\\\/\\\/x.com\\\/radioljubuski\",\"https:\\\/\\\/hr.linkedin.com\\\/company\\\/radio-ljubuski\",\"https:\\\/\\\/www.youtube.com\\\/channel\\\/UCHYaeO_n0Db3tjNGudGpXyw\"]},{\"@type\":\"Person\",\"@id\":\"https:\\\/\\\/radioljubuski.ba\\\/#\\\/schema\\\/person\\\/19fc700381a780f69665d7956c469e3b\",\"name\":\"Radio Ljubu\u0161ki\"}]}<\/script>\n<!-- \/ Yoast SEO plugin. -->","yoast_head_json":{"title":"Modri\u0107ev suigra\u010d: Pogledajte ga, igra kao da je najmla\u0111i u mom\u010dadi - RADIO LJUBU\u0160KI","robots":{"index":"index","follow":"follow","max-snippet":"max-snippet:-1","max-image-preview":"max-image-preview:large","max-video-preview":"max-video-preview:-1"},"canonical":"https:\/\/radioljubuski.ba\/index.php\/2022\/04\/13\/modricev-suigrac-pogledajte-ga-igra-kao-da-je-najmladi-u-momcadi\/","og_locale":"hr_HR","og_type":"article","og_title":"Modri\u0107ev suigra\u010d: Pogledajte ga, igra kao da je najmla\u0111i u mom\u010dadi - RADIO LJUBU\u0160KI","og_description":"Real se plasirao u polufinale Lige prvaka, a veliku ulogu u ovom uspjehu imao je i Luka Modri\u0107. \u201dNevjerojatan je. \u010cudesno ne\u0161to. U svojim godinama je iz dana u dan sve bolji i bolji. Luka je primjer za sve, ne samo za nogometa\u0161e. \u010cini se da ima dosta godina, ali igra kao da je najmla\u0111i [&hellip;]","og_url":"https:\/\/radioljubuski.ba\/index.php\/2022\/04\/13\/modricev-suigrac-pogledajte-ga-igra-kao-da-je-najmladi-u-momcadi\/","og_site_name":"RADIO LJUBU\u0160KI","article_publisher":"https:\/\/www.facebook.com\/Radiio-Ljubuski-1490835324566332","article_published_time":"2022-04-13T13:25:25+00:00","article_modified_time":"2022-04-13T13:25:26+00:00","og_image":[{"width":696,"height":445,"url":"https:\/\/radioljubuski.ba\/wp-content\/uploads\/2022\/04\/HN20220412484495-696x445-1.jpg","type":"image\/jpeg"}],"author":"Radio Ljubu\u0161ki","twitter_card":"summary_large_image","twitter_creator":"@radioljubuski","twitter_site":"@radioljubuski","twitter_misc":{"Napisao\/la":"Radio Ljubu\u0161ki","Procijenjeno vrijeme \u010ditanja":"1 minuta"},"schema":{"@context":"https:\/\/schema.org","@graph":[{"@type":"Article","@id":"https:\/\/radioljubuski.ba\/index.php\/2022\/04\/13\/modricev-suigrac-pogledajte-ga-igra-kao-da-je-najmladi-u-momcadi\/#article","isPartOf":{"@id":"https:\/\/radioljubuski.ba\/index.php\/2022\/04\/13\/modricev-suigrac-pogledajte-ga-igra-kao-da-je-najmladi-u-momcadi\/"},"author":{"name":"Radio Ljubu\u0161ki","@id":"https:\/\/radioljubuski.ba\/#\/schema\/person\/19fc700381a780f69665d7956c469e3b"},"headline":"Modri\u0107ev suigra\u010d: Pogledajte ga, igra kao da je najmla\u0111i u mom\u010dadi","datePublished":"2022-04-13T13:25:25+00:00","dateModified":"2022-04-13T13:25:26+00:00","mainEntityOfPage":{"@id":"https:\/\/radioljubuski.ba\/index.php\/2022\/04\/13\/modricev-suigrac-pogledajte-ga-igra-kao-da-je-najmladi-u-momcadi\/"},"wordCount":153,"publisher":{"@id":"https:\/\/radioljubuski.ba\/#organization"},"image":{"@id":"https:\/\/radioljubuski.ba\/index.php\/2022\/04\/13\/modricev-suigrac-pogledajte-ga-igra-kao-da-je-najmladi-u-momcadi\/#primaryimage"},"thumbnailUrl":"https:\/\/radioljubuski.ba\/wp-content\/uploads\/2022\/04\/HN20220412484495-696x445-1.jpg","articleSection":["\u0160port"],"inLanguage":"hr"},{"@type":"WebPage","@id":"https:\/\/radioljubuski.ba\/index.php\/2022\/04\/13\/modricev-suigrac-pogledajte-ga-igra-kao-da-je-najmladi-u-momcadi\/","url":"https:\/\/radioljubuski.ba\/index.php\/2022\/04\/13\/modricev-suigrac-pogledajte-ga-igra-kao-da-je-najmladi-u-momcadi\/","name":"Modri\u0107ev suigra\u010d: Pogledajte ga, igra kao da je najmla\u0111i u mom\u010dadi - RADIO LJUBU\u0160KI","isPartOf":{"@id":"https:\/\/radioljubuski.ba\/#website"},"primaryImageOfPage":{"@id":"https:\/\/radioljubuski.ba\/index.php\/2022\/04\/13\/modricev-suigrac-pogledajte-ga-igra-kao-da-je-najmladi-u-momcadi\/#primaryimage"},"image":{"@id":"https:\/\/radioljubuski.ba\/index.php\/2022\/04\/13\/modricev-suigrac-pogledajte-ga-igra-kao-da-je-najmladi-u-momcadi\/#primaryimage"},"thumbnailUrl":"https:\/\/radioljubuski.ba\/wp-content\/uploads\/2022\/04\/HN20220412484495-696x445-1.jpg","datePublished":"2022-04-13T13:25:25+00:00","dateModified":"2022-04-13T13:25:26+00:00","breadcrumb":{"@id":"https:\/\/radioljubuski.ba\/index.php\/2022\/04\/13\/modricev-suigrac-pogledajte-ga-igra-kao-da-je-najmladi-u-momcadi\/#breadcrumb"},"inLanguage":"hr","potentialAction":[{"@type":"ReadAction","target":["https:\/\/radioljubuski.ba\/index.php\/2022\/04\/13\/modricev-suigrac-pogledajte-ga-igra-kao-da-je-najmladi-u-momcadi\/"]}]},{"@type":"ImageObject","inLanguage":"hr","@id":"https:\/\/radioljubuski.ba\/index.php\/2022\/04\/13\/modricev-suigrac-pogledajte-ga-igra-kao-da-je-najmladi-u-momcadi\/#primaryimage","url":"https:\/\/radioljubuski.ba\/wp-content\/uploads\/2022\/04\/HN20220412484495-696x445-1.jpg","contentUrl":"https:\/\/radioljubuski.ba\/wp-content\/uploads\/2022\/04\/HN20220412484495-696x445-1.jpg","width":696,"height":445},{"@type":"BreadcrumbList","@id":"https:\/\/radioljubuski.ba\/index.php\/2022\/04\/13\/modricev-suigrac-pogledajte-ga-igra-kao-da-je-najmladi-u-momcadi\/#breadcrumb","itemListElement":[{"@type":"ListItem","position":1,"name":"Po\u010detna stranica","item":"https:\/\/radioljubuski.ba\/"},{"@type":"ListItem","position":2,"name":"Modri\u0107ev suigra\u010d: Pogledajte ga, igra kao da je najmla\u0111i u mom\u010dadi"}]},{"@type":"WebSite","@id":"https:\/\/radioljubuski.ba\/#website","url":"https:\/\/radioljubuski.ba\/","name":"Radio Ljubu\u0161ki","description":"Sun\u010dana frekvencija Hercegovine","publisher":{"@id":"https:\/\/radioljubuski.ba\/#organization"},"potentialAction":[{"@type":"SearchAction","target":{"@type":"EntryPoint","urlTemplate":"https:\/\/radioljubuski.ba\/?s={search_term_string}"},"query-input":{"@type":"PropertyValueSpecification","valueRequired":true,"valueName":"search_term_string"}}],"inLanguage":"hr"},{"@type":"Organization","@id":"https:\/\/radioljubuski.ba\/#organization","name":"Radio Ljubu\u0161ki","url":"https:\/\/radioljubuski.ba\/","logo":{"@type":"ImageObject","inLanguage":"hr","@id":"https:\/\/radioljubuski.ba\/#\/schema\/logo\/image\/","url":"https:\/\/radioljubuski.ba\/wp-content\/uploads\/2021\/02\/cropped-Radio_Ljubuski_logo1.jpg","contentUrl":"https:\/\/radioljubuski.ba\/wp-content\/uploads\/2021\/02\/cropped-Radio_Ljubuski_logo1.jpg","width":512,"height":512,"caption":"Radio Ljubu\u0161ki"},"image":{"@id":"https:\/\/radioljubuski.ba\/#\/schema\/logo\/image\/"},"sameAs":["https:\/\/www.facebook.com\/Radiio-Ljubuski-1490835324566332","https:\/\/x.com\/radioljubuski","https:\/\/hr.linkedin.com\/company\/radio-ljubuski","https:\/\/www.youtube.com\/channel\/UCHYaeO_n0Db3tjNGudGpXyw"]},{"@type":"Person","@id":"https:\/\/radioljubuski.ba\/#\/schema\/person\/19fc700381a780f69665d7956c469e3b","name":"Radio Ljubu\u0161ki"}]}},"_links":{"self":[{"href":"https:\/\/radioljubuski.ba\/index.php\/wp-json\/wp\/v2\/posts\/132074","targetHints":{"allow":["GET"]}}],"collection":[{"href":"https:\/\/radioljubuski.ba\/index.php\/wp-json\/wp\/v2\/posts"}],"about":[{"href":"https:\/\/radioljubuski.ba\/index.php\/wp-json\/wp\/v2\/types\/post"}],"author":[{"embeddable":true,"href":"https:\/\/radioljubuski.ba\/index.php\/wp-json\/wp\/v2\/users\/2"}],"replies":[{"embeddable":true,"href":"https:\/\/radioljubuski.ba\/index.php\/wp-json\/wp\/v2\/comments?post=132074"}],"version-history":[{"count":1,"href":"https:\/\/radioljubuski.ba\/index.php\/wp-json\/wp\/v2\/posts\/132074\/revisions"}],"predecessor-version":[{"id":132076,"href":"https:\/\/radioljubuski.ba\/index.php\/wp-json\/wp\/v2\/posts\/132074\/revisions\/132076"}],"wp:featuredmedia":[{"embeddable":true,"href":"https:\/\/radioljubuski.ba\/index.php\/wp-json\/wp\/v2\/media\/132075"}],"wp:attachment":[{"href":"https:\/\/radioljubuski.ba\/index.php\/wp-json\/wp\/v2\/media?parent=132074"}],"wp:term":[{"taxonomy":"category","embeddable":true,"href":"https:\/\/radioljubuski.ba\/index.php\/wp-json\/wp\/v2\/categories?post=132074"},{"taxonomy":"post_tag","embeddable":true,"href":"https:\/\/radioljubuski.ba\/index.php\/wp-json\/wp\/v2\/tags?post=132074"}],"curies":[{"name":"wp","href":"https:\/\/api.w.org\/{rel}","templated":true}]}}