{"id":132077,"date":"2022-04-13T14:27:07","date_gmt":"2022-04-13T13:27:07","guid":{"rendered":"https:\/\/radioljubuski.ba\/?p=132077"},"modified":"2022-04-13T14:27:07","modified_gmt":"2022-04-13T13:27:07","slug":"prvoosumnjiceni-za-ubojstvo-tota-u-pritvoru","status":"publish","type":"post","link":"https:\/\/radioljubuski.ba\/index.php\/2022\/04\/13\/prvoosumnjiceni-za-ubojstvo-tota-u-pritvoru\/","title":{"rendered":"Prvoosumnji\u010deni za ubojstvo Tota u pritvoru"},"content":{"rendered":"\n<p>Prema priop\u0107enju MUP-a Sjeverne Makedonije, uhi\u0107en je prvoosumnji\u010deni za ubojstvo hrvatskog rukometa\u0161a Denisa Tota, Angelo Georgievski.<\/p>\n\n\n\n<p>Glavni urednik portala Aleksandar Damovski javio se za <a href=\"https:\/\/vijesti.hrt.hr\/svijet\/prvoosumnjiceni-za-ubojstvo-tota-u-pritvoru-6735989\">HRT<\/a> iz Skoplja i komentirao slu\u010daj.<\/p>\n\n\n\n<p>\u2013 Georgievski se sam predao policiji jutros u dva sata iza pono\u0107i. Prema slu\u017ebenom priop\u0107enju MUP-a nalazi se u zatvoru u KP domu Skoplje.<\/p>\n\n\n\n<p>Na pitanje o zata\u0161kavanju rekao je da je to sad glavno pitanje i ovisi o tome kako \u0107e se razrije\u0161iti proces osoba koji su udarali rukometa\u0161a Denisa Tota.<\/p>\n\n\n\n<p>\u2013 Drugo pitanje na koje javnost o\u010dekuje odgovor \u2013 za\u0161to su slu\u017ebeni organi, MUP i de\u017eurni lije\u010dnici poku\u0161ali zata\u0161kati ovaj slu\u010daj, zaklju\u010dio je.<\/p>\n\n\n\n<p>Dr\u017eavno odvjetni\u0161tvo Skoplje raspisalo je tjeralicu zbog osnovane sumnje da je po\u010dinio kazneno djelo ubojstva.<\/p>\n\n\n\n<p>\u2013 Nakon poduzetih intenzivnih mjera i aktivnosti na pronalasku i privo\u0111enju, osoba se oko 1,20 sati predala policijskim slu\u017ebenicima Operativnog tima za potragu.<\/p>\n\n\n\n<p>Hrvatski rukometa\u0161, prema pisanju medija, \u017ertva je makedonskog narkodilera Angela Georgievskog koji ga je pretukao 7. travnja u ranim jutarnjim satima, prema videosnimkama s kamere no\u0107nog kluba u Skoplju.<\/p>\n\n\n\n<figure class=\"wp-block-embed is-type-wp-embed is-provider-radio-ljubuski wp-block-embed-radio-ljubuski\"><div class=\"wp-block-embed__wrapper\">\n<blockquote class=\"wp-embedded-content\" data-secret=\"DlYxlelGfC\"><a href=\"https:\/\/radioljubuski.ba\/index.php\/2022\/04\/13\/makedonski-novinar-o-smrti-denisa-tota-mnogi-se-pitaju-tko-su-roditelji-osumnjicenih\/\">Makedonski novinar o smrti Denisa Tota: Mnogi se pitaju tko su roditelji osumnji\u010denih<\/a><\/blockquote><iframe loading=\"lazy\" class=\"wp-embedded-content\" sandbox=\"allow-scripts\" security=\"restricted\" style=\"position: absolute; clip: rect(1px, 1px, 1px, 1px);\" title=\"&#8220;Makedonski novinar o smrti Denisa Tota: Mnogi se pitaju tko su roditelji osumnji\u010denih&#8221; &#8212;   RADIO LJUBU\u0160KI\" src=\"https:\/\/radioljubuski.ba\/index.php\/2022\/04\/13\/makedonski-novinar-o-smrti-denisa-tota-mnogi-se-pitaju-tko-su-roditelji-osumnjicenih\/embed\/#?secret=lsJiCpauxI#?secret=DlYxlelGfC\" data-secret=\"DlYxlelGfC\" width=\"600\" height=\"338\" frameborder=\"0\" marginwidth=\"0\" marginheight=\"0\" scrolling=\"no\"><\/iframe>\n<\/div><\/figure>\n\n\n\n<p><em>Izvor: narod.hr\/HRT<\/em><\/p>\n","protected":false},"excerpt":{"rendered":"<p>Prema priop\u0107enju MUP-a Sjeverne Makedonije, uhi\u0107en je prvoosumnji\u010deni za ubojstvo hrvatskog rukometa\u0161a Denisa Tota, Angelo Georgievski. Glavni urednik portala Aleksandar Damovski javio se za HRT iz Skoplja i komentirao slu\u010daj. \u2013 Georgievski se sam predao policiji jutros u dva sata iza pono\u0107i. Prema slu\u017ebenom priop\u0107enju MUP-a nalazi se u zatvoru u KP domu Skoplje. Na [&hellip;]<\/p>\n","protected":false},"author":2,"featured_media":130575,"comment_status":"closed","ping_status":"closed","sticky":false,"template":"","format":"standard","meta":{"h5ap_radio_sources":[],"footnotes":""},"categories":[7],"tags":[],"class_list":["post-132077","post","type-post","status-publish","format-standard","has-post-thumbnail","hentry","category-sport"],"yoast_head":"<!-- This site is optimized with the Yoast SEO plugin v27.5 - https:\/\/yoast.com\/product\/yoast-seo-wordpress\/ -->\n<title>Prvoosumnji\u010deni za ubojstvo Tota u pritvoru - RADIO LJUBU\u0160KI<\/title>\n<meta name=\"robots\" content=\"index, follow, max-snippet:-1, max-image-preview:large, max-video-preview:-1\" \/>\n<link rel=\"canonical\" href=\"https:\/\/radioljubuski.ba\/index.php\/2022\/04\/13\/prvoosumnjiceni-za-ubojstvo-tota-u-pritvoru\/\" \/>\n<meta property=\"og:locale\" content=\"hr_HR\" \/>\n<meta property=\"og:type\" content=\"article\" \/>\n<meta property=\"og:title\" content=\"Prvoosumnji\u010deni za ubojstvo Tota u pritvoru - RADIO LJUBU\u0160KI\" \/>\n<meta property=\"og:description\" content=\"Prema priop\u0107enju MUP-a Sjeverne Makedonije, uhi\u0107en je prvoosumnji\u010deni za ubojstvo hrvatskog rukometa\u0161a Denisa Tota, Angelo Georgievski. Glavni urednik portala Aleksandar Damovski javio se za HRT iz Skoplja i komentirao slu\u010daj. \u2013 Georgievski se sam predao policiji jutros u dva sata iza pono\u0107i. Prema slu\u017ebenom priop\u0107enju MUP-a nalazi se u zatvoru u KP domu Skoplje. Na [&hellip;]\" \/>\n<meta property=\"og:url\" content=\"https:\/\/radioljubuski.ba\/index.php\/2022\/04\/13\/prvoosumnjiceni-za-ubojstvo-tota-u-pritvoru\/\" \/>\n<meta property=\"og:site_name\" content=\"RADIO LJUBU\u0160KI\" \/>\n<meta property=\"article:publisher\" content=\"https:\/\/www.facebook.com\/Radiio-Ljubuski-1490835324566332\" \/>\n<meta property=\"article:published_time\" content=\"2022-04-13T13:27:07+00:00\" \/>\n<meta property=\"og:image\" content=\"https:\/\/radioljubuski.ba\/wp-content\/uploads\/2022\/04\/original-1.jpeg\" \/>\n\t<meta property=\"og:image:width\" content=\"692\" \/>\n\t<meta property=\"og:image:height\" content=\"422\" \/>\n\t<meta property=\"og:image:type\" content=\"image\/jpeg\" \/>\n<meta name=\"author\" content=\"Radio Ljubu\u0161ki\" \/>\n<meta name=\"twitter:card\" content=\"summary_large_image\" \/>\n<meta name=\"twitter:creator\" content=\"@radioljubuski\" \/>\n<meta name=\"twitter:site\" content=\"@radioljubuski\" \/>\n<meta name=\"twitter:label1\" content=\"Napisao\/la\" \/>\n\t<meta name=\"twitter:data1\" content=\"Radio Ljubu\u0161ki\" \/>\n\t<meta name=\"twitter:label2\" content=\"Procijenjeno vrijeme \u010ditanja\" \/>\n\t<meta name=\"twitter:data2\" content=\"1 minuta\" \/>\n<script type=\"application\/ld+json\" class=\"yoast-schema-graph\">{\"@context\":\"https:\\\/\\\/schema.org\",\"@graph\":[{\"@type\":\"Article\",\"@id\":\"https:\\\/\\\/radioljubuski.ba\\\/index.php\\\/2022\\\/04\\\/13\\\/prvoosumnjiceni-za-ubojstvo-tota-u-pritvoru\\\/#article\",\"isPartOf\":{\"@id\":\"https:\\\/\\\/radioljubuski.ba\\\/index.php\\\/2022\\\/04\\\/13\\\/prvoosumnjiceni-za-ubojstvo-tota-u-pritvoru\\\/\"},\"author\":{\"name\":\"Radio Ljubu\u0161ki\",\"@id\":\"https:\\\/\\\/radioljubuski.ba\\\/#\\\/schema\\\/person\\\/19fc700381a780f69665d7956c469e3b\"},\"headline\":\"Prvoosumnji\u010deni za ubojstvo Tota u pritvoru\",\"datePublished\":\"2022-04-13T13:27:07+00:00\",\"mainEntityOfPage\":{\"@id\":\"https:\\\/\\\/radioljubuski.ba\\\/index.php\\\/2022\\\/04\\\/13\\\/prvoosumnjiceni-za-ubojstvo-tota-u-pritvoru\\\/\"},\"wordCount\":209,\"publisher\":{\"@id\":\"https:\\\/\\\/radioljubuski.ba\\\/#organization\"},\"image\":{\"@id\":\"https:\\\/\\\/radioljubuski.ba\\\/index.php\\\/2022\\\/04\\\/13\\\/prvoosumnjiceni-za-ubojstvo-tota-u-pritvoru\\\/#primaryimage\"},\"thumbnailUrl\":\"https:\\\/\\\/radioljubuski.ba\\\/wp-content\\\/uploads\\\/2022\\\/04\\\/original-1.jpeg\",\"articleSection\":[\"\u0160port\"],\"inLanguage\":\"hr\"},{\"@type\":\"WebPage\",\"@id\":\"https:\\\/\\\/radioljubuski.ba\\\/index.php\\\/2022\\\/04\\\/13\\\/prvoosumnjiceni-za-ubojstvo-tota-u-pritvoru\\\/\",\"url\":\"https:\\\/\\\/radioljubuski.ba\\\/index.php\\\/2022\\\/04\\\/13\\\/prvoosumnjiceni-za-ubojstvo-tota-u-pritvoru\\\/\",\"name\":\"Prvoosumnji\u010deni za ubojstvo Tota u pritvoru - RADIO LJUBU\u0160KI\",\"isPartOf\":{\"@id\":\"https:\\\/\\\/radioljubuski.ba\\\/#website\"},\"primaryImageOfPage\":{\"@id\":\"https:\\\/\\\/radioljubuski.ba\\\/index.php\\\/2022\\\/04\\\/13\\\/prvoosumnjiceni-za-ubojstvo-tota-u-pritvoru\\\/#primaryimage\"},\"image\":{\"@id\":\"https:\\\/\\\/radioljubuski.ba\\\/index.php\\\/2022\\\/04\\\/13\\\/prvoosumnjiceni-za-ubojstvo-tota-u-pritvoru\\\/#primaryimage\"},\"thumbnailUrl\":\"https:\\\/\\\/radioljubuski.ba\\\/wp-content\\\/uploads\\\/2022\\\/04\\\/original-1.jpeg\",\"datePublished\":\"2022-04-13T13:27:07+00:00\",\"breadcrumb\":{\"@id\":\"https:\\\/\\\/radioljubuski.ba\\\/index.php\\\/2022\\\/04\\\/13\\\/prvoosumnjiceni-za-ubojstvo-tota-u-pritvoru\\\/#breadcrumb\"},\"inLanguage\":\"hr\",\"potentialAction\":[{\"@type\":\"ReadAction\",\"target\":[\"https:\\\/\\\/radioljubuski.ba\\\/index.php\\\/2022\\\/04\\\/13\\\/prvoosumnjiceni-za-ubojstvo-tota-u-pritvoru\\\/\"]}]},{\"@type\":\"ImageObject\",\"inLanguage\":\"hr\",\"@id\":\"https:\\\/\\\/radioljubuski.ba\\\/index.php\\\/2022\\\/04\\\/13\\\/prvoosumnjiceni-za-ubojstvo-tota-u-pritvoru\\\/#primaryimage\",\"url\":\"https:\\\/\\\/radioljubuski.ba\\\/wp-content\\\/uploads\\\/2022\\\/04\\\/original-1.jpeg\",\"contentUrl\":\"https:\\\/\\\/radioljubuski.ba\\\/wp-content\\\/uploads\\\/2022\\\/04\\\/original-1.jpeg\",\"width\":692,\"height\":422},{\"@type\":\"BreadcrumbList\",\"@id\":\"https:\\\/\\\/radioljubuski.ba\\\/index.php\\\/2022\\\/04\\\/13\\\/prvoosumnjiceni-za-ubojstvo-tota-u-pritvoru\\\/#breadcrumb\",\"itemListElement\":[{\"@type\":\"ListItem\",\"position\":1,\"name\":\"Po\u010detna stranica\",\"item\":\"https:\\\/\\\/radioljubuski.ba\\\/\"},{\"@type\":\"ListItem\",\"position\":2,\"name\":\"Prvoosumnji\u010deni za ubojstvo Tota u pritvoru\"}]},{\"@type\":\"WebSite\",\"@id\":\"https:\\\/\\\/radioljubuski.ba\\\/#website\",\"url\":\"https:\\\/\\\/radioljubuski.ba\\\/\",\"name\":\"Radio Ljubu\u0161ki\",\"description\":\"Sun\u010dana frekvencija Hercegovine\",\"publisher\":{\"@id\":\"https:\\\/\\\/radioljubuski.ba\\\/#organization\"},\"potentialAction\":[{\"@type\":\"SearchAction\",\"target\":{\"@type\":\"EntryPoint\",\"urlTemplate\":\"https:\\\/\\\/radioljubuski.ba\\\/?s={search_term_string}\"},\"query-input\":{\"@type\":\"PropertyValueSpecification\",\"valueRequired\":true,\"valueName\":\"search_term_string\"}}],\"inLanguage\":\"hr\"},{\"@type\":\"Organization\",\"@id\":\"https:\\\/\\\/radioljubuski.ba\\\/#organization\",\"name\":\"Radio Ljubu\u0161ki\",\"url\":\"https:\\\/\\\/radioljubuski.ba\\\/\",\"logo\":{\"@type\":\"ImageObject\",\"inLanguage\":\"hr\",\"@id\":\"https:\\\/\\\/radioljubuski.ba\\\/#\\\/schema\\\/logo\\\/image\\\/\",\"url\":\"https:\\\/\\\/radioljubuski.ba\\\/wp-content\\\/uploads\\\/2021\\\/02\\\/cropped-Radio_Ljubuski_logo1.jpg\",\"contentUrl\":\"https:\\\/\\\/radioljubuski.ba\\\/wp-content\\\/uploads\\\/2021\\\/02\\\/cropped-Radio_Ljubuski_logo1.jpg\",\"width\":512,\"height\":512,\"caption\":\"Radio Ljubu\u0161ki\"},\"image\":{\"@id\":\"https:\\\/\\\/radioljubuski.ba\\\/#\\\/schema\\\/logo\\\/image\\\/\"},\"sameAs\":[\"https:\\\/\\\/www.facebook.com\\\/Radiio-Ljubuski-1490835324566332\",\"https:\\\/\\\/x.com\\\/radioljubuski\",\"https:\\\/\\\/hr.linkedin.com\\\/company\\\/radio-ljubuski\",\"https:\\\/\\\/www.youtube.com\\\/channel\\\/UCHYaeO_n0Db3tjNGudGpXyw\"]},{\"@type\":\"Person\",\"@id\":\"https:\\\/\\\/radioljubuski.ba\\\/#\\\/schema\\\/person\\\/19fc700381a780f69665d7956c469e3b\",\"name\":\"Radio Ljubu\u0161ki\"}]}<\/script>\n<!-- \/ Yoast SEO plugin. -->","yoast_head_json":{"title":"Prvoosumnji\u010deni za ubojstvo Tota u pritvoru - RADIO LJUBU\u0160KI","robots":{"index":"index","follow":"follow","max-snippet":"max-snippet:-1","max-image-preview":"max-image-preview:large","max-video-preview":"max-video-preview:-1"},"canonical":"https:\/\/radioljubuski.ba\/index.php\/2022\/04\/13\/prvoosumnjiceni-za-ubojstvo-tota-u-pritvoru\/","og_locale":"hr_HR","og_type":"article","og_title":"Prvoosumnji\u010deni za ubojstvo Tota u pritvoru - RADIO LJUBU\u0160KI","og_description":"Prema priop\u0107enju MUP-a Sjeverne Makedonije, uhi\u0107en je prvoosumnji\u010deni za ubojstvo hrvatskog rukometa\u0161a Denisa Tota, Angelo Georgievski. Glavni urednik portala Aleksandar Damovski javio se za HRT iz Skoplja i komentirao slu\u010daj. \u2013 Georgievski se sam predao policiji jutros u dva sata iza pono\u0107i. Prema slu\u017ebenom priop\u0107enju MUP-a nalazi se u zatvoru u KP domu Skoplje. Na [&hellip;]","og_url":"https:\/\/radioljubuski.ba\/index.php\/2022\/04\/13\/prvoosumnjiceni-za-ubojstvo-tota-u-pritvoru\/","og_site_name":"RADIO LJUBU\u0160KI","article_publisher":"https:\/\/www.facebook.com\/Radiio-Ljubuski-1490835324566332","article_published_time":"2022-04-13T13:27:07+00:00","og_image":[{"width":692,"height":422,"url":"https:\/\/radioljubuski.ba\/wp-content\/uploads\/2022\/04\/original-1.jpeg","type":"image\/jpeg"}],"author":"Radio Ljubu\u0161ki","twitter_card":"summary_large_image","twitter_creator":"@radioljubuski","twitter_site":"@radioljubuski","twitter_misc":{"Napisao\/la":"Radio Ljubu\u0161ki","Procijenjeno vrijeme \u010ditanja":"1 minuta"},"schema":{"@context":"https:\/\/schema.org","@graph":[{"@type":"Article","@id":"https:\/\/radioljubuski.ba\/index.php\/2022\/04\/13\/prvoosumnjiceni-za-ubojstvo-tota-u-pritvoru\/#article","isPartOf":{"@id":"https:\/\/radioljubuski.ba\/index.php\/2022\/04\/13\/prvoosumnjiceni-za-ubojstvo-tota-u-pritvoru\/"},"author":{"name":"Radio Ljubu\u0161ki","@id":"https:\/\/radioljubuski.ba\/#\/schema\/person\/19fc700381a780f69665d7956c469e3b"},"headline":"Prvoosumnji\u010deni za ubojstvo Tota u pritvoru","datePublished":"2022-04-13T13:27:07+00:00","mainEntityOfPage":{"@id":"https:\/\/radioljubuski.ba\/index.php\/2022\/04\/13\/prvoosumnjiceni-za-ubojstvo-tota-u-pritvoru\/"},"wordCount":209,"publisher":{"@id":"https:\/\/radioljubuski.ba\/#organization"},"image":{"@id":"https:\/\/radioljubuski.ba\/index.php\/2022\/04\/13\/prvoosumnjiceni-za-ubojstvo-tota-u-pritvoru\/#primaryimage"},"thumbnailUrl":"https:\/\/radioljubuski.ba\/wp-content\/uploads\/2022\/04\/original-1.jpeg","articleSection":["\u0160port"],"inLanguage":"hr"},{"@type":"WebPage","@id":"https:\/\/radioljubuski.ba\/index.php\/2022\/04\/13\/prvoosumnjiceni-za-ubojstvo-tota-u-pritvoru\/","url":"https:\/\/radioljubuski.ba\/index.php\/2022\/04\/13\/prvoosumnjiceni-za-ubojstvo-tota-u-pritvoru\/","name":"Prvoosumnji\u010deni za ubojstvo Tota u pritvoru - RADIO LJUBU\u0160KI","isPartOf":{"@id":"https:\/\/radioljubuski.ba\/#website"},"primaryImageOfPage":{"@id":"https:\/\/radioljubuski.ba\/index.php\/2022\/04\/13\/prvoosumnjiceni-za-ubojstvo-tota-u-pritvoru\/#primaryimage"},"image":{"@id":"https:\/\/radioljubuski.ba\/index.php\/2022\/04\/13\/prvoosumnjiceni-za-ubojstvo-tota-u-pritvoru\/#primaryimage"},"thumbnailUrl":"https:\/\/radioljubuski.ba\/wp-content\/uploads\/2022\/04\/original-1.jpeg","datePublished":"2022-04-13T13:27:07+00:00","breadcrumb":{"@id":"https:\/\/radioljubuski.ba\/index.php\/2022\/04\/13\/prvoosumnjiceni-za-ubojstvo-tota-u-pritvoru\/#breadcrumb"},"inLanguage":"hr","potentialAction":[{"@type":"ReadAction","target":["https:\/\/radioljubuski.ba\/index.php\/2022\/04\/13\/prvoosumnjiceni-za-ubojstvo-tota-u-pritvoru\/"]}]},{"@type":"ImageObject","inLanguage":"hr","@id":"https:\/\/radioljubuski.ba\/index.php\/2022\/04\/13\/prvoosumnjiceni-za-ubojstvo-tota-u-pritvoru\/#primaryimage","url":"https:\/\/radioljubuski.ba\/wp-content\/uploads\/2022\/04\/original-1.jpeg","contentUrl":"https:\/\/radioljubuski.ba\/wp-content\/uploads\/2022\/04\/original-1.jpeg","width":692,"height":422},{"@type":"BreadcrumbList","@id":"https:\/\/radioljubuski.ba\/index.php\/2022\/04\/13\/prvoosumnjiceni-za-ubojstvo-tota-u-pritvoru\/#breadcrumb","itemListElement":[{"@type":"ListItem","position":1,"name":"Po\u010detna stranica","item":"https:\/\/radioljubuski.ba\/"},{"@type":"ListItem","position":2,"name":"Prvoosumnji\u010deni za ubojstvo Tota u pritvoru"}]},{"@type":"WebSite","@id":"https:\/\/radioljubuski.ba\/#website","url":"https:\/\/radioljubuski.ba\/","name":"Radio Ljubu\u0161ki","description":"Sun\u010dana frekvencija Hercegovine","publisher":{"@id":"https:\/\/radioljubuski.ba\/#organization"},"potentialAction":[{"@type":"SearchAction","target":{"@type":"EntryPoint","urlTemplate":"https:\/\/radioljubuski.ba\/?s={search_term_string}"},"query-input":{"@type":"PropertyValueSpecification","valueRequired":true,"valueName":"search_term_string"}}],"inLanguage":"hr"},{"@type":"Organization","@id":"https:\/\/radioljubuski.ba\/#organization","name":"Radio Ljubu\u0161ki","url":"https:\/\/radioljubuski.ba\/","logo":{"@type":"ImageObject","inLanguage":"hr","@id":"https:\/\/radioljubuski.ba\/#\/schema\/logo\/image\/","url":"https:\/\/radioljubuski.ba\/wp-content\/uploads\/2021\/02\/cropped-Radio_Ljubuski_logo1.jpg","contentUrl":"https:\/\/radioljubuski.ba\/wp-content\/uploads\/2021\/02\/cropped-Radio_Ljubuski_logo1.jpg","width":512,"height":512,"caption":"Radio Ljubu\u0161ki"},"image":{"@id":"https:\/\/radioljubuski.ba\/#\/schema\/logo\/image\/"},"sameAs":["https:\/\/www.facebook.com\/Radiio-Ljubuski-1490835324566332","https:\/\/x.com\/radioljubuski","https:\/\/hr.linkedin.com\/company\/radio-ljubuski","https:\/\/www.youtube.com\/channel\/UCHYaeO_n0Db3tjNGudGpXyw"]},{"@type":"Person","@id":"https:\/\/radioljubuski.ba\/#\/schema\/person\/19fc700381a780f69665d7956c469e3b","name":"Radio Ljubu\u0161ki"}]}},"_links":{"self":[{"href":"https:\/\/radioljubuski.ba\/index.php\/wp-json\/wp\/v2\/posts\/132077","targetHints":{"allow":["GET"]}}],"collection":[{"href":"https:\/\/radioljubuski.ba\/index.php\/wp-json\/wp\/v2\/posts"}],"about":[{"href":"https:\/\/radioljubuski.ba\/index.php\/wp-json\/wp\/v2\/types\/post"}],"author":[{"embeddable":true,"href":"https:\/\/radioljubuski.ba\/index.php\/wp-json\/wp\/v2\/users\/2"}],"replies":[{"embeddable":true,"href":"https:\/\/radioljubuski.ba\/index.php\/wp-json\/wp\/v2\/comments?post=132077"}],"version-history":[{"count":1,"href":"https:\/\/radioljubuski.ba\/index.php\/wp-json\/wp\/v2\/posts\/132077\/revisions"}],"predecessor-version":[{"id":132078,"href":"https:\/\/radioljubuski.ba\/index.php\/wp-json\/wp\/v2\/posts\/132077\/revisions\/132078"}],"wp:featuredmedia":[{"embeddable":true,"href":"https:\/\/radioljubuski.ba\/index.php\/wp-json\/wp\/v2\/media\/130575"}],"wp:attachment":[{"href":"https:\/\/radioljubuski.ba\/index.php\/wp-json\/wp\/v2\/media?parent=132077"}],"wp:term":[{"taxonomy":"category","embeddable":true,"href":"https:\/\/radioljubuski.ba\/index.php\/wp-json\/wp\/v2\/categories?post=132077"},{"taxonomy":"post_tag","embeddable":true,"href":"https:\/\/radioljubuski.ba\/index.php\/wp-json\/wp\/v2\/tags?post=132077"}],"curies":[{"name":"wp","href":"https:\/\/api.w.org\/{rel}","templated":true}]}}