{"id":132128,"date":"2022-04-13T14:54:05","date_gmt":"2022-04-13T13:54:05","guid":{"rendered":"https:\/\/radioljubuski.ba\/?p=132128"},"modified":"2022-04-13T14:54:06","modified_gmt":"2022-04-13T13:54:06","slug":"veleposlanstvo-rusije-u-bih-nastave-li-clanovi-pic-a-popustati-schmidtu-odgovarat-ce-za-mogucu-destabilizaciju-u-bih","status":"publish","type":"post","link":"https:\/\/radioljubuski.ba\/index.php\/2022\/04\/13\/veleposlanstvo-rusije-u-bih-nastave-li-clanovi-pic-a-popustati-schmidtu-odgovarat-ce-za-mogucu-destabilizaciju-u-bih\/","title":{"rendered":"Veleposlanstvo Rusije u BiH: Nastave li \u010dlanovi PIC-a popu\u0161tati Schmidtu, odgovarat \u0107e za mogu\u0107u destabilizaciju u BiH"},"content":{"rendered":"\n<p>Veleposlanstvo Ruske Federacije u Bosni i Hercegovini oglasilo se priop\u0107enjem za javnost u kojem je odbacila odluku visokog predstavnika Christiana Schmidta kojom je poni\u0161tio Zakon o nepokretnoj imovini Republike Srpske te ponovo osporila njegov legitimitet kao visokog predstavnika.<\/p>\n\n\n\n<p>-Obra\u0107amo se partnerima iz Upravnog odbora PIC-a sa zahtjevom da poni\u0161te takozvanu odluku Schmidta od 12. travnja ove godine. Ukoliko pojedini \u010dlanovi UO PIC-a nastave popu\u0161tati samovolji Schmidta, posebno ako se sankcije koriste protiv legalno izabranih politi\u010dara u BiH, onda \u0107e sva odgovornost za mogu\u0107u destabilizaciju u BiH pasti na predstavnike me\u0111unarodne zajednice &#8211; navodi se u priop\u0107enju.<\/p>\n\n\n\n<p>Iz ruskog veleposlanstva pozivaju sve politi\u010dke snage u BiH da \u201cpoka\u017eu realizam i odmah krenu u direktan dijalog, bez vanjskog posredovanja kako bi se \u0161to prije do\u0161lo do kompromisnih rje\u0161enja o aktuelnim unutarpoliti\u010dkim pitanjima, formirala i ja\u010dala atmosfera suglasnosti i pomirenja\u201d.<\/p>\n\n\n\n<p>-Samo to, u sada\u0161njoj kompliciranoj situaciji, mo\u017ee stvoriti uvjete za osiguranje stabilnosti i sigurnosti u BiH &#8211; isti\u010du iz Veleposlanstva Ruske Federacije u BiH.<\/p>\n\n\n\n<p>Izvor:pogled.ba<\/p>\n","protected":false},"excerpt":{"rendered":"<p>Veleposlanstvo Ruske Federacije u Bosni i Hercegovini oglasilo se priop\u0107enjem za javnost u kojem je odbacila odluku visokog predstavnika Christiana Schmidta kojom je poni\u0161tio Zakon o nepokretnoj imovini Republike Srpske te ponovo osporila njegov legitimitet kao visokog predstavnika. -Obra\u0107amo se partnerima iz Upravnog odbora PIC-a sa zahtjevom da poni\u0161te takozvanu odluku Schmidta od 12. travnja [&hellip;]<\/p>\n","protected":false},"author":2,"featured_media":132129,"comment_status":"closed","ping_status":"closed","sticky":false,"template":"","format":"standard","meta":{"h5ap_radio_sources":[],"footnotes":""},"categories":[1],"tags":[],"class_list":["post-132128","post","type-post","status-publish","format-standard","has-post-thumbnail","hentry","category-bihiregija"],"yoast_head":"<!-- This site is optimized with the Yoast SEO plugin v27.5 - https:\/\/yoast.com\/product\/yoast-seo-wordpress\/ -->\n<title>Veleposlanstvo Rusije u BiH: Nastave li \u010dlanovi PIC-a popu\u0161tati Schmidtu, odgovarat \u0107e za mogu\u0107u destabilizaciju u BiH - RADIO LJUBU\u0160KI<\/title>\n<meta name=\"robots\" content=\"index, follow, max-snippet:-1, max-image-preview:large, max-video-preview:-1\" \/>\n<link rel=\"canonical\" href=\"https:\/\/radioljubuski.ba\/index.php\/2022\/04\/13\/veleposlanstvo-rusije-u-bih-nastave-li-clanovi-pic-a-popustati-schmidtu-odgovarat-ce-za-mogucu-destabilizaciju-u-bih\/\" \/>\n<meta property=\"og:locale\" content=\"hr_HR\" \/>\n<meta property=\"og:type\" content=\"article\" \/>\n<meta property=\"og:title\" content=\"Veleposlanstvo Rusije u BiH: Nastave li \u010dlanovi PIC-a popu\u0161tati Schmidtu, odgovarat \u0107e za mogu\u0107u destabilizaciju u BiH - RADIO LJUBU\u0160KI\" \/>\n<meta property=\"og:description\" content=\"Veleposlanstvo Ruske Federacije u Bosni i Hercegovini oglasilo se priop\u0107enjem za javnost u kojem je odbacila odluku visokog predstavnika Christiana Schmidta kojom je poni\u0161tio Zakon o nepokretnoj imovini Republike Srpske te ponovo osporila njegov legitimitet kao visokog predstavnika. -Obra\u0107amo se partnerima iz Upravnog odbora PIC-a sa zahtjevom da poni\u0161te takozvanu odluku Schmidta od 12. travnja [&hellip;]\" \/>\n<meta property=\"og:url\" content=\"https:\/\/radioljubuski.ba\/index.php\/2022\/04\/13\/veleposlanstvo-rusije-u-bih-nastave-li-clanovi-pic-a-popustati-schmidtu-odgovarat-ce-za-mogucu-destabilizaciju-u-bih\/\" \/>\n<meta property=\"og:site_name\" content=\"RADIO LJUBU\u0160KI\" \/>\n<meta property=\"article:publisher\" content=\"https:\/\/www.facebook.com\/Radiio-Ljubuski-1490835324566332\" \/>\n<meta property=\"article:published_time\" content=\"2022-04-13T13:54:05+00:00\" \/>\n<meta property=\"article:modified_time\" content=\"2022-04-13T13:54:06+00:00\" \/>\n<meta property=\"og:image\" content=\"https:\/\/radioljubuski.ba\/wp-content\/uploads\/2022\/04\/8-2022-04-13-11-05-35-kalabuhov.jpg\" \/>\n\t<meta property=\"og:image:width\" content=\"1000\" \/>\n\t<meta property=\"og:image:height\" content=\"625\" \/>\n\t<meta property=\"og:image:type\" content=\"image\/jpeg\" \/>\n<meta name=\"author\" content=\"Radio Ljubu\u0161ki\" \/>\n<meta name=\"twitter:card\" content=\"summary_large_image\" \/>\n<meta name=\"twitter:creator\" content=\"@radioljubuski\" \/>\n<meta name=\"twitter:site\" content=\"@radioljubuski\" \/>\n<meta name=\"twitter:label1\" content=\"Napisao\/la\" \/>\n\t<meta name=\"twitter:data1\" content=\"Radio Ljubu\u0161ki\" \/>\n\t<meta name=\"twitter:label2\" content=\"Procijenjeno vrijeme \u010ditanja\" \/>\n\t<meta name=\"twitter:data2\" content=\"1 minuta\" \/>\n<script type=\"application\/ld+json\" class=\"yoast-schema-graph\">{\"@context\":\"https:\\\/\\\/schema.org\",\"@graph\":[{\"@type\":\"Article\",\"@id\":\"https:\\\/\\\/radioljubuski.ba\\\/index.php\\\/2022\\\/04\\\/13\\\/veleposlanstvo-rusije-u-bih-nastave-li-clanovi-pic-a-popustati-schmidtu-odgovarat-ce-za-mogucu-destabilizaciju-u-bih\\\/#article\",\"isPartOf\":{\"@id\":\"https:\\\/\\\/radioljubuski.ba\\\/index.php\\\/2022\\\/04\\\/13\\\/veleposlanstvo-rusije-u-bih-nastave-li-clanovi-pic-a-popustati-schmidtu-odgovarat-ce-za-mogucu-destabilizaciju-u-bih\\\/\"},\"author\":{\"name\":\"Radio Ljubu\u0161ki\",\"@id\":\"https:\\\/\\\/radioljubuski.ba\\\/#\\\/schema\\\/person\\\/19fc700381a780f69665d7956c469e3b\"},\"headline\":\"Veleposlanstvo Rusije u BiH: Nastave li \u010dlanovi PIC-a popu\u0161tati Schmidtu, odgovarat \u0107e za mogu\u0107u destabilizaciju u BiH\",\"datePublished\":\"2022-04-13T13:54:05+00:00\",\"dateModified\":\"2022-04-13T13:54:06+00:00\",\"mainEntityOfPage\":{\"@id\":\"https:\\\/\\\/radioljubuski.ba\\\/index.php\\\/2022\\\/04\\\/13\\\/veleposlanstvo-rusije-u-bih-nastave-li-clanovi-pic-a-popustati-schmidtu-odgovarat-ce-za-mogucu-destabilizaciju-u-bih\\\/\"},\"wordCount\":200,\"publisher\":{\"@id\":\"https:\\\/\\\/radioljubuski.ba\\\/#organization\"},\"image\":{\"@id\":\"https:\\\/\\\/radioljubuski.ba\\\/index.php\\\/2022\\\/04\\\/13\\\/veleposlanstvo-rusije-u-bih-nastave-li-clanovi-pic-a-popustati-schmidtu-odgovarat-ce-za-mogucu-destabilizaciju-u-bih\\\/#primaryimage\"},\"thumbnailUrl\":\"https:\\\/\\\/radioljubuski.ba\\\/wp-content\\\/uploads\\\/2022\\\/04\\\/8-2022-04-13-11-05-35-kalabuhov.jpg\",\"articleSection\":[\"BIH i regija\"],\"inLanguage\":\"hr\"},{\"@type\":\"WebPage\",\"@id\":\"https:\\\/\\\/radioljubuski.ba\\\/index.php\\\/2022\\\/04\\\/13\\\/veleposlanstvo-rusije-u-bih-nastave-li-clanovi-pic-a-popustati-schmidtu-odgovarat-ce-za-mogucu-destabilizaciju-u-bih\\\/\",\"url\":\"https:\\\/\\\/radioljubuski.ba\\\/index.php\\\/2022\\\/04\\\/13\\\/veleposlanstvo-rusije-u-bih-nastave-li-clanovi-pic-a-popustati-schmidtu-odgovarat-ce-za-mogucu-destabilizaciju-u-bih\\\/\",\"name\":\"Veleposlanstvo Rusije u BiH: Nastave li \u010dlanovi PIC-a popu\u0161tati Schmidtu, odgovarat \u0107e za mogu\u0107u destabilizaciju u BiH - RADIO LJUBU\u0160KI\",\"isPartOf\":{\"@id\":\"https:\\\/\\\/radioljubuski.ba\\\/#website\"},\"primaryImageOfPage\":{\"@id\":\"https:\\\/\\\/radioljubuski.ba\\\/index.php\\\/2022\\\/04\\\/13\\\/veleposlanstvo-rusije-u-bih-nastave-li-clanovi-pic-a-popustati-schmidtu-odgovarat-ce-za-mogucu-destabilizaciju-u-bih\\\/#primaryimage\"},\"image\":{\"@id\":\"https:\\\/\\\/radioljubuski.ba\\\/index.php\\\/2022\\\/04\\\/13\\\/veleposlanstvo-rusije-u-bih-nastave-li-clanovi-pic-a-popustati-schmidtu-odgovarat-ce-za-mogucu-destabilizaciju-u-bih\\\/#primaryimage\"},\"thumbnailUrl\":\"https:\\\/\\\/radioljubuski.ba\\\/wp-content\\\/uploads\\\/2022\\\/04\\\/8-2022-04-13-11-05-35-kalabuhov.jpg\",\"datePublished\":\"2022-04-13T13:54:05+00:00\",\"dateModified\":\"2022-04-13T13:54:06+00:00\",\"breadcrumb\":{\"@id\":\"https:\\\/\\\/radioljubuski.ba\\\/index.php\\\/2022\\\/04\\\/13\\\/veleposlanstvo-rusije-u-bih-nastave-li-clanovi-pic-a-popustati-schmidtu-odgovarat-ce-za-mogucu-destabilizaciju-u-bih\\\/#breadcrumb\"},\"inLanguage\":\"hr\",\"potentialAction\":[{\"@type\":\"ReadAction\",\"target\":[\"https:\\\/\\\/radioljubuski.ba\\\/index.php\\\/2022\\\/04\\\/13\\\/veleposlanstvo-rusije-u-bih-nastave-li-clanovi-pic-a-popustati-schmidtu-odgovarat-ce-za-mogucu-destabilizaciju-u-bih\\\/\"]}]},{\"@type\":\"ImageObject\",\"inLanguage\":\"hr\",\"@id\":\"https:\\\/\\\/radioljubuski.ba\\\/index.php\\\/2022\\\/04\\\/13\\\/veleposlanstvo-rusije-u-bih-nastave-li-clanovi-pic-a-popustati-schmidtu-odgovarat-ce-za-mogucu-destabilizaciju-u-bih\\\/#primaryimage\",\"url\":\"https:\\\/\\\/radioljubuski.ba\\\/wp-content\\\/uploads\\\/2022\\\/04\\\/8-2022-04-13-11-05-35-kalabuhov.jpg\",\"contentUrl\":\"https:\\\/\\\/radioljubuski.ba\\\/wp-content\\\/uploads\\\/2022\\\/04\\\/8-2022-04-13-11-05-35-kalabuhov.jpg\",\"width\":1000,\"height\":625},{\"@type\":\"BreadcrumbList\",\"@id\":\"https:\\\/\\\/radioljubuski.ba\\\/index.php\\\/2022\\\/04\\\/13\\\/veleposlanstvo-rusije-u-bih-nastave-li-clanovi-pic-a-popustati-schmidtu-odgovarat-ce-za-mogucu-destabilizaciju-u-bih\\\/#breadcrumb\",\"itemListElement\":[{\"@type\":\"ListItem\",\"position\":1,\"name\":\"Po\u010detna stranica\",\"item\":\"https:\\\/\\\/radioljubuski.ba\\\/\"},{\"@type\":\"ListItem\",\"position\":2,\"name\":\"Veleposlanstvo Rusije u BiH: Nastave li \u010dlanovi PIC-a popu\u0161tati Schmidtu, odgovarat \u0107e za mogu\u0107u destabilizaciju u BiH\"}]},{\"@type\":\"WebSite\",\"@id\":\"https:\\\/\\\/radioljubuski.ba\\\/#website\",\"url\":\"https:\\\/\\\/radioljubuski.ba\\\/\",\"name\":\"Radio Ljubu\u0161ki\",\"description\":\"Sun\u010dana frekvencija Hercegovine\",\"publisher\":{\"@id\":\"https:\\\/\\\/radioljubuski.ba\\\/#organization\"},\"potentialAction\":[{\"@type\":\"SearchAction\",\"target\":{\"@type\":\"EntryPoint\",\"urlTemplate\":\"https:\\\/\\\/radioljubuski.ba\\\/?s={search_term_string}\"},\"query-input\":{\"@type\":\"PropertyValueSpecification\",\"valueRequired\":true,\"valueName\":\"search_term_string\"}}],\"inLanguage\":\"hr\"},{\"@type\":\"Organization\",\"@id\":\"https:\\\/\\\/radioljubuski.ba\\\/#organization\",\"name\":\"Radio Ljubu\u0161ki\",\"url\":\"https:\\\/\\\/radioljubuski.ba\\\/\",\"logo\":{\"@type\":\"ImageObject\",\"inLanguage\":\"hr\",\"@id\":\"https:\\\/\\\/radioljubuski.ba\\\/#\\\/schema\\\/logo\\\/image\\\/\",\"url\":\"https:\\\/\\\/radioljubuski.ba\\\/wp-content\\\/uploads\\\/2021\\\/02\\\/cropped-Radio_Ljubuski_logo1.jpg\",\"contentUrl\":\"https:\\\/\\\/radioljubuski.ba\\\/wp-content\\\/uploads\\\/2021\\\/02\\\/cropped-Radio_Ljubuski_logo1.jpg\",\"width\":512,\"height\":512,\"caption\":\"Radio Ljubu\u0161ki\"},\"image\":{\"@id\":\"https:\\\/\\\/radioljubuski.ba\\\/#\\\/schema\\\/logo\\\/image\\\/\"},\"sameAs\":[\"https:\\\/\\\/www.facebook.com\\\/Radiio-Ljubuski-1490835324566332\",\"https:\\\/\\\/x.com\\\/radioljubuski\",\"https:\\\/\\\/hr.linkedin.com\\\/company\\\/radio-ljubuski\",\"https:\\\/\\\/www.youtube.com\\\/channel\\\/UCHYaeO_n0Db3tjNGudGpXyw\"]},{\"@type\":\"Person\",\"@id\":\"https:\\\/\\\/radioljubuski.ba\\\/#\\\/schema\\\/person\\\/19fc700381a780f69665d7956c469e3b\",\"name\":\"Radio Ljubu\u0161ki\"}]}<\/script>\n<!-- \/ Yoast SEO plugin. -->","yoast_head_json":{"title":"Veleposlanstvo Rusije u BiH: Nastave li \u010dlanovi PIC-a popu\u0161tati Schmidtu, odgovarat \u0107e za mogu\u0107u destabilizaciju u BiH - RADIO LJUBU\u0160KI","robots":{"index":"index","follow":"follow","max-snippet":"max-snippet:-1","max-image-preview":"max-image-preview:large","max-video-preview":"max-video-preview:-1"},"canonical":"https:\/\/radioljubuski.ba\/index.php\/2022\/04\/13\/veleposlanstvo-rusije-u-bih-nastave-li-clanovi-pic-a-popustati-schmidtu-odgovarat-ce-za-mogucu-destabilizaciju-u-bih\/","og_locale":"hr_HR","og_type":"article","og_title":"Veleposlanstvo Rusije u BiH: Nastave li \u010dlanovi PIC-a popu\u0161tati Schmidtu, odgovarat \u0107e za mogu\u0107u destabilizaciju u BiH - RADIO LJUBU\u0160KI","og_description":"Veleposlanstvo Ruske Federacije u Bosni i Hercegovini oglasilo se priop\u0107enjem za javnost u kojem je odbacila odluku visokog predstavnika Christiana Schmidta kojom je poni\u0161tio Zakon o nepokretnoj imovini Republike Srpske te ponovo osporila njegov legitimitet kao visokog predstavnika. -Obra\u0107amo se partnerima iz Upravnog odbora PIC-a sa zahtjevom da poni\u0161te takozvanu odluku Schmidta od 12. travnja [&hellip;]","og_url":"https:\/\/radioljubuski.ba\/index.php\/2022\/04\/13\/veleposlanstvo-rusije-u-bih-nastave-li-clanovi-pic-a-popustati-schmidtu-odgovarat-ce-za-mogucu-destabilizaciju-u-bih\/","og_site_name":"RADIO LJUBU\u0160KI","article_publisher":"https:\/\/www.facebook.com\/Radiio-Ljubuski-1490835324566332","article_published_time":"2022-04-13T13:54:05+00:00","article_modified_time":"2022-04-13T13:54:06+00:00","og_image":[{"width":1000,"height":625,"url":"https:\/\/radioljubuski.ba\/wp-content\/uploads\/2022\/04\/8-2022-04-13-11-05-35-kalabuhov.jpg","type":"image\/jpeg"}],"author":"Radio Ljubu\u0161ki","twitter_card":"summary_large_image","twitter_creator":"@radioljubuski","twitter_site":"@radioljubuski","twitter_misc":{"Napisao\/la":"Radio Ljubu\u0161ki","Procijenjeno vrijeme \u010ditanja":"1 minuta"},"schema":{"@context":"https:\/\/schema.org","@graph":[{"@type":"Article","@id":"https:\/\/radioljubuski.ba\/index.php\/2022\/04\/13\/veleposlanstvo-rusije-u-bih-nastave-li-clanovi-pic-a-popustati-schmidtu-odgovarat-ce-za-mogucu-destabilizaciju-u-bih\/#article","isPartOf":{"@id":"https:\/\/radioljubuski.ba\/index.php\/2022\/04\/13\/veleposlanstvo-rusije-u-bih-nastave-li-clanovi-pic-a-popustati-schmidtu-odgovarat-ce-za-mogucu-destabilizaciju-u-bih\/"},"author":{"name":"Radio Ljubu\u0161ki","@id":"https:\/\/radioljubuski.ba\/#\/schema\/person\/19fc700381a780f69665d7956c469e3b"},"headline":"Veleposlanstvo Rusije u BiH: Nastave li \u010dlanovi PIC-a popu\u0161tati Schmidtu, odgovarat \u0107e za mogu\u0107u destabilizaciju u BiH","datePublished":"2022-04-13T13:54:05+00:00","dateModified":"2022-04-13T13:54:06+00:00","mainEntityOfPage":{"@id":"https:\/\/radioljubuski.ba\/index.php\/2022\/04\/13\/veleposlanstvo-rusije-u-bih-nastave-li-clanovi-pic-a-popustati-schmidtu-odgovarat-ce-za-mogucu-destabilizaciju-u-bih\/"},"wordCount":200,"publisher":{"@id":"https:\/\/radioljubuski.ba\/#organization"},"image":{"@id":"https:\/\/radioljubuski.ba\/index.php\/2022\/04\/13\/veleposlanstvo-rusije-u-bih-nastave-li-clanovi-pic-a-popustati-schmidtu-odgovarat-ce-za-mogucu-destabilizaciju-u-bih\/#primaryimage"},"thumbnailUrl":"https:\/\/radioljubuski.ba\/wp-content\/uploads\/2022\/04\/8-2022-04-13-11-05-35-kalabuhov.jpg","articleSection":["BIH i regija"],"inLanguage":"hr"},{"@type":"WebPage","@id":"https:\/\/radioljubuski.ba\/index.php\/2022\/04\/13\/veleposlanstvo-rusije-u-bih-nastave-li-clanovi-pic-a-popustati-schmidtu-odgovarat-ce-za-mogucu-destabilizaciju-u-bih\/","url":"https:\/\/radioljubuski.ba\/index.php\/2022\/04\/13\/veleposlanstvo-rusije-u-bih-nastave-li-clanovi-pic-a-popustati-schmidtu-odgovarat-ce-za-mogucu-destabilizaciju-u-bih\/","name":"Veleposlanstvo Rusije u BiH: Nastave li \u010dlanovi PIC-a popu\u0161tati Schmidtu, odgovarat \u0107e za mogu\u0107u destabilizaciju u BiH - RADIO LJUBU\u0160KI","isPartOf":{"@id":"https:\/\/radioljubuski.ba\/#website"},"primaryImageOfPage":{"@id":"https:\/\/radioljubuski.ba\/index.php\/2022\/04\/13\/veleposlanstvo-rusije-u-bih-nastave-li-clanovi-pic-a-popustati-schmidtu-odgovarat-ce-za-mogucu-destabilizaciju-u-bih\/#primaryimage"},"image":{"@id":"https:\/\/radioljubuski.ba\/index.php\/2022\/04\/13\/veleposlanstvo-rusije-u-bih-nastave-li-clanovi-pic-a-popustati-schmidtu-odgovarat-ce-za-mogucu-destabilizaciju-u-bih\/#primaryimage"},"thumbnailUrl":"https:\/\/radioljubuski.ba\/wp-content\/uploads\/2022\/04\/8-2022-04-13-11-05-35-kalabuhov.jpg","datePublished":"2022-04-13T13:54:05+00:00","dateModified":"2022-04-13T13:54:06+00:00","breadcrumb":{"@id":"https:\/\/radioljubuski.ba\/index.php\/2022\/04\/13\/veleposlanstvo-rusije-u-bih-nastave-li-clanovi-pic-a-popustati-schmidtu-odgovarat-ce-za-mogucu-destabilizaciju-u-bih\/#breadcrumb"},"inLanguage":"hr","potentialAction":[{"@type":"ReadAction","target":["https:\/\/radioljubuski.ba\/index.php\/2022\/04\/13\/veleposlanstvo-rusije-u-bih-nastave-li-clanovi-pic-a-popustati-schmidtu-odgovarat-ce-za-mogucu-destabilizaciju-u-bih\/"]}]},{"@type":"ImageObject","inLanguage":"hr","@id":"https:\/\/radioljubuski.ba\/index.php\/2022\/04\/13\/veleposlanstvo-rusije-u-bih-nastave-li-clanovi-pic-a-popustati-schmidtu-odgovarat-ce-za-mogucu-destabilizaciju-u-bih\/#primaryimage","url":"https:\/\/radioljubuski.ba\/wp-content\/uploads\/2022\/04\/8-2022-04-13-11-05-35-kalabuhov.jpg","contentUrl":"https:\/\/radioljubuski.ba\/wp-content\/uploads\/2022\/04\/8-2022-04-13-11-05-35-kalabuhov.jpg","width":1000,"height":625},{"@type":"BreadcrumbList","@id":"https:\/\/radioljubuski.ba\/index.php\/2022\/04\/13\/veleposlanstvo-rusije-u-bih-nastave-li-clanovi-pic-a-popustati-schmidtu-odgovarat-ce-za-mogucu-destabilizaciju-u-bih\/#breadcrumb","itemListElement":[{"@type":"ListItem","position":1,"name":"Po\u010detna stranica","item":"https:\/\/radioljubuski.ba\/"},{"@type":"ListItem","position":2,"name":"Veleposlanstvo Rusije u BiH: Nastave li \u010dlanovi PIC-a popu\u0161tati Schmidtu, odgovarat \u0107e za mogu\u0107u destabilizaciju u BiH"}]},{"@type":"WebSite","@id":"https:\/\/radioljubuski.ba\/#website","url":"https:\/\/radioljubuski.ba\/","name":"Radio Ljubu\u0161ki","description":"Sun\u010dana frekvencija Hercegovine","publisher":{"@id":"https:\/\/radioljubuski.ba\/#organization"},"potentialAction":[{"@type":"SearchAction","target":{"@type":"EntryPoint","urlTemplate":"https:\/\/radioljubuski.ba\/?s={search_term_string}"},"query-input":{"@type":"PropertyValueSpecification","valueRequired":true,"valueName":"search_term_string"}}],"inLanguage":"hr"},{"@type":"Organization","@id":"https:\/\/radioljubuski.ba\/#organization","name":"Radio Ljubu\u0161ki","url":"https:\/\/radioljubuski.ba\/","logo":{"@type":"ImageObject","inLanguage":"hr","@id":"https:\/\/radioljubuski.ba\/#\/schema\/logo\/image\/","url":"https:\/\/radioljubuski.ba\/wp-content\/uploads\/2021\/02\/cropped-Radio_Ljubuski_logo1.jpg","contentUrl":"https:\/\/radioljubuski.ba\/wp-content\/uploads\/2021\/02\/cropped-Radio_Ljubuski_logo1.jpg","width":512,"height":512,"caption":"Radio Ljubu\u0161ki"},"image":{"@id":"https:\/\/radioljubuski.ba\/#\/schema\/logo\/image\/"},"sameAs":["https:\/\/www.facebook.com\/Radiio-Ljubuski-1490835324566332","https:\/\/x.com\/radioljubuski","https:\/\/hr.linkedin.com\/company\/radio-ljubuski","https:\/\/www.youtube.com\/channel\/UCHYaeO_n0Db3tjNGudGpXyw"]},{"@type":"Person","@id":"https:\/\/radioljubuski.ba\/#\/schema\/person\/19fc700381a780f69665d7956c469e3b","name":"Radio Ljubu\u0161ki"}]}},"_links":{"self":[{"href":"https:\/\/radioljubuski.ba\/index.php\/wp-json\/wp\/v2\/posts\/132128","targetHints":{"allow":["GET"]}}],"collection":[{"href":"https:\/\/radioljubuski.ba\/index.php\/wp-json\/wp\/v2\/posts"}],"about":[{"href":"https:\/\/radioljubuski.ba\/index.php\/wp-json\/wp\/v2\/types\/post"}],"author":[{"embeddable":true,"href":"https:\/\/radioljubuski.ba\/index.php\/wp-json\/wp\/v2\/users\/2"}],"replies":[{"embeddable":true,"href":"https:\/\/radioljubuski.ba\/index.php\/wp-json\/wp\/v2\/comments?post=132128"}],"version-history":[{"count":1,"href":"https:\/\/radioljubuski.ba\/index.php\/wp-json\/wp\/v2\/posts\/132128\/revisions"}],"predecessor-version":[{"id":132130,"href":"https:\/\/radioljubuski.ba\/index.php\/wp-json\/wp\/v2\/posts\/132128\/revisions\/132130"}],"wp:featuredmedia":[{"embeddable":true,"href":"https:\/\/radioljubuski.ba\/index.php\/wp-json\/wp\/v2\/media\/132129"}],"wp:attachment":[{"href":"https:\/\/radioljubuski.ba\/index.php\/wp-json\/wp\/v2\/media?parent=132128"}],"wp:term":[{"taxonomy":"category","embeddable":true,"href":"https:\/\/radioljubuski.ba\/index.php\/wp-json\/wp\/v2\/categories?post=132128"},{"taxonomy":"post_tag","embeddable":true,"href":"https:\/\/radioljubuski.ba\/index.php\/wp-json\/wp\/v2\/tags?post=132128"}],"curies":[{"name":"wp","href":"https:\/\/api.w.org\/{rel}","templated":true}]}}