{"id":132131,"date":"2022-04-13T14:55:32","date_gmt":"2022-04-13T13:55:32","guid":{"rendered":"https:\/\/radioljubuski.ba\/?p=132131"},"modified":"2022-04-13T14:55:33","modified_gmt":"2022-04-13T13:55:33","slug":"dodik-o-osobnoj-sigurnosti-negdje-pred-zoru-su-me-obavijestili","status":"publish","type":"post","link":"https:\/\/radioljubuski.ba\/index.php\/2022\/04\/13\/dodik-o-osobnoj-sigurnosti-negdje-pred-zoru-su-me-obavijestili\/","title":{"rendered":"Dodik o osobnoj sigurnosti: Negdje pred zoru su me obavijestili&#8230;"},"content":{"rendered":"\n<p>Srpski \u010dlan Predsjedni\u0161tva Milorad Dodik rekao je da je pred zoru obavije\u0161ten o tome da postoje informacije da je njegova sigurnost ugro\u017eena, ali je poru\u010dio da \u0107e nastaviti sa svojim obavezama i da se ne pla\u0161i.<\/p>\n\n\n\n<p>&#8220;Negdje pred zoru su me obavijestili da ima nekih informacija o ugro\u017eenoj situaciji, &nbsp;informacije kojima se rukovodi MUP su uvjerljive i vjerujem im. Ja nastavljam i dalje sa svojim obavezama. Nikad se nisam pla\u0161io, niti \u0107u&#8221;, rekao je Dodik za ATV.<\/p>\n\n\n\n<p>Ponovio je da je Christian Schmidt nelegitiman.<\/p>\n\n\n\n<p>&#8220;Nelegitimnog nelegalnog \u010dovjeka postavljaju kao visokog predstvnika koji je mimo zakona i Daytona, on nije po meni visoki predstavnik. Oni sada poku\u0161avaju i Rusiju da diskvalificiraju sa ovim mjerama. Mi ne smijemo pokleknuti pred ovim, ne smijemo da popustimo. Do\u0111e \u010dovjek koji nema nikakvu funkciju ukida neki zakon. BiH je sastavljena iz dva entiteta, &nbsp;Republike Srpske i FBiH. Sve \u0161to nije po Ustavu stavljeno da stoji pod BiH, pripada entitetima&#8221;, rekao je i dodao:<\/p>\n\n\n\n<p>&#8220;Isto tako su odlu\u010dili da imovina FBiH pripada FBiH, Br\u010dkog Br\u010dkom, samo Republika Srpska ne mo\u017ee imati svoju imovinu. Parlamentarna skup\u0161tina kao u svim dr\u017eava u svijetu mo\u017ee&nbsp; odlu\u010divati o svojoj imovini i onda do\u0111e Ustavni sud u kojem sjede tri muslimana. Zbog mog negodovanja sam doveden u ovakvu situaciju&#8221;, kazao je Dodik i osvrnuo se i na nedavne pozive na njegovo ubojstvo.<\/p>\n\n\n\n<p>&#8220;Prije mjesec dana smo imali lika koji je nudio milijun dolara da ubije Dodika, \u0161to se okarakteriziralo kao \u0161ala, a vidimo kako je to. Scenarij je davno napravljen, Paddy Ashdown jo\u0161 davno je zamislio kako \u0107e ovo i\u0107i. &nbsp;A mi ne\u0107emo odustati, ja se ne borim za iluziju, srpska nije iluzija i ja \u0107u se uvijek boriti. Kao mene ohrabrio Putin, \u0161to je glupost, budala\u0161tine. EU nije navikla na krizu, pa oni tra\u017ee koje kriv&#8221;, rekao je srpski \u010dlan Predsjedni\u0161tva.<\/p>\n\n\n\n<p>Ponovio je da ne\u0107e odustati od svoje politike bez obzira na sankcije.<\/p>\n\n\n\n<p>Izvor:pogled.ba<\/p>\n","protected":false},"excerpt":{"rendered":"<p>Srpski \u010dlan Predsjedni\u0161tva Milorad Dodik rekao je da je pred zoru obavije\u0161ten o tome da postoje informacije da je njegova sigurnost ugro\u017eena, ali je poru\u010dio da \u0107e nastaviti sa svojim obavezama i da se ne pla\u0161i. &#8220;Negdje pred zoru su me obavijestili da ima nekih informacija o ugro\u017eenoj situaciji, &nbsp;informacije kojima se rukovodi MUP su [&hellip;]<\/p>\n","protected":false},"author":2,"featured_media":126460,"comment_status":"closed","ping_status":"closed","sticky":false,"template":"","format":"standard","meta":{"h5ap_radio_sources":[],"footnotes":""},"categories":[1],"tags":[],"class_list":["post-132131","post","type-post","status-publish","format-standard","has-post-thumbnail","hentry","category-bihiregija"],"yoast_head":"<!-- This site is optimized with the Yoast SEO plugin v27.5 - https:\/\/yoast.com\/product\/yoast-seo-wordpress\/ -->\n<title>Dodik o osobnoj sigurnosti: Negdje pred zoru su me obavijestili... - RADIO LJUBU\u0160KI<\/title>\n<meta name=\"robots\" content=\"index, follow, max-snippet:-1, max-image-preview:large, max-video-preview:-1\" \/>\n<link rel=\"canonical\" href=\"https:\/\/radioljubuski.ba\/index.php\/2022\/04\/13\/dodik-o-osobnoj-sigurnosti-negdje-pred-zoru-su-me-obavijestili\/\" \/>\n<meta property=\"og:locale\" content=\"hr_HR\" \/>\n<meta property=\"og:type\" content=\"article\" \/>\n<meta property=\"og:title\" content=\"Dodik o osobnoj sigurnosti: Negdje pred zoru su me obavijestili... - RADIO LJUBU\u0160KI\" \/>\n<meta property=\"og:description\" content=\"Srpski \u010dlan Predsjedni\u0161tva Milorad Dodik rekao je da je pred zoru obavije\u0161ten o tome da postoje informacije da je njegova sigurnost ugro\u017eena, ali je poru\u010dio da \u0107e nastaviti sa svojim obavezama i da se ne pla\u0161i. &#8220;Negdje pred zoru su me obavijestili da ima nekih informacija o ugro\u017eenoj situaciji, &nbsp;informacije kojima se rukovodi MUP su [&hellip;]\" \/>\n<meta property=\"og:url\" content=\"https:\/\/radioljubuski.ba\/index.php\/2022\/04\/13\/dodik-o-osobnoj-sigurnosti-negdje-pred-zoru-su-me-obavijestili\/\" \/>\n<meta property=\"og:site_name\" content=\"RADIO LJUBU\u0160KI\" \/>\n<meta property=\"article:publisher\" content=\"https:\/\/www.facebook.com\/Radiio-Ljubuski-1490835324566332\" \/>\n<meta property=\"article:published_time\" content=\"2022-04-13T13:55:32+00:00\" \/>\n<meta property=\"article:modified_time\" content=\"2022-04-13T13:55:33+00:00\" \/>\n<meta property=\"og:image\" content=\"https:\/\/radioljubuski.ba\/wp-content\/uploads\/2022\/03\/8-2022-03-16-14-58-19-dodik-2.jpg\" \/>\n\t<meta property=\"og:image:width\" content=\"1000\" \/>\n\t<meta property=\"og:image:height\" content=\"625\" \/>\n\t<meta property=\"og:image:type\" content=\"image\/jpeg\" \/>\n<meta name=\"author\" content=\"Radio Ljubu\u0161ki\" \/>\n<meta name=\"twitter:card\" content=\"summary_large_image\" \/>\n<meta name=\"twitter:creator\" content=\"@radioljubuski\" \/>\n<meta name=\"twitter:site\" content=\"@radioljubuski\" \/>\n<meta name=\"twitter:label1\" content=\"Napisao\/la\" \/>\n\t<meta name=\"twitter:data1\" content=\"Radio Ljubu\u0161ki\" \/>\n\t<meta name=\"twitter:label2\" content=\"Procijenjeno vrijeme \u010ditanja\" \/>\n\t<meta name=\"twitter:data2\" content=\"2 minute\" \/>\n<script type=\"application\/ld+json\" class=\"yoast-schema-graph\">{\"@context\":\"https:\\\/\\\/schema.org\",\"@graph\":[{\"@type\":\"Article\",\"@id\":\"https:\\\/\\\/radioljubuski.ba\\\/index.php\\\/2022\\\/04\\\/13\\\/dodik-o-osobnoj-sigurnosti-negdje-pred-zoru-su-me-obavijestili\\\/#article\",\"isPartOf\":{\"@id\":\"https:\\\/\\\/radioljubuski.ba\\\/index.php\\\/2022\\\/04\\\/13\\\/dodik-o-osobnoj-sigurnosti-negdje-pred-zoru-su-me-obavijestili\\\/\"},\"author\":{\"name\":\"Radio Ljubu\u0161ki\",\"@id\":\"https:\\\/\\\/radioljubuski.ba\\\/#\\\/schema\\\/person\\\/19fc700381a780f69665d7956c469e3b\"},\"headline\":\"Dodik o osobnoj sigurnosti: Negdje pred zoru su me obavijestili&#8230;\",\"datePublished\":\"2022-04-13T13:55:32+00:00\",\"dateModified\":\"2022-04-13T13:55:33+00:00\",\"mainEntityOfPage\":{\"@id\":\"https:\\\/\\\/radioljubuski.ba\\\/index.php\\\/2022\\\/04\\\/13\\\/dodik-o-osobnoj-sigurnosti-negdje-pred-zoru-su-me-obavijestili\\\/\"},\"wordCount\":354,\"publisher\":{\"@id\":\"https:\\\/\\\/radioljubuski.ba\\\/#organization\"},\"image\":{\"@id\":\"https:\\\/\\\/radioljubuski.ba\\\/index.php\\\/2022\\\/04\\\/13\\\/dodik-o-osobnoj-sigurnosti-negdje-pred-zoru-su-me-obavijestili\\\/#primaryimage\"},\"thumbnailUrl\":\"https:\\\/\\\/radioljubuski.ba\\\/wp-content\\\/uploads\\\/2022\\\/03\\\/8-2022-03-16-14-58-19-dodik-2.jpg\",\"articleSection\":[\"BIH i regija\"],\"inLanguage\":\"hr\"},{\"@type\":\"WebPage\",\"@id\":\"https:\\\/\\\/radioljubuski.ba\\\/index.php\\\/2022\\\/04\\\/13\\\/dodik-o-osobnoj-sigurnosti-negdje-pred-zoru-su-me-obavijestili\\\/\",\"url\":\"https:\\\/\\\/radioljubuski.ba\\\/index.php\\\/2022\\\/04\\\/13\\\/dodik-o-osobnoj-sigurnosti-negdje-pred-zoru-su-me-obavijestili\\\/\",\"name\":\"Dodik o osobnoj sigurnosti: Negdje pred zoru su me obavijestili... - RADIO LJUBU\u0160KI\",\"isPartOf\":{\"@id\":\"https:\\\/\\\/radioljubuski.ba\\\/#website\"},\"primaryImageOfPage\":{\"@id\":\"https:\\\/\\\/radioljubuski.ba\\\/index.php\\\/2022\\\/04\\\/13\\\/dodik-o-osobnoj-sigurnosti-negdje-pred-zoru-su-me-obavijestili\\\/#primaryimage\"},\"image\":{\"@id\":\"https:\\\/\\\/radioljubuski.ba\\\/index.php\\\/2022\\\/04\\\/13\\\/dodik-o-osobnoj-sigurnosti-negdje-pred-zoru-su-me-obavijestili\\\/#primaryimage\"},\"thumbnailUrl\":\"https:\\\/\\\/radioljubuski.ba\\\/wp-content\\\/uploads\\\/2022\\\/03\\\/8-2022-03-16-14-58-19-dodik-2.jpg\",\"datePublished\":\"2022-04-13T13:55:32+00:00\",\"dateModified\":\"2022-04-13T13:55:33+00:00\",\"breadcrumb\":{\"@id\":\"https:\\\/\\\/radioljubuski.ba\\\/index.php\\\/2022\\\/04\\\/13\\\/dodik-o-osobnoj-sigurnosti-negdje-pred-zoru-su-me-obavijestili\\\/#breadcrumb\"},\"inLanguage\":\"hr\",\"potentialAction\":[{\"@type\":\"ReadAction\",\"target\":[\"https:\\\/\\\/radioljubuski.ba\\\/index.php\\\/2022\\\/04\\\/13\\\/dodik-o-osobnoj-sigurnosti-negdje-pred-zoru-su-me-obavijestili\\\/\"]}]},{\"@type\":\"ImageObject\",\"inLanguage\":\"hr\",\"@id\":\"https:\\\/\\\/radioljubuski.ba\\\/index.php\\\/2022\\\/04\\\/13\\\/dodik-o-osobnoj-sigurnosti-negdje-pred-zoru-su-me-obavijestili\\\/#primaryimage\",\"url\":\"https:\\\/\\\/radioljubuski.ba\\\/wp-content\\\/uploads\\\/2022\\\/03\\\/8-2022-03-16-14-58-19-dodik-2.jpg\",\"contentUrl\":\"https:\\\/\\\/radioljubuski.ba\\\/wp-content\\\/uploads\\\/2022\\\/03\\\/8-2022-03-16-14-58-19-dodik-2.jpg\",\"width\":1000,\"height\":625},{\"@type\":\"BreadcrumbList\",\"@id\":\"https:\\\/\\\/radioljubuski.ba\\\/index.php\\\/2022\\\/04\\\/13\\\/dodik-o-osobnoj-sigurnosti-negdje-pred-zoru-su-me-obavijestili\\\/#breadcrumb\",\"itemListElement\":[{\"@type\":\"ListItem\",\"position\":1,\"name\":\"Po\u010detna stranica\",\"item\":\"https:\\\/\\\/radioljubuski.ba\\\/\"},{\"@type\":\"ListItem\",\"position\":2,\"name\":\"Dodik o osobnoj sigurnosti: Negdje pred zoru su me obavijestili&#8230;\"}]},{\"@type\":\"WebSite\",\"@id\":\"https:\\\/\\\/radioljubuski.ba\\\/#website\",\"url\":\"https:\\\/\\\/radioljubuski.ba\\\/\",\"name\":\"Radio Ljubu\u0161ki\",\"description\":\"Sun\u010dana frekvencija Hercegovine\",\"publisher\":{\"@id\":\"https:\\\/\\\/radioljubuski.ba\\\/#organization\"},\"potentialAction\":[{\"@type\":\"SearchAction\",\"target\":{\"@type\":\"EntryPoint\",\"urlTemplate\":\"https:\\\/\\\/radioljubuski.ba\\\/?s={search_term_string}\"},\"query-input\":{\"@type\":\"PropertyValueSpecification\",\"valueRequired\":true,\"valueName\":\"search_term_string\"}}],\"inLanguage\":\"hr\"},{\"@type\":\"Organization\",\"@id\":\"https:\\\/\\\/radioljubuski.ba\\\/#organization\",\"name\":\"Radio Ljubu\u0161ki\",\"url\":\"https:\\\/\\\/radioljubuski.ba\\\/\",\"logo\":{\"@type\":\"ImageObject\",\"inLanguage\":\"hr\",\"@id\":\"https:\\\/\\\/radioljubuski.ba\\\/#\\\/schema\\\/logo\\\/image\\\/\",\"url\":\"https:\\\/\\\/radioljubuski.ba\\\/wp-content\\\/uploads\\\/2021\\\/02\\\/cropped-Radio_Ljubuski_logo1.jpg\",\"contentUrl\":\"https:\\\/\\\/radioljubuski.ba\\\/wp-content\\\/uploads\\\/2021\\\/02\\\/cropped-Radio_Ljubuski_logo1.jpg\",\"width\":512,\"height\":512,\"caption\":\"Radio Ljubu\u0161ki\"},\"image\":{\"@id\":\"https:\\\/\\\/radioljubuski.ba\\\/#\\\/schema\\\/logo\\\/image\\\/\"},\"sameAs\":[\"https:\\\/\\\/www.facebook.com\\\/Radiio-Ljubuski-1490835324566332\",\"https:\\\/\\\/x.com\\\/radioljubuski\",\"https:\\\/\\\/hr.linkedin.com\\\/company\\\/radio-ljubuski\",\"https:\\\/\\\/www.youtube.com\\\/channel\\\/UCHYaeO_n0Db3tjNGudGpXyw\"]},{\"@type\":\"Person\",\"@id\":\"https:\\\/\\\/radioljubuski.ba\\\/#\\\/schema\\\/person\\\/19fc700381a780f69665d7956c469e3b\",\"name\":\"Radio Ljubu\u0161ki\"}]}<\/script>\n<!-- \/ Yoast SEO plugin. -->","yoast_head_json":{"title":"Dodik o osobnoj sigurnosti: Negdje pred zoru su me obavijestili... - RADIO LJUBU\u0160KI","robots":{"index":"index","follow":"follow","max-snippet":"max-snippet:-1","max-image-preview":"max-image-preview:large","max-video-preview":"max-video-preview:-1"},"canonical":"https:\/\/radioljubuski.ba\/index.php\/2022\/04\/13\/dodik-o-osobnoj-sigurnosti-negdje-pred-zoru-su-me-obavijestili\/","og_locale":"hr_HR","og_type":"article","og_title":"Dodik o osobnoj sigurnosti: Negdje pred zoru su me obavijestili... - RADIO LJUBU\u0160KI","og_description":"Srpski \u010dlan Predsjedni\u0161tva Milorad Dodik rekao je da je pred zoru obavije\u0161ten o tome da postoje informacije da je njegova sigurnost ugro\u017eena, ali je poru\u010dio da \u0107e nastaviti sa svojim obavezama i da se ne pla\u0161i. &#8220;Negdje pred zoru su me obavijestili da ima nekih informacija o ugro\u017eenoj situaciji, &nbsp;informacije kojima se rukovodi MUP su [&hellip;]","og_url":"https:\/\/radioljubuski.ba\/index.php\/2022\/04\/13\/dodik-o-osobnoj-sigurnosti-negdje-pred-zoru-su-me-obavijestili\/","og_site_name":"RADIO LJUBU\u0160KI","article_publisher":"https:\/\/www.facebook.com\/Radiio-Ljubuski-1490835324566332","article_published_time":"2022-04-13T13:55:32+00:00","article_modified_time":"2022-04-13T13:55:33+00:00","og_image":[{"width":1000,"height":625,"url":"https:\/\/radioljubuski.ba\/wp-content\/uploads\/2022\/03\/8-2022-03-16-14-58-19-dodik-2.jpg","type":"image\/jpeg"}],"author":"Radio Ljubu\u0161ki","twitter_card":"summary_large_image","twitter_creator":"@radioljubuski","twitter_site":"@radioljubuski","twitter_misc":{"Napisao\/la":"Radio Ljubu\u0161ki","Procijenjeno vrijeme \u010ditanja":"2 minute"},"schema":{"@context":"https:\/\/schema.org","@graph":[{"@type":"Article","@id":"https:\/\/radioljubuski.ba\/index.php\/2022\/04\/13\/dodik-o-osobnoj-sigurnosti-negdje-pred-zoru-su-me-obavijestili\/#article","isPartOf":{"@id":"https:\/\/radioljubuski.ba\/index.php\/2022\/04\/13\/dodik-o-osobnoj-sigurnosti-negdje-pred-zoru-su-me-obavijestili\/"},"author":{"name":"Radio Ljubu\u0161ki","@id":"https:\/\/radioljubuski.ba\/#\/schema\/person\/19fc700381a780f69665d7956c469e3b"},"headline":"Dodik o osobnoj sigurnosti: Negdje pred zoru su me obavijestili&#8230;","datePublished":"2022-04-13T13:55:32+00:00","dateModified":"2022-04-13T13:55:33+00:00","mainEntityOfPage":{"@id":"https:\/\/radioljubuski.ba\/index.php\/2022\/04\/13\/dodik-o-osobnoj-sigurnosti-negdje-pred-zoru-su-me-obavijestili\/"},"wordCount":354,"publisher":{"@id":"https:\/\/radioljubuski.ba\/#organization"},"image":{"@id":"https:\/\/radioljubuski.ba\/index.php\/2022\/04\/13\/dodik-o-osobnoj-sigurnosti-negdje-pred-zoru-su-me-obavijestili\/#primaryimage"},"thumbnailUrl":"https:\/\/radioljubuski.ba\/wp-content\/uploads\/2022\/03\/8-2022-03-16-14-58-19-dodik-2.jpg","articleSection":["BIH i regija"],"inLanguage":"hr"},{"@type":"WebPage","@id":"https:\/\/radioljubuski.ba\/index.php\/2022\/04\/13\/dodik-o-osobnoj-sigurnosti-negdje-pred-zoru-su-me-obavijestili\/","url":"https:\/\/radioljubuski.ba\/index.php\/2022\/04\/13\/dodik-o-osobnoj-sigurnosti-negdje-pred-zoru-su-me-obavijestili\/","name":"Dodik o osobnoj sigurnosti: Negdje pred zoru su me obavijestili... - RADIO LJUBU\u0160KI","isPartOf":{"@id":"https:\/\/radioljubuski.ba\/#website"},"primaryImageOfPage":{"@id":"https:\/\/radioljubuski.ba\/index.php\/2022\/04\/13\/dodik-o-osobnoj-sigurnosti-negdje-pred-zoru-su-me-obavijestili\/#primaryimage"},"image":{"@id":"https:\/\/radioljubuski.ba\/index.php\/2022\/04\/13\/dodik-o-osobnoj-sigurnosti-negdje-pred-zoru-su-me-obavijestili\/#primaryimage"},"thumbnailUrl":"https:\/\/radioljubuski.ba\/wp-content\/uploads\/2022\/03\/8-2022-03-16-14-58-19-dodik-2.jpg","datePublished":"2022-04-13T13:55:32+00:00","dateModified":"2022-04-13T13:55:33+00:00","breadcrumb":{"@id":"https:\/\/radioljubuski.ba\/index.php\/2022\/04\/13\/dodik-o-osobnoj-sigurnosti-negdje-pred-zoru-su-me-obavijestili\/#breadcrumb"},"inLanguage":"hr","potentialAction":[{"@type":"ReadAction","target":["https:\/\/radioljubuski.ba\/index.php\/2022\/04\/13\/dodik-o-osobnoj-sigurnosti-negdje-pred-zoru-su-me-obavijestili\/"]}]},{"@type":"ImageObject","inLanguage":"hr","@id":"https:\/\/radioljubuski.ba\/index.php\/2022\/04\/13\/dodik-o-osobnoj-sigurnosti-negdje-pred-zoru-su-me-obavijestili\/#primaryimage","url":"https:\/\/radioljubuski.ba\/wp-content\/uploads\/2022\/03\/8-2022-03-16-14-58-19-dodik-2.jpg","contentUrl":"https:\/\/radioljubuski.ba\/wp-content\/uploads\/2022\/03\/8-2022-03-16-14-58-19-dodik-2.jpg","width":1000,"height":625},{"@type":"BreadcrumbList","@id":"https:\/\/radioljubuski.ba\/index.php\/2022\/04\/13\/dodik-o-osobnoj-sigurnosti-negdje-pred-zoru-su-me-obavijestili\/#breadcrumb","itemListElement":[{"@type":"ListItem","position":1,"name":"Po\u010detna stranica","item":"https:\/\/radioljubuski.ba\/"},{"@type":"ListItem","position":2,"name":"Dodik o osobnoj sigurnosti: Negdje pred zoru su me obavijestili&#8230;"}]},{"@type":"WebSite","@id":"https:\/\/radioljubuski.ba\/#website","url":"https:\/\/radioljubuski.ba\/","name":"Radio Ljubu\u0161ki","description":"Sun\u010dana frekvencija Hercegovine","publisher":{"@id":"https:\/\/radioljubuski.ba\/#organization"},"potentialAction":[{"@type":"SearchAction","target":{"@type":"EntryPoint","urlTemplate":"https:\/\/radioljubuski.ba\/?s={search_term_string}"},"query-input":{"@type":"PropertyValueSpecification","valueRequired":true,"valueName":"search_term_string"}}],"inLanguage":"hr"},{"@type":"Organization","@id":"https:\/\/radioljubuski.ba\/#organization","name":"Radio Ljubu\u0161ki","url":"https:\/\/radioljubuski.ba\/","logo":{"@type":"ImageObject","inLanguage":"hr","@id":"https:\/\/radioljubuski.ba\/#\/schema\/logo\/image\/","url":"https:\/\/radioljubuski.ba\/wp-content\/uploads\/2021\/02\/cropped-Radio_Ljubuski_logo1.jpg","contentUrl":"https:\/\/radioljubuski.ba\/wp-content\/uploads\/2021\/02\/cropped-Radio_Ljubuski_logo1.jpg","width":512,"height":512,"caption":"Radio Ljubu\u0161ki"},"image":{"@id":"https:\/\/radioljubuski.ba\/#\/schema\/logo\/image\/"},"sameAs":["https:\/\/www.facebook.com\/Radiio-Ljubuski-1490835324566332","https:\/\/x.com\/radioljubuski","https:\/\/hr.linkedin.com\/company\/radio-ljubuski","https:\/\/www.youtube.com\/channel\/UCHYaeO_n0Db3tjNGudGpXyw"]},{"@type":"Person","@id":"https:\/\/radioljubuski.ba\/#\/schema\/person\/19fc700381a780f69665d7956c469e3b","name":"Radio Ljubu\u0161ki"}]}},"_links":{"self":[{"href":"https:\/\/radioljubuski.ba\/index.php\/wp-json\/wp\/v2\/posts\/132131","targetHints":{"allow":["GET"]}}],"collection":[{"href":"https:\/\/radioljubuski.ba\/index.php\/wp-json\/wp\/v2\/posts"}],"about":[{"href":"https:\/\/radioljubuski.ba\/index.php\/wp-json\/wp\/v2\/types\/post"}],"author":[{"embeddable":true,"href":"https:\/\/radioljubuski.ba\/index.php\/wp-json\/wp\/v2\/users\/2"}],"replies":[{"embeddable":true,"href":"https:\/\/radioljubuski.ba\/index.php\/wp-json\/wp\/v2\/comments?post=132131"}],"version-history":[{"count":1,"href":"https:\/\/radioljubuski.ba\/index.php\/wp-json\/wp\/v2\/posts\/132131\/revisions"}],"predecessor-version":[{"id":132132,"href":"https:\/\/radioljubuski.ba\/index.php\/wp-json\/wp\/v2\/posts\/132131\/revisions\/132132"}],"wp:featuredmedia":[{"embeddable":true,"href":"https:\/\/radioljubuski.ba\/index.php\/wp-json\/wp\/v2\/media\/126460"}],"wp:attachment":[{"href":"https:\/\/radioljubuski.ba\/index.php\/wp-json\/wp\/v2\/media?parent=132131"}],"wp:term":[{"taxonomy":"category","embeddable":true,"href":"https:\/\/radioljubuski.ba\/index.php\/wp-json\/wp\/v2\/categories?post=132131"},{"taxonomy":"post_tag","embeddable":true,"href":"https:\/\/radioljubuski.ba\/index.php\/wp-json\/wp\/v2\/tags?post=132131"}],"curies":[{"name":"wp","href":"https:\/\/api.w.org\/{rel}","templated":true}]}}