{"id":132162,"date":"2022-04-13T23:03:51","date_gmt":"2022-04-13T22:03:51","guid":{"rendered":"https:\/\/radioljubuski.ba\/?p=132162"},"modified":"2022-04-13T23:03:52","modified_gmt":"2022-04-13T22:03:52","slug":"prijem-za-drzavne-prvake-u-hokeju-na-ledu-velika-je-ovo-stvar-za-sisak","status":"publish","type":"post","link":"https:\/\/radioljubuski.ba\/index.php\/2022\/04\/13\/prijem-za-drzavne-prvake-u-hokeju-na-ledu-velika-je-ovo-stvar-za-sisak\/","title":{"rendered":"Prijem za dr\u017eavne prvake u hokeju na ledu: Velika je ovo stvar za Sisak"},"content":{"rendered":"\n<p><strong>U 92 godine duge tradicije igranja hokeja na ledu u Sisku, \u010dlanovi KHL Sisak uvjerljivim su pobjedama u dvije finalne utakmice protiv Zagreba, prvi put osvojili prvenstvo dr\u017eave, a u srijedu je hokeja\u0161e primila sisa\u010dka gradona\u010delnica&nbsp;Kristina Iki\u0107 Bani\u010dek.<\/strong><\/p>\n\n\n\n<p>&#8211; Velika je ovo stvar za Sisak i za klub. Sada s pravom na\u0161u Ledenu dvoranu mo\u017eemo nazvati Dom \u0161ampiona. Uspjeh je tim ve\u0107i jer su hokeja\u0161i istodobno igrali i u me\u0111unarodnoj IHL ligi i Dr\u017eavnom prvenstvu, nekoliko utakmica na tjedan, rekla je Iki\u0107 Bani\u010dek, uz najavu daljnje potpore Grada Siska.<br><br>Ona je tom prigodom prvi put dr\u017eavnim prvacima predala \u010dek od 20.000 kuna. U klubu isti\u010du kako je Ledena dvorana bila prevaga nad drugim klubovima, koji nisu imali optimalne uvjete rada.<br><br>&#8211; Jedini imamo adekvatne uvjete i dvoranu smo maksimalno iskoristili za pripreme, \u0161to je na kraju presudilo. Iako smo s pripremama kasno startali, intenzivnim smo radom sve nadoknadili. Ovo je najljep\u0161i trenutak u mojoj sportskoj karijeri, rekao je igra\u010d i trener kluba&nbsp;<strong>Luka Jar\u010dev<\/strong>.<\/p>\n\n\n\n<p>Najstariji igra\u010d,&nbsp;<strong>Dejan Dejanovi\u0107<\/strong>, ka\u017ee kako bolji i ljep\u0161i kraj svoje hokeja\u0161ke karijere nije mogao zamisliti, a jednako je ushi\u0107en bio i najmla\u0111i igra\u010d<strong>&nbsp;Lorian Bezuk<\/strong>&nbsp;(17), koji nije po\u017ealio \u0161to se iz \u0160vedske vratio u svoj Sisak.<br><br>&#8211; Ostvario sam svoj san ranije nego \u0161to sam pri\u017eeljkivao. Ovo je najljep\u0161i trenutak mog dosada\u0161njeg \u017eivota, plakao sam posljednjih minuta finala, rekao je Lorian.<br><br>U razgovoru je gradona\u010delnica Iki\u0107 Bani\u010dek izrazila \u017ealjenje \u0161to Hrvatski savez hokeja na ledu nije prihvatio doma\u0107instvo Siska za IIHF Svjetsko prvenstvo hokeja na ledu, divizija II, grupa A, koje \u0107e se od 25. do 30. travnja ove godine odr\u017eati na Zagreba\u010dkom velesajmu umjesto u sisa\u010dkoj Ledenoj dvorani.&nbsp;<\/p>\n\n\n\n<p>Izvor:hrt.hr<\/p>\n","protected":false},"excerpt":{"rendered":"<p>U 92 godine duge tradicije igranja hokeja na ledu u Sisku, \u010dlanovi KHL Sisak uvjerljivim su pobjedama u dvije finalne utakmice protiv Zagreba, prvi put osvojili prvenstvo dr\u017eave, a u srijedu je hokeja\u0161e primila sisa\u010dka gradona\u010delnica&nbsp;Kristina Iki\u0107 Bani\u010dek. &#8211; Velika je ovo stvar za Sisak i za klub. Sada s pravom na\u0161u Ledenu dvoranu mo\u017eemo [&hellip;]<\/p>\n","protected":false},"author":2,"featured_media":132163,"comment_status":"closed","ping_status":"closed","sticky":false,"template":"","format":"standard","meta":{"h5ap_radio_sources":[],"footnotes":""},"categories":[7],"tags":[],"class_list":["post-132162","post","type-post","status-publish","format-standard","has-post-thumbnail","hentry","category-sport"],"yoast_head":"<!-- This site is optimized with the Yoast SEO plugin v27.5 - https:\/\/yoast.com\/product\/yoast-seo-wordpress\/ -->\n<title>Prijem za dr\u017eavne prvake u hokeju na ledu: Velika je ovo stvar za Sisak - RADIO LJUBU\u0160KI<\/title>\n<meta name=\"robots\" content=\"index, follow, max-snippet:-1, max-image-preview:large, max-video-preview:-1\" \/>\n<link rel=\"canonical\" href=\"https:\/\/radioljubuski.ba\/index.php\/2022\/04\/13\/prijem-za-drzavne-prvake-u-hokeju-na-ledu-velika-je-ovo-stvar-za-sisak\/\" \/>\n<meta property=\"og:locale\" content=\"hr_HR\" \/>\n<meta property=\"og:type\" content=\"article\" \/>\n<meta property=\"og:title\" content=\"Prijem za dr\u017eavne prvake u hokeju na ledu: Velika je ovo stvar za Sisak - RADIO LJUBU\u0160KI\" \/>\n<meta property=\"og:description\" content=\"U 92 godine duge tradicije igranja hokeja na ledu u Sisku, \u010dlanovi KHL Sisak uvjerljivim su pobjedama u dvije finalne utakmice protiv Zagreba, prvi put osvojili prvenstvo dr\u017eave, a u srijedu je hokeja\u0161e primila sisa\u010dka gradona\u010delnica&nbsp;Kristina Iki\u0107 Bani\u010dek. &#8211; Velika je ovo stvar za Sisak i za klub. Sada s pravom na\u0161u Ledenu dvoranu mo\u017eemo [&hellip;]\" \/>\n<meta property=\"og:url\" content=\"https:\/\/radioljubuski.ba\/index.php\/2022\/04\/13\/prijem-za-drzavne-prvake-u-hokeju-na-ledu-velika-je-ovo-stvar-za-sisak\/\" \/>\n<meta property=\"og:site_name\" content=\"RADIO LJUBU\u0160KI\" \/>\n<meta property=\"article:publisher\" content=\"https:\/\/www.facebook.com\/Radiio-Ljubuski-1490835324566332\" \/>\n<meta property=\"article:published_time\" content=\"2022-04-13T22:03:51+00:00\" \/>\n<meta property=\"article:modified_time\" content=\"2022-04-13T22:03:52+00:00\" \/>\n<meta property=\"og:image\" content=\"https:\/\/radioljubuski.ba\/wp-content\/uploads\/2022\/04\/740x438-sisak-hokejasi2-20220413151544.jpg\" \/>\n\t<meta property=\"og:image:width\" content=\"740\" \/>\n\t<meta property=\"og:image:height\" content=\"438\" \/>\n\t<meta property=\"og:image:type\" content=\"image\/jpeg\" \/>\n<meta name=\"author\" content=\"Radio Ljubu\u0161ki\" \/>\n<meta name=\"twitter:card\" content=\"summary_large_image\" \/>\n<meta name=\"twitter:creator\" content=\"@radioljubuski\" \/>\n<meta name=\"twitter:site\" content=\"@radioljubuski\" \/>\n<meta name=\"twitter:label1\" content=\"Napisao\/la\" \/>\n\t<meta name=\"twitter:data1\" content=\"Radio Ljubu\u0161ki\" \/>\n\t<meta name=\"twitter:label2\" content=\"Procijenjeno vrijeme \u010ditanja\" \/>\n\t<meta name=\"twitter:data2\" content=\"2 minute\" \/>\n<script type=\"application\/ld+json\" class=\"yoast-schema-graph\">{\"@context\":\"https:\\\/\\\/schema.org\",\"@graph\":[{\"@type\":\"Article\",\"@id\":\"https:\\\/\\\/radioljubuski.ba\\\/index.php\\\/2022\\\/04\\\/13\\\/prijem-za-drzavne-prvake-u-hokeju-na-ledu-velika-je-ovo-stvar-za-sisak\\\/#article\",\"isPartOf\":{\"@id\":\"https:\\\/\\\/radioljubuski.ba\\\/index.php\\\/2022\\\/04\\\/13\\\/prijem-za-drzavne-prvake-u-hokeju-na-ledu-velika-je-ovo-stvar-za-sisak\\\/\"},\"author\":{\"name\":\"Radio Ljubu\u0161ki\",\"@id\":\"https:\\\/\\\/radioljubuski.ba\\\/#\\\/schema\\\/person\\\/19fc700381a780f69665d7956c469e3b\"},\"headline\":\"Prijem za dr\u017eavne prvake u hokeju na ledu: Velika je ovo stvar za Sisak\",\"datePublished\":\"2022-04-13T22:03:51+00:00\",\"dateModified\":\"2022-04-13T22:03:52+00:00\",\"mainEntityOfPage\":{\"@id\":\"https:\\\/\\\/radioljubuski.ba\\\/index.php\\\/2022\\\/04\\\/13\\\/prijem-za-drzavne-prvake-u-hokeju-na-ledu-velika-je-ovo-stvar-za-sisak\\\/\"},\"wordCount\":326,\"publisher\":{\"@id\":\"https:\\\/\\\/radioljubuski.ba\\\/#organization\"},\"image\":{\"@id\":\"https:\\\/\\\/radioljubuski.ba\\\/index.php\\\/2022\\\/04\\\/13\\\/prijem-za-drzavne-prvake-u-hokeju-na-ledu-velika-je-ovo-stvar-za-sisak\\\/#primaryimage\"},\"thumbnailUrl\":\"https:\\\/\\\/radioljubuski.ba\\\/wp-content\\\/uploads\\\/2022\\\/04\\\/740x438-sisak-hokejasi2-20220413151544.jpg\",\"articleSection\":[\"\u0160port\"],\"inLanguage\":\"hr\"},{\"@type\":\"WebPage\",\"@id\":\"https:\\\/\\\/radioljubuski.ba\\\/index.php\\\/2022\\\/04\\\/13\\\/prijem-za-drzavne-prvake-u-hokeju-na-ledu-velika-je-ovo-stvar-za-sisak\\\/\",\"url\":\"https:\\\/\\\/radioljubuski.ba\\\/index.php\\\/2022\\\/04\\\/13\\\/prijem-za-drzavne-prvake-u-hokeju-na-ledu-velika-je-ovo-stvar-za-sisak\\\/\",\"name\":\"Prijem za dr\u017eavne prvake u hokeju na ledu: Velika je ovo stvar za Sisak - RADIO LJUBU\u0160KI\",\"isPartOf\":{\"@id\":\"https:\\\/\\\/radioljubuski.ba\\\/#website\"},\"primaryImageOfPage\":{\"@id\":\"https:\\\/\\\/radioljubuski.ba\\\/index.php\\\/2022\\\/04\\\/13\\\/prijem-za-drzavne-prvake-u-hokeju-na-ledu-velika-je-ovo-stvar-za-sisak\\\/#primaryimage\"},\"image\":{\"@id\":\"https:\\\/\\\/radioljubuski.ba\\\/index.php\\\/2022\\\/04\\\/13\\\/prijem-za-drzavne-prvake-u-hokeju-na-ledu-velika-je-ovo-stvar-za-sisak\\\/#primaryimage\"},\"thumbnailUrl\":\"https:\\\/\\\/radioljubuski.ba\\\/wp-content\\\/uploads\\\/2022\\\/04\\\/740x438-sisak-hokejasi2-20220413151544.jpg\",\"datePublished\":\"2022-04-13T22:03:51+00:00\",\"dateModified\":\"2022-04-13T22:03:52+00:00\",\"breadcrumb\":{\"@id\":\"https:\\\/\\\/radioljubuski.ba\\\/index.php\\\/2022\\\/04\\\/13\\\/prijem-za-drzavne-prvake-u-hokeju-na-ledu-velika-je-ovo-stvar-za-sisak\\\/#breadcrumb\"},\"inLanguage\":\"hr\",\"potentialAction\":[{\"@type\":\"ReadAction\",\"target\":[\"https:\\\/\\\/radioljubuski.ba\\\/index.php\\\/2022\\\/04\\\/13\\\/prijem-za-drzavne-prvake-u-hokeju-na-ledu-velika-je-ovo-stvar-za-sisak\\\/\"]}]},{\"@type\":\"ImageObject\",\"inLanguage\":\"hr\",\"@id\":\"https:\\\/\\\/radioljubuski.ba\\\/index.php\\\/2022\\\/04\\\/13\\\/prijem-za-drzavne-prvake-u-hokeju-na-ledu-velika-je-ovo-stvar-za-sisak\\\/#primaryimage\",\"url\":\"https:\\\/\\\/radioljubuski.ba\\\/wp-content\\\/uploads\\\/2022\\\/04\\\/740x438-sisak-hokejasi2-20220413151544.jpg\",\"contentUrl\":\"https:\\\/\\\/radioljubuski.ba\\\/wp-content\\\/uploads\\\/2022\\\/04\\\/740x438-sisak-hokejasi2-20220413151544.jpg\",\"width\":740,\"height\":438,\"caption\":\"13.04.2022., Sisak - Gradonacelnica Kristina Ikic Banicek ugostila je igrace, trenere i celnistvo KHL Sisak koji su prvi put u svojoj povijesti postali prvaci Hrvatske u hokeju na ledu. Photo: Nikola Cutuk\\\/PIXSELL (13.04.2022., Sisak - Gradonacelnica\"},{\"@type\":\"BreadcrumbList\",\"@id\":\"https:\\\/\\\/radioljubuski.ba\\\/index.php\\\/2022\\\/04\\\/13\\\/prijem-za-drzavne-prvake-u-hokeju-na-ledu-velika-je-ovo-stvar-za-sisak\\\/#breadcrumb\",\"itemListElement\":[{\"@type\":\"ListItem\",\"position\":1,\"name\":\"Po\u010detna stranica\",\"item\":\"https:\\\/\\\/radioljubuski.ba\\\/\"},{\"@type\":\"ListItem\",\"position\":2,\"name\":\"Prijem za dr\u017eavne prvake u hokeju na ledu: Velika je ovo stvar za Sisak\"}]},{\"@type\":\"WebSite\",\"@id\":\"https:\\\/\\\/radioljubuski.ba\\\/#website\",\"url\":\"https:\\\/\\\/radioljubuski.ba\\\/\",\"name\":\"Radio Ljubu\u0161ki\",\"description\":\"Sun\u010dana frekvencija Hercegovine\",\"publisher\":{\"@id\":\"https:\\\/\\\/radioljubuski.ba\\\/#organization\"},\"potentialAction\":[{\"@type\":\"SearchAction\",\"target\":{\"@type\":\"EntryPoint\",\"urlTemplate\":\"https:\\\/\\\/radioljubuski.ba\\\/?s={search_term_string}\"},\"query-input\":{\"@type\":\"PropertyValueSpecification\",\"valueRequired\":true,\"valueName\":\"search_term_string\"}}],\"inLanguage\":\"hr\"},{\"@type\":\"Organization\",\"@id\":\"https:\\\/\\\/radioljubuski.ba\\\/#organization\",\"name\":\"Radio Ljubu\u0161ki\",\"url\":\"https:\\\/\\\/radioljubuski.ba\\\/\",\"logo\":{\"@type\":\"ImageObject\",\"inLanguage\":\"hr\",\"@id\":\"https:\\\/\\\/radioljubuski.ba\\\/#\\\/schema\\\/logo\\\/image\\\/\",\"url\":\"https:\\\/\\\/radioljubuski.ba\\\/wp-content\\\/uploads\\\/2021\\\/02\\\/cropped-Radio_Ljubuski_logo1.jpg\",\"contentUrl\":\"https:\\\/\\\/radioljubuski.ba\\\/wp-content\\\/uploads\\\/2021\\\/02\\\/cropped-Radio_Ljubuski_logo1.jpg\",\"width\":512,\"height\":512,\"caption\":\"Radio Ljubu\u0161ki\"},\"image\":{\"@id\":\"https:\\\/\\\/radioljubuski.ba\\\/#\\\/schema\\\/logo\\\/image\\\/\"},\"sameAs\":[\"https:\\\/\\\/www.facebook.com\\\/Radiio-Ljubuski-1490835324566332\",\"https:\\\/\\\/x.com\\\/radioljubuski\",\"https:\\\/\\\/hr.linkedin.com\\\/company\\\/radio-ljubuski\",\"https:\\\/\\\/www.youtube.com\\\/channel\\\/UCHYaeO_n0Db3tjNGudGpXyw\"]},{\"@type\":\"Person\",\"@id\":\"https:\\\/\\\/radioljubuski.ba\\\/#\\\/schema\\\/person\\\/19fc700381a780f69665d7956c469e3b\",\"name\":\"Radio Ljubu\u0161ki\"}]}<\/script>\n<!-- \/ Yoast SEO plugin. -->","yoast_head_json":{"title":"Prijem za dr\u017eavne prvake u hokeju na ledu: Velika je ovo stvar za Sisak - RADIO LJUBU\u0160KI","robots":{"index":"index","follow":"follow","max-snippet":"max-snippet:-1","max-image-preview":"max-image-preview:large","max-video-preview":"max-video-preview:-1"},"canonical":"https:\/\/radioljubuski.ba\/index.php\/2022\/04\/13\/prijem-za-drzavne-prvake-u-hokeju-na-ledu-velika-je-ovo-stvar-za-sisak\/","og_locale":"hr_HR","og_type":"article","og_title":"Prijem za dr\u017eavne prvake u hokeju na ledu: Velika je ovo stvar za Sisak - RADIO LJUBU\u0160KI","og_description":"U 92 godine duge tradicije igranja hokeja na ledu u Sisku, \u010dlanovi KHL Sisak uvjerljivim su pobjedama u dvije finalne utakmice protiv Zagreba, prvi put osvojili prvenstvo dr\u017eave, a u srijedu je hokeja\u0161e primila sisa\u010dka gradona\u010delnica&nbsp;Kristina Iki\u0107 Bani\u010dek. &#8211; Velika je ovo stvar za Sisak i za klub. Sada s pravom na\u0161u Ledenu dvoranu mo\u017eemo [&hellip;]","og_url":"https:\/\/radioljubuski.ba\/index.php\/2022\/04\/13\/prijem-za-drzavne-prvake-u-hokeju-na-ledu-velika-je-ovo-stvar-za-sisak\/","og_site_name":"RADIO LJUBU\u0160KI","article_publisher":"https:\/\/www.facebook.com\/Radiio-Ljubuski-1490835324566332","article_published_time":"2022-04-13T22:03:51+00:00","article_modified_time":"2022-04-13T22:03:52+00:00","og_image":[{"width":740,"height":438,"url":"https:\/\/radioljubuski.ba\/wp-content\/uploads\/2022\/04\/740x438-sisak-hokejasi2-20220413151544.jpg","type":"image\/jpeg"}],"author":"Radio Ljubu\u0161ki","twitter_card":"summary_large_image","twitter_creator":"@radioljubuski","twitter_site":"@radioljubuski","twitter_misc":{"Napisao\/la":"Radio Ljubu\u0161ki","Procijenjeno vrijeme \u010ditanja":"2 minute"},"schema":{"@context":"https:\/\/schema.org","@graph":[{"@type":"Article","@id":"https:\/\/radioljubuski.ba\/index.php\/2022\/04\/13\/prijem-za-drzavne-prvake-u-hokeju-na-ledu-velika-je-ovo-stvar-za-sisak\/#article","isPartOf":{"@id":"https:\/\/radioljubuski.ba\/index.php\/2022\/04\/13\/prijem-za-drzavne-prvake-u-hokeju-na-ledu-velika-je-ovo-stvar-za-sisak\/"},"author":{"name":"Radio Ljubu\u0161ki","@id":"https:\/\/radioljubuski.ba\/#\/schema\/person\/19fc700381a780f69665d7956c469e3b"},"headline":"Prijem za dr\u017eavne prvake u hokeju na ledu: Velika je ovo stvar za Sisak","datePublished":"2022-04-13T22:03:51+00:00","dateModified":"2022-04-13T22:03:52+00:00","mainEntityOfPage":{"@id":"https:\/\/radioljubuski.ba\/index.php\/2022\/04\/13\/prijem-za-drzavne-prvake-u-hokeju-na-ledu-velika-je-ovo-stvar-za-sisak\/"},"wordCount":326,"publisher":{"@id":"https:\/\/radioljubuski.ba\/#organization"},"image":{"@id":"https:\/\/radioljubuski.ba\/index.php\/2022\/04\/13\/prijem-za-drzavne-prvake-u-hokeju-na-ledu-velika-je-ovo-stvar-za-sisak\/#primaryimage"},"thumbnailUrl":"https:\/\/radioljubuski.ba\/wp-content\/uploads\/2022\/04\/740x438-sisak-hokejasi2-20220413151544.jpg","articleSection":["\u0160port"],"inLanguage":"hr"},{"@type":"WebPage","@id":"https:\/\/radioljubuski.ba\/index.php\/2022\/04\/13\/prijem-za-drzavne-prvake-u-hokeju-na-ledu-velika-je-ovo-stvar-za-sisak\/","url":"https:\/\/radioljubuski.ba\/index.php\/2022\/04\/13\/prijem-za-drzavne-prvake-u-hokeju-na-ledu-velika-je-ovo-stvar-za-sisak\/","name":"Prijem za dr\u017eavne prvake u hokeju na ledu: Velika je ovo stvar za Sisak - RADIO LJUBU\u0160KI","isPartOf":{"@id":"https:\/\/radioljubuski.ba\/#website"},"primaryImageOfPage":{"@id":"https:\/\/radioljubuski.ba\/index.php\/2022\/04\/13\/prijem-za-drzavne-prvake-u-hokeju-na-ledu-velika-je-ovo-stvar-za-sisak\/#primaryimage"},"image":{"@id":"https:\/\/radioljubuski.ba\/index.php\/2022\/04\/13\/prijem-za-drzavne-prvake-u-hokeju-na-ledu-velika-je-ovo-stvar-za-sisak\/#primaryimage"},"thumbnailUrl":"https:\/\/radioljubuski.ba\/wp-content\/uploads\/2022\/04\/740x438-sisak-hokejasi2-20220413151544.jpg","datePublished":"2022-04-13T22:03:51+00:00","dateModified":"2022-04-13T22:03:52+00:00","breadcrumb":{"@id":"https:\/\/radioljubuski.ba\/index.php\/2022\/04\/13\/prijem-za-drzavne-prvake-u-hokeju-na-ledu-velika-je-ovo-stvar-za-sisak\/#breadcrumb"},"inLanguage":"hr","potentialAction":[{"@type":"ReadAction","target":["https:\/\/radioljubuski.ba\/index.php\/2022\/04\/13\/prijem-za-drzavne-prvake-u-hokeju-na-ledu-velika-je-ovo-stvar-za-sisak\/"]}]},{"@type":"ImageObject","inLanguage":"hr","@id":"https:\/\/radioljubuski.ba\/index.php\/2022\/04\/13\/prijem-za-drzavne-prvake-u-hokeju-na-ledu-velika-je-ovo-stvar-za-sisak\/#primaryimage","url":"https:\/\/radioljubuski.ba\/wp-content\/uploads\/2022\/04\/740x438-sisak-hokejasi2-20220413151544.jpg","contentUrl":"https:\/\/radioljubuski.ba\/wp-content\/uploads\/2022\/04\/740x438-sisak-hokejasi2-20220413151544.jpg","width":740,"height":438,"caption":"13.04.2022., Sisak - Gradonacelnica Kristina Ikic Banicek ugostila je igrace, trenere i celnistvo KHL Sisak koji su prvi put u svojoj povijesti postali prvaci Hrvatske u hokeju na ledu. Photo: Nikola Cutuk\/PIXSELL (13.04.2022., Sisak - Gradonacelnica"},{"@type":"BreadcrumbList","@id":"https:\/\/radioljubuski.ba\/index.php\/2022\/04\/13\/prijem-za-drzavne-prvake-u-hokeju-na-ledu-velika-je-ovo-stvar-za-sisak\/#breadcrumb","itemListElement":[{"@type":"ListItem","position":1,"name":"Po\u010detna stranica","item":"https:\/\/radioljubuski.ba\/"},{"@type":"ListItem","position":2,"name":"Prijem za dr\u017eavne prvake u hokeju na ledu: Velika je ovo stvar za Sisak"}]},{"@type":"WebSite","@id":"https:\/\/radioljubuski.ba\/#website","url":"https:\/\/radioljubuski.ba\/","name":"Radio Ljubu\u0161ki","description":"Sun\u010dana frekvencija Hercegovine","publisher":{"@id":"https:\/\/radioljubuski.ba\/#organization"},"potentialAction":[{"@type":"SearchAction","target":{"@type":"EntryPoint","urlTemplate":"https:\/\/radioljubuski.ba\/?s={search_term_string}"},"query-input":{"@type":"PropertyValueSpecification","valueRequired":true,"valueName":"search_term_string"}}],"inLanguage":"hr"},{"@type":"Organization","@id":"https:\/\/radioljubuski.ba\/#organization","name":"Radio Ljubu\u0161ki","url":"https:\/\/radioljubuski.ba\/","logo":{"@type":"ImageObject","inLanguage":"hr","@id":"https:\/\/radioljubuski.ba\/#\/schema\/logo\/image\/","url":"https:\/\/radioljubuski.ba\/wp-content\/uploads\/2021\/02\/cropped-Radio_Ljubuski_logo1.jpg","contentUrl":"https:\/\/radioljubuski.ba\/wp-content\/uploads\/2021\/02\/cropped-Radio_Ljubuski_logo1.jpg","width":512,"height":512,"caption":"Radio Ljubu\u0161ki"},"image":{"@id":"https:\/\/radioljubuski.ba\/#\/schema\/logo\/image\/"},"sameAs":["https:\/\/www.facebook.com\/Radiio-Ljubuski-1490835324566332","https:\/\/x.com\/radioljubuski","https:\/\/hr.linkedin.com\/company\/radio-ljubuski","https:\/\/www.youtube.com\/channel\/UCHYaeO_n0Db3tjNGudGpXyw"]},{"@type":"Person","@id":"https:\/\/radioljubuski.ba\/#\/schema\/person\/19fc700381a780f69665d7956c469e3b","name":"Radio Ljubu\u0161ki"}]}},"_links":{"self":[{"href":"https:\/\/radioljubuski.ba\/index.php\/wp-json\/wp\/v2\/posts\/132162","targetHints":{"allow":["GET"]}}],"collection":[{"href":"https:\/\/radioljubuski.ba\/index.php\/wp-json\/wp\/v2\/posts"}],"about":[{"href":"https:\/\/radioljubuski.ba\/index.php\/wp-json\/wp\/v2\/types\/post"}],"author":[{"embeddable":true,"href":"https:\/\/radioljubuski.ba\/index.php\/wp-json\/wp\/v2\/users\/2"}],"replies":[{"embeddable":true,"href":"https:\/\/radioljubuski.ba\/index.php\/wp-json\/wp\/v2\/comments?post=132162"}],"version-history":[{"count":1,"href":"https:\/\/radioljubuski.ba\/index.php\/wp-json\/wp\/v2\/posts\/132162\/revisions"}],"predecessor-version":[{"id":132164,"href":"https:\/\/radioljubuski.ba\/index.php\/wp-json\/wp\/v2\/posts\/132162\/revisions\/132164"}],"wp:featuredmedia":[{"embeddable":true,"href":"https:\/\/radioljubuski.ba\/index.php\/wp-json\/wp\/v2\/media\/132163"}],"wp:attachment":[{"href":"https:\/\/radioljubuski.ba\/index.php\/wp-json\/wp\/v2\/media?parent=132162"}],"wp:term":[{"taxonomy":"category","embeddable":true,"href":"https:\/\/radioljubuski.ba\/index.php\/wp-json\/wp\/v2\/categories?post=132162"},{"taxonomy":"post_tag","embeddable":true,"href":"https:\/\/radioljubuski.ba\/index.php\/wp-json\/wp\/v2\/tags?post=132162"}],"curies":[{"name":"wp","href":"https:\/\/api.w.org\/{rel}","templated":true}]}}