{"id":132178,"date":"2022-04-13T23:12:05","date_gmt":"2022-04-13T22:12:05","guid":{"rendered":"https:\/\/radioljubuski.ba\/?p=132178"},"modified":"2022-04-13T23:12:07","modified_gmt":"2022-04-13T22:12:07","slug":"hrvatske-tenisacice-izgubile-od-slovenije","status":"publish","type":"post","link":"https:\/\/radioljubuski.ba\/index.php\/2022\/04\/13\/hrvatske-tenisacice-izgubile-od-slovenije\/","title":{"rendered":"Hrvatske tenisa\u010dice izgubile od Slovenije"},"content":{"rendered":"\n<p><strong>Hrvatska \u017eenska teniska reprezentacija pora\u017eena je s 1-2 od Slovenije u&nbsp; u dvoboju 3. kola skupine B na turniru Prve Euro-afri\u010dke grupe Billie Jean King Cupa koji se odigrava u turskoj Antalyji, a Slovenke su pobjedu osigurale ve\u0107 nakon dva pojedina\u010dna dvoboja.<\/strong><\/p>\n\n\n\n<p>Jedini bod u dvoboju koji je najvjerojatnije bio odlu\u010duju\u0107i za prvo mjesto u skupini izabranice&nbsp;<strong>Ive Majoli&nbsp;<\/strong>osvojile su u igri parova u kojoj su&nbsp;<strong>Petra Marti\u0107&nbsp;<\/strong>i<strong>&nbsp;Donna Veki\u0107<\/strong>&nbsp;pobijedile&nbsp;<strong>Piu Lovri\u010d<\/strong>&nbsp;i&nbsp;<strong>Laru Smejkal&nbsp;<\/strong>sa 6-4, 6-4.<\/p>\n\n\n\n<p>Slovenke su pobjedu osigurale ve\u0107 u pojedina\u010dnim dvobojima. U prvom me\u010du je\u00a0<strong>Kaja Juvan<\/strong>\u00a0(WTA &#8211; 81.) sa 6-2, 7-5 nadigrala<strong>\u00a0Anu Konjuh\u00a0<\/strong>(WTA &#8211; 64.), a potom je u dvoboju najboljih igra\u010dica obje reprezentacije<strong>\u00a0Tamara Zidan\u0161ek<\/strong>\u00a0(WTA &#8211; 27.) sa 6-3, 6-2 bila bolja od\u00a0<strong>Petre Marti\u0107<\/strong>.<br><br>Slovenija je s maksimalne tri pobjede preuzela vode\u0107u poziciju na ljestvici skupine i potrebna jooj je jo\u0161 samo jedna pobjeda iz preostala dva dvoboja da bi i matemati\u010dki potvrdila prvo mjesto koje donosi izravan plasman u doigravanje za kvalifikacije za finalni turnir Billie Jean King Cupa 2023. Kako su im suparnice reprezentacije Bugarske i \u0160vedske, malo je vjerojatno da \u0107e izabranice\u00a0<strong>Andreja Kra\u0161evca\u00a0<\/strong>propustiti takvu priliku.<\/p>\n\n\n\n<iframe loading=\"lazy\" src=\"https:\/\/www.facebook.com\/plugins\/post.php?href=https%3A%2F%2Fwww.facebook.com%2FHrvatskiTeniskiSavez%2Fposts%2F405521728241468&#038;show_text=true&#038;width=500\" width=\"500\" height=\"582\" style=\"border:none;overflow:hidden\" scrolling=\"no\" frameborder=\"0\" allowfullscreen=\"true\" allow=\"autoplay; clipboard-write; encrypted-media; picture-in-picture; web-share\"><\/iframe>\n\n\n\n<p>Hrvatskoj reprezentaciji ostaje borba za drugo mjesto u skupini koje vodi u subotnje razigravanje protiv drugoplasirane reprezentacije iz skupine A, a za to \u0107e morati u petak pobijediti u petak reprezentaciju Austrije (petak) za koji \u0107e im kao zagrijavanje poslu\u017eiti me\u010d s izabranom vrstom Gruzije koja je u prva tri nastupa do\u017eivjela tri poraza.<br><br>U skupini A \u0107e za kona\u010dni redoslijed na vrhu najvjerojatnije odlu\u010divati dvoboj dosad nepora\u017eenih reprezentacija Ma\u0111arske i Srbije koji je na rasporedu u \u010detvrtak.<br><br>HRVATSKA &#8211; SLOVENIJA 1-2<br>Ana Konjuh (HRV) &#8211; Kaja Juvan (SLO) 2-6, 5-7 &nbsp;<br>Petra Marti\u0107 (HRV) &#8211; Tamara Zidan\u0161ek (SLO) 3-6, 2-6<br>Petra Marti\u0107 \/ Donna Veki\u0107 (HRV) &#8211; Pia Lovri\u010d \/ Lara Smejkal (SLO) 6-4, 6-4<\/p>\n\n\n\n<p>Izvor:hrt.hr<\/p>\n","protected":false},"excerpt":{"rendered":"<p>Hrvatska \u017eenska teniska reprezentacija pora\u017eena je s 1-2 od Slovenije u&nbsp; u dvoboju 3. kola skupine B na turniru Prve Euro-afri\u010dke grupe Billie Jean King Cupa koji se odigrava u turskoj Antalyji, a Slovenke su pobjedu osigurale ve\u0107 nakon dva pojedina\u010dna dvoboja. Jedini bod u dvoboju koji je najvjerojatnije bio odlu\u010duju\u0107i za prvo mjesto u [&hellip;]<\/p>\n","protected":false},"author":2,"featured_media":132179,"comment_status":"closed","ping_status":"closed","sticky":false,"template":"","format":"standard","meta":{"h5ap_radio_sources":[],"footnotes":""},"categories":[7],"tags":[],"class_list":["post-132178","post","type-post","status-publish","format-standard","has-post-thumbnail","hentry","category-sport"],"yoast_head":"<!-- This site is optimized with the Yoast SEO plugin v27.5 - https:\/\/yoast.com\/product\/yoast-seo-wordpress\/ -->\n<title>Hrvatske tenisa\u010dice izgubile od Slovenije - RADIO LJUBU\u0160KI<\/title>\n<meta name=\"robots\" content=\"index, follow, max-snippet:-1, max-image-preview:large, max-video-preview:-1\" \/>\n<link rel=\"canonical\" href=\"https:\/\/radioljubuski.ba\/index.php\/2022\/04\/13\/hrvatske-tenisacice-izgubile-od-slovenije\/\" \/>\n<meta property=\"og:locale\" content=\"hr_HR\" \/>\n<meta property=\"og:type\" content=\"article\" \/>\n<meta property=\"og:title\" content=\"Hrvatske tenisa\u010dice izgubile od Slovenije - RADIO LJUBU\u0160KI\" \/>\n<meta property=\"og:description\" content=\"Hrvatska \u017eenska teniska reprezentacija pora\u017eena je s 1-2 od Slovenije u&nbsp; u dvoboju 3. kola skupine B na turniru Prve Euro-afri\u010dke grupe Billie Jean King Cupa koji se odigrava u turskoj Antalyji, a Slovenke su pobjedu osigurale ve\u0107 nakon dva pojedina\u010dna dvoboja. Jedini bod u dvoboju koji je najvjerojatnije bio odlu\u010duju\u0107i za prvo mjesto u [&hellip;]\" \/>\n<meta property=\"og:url\" content=\"https:\/\/radioljubuski.ba\/index.php\/2022\/04\/13\/hrvatske-tenisacice-izgubile-od-slovenije\/\" \/>\n<meta property=\"og:site_name\" content=\"RADIO LJUBU\u0160KI\" \/>\n<meta property=\"article:publisher\" content=\"https:\/\/www.facebook.com\/Radiio-Ljubuski-1490835324566332\" \/>\n<meta property=\"article:published_time\" content=\"2022-04-13T22:12:05+00:00\" \/>\n<meta property=\"article:modified_time\" content=\"2022-04-13T22:12:07+00:00\" \/>\n<meta property=\"og:image\" content=\"https:\/\/radioljubuski.ba\/wp-content\/uploads\/2022\/04\/hrvatska-20220413103844-scaled.jpg\" \/>\n\t<meta property=\"og:image:width\" content=\"2560\" \/>\n\t<meta property=\"og:image:height\" content=\"1707\" \/>\n\t<meta property=\"og:image:type\" content=\"image\/jpeg\" \/>\n<meta name=\"author\" content=\"Radio Ljubu\u0161ki\" \/>\n<meta name=\"twitter:card\" content=\"summary_large_image\" \/>\n<meta name=\"twitter:creator\" content=\"@radioljubuski\" \/>\n<meta name=\"twitter:site\" content=\"@radioljubuski\" \/>\n<meta name=\"twitter:label1\" content=\"Napisao\/la\" \/>\n\t<meta name=\"twitter:data1\" content=\"Radio Ljubu\u0161ki\" \/>\n\t<meta name=\"twitter:label2\" content=\"Procijenjeno vrijeme \u010ditanja\" \/>\n\t<meta name=\"twitter:data2\" content=\"2 minute\" \/>\n<script type=\"application\/ld+json\" class=\"yoast-schema-graph\">{\"@context\":\"https:\\\/\\\/schema.org\",\"@graph\":[{\"@type\":\"Article\",\"@id\":\"https:\\\/\\\/radioljubuski.ba\\\/index.php\\\/2022\\\/04\\\/13\\\/hrvatske-tenisacice-izgubile-od-slovenije\\\/#article\",\"isPartOf\":{\"@id\":\"https:\\\/\\\/radioljubuski.ba\\\/index.php\\\/2022\\\/04\\\/13\\\/hrvatske-tenisacice-izgubile-od-slovenije\\\/\"},\"author\":{\"name\":\"Radio Ljubu\u0161ki\",\"@id\":\"https:\\\/\\\/radioljubuski.ba\\\/#\\\/schema\\\/person\\\/19fc700381a780f69665d7956c469e3b\"},\"headline\":\"Hrvatske tenisa\u010dice izgubile od Slovenije\",\"datePublished\":\"2022-04-13T22:12:05+00:00\",\"dateModified\":\"2022-04-13T22:12:07+00:00\",\"mainEntityOfPage\":{\"@id\":\"https:\\\/\\\/radioljubuski.ba\\\/index.php\\\/2022\\\/04\\\/13\\\/hrvatske-tenisacice-izgubile-od-slovenije\\\/\"},\"wordCount\":343,\"publisher\":{\"@id\":\"https:\\\/\\\/radioljubuski.ba\\\/#organization\"},\"image\":{\"@id\":\"https:\\\/\\\/radioljubuski.ba\\\/index.php\\\/2022\\\/04\\\/13\\\/hrvatske-tenisacice-izgubile-od-slovenije\\\/#primaryimage\"},\"thumbnailUrl\":\"https:\\\/\\\/radioljubuski.ba\\\/wp-content\\\/uploads\\\/2022\\\/04\\\/hrvatska-20220413103844-scaled.jpg\",\"articleSection\":[\"\u0160port\"],\"inLanguage\":\"hr\"},{\"@type\":\"WebPage\",\"@id\":\"https:\\\/\\\/radioljubuski.ba\\\/index.php\\\/2022\\\/04\\\/13\\\/hrvatske-tenisacice-izgubile-od-slovenije\\\/\",\"url\":\"https:\\\/\\\/radioljubuski.ba\\\/index.php\\\/2022\\\/04\\\/13\\\/hrvatske-tenisacice-izgubile-od-slovenije\\\/\",\"name\":\"Hrvatske tenisa\u010dice izgubile od Slovenije - RADIO LJUBU\u0160KI\",\"isPartOf\":{\"@id\":\"https:\\\/\\\/radioljubuski.ba\\\/#website\"},\"primaryImageOfPage\":{\"@id\":\"https:\\\/\\\/radioljubuski.ba\\\/index.php\\\/2022\\\/04\\\/13\\\/hrvatske-tenisacice-izgubile-od-slovenije\\\/#primaryimage\"},\"image\":{\"@id\":\"https:\\\/\\\/radioljubuski.ba\\\/index.php\\\/2022\\\/04\\\/13\\\/hrvatske-tenisacice-izgubile-od-slovenije\\\/#primaryimage\"},\"thumbnailUrl\":\"https:\\\/\\\/radioljubuski.ba\\\/wp-content\\\/uploads\\\/2022\\\/04\\\/hrvatska-20220413103844-scaled.jpg\",\"datePublished\":\"2022-04-13T22:12:05+00:00\",\"dateModified\":\"2022-04-13T22:12:07+00:00\",\"breadcrumb\":{\"@id\":\"https:\\\/\\\/radioljubuski.ba\\\/index.php\\\/2022\\\/04\\\/13\\\/hrvatske-tenisacice-izgubile-od-slovenije\\\/#breadcrumb\"},\"inLanguage\":\"hr\",\"potentialAction\":[{\"@type\":\"ReadAction\",\"target\":[\"https:\\\/\\\/radioljubuski.ba\\\/index.php\\\/2022\\\/04\\\/13\\\/hrvatske-tenisacice-izgubile-od-slovenije\\\/\"]}]},{\"@type\":\"ImageObject\",\"inLanguage\":\"hr\",\"@id\":\"https:\\\/\\\/radioljubuski.ba\\\/index.php\\\/2022\\\/04\\\/13\\\/hrvatske-tenisacice-izgubile-od-slovenije\\\/#primaryimage\",\"url\":\"https:\\\/\\\/radioljubuski.ba\\\/wp-content\\\/uploads\\\/2022\\\/04\\\/hrvatska-20220413103844-scaled.jpg\",\"contentUrl\":\"https:\\\/\\\/radioljubuski.ba\\\/wp-content\\\/uploads\\\/2022\\\/04\\\/hrvatska-20220413103844-scaled.jpg\",\"width\":2560,\"height\":1707},{\"@type\":\"BreadcrumbList\",\"@id\":\"https:\\\/\\\/radioljubuski.ba\\\/index.php\\\/2022\\\/04\\\/13\\\/hrvatske-tenisacice-izgubile-od-slovenije\\\/#breadcrumb\",\"itemListElement\":[{\"@type\":\"ListItem\",\"position\":1,\"name\":\"Po\u010detna stranica\",\"item\":\"https:\\\/\\\/radioljubuski.ba\\\/\"},{\"@type\":\"ListItem\",\"position\":2,\"name\":\"Hrvatske tenisa\u010dice izgubile od Slovenije\"}]},{\"@type\":\"WebSite\",\"@id\":\"https:\\\/\\\/radioljubuski.ba\\\/#website\",\"url\":\"https:\\\/\\\/radioljubuski.ba\\\/\",\"name\":\"Radio Ljubu\u0161ki\",\"description\":\"Sun\u010dana frekvencija Hercegovine\",\"publisher\":{\"@id\":\"https:\\\/\\\/radioljubuski.ba\\\/#organization\"},\"potentialAction\":[{\"@type\":\"SearchAction\",\"target\":{\"@type\":\"EntryPoint\",\"urlTemplate\":\"https:\\\/\\\/radioljubuski.ba\\\/?s={search_term_string}\"},\"query-input\":{\"@type\":\"PropertyValueSpecification\",\"valueRequired\":true,\"valueName\":\"search_term_string\"}}],\"inLanguage\":\"hr\"},{\"@type\":\"Organization\",\"@id\":\"https:\\\/\\\/radioljubuski.ba\\\/#organization\",\"name\":\"Radio Ljubu\u0161ki\",\"url\":\"https:\\\/\\\/radioljubuski.ba\\\/\",\"logo\":{\"@type\":\"ImageObject\",\"inLanguage\":\"hr\",\"@id\":\"https:\\\/\\\/radioljubuski.ba\\\/#\\\/schema\\\/logo\\\/image\\\/\",\"url\":\"https:\\\/\\\/radioljubuski.ba\\\/wp-content\\\/uploads\\\/2021\\\/02\\\/cropped-Radio_Ljubuski_logo1.jpg\",\"contentUrl\":\"https:\\\/\\\/radioljubuski.ba\\\/wp-content\\\/uploads\\\/2021\\\/02\\\/cropped-Radio_Ljubuski_logo1.jpg\",\"width\":512,\"height\":512,\"caption\":\"Radio Ljubu\u0161ki\"},\"image\":{\"@id\":\"https:\\\/\\\/radioljubuski.ba\\\/#\\\/schema\\\/logo\\\/image\\\/\"},\"sameAs\":[\"https:\\\/\\\/www.facebook.com\\\/Radiio-Ljubuski-1490835324566332\",\"https:\\\/\\\/x.com\\\/radioljubuski\",\"https:\\\/\\\/hr.linkedin.com\\\/company\\\/radio-ljubuski\",\"https:\\\/\\\/www.youtube.com\\\/channel\\\/UCHYaeO_n0Db3tjNGudGpXyw\"]},{\"@type\":\"Person\",\"@id\":\"https:\\\/\\\/radioljubuski.ba\\\/#\\\/schema\\\/person\\\/19fc700381a780f69665d7956c469e3b\",\"name\":\"Radio Ljubu\u0161ki\"}]}<\/script>\n<!-- \/ Yoast SEO plugin. -->","yoast_head_json":{"title":"Hrvatske tenisa\u010dice izgubile od Slovenije - RADIO LJUBU\u0160KI","robots":{"index":"index","follow":"follow","max-snippet":"max-snippet:-1","max-image-preview":"max-image-preview:large","max-video-preview":"max-video-preview:-1"},"canonical":"https:\/\/radioljubuski.ba\/index.php\/2022\/04\/13\/hrvatske-tenisacice-izgubile-od-slovenije\/","og_locale":"hr_HR","og_type":"article","og_title":"Hrvatske tenisa\u010dice izgubile od Slovenije - RADIO LJUBU\u0160KI","og_description":"Hrvatska \u017eenska teniska reprezentacija pora\u017eena je s 1-2 od Slovenije u&nbsp; u dvoboju 3. kola skupine B na turniru Prve Euro-afri\u010dke grupe Billie Jean King Cupa koji se odigrava u turskoj Antalyji, a Slovenke su pobjedu osigurale ve\u0107 nakon dva pojedina\u010dna dvoboja. Jedini bod u dvoboju koji je najvjerojatnije bio odlu\u010duju\u0107i za prvo mjesto u [&hellip;]","og_url":"https:\/\/radioljubuski.ba\/index.php\/2022\/04\/13\/hrvatske-tenisacice-izgubile-od-slovenije\/","og_site_name":"RADIO LJUBU\u0160KI","article_publisher":"https:\/\/www.facebook.com\/Radiio-Ljubuski-1490835324566332","article_published_time":"2022-04-13T22:12:05+00:00","article_modified_time":"2022-04-13T22:12:07+00:00","og_image":[{"width":2560,"height":1707,"url":"https:\/\/radioljubuski.ba\/wp-content\/uploads\/2022\/04\/hrvatska-20220413103844-scaled.jpg","type":"image\/jpeg"}],"author":"Radio Ljubu\u0161ki","twitter_card":"summary_large_image","twitter_creator":"@radioljubuski","twitter_site":"@radioljubuski","twitter_misc":{"Napisao\/la":"Radio Ljubu\u0161ki","Procijenjeno vrijeme \u010ditanja":"2 minute"},"schema":{"@context":"https:\/\/schema.org","@graph":[{"@type":"Article","@id":"https:\/\/radioljubuski.ba\/index.php\/2022\/04\/13\/hrvatske-tenisacice-izgubile-od-slovenije\/#article","isPartOf":{"@id":"https:\/\/radioljubuski.ba\/index.php\/2022\/04\/13\/hrvatske-tenisacice-izgubile-od-slovenije\/"},"author":{"name":"Radio Ljubu\u0161ki","@id":"https:\/\/radioljubuski.ba\/#\/schema\/person\/19fc700381a780f69665d7956c469e3b"},"headline":"Hrvatske tenisa\u010dice izgubile od Slovenije","datePublished":"2022-04-13T22:12:05+00:00","dateModified":"2022-04-13T22:12:07+00:00","mainEntityOfPage":{"@id":"https:\/\/radioljubuski.ba\/index.php\/2022\/04\/13\/hrvatske-tenisacice-izgubile-od-slovenije\/"},"wordCount":343,"publisher":{"@id":"https:\/\/radioljubuski.ba\/#organization"},"image":{"@id":"https:\/\/radioljubuski.ba\/index.php\/2022\/04\/13\/hrvatske-tenisacice-izgubile-od-slovenije\/#primaryimage"},"thumbnailUrl":"https:\/\/radioljubuski.ba\/wp-content\/uploads\/2022\/04\/hrvatska-20220413103844-scaled.jpg","articleSection":["\u0160port"],"inLanguage":"hr"},{"@type":"WebPage","@id":"https:\/\/radioljubuski.ba\/index.php\/2022\/04\/13\/hrvatske-tenisacice-izgubile-od-slovenije\/","url":"https:\/\/radioljubuski.ba\/index.php\/2022\/04\/13\/hrvatske-tenisacice-izgubile-od-slovenije\/","name":"Hrvatske tenisa\u010dice izgubile od Slovenije - RADIO LJUBU\u0160KI","isPartOf":{"@id":"https:\/\/radioljubuski.ba\/#website"},"primaryImageOfPage":{"@id":"https:\/\/radioljubuski.ba\/index.php\/2022\/04\/13\/hrvatske-tenisacice-izgubile-od-slovenije\/#primaryimage"},"image":{"@id":"https:\/\/radioljubuski.ba\/index.php\/2022\/04\/13\/hrvatske-tenisacice-izgubile-od-slovenije\/#primaryimage"},"thumbnailUrl":"https:\/\/radioljubuski.ba\/wp-content\/uploads\/2022\/04\/hrvatska-20220413103844-scaled.jpg","datePublished":"2022-04-13T22:12:05+00:00","dateModified":"2022-04-13T22:12:07+00:00","breadcrumb":{"@id":"https:\/\/radioljubuski.ba\/index.php\/2022\/04\/13\/hrvatske-tenisacice-izgubile-od-slovenije\/#breadcrumb"},"inLanguage":"hr","potentialAction":[{"@type":"ReadAction","target":["https:\/\/radioljubuski.ba\/index.php\/2022\/04\/13\/hrvatske-tenisacice-izgubile-od-slovenije\/"]}]},{"@type":"ImageObject","inLanguage":"hr","@id":"https:\/\/radioljubuski.ba\/index.php\/2022\/04\/13\/hrvatske-tenisacice-izgubile-od-slovenije\/#primaryimage","url":"https:\/\/radioljubuski.ba\/wp-content\/uploads\/2022\/04\/hrvatska-20220413103844-scaled.jpg","contentUrl":"https:\/\/radioljubuski.ba\/wp-content\/uploads\/2022\/04\/hrvatska-20220413103844-scaled.jpg","width":2560,"height":1707},{"@type":"BreadcrumbList","@id":"https:\/\/radioljubuski.ba\/index.php\/2022\/04\/13\/hrvatske-tenisacice-izgubile-od-slovenije\/#breadcrumb","itemListElement":[{"@type":"ListItem","position":1,"name":"Po\u010detna stranica","item":"https:\/\/radioljubuski.ba\/"},{"@type":"ListItem","position":2,"name":"Hrvatske tenisa\u010dice izgubile od Slovenije"}]},{"@type":"WebSite","@id":"https:\/\/radioljubuski.ba\/#website","url":"https:\/\/radioljubuski.ba\/","name":"Radio Ljubu\u0161ki","description":"Sun\u010dana frekvencija Hercegovine","publisher":{"@id":"https:\/\/radioljubuski.ba\/#organization"},"potentialAction":[{"@type":"SearchAction","target":{"@type":"EntryPoint","urlTemplate":"https:\/\/radioljubuski.ba\/?s={search_term_string}"},"query-input":{"@type":"PropertyValueSpecification","valueRequired":true,"valueName":"search_term_string"}}],"inLanguage":"hr"},{"@type":"Organization","@id":"https:\/\/radioljubuski.ba\/#organization","name":"Radio Ljubu\u0161ki","url":"https:\/\/radioljubuski.ba\/","logo":{"@type":"ImageObject","inLanguage":"hr","@id":"https:\/\/radioljubuski.ba\/#\/schema\/logo\/image\/","url":"https:\/\/radioljubuski.ba\/wp-content\/uploads\/2021\/02\/cropped-Radio_Ljubuski_logo1.jpg","contentUrl":"https:\/\/radioljubuski.ba\/wp-content\/uploads\/2021\/02\/cropped-Radio_Ljubuski_logo1.jpg","width":512,"height":512,"caption":"Radio Ljubu\u0161ki"},"image":{"@id":"https:\/\/radioljubuski.ba\/#\/schema\/logo\/image\/"},"sameAs":["https:\/\/www.facebook.com\/Radiio-Ljubuski-1490835324566332","https:\/\/x.com\/radioljubuski","https:\/\/hr.linkedin.com\/company\/radio-ljubuski","https:\/\/www.youtube.com\/channel\/UCHYaeO_n0Db3tjNGudGpXyw"]},{"@type":"Person","@id":"https:\/\/radioljubuski.ba\/#\/schema\/person\/19fc700381a780f69665d7956c469e3b","name":"Radio Ljubu\u0161ki"}]}},"_links":{"self":[{"href":"https:\/\/radioljubuski.ba\/index.php\/wp-json\/wp\/v2\/posts\/132178","targetHints":{"allow":["GET"]}}],"collection":[{"href":"https:\/\/radioljubuski.ba\/index.php\/wp-json\/wp\/v2\/posts"}],"about":[{"href":"https:\/\/radioljubuski.ba\/index.php\/wp-json\/wp\/v2\/types\/post"}],"author":[{"embeddable":true,"href":"https:\/\/radioljubuski.ba\/index.php\/wp-json\/wp\/v2\/users\/2"}],"replies":[{"embeddable":true,"href":"https:\/\/radioljubuski.ba\/index.php\/wp-json\/wp\/v2\/comments?post=132178"}],"version-history":[{"count":1,"href":"https:\/\/radioljubuski.ba\/index.php\/wp-json\/wp\/v2\/posts\/132178\/revisions"}],"predecessor-version":[{"id":132180,"href":"https:\/\/radioljubuski.ba\/index.php\/wp-json\/wp\/v2\/posts\/132178\/revisions\/132180"}],"wp:featuredmedia":[{"embeddable":true,"href":"https:\/\/radioljubuski.ba\/index.php\/wp-json\/wp\/v2\/media\/132179"}],"wp:attachment":[{"href":"https:\/\/radioljubuski.ba\/index.php\/wp-json\/wp\/v2\/media?parent=132178"}],"wp:term":[{"taxonomy":"category","embeddable":true,"href":"https:\/\/radioljubuski.ba\/index.php\/wp-json\/wp\/v2\/categories?post=132178"},{"taxonomy":"post_tag","embeddable":true,"href":"https:\/\/radioljubuski.ba\/index.php\/wp-json\/wp\/v2\/tags?post=132178"}],"curies":[{"name":"wp","href":"https:\/\/api.w.org\/{rel}","templated":true}]}}