{"id":132203,"date":"2022-04-13T23:27:44","date_gmt":"2022-04-13T22:27:44","guid":{"rendered":"https:\/\/radioljubuski.ba\/?p=132203"},"modified":"2022-04-13T23:27:46","modified_gmt":"2022-04-13T22:27:46","slug":"westbrook-nisam-problem-lakersa-uvijek-sam-se-morao-iznova-dokazivati","status":"publish","type":"post","link":"https:\/\/radioljubuski.ba\/index.php\/2022\/04\/13\/westbrook-nisam-problem-lakersa-uvijek-sam-se-morao-iznova-dokazivati\/","title":{"rendered":"Westbrook: Nisam problem Lakersa, uvijek sam se morao iznova dokazivati"},"content":{"rendered":"\n<p><strong>Russell Westbrook ne smatra se odgovornim \u0161to su ko\u0161arka\u0161i Los Angeles Lakersa ove sezone potpuno podbacili u NBA ligi te su ostali \u010dak izvan kruga play-ina Zapadne konferencije.<\/strong><\/p>\n\n\n\n<p>S omjerom 33-49 LA Lakers su osnovni dio sezone zavr\u0161ili na 11. mjestu Zapada te su na odmor oti\u0161li daleko prije nego su to o\u010dekivali sami, njihovi navija\u010di, ali i pratitelji ko\u0161arke.<br><br>&#8211; Mislim da ja nisam bio ovosezonski problem LA Lakersa. Od trenutka kada sam do\u0161ao u ovaj klub \u010dini mi se kako nikada nisam dobio pravu priliku, niti me se poku\u0161alo iskoristiti da na pravi na\u010din pomognem mom\u010dadi. Od po\u010detka sam u Lakersima bio u sredi\u0161tu izmi\u0161ljenih pri\u010da. Uvijek sam se morao iznova dokazivati, a nije ba\u0161 bilo razloga za to, rekao je ameri\u010dkim novinarima Westbrook.<br><br>Ina\u010de, o Westbrooku je nakon razo\u010daravaju\u0107e sezone govorio i<strong>\u00a0LeBron James<\/strong>, apsolutno prva zvijezda kluba, koji je uglavnom hvalio svog suigra\u010da.<\/p>\n\n\n\n<blockquote class=\"twitter-tweet\"><p lang=\"en\" dir=\"ltr\">Russell Westbrook discussed his play and L.A.\u2019s tumultuous season during his exit interview on Monday: <a href=\"https:\/\/t.co\/3ilPYVAqPl\">https:\/\/t.co\/3ilPYVAqPl<\/a> <a href=\"https:\/\/t.co\/j7fAiQW8Ax\">pic.twitter.com\/j7fAiQW8Ax<\/a><\/p>&mdash; Sports Illustrated (@SInow) <a href=\"https:\/\/twitter.com\/SInow\/status\/1513663242106679297?ref_src=twsrc%5Etfw\">April 11, 2022<\/a><\/blockquote> <script async src=\"https:\/\/platform.twitter.com\/widgets.js\" charset=\"utf-8\"><\/script>\n\n\n\n<p>&#8211; Uvijek sam volio Russellovu strast na parketu i njegov natjecateljski naboj. Jednako ga zbog toga volim i sada kada dijelimo istu svla\u010dionicu, rekao je James.<br><br>No, 33-godi\u0161nji Westbrook o\u010dito kipti od nezadovoljstva pa je tako imao prigovore i na mnoge ostale adrese.<br><br>&#8211; Imao sam dojam i da se stalno moram dokazivati treneru&nbsp;<strong>Vogelu<\/strong>. Ne znam iz kojih razloga. Jesmo li pri\u010dali o taktici James,&nbsp;<strong>Davis&nbsp;<\/strong>i ja? Takvi razgovori nikada nisu bili ba\u0161 vo\u0111eni, rekao je ko\u0161arka\u0161 koji je dugi niz godina proveo u Oklahoma Cityju, a prije dolaska u Lakerse jo\u0161 je nosio dres Houstona i Washingtona.<\/p>\n\n\n\n<p>Izvor:hrt.hr<\/p>\n","protected":false},"excerpt":{"rendered":"<p>Russell Westbrook ne smatra se odgovornim \u0161to su ko\u0161arka\u0161i Los Angeles Lakersa ove sezone potpuno podbacili u NBA ligi te su ostali \u010dak izvan kruga play-ina Zapadne konferencije. S omjerom 33-49 LA Lakers su osnovni dio sezone zavr\u0161ili na 11. mjestu Zapada te su na odmor oti\u0161li daleko prije nego su to o\u010dekivali sami, njihovi [&hellip;]<\/p>\n","protected":false},"author":2,"featured_media":132204,"comment_status":"closed","ping_status":"closed","sticky":false,"template":"","format":"standard","meta":{"h5ap_radio_sources":[],"footnotes":""},"categories":[7],"tags":[],"class_list":["post-132203","post","type-post","status-publish","format-standard","has-post-thumbnail","hentry","category-sport"],"yoast_head":"<!-- This site is optimized with the Yoast SEO plugin v27.5 - https:\/\/yoast.com\/product\/yoast-seo-wordpress\/ -->\n<title>Westbrook: Nisam problem Lakersa, uvijek sam se morao iznova dokazivati - RADIO LJUBU\u0160KI<\/title>\n<meta name=\"robots\" content=\"index, follow, max-snippet:-1, max-image-preview:large, max-video-preview:-1\" \/>\n<link rel=\"canonical\" href=\"https:\/\/radioljubuski.ba\/index.php\/2022\/04\/13\/westbrook-nisam-problem-lakersa-uvijek-sam-se-morao-iznova-dokazivati\/\" \/>\n<meta property=\"og:locale\" content=\"hr_HR\" \/>\n<meta property=\"og:type\" content=\"article\" \/>\n<meta property=\"og:title\" content=\"Westbrook: Nisam problem Lakersa, uvijek sam se morao iznova dokazivati - RADIO LJUBU\u0160KI\" \/>\n<meta property=\"og:description\" content=\"Russell Westbrook ne smatra se odgovornim \u0161to su ko\u0161arka\u0161i Los Angeles Lakersa ove sezone potpuno podbacili u NBA ligi te su ostali \u010dak izvan kruga play-ina Zapadne konferencije. S omjerom 33-49 LA Lakers su osnovni dio sezone zavr\u0161ili na 11. mjestu Zapada te su na odmor oti\u0161li daleko prije nego su to o\u010dekivali sami, njihovi [&hellip;]\" \/>\n<meta property=\"og:url\" content=\"https:\/\/radioljubuski.ba\/index.php\/2022\/04\/13\/westbrook-nisam-problem-lakersa-uvijek-sam-se-morao-iznova-dokazivati\/\" \/>\n<meta property=\"og:site_name\" content=\"RADIO LJUBU\u0160KI\" \/>\n<meta property=\"article:publisher\" content=\"https:\/\/www.facebook.com\/Radiio-Ljubuski-1490835324566332\" \/>\n<meta property=\"article:published_time\" content=\"2022-04-13T22:27:44+00:00\" \/>\n<meta property=\"article:modified_time\" content=\"2022-04-13T22:27:46+00:00\" \/>\n<meta property=\"og:image\" content=\"https:\/\/radioljubuski.ba\/wp-content\/uploads\/2022\/04\/preuzmi-3-4.jpg\" \/>\n\t<meta property=\"og:image:width\" content=\"275\" \/>\n\t<meta property=\"og:image:height\" content=\"183\" \/>\n\t<meta property=\"og:image:type\" content=\"image\/jpeg\" \/>\n<meta name=\"author\" content=\"Radio Ljubu\u0161ki\" \/>\n<meta name=\"twitter:card\" content=\"summary_large_image\" \/>\n<meta name=\"twitter:creator\" content=\"@radioljubuski\" \/>\n<meta name=\"twitter:site\" content=\"@radioljubuski\" \/>\n<meta name=\"twitter:label1\" content=\"Napisao\/la\" \/>\n\t<meta name=\"twitter:data1\" content=\"Radio Ljubu\u0161ki\" \/>\n\t<meta name=\"twitter:label2\" content=\"Procijenjeno vrijeme \u010ditanja\" \/>\n\t<meta name=\"twitter:data2\" content=\"2 minute\" \/>\n<script type=\"application\/ld+json\" class=\"yoast-schema-graph\">{\"@context\":\"https:\\\/\\\/schema.org\",\"@graph\":[{\"@type\":\"Article\",\"@id\":\"https:\\\/\\\/radioljubuski.ba\\\/index.php\\\/2022\\\/04\\\/13\\\/westbrook-nisam-problem-lakersa-uvijek-sam-se-morao-iznova-dokazivati\\\/#article\",\"isPartOf\":{\"@id\":\"https:\\\/\\\/radioljubuski.ba\\\/index.php\\\/2022\\\/04\\\/13\\\/westbrook-nisam-problem-lakersa-uvijek-sam-se-morao-iznova-dokazivati\\\/\"},\"author\":{\"name\":\"Radio Ljubu\u0161ki\",\"@id\":\"https:\\\/\\\/radioljubuski.ba\\\/#\\\/schema\\\/person\\\/19fc700381a780f69665d7956c469e3b\"},\"headline\":\"Westbrook: Nisam problem Lakersa, uvijek sam se morao iznova dokazivati\",\"datePublished\":\"2022-04-13T22:27:44+00:00\",\"dateModified\":\"2022-04-13T22:27:46+00:00\",\"mainEntityOfPage\":{\"@id\":\"https:\\\/\\\/radioljubuski.ba\\\/index.php\\\/2022\\\/04\\\/13\\\/westbrook-nisam-problem-lakersa-uvijek-sam-se-morao-iznova-dokazivati\\\/\"},\"wordCount\":320,\"publisher\":{\"@id\":\"https:\\\/\\\/radioljubuski.ba\\\/#organization\"},\"image\":{\"@id\":\"https:\\\/\\\/radioljubuski.ba\\\/index.php\\\/2022\\\/04\\\/13\\\/westbrook-nisam-problem-lakersa-uvijek-sam-se-morao-iznova-dokazivati\\\/#primaryimage\"},\"thumbnailUrl\":\"https:\\\/\\\/radioljubuski.ba\\\/wp-content\\\/uploads\\\/2022\\\/04\\\/preuzmi-3-4.jpg\",\"articleSection\":[\"\u0160port\"],\"inLanguage\":\"hr\"},{\"@type\":\"WebPage\",\"@id\":\"https:\\\/\\\/radioljubuski.ba\\\/index.php\\\/2022\\\/04\\\/13\\\/westbrook-nisam-problem-lakersa-uvijek-sam-se-morao-iznova-dokazivati\\\/\",\"url\":\"https:\\\/\\\/radioljubuski.ba\\\/index.php\\\/2022\\\/04\\\/13\\\/westbrook-nisam-problem-lakersa-uvijek-sam-se-morao-iznova-dokazivati\\\/\",\"name\":\"Westbrook: Nisam problem Lakersa, uvijek sam se morao iznova dokazivati - RADIO LJUBU\u0160KI\",\"isPartOf\":{\"@id\":\"https:\\\/\\\/radioljubuski.ba\\\/#website\"},\"primaryImageOfPage\":{\"@id\":\"https:\\\/\\\/radioljubuski.ba\\\/index.php\\\/2022\\\/04\\\/13\\\/westbrook-nisam-problem-lakersa-uvijek-sam-se-morao-iznova-dokazivati\\\/#primaryimage\"},\"image\":{\"@id\":\"https:\\\/\\\/radioljubuski.ba\\\/index.php\\\/2022\\\/04\\\/13\\\/westbrook-nisam-problem-lakersa-uvijek-sam-se-morao-iznova-dokazivati\\\/#primaryimage\"},\"thumbnailUrl\":\"https:\\\/\\\/radioljubuski.ba\\\/wp-content\\\/uploads\\\/2022\\\/04\\\/preuzmi-3-4.jpg\",\"datePublished\":\"2022-04-13T22:27:44+00:00\",\"dateModified\":\"2022-04-13T22:27:46+00:00\",\"breadcrumb\":{\"@id\":\"https:\\\/\\\/radioljubuski.ba\\\/index.php\\\/2022\\\/04\\\/13\\\/westbrook-nisam-problem-lakersa-uvijek-sam-se-morao-iznova-dokazivati\\\/#breadcrumb\"},\"inLanguage\":\"hr\",\"potentialAction\":[{\"@type\":\"ReadAction\",\"target\":[\"https:\\\/\\\/radioljubuski.ba\\\/index.php\\\/2022\\\/04\\\/13\\\/westbrook-nisam-problem-lakersa-uvijek-sam-se-morao-iznova-dokazivati\\\/\"]}]},{\"@type\":\"ImageObject\",\"inLanguage\":\"hr\",\"@id\":\"https:\\\/\\\/radioljubuski.ba\\\/index.php\\\/2022\\\/04\\\/13\\\/westbrook-nisam-problem-lakersa-uvijek-sam-se-morao-iznova-dokazivati\\\/#primaryimage\",\"url\":\"https:\\\/\\\/radioljubuski.ba\\\/wp-content\\\/uploads\\\/2022\\\/04\\\/preuzmi-3-4.jpg\",\"contentUrl\":\"https:\\\/\\\/radioljubuski.ba\\\/wp-content\\\/uploads\\\/2022\\\/04\\\/preuzmi-3-4.jpg\",\"width\":275,\"height\":183},{\"@type\":\"BreadcrumbList\",\"@id\":\"https:\\\/\\\/radioljubuski.ba\\\/index.php\\\/2022\\\/04\\\/13\\\/westbrook-nisam-problem-lakersa-uvijek-sam-se-morao-iznova-dokazivati\\\/#breadcrumb\",\"itemListElement\":[{\"@type\":\"ListItem\",\"position\":1,\"name\":\"Po\u010detna stranica\",\"item\":\"https:\\\/\\\/radioljubuski.ba\\\/\"},{\"@type\":\"ListItem\",\"position\":2,\"name\":\"Westbrook: Nisam problem Lakersa, uvijek sam se morao iznova dokazivati\"}]},{\"@type\":\"WebSite\",\"@id\":\"https:\\\/\\\/radioljubuski.ba\\\/#website\",\"url\":\"https:\\\/\\\/radioljubuski.ba\\\/\",\"name\":\"Radio Ljubu\u0161ki\",\"description\":\"Sun\u010dana frekvencija Hercegovine\",\"publisher\":{\"@id\":\"https:\\\/\\\/radioljubuski.ba\\\/#organization\"},\"potentialAction\":[{\"@type\":\"SearchAction\",\"target\":{\"@type\":\"EntryPoint\",\"urlTemplate\":\"https:\\\/\\\/radioljubuski.ba\\\/?s={search_term_string}\"},\"query-input\":{\"@type\":\"PropertyValueSpecification\",\"valueRequired\":true,\"valueName\":\"search_term_string\"}}],\"inLanguage\":\"hr\"},{\"@type\":\"Organization\",\"@id\":\"https:\\\/\\\/radioljubuski.ba\\\/#organization\",\"name\":\"Radio Ljubu\u0161ki\",\"url\":\"https:\\\/\\\/radioljubuski.ba\\\/\",\"logo\":{\"@type\":\"ImageObject\",\"inLanguage\":\"hr\",\"@id\":\"https:\\\/\\\/radioljubuski.ba\\\/#\\\/schema\\\/logo\\\/image\\\/\",\"url\":\"https:\\\/\\\/radioljubuski.ba\\\/wp-content\\\/uploads\\\/2021\\\/02\\\/cropped-Radio_Ljubuski_logo1.jpg\",\"contentUrl\":\"https:\\\/\\\/radioljubuski.ba\\\/wp-content\\\/uploads\\\/2021\\\/02\\\/cropped-Radio_Ljubuski_logo1.jpg\",\"width\":512,\"height\":512,\"caption\":\"Radio Ljubu\u0161ki\"},\"image\":{\"@id\":\"https:\\\/\\\/radioljubuski.ba\\\/#\\\/schema\\\/logo\\\/image\\\/\"},\"sameAs\":[\"https:\\\/\\\/www.facebook.com\\\/Radiio-Ljubuski-1490835324566332\",\"https:\\\/\\\/x.com\\\/radioljubuski\",\"https:\\\/\\\/hr.linkedin.com\\\/company\\\/radio-ljubuski\",\"https:\\\/\\\/www.youtube.com\\\/channel\\\/UCHYaeO_n0Db3tjNGudGpXyw\"]},{\"@type\":\"Person\",\"@id\":\"https:\\\/\\\/radioljubuski.ba\\\/#\\\/schema\\\/person\\\/19fc700381a780f69665d7956c469e3b\",\"name\":\"Radio Ljubu\u0161ki\"}]}<\/script>\n<!-- \/ Yoast SEO plugin. -->","yoast_head_json":{"title":"Westbrook: Nisam problem Lakersa, uvijek sam se morao iznova dokazivati - RADIO LJUBU\u0160KI","robots":{"index":"index","follow":"follow","max-snippet":"max-snippet:-1","max-image-preview":"max-image-preview:large","max-video-preview":"max-video-preview:-1"},"canonical":"https:\/\/radioljubuski.ba\/index.php\/2022\/04\/13\/westbrook-nisam-problem-lakersa-uvijek-sam-se-morao-iznova-dokazivati\/","og_locale":"hr_HR","og_type":"article","og_title":"Westbrook: Nisam problem Lakersa, uvijek sam se morao iznova dokazivati - RADIO LJUBU\u0160KI","og_description":"Russell Westbrook ne smatra se odgovornim \u0161to su ko\u0161arka\u0161i Los Angeles Lakersa ove sezone potpuno podbacili u NBA ligi te su ostali \u010dak izvan kruga play-ina Zapadne konferencije. S omjerom 33-49 LA Lakers su osnovni dio sezone zavr\u0161ili na 11. mjestu Zapada te su na odmor oti\u0161li daleko prije nego su to o\u010dekivali sami, njihovi [&hellip;]","og_url":"https:\/\/radioljubuski.ba\/index.php\/2022\/04\/13\/westbrook-nisam-problem-lakersa-uvijek-sam-se-morao-iznova-dokazivati\/","og_site_name":"RADIO LJUBU\u0160KI","article_publisher":"https:\/\/www.facebook.com\/Radiio-Ljubuski-1490835324566332","article_published_time":"2022-04-13T22:27:44+00:00","article_modified_time":"2022-04-13T22:27:46+00:00","og_image":[{"width":275,"height":183,"url":"https:\/\/radioljubuski.ba\/wp-content\/uploads\/2022\/04\/preuzmi-3-4.jpg","type":"image\/jpeg"}],"author":"Radio Ljubu\u0161ki","twitter_card":"summary_large_image","twitter_creator":"@radioljubuski","twitter_site":"@radioljubuski","twitter_misc":{"Napisao\/la":"Radio Ljubu\u0161ki","Procijenjeno vrijeme \u010ditanja":"2 minute"},"schema":{"@context":"https:\/\/schema.org","@graph":[{"@type":"Article","@id":"https:\/\/radioljubuski.ba\/index.php\/2022\/04\/13\/westbrook-nisam-problem-lakersa-uvijek-sam-se-morao-iznova-dokazivati\/#article","isPartOf":{"@id":"https:\/\/radioljubuski.ba\/index.php\/2022\/04\/13\/westbrook-nisam-problem-lakersa-uvijek-sam-se-morao-iznova-dokazivati\/"},"author":{"name":"Radio Ljubu\u0161ki","@id":"https:\/\/radioljubuski.ba\/#\/schema\/person\/19fc700381a780f69665d7956c469e3b"},"headline":"Westbrook: Nisam problem Lakersa, uvijek sam se morao iznova dokazivati","datePublished":"2022-04-13T22:27:44+00:00","dateModified":"2022-04-13T22:27:46+00:00","mainEntityOfPage":{"@id":"https:\/\/radioljubuski.ba\/index.php\/2022\/04\/13\/westbrook-nisam-problem-lakersa-uvijek-sam-se-morao-iznova-dokazivati\/"},"wordCount":320,"publisher":{"@id":"https:\/\/radioljubuski.ba\/#organization"},"image":{"@id":"https:\/\/radioljubuski.ba\/index.php\/2022\/04\/13\/westbrook-nisam-problem-lakersa-uvijek-sam-se-morao-iznova-dokazivati\/#primaryimage"},"thumbnailUrl":"https:\/\/radioljubuski.ba\/wp-content\/uploads\/2022\/04\/preuzmi-3-4.jpg","articleSection":["\u0160port"],"inLanguage":"hr"},{"@type":"WebPage","@id":"https:\/\/radioljubuski.ba\/index.php\/2022\/04\/13\/westbrook-nisam-problem-lakersa-uvijek-sam-se-morao-iznova-dokazivati\/","url":"https:\/\/radioljubuski.ba\/index.php\/2022\/04\/13\/westbrook-nisam-problem-lakersa-uvijek-sam-se-morao-iznova-dokazivati\/","name":"Westbrook: Nisam problem Lakersa, uvijek sam se morao iznova dokazivati - RADIO LJUBU\u0160KI","isPartOf":{"@id":"https:\/\/radioljubuski.ba\/#website"},"primaryImageOfPage":{"@id":"https:\/\/radioljubuski.ba\/index.php\/2022\/04\/13\/westbrook-nisam-problem-lakersa-uvijek-sam-se-morao-iznova-dokazivati\/#primaryimage"},"image":{"@id":"https:\/\/radioljubuski.ba\/index.php\/2022\/04\/13\/westbrook-nisam-problem-lakersa-uvijek-sam-se-morao-iznova-dokazivati\/#primaryimage"},"thumbnailUrl":"https:\/\/radioljubuski.ba\/wp-content\/uploads\/2022\/04\/preuzmi-3-4.jpg","datePublished":"2022-04-13T22:27:44+00:00","dateModified":"2022-04-13T22:27:46+00:00","breadcrumb":{"@id":"https:\/\/radioljubuski.ba\/index.php\/2022\/04\/13\/westbrook-nisam-problem-lakersa-uvijek-sam-se-morao-iznova-dokazivati\/#breadcrumb"},"inLanguage":"hr","potentialAction":[{"@type":"ReadAction","target":["https:\/\/radioljubuski.ba\/index.php\/2022\/04\/13\/westbrook-nisam-problem-lakersa-uvijek-sam-se-morao-iznova-dokazivati\/"]}]},{"@type":"ImageObject","inLanguage":"hr","@id":"https:\/\/radioljubuski.ba\/index.php\/2022\/04\/13\/westbrook-nisam-problem-lakersa-uvijek-sam-se-morao-iznova-dokazivati\/#primaryimage","url":"https:\/\/radioljubuski.ba\/wp-content\/uploads\/2022\/04\/preuzmi-3-4.jpg","contentUrl":"https:\/\/radioljubuski.ba\/wp-content\/uploads\/2022\/04\/preuzmi-3-4.jpg","width":275,"height":183},{"@type":"BreadcrumbList","@id":"https:\/\/radioljubuski.ba\/index.php\/2022\/04\/13\/westbrook-nisam-problem-lakersa-uvijek-sam-se-morao-iznova-dokazivati\/#breadcrumb","itemListElement":[{"@type":"ListItem","position":1,"name":"Po\u010detna stranica","item":"https:\/\/radioljubuski.ba\/"},{"@type":"ListItem","position":2,"name":"Westbrook: Nisam problem Lakersa, uvijek sam se morao iznova dokazivati"}]},{"@type":"WebSite","@id":"https:\/\/radioljubuski.ba\/#website","url":"https:\/\/radioljubuski.ba\/","name":"Radio Ljubu\u0161ki","description":"Sun\u010dana frekvencija Hercegovine","publisher":{"@id":"https:\/\/radioljubuski.ba\/#organization"},"potentialAction":[{"@type":"SearchAction","target":{"@type":"EntryPoint","urlTemplate":"https:\/\/radioljubuski.ba\/?s={search_term_string}"},"query-input":{"@type":"PropertyValueSpecification","valueRequired":true,"valueName":"search_term_string"}}],"inLanguage":"hr"},{"@type":"Organization","@id":"https:\/\/radioljubuski.ba\/#organization","name":"Radio Ljubu\u0161ki","url":"https:\/\/radioljubuski.ba\/","logo":{"@type":"ImageObject","inLanguage":"hr","@id":"https:\/\/radioljubuski.ba\/#\/schema\/logo\/image\/","url":"https:\/\/radioljubuski.ba\/wp-content\/uploads\/2021\/02\/cropped-Radio_Ljubuski_logo1.jpg","contentUrl":"https:\/\/radioljubuski.ba\/wp-content\/uploads\/2021\/02\/cropped-Radio_Ljubuski_logo1.jpg","width":512,"height":512,"caption":"Radio Ljubu\u0161ki"},"image":{"@id":"https:\/\/radioljubuski.ba\/#\/schema\/logo\/image\/"},"sameAs":["https:\/\/www.facebook.com\/Radiio-Ljubuski-1490835324566332","https:\/\/x.com\/radioljubuski","https:\/\/hr.linkedin.com\/company\/radio-ljubuski","https:\/\/www.youtube.com\/channel\/UCHYaeO_n0Db3tjNGudGpXyw"]},{"@type":"Person","@id":"https:\/\/radioljubuski.ba\/#\/schema\/person\/19fc700381a780f69665d7956c469e3b","name":"Radio Ljubu\u0161ki"}]}},"_links":{"self":[{"href":"https:\/\/radioljubuski.ba\/index.php\/wp-json\/wp\/v2\/posts\/132203","targetHints":{"allow":["GET"]}}],"collection":[{"href":"https:\/\/radioljubuski.ba\/index.php\/wp-json\/wp\/v2\/posts"}],"about":[{"href":"https:\/\/radioljubuski.ba\/index.php\/wp-json\/wp\/v2\/types\/post"}],"author":[{"embeddable":true,"href":"https:\/\/radioljubuski.ba\/index.php\/wp-json\/wp\/v2\/users\/2"}],"replies":[{"embeddable":true,"href":"https:\/\/radioljubuski.ba\/index.php\/wp-json\/wp\/v2\/comments?post=132203"}],"version-history":[{"count":1,"href":"https:\/\/radioljubuski.ba\/index.php\/wp-json\/wp\/v2\/posts\/132203\/revisions"}],"predecessor-version":[{"id":132205,"href":"https:\/\/radioljubuski.ba\/index.php\/wp-json\/wp\/v2\/posts\/132203\/revisions\/132205"}],"wp:featuredmedia":[{"embeddable":true,"href":"https:\/\/radioljubuski.ba\/index.php\/wp-json\/wp\/v2\/media\/132204"}],"wp:attachment":[{"href":"https:\/\/radioljubuski.ba\/index.php\/wp-json\/wp\/v2\/media?parent=132203"}],"wp:term":[{"taxonomy":"category","embeddable":true,"href":"https:\/\/radioljubuski.ba\/index.php\/wp-json\/wp\/v2\/categories?post=132203"},{"taxonomy":"post_tag","embeddable":true,"href":"https:\/\/radioljubuski.ba\/index.php\/wp-json\/wp\/v2\/tags?post=132203"}],"curies":[{"name":"wp","href":"https:\/\/api.w.org\/{rel}","templated":true}]}}