{"id":132223,"date":"2022-04-13T23:42:01","date_gmt":"2022-04-13T22:42:01","guid":{"rendered":"https:\/\/radioljubuski.ba\/?p=132223"},"modified":"2022-04-13T23:42:03","modified_gmt":"2022-04-13T22:42:03","slug":"pocela-prodaja-ulaznica-za-hrvatske-navijace-na-sp-u","status":"publish","type":"post","link":"https:\/\/radioljubuski.ba\/index.php\/2022\/04\/13\/pocela-prodaja-ulaznica-za-hrvatske-navijace-na-sp-u\/","title":{"rendered":"Po\u010dela prodaja ulaznica za hrvatske navija\u010de na SP-u"},"content":{"rendered":"\n<p><strong>Od srijede, 13. travnja otvoreno je razdoblje prodaje ulaznica za Svjetsko nogometno prvenstvo koje \u0107e trajati do 28. travnja.<\/strong><\/p>\n\n\n\n<p>Nakon \u0161to je u prvoj fazi prodano vi\u0161e od 800 tisu\u0107a ulaznica za SP, na internetskoj stranici&nbsp;<a href=\"https:\/\/www.fifa.com\/tickets\" target=\"_blank\" rel=\"noreferrer noopener\"><strong>https:\/\/www.fifa.com\/tickets<\/strong><\/a>&nbsp;mogu\u0107e se prijaviti za kupnju ulaznica za utakmice hrvatske reprezentacije, koja \u0107e igrati u skupini F protiv Maroka (23. studenoga), Kanade (27. studenoga) i Belgije (1. prosinca). Sve reprezentacije imaju pravo na osam posto kapaciteta stadiona u grupnoj fazi te pribli\u017eno osam posto kapaciteta stadiona u nastavku natjecanja. Za navija\u010dke ulaznice mogu\u0107e se prijaviti putem poveznice&nbsp;<a href=\"https:\/\/www.fifa.com\/fanticketingportals\" target=\"_blank\" rel=\"noreferrer noopener\"><strong>www.fifa.com\/fanticketingportals<\/strong><\/a><\/p>\n\n\n\n<p>U ovom prodajnom razdoblju ne\u0107e biti nikakve razlike da li se prijave podnose prvog, posljednjeg ili bilo kojeg drugog dana izme\u0111u jer \u0107e sve ulaznice biti dodijeljene nakon zavr\u0161etka razdoblja prijave. U slu\u010dajevima kad broj prijavljenih ulaznica prema\u0161uje raspolo\u017eivi kontingent, ulaznice \u0107e biti dodijeljene postupkom izvla\u010denja slu\u010dajnog odabira.<\/p>\n\n\n\n<p>Svi \u0107e navija\u010di o ishodu svojih prijava biti obavije\u0161teni najkasnije do utorka, 31. svibnja, s koracima koje trebaju slijediti dobiju li mogu\u0107nost kupnje ulaznica i rokom do kojeg trebaju platiti dodijeljene ulaznice.<\/p>\n\n\n\n<p>Cijene pojedina\u010dnih ulaznica za prvu fazu natjecanja iznose 250 (3. kategorija), 600 (2. kategorija) i 800 (1. kategorija) katarskih rijala. Za osminu finala cijene su 385, 825 i 1.100 rijala, za \u010detvrtfinale 825, 1.155 i 1.705, za polufinale 1.430, 2.640 i 3.828 , za utakmicu za tre\u0107e mjesto 825, 1.210 i 1.705, a za finale 2.420, 4.015 i 6.435 rijala.&nbsp;<\/p>\n\n\n\n<p>Izvor:hrt.hr<\/p>\n","protected":false},"excerpt":{"rendered":"<p>Od srijede, 13. travnja otvoreno je razdoblje prodaje ulaznica za Svjetsko nogometno prvenstvo koje \u0107e trajati do 28. travnja. Nakon \u0161to je u prvoj fazi prodano vi\u0161e od 800 tisu\u0107a ulaznica za SP, na internetskoj stranici&nbsp;https:\/\/www.fifa.com\/tickets&nbsp;mogu\u0107e se prijaviti za kupnju ulaznica za utakmice hrvatske reprezentacije, koja \u0107e igrati u skupini F protiv Maroka (23. studenoga), [&hellip;]<\/p>\n","protected":false},"author":2,"featured_media":132224,"comment_status":"closed","ping_status":"closed","sticky":false,"template":"","format":"standard","meta":{"h5ap_radio_sources":[],"footnotes":""},"categories":[7],"tags":[],"class_list":["post-132223","post","type-post","status-publish","format-standard","has-post-thumbnail","hentry","category-sport"],"yoast_head":"<!-- This site is optimized with the Yoast SEO plugin v27.5 - https:\/\/yoast.com\/product\/yoast-seo-wordpress\/ -->\n<title>Po\u010dela prodaja ulaznica za hrvatske navija\u010de na SP-u - RADIO LJUBU\u0160KI<\/title>\n<meta name=\"robots\" content=\"index, follow, max-snippet:-1, max-image-preview:large, max-video-preview:-1\" \/>\n<link rel=\"canonical\" href=\"https:\/\/radioljubuski.ba\/index.php\/2022\/04\/13\/pocela-prodaja-ulaznica-za-hrvatske-navijace-na-sp-u\/\" \/>\n<meta property=\"og:locale\" content=\"hr_HR\" \/>\n<meta property=\"og:type\" content=\"article\" \/>\n<meta property=\"og:title\" content=\"Po\u010dela prodaja ulaznica za hrvatske navija\u010de na SP-u - RADIO LJUBU\u0160KI\" \/>\n<meta property=\"og:description\" content=\"Od srijede, 13. travnja otvoreno je razdoblje prodaje ulaznica za Svjetsko nogometno prvenstvo koje \u0107e trajati do 28. travnja. Nakon \u0161to je u prvoj fazi prodano vi\u0161e od 800 tisu\u0107a ulaznica za SP, na internetskoj stranici&nbsp;https:\/\/www.fifa.com\/tickets&nbsp;mogu\u0107e se prijaviti za kupnju ulaznica za utakmice hrvatske reprezentacije, koja \u0107e igrati u skupini F protiv Maroka (23. studenoga), [&hellip;]\" \/>\n<meta property=\"og:url\" content=\"https:\/\/radioljubuski.ba\/index.php\/2022\/04\/13\/pocela-prodaja-ulaznica-za-hrvatske-navijace-na-sp-u\/\" \/>\n<meta property=\"og:site_name\" content=\"RADIO LJUBU\u0160KI\" \/>\n<meta property=\"article:publisher\" content=\"https:\/\/www.facebook.com\/Radiio-Ljubuski-1490835324566332\" \/>\n<meta property=\"article:published_time\" content=\"2022-04-13T22:42:01+00:00\" \/>\n<meta property=\"article:modified_time\" content=\"2022-04-13T22:42:03+00:00\" \/>\n<meta property=\"og:image\" content=\"https:\/\/radioljubuski.ba\/wp-content\/uploads\/2022\/04\/49b7ba14-f6ea-443c-aeb7-683b5f181142.jpg\" \/>\n\t<meta property=\"og:image:width\" content=\"379\" \/>\n\t<meta property=\"og:image:height\" content=\"239\" \/>\n\t<meta property=\"og:image:type\" content=\"image\/jpeg\" \/>\n<meta name=\"author\" content=\"Radio Ljubu\u0161ki\" \/>\n<meta name=\"twitter:card\" content=\"summary_large_image\" \/>\n<meta name=\"twitter:creator\" content=\"@radioljubuski\" \/>\n<meta name=\"twitter:site\" content=\"@radioljubuski\" \/>\n<meta name=\"twitter:label1\" content=\"Napisao\/la\" \/>\n\t<meta name=\"twitter:data1\" content=\"Radio Ljubu\u0161ki\" \/>\n\t<meta name=\"twitter:label2\" content=\"Procijenjeno vrijeme \u010ditanja\" \/>\n\t<meta name=\"twitter:data2\" content=\"2 minute\" \/>\n<script type=\"application\/ld+json\" class=\"yoast-schema-graph\">{\"@context\":\"https:\\\/\\\/schema.org\",\"@graph\":[{\"@type\":\"Article\",\"@id\":\"https:\\\/\\\/radioljubuski.ba\\\/index.php\\\/2022\\\/04\\\/13\\\/pocela-prodaja-ulaznica-za-hrvatske-navijace-na-sp-u\\\/#article\",\"isPartOf\":{\"@id\":\"https:\\\/\\\/radioljubuski.ba\\\/index.php\\\/2022\\\/04\\\/13\\\/pocela-prodaja-ulaznica-za-hrvatske-navijace-na-sp-u\\\/\"},\"author\":{\"name\":\"Radio Ljubu\u0161ki\",\"@id\":\"https:\\\/\\\/radioljubuski.ba\\\/#\\\/schema\\\/person\\\/19fc700381a780f69665d7956c469e3b\"},\"headline\":\"Po\u010dela prodaja ulaznica za hrvatske navija\u010de na SP-u\",\"datePublished\":\"2022-04-13T22:42:01+00:00\",\"dateModified\":\"2022-04-13T22:42:03+00:00\",\"mainEntityOfPage\":{\"@id\":\"https:\\\/\\\/radioljubuski.ba\\\/index.php\\\/2022\\\/04\\\/13\\\/pocela-prodaja-ulaznica-za-hrvatske-navijace-na-sp-u\\\/\"},\"wordCount\":248,\"publisher\":{\"@id\":\"https:\\\/\\\/radioljubuski.ba\\\/#organization\"},\"image\":{\"@id\":\"https:\\\/\\\/radioljubuski.ba\\\/index.php\\\/2022\\\/04\\\/13\\\/pocela-prodaja-ulaznica-za-hrvatske-navijace-na-sp-u\\\/#primaryimage\"},\"thumbnailUrl\":\"https:\\\/\\\/radioljubuski.ba\\\/wp-content\\\/uploads\\\/2022\\\/04\\\/49b7ba14-f6ea-443c-aeb7-683b5f181142.jpg\",\"articleSection\":[\"\u0160port\"],\"inLanguage\":\"hr\"},{\"@type\":\"WebPage\",\"@id\":\"https:\\\/\\\/radioljubuski.ba\\\/index.php\\\/2022\\\/04\\\/13\\\/pocela-prodaja-ulaznica-za-hrvatske-navijace-na-sp-u\\\/\",\"url\":\"https:\\\/\\\/radioljubuski.ba\\\/index.php\\\/2022\\\/04\\\/13\\\/pocela-prodaja-ulaznica-za-hrvatske-navijace-na-sp-u\\\/\",\"name\":\"Po\u010dela prodaja ulaznica za hrvatske navija\u010de na SP-u - RADIO LJUBU\u0160KI\",\"isPartOf\":{\"@id\":\"https:\\\/\\\/radioljubuski.ba\\\/#website\"},\"primaryImageOfPage\":{\"@id\":\"https:\\\/\\\/radioljubuski.ba\\\/index.php\\\/2022\\\/04\\\/13\\\/pocela-prodaja-ulaznica-za-hrvatske-navijace-na-sp-u\\\/#primaryimage\"},\"image\":{\"@id\":\"https:\\\/\\\/radioljubuski.ba\\\/index.php\\\/2022\\\/04\\\/13\\\/pocela-prodaja-ulaznica-za-hrvatske-navijace-na-sp-u\\\/#primaryimage\"},\"thumbnailUrl\":\"https:\\\/\\\/radioljubuski.ba\\\/wp-content\\\/uploads\\\/2022\\\/04\\\/49b7ba14-f6ea-443c-aeb7-683b5f181142.jpg\",\"datePublished\":\"2022-04-13T22:42:01+00:00\",\"dateModified\":\"2022-04-13T22:42:03+00:00\",\"breadcrumb\":{\"@id\":\"https:\\\/\\\/radioljubuski.ba\\\/index.php\\\/2022\\\/04\\\/13\\\/pocela-prodaja-ulaznica-za-hrvatske-navijace-na-sp-u\\\/#breadcrumb\"},\"inLanguage\":\"hr\",\"potentialAction\":[{\"@type\":\"ReadAction\",\"target\":[\"https:\\\/\\\/radioljubuski.ba\\\/index.php\\\/2022\\\/04\\\/13\\\/pocela-prodaja-ulaznica-za-hrvatske-navijace-na-sp-u\\\/\"]}]},{\"@type\":\"ImageObject\",\"inLanguage\":\"hr\",\"@id\":\"https:\\\/\\\/radioljubuski.ba\\\/index.php\\\/2022\\\/04\\\/13\\\/pocela-prodaja-ulaznica-za-hrvatske-navijace-na-sp-u\\\/#primaryimage\",\"url\":\"https:\\\/\\\/radioljubuski.ba\\\/wp-content\\\/uploads\\\/2022\\\/04\\\/49b7ba14-f6ea-443c-aeb7-683b5f181142.jpg\",\"contentUrl\":\"https:\\\/\\\/radioljubuski.ba\\\/wp-content\\\/uploads\\\/2022\\\/04\\\/49b7ba14-f6ea-443c-aeb7-683b5f181142.jpg\",\"width\":379,\"height\":239},{\"@type\":\"BreadcrumbList\",\"@id\":\"https:\\\/\\\/radioljubuski.ba\\\/index.php\\\/2022\\\/04\\\/13\\\/pocela-prodaja-ulaznica-za-hrvatske-navijace-na-sp-u\\\/#breadcrumb\",\"itemListElement\":[{\"@type\":\"ListItem\",\"position\":1,\"name\":\"Po\u010detna stranica\",\"item\":\"https:\\\/\\\/radioljubuski.ba\\\/\"},{\"@type\":\"ListItem\",\"position\":2,\"name\":\"Po\u010dela prodaja ulaznica za hrvatske navija\u010de na SP-u\"}]},{\"@type\":\"WebSite\",\"@id\":\"https:\\\/\\\/radioljubuski.ba\\\/#website\",\"url\":\"https:\\\/\\\/radioljubuski.ba\\\/\",\"name\":\"Radio Ljubu\u0161ki\",\"description\":\"Sun\u010dana frekvencija Hercegovine\",\"publisher\":{\"@id\":\"https:\\\/\\\/radioljubuski.ba\\\/#organization\"},\"potentialAction\":[{\"@type\":\"SearchAction\",\"target\":{\"@type\":\"EntryPoint\",\"urlTemplate\":\"https:\\\/\\\/radioljubuski.ba\\\/?s={search_term_string}\"},\"query-input\":{\"@type\":\"PropertyValueSpecification\",\"valueRequired\":true,\"valueName\":\"search_term_string\"}}],\"inLanguage\":\"hr\"},{\"@type\":\"Organization\",\"@id\":\"https:\\\/\\\/radioljubuski.ba\\\/#organization\",\"name\":\"Radio Ljubu\u0161ki\",\"url\":\"https:\\\/\\\/radioljubuski.ba\\\/\",\"logo\":{\"@type\":\"ImageObject\",\"inLanguage\":\"hr\",\"@id\":\"https:\\\/\\\/radioljubuski.ba\\\/#\\\/schema\\\/logo\\\/image\\\/\",\"url\":\"https:\\\/\\\/radioljubuski.ba\\\/wp-content\\\/uploads\\\/2021\\\/02\\\/cropped-Radio_Ljubuski_logo1.jpg\",\"contentUrl\":\"https:\\\/\\\/radioljubuski.ba\\\/wp-content\\\/uploads\\\/2021\\\/02\\\/cropped-Radio_Ljubuski_logo1.jpg\",\"width\":512,\"height\":512,\"caption\":\"Radio Ljubu\u0161ki\"},\"image\":{\"@id\":\"https:\\\/\\\/radioljubuski.ba\\\/#\\\/schema\\\/logo\\\/image\\\/\"},\"sameAs\":[\"https:\\\/\\\/www.facebook.com\\\/Radiio-Ljubuski-1490835324566332\",\"https:\\\/\\\/x.com\\\/radioljubuski\",\"https:\\\/\\\/hr.linkedin.com\\\/company\\\/radio-ljubuski\",\"https:\\\/\\\/www.youtube.com\\\/channel\\\/UCHYaeO_n0Db3tjNGudGpXyw\"]},{\"@type\":\"Person\",\"@id\":\"https:\\\/\\\/radioljubuski.ba\\\/#\\\/schema\\\/person\\\/19fc700381a780f69665d7956c469e3b\",\"name\":\"Radio Ljubu\u0161ki\"}]}<\/script>\n<!-- \/ Yoast SEO plugin. -->","yoast_head_json":{"title":"Po\u010dela prodaja ulaznica za hrvatske navija\u010de na SP-u - RADIO LJUBU\u0160KI","robots":{"index":"index","follow":"follow","max-snippet":"max-snippet:-1","max-image-preview":"max-image-preview:large","max-video-preview":"max-video-preview:-1"},"canonical":"https:\/\/radioljubuski.ba\/index.php\/2022\/04\/13\/pocela-prodaja-ulaznica-za-hrvatske-navijace-na-sp-u\/","og_locale":"hr_HR","og_type":"article","og_title":"Po\u010dela prodaja ulaznica za hrvatske navija\u010de na SP-u - RADIO LJUBU\u0160KI","og_description":"Od srijede, 13. travnja otvoreno je razdoblje prodaje ulaznica za Svjetsko nogometno prvenstvo koje \u0107e trajati do 28. travnja. Nakon \u0161to je u prvoj fazi prodano vi\u0161e od 800 tisu\u0107a ulaznica za SP, na internetskoj stranici&nbsp;https:\/\/www.fifa.com\/tickets&nbsp;mogu\u0107e se prijaviti za kupnju ulaznica za utakmice hrvatske reprezentacije, koja \u0107e igrati u skupini F protiv Maroka (23. studenoga), [&hellip;]","og_url":"https:\/\/radioljubuski.ba\/index.php\/2022\/04\/13\/pocela-prodaja-ulaznica-za-hrvatske-navijace-na-sp-u\/","og_site_name":"RADIO LJUBU\u0160KI","article_publisher":"https:\/\/www.facebook.com\/Radiio-Ljubuski-1490835324566332","article_published_time":"2022-04-13T22:42:01+00:00","article_modified_time":"2022-04-13T22:42:03+00:00","og_image":[{"width":379,"height":239,"url":"https:\/\/radioljubuski.ba\/wp-content\/uploads\/2022\/04\/49b7ba14-f6ea-443c-aeb7-683b5f181142.jpg","type":"image\/jpeg"}],"author":"Radio Ljubu\u0161ki","twitter_card":"summary_large_image","twitter_creator":"@radioljubuski","twitter_site":"@radioljubuski","twitter_misc":{"Napisao\/la":"Radio Ljubu\u0161ki","Procijenjeno vrijeme \u010ditanja":"2 minute"},"schema":{"@context":"https:\/\/schema.org","@graph":[{"@type":"Article","@id":"https:\/\/radioljubuski.ba\/index.php\/2022\/04\/13\/pocela-prodaja-ulaznica-za-hrvatske-navijace-na-sp-u\/#article","isPartOf":{"@id":"https:\/\/radioljubuski.ba\/index.php\/2022\/04\/13\/pocela-prodaja-ulaznica-za-hrvatske-navijace-na-sp-u\/"},"author":{"name":"Radio Ljubu\u0161ki","@id":"https:\/\/radioljubuski.ba\/#\/schema\/person\/19fc700381a780f69665d7956c469e3b"},"headline":"Po\u010dela prodaja ulaznica za hrvatske navija\u010de na SP-u","datePublished":"2022-04-13T22:42:01+00:00","dateModified":"2022-04-13T22:42:03+00:00","mainEntityOfPage":{"@id":"https:\/\/radioljubuski.ba\/index.php\/2022\/04\/13\/pocela-prodaja-ulaznica-za-hrvatske-navijace-na-sp-u\/"},"wordCount":248,"publisher":{"@id":"https:\/\/radioljubuski.ba\/#organization"},"image":{"@id":"https:\/\/radioljubuski.ba\/index.php\/2022\/04\/13\/pocela-prodaja-ulaznica-za-hrvatske-navijace-na-sp-u\/#primaryimage"},"thumbnailUrl":"https:\/\/radioljubuski.ba\/wp-content\/uploads\/2022\/04\/49b7ba14-f6ea-443c-aeb7-683b5f181142.jpg","articleSection":["\u0160port"],"inLanguage":"hr"},{"@type":"WebPage","@id":"https:\/\/radioljubuski.ba\/index.php\/2022\/04\/13\/pocela-prodaja-ulaznica-za-hrvatske-navijace-na-sp-u\/","url":"https:\/\/radioljubuski.ba\/index.php\/2022\/04\/13\/pocela-prodaja-ulaznica-za-hrvatske-navijace-na-sp-u\/","name":"Po\u010dela prodaja ulaznica za hrvatske navija\u010de na SP-u - RADIO LJUBU\u0160KI","isPartOf":{"@id":"https:\/\/radioljubuski.ba\/#website"},"primaryImageOfPage":{"@id":"https:\/\/radioljubuski.ba\/index.php\/2022\/04\/13\/pocela-prodaja-ulaznica-za-hrvatske-navijace-na-sp-u\/#primaryimage"},"image":{"@id":"https:\/\/radioljubuski.ba\/index.php\/2022\/04\/13\/pocela-prodaja-ulaznica-za-hrvatske-navijace-na-sp-u\/#primaryimage"},"thumbnailUrl":"https:\/\/radioljubuski.ba\/wp-content\/uploads\/2022\/04\/49b7ba14-f6ea-443c-aeb7-683b5f181142.jpg","datePublished":"2022-04-13T22:42:01+00:00","dateModified":"2022-04-13T22:42:03+00:00","breadcrumb":{"@id":"https:\/\/radioljubuski.ba\/index.php\/2022\/04\/13\/pocela-prodaja-ulaznica-za-hrvatske-navijace-na-sp-u\/#breadcrumb"},"inLanguage":"hr","potentialAction":[{"@type":"ReadAction","target":["https:\/\/radioljubuski.ba\/index.php\/2022\/04\/13\/pocela-prodaja-ulaznica-za-hrvatske-navijace-na-sp-u\/"]}]},{"@type":"ImageObject","inLanguage":"hr","@id":"https:\/\/radioljubuski.ba\/index.php\/2022\/04\/13\/pocela-prodaja-ulaznica-za-hrvatske-navijace-na-sp-u\/#primaryimage","url":"https:\/\/radioljubuski.ba\/wp-content\/uploads\/2022\/04\/49b7ba14-f6ea-443c-aeb7-683b5f181142.jpg","contentUrl":"https:\/\/radioljubuski.ba\/wp-content\/uploads\/2022\/04\/49b7ba14-f6ea-443c-aeb7-683b5f181142.jpg","width":379,"height":239},{"@type":"BreadcrumbList","@id":"https:\/\/radioljubuski.ba\/index.php\/2022\/04\/13\/pocela-prodaja-ulaznica-za-hrvatske-navijace-na-sp-u\/#breadcrumb","itemListElement":[{"@type":"ListItem","position":1,"name":"Po\u010detna stranica","item":"https:\/\/radioljubuski.ba\/"},{"@type":"ListItem","position":2,"name":"Po\u010dela prodaja ulaznica za hrvatske navija\u010de na SP-u"}]},{"@type":"WebSite","@id":"https:\/\/radioljubuski.ba\/#website","url":"https:\/\/radioljubuski.ba\/","name":"Radio Ljubu\u0161ki","description":"Sun\u010dana frekvencija Hercegovine","publisher":{"@id":"https:\/\/radioljubuski.ba\/#organization"},"potentialAction":[{"@type":"SearchAction","target":{"@type":"EntryPoint","urlTemplate":"https:\/\/radioljubuski.ba\/?s={search_term_string}"},"query-input":{"@type":"PropertyValueSpecification","valueRequired":true,"valueName":"search_term_string"}}],"inLanguage":"hr"},{"@type":"Organization","@id":"https:\/\/radioljubuski.ba\/#organization","name":"Radio Ljubu\u0161ki","url":"https:\/\/radioljubuski.ba\/","logo":{"@type":"ImageObject","inLanguage":"hr","@id":"https:\/\/radioljubuski.ba\/#\/schema\/logo\/image\/","url":"https:\/\/radioljubuski.ba\/wp-content\/uploads\/2021\/02\/cropped-Radio_Ljubuski_logo1.jpg","contentUrl":"https:\/\/radioljubuski.ba\/wp-content\/uploads\/2021\/02\/cropped-Radio_Ljubuski_logo1.jpg","width":512,"height":512,"caption":"Radio Ljubu\u0161ki"},"image":{"@id":"https:\/\/radioljubuski.ba\/#\/schema\/logo\/image\/"},"sameAs":["https:\/\/www.facebook.com\/Radiio-Ljubuski-1490835324566332","https:\/\/x.com\/radioljubuski","https:\/\/hr.linkedin.com\/company\/radio-ljubuski","https:\/\/www.youtube.com\/channel\/UCHYaeO_n0Db3tjNGudGpXyw"]},{"@type":"Person","@id":"https:\/\/radioljubuski.ba\/#\/schema\/person\/19fc700381a780f69665d7956c469e3b","name":"Radio Ljubu\u0161ki"}]}},"_links":{"self":[{"href":"https:\/\/radioljubuski.ba\/index.php\/wp-json\/wp\/v2\/posts\/132223","targetHints":{"allow":["GET"]}}],"collection":[{"href":"https:\/\/radioljubuski.ba\/index.php\/wp-json\/wp\/v2\/posts"}],"about":[{"href":"https:\/\/radioljubuski.ba\/index.php\/wp-json\/wp\/v2\/types\/post"}],"author":[{"embeddable":true,"href":"https:\/\/radioljubuski.ba\/index.php\/wp-json\/wp\/v2\/users\/2"}],"replies":[{"embeddable":true,"href":"https:\/\/radioljubuski.ba\/index.php\/wp-json\/wp\/v2\/comments?post=132223"}],"version-history":[{"count":1,"href":"https:\/\/radioljubuski.ba\/index.php\/wp-json\/wp\/v2\/posts\/132223\/revisions"}],"predecessor-version":[{"id":132225,"href":"https:\/\/radioljubuski.ba\/index.php\/wp-json\/wp\/v2\/posts\/132223\/revisions\/132225"}],"wp:featuredmedia":[{"embeddable":true,"href":"https:\/\/radioljubuski.ba\/index.php\/wp-json\/wp\/v2\/media\/132224"}],"wp:attachment":[{"href":"https:\/\/radioljubuski.ba\/index.php\/wp-json\/wp\/v2\/media?parent=132223"}],"wp:term":[{"taxonomy":"category","embeddable":true,"href":"https:\/\/radioljubuski.ba\/index.php\/wp-json\/wp\/v2\/categories?post=132223"},{"taxonomy":"post_tag","embeddable":true,"href":"https:\/\/radioljubuski.ba\/index.php\/wp-json\/wp\/v2\/tags?post=132223"}],"curies":[{"name":"wp","href":"https:\/\/api.w.org\/{rel}","templated":true}]}}