{"id":132237,"date":"2022-04-13T23:48:06","date_gmt":"2022-04-13T22:48:06","guid":{"rendered":"https:\/\/radioljubuski.ba\/?p=132237"},"modified":"2022-04-13T23:48:07","modified_gmt":"2022-04-13T22:48:07","slug":"pogbi-ponudena-rekordna-placa-suigraci-ljuti","status":"publish","type":"post","link":"https:\/\/radioljubuski.ba\/index.php\/2022\/04\/13\/pogbi-ponudena-rekordna-placa-suigraci-ljuti\/","title":{"rendered":"Pogbi ponu\u0111ena rekordna pla\u0107a, suigra\u010di ljuti"},"content":{"rendered":"\n<p><strong>Vodstvo engleskog nogometnog velikana Manchester Uniteda ponudilo je Paulu Pogbi (29) \u010dak 600.000 eura tjedne pla\u0107e, \u010dime bi francuski veznjak postao najpla\u0107eniji igra\u010d u Premier ligi.<\/strong><\/p>\n\n\n\n<p>Pogbi na koncu ove sezone zavr\u0161ava ugovor s Manchester Unitedom, pa su mu na Old Traffordu ponudili novi ugovor vrijedan \u010dak 600.000 eura tjedno. Ako bi francuski veznjak prihvatio ponudu, postao bi ne samo najpla\u0107eniji igra\u010d u klubu, ve\u0107 i u kompletnoj Premier ligi.<\/p>\n\n\n\n<p>Njegov sada\u0161nji ugovor donosi mu 350.000 eura tjedno, a novim ugovorom nadma\u0161io bi&nbsp;<strong>Cristiana Ronalda&nbsp;<\/strong>koji zara\u0111uje 540.000 eura tjedno,<strong>&nbsp;Davida de Geu<\/strong>&nbsp;(450.000),&nbsp;<strong>Jadona Sancha<\/strong>&nbsp;i&nbsp;<strong>Raphaela Varanea<\/strong>&nbsp;(obojica 360.000 eurai tjedno) u strukturi pla\u0107a kluba.<\/p>\n\n\n\n<p>Me\u0111utim, ova vijest je izazvala ljutnju u svla\u010dionici &#8220;Crvenih vragova&#8221;, jer dio mom\u010dadi smatra kako Francuz ne zaslu\u017euje tako velika primanja s obzirom na svoje igre i pona\u0161anje.<\/p>\n\n\n\n<p>&#8211; Neki igra\u010di misle da nije u redu da toliko zara\u0111uje s obzirom kako igra i stalno pri\u010da o odlasku, rekao je izvor za Mirror.<\/p>\n\n\n\n<p>Pogba je, govore\u0107i o svojoj budu\u0107nosti, pro\u0161li mjesec rekao kako jo\u0161 nije donio odluku.<\/p>\n\n\n\n<p>&#8211; Mogu odlu\u010diti sutra, kao \u0161to mogu odlu\u010diti i tijekom prijelaznog roka, poru\u010dio je.<\/p>\n\n\n\n<p>U razgovoru za francuski program Telefoot trudio se sakriti svoje razo\u010daranje Unitedovim rezultatima, ali je znakovito poru\u010dio.<\/p>\n\n\n\n<p>&#8211; Sezona jo\u0161 nije gotova, ali vi\u0161e nema trofeja za koji mo\u017eemo igrati. \u017delim osvajati naslove, igrati za ne\u0161to, a ove i zadnjih nekoliko godina nismo osvojili naslov. Tu\u017eno je.<\/p>\n\n\n\n<p>Pogba je jedan od petorice igra\u010da kojima ovoga ljeta zavr\u0161ava ugovor s Unitedom, preostali su&nbsp;<strong>Jesse Lingard<\/strong>,<strong>&nbsp;Juan Mata<\/strong>,&nbsp;<strong>Edinson Cavani<\/strong>&nbsp;i&nbsp;<strong>Lee Grant<\/strong>.<\/p>\n\n\n\n<p>Izvor:hrt.hr<\/p>\n","protected":false},"excerpt":{"rendered":"<p>Vodstvo engleskog nogometnog velikana Manchester Uniteda ponudilo je Paulu Pogbi (29) \u010dak 600.000 eura tjedne pla\u0107e, \u010dime bi francuski veznjak postao najpla\u0107eniji igra\u010d u Premier ligi. Pogbi na koncu ove sezone zavr\u0161ava ugovor s Manchester Unitedom, pa su mu na Old Traffordu ponudili novi ugovor vrijedan \u010dak 600.000 eura tjedno. Ako bi francuski veznjak prihvatio [&hellip;]<\/p>\n","protected":false},"author":2,"featured_media":0,"comment_status":"closed","ping_status":"closed","sticky":false,"template":"","format":"standard","meta":{"h5ap_radio_sources":[],"footnotes":""},"categories":[7],"tags":[],"class_list":["post-132237","post","type-post","status-publish","format-standard","hentry","category-sport"],"yoast_head":"<!-- This site is optimized with the Yoast SEO plugin v27.5 - https:\/\/yoast.com\/product\/yoast-seo-wordpress\/ -->\n<title>Pogbi ponu\u0111ena rekordna pla\u0107a, suigra\u010di ljuti - RADIO LJUBU\u0160KI<\/title>\n<meta name=\"robots\" content=\"index, follow, max-snippet:-1, max-image-preview:large, max-video-preview:-1\" \/>\n<link rel=\"canonical\" href=\"https:\/\/radioljubuski.ba\/index.php\/2022\/04\/13\/pogbi-ponudena-rekordna-placa-suigraci-ljuti\/\" \/>\n<meta property=\"og:locale\" content=\"hr_HR\" \/>\n<meta property=\"og:type\" content=\"article\" \/>\n<meta property=\"og:title\" content=\"Pogbi ponu\u0111ena rekordna pla\u0107a, suigra\u010di ljuti - RADIO LJUBU\u0160KI\" \/>\n<meta property=\"og:description\" content=\"Vodstvo engleskog nogometnog velikana Manchester Uniteda ponudilo je Paulu Pogbi (29) \u010dak 600.000 eura tjedne pla\u0107e, \u010dime bi francuski veznjak postao najpla\u0107eniji igra\u010d u Premier ligi. Pogbi na koncu ove sezone zavr\u0161ava ugovor s Manchester Unitedom, pa su mu na Old Traffordu ponudili novi ugovor vrijedan \u010dak 600.000 eura tjedno. Ako bi francuski veznjak prihvatio [&hellip;]\" \/>\n<meta property=\"og:url\" content=\"https:\/\/radioljubuski.ba\/index.php\/2022\/04\/13\/pogbi-ponudena-rekordna-placa-suigraci-ljuti\/\" \/>\n<meta property=\"og:site_name\" content=\"RADIO LJUBU\u0160KI\" \/>\n<meta property=\"article:publisher\" content=\"https:\/\/www.facebook.com\/Radiio-Ljubuski-1490835324566332\" \/>\n<meta property=\"article:published_time\" content=\"2022-04-13T22:48:06+00:00\" \/>\n<meta property=\"article:modified_time\" content=\"2022-04-13T22:48:07+00:00\" \/>\n<meta property=\"og:image\" content=\"https:\/\/radioljubuski.ba\/wp-content\/uploads\/2021\/11\/2021-11-02t214311z-801534796-up1ehb21obxle-rtrmadp-3-soccer-champions-att-mun-report-20211119115547-scaled.jpg\" \/>\n\t<meta property=\"og:image:width\" content=\"2560\" \/>\n\t<meta property=\"og:image:height\" content=\"1897\" \/>\n\t<meta property=\"og:image:type\" content=\"image\/jpeg\" \/>\n<meta name=\"author\" content=\"Radio Ljubu\u0161ki\" \/>\n<meta name=\"twitter:card\" content=\"summary_large_image\" \/>\n<meta name=\"twitter:creator\" content=\"@radioljubuski\" \/>\n<meta name=\"twitter:site\" content=\"@radioljubuski\" \/>\n<meta name=\"twitter:label1\" content=\"Napisao\/la\" \/>\n\t<meta name=\"twitter:data1\" content=\"Radio Ljubu\u0161ki\" \/>\n\t<meta name=\"twitter:label2\" content=\"Procijenjeno vrijeme \u010ditanja\" \/>\n\t<meta name=\"twitter:data2\" content=\"2 minute\" \/>\n<script type=\"application\/ld+json\" class=\"yoast-schema-graph\">{\"@context\":\"https:\\\/\\\/schema.org\",\"@graph\":[{\"@type\":\"Article\",\"@id\":\"https:\\\/\\\/radioljubuski.ba\\\/index.php\\\/2022\\\/04\\\/13\\\/pogbi-ponudena-rekordna-placa-suigraci-ljuti\\\/#article\",\"isPartOf\":{\"@id\":\"https:\\\/\\\/radioljubuski.ba\\\/index.php\\\/2022\\\/04\\\/13\\\/pogbi-ponudena-rekordna-placa-suigraci-ljuti\\\/\"},\"author\":{\"name\":\"Radio Ljubu\u0161ki\",\"@id\":\"https:\\\/\\\/radioljubuski.ba\\\/#\\\/schema\\\/person\\\/19fc700381a780f69665d7956c469e3b\"},\"headline\":\"Pogbi ponu\u0111ena rekordna pla\u0107a, suigra\u010di ljuti\",\"datePublished\":\"2022-04-13T22:48:06+00:00\",\"dateModified\":\"2022-04-13T22:48:07+00:00\",\"mainEntityOfPage\":{\"@id\":\"https:\\\/\\\/radioljubuski.ba\\\/index.php\\\/2022\\\/04\\\/13\\\/pogbi-ponudena-rekordna-placa-suigraci-ljuti\\\/\"},\"wordCount\":307,\"publisher\":{\"@id\":\"https:\\\/\\\/radioljubuski.ba\\\/#organization\"},\"articleSection\":[\"\u0160port\"],\"inLanguage\":\"hr\"},{\"@type\":\"WebPage\",\"@id\":\"https:\\\/\\\/radioljubuski.ba\\\/index.php\\\/2022\\\/04\\\/13\\\/pogbi-ponudena-rekordna-placa-suigraci-ljuti\\\/\",\"url\":\"https:\\\/\\\/radioljubuski.ba\\\/index.php\\\/2022\\\/04\\\/13\\\/pogbi-ponudena-rekordna-placa-suigraci-ljuti\\\/\",\"name\":\"Pogbi ponu\u0111ena rekordna pla\u0107a, suigra\u010di ljuti - RADIO LJUBU\u0160KI\",\"isPartOf\":{\"@id\":\"https:\\\/\\\/radioljubuski.ba\\\/#website\"},\"datePublished\":\"2022-04-13T22:48:06+00:00\",\"dateModified\":\"2022-04-13T22:48:07+00:00\",\"breadcrumb\":{\"@id\":\"https:\\\/\\\/radioljubuski.ba\\\/index.php\\\/2022\\\/04\\\/13\\\/pogbi-ponudena-rekordna-placa-suigraci-ljuti\\\/#breadcrumb\"},\"inLanguage\":\"hr\",\"potentialAction\":[{\"@type\":\"ReadAction\",\"target\":[\"https:\\\/\\\/radioljubuski.ba\\\/index.php\\\/2022\\\/04\\\/13\\\/pogbi-ponudena-rekordna-placa-suigraci-ljuti\\\/\"]}]},{\"@type\":\"BreadcrumbList\",\"@id\":\"https:\\\/\\\/radioljubuski.ba\\\/index.php\\\/2022\\\/04\\\/13\\\/pogbi-ponudena-rekordna-placa-suigraci-ljuti\\\/#breadcrumb\",\"itemListElement\":[{\"@type\":\"ListItem\",\"position\":1,\"name\":\"Po\u010detna stranica\",\"item\":\"https:\\\/\\\/radioljubuski.ba\\\/\"},{\"@type\":\"ListItem\",\"position\":2,\"name\":\"Pogbi ponu\u0111ena rekordna pla\u0107a, suigra\u010di ljuti\"}]},{\"@type\":\"WebSite\",\"@id\":\"https:\\\/\\\/radioljubuski.ba\\\/#website\",\"url\":\"https:\\\/\\\/radioljubuski.ba\\\/\",\"name\":\"Radio Ljubu\u0161ki\",\"description\":\"Sun\u010dana frekvencija Hercegovine\",\"publisher\":{\"@id\":\"https:\\\/\\\/radioljubuski.ba\\\/#organization\"},\"potentialAction\":[{\"@type\":\"SearchAction\",\"target\":{\"@type\":\"EntryPoint\",\"urlTemplate\":\"https:\\\/\\\/radioljubuski.ba\\\/?s={search_term_string}\"},\"query-input\":{\"@type\":\"PropertyValueSpecification\",\"valueRequired\":true,\"valueName\":\"search_term_string\"}}],\"inLanguage\":\"hr\"},{\"@type\":\"Organization\",\"@id\":\"https:\\\/\\\/radioljubuski.ba\\\/#organization\",\"name\":\"Radio Ljubu\u0161ki\",\"url\":\"https:\\\/\\\/radioljubuski.ba\\\/\",\"logo\":{\"@type\":\"ImageObject\",\"inLanguage\":\"hr\",\"@id\":\"https:\\\/\\\/radioljubuski.ba\\\/#\\\/schema\\\/logo\\\/image\\\/\",\"url\":\"https:\\\/\\\/radioljubuski.ba\\\/wp-content\\\/uploads\\\/2021\\\/02\\\/cropped-Radio_Ljubuski_logo1.jpg\",\"contentUrl\":\"https:\\\/\\\/radioljubuski.ba\\\/wp-content\\\/uploads\\\/2021\\\/02\\\/cropped-Radio_Ljubuski_logo1.jpg\",\"width\":512,\"height\":512,\"caption\":\"Radio Ljubu\u0161ki\"},\"image\":{\"@id\":\"https:\\\/\\\/radioljubuski.ba\\\/#\\\/schema\\\/logo\\\/image\\\/\"},\"sameAs\":[\"https:\\\/\\\/www.facebook.com\\\/Radiio-Ljubuski-1490835324566332\",\"https:\\\/\\\/x.com\\\/radioljubuski\",\"https:\\\/\\\/hr.linkedin.com\\\/company\\\/radio-ljubuski\",\"https:\\\/\\\/www.youtube.com\\\/channel\\\/UCHYaeO_n0Db3tjNGudGpXyw\"]},{\"@type\":\"Person\",\"@id\":\"https:\\\/\\\/radioljubuski.ba\\\/#\\\/schema\\\/person\\\/19fc700381a780f69665d7956c469e3b\",\"name\":\"Radio Ljubu\u0161ki\"}]}<\/script>\n<!-- \/ Yoast SEO plugin. -->","yoast_head_json":{"title":"Pogbi ponu\u0111ena rekordna pla\u0107a, suigra\u010di ljuti - RADIO LJUBU\u0160KI","robots":{"index":"index","follow":"follow","max-snippet":"max-snippet:-1","max-image-preview":"max-image-preview:large","max-video-preview":"max-video-preview:-1"},"canonical":"https:\/\/radioljubuski.ba\/index.php\/2022\/04\/13\/pogbi-ponudena-rekordna-placa-suigraci-ljuti\/","og_locale":"hr_HR","og_type":"article","og_title":"Pogbi ponu\u0111ena rekordna pla\u0107a, suigra\u010di ljuti - RADIO LJUBU\u0160KI","og_description":"Vodstvo engleskog nogometnog velikana Manchester Uniteda ponudilo je Paulu Pogbi (29) \u010dak 600.000 eura tjedne pla\u0107e, \u010dime bi francuski veznjak postao najpla\u0107eniji igra\u010d u Premier ligi. Pogbi na koncu ove sezone zavr\u0161ava ugovor s Manchester Unitedom, pa su mu na Old Traffordu ponudili novi ugovor vrijedan \u010dak 600.000 eura tjedno. Ako bi francuski veznjak prihvatio [&hellip;]","og_url":"https:\/\/radioljubuski.ba\/index.php\/2022\/04\/13\/pogbi-ponudena-rekordna-placa-suigraci-ljuti\/","og_site_name":"RADIO LJUBU\u0160KI","article_publisher":"https:\/\/www.facebook.com\/Radiio-Ljubuski-1490835324566332","article_published_time":"2022-04-13T22:48:06+00:00","article_modified_time":"2022-04-13T22:48:07+00:00","og_image":[{"width":2560,"height":1897,"url":"https:\/\/radioljubuski.ba\/wp-content\/uploads\/2021\/11\/2021-11-02t214311z-801534796-up1ehb21obxle-rtrmadp-3-soccer-champions-att-mun-report-20211119115547-scaled.jpg","type":"image\/jpeg"}],"author":"Radio Ljubu\u0161ki","twitter_card":"summary_large_image","twitter_creator":"@radioljubuski","twitter_site":"@radioljubuski","twitter_misc":{"Napisao\/la":"Radio Ljubu\u0161ki","Procijenjeno vrijeme \u010ditanja":"2 minute"},"schema":{"@context":"https:\/\/schema.org","@graph":[{"@type":"Article","@id":"https:\/\/radioljubuski.ba\/index.php\/2022\/04\/13\/pogbi-ponudena-rekordna-placa-suigraci-ljuti\/#article","isPartOf":{"@id":"https:\/\/radioljubuski.ba\/index.php\/2022\/04\/13\/pogbi-ponudena-rekordna-placa-suigraci-ljuti\/"},"author":{"name":"Radio Ljubu\u0161ki","@id":"https:\/\/radioljubuski.ba\/#\/schema\/person\/19fc700381a780f69665d7956c469e3b"},"headline":"Pogbi ponu\u0111ena rekordna pla\u0107a, suigra\u010di ljuti","datePublished":"2022-04-13T22:48:06+00:00","dateModified":"2022-04-13T22:48:07+00:00","mainEntityOfPage":{"@id":"https:\/\/radioljubuski.ba\/index.php\/2022\/04\/13\/pogbi-ponudena-rekordna-placa-suigraci-ljuti\/"},"wordCount":307,"publisher":{"@id":"https:\/\/radioljubuski.ba\/#organization"},"articleSection":["\u0160port"],"inLanguage":"hr"},{"@type":"WebPage","@id":"https:\/\/radioljubuski.ba\/index.php\/2022\/04\/13\/pogbi-ponudena-rekordna-placa-suigraci-ljuti\/","url":"https:\/\/radioljubuski.ba\/index.php\/2022\/04\/13\/pogbi-ponudena-rekordna-placa-suigraci-ljuti\/","name":"Pogbi ponu\u0111ena rekordna pla\u0107a, suigra\u010di ljuti - RADIO LJUBU\u0160KI","isPartOf":{"@id":"https:\/\/radioljubuski.ba\/#website"},"datePublished":"2022-04-13T22:48:06+00:00","dateModified":"2022-04-13T22:48:07+00:00","breadcrumb":{"@id":"https:\/\/radioljubuski.ba\/index.php\/2022\/04\/13\/pogbi-ponudena-rekordna-placa-suigraci-ljuti\/#breadcrumb"},"inLanguage":"hr","potentialAction":[{"@type":"ReadAction","target":["https:\/\/radioljubuski.ba\/index.php\/2022\/04\/13\/pogbi-ponudena-rekordna-placa-suigraci-ljuti\/"]}]},{"@type":"BreadcrumbList","@id":"https:\/\/radioljubuski.ba\/index.php\/2022\/04\/13\/pogbi-ponudena-rekordna-placa-suigraci-ljuti\/#breadcrumb","itemListElement":[{"@type":"ListItem","position":1,"name":"Po\u010detna stranica","item":"https:\/\/radioljubuski.ba\/"},{"@type":"ListItem","position":2,"name":"Pogbi ponu\u0111ena rekordna pla\u0107a, suigra\u010di ljuti"}]},{"@type":"WebSite","@id":"https:\/\/radioljubuski.ba\/#website","url":"https:\/\/radioljubuski.ba\/","name":"Radio Ljubu\u0161ki","description":"Sun\u010dana frekvencija Hercegovine","publisher":{"@id":"https:\/\/radioljubuski.ba\/#organization"},"potentialAction":[{"@type":"SearchAction","target":{"@type":"EntryPoint","urlTemplate":"https:\/\/radioljubuski.ba\/?s={search_term_string}"},"query-input":{"@type":"PropertyValueSpecification","valueRequired":true,"valueName":"search_term_string"}}],"inLanguage":"hr"},{"@type":"Organization","@id":"https:\/\/radioljubuski.ba\/#organization","name":"Radio Ljubu\u0161ki","url":"https:\/\/radioljubuski.ba\/","logo":{"@type":"ImageObject","inLanguage":"hr","@id":"https:\/\/radioljubuski.ba\/#\/schema\/logo\/image\/","url":"https:\/\/radioljubuski.ba\/wp-content\/uploads\/2021\/02\/cropped-Radio_Ljubuski_logo1.jpg","contentUrl":"https:\/\/radioljubuski.ba\/wp-content\/uploads\/2021\/02\/cropped-Radio_Ljubuski_logo1.jpg","width":512,"height":512,"caption":"Radio Ljubu\u0161ki"},"image":{"@id":"https:\/\/radioljubuski.ba\/#\/schema\/logo\/image\/"},"sameAs":["https:\/\/www.facebook.com\/Radiio-Ljubuski-1490835324566332","https:\/\/x.com\/radioljubuski","https:\/\/hr.linkedin.com\/company\/radio-ljubuski","https:\/\/www.youtube.com\/channel\/UCHYaeO_n0Db3tjNGudGpXyw"]},{"@type":"Person","@id":"https:\/\/radioljubuski.ba\/#\/schema\/person\/19fc700381a780f69665d7956c469e3b","name":"Radio Ljubu\u0161ki"}]}},"_links":{"self":[{"href":"https:\/\/radioljubuski.ba\/index.php\/wp-json\/wp\/v2\/posts\/132237","targetHints":{"allow":["GET"]}}],"collection":[{"href":"https:\/\/radioljubuski.ba\/index.php\/wp-json\/wp\/v2\/posts"}],"about":[{"href":"https:\/\/radioljubuski.ba\/index.php\/wp-json\/wp\/v2\/types\/post"}],"author":[{"embeddable":true,"href":"https:\/\/radioljubuski.ba\/index.php\/wp-json\/wp\/v2\/users\/2"}],"replies":[{"embeddable":true,"href":"https:\/\/radioljubuski.ba\/index.php\/wp-json\/wp\/v2\/comments?post=132237"}],"version-history":[{"count":1,"href":"https:\/\/radioljubuski.ba\/index.php\/wp-json\/wp\/v2\/posts\/132237\/revisions"}],"predecessor-version":[{"id":132238,"href":"https:\/\/radioljubuski.ba\/index.php\/wp-json\/wp\/v2\/posts\/132237\/revisions\/132238"}],"wp:attachment":[{"href":"https:\/\/radioljubuski.ba\/index.php\/wp-json\/wp\/v2\/media?parent=132237"}],"wp:term":[{"taxonomy":"category","embeddable":true,"href":"https:\/\/radioljubuski.ba\/index.php\/wp-json\/wp\/v2\/categories?post=132237"},{"taxonomy":"post_tag","embeddable":true,"href":"https:\/\/radioljubuski.ba\/index.php\/wp-json\/wp\/v2\/tags?post=132237"}],"curies":[{"name":"wp","href":"https:\/\/api.w.org\/{rel}","templated":true}]}}