{"id":132239,"date":"2022-04-13T23:49:47","date_gmt":"2022-04-13T22:49:47","guid":{"rendered":"https:\/\/radioljubuski.ba\/?p=132239"},"modified":"2022-04-13T23:49:48","modified_gmt":"2022-04-13T22:49:48","slug":"juniori-benfice-u-polufinalu-lige-prvaka","status":"publish","type":"post","link":"https:\/\/radioljubuski.ba\/index.php\/2022\/04\/13\/juniori-benfice-u-polufinalu-lige-prvaka\/","title":{"rendered":"Juniori Benfice u polufinalu Lige prvaka"},"content":{"rendered":"\n<p><strong>Mlada mom\u010dad Benfice izborila je plasman u polufinale juniorske Lige prvaka nakon \u0161to je u Alcocheteu kao gost pobijedila gradskog suparnika Sporting sa 4-0.<\/strong><\/p>\n\n\n\n<p>Po dva gola zabili su\u00a0<strong>Pedro Santos<\/strong>\u00a0(29, 59) i\u00a0<strong>Diego Moreira<\/strong>\u00a0(57, 90). Sporting je od 64. minute igrao s igra\u010dem manje nakon \u0161to je isklju\u010den\u00a0<strong>Chico Lamba<\/strong>.<br><br>Benfica \u0107e u polufinalu 22. travnja u Nyonu igrati protiv Juventusa, a u drugom polufinalu istoga dana se sastaju Atletico Madrid i RB Salzburg.<br><br>Za austrijski sastav bi mogao zaigrati\u00a0<strong>Roko \u0160imi\u0107<\/strong>\u00a0koji je u sedam susreta zabio \u010detiri gola i upisao dvije asistencije.<br><br>Finale je 25. travnja tako\u0111er u Nyonu.<\/p>\n\n\n\n<blockquote class=\"twitter-tweet\"><p lang=\"en\" dir=\"ltr\">Line-up set for the <a href=\"https:\/\/twitter.com\/hashtag\/UYL?src=hash&amp;ref_src=twsrc%5Etfw\">#UYL<\/a> finals in Nyon starting next Friday \u231b<br><br>\ud83c\uddee\ud83c\uddf9 <a href=\"https:\/\/twitter.com\/JuventusFCYouth?ref_src=twsrc%5Etfw\">@JuventusFCYouth<\/a> <br>\ud83c\uddf5\ud83c\uddf9 <a href=\"https:\/\/twitter.com\/SLBenfica?ref_src=twsrc%5Etfw\">@SLBenfica<\/a> <br>\ud83c\uddea\ud83c\uddf8 <a href=\"https:\/\/twitter.com\/AtletiAcademia?ref_src=twsrc%5Etfw\">@AtletiAcademia<\/a> <br>\ud83c\udde6\ud83c\uddf9 <a href=\"https:\/\/twitter.com\/FCRBS_en?ref_src=twsrc%5Etfw\">@FCRBS_en<\/a><\/p>&mdash; UEFA Youth League (@UEFAYouthLeague) <a href=\"https:\/\/twitter.com\/UEFAYouthLeague\/status\/1514276267817947143?ref_src=twsrc%5Etfw\">April 13, 2022<\/a><\/blockquote> <script async src=\"https:\/\/platform.twitter.com\/widgets.js\" charset=\"utf-8\"><\/script>\n\n\n\n<p>Izvor:hrt.hr<\/p>\n","protected":false},"excerpt":{"rendered":"<p>Mlada mom\u010dad Benfice izborila je plasman u polufinale juniorske Lige prvaka nakon \u0161to je u Alcocheteu kao gost pobijedila gradskog suparnika Sporting sa 4-0. Po dva gola zabili su\u00a0Pedro Santos\u00a0(29, 59) i\u00a0Diego Moreira\u00a0(57, 90). Sporting je od 64. minute igrao s igra\u010dem manje nakon \u0161to je isklju\u010den\u00a0Chico Lamba. Benfica \u0107e u polufinalu 22. travnja u [&hellip;]<\/p>\n","protected":false},"author":2,"featured_media":132240,"comment_status":"closed","ping_status":"closed","sticky":false,"template":"","format":"standard","meta":{"h5ap_radio_sources":[],"footnotes":""},"categories":[7],"tags":[],"class_list":["post-132239","post","type-post","status-publish","format-standard","has-post-thumbnail","hentry","category-sport"],"yoast_head":"<!-- This site is optimized with the Yoast SEO plugin v27.5 - https:\/\/yoast.com\/product\/yoast-seo-wordpress\/ -->\n<title>Juniori Benfice u polufinalu Lige prvaka - RADIO LJUBU\u0160KI<\/title>\n<meta name=\"robots\" content=\"index, follow, max-snippet:-1, max-image-preview:large, max-video-preview:-1\" \/>\n<link rel=\"canonical\" href=\"https:\/\/radioljubuski.ba\/index.php\/2022\/04\/13\/juniori-benfice-u-polufinalu-lige-prvaka\/\" \/>\n<meta property=\"og:locale\" content=\"hr_HR\" \/>\n<meta property=\"og:type\" content=\"article\" \/>\n<meta property=\"og:title\" content=\"Juniori Benfice u polufinalu Lige prvaka - RADIO LJUBU\u0160KI\" \/>\n<meta property=\"og:description\" content=\"Mlada mom\u010dad Benfice izborila je plasman u polufinale juniorske Lige prvaka nakon \u0161to je u Alcocheteu kao gost pobijedila gradskog suparnika Sporting sa 4-0. Po dva gola zabili su\u00a0Pedro Santos\u00a0(29, 59) i\u00a0Diego Moreira\u00a0(57, 90). Sporting je od 64. minute igrao s igra\u010dem manje nakon \u0161to je isklju\u010den\u00a0Chico Lamba. Benfica \u0107e u polufinalu 22. travnja u [&hellip;]\" \/>\n<meta property=\"og:url\" content=\"https:\/\/radioljubuski.ba\/index.php\/2022\/04\/13\/juniori-benfice-u-polufinalu-lige-prvaka\/\" \/>\n<meta property=\"og:site_name\" content=\"RADIO LJUBU\u0160KI\" \/>\n<meta property=\"article:publisher\" content=\"https:\/\/www.facebook.com\/Radiio-Ljubuski-1490835324566332\" \/>\n<meta property=\"article:published_time\" content=\"2022-04-13T22:49:47+00:00\" \/>\n<meta property=\"article:modified_time\" content=\"2022-04-13T22:49:48+00:00\" \/>\n<meta property=\"og:image\" content=\"https:\/\/radioljubuski.ba\/wp-content\/uploads\/2022\/04\/navijaci.jpg\" \/>\n\t<meta property=\"og:image:width\" content=\"1279\" \/>\n\t<meta property=\"og:image:height\" content=\"758\" \/>\n\t<meta property=\"og:image:type\" content=\"image\/jpeg\" \/>\n<meta name=\"author\" content=\"Radio Ljubu\u0161ki\" \/>\n<meta name=\"twitter:card\" content=\"summary_large_image\" \/>\n<meta name=\"twitter:creator\" content=\"@radioljubuski\" \/>\n<meta name=\"twitter:site\" content=\"@radioljubuski\" \/>\n<meta name=\"twitter:label1\" content=\"Napisao\/la\" \/>\n\t<meta name=\"twitter:data1\" content=\"Radio Ljubu\u0161ki\" \/>\n\t<meta name=\"twitter:label2\" content=\"Procijenjeno vrijeme \u010ditanja\" \/>\n\t<meta name=\"twitter:data2\" content=\"1 minuta\" \/>\n<script type=\"application\/ld+json\" class=\"yoast-schema-graph\">{\"@context\":\"https:\\\/\\\/schema.org\",\"@graph\":[{\"@type\":\"Article\",\"@id\":\"https:\\\/\\\/radioljubuski.ba\\\/index.php\\\/2022\\\/04\\\/13\\\/juniori-benfice-u-polufinalu-lige-prvaka\\\/#article\",\"isPartOf\":{\"@id\":\"https:\\\/\\\/radioljubuski.ba\\\/index.php\\\/2022\\\/04\\\/13\\\/juniori-benfice-u-polufinalu-lige-prvaka\\\/\"},\"author\":{\"name\":\"Radio Ljubu\u0161ki\",\"@id\":\"https:\\\/\\\/radioljubuski.ba\\\/#\\\/schema\\\/person\\\/19fc700381a780f69665d7956c469e3b\"},\"headline\":\"Juniori Benfice u polufinalu Lige prvaka\",\"datePublished\":\"2022-04-13T22:49:47+00:00\",\"dateModified\":\"2022-04-13T22:49:48+00:00\",\"mainEntityOfPage\":{\"@id\":\"https:\\\/\\\/radioljubuski.ba\\\/index.php\\\/2022\\\/04\\\/13\\\/juniori-benfice-u-polufinalu-lige-prvaka\\\/\"},\"wordCount\":132,\"publisher\":{\"@id\":\"https:\\\/\\\/radioljubuski.ba\\\/#organization\"},\"image\":{\"@id\":\"https:\\\/\\\/radioljubuski.ba\\\/index.php\\\/2022\\\/04\\\/13\\\/juniori-benfice-u-polufinalu-lige-prvaka\\\/#primaryimage\"},\"thumbnailUrl\":\"https:\\\/\\\/radioljubuski.ba\\\/wp-content\\\/uploads\\\/2022\\\/04\\\/navijaci.jpg\",\"articleSection\":[\"\u0160port\"],\"inLanguage\":\"hr\"},{\"@type\":\"WebPage\",\"@id\":\"https:\\\/\\\/radioljubuski.ba\\\/index.php\\\/2022\\\/04\\\/13\\\/juniori-benfice-u-polufinalu-lige-prvaka\\\/\",\"url\":\"https:\\\/\\\/radioljubuski.ba\\\/index.php\\\/2022\\\/04\\\/13\\\/juniori-benfice-u-polufinalu-lige-prvaka\\\/\",\"name\":\"Juniori Benfice u polufinalu Lige prvaka - RADIO LJUBU\u0160KI\",\"isPartOf\":{\"@id\":\"https:\\\/\\\/radioljubuski.ba\\\/#website\"},\"primaryImageOfPage\":{\"@id\":\"https:\\\/\\\/radioljubuski.ba\\\/index.php\\\/2022\\\/04\\\/13\\\/juniori-benfice-u-polufinalu-lige-prvaka\\\/#primaryimage\"},\"image\":{\"@id\":\"https:\\\/\\\/radioljubuski.ba\\\/index.php\\\/2022\\\/04\\\/13\\\/juniori-benfice-u-polufinalu-lige-prvaka\\\/#primaryimage\"},\"thumbnailUrl\":\"https:\\\/\\\/radioljubuski.ba\\\/wp-content\\\/uploads\\\/2022\\\/04\\\/navijaci.jpg\",\"datePublished\":\"2022-04-13T22:49:47+00:00\",\"dateModified\":\"2022-04-13T22:49:48+00:00\",\"breadcrumb\":{\"@id\":\"https:\\\/\\\/radioljubuski.ba\\\/index.php\\\/2022\\\/04\\\/13\\\/juniori-benfice-u-polufinalu-lige-prvaka\\\/#breadcrumb\"},\"inLanguage\":\"hr\",\"potentialAction\":[{\"@type\":\"ReadAction\",\"target\":[\"https:\\\/\\\/radioljubuski.ba\\\/index.php\\\/2022\\\/04\\\/13\\\/juniori-benfice-u-polufinalu-lige-prvaka\\\/\"]}]},{\"@type\":\"ImageObject\",\"inLanguage\":\"hr\",\"@id\":\"https:\\\/\\\/radioljubuski.ba\\\/index.php\\\/2022\\\/04\\\/13\\\/juniori-benfice-u-polufinalu-lige-prvaka\\\/#primaryimage\",\"url\":\"https:\\\/\\\/radioljubuski.ba\\\/wp-content\\\/uploads\\\/2022\\\/04\\\/navijaci.jpg\",\"contentUrl\":\"https:\\\/\\\/radioljubuski.ba\\\/wp-content\\\/uploads\\\/2022\\\/04\\\/navijaci.jpg\",\"width\":1279,\"height\":758},{\"@type\":\"BreadcrumbList\",\"@id\":\"https:\\\/\\\/radioljubuski.ba\\\/index.php\\\/2022\\\/04\\\/13\\\/juniori-benfice-u-polufinalu-lige-prvaka\\\/#breadcrumb\",\"itemListElement\":[{\"@type\":\"ListItem\",\"position\":1,\"name\":\"Po\u010detna stranica\",\"item\":\"https:\\\/\\\/radioljubuski.ba\\\/\"},{\"@type\":\"ListItem\",\"position\":2,\"name\":\"Juniori Benfice u polufinalu Lige prvaka\"}]},{\"@type\":\"WebSite\",\"@id\":\"https:\\\/\\\/radioljubuski.ba\\\/#website\",\"url\":\"https:\\\/\\\/radioljubuski.ba\\\/\",\"name\":\"Radio Ljubu\u0161ki\",\"description\":\"Sun\u010dana frekvencija Hercegovine\",\"publisher\":{\"@id\":\"https:\\\/\\\/radioljubuski.ba\\\/#organization\"},\"potentialAction\":[{\"@type\":\"SearchAction\",\"target\":{\"@type\":\"EntryPoint\",\"urlTemplate\":\"https:\\\/\\\/radioljubuski.ba\\\/?s={search_term_string}\"},\"query-input\":{\"@type\":\"PropertyValueSpecification\",\"valueRequired\":true,\"valueName\":\"search_term_string\"}}],\"inLanguage\":\"hr\"},{\"@type\":\"Organization\",\"@id\":\"https:\\\/\\\/radioljubuski.ba\\\/#organization\",\"name\":\"Radio Ljubu\u0161ki\",\"url\":\"https:\\\/\\\/radioljubuski.ba\\\/\",\"logo\":{\"@type\":\"ImageObject\",\"inLanguage\":\"hr\",\"@id\":\"https:\\\/\\\/radioljubuski.ba\\\/#\\\/schema\\\/logo\\\/image\\\/\",\"url\":\"https:\\\/\\\/radioljubuski.ba\\\/wp-content\\\/uploads\\\/2021\\\/02\\\/cropped-Radio_Ljubuski_logo1.jpg\",\"contentUrl\":\"https:\\\/\\\/radioljubuski.ba\\\/wp-content\\\/uploads\\\/2021\\\/02\\\/cropped-Radio_Ljubuski_logo1.jpg\",\"width\":512,\"height\":512,\"caption\":\"Radio Ljubu\u0161ki\"},\"image\":{\"@id\":\"https:\\\/\\\/radioljubuski.ba\\\/#\\\/schema\\\/logo\\\/image\\\/\"},\"sameAs\":[\"https:\\\/\\\/www.facebook.com\\\/Radiio-Ljubuski-1490835324566332\",\"https:\\\/\\\/x.com\\\/radioljubuski\",\"https:\\\/\\\/hr.linkedin.com\\\/company\\\/radio-ljubuski\",\"https:\\\/\\\/www.youtube.com\\\/channel\\\/UCHYaeO_n0Db3tjNGudGpXyw\"]},{\"@type\":\"Person\",\"@id\":\"https:\\\/\\\/radioljubuski.ba\\\/#\\\/schema\\\/person\\\/19fc700381a780f69665d7956c469e3b\",\"name\":\"Radio Ljubu\u0161ki\"}]}<\/script>\n<!-- \/ Yoast SEO plugin. -->","yoast_head_json":{"title":"Juniori Benfice u polufinalu Lige prvaka - RADIO LJUBU\u0160KI","robots":{"index":"index","follow":"follow","max-snippet":"max-snippet:-1","max-image-preview":"max-image-preview:large","max-video-preview":"max-video-preview:-1"},"canonical":"https:\/\/radioljubuski.ba\/index.php\/2022\/04\/13\/juniori-benfice-u-polufinalu-lige-prvaka\/","og_locale":"hr_HR","og_type":"article","og_title":"Juniori Benfice u polufinalu Lige prvaka - RADIO LJUBU\u0160KI","og_description":"Mlada mom\u010dad Benfice izborila je plasman u polufinale juniorske Lige prvaka nakon \u0161to je u Alcocheteu kao gost pobijedila gradskog suparnika Sporting sa 4-0. Po dva gola zabili su\u00a0Pedro Santos\u00a0(29, 59) i\u00a0Diego Moreira\u00a0(57, 90). Sporting je od 64. minute igrao s igra\u010dem manje nakon \u0161to je isklju\u010den\u00a0Chico Lamba. Benfica \u0107e u polufinalu 22. travnja u [&hellip;]","og_url":"https:\/\/radioljubuski.ba\/index.php\/2022\/04\/13\/juniori-benfice-u-polufinalu-lige-prvaka\/","og_site_name":"RADIO LJUBU\u0160KI","article_publisher":"https:\/\/www.facebook.com\/Radiio-Ljubuski-1490835324566332","article_published_time":"2022-04-13T22:49:47+00:00","article_modified_time":"2022-04-13T22:49:48+00:00","og_image":[{"width":1279,"height":758,"url":"https:\/\/radioljubuski.ba\/wp-content\/uploads\/2022\/04\/navijaci.jpg","type":"image\/jpeg"}],"author":"Radio Ljubu\u0161ki","twitter_card":"summary_large_image","twitter_creator":"@radioljubuski","twitter_site":"@radioljubuski","twitter_misc":{"Napisao\/la":"Radio Ljubu\u0161ki","Procijenjeno vrijeme \u010ditanja":"1 minuta"},"schema":{"@context":"https:\/\/schema.org","@graph":[{"@type":"Article","@id":"https:\/\/radioljubuski.ba\/index.php\/2022\/04\/13\/juniori-benfice-u-polufinalu-lige-prvaka\/#article","isPartOf":{"@id":"https:\/\/radioljubuski.ba\/index.php\/2022\/04\/13\/juniori-benfice-u-polufinalu-lige-prvaka\/"},"author":{"name":"Radio Ljubu\u0161ki","@id":"https:\/\/radioljubuski.ba\/#\/schema\/person\/19fc700381a780f69665d7956c469e3b"},"headline":"Juniori Benfice u polufinalu Lige prvaka","datePublished":"2022-04-13T22:49:47+00:00","dateModified":"2022-04-13T22:49:48+00:00","mainEntityOfPage":{"@id":"https:\/\/radioljubuski.ba\/index.php\/2022\/04\/13\/juniori-benfice-u-polufinalu-lige-prvaka\/"},"wordCount":132,"publisher":{"@id":"https:\/\/radioljubuski.ba\/#organization"},"image":{"@id":"https:\/\/radioljubuski.ba\/index.php\/2022\/04\/13\/juniori-benfice-u-polufinalu-lige-prvaka\/#primaryimage"},"thumbnailUrl":"https:\/\/radioljubuski.ba\/wp-content\/uploads\/2022\/04\/navijaci.jpg","articleSection":["\u0160port"],"inLanguage":"hr"},{"@type":"WebPage","@id":"https:\/\/radioljubuski.ba\/index.php\/2022\/04\/13\/juniori-benfice-u-polufinalu-lige-prvaka\/","url":"https:\/\/radioljubuski.ba\/index.php\/2022\/04\/13\/juniori-benfice-u-polufinalu-lige-prvaka\/","name":"Juniori Benfice u polufinalu Lige prvaka - RADIO LJUBU\u0160KI","isPartOf":{"@id":"https:\/\/radioljubuski.ba\/#website"},"primaryImageOfPage":{"@id":"https:\/\/radioljubuski.ba\/index.php\/2022\/04\/13\/juniori-benfice-u-polufinalu-lige-prvaka\/#primaryimage"},"image":{"@id":"https:\/\/radioljubuski.ba\/index.php\/2022\/04\/13\/juniori-benfice-u-polufinalu-lige-prvaka\/#primaryimage"},"thumbnailUrl":"https:\/\/radioljubuski.ba\/wp-content\/uploads\/2022\/04\/navijaci.jpg","datePublished":"2022-04-13T22:49:47+00:00","dateModified":"2022-04-13T22:49:48+00:00","breadcrumb":{"@id":"https:\/\/radioljubuski.ba\/index.php\/2022\/04\/13\/juniori-benfice-u-polufinalu-lige-prvaka\/#breadcrumb"},"inLanguage":"hr","potentialAction":[{"@type":"ReadAction","target":["https:\/\/radioljubuski.ba\/index.php\/2022\/04\/13\/juniori-benfice-u-polufinalu-lige-prvaka\/"]}]},{"@type":"ImageObject","inLanguage":"hr","@id":"https:\/\/radioljubuski.ba\/index.php\/2022\/04\/13\/juniori-benfice-u-polufinalu-lige-prvaka\/#primaryimage","url":"https:\/\/radioljubuski.ba\/wp-content\/uploads\/2022\/04\/navijaci.jpg","contentUrl":"https:\/\/radioljubuski.ba\/wp-content\/uploads\/2022\/04\/navijaci.jpg","width":1279,"height":758},{"@type":"BreadcrumbList","@id":"https:\/\/radioljubuski.ba\/index.php\/2022\/04\/13\/juniori-benfice-u-polufinalu-lige-prvaka\/#breadcrumb","itemListElement":[{"@type":"ListItem","position":1,"name":"Po\u010detna stranica","item":"https:\/\/radioljubuski.ba\/"},{"@type":"ListItem","position":2,"name":"Juniori Benfice u polufinalu Lige prvaka"}]},{"@type":"WebSite","@id":"https:\/\/radioljubuski.ba\/#website","url":"https:\/\/radioljubuski.ba\/","name":"Radio Ljubu\u0161ki","description":"Sun\u010dana frekvencija Hercegovine","publisher":{"@id":"https:\/\/radioljubuski.ba\/#organization"},"potentialAction":[{"@type":"SearchAction","target":{"@type":"EntryPoint","urlTemplate":"https:\/\/radioljubuski.ba\/?s={search_term_string}"},"query-input":{"@type":"PropertyValueSpecification","valueRequired":true,"valueName":"search_term_string"}}],"inLanguage":"hr"},{"@type":"Organization","@id":"https:\/\/radioljubuski.ba\/#organization","name":"Radio Ljubu\u0161ki","url":"https:\/\/radioljubuski.ba\/","logo":{"@type":"ImageObject","inLanguage":"hr","@id":"https:\/\/radioljubuski.ba\/#\/schema\/logo\/image\/","url":"https:\/\/radioljubuski.ba\/wp-content\/uploads\/2021\/02\/cropped-Radio_Ljubuski_logo1.jpg","contentUrl":"https:\/\/radioljubuski.ba\/wp-content\/uploads\/2021\/02\/cropped-Radio_Ljubuski_logo1.jpg","width":512,"height":512,"caption":"Radio Ljubu\u0161ki"},"image":{"@id":"https:\/\/radioljubuski.ba\/#\/schema\/logo\/image\/"},"sameAs":["https:\/\/www.facebook.com\/Radiio-Ljubuski-1490835324566332","https:\/\/x.com\/radioljubuski","https:\/\/hr.linkedin.com\/company\/radio-ljubuski","https:\/\/www.youtube.com\/channel\/UCHYaeO_n0Db3tjNGudGpXyw"]},{"@type":"Person","@id":"https:\/\/radioljubuski.ba\/#\/schema\/person\/19fc700381a780f69665d7956c469e3b","name":"Radio Ljubu\u0161ki"}]}},"_links":{"self":[{"href":"https:\/\/radioljubuski.ba\/index.php\/wp-json\/wp\/v2\/posts\/132239","targetHints":{"allow":["GET"]}}],"collection":[{"href":"https:\/\/radioljubuski.ba\/index.php\/wp-json\/wp\/v2\/posts"}],"about":[{"href":"https:\/\/radioljubuski.ba\/index.php\/wp-json\/wp\/v2\/types\/post"}],"author":[{"embeddable":true,"href":"https:\/\/radioljubuski.ba\/index.php\/wp-json\/wp\/v2\/users\/2"}],"replies":[{"embeddable":true,"href":"https:\/\/radioljubuski.ba\/index.php\/wp-json\/wp\/v2\/comments?post=132239"}],"version-history":[{"count":1,"href":"https:\/\/radioljubuski.ba\/index.php\/wp-json\/wp\/v2\/posts\/132239\/revisions"}],"predecessor-version":[{"id":132241,"href":"https:\/\/radioljubuski.ba\/index.php\/wp-json\/wp\/v2\/posts\/132239\/revisions\/132241"}],"wp:featuredmedia":[{"embeddable":true,"href":"https:\/\/radioljubuski.ba\/index.php\/wp-json\/wp\/v2\/media\/132240"}],"wp:attachment":[{"href":"https:\/\/radioljubuski.ba\/index.php\/wp-json\/wp\/v2\/media?parent=132239"}],"wp:term":[{"taxonomy":"category","embeddable":true,"href":"https:\/\/radioljubuski.ba\/index.php\/wp-json\/wp\/v2\/categories?post=132239"},{"taxonomy":"post_tag","embeddable":true,"href":"https:\/\/radioljubuski.ba\/index.php\/wp-json\/wp\/v2\/tags?post=132239"}],"curies":[{"name":"wp","href":"https:\/\/api.w.org\/{rel}","templated":true}]}}