{"id":132251,"date":"2022-04-14T00:00:06","date_gmt":"2022-04-13T23:00:06","guid":{"rendered":"https:\/\/radioljubuski.ba\/?p=132251"},"modified":"2022-04-14T00:00:08","modified_gmt":"2022-04-13T23:00:08","slug":"liverpool-u-polufinalu-lige-prvaka-golijada-na-anfieldu","status":"publish","type":"post","link":"https:\/\/radioljubuski.ba\/index.php\/2022\/04\/14\/liverpool-u-polufinalu-lige-prvaka-golijada-na-anfieldu\/","title":{"rendered":"Liverpool u polufinalu Lige prvaka, golijada na Anfieldu"},"content":{"rendered":"\n<p><strong>Tre\u0107i put u posljednjih pet sezona nogometa\u0161i Liverpoola su izborili plasman u polufinale Lige prvaka, dok Benfica jo\u0161 od 1990. \u010deka plasman me\u0111u \u010detiri najbolje mom\u010dadi Starog kontinenta.<\/strong><\/p>\n\n\n\n<p>Redsi su plasman u polufinale izborili nakon \u0161to su u prvom susretu u Lisabonu slavili sa 3:1, a potom na Anfieldu odigrali 3:3. Liverpool u polufinalu \u010deka Villarreal koji je priredio iznena\u0111enje izbaciv\u0161i Bayern.<br><br>Bila je to sjajna utakmica, Liverpool je poveo 1:0, gosti su izjedna\u010dili, da bi Redsi s dva nova gola do\u0161li do prednosti 3:1, a Benfica je do kraja uspjela izjedna\u010diti na 3:3.<br><br>Nakon \u0161to je Liverpool u prvom susretu slavio s dva gola razlike,\u00a0<strong>J\u00fcrgen Klopp<\/strong>\u00a0je u uzvratu odlu\u010dio odmoriti svoje udarne snage, pa su<strong>\u00a0Mohamed Salah, Sadio Mane, Virgil Van Dijk, Trent Alexander-Arnold<\/strong>\u00a0i\u00a0<strong>Andrew Robertson<\/strong>\u00a0utakmicu zapo\u010deli na klupi.<br><br>U odnosu na lisabonski ogled Klopp je ostavio u sastavu samo \u010detiri igra\u010da (<strong>Alisson Becker, Konate, Keita, Luis D\u00edaz<\/strong>), dok je njegov kolega na suparni\u010dkoj strani\u00a0<strong>Nelson Ver\u00edssimo<\/strong>\u00a0napravio samo jednu zamjenu, zbog ozljede je otpao\u00a0<strong>Rafa Silva<\/strong>, a priliku je dobio\u00a0<strong>Diogo Goncalves<\/strong>.<\/p>\n\n\n\n<blockquote class=\"twitter-tweet\"><p lang=\"en\" dir=\"ltr\">GET IN \u270a\ud83d\udd34<a href=\"https:\/\/twitter.com\/hashtag\/UCL?src=hash&amp;ref_src=twsrc%5Etfw\">#UCL<\/a> <a href=\"https:\/\/t.co\/s3nejRR4cA\">pic.twitter.com\/s3nejRR4cA<\/a><\/p>&mdash; Liverpool FC (@LFC) <a href=\"https:\/\/twitter.com\/LFC\/status\/1514346596703559682?ref_src=twsrc%5Etfw\">April 13, 2022<\/a><\/blockquote> <script async src=\"https:\/\/platform.twitter.com\/widgets.js\" charset=\"utf-8\"><\/script>\n\n\n\n<p>Benfica je svoj europski put ove sezone zapo\u010dela u tre\u0107em pretkolu Lige prvaka, a niti jedna druga mom\u010dad koja je nastupila u toj fazi nije stigla do osmine finala, a kamoli do \u010detvrtfinala. No, vi\u0161e od \u010detvrtfinala nije i\u0161lo, Liverpool je bio previsoka prepreka pa Benfica od 1990. godina i dalje \u010deka plasan u polufinale.<br><br>S druge strane Liverpool je tre\u0107i put u posljednjih pet sezone stigao do polufinala. U sezoni 2017\/18. pora\u017eeni su u finalu, a godinu dana kasnije osvojili su posljednju od pet titula europskog prvaka.<br><br>Prvo pravo uzbu\u0111enje vidjeli smo u 21. minuti i bio je to odmah pogodak.<strong>&nbsp;Kostas Tsimikas<\/strong>&nbsp;je ubacio iz kornera, a&nbsp;<strong>Ibrahima Konate<\/strong>&nbsp;zabio za 1:0 doma\u0107ina. Zanimljivo, Konate je i u prvoj utakmici protiv Benfice zabio prvi pogodak.<\/p>\n\n\n\n<p>Samo dvije minute kasnije gosti su zabili za 1:1, no<strong>\u00a0Darwin Nunez<\/strong>\u00a0je bio u zale\u0111u. U 28. minuti je zaprijetio Diaz, no gostuju\u0107i vratar\u00a0<strong>Odysseas Vlachomidos<\/strong>\u00a0je nekako i\u0161\u010dupao tu loptu iz gola.<br><br>Tra\u010dak nade gostima pojavio se u 32. minuti kada je\u00a0<strong>Goncalo Ramos\u00a0<\/strong>izjedna\u010dio na 1:1. Goncalves je uputio loptu u prostor do\u00a0<strong>Ramosa\u00a0<\/strong>koji je izbio ispred Alissona i sjajno pogodio bli\u017ei kut.<br><br>U 39. minuti Liverpool je mogao vratiti prednost, no\u00a0<strong>Firmino\u00a0<\/strong>je u situaciji u kojoj je mogao pucat, poku\u0161ao uposliti Diaza, no dodavanje je bilo lo\u0161e. Liverpool je u prvih 45 minuta bio daleko bolja mom\u010dad i bilo je pravo \u010dudo \u0161to nije postigao barem jo\u0161 jedan pogodak.<br><br>Korak bli\u017ee plasmanu u polufinale Liverpool je napravio u 55. minuti kada je Roberto Firmino na asistenciju\u00a0<strong>Dioga Jote<\/strong>\u00a0zabio za 2:1. Deset minuta kasnije Brazilac je zabio i svoj drugi gol na utakmici, na novu asistenciju\u00a0<strong>Tsimikasa<\/strong>.<br><br>Gosti su do kraja susret uspjeli izjedna\u010diti, ali za vi\u0161e nije bilo niti vremena niti snage.\u00a0<strong>Roman Jarem\u010duk<\/strong>\u00a0je u 73. minuti pogodio za 3:2. Ukrajinski napada\u010d je dobio loptu u prostor, obi\u0161ao Alissona i zabio. Gosti su u 82. minuti uspjeli izjedna\u010diti na 3:3 golom\u00a0<strong>Darwina Nuneza<\/strong>, no u tim trenucima portugalskom sastavu su nedostajala jo\u0161 dva gola kako bi nadoknadili poraz iz prve utakmice.<\/p>\n\n\n\n<figure class=\"wp-block-embed is-type-wp-embed is-provider-radio-ljubuski wp-block-embed-radio-ljubuski\"><div class=\"wp-block-embed__wrapper\">\n<blockquote class=\"wp-embedded-content\" data-secret=\"Gc6b8EeG0A\"><a href=\"https:\/\/radioljubuski.ba\/index.php\/2022\/04\/13\/manchester-city-izbacio-atletico-luda-zavrsnica-u-madridu\/\">Manchester City izbacio Atletico, luda zavr\u0161nica u Madridu!<\/a><\/blockquote><iframe loading=\"lazy\" class=\"wp-embedded-content\" sandbox=\"allow-scripts\" security=\"restricted\" style=\"position: absolute; clip: rect(1px, 1px, 1px, 1px);\" title=\"&#8220;Manchester City izbacio Atletico, luda zavr\u0161nica u Madridu!&#8221; &#8212;   RADIO LJUBU\u0160KI\" src=\"https:\/\/radioljubuski.ba\/index.php\/2022\/04\/13\/manchester-city-izbacio-atletico-luda-zavrsnica-u-madridu\/embed\/#?secret=Wf7d7dbjud#?secret=Gc6b8EeG0A\" data-secret=\"Gc6b8EeG0A\" width=\"600\" height=\"338\" frameborder=\"0\" marginwidth=\"0\" marginheight=\"0\" scrolling=\"no\"><\/iframe>\n<\/div><\/figure>\n\n\n\n<p>Izvor:hrt.hr<\/p>\n","protected":false},"excerpt":{"rendered":"<p>Tre\u0107i put u posljednjih pet sezona nogometa\u0161i Liverpoola su izborili plasman u polufinale Lige prvaka, dok Benfica jo\u0161 od 1990. \u010deka plasman me\u0111u \u010detiri najbolje mom\u010dadi Starog kontinenta. Redsi su plasman u polufinale izborili nakon \u0161to su u prvom susretu u Lisabonu slavili sa 3:1, a potom na Anfieldu odigrali 3:3. Liverpool u polufinalu \u010deka [&hellip;]<\/p>\n","protected":false},"author":2,"featured_media":132252,"comment_status":"closed","ping_status":"closed","sticky":false,"template":"","format":"standard","meta":{"h5ap_radio_sources":[],"footnotes":""},"categories":[7],"tags":[],"class_list":["post-132251","post","type-post","status-publish","format-standard","has-post-thumbnail","hentry","category-sport"],"yoast_head":"<!-- This site is optimized with the Yoast SEO plugin v27.5 - https:\/\/yoast.com\/product\/yoast-seo-wordpress\/ -->\n<title>Liverpool u polufinalu Lige prvaka, golijada na Anfieldu - RADIO LJUBU\u0160KI<\/title>\n<meta name=\"robots\" content=\"index, follow, max-snippet:-1, max-image-preview:large, max-video-preview:-1\" \/>\n<link rel=\"canonical\" href=\"https:\/\/radioljubuski.ba\/index.php\/2022\/04\/14\/liverpool-u-polufinalu-lige-prvaka-golijada-na-anfieldu\/\" \/>\n<meta property=\"og:locale\" content=\"hr_HR\" \/>\n<meta property=\"og:type\" content=\"article\" \/>\n<meta property=\"og:title\" content=\"Liverpool u polufinalu Lige prvaka, golijada na Anfieldu - RADIO LJUBU\u0160KI\" \/>\n<meta property=\"og:description\" content=\"Tre\u0107i put u posljednjih pet sezona nogometa\u0161i Liverpoola su izborili plasman u polufinale Lige prvaka, dok Benfica jo\u0161 od 1990. \u010deka plasman me\u0111u \u010detiri najbolje mom\u010dadi Starog kontinenta. Redsi su plasman u polufinale izborili nakon \u0161to su u prvom susretu u Lisabonu slavili sa 3:1, a potom na Anfieldu odigrali 3:3. Liverpool u polufinalu \u010deka [&hellip;]\" \/>\n<meta property=\"og:url\" content=\"https:\/\/radioljubuski.ba\/index.php\/2022\/04\/14\/liverpool-u-polufinalu-lige-prvaka-golijada-na-anfieldu\/\" \/>\n<meta property=\"og:site_name\" content=\"RADIO LJUBU\u0160KI\" \/>\n<meta property=\"article:publisher\" content=\"https:\/\/www.facebook.com\/Radiio-Ljubuski-1490835324566332\" \/>\n<meta property=\"article:published_time\" content=\"2022-04-13T23:00:06+00:00\" \/>\n<meta property=\"article:modified_time\" content=\"2022-04-13T23:00:08+00:00\" \/>\n<meta property=\"og:image\" content=\"https:\/\/radioljubuski.ba\/wp-content\/uploads\/2022\/04\/740x438-liverpool-benfica4-20220413203028.jpg\" \/>\n\t<meta property=\"og:image:width\" content=\"740\" \/>\n\t<meta property=\"og:image:height\" content=\"438\" \/>\n\t<meta property=\"og:image:type\" content=\"image\/jpeg\" \/>\n<meta name=\"author\" content=\"Radio Ljubu\u0161ki\" \/>\n<meta name=\"twitter:card\" content=\"summary_large_image\" \/>\n<meta name=\"twitter:creator\" content=\"@radioljubuski\" \/>\n<meta name=\"twitter:site\" content=\"@radioljubuski\" \/>\n<meta name=\"twitter:label1\" content=\"Napisao\/la\" \/>\n\t<meta name=\"twitter:data1\" content=\"Radio Ljubu\u0161ki\" \/>\n\t<meta name=\"twitter:label2\" content=\"Procijenjeno vrijeme \u010ditanja\" \/>\n\t<meta name=\"twitter:data2\" content=\"3 minute\" \/>\n<script type=\"application\/ld+json\" class=\"yoast-schema-graph\">{\"@context\":\"https:\\\/\\\/schema.org\",\"@graph\":[{\"@type\":\"Article\",\"@id\":\"https:\\\/\\\/radioljubuski.ba\\\/index.php\\\/2022\\\/04\\\/14\\\/liverpool-u-polufinalu-lige-prvaka-golijada-na-anfieldu\\\/#article\",\"isPartOf\":{\"@id\":\"https:\\\/\\\/radioljubuski.ba\\\/index.php\\\/2022\\\/04\\\/14\\\/liverpool-u-polufinalu-lige-prvaka-golijada-na-anfieldu\\\/\"},\"author\":{\"name\":\"Radio Ljubu\u0161ki\",\"@id\":\"https:\\\/\\\/radioljubuski.ba\\\/#\\\/schema\\\/person\\\/19fc700381a780f69665d7956c469e3b\"},\"headline\":\"Liverpool u polufinalu Lige prvaka, golijada na Anfieldu\",\"datePublished\":\"2022-04-13T23:00:06+00:00\",\"dateModified\":\"2022-04-13T23:00:08+00:00\",\"mainEntityOfPage\":{\"@id\":\"https:\\\/\\\/radioljubuski.ba\\\/index.php\\\/2022\\\/04\\\/14\\\/liverpool-u-polufinalu-lige-prvaka-golijada-na-anfieldu\\\/\"},\"wordCount\":577,\"publisher\":{\"@id\":\"https:\\\/\\\/radioljubuski.ba\\\/#organization\"},\"image\":{\"@id\":\"https:\\\/\\\/radioljubuski.ba\\\/index.php\\\/2022\\\/04\\\/14\\\/liverpool-u-polufinalu-lige-prvaka-golijada-na-anfieldu\\\/#primaryimage\"},\"thumbnailUrl\":\"https:\\\/\\\/radioljubuski.ba\\\/wp-content\\\/uploads\\\/2022\\\/04\\\/740x438-liverpool-benfica4-20220413203028.jpg\",\"articleSection\":[\"\u0160port\"],\"inLanguage\":\"hr\"},{\"@type\":\"WebPage\",\"@id\":\"https:\\\/\\\/radioljubuski.ba\\\/index.php\\\/2022\\\/04\\\/14\\\/liverpool-u-polufinalu-lige-prvaka-golijada-na-anfieldu\\\/\",\"url\":\"https:\\\/\\\/radioljubuski.ba\\\/index.php\\\/2022\\\/04\\\/14\\\/liverpool-u-polufinalu-lige-prvaka-golijada-na-anfieldu\\\/\",\"name\":\"Liverpool u polufinalu Lige prvaka, golijada na Anfieldu - RADIO LJUBU\u0160KI\",\"isPartOf\":{\"@id\":\"https:\\\/\\\/radioljubuski.ba\\\/#website\"},\"primaryImageOfPage\":{\"@id\":\"https:\\\/\\\/radioljubuski.ba\\\/index.php\\\/2022\\\/04\\\/14\\\/liverpool-u-polufinalu-lige-prvaka-golijada-na-anfieldu\\\/#primaryimage\"},\"image\":{\"@id\":\"https:\\\/\\\/radioljubuski.ba\\\/index.php\\\/2022\\\/04\\\/14\\\/liverpool-u-polufinalu-lige-prvaka-golijada-na-anfieldu\\\/#primaryimage\"},\"thumbnailUrl\":\"https:\\\/\\\/radioljubuski.ba\\\/wp-content\\\/uploads\\\/2022\\\/04\\\/740x438-liverpool-benfica4-20220413203028.jpg\",\"datePublished\":\"2022-04-13T23:00:06+00:00\",\"dateModified\":\"2022-04-13T23:00:08+00:00\",\"breadcrumb\":{\"@id\":\"https:\\\/\\\/radioljubuski.ba\\\/index.php\\\/2022\\\/04\\\/14\\\/liverpool-u-polufinalu-lige-prvaka-golijada-na-anfieldu\\\/#breadcrumb\"},\"inLanguage\":\"hr\",\"potentialAction\":[{\"@type\":\"ReadAction\",\"target\":[\"https:\\\/\\\/radioljubuski.ba\\\/index.php\\\/2022\\\/04\\\/14\\\/liverpool-u-polufinalu-lige-prvaka-golijada-na-anfieldu\\\/\"]}]},{\"@type\":\"ImageObject\",\"inLanguage\":\"hr\",\"@id\":\"https:\\\/\\\/radioljubuski.ba\\\/index.php\\\/2022\\\/04\\\/14\\\/liverpool-u-polufinalu-lige-prvaka-golijada-na-anfieldu\\\/#primaryimage\",\"url\":\"https:\\\/\\\/radioljubuski.ba\\\/wp-content\\\/uploads\\\/2022\\\/04\\\/740x438-liverpool-benfica4-20220413203028.jpg\",\"contentUrl\":\"https:\\\/\\\/radioljubuski.ba\\\/wp-content\\\/uploads\\\/2022\\\/04\\\/740x438-liverpool-benfica4-20220413203028.jpg\",\"width\":740,\"height\":438},{\"@type\":\"BreadcrumbList\",\"@id\":\"https:\\\/\\\/radioljubuski.ba\\\/index.php\\\/2022\\\/04\\\/14\\\/liverpool-u-polufinalu-lige-prvaka-golijada-na-anfieldu\\\/#breadcrumb\",\"itemListElement\":[{\"@type\":\"ListItem\",\"position\":1,\"name\":\"Po\u010detna stranica\",\"item\":\"https:\\\/\\\/radioljubuski.ba\\\/\"},{\"@type\":\"ListItem\",\"position\":2,\"name\":\"Liverpool u polufinalu Lige prvaka, golijada na Anfieldu\"}]},{\"@type\":\"WebSite\",\"@id\":\"https:\\\/\\\/radioljubuski.ba\\\/#website\",\"url\":\"https:\\\/\\\/radioljubuski.ba\\\/\",\"name\":\"Radio Ljubu\u0161ki\",\"description\":\"Sun\u010dana frekvencija Hercegovine\",\"publisher\":{\"@id\":\"https:\\\/\\\/radioljubuski.ba\\\/#organization\"},\"potentialAction\":[{\"@type\":\"SearchAction\",\"target\":{\"@type\":\"EntryPoint\",\"urlTemplate\":\"https:\\\/\\\/radioljubuski.ba\\\/?s={search_term_string}\"},\"query-input\":{\"@type\":\"PropertyValueSpecification\",\"valueRequired\":true,\"valueName\":\"search_term_string\"}}],\"inLanguage\":\"hr\"},{\"@type\":\"Organization\",\"@id\":\"https:\\\/\\\/radioljubuski.ba\\\/#organization\",\"name\":\"Radio Ljubu\u0161ki\",\"url\":\"https:\\\/\\\/radioljubuski.ba\\\/\",\"logo\":{\"@type\":\"ImageObject\",\"inLanguage\":\"hr\",\"@id\":\"https:\\\/\\\/radioljubuski.ba\\\/#\\\/schema\\\/logo\\\/image\\\/\",\"url\":\"https:\\\/\\\/radioljubuski.ba\\\/wp-content\\\/uploads\\\/2021\\\/02\\\/cropped-Radio_Ljubuski_logo1.jpg\",\"contentUrl\":\"https:\\\/\\\/radioljubuski.ba\\\/wp-content\\\/uploads\\\/2021\\\/02\\\/cropped-Radio_Ljubuski_logo1.jpg\",\"width\":512,\"height\":512,\"caption\":\"Radio Ljubu\u0161ki\"},\"image\":{\"@id\":\"https:\\\/\\\/radioljubuski.ba\\\/#\\\/schema\\\/logo\\\/image\\\/\"},\"sameAs\":[\"https:\\\/\\\/www.facebook.com\\\/Radiio-Ljubuski-1490835324566332\",\"https:\\\/\\\/x.com\\\/radioljubuski\",\"https:\\\/\\\/hr.linkedin.com\\\/company\\\/radio-ljubuski\",\"https:\\\/\\\/www.youtube.com\\\/channel\\\/UCHYaeO_n0Db3tjNGudGpXyw\"]},{\"@type\":\"Person\",\"@id\":\"https:\\\/\\\/radioljubuski.ba\\\/#\\\/schema\\\/person\\\/19fc700381a780f69665d7956c469e3b\",\"name\":\"Radio Ljubu\u0161ki\"}]}<\/script>\n<!-- \/ Yoast SEO plugin. -->","yoast_head_json":{"title":"Liverpool u polufinalu Lige prvaka, golijada na Anfieldu - RADIO LJUBU\u0160KI","robots":{"index":"index","follow":"follow","max-snippet":"max-snippet:-1","max-image-preview":"max-image-preview:large","max-video-preview":"max-video-preview:-1"},"canonical":"https:\/\/radioljubuski.ba\/index.php\/2022\/04\/14\/liverpool-u-polufinalu-lige-prvaka-golijada-na-anfieldu\/","og_locale":"hr_HR","og_type":"article","og_title":"Liverpool u polufinalu Lige prvaka, golijada na Anfieldu - RADIO LJUBU\u0160KI","og_description":"Tre\u0107i put u posljednjih pet sezona nogometa\u0161i Liverpoola su izborili plasman u polufinale Lige prvaka, dok Benfica jo\u0161 od 1990. \u010deka plasman me\u0111u \u010detiri najbolje mom\u010dadi Starog kontinenta. Redsi su plasman u polufinale izborili nakon \u0161to su u prvom susretu u Lisabonu slavili sa 3:1, a potom na Anfieldu odigrali 3:3. Liverpool u polufinalu \u010deka [&hellip;]","og_url":"https:\/\/radioljubuski.ba\/index.php\/2022\/04\/14\/liverpool-u-polufinalu-lige-prvaka-golijada-na-anfieldu\/","og_site_name":"RADIO LJUBU\u0160KI","article_publisher":"https:\/\/www.facebook.com\/Radiio-Ljubuski-1490835324566332","article_published_time":"2022-04-13T23:00:06+00:00","article_modified_time":"2022-04-13T23:00:08+00:00","og_image":[{"width":740,"height":438,"url":"https:\/\/radioljubuski.ba\/wp-content\/uploads\/2022\/04\/740x438-liverpool-benfica4-20220413203028.jpg","type":"image\/jpeg"}],"author":"Radio Ljubu\u0161ki","twitter_card":"summary_large_image","twitter_creator":"@radioljubuski","twitter_site":"@radioljubuski","twitter_misc":{"Napisao\/la":"Radio Ljubu\u0161ki","Procijenjeno vrijeme \u010ditanja":"3 minute"},"schema":{"@context":"https:\/\/schema.org","@graph":[{"@type":"Article","@id":"https:\/\/radioljubuski.ba\/index.php\/2022\/04\/14\/liverpool-u-polufinalu-lige-prvaka-golijada-na-anfieldu\/#article","isPartOf":{"@id":"https:\/\/radioljubuski.ba\/index.php\/2022\/04\/14\/liverpool-u-polufinalu-lige-prvaka-golijada-na-anfieldu\/"},"author":{"name":"Radio Ljubu\u0161ki","@id":"https:\/\/radioljubuski.ba\/#\/schema\/person\/19fc700381a780f69665d7956c469e3b"},"headline":"Liverpool u polufinalu Lige prvaka, golijada na Anfieldu","datePublished":"2022-04-13T23:00:06+00:00","dateModified":"2022-04-13T23:00:08+00:00","mainEntityOfPage":{"@id":"https:\/\/radioljubuski.ba\/index.php\/2022\/04\/14\/liverpool-u-polufinalu-lige-prvaka-golijada-na-anfieldu\/"},"wordCount":577,"publisher":{"@id":"https:\/\/radioljubuski.ba\/#organization"},"image":{"@id":"https:\/\/radioljubuski.ba\/index.php\/2022\/04\/14\/liverpool-u-polufinalu-lige-prvaka-golijada-na-anfieldu\/#primaryimage"},"thumbnailUrl":"https:\/\/radioljubuski.ba\/wp-content\/uploads\/2022\/04\/740x438-liverpool-benfica4-20220413203028.jpg","articleSection":["\u0160port"],"inLanguage":"hr"},{"@type":"WebPage","@id":"https:\/\/radioljubuski.ba\/index.php\/2022\/04\/14\/liverpool-u-polufinalu-lige-prvaka-golijada-na-anfieldu\/","url":"https:\/\/radioljubuski.ba\/index.php\/2022\/04\/14\/liverpool-u-polufinalu-lige-prvaka-golijada-na-anfieldu\/","name":"Liverpool u polufinalu Lige prvaka, golijada na Anfieldu - RADIO LJUBU\u0160KI","isPartOf":{"@id":"https:\/\/radioljubuski.ba\/#website"},"primaryImageOfPage":{"@id":"https:\/\/radioljubuski.ba\/index.php\/2022\/04\/14\/liverpool-u-polufinalu-lige-prvaka-golijada-na-anfieldu\/#primaryimage"},"image":{"@id":"https:\/\/radioljubuski.ba\/index.php\/2022\/04\/14\/liverpool-u-polufinalu-lige-prvaka-golijada-na-anfieldu\/#primaryimage"},"thumbnailUrl":"https:\/\/radioljubuski.ba\/wp-content\/uploads\/2022\/04\/740x438-liverpool-benfica4-20220413203028.jpg","datePublished":"2022-04-13T23:00:06+00:00","dateModified":"2022-04-13T23:00:08+00:00","breadcrumb":{"@id":"https:\/\/radioljubuski.ba\/index.php\/2022\/04\/14\/liverpool-u-polufinalu-lige-prvaka-golijada-na-anfieldu\/#breadcrumb"},"inLanguage":"hr","potentialAction":[{"@type":"ReadAction","target":["https:\/\/radioljubuski.ba\/index.php\/2022\/04\/14\/liverpool-u-polufinalu-lige-prvaka-golijada-na-anfieldu\/"]}]},{"@type":"ImageObject","inLanguage":"hr","@id":"https:\/\/radioljubuski.ba\/index.php\/2022\/04\/14\/liverpool-u-polufinalu-lige-prvaka-golijada-na-anfieldu\/#primaryimage","url":"https:\/\/radioljubuski.ba\/wp-content\/uploads\/2022\/04\/740x438-liverpool-benfica4-20220413203028.jpg","contentUrl":"https:\/\/radioljubuski.ba\/wp-content\/uploads\/2022\/04\/740x438-liverpool-benfica4-20220413203028.jpg","width":740,"height":438},{"@type":"BreadcrumbList","@id":"https:\/\/radioljubuski.ba\/index.php\/2022\/04\/14\/liverpool-u-polufinalu-lige-prvaka-golijada-na-anfieldu\/#breadcrumb","itemListElement":[{"@type":"ListItem","position":1,"name":"Po\u010detna stranica","item":"https:\/\/radioljubuski.ba\/"},{"@type":"ListItem","position":2,"name":"Liverpool u polufinalu Lige prvaka, golijada na Anfieldu"}]},{"@type":"WebSite","@id":"https:\/\/radioljubuski.ba\/#website","url":"https:\/\/radioljubuski.ba\/","name":"Radio Ljubu\u0161ki","description":"Sun\u010dana frekvencija Hercegovine","publisher":{"@id":"https:\/\/radioljubuski.ba\/#organization"},"potentialAction":[{"@type":"SearchAction","target":{"@type":"EntryPoint","urlTemplate":"https:\/\/radioljubuski.ba\/?s={search_term_string}"},"query-input":{"@type":"PropertyValueSpecification","valueRequired":true,"valueName":"search_term_string"}}],"inLanguage":"hr"},{"@type":"Organization","@id":"https:\/\/radioljubuski.ba\/#organization","name":"Radio Ljubu\u0161ki","url":"https:\/\/radioljubuski.ba\/","logo":{"@type":"ImageObject","inLanguage":"hr","@id":"https:\/\/radioljubuski.ba\/#\/schema\/logo\/image\/","url":"https:\/\/radioljubuski.ba\/wp-content\/uploads\/2021\/02\/cropped-Radio_Ljubuski_logo1.jpg","contentUrl":"https:\/\/radioljubuski.ba\/wp-content\/uploads\/2021\/02\/cropped-Radio_Ljubuski_logo1.jpg","width":512,"height":512,"caption":"Radio Ljubu\u0161ki"},"image":{"@id":"https:\/\/radioljubuski.ba\/#\/schema\/logo\/image\/"},"sameAs":["https:\/\/www.facebook.com\/Radiio-Ljubuski-1490835324566332","https:\/\/x.com\/radioljubuski","https:\/\/hr.linkedin.com\/company\/radio-ljubuski","https:\/\/www.youtube.com\/channel\/UCHYaeO_n0Db3tjNGudGpXyw"]},{"@type":"Person","@id":"https:\/\/radioljubuski.ba\/#\/schema\/person\/19fc700381a780f69665d7956c469e3b","name":"Radio Ljubu\u0161ki"}]}},"_links":{"self":[{"href":"https:\/\/radioljubuski.ba\/index.php\/wp-json\/wp\/v2\/posts\/132251","targetHints":{"allow":["GET"]}}],"collection":[{"href":"https:\/\/radioljubuski.ba\/index.php\/wp-json\/wp\/v2\/posts"}],"about":[{"href":"https:\/\/radioljubuski.ba\/index.php\/wp-json\/wp\/v2\/types\/post"}],"author":[{"embeddable":true,"href":"https:\/\/radioljubuski.ba\/index.php\/wp-json\/wp\/v2\/users\/2"}],"replies":[{"embeddable":true,"href":"https:\/\/radioljubuski.ba\/index.php\/wp-json\/wp\/v2\/comments?post=132251"}],"version-history":[{"count":1,"href":"https:\/\/radioljubuski.ba\/index.php\/wp-json\/wp\/v2\/posts\/132251\/revisions"}],"predecessor-version":[{"id":132253,"href":"https:\/\/radioljubuski.ba\/index.php\/wp-json\/wp\/v2\/posts\/132251\/revisions\/132253"}],"wp:featuredmedia":[{"embeddable":true,"href":"https:\/\/radioljubuski.ba\/index.php\/wp-json\/wp\/v2\/media\/132252"}],"wp:attachment":[{"href":"https:\/\/radioljubuski.ba\/index.php\/wp-json\/wp\/v2\/media?parent=132251"}],"wp:term":[{"taxonomy":"category","embeddable":true,"href":"https:\/\/radioljubuski.ba\/index.php\/wp-json\/wp\/v2\/categories?post=132251"},{"taxonomy":"post_tag","embeddable":true,"href":"https:\/\/radioljubuski.ba\/index.php\/wp-json\/wp\/v2\/tags?post=132251"}],"curies":[{"name":"wp","href":"https:\/\/api.w.org\/{rel}","templated":true}]}}